{"id":71244,"date":"2023-12-11T17:24:08","date_gmt":"2023-12-11T17:24:08","guid":{"rendered":"https:\/\/www.africa-press.net\/cotedivoire\/politique\/filiere-heveicole-creation-dune-academie-des-metiers-de-lhevea-pour-une-meilleure-formation-des-acteurs-du-secteur"},"modified":"2023-12-11T17:43:44","modified_gmt":"2023-12-11T17:43:44","slug":"filiere-heveicole-creation-dune-academie-des-metiers-de-lhevea-pour-une-meilleure-formation-des-acteurs-du-secteur","status":"publish","type":"post","link":"https:\/\/www.africa-press.net\/cotedivoire\/economie\/filiere-heveicole-creation-dune-academie-des-metiers-de-lhevea-pour-une-meilleure-formation-des-acteurs-du-secteur","title":{"rendered":"Fili\u00e8re h\u00e9v\u00e9icole, cr\u00e9ation d&rsquo;une Acad\u00e9mie des M\u00e9tiers de l&rsquo;H\u00e9v\u00e9a pour une meilleure formation des acteurs du secteur"},"content":{"rendered":"<p><span style=\"color: #ff6600\"><strong>Africa-Press &#8211; C\u00f4te d&rsquo;Ivoire. <\/strong><\/span>Les producteurs et les transformateurs de caoutchouc naturel de Co\u0302te d&rsquo;Ivoire l&rsquo;ont re\u0302ve\u0301 depuis des anne\u0301es. Il est de\u0301sormais une re\u0301alite\u0301. Le projet de l\u2019Acade\u0301mie des Me\u0301tiers de l\u2019He\u0301ve\u0301a vient de voir le jour.<\/p>\n<p>Dans le cadre de la ce\u0301re\u0301monie de remise officielle du Certificat foncier collectif de l\u2019APROMAC portant sur 236 hectares a\u0300 Taabo, le Pre\u0301sident du Conseil d&rsquo;Administration de l\u2019APROMAC, Charles-Emmanuel Yace\u0301, a rappele\u0301 que l\u2019initiative vient de ses devanciers.<\/p>\n<p>\u00ab Avant tout, il est ne\u0301cessaire de savoir que ce projet a e\u0301te\u0301 initie\u0301 par le Pre\u0301sident KOFFY Fulgence. Il a travaille\u0301 sur ce dossier avec le Secre\u0301taire Ge\u0301ne\u0301ral ATTOBRA qui a eu l\u2019occasion de faire plusieurs missions de travail. Lorsque le Pre\u0301sident KREMIEN a succe\u0301de\u0301 au Pre\u0301sident Koffy a\u0300 la te\u0302te de l&rsquo;APROMAC, il a imme\u0301diatement repris en mains ce dossier avec le Secre\u0301taire exe\u0301cutif de l\u2019e\u0301poque feu Auguste Kouassi. Ils ont travaille\u0301 fortement sur ce dossier. Et, ensuite, avec le Secre\u0301taire exe\u0301cutif Konan Albert. C\u2019est en ce moment que le terrain a e\u0301te\u0301 trouve\u0301. Je faisais partie de toutes les missions. Lorsque je suis devenu Pre\u0301sident de l\u2019APROMAC, en de\u0301cembre 2022, avec le Secre\u0301taire exe\u0301cutif Kouame\u0301 Moro Paco\u0302me, nous avons imme\u0301diatement repris en mains ce projet \u00bb, a-t-il rappele\u0301 l\u2019histoire de la cre\u0301ation de l\u2019initiative de l\u2019Acade\u0301mie des Me\u0301tiers.<\/p>\n<p>A\u0300 en croire le Pre\u0301sident Charles-Emmanuel Yace\u0301, qui avait a\u0300 ses co\u0302te\u0301s ses deux Vice-Pre\u0301sidents, Michel Koblavi-Dibi et Lamine Sanogo, respectivement Pre\u0301sident de la Fe\u0301de\u0301ration des organisations professionnelles agricoles de Producteurs de la Filie\u0300re He\u0301ve\u0301a de Co\u0302te d&rsquo;Ivoire (FPH-CI) et Pre\u0301sident de l&rsquo;Association des Usiniers Producteurs de Caoutchouc Naturel (AUPCN), \u00ab il s&rsquo;agit de l&rsquo;Acade\u0301mie des Me\u0301tiers de lHe\u0301ve\u0301a qui sera une e\u0301cole internationale qui va former les acteurs de la Filie\u0300re He\u0301ve\u0301a jusqu\u2019a\u0300 la deuxie\u0300me transformation \u00bb.<\/p>\n<p>Selon le Pre\u0301sident de l&rsquo;APROMAC, l&rsquo;obtention du Certificat foncier est \u00ab une victoire commune \u00bb d&rsquo;une de\u0301marche lance\u0301e par ses devanciers appuye\u0301s par le corps pre\u0301fectoral, les autorite\u0301s coutumie\u0300res et les personnalite\u0301s du milieu agricole, sans oublier les contributions de tous les Administrateurs et la mobilisation du Secre\u0301taire exe\u0301cutif et du personnel de l&rsquo;APROMAC.<\/p>\n<p>Pour le repre\u0301sentant du Pre\u0301fet de Taabo, pre\u0301sident de ladite ce\u0301re\u0301monie de remise officielle du Certificat foncier, l&rsquo;APROMAC marque un coup en tant que fai\u0302tie\u0300re de la Filie\u0300re He\u0301ve\u0301a. En effet, en remettant le parchemin, Djibril Traore\u0301, par ailleurs Secre\u0301taire Ge\u0301ne\u0301ral de la Pre\u0301fecture de Pacobo (Taabo), a fait remarquer que \u00ab l&rsquo;APROMAC donne un signal fort a\u0300 tous les producteurs et transformateurs parce que le Certificat est un document certifie\u0301 qui fait de l&rsquo;APROMAC un proprie\u0301taire \u00bb. Il a rassure\u0301 le Pre\u0301sident de l&rsquo;APROMAC quant a\u0300 la re\u0301gularite\u0301 de la proprie\u0301te\u0301 du Certificat foncier collectif de l\u2019APROMAC \u00ab de\u0301livre\u0301 dans le respect des conditions le\u0301gales et re\u0301glementaires pre\u0301vues et vous n&rsquo;avez aucun souci a\u0300 vous faire \u00bb.<\/p>\n<p>Cre\u0301e\u0301e en octobre 1975, l&rsquo;APROMAC a e\u0301te\u0301 de\u0301signe\u0301e Organisation Interprofessionnelle Agricole (OIA) de la Filie\u0300re He\u0301ve\u0301a par de\u0301cret N\u00b0276 du 26 fe\u0301vrier 2020. Elle est compose\u0301e de deux Colle\u0300ges, notamment le Colle\u0300ge des Producteurs et le Colle\u0300ge des Transformateurs.<\/p>\n\r\n                <style type=\"text\/css\">\r\n                    \r\n                    #td_uid_1_69f5cfbe8457f  .td-doubleSlider-2 .td-item1 {\r\n                        background: url(https:\/\/static.africa-press.net\/cote\/sites\/43\/2023\/12\/sm_1702303934.1708-80x60.jpg) 0 0 no-repeat;\r\n                    }\r\n                    #td_uid_1_69f5cfbe8457f  .td-doubleSlider-2 .td-item2 {\r\n                        background: url(https:\/\/static.africa-press.net\/cote\/sites\/43\/2023\/12\/sm_1702303958.584987-80x60.jpg) 0 0 no-repeat;\r\n                    }\r\n                <\/style>\r\n\r\n                <div id=\"td_uid_1_69f5cfbe8457f\" class=\"td-gallery td-slide-on-2-columns\">\r\n                    <div class=\"post_td_gallery\">\r\n                        <div class=\"td-gallery-slide-top\">\r\n                           <div class=\"td-gallery-title\"><\/div>\r\n\r\n                            <div class=\"td-gallery-controls-wrapper\">\r\n                                <div class=\"td-gallery-slide-count\"><span class=\"td-gallery-slide-item-focus\">1<\/span> de 2<\/div>\r\n                                <div class=\"td-gallery-slide-prev-next-but\">\r\n                                    <i class = \"td-icon-left doubleSliderPrevButton\"><\/i>\r\n                                    <i class = \"td-icon-right doubleSliderNextButton\"><\/i>\r\n                                <\/div>\r\n                            <\/div>\r\n                        <\/div>\r\n\r\n                        <div class = \"td-doubleSlider-1 \">\r\n                            <div class = \"td-slider\">\r\n                                \r\n                    <div class = \"td-slide-item td-item1\">\r\n                        <figure class=\"td-slide-galery-figure td-slide-popup-gallery\">\r\n                            <a class=\"slide-gallery-image-link\" href=\"https:\/\/static.africa-press.net\/cote\/sites\/43\/2023\/12\/sm_1702303934.1708.jpg\" title=\"sm_1702303934.1708\"  data-caption=\"\"  data-description=\"\">\r\n                                <img decoding=\"async\" src=\"https:\/\/static.africa-press.net\/cote\/sites\/43\/2023\/12\/sm_1702303934.1708.jpg\" srcset=\"https:\/\/static.africa-press.net\/cote\/sites\/43\/2023\/12\/sm_1702303934.1708.jpg 1000w, https:\/\/static.africa-press.net\/cote\/sites\/43\/2023\/12\/sm_1702303934.1708-300x200.jpg 300w, https:\/\/static.africa-press.net\/cote\/sites\/43\/2023\/12\/sm_1702303934.1708-768x512.jpg 768w\" sizes=\"(max-width: 1000px) 100vw, 1000px\" alt=\"\">\r\n                            <\/a>\r\n                            \r\n                        <\/figure>\r\n                    <\/div>\r\n                    <div class = \"td-slide-item td-item2\">\r\n                        <figure class=\"td-slide-galery-figure td-slide-popup-gallery\">\r\n                            <a class=\"slide-gallery-image-link\" href=\"https:\/\/static.africa-press.net\/cote\/sites\/43\/2023\/12\/sm_1702303958.584987.jpg\" title=\"sm_1702303958.584987\"  data-caption=\"\"  data-description=\"\">\r\n                                <img decoding=\"async\" src=\"https:\/\/static.africa-press.net\/cote\/sites\/43\/2023\/12\/sm_1702303958.584987.jpg\" srcset=\"https:\/\/static.africa-press.net\/cote\/sites\/43\/2023\/12\/sm_1702303958.584987.jpg 1000w, https:\/\/static.africa-press.net\/cote\/sites\/43\/2023\/12\/sm_1702303958.584987-300x200.jpg 300w, https:\/\/static.africa-press.net\/cote\/sites\/43\/2023\/12\/sm_1702303958.584987-768x512.jpg 768w\" sizes=\"(max-width: 1000px) 100vw, 1000px\" alt=\"\">\r\n                            <\/a>\r\n                            \r\n                        <\/figure>\r\n                    <\/div>\r\n                            <\/div>\r\n                        <\/div>\r\n\r\n                        <div class = \"td-doubleSlider-2\">\r\n                            <div class = \"td-slider\">\r\n                                \r\n                    <div class = \"td-button td-item1\">\r\n                        <div class = \"td-border\"><\/div>\r\n                    <\/div>\r\n                    <div class = \"td-button td-item2\">\r\n                        <div class = \"td-border\"><\/div>\r\n                    <\/div>\r\n                            <\/div>\r\n                        <\/div>\r\n\r\n                    <\/div>\r\n\r\n                <\/div>\r\n                \n<p><strong>Pour plus d&rsquo;informations et d&rsquo;analyses sur la <a href=\"https:\/\/www.africa-press.net\/cotedivoire\">C\u00f4te d&rsquo;Ivoire<\/a>, suivez <a href=\"https:\/\/www.africa-press.net\/\">Africa-Press<\/a><\/strong><\/p>\n","protected":false},"excerpt":{"rendered":"<p>Africa-Press &#8211; C\u00f4te d&rsquo;Ivoire. Les producteurs et les transformateurs de caoutchouc naturel de Co\u0302te d&rsquo;Ivoire l&rsquo;ont re\u0302ve\u0301 depuis des anne\u0301es. Il est de\u0301sormais une re\u0301alite\u0301. Le projet de l\u2019Acade\u0301mie des Me\u0301tiers de l\u2019He\u0301ve\u0301a vient de voir le jour. Dans le cadre de la ce\u0301re\u0301monie de remise officielle du Certificat foncier collectif de l\u2019APROMAC portant sur [&hellip;]<\/p>\n","protected":false},"author":82,"featured_media":71242,"comment_status":"open","ping_status":"closed","sticky":false,"template":"","format":"standard","meta":{"footnotes":""},"categories":[3,8,10],"tags":[56,63,1695,9625,29,1696],"class_list":["post-71244","post","type-post","status-publish","format-standard","has-post-thumbnail","hentry","category-economie","category-photo","category-toutes-les-actualites","tag-africa-press","tag-africa-press-cote-divoire","tag-apromac","tag-charles-emmanuel-yace-2","tag-cote-divoire","tag-hevea"],"yoast_head":"<!-- This site is optimized with the Yoast SEO Premium plugin v26.1 (Yoast SEO v27.0) - https:\/\/yoast.com\/product\/yoast-seo-premium-wordpress\/ -->\n<title>Fili\u00e8re h\u00e9v\u00e9icole, cr\u00e9ation d&#039;une Acad\u00e9mie des M\u00e9tiers de l&#039;H\u00e9v\u00e9a pour une meilleure formation des acteurs du secteur - C\u00f4te d&#039;Ivoire<\/title>\n<meta name=\"description\" content=\"Les producteurs et les transformateurs de caoutchouc naturel de Co\u0302te d&#039;Ivoire l&#039;ont re\u0302ve\u0301 depuis des anne\u0301es. Il est d ...\" \/>\n<meta name=\"robots\" content=\"index, follow, max-snippet:-1, max-image-preview:large, max-video-preview:-1\" \/>\n<link rel=\"canonical\" href=\"https:\/\/www.africa-press.net\/cotedivoire\/economie\/filiere-heveicole-creation-dune-academie-des-metiers-de-lhevea-pour-une-meilleure-formation-des-acteurs-du-secteur\" \/>\n<meta property=\"og:locale\" content=\"fr_FR\" \/>\n<meta property=\"og:type\" content=\"article\" \/>\n<meta property=\"og:title\" content=\"Fili\u00e8re h\u00e9v\u00e9icole, cr\u00e9ation d&#039;une Acad\u00e9mie des M\u00e9tiers de l&#039;H\u00e9v\u00e9a pour une meilleure formation des acteurs du secteur\" \/>\n<meta property=\"og:description\" content=\"Les producteurs et les transformateurs de caoutchouc naturel de Co\u0302te d&#039;Ivoire l&#039;ont re\u0302ve\u0301 depuis des anne\u0301es. Il est d ...\" \/>\n<meta property=\"og:url\" content=\"https:\/\/www.africa-press.net\/cotedivoire\/economie\/filiere-heveicole-creation-dune-academie-des-metiers-de-lhevea-pour-une-meilleure-formation-des-acteurs-du-secteur\" \/>\n<meta property=\"og:site_name\" content=\"C\u00f4te d&#039;Ivoire\" \/>\n<meta property=\"article:published_time\" content=\"2023-12-11T17:24:08+00:00\" \/>\n<meta property=\"article:modified_time\" content=\"2023-12-11T17:43:44+00:00\" \/>\n<meta property=\"og:image\" content=\"https:\/\/static.africa-press.net\/cote\/sites\/43\/2023\/12\/sm_1702303982.916038.jpg\" \/>\n\t<meta property=\"og:image:width\" content=\"720\" \/>\n\t<meta property=\"og:image:height\" content=\"480\" \/>\n\t<meta property=\"og:image:type\" content=\"image\/jpeg\" \/>\n<meta name=\"author\" content=\"cfeditorfr\" \/>\n<meta name=\"twitter:card\" content=\"summary_large_image\" \/>\n<meta name=\"twitter:label1\" content=\"\u00c9crit par\" \/>\n\t<meta name=\"twitter:data1\" content=\"cfeditorfr\" \/>\n\t<meta name=\"twitter:label2\" content=\"Dur\u00e9e de lecture estim\u00e9e\" \/>\n\t<meta name=\"twitter:data2\" content=\"3 minutes\" \/>\n<script type=\"application\/ld+json\" class=\"yoast-schema-graph\">{\"@context\":\"https:\/\/schema.org\",\"@graph\":[{\"@type\":\"Article\",\"@id\":\"https:\/\/www.africa-press.net\/cotedivoire\/economie\/filiere-heveicole-creation-dune-academie-des-metiers-de-lhevea-pour-une-meilleure-formation-des-acteurs-du-secteur#article\",\"isPartOf\":{\"@id\":\"https:\/\/www.africa-press.net\/cotedivoire\/economie\/filiere-heveicole-creation-dune-academie-des-metiers-de-lhevea-pour-une-meilleure-formation-des-acteurs-du-secteur\"},\"author\":{\"name\":\"cfeditorfr\",\"@id\":\"https:\/\/www.africa-press.net\/cotedivoire\/#\/schema\/person\/2b1cf3cd81a31e3cd26889ca66d677f1\"},\"headline\":\"Fili\u00e8re h\u00e9v\u00e9icole, cr\u00e9ation d&rsquo;une Acad\u00e9mie des M\u00e9tiers de l&rsquo;H\u00e9v\u00e9a pour une meilleure formation des acteurs du secteur\",\"datePublished\":\"2023-12-11T17:24:08+00:00\",\"dateModified\":\"2023-12-11T17:43:44+00:00\",\"mainEntityOfPage\":{\"@id\":\"https:\/\/www.africa-press.net\/cotedivoire\/economie\/filiere-heveicole-creation-dune-academie-des-metiers-de-lhevea-pour-une-meilleure-formation-des-acteurs-du-secteur\"},\"wordCount\":682,\"commentCount\":0,\"image\":{\"@id\":\"https:\/\/www.africa-press.net\/cotedivoire\/economie\/filiere-heveicole-creation-dune-academie-des-metiers-de-lhevea-pour-une-meilleure-formation-des-acteurs-du-secteur#primaryimage\"},\"thumbnailUrl\":\"https:\/\/static.africa-press.net\/cote\/sites\/43\/2023\/12\/sm_1702303982.916038.jpg\",\"keywords\":[\"Africa Press\",\"Africa Press-C\u00f4te d'Ivoire\",\"APROMAC\",\"Charles-Emmanuel Yac\u00e9\",\"C\u00d4TE D'IVOIRE\",\"H\u00e9v\u00e9a\"],\"articleSection\":[\"\u00c9conomie\",\"Photo\",\"Toutes les actualit\u00e9s\"],\"inLanguage\":\"fr-FR\",\"potentialAction\":[{\"@type\":\"CommentAction\",\"name\":\"Comment\",\"target\":[\"https:\/\/www.africa-press.net\/cotedivoire\/economie\/filiere-heveicole-creation-dune-academie-des-metiers-de-lhevea-pour-une-meilleure-formation-des-acteurs-du-secteur#respond\"]}]},{\"@type\":\"WebPage\",\"@id\":\"https:\/\/www.africa-press.net\/cotedivoire\/economie\/filiere-heveicole-creation-dune-academie-des-metiers-de-lhevea-pour-une-meilleure-formation-des-acteurs-du-secteur\",\"url\":\"https:\/\/www.africa-press.net\/cotedivoire\/economie\/filiere-heveicole-creation-dune-academie-des-metiers-de-lhevea-pour-une-meilleure-formation-des-acteurs-du-secteur\",\"name\":\"Fili\u00e8re h\u00e9v\u00e9icole, cr\u00e9ation d'une Acad\u00e9mie des M\u00e9tiers de l'H\u00e9v\u00e9a pour une meilleure formation des acteurs du secteur - C\u00f4te d&#039;Ivoire\",\"isPartOf\":{\"@id\":\"https:\/\/www.africa-press.net\/cotedivoire\/#website\"},\"primaryImageOfPage\":{\"@id\":\"https:\/\/www.africa-press.net\/cotedivoire\/economie\/filiere-heveicole-creation-dune-academie-des-metiers-de-lhevea-pour-une-meilleure-formation-des-acteurs-du-secteur#primaryimage\"},\"image\":{\"@id\":\"https:\/\/www.africa-press.net\/cotedivoire\/economie\/filiere-heveicole-creation-dune-academie-des-metiers-de-lhevea-pour-une-meilleure-formation-des-acteurs-du-secteur#primaryimage\"},\"thumbnailUrl\":\"https:\/\/static.africa-press.net\/cote\/sites\/43\/2023\/12\/sm_1702303982.916038.jpg\",\"datePublished\":\"2023-12-11T17:24:08+00:00\",\"dateModified\":\"2023-12-11T17:43:44+00:00\",\"author\":{\"@id\":\"https:\/\/www.africa-press.net\/cotedivoire\/#\/schema\/person\/2b1cf3cd81a31e3cd26889ca66d677f1\"},\"description\":\"Les producteurs et les transformateurs de caoutchouc naturel de Co\u0302te d'Ivoire l'ont re\u0302ve\u0301 depuis des anne\u0301es. Il est d ...\",\"breadcrumb\":{\"@id\":\"https:\/\/www.africa-press.net\/cotedivoire\/economie\/filiere-heveicole-creation-dune-academie-des-metiers-de-lhevea-pour-une-meilleure-formation-des-acteurs-du-secteur#breadcrumb\"},\"inLanguage\":\"fr-FR\",\"potentialAction\":[{\"@type\":\"ReadAction\",\"target\":[\"https:\/\/www.africa-press.net\/cotedivoire\/economie\/filiere-heveicole-creation-dune-academie-des-metiers-de-lhevea-pour-une-meilleure-formation-des-acteurs-du-secteur\"]}]},{\"@type\":\"ImageObject\",\"inLanguage\":\"fr-FR\",\"@id\":\"https:\/\/www.africa-press.net\/cotedivoire\/economie\/filiere-heveicole-creation-dune-academie-des-metiers-de-lhevea-pour-une-meilleure-formation-des-acteurs-du-secteur#primaryimage\",\"url\":\"https:\/\/static.africa-press.net\/cote\/sites\/43\/2023\/12\/sm_1702303982.916038.jpg\",\"contentUrl\":\"https:\/\/static.africa-press.net\/cote\/sites\/43\/2023\/12\/sm_1702303982.916038.jpg\",\"width\":720,\"height\":480,\"caption\":\"Fili\u00e8re h\u00e9v\u00e9icole, cr\u00e9ation d'une Acad\u00e9mie des M\u00e9tiers de l'H\u00e9v\u00e9a pour une meilleure formation des acteurs du secteur\"},{\"@type\":\"BreadcrumbList\",\"@id\":\"https:\/\/www.africa-press.net\/cotedivoire\/economie\/filiere-heveicole-creation-dune-academie-des-metiers-de-lhevea-pour-une-meilleure-formation-des-acteurs-du-secteur#breadcrumb\",\"itemListElement\":[{\"@type\":\"ListItem\",\"position\":1,\"name\":\"Accueil\",\"item\":\"https:\/\/www.africa-press.net\/cotedivoire\/\"},{\"@type\":\"ListItem\",\"position\":2,\"name\":\"Fili\u00e8re h\u00e9v\u00e9icole, cr\u00e9ation d&#8217;une Acad\u00e9mie des M\u00e9tiers de l&#8217;H\u00e9v\u00e9a pour une meilleure formation des acteurs du secteur\"}]},{\"@type\":\"WebSite\",\"@id\":\"https:\/\/www.africa-press.net\/cotedivoire\/#website\",\"url\":\"https:\/\/www.africa-press.net\/cotedivoire\/\",\"name\":\"C\u00f4te d&#039;Ivoire\",\"description\":\"Just another Africa News Agency Sites site\",\"potentialAction\":[{\"@type\":\"SearchAction\",\"target\":{\"@type\":\"EntryPoint\",\"urlTemplate\":\"https:\/\/www.africa-press.net\/cotedivoire\/?s={search_term_string}\"},\"query-input\":{\"@type\":\"PropertyValueSpecification\",\"valueRequired\":true,\"valueName\":\"search_term_string\"}}],\"inLanguage\":\"fr-FR\"},{\"@type\":\"Person\",\"@id\":\"https:\/\/www.africa-press.net\/cotedivoire\/#\/schema\/person\/2b1cf3cd81a31e3cd26889ca66d677f1\",\"name\":\"cfeditorfr\"}]}<\/script>\n<!-- \/ Yoast SEO Premium plugin. -->","yoast_head_json":{"title":"Fili\u00e8re h\u00e9v\u00e9icole, cr\u00e9ation d'une Acad\u00e9mie des M\u00e9tiers de l'H\u00e9v\u00e9a pour une meilleure formation des acteurs du secteur - C\u00f4te d&#039;Ivoire","description":"Les producteurs et les transformateurs de caoutchouc naturel de Co\u0302te d'Ivoire l'ont re\u0302ve\u0301 depuis des anne\u0301es. Il est d ...","robots":{"index":"index","follow":"follow","max-snippet":"max-snippet:-1","max-image-preview":"max-image-preview:large","max-video-preview":"max-video-preview:-1"},"canonical":"https:\/\/www.africa-press.net\/cotedivoire\/economie\/filiere-heveicole-creation-dune-academie-des-metiers-de-lhevea-pour-une-meilleure-formation-des-acteurs-du-secteur","og_locale":"fr_FR","og_type":"article","og_title":"Fili\u00e8re h\u00e9v\u00e9icole, cr\u00e9ation d'une Acad\u00e9mie des M\u00e9tiers de l'H\u00e9v\u00e9a pour une meilleure formation des acteurs du secteur","og_description":"Les producteurs et les transformateurs de caoutchouc naturel de Co\u0302te d'Ivoire l'ont re\u0302ve\u0301 depuis des anne\u0301es. Il est d ...","og_url":"https:\/\/www.africa-press.net\/cotedivoire\/economie\/filiere-heveicole-creation-dune-academie-des-metiers-de-lhevea-pour-une-meilleure-formation-des-acteurs-du-secteur","og_site_name":"C\u00f4te d&#039;Ivoire","article_published_time":"2023-12-11T17:24:08+00:00","article_modified_time":"2023-12-11T17:43:44+00:00","og_image":[{"width":720,"height":480,"url":"https:\/\/static.africa-press.net\/cote\/sites\/43\/2023\/12\/sm_1702303982.916038.jpg","type":"image\/jpeg"}],"author":"cfeditorfr","twitter_card":"summary_large_image","twitter_misc":{"\u00c9crit par":"cfeditorfr","Dur\u00e9e de lecture estim\u00e9e":"3 minutes"},"schema":{"@context":"https:\/\/schema.org","@graph":[{"@type":"Article","@id":"https:\/\/www.africa-press.net\/cotedivoire\/economie\/filiere-heveicole-creation-dune-academie-des-metiers-de-lhevea-pour-une-meilleure-formation-des-acteurs-du-secteur#article","isPartOf":{"@id":"https:\/\/www.africa-press.net\/cotedivoire\/economie\/filiere-heveicole-creation-dune-academie-des-metiers-de-lhevea-pour-une-meilleure-formation-des-acteurs-du-secteur"},"author":{"name":"cfeditorfr","@id":"https:\/\/www.africa-press.net\/cotedivoire\/#\/schema\/person\/2b1cf3cd81a31e3cd26889ca66d677f1"},"headline":"Fili\u00e8re h\u00e9v\u00e9icole, cr\u00e9ation d&rsquo;une Acad\u00e9mie des M\u00e9tiers de l&rsquo;H\u00e9v\u00e9a pour une meilleure formation des acteurs du secteur","datePublished":"2023-12-11T17:24:08+00:00","dateModified":"2023-12-11T17:43:44+00:00","mainEntityOfPage":{"@id":"https:\/\/www.africa-press.net\/cotedivoire\/economie\/filiere-heveicole-creation-dune-academie-des-metiers-de-lhevea-pour-une-meilleure-formation-des-acteurs-du-secteur"},"wordCount":682,"commentCount":0,"image":{"@id":"https:\/\/www.africa-press.net\/cotedivoire\/economie\/filiere-heveicole-creation-dune-academie-des-metiers-de-lhevea-pour-une-meilleure-formation-des-acteurs-du-secteur#primaryimage"},"thumbnailUrl":"https:\/\/static.africa-press.net\/cote\/sites\/43\/2023\/12\/sm_1702303982.916038.jpg","keywords":["Africa Press","Africa Press-C\u00f4te d'Ivoire","APROMAC","Charles-Emmanuel Yac\u00e9","C\u00d4TE D'IVOIRE","H\u00e9v\u00e9a"],"articleSection":["\u00c9conomie","Photo","Toutes les actualit\u00e9s"],"inLanguage":"fr-FR","potentialAction":[{"@type":"CommentAction","name":"Comment","target":["https:\/\/www.africa-press.net\/cotedivoire\/economie\/filiere-heveicole-creation-dune-academie-des-metiers-de-lhevea-pour-une-meilleure-formation-des-acteurs-du-secteur#respond"]}]},{"@type":"WebPage","@id":"https:\/\/www.africa-press.net\/cotedivoire\/economie\/filiere-heveicole-creation-dune-academie-des-metiers-de-lhevea-pour-une-meilleure-formation-des-acteurs-du-secteur","url":"https:\/\/www.africa-press.net\/cotedivoire\/economie\/filiere-heveicole-creation-dune-academie-des-metiers-de-lhevea-pour-une-meilleure-formation-des-acteurs-du-secteur","name":"Fili\u00e8re h\u00e9v\u00e9icole, cr\u00e9ation d'une Acad\u00e9mie des M\u00e9tiers de l'H\u00e9v\u00e9a pour une meilleure formation des acteurs du secteur - C\u00f4te d&#039;Ivoire","isPartOf":{"@id":"https:\/\/www.africa-press.net\/cotedivoire\/#website"},"primaryImageOfPage":{"@id":"https:\/\/www.africa-press.net\/cotedivoire\/economie\/filiere-heveicole-creation-dune-academie-des-metiers-de-lhevea-pour-une-meilleure-formation-des-acteurs-du-secteur#primaryimage"},"image":{"@id":"https:\/\/www.africa-press.net\/cotedivoire\/economie\/filiere-heveicole-creation-dune-academie-des-metiers-de-lhevea-pour-une-meilleure-formation-des-acteurs-du-secteur#primaryimage"},"thumbnailUrl":"https:\/\/static.africa-press.net\/cote\/sites\/43\/2023\/12\/sm_1702303982.916038.jpg","datePublished":"2023-12-11T17:24:08+00:00","dateModified":"2023-12-11T17:43:44+00:00","author":{"@id":"https:\/\/www.africa-press.net\/cotedivoire\/#\/schema\/person\/2b1cf3cd81a31e3cd26889ca66d677f1"},"description":"Les producteurs et les transformateurs de caoutchouc naturel de Co\u0302te d'Ivoire l'ont re\u0302ve\u0301 depuis des anne\u0301es. Il est d ...","breadcrumb":{"@id":"https:\/\/www.africa-press.net\/cotedivoire\/economie\/filiere-heveicole-creation-dune-academie-des-metiers-de-lhevea-pour-une-meilleure-formation-des-acteurs-du-secteur#breadcrumb"},"inLanguage":"fr-FR","potentialAction":[{"@type":"ReadAction","target":["https:\/\/www.africa-press.net\/cotedivoire\/economie\/filiere-heveicole-creation-dune-academie-des-metiers-de-lhevea-pour-une-meilleure-formation-des-acteurs-du-secteur"]}]},{"@type":"ImageObject","inLanguage":"fr-FR","@id":"https:\/\/www.africa-press.net\/cotedivoire\/economie\/filiere-heveicole-creation-dune-academie-des-metiers-de-lhevea-pour-une-meilleure-formation-des-acteurs-du-secteur#primaryimage","url":"https:\/\/static.africa-press.net\/cote\/sites\/43\/2023\/12\/sm_1702303982.916038.jpg","contentUrl":"https:\/\/static.africa-press.net\/cote\/sites\/43\/2023\/12\/sm_1702303982.916038.jpg","width":720,"height":480,"caption":"Fili\u00e8re h\u00e9v\u00e9icole, cr\u00e9ation d'une Acad\u00e9mie des M\u00e9tiers de l'H\u00e9v\u00e9a pour une meilleure formation des acteurs du secteur"},{"@type":"BreadcrumbList","@id":"https:\/\/www.africa-press.net\/cotedivoire\/economie\/filiere-heveicole-creation-dune-academie-des-metiers-de-lhevea-pour-une-meilleure-formation-des-acteurs-du-secteur#breadcrumb","itemListElement":[{"@type":"ListItem","position":1,"name":"Accueil","item":"https:\/\/www.africa-press.net\/cotedivoire\/"},{"@type":"ListItem","position":2,"name":"Fili\u00e8re h\u00e9v\u00e9icole, cr\u00e9ation d&#8217;une Acad\u00e9mie des M\u00e9tiers de l&#8217;H\u00e9v\u00e9a pour une meilleure formation des acteurs du secteur"}]},{"@type":"WebSite","@id":"https:\/\/www.africa-press.net\/cotedivoire\/#website","url":"https:\/\/www.africa-press.net\/cotedivoire\/","name":"C\u00f4te d&#039;Ivoire","description":"Just another Africa News Agency Sites site","potentialAction":[{"@type":"SearchAction","target":{"@type":"EntryPoint","urlTemplate":"https:\/\/www.africa-press.net\/cotedivoire\/?s={search_term_string}"},"query-input":{"@type":"PropertyValueSpecification","valueRequired":true,"valueName":"search_term_string"}}],"inLanguage":"fr-FR"},{"@type":"Person","@id":"https:\/\/www.africa-press.net\/cotedivoire\/#\/schema\/person\/2b1cf3cd81a31e3cd26889ca66d677f1","name":"cfeditorfr"}]}},"_links":{"self":[{"href":"https:\/\/www.africa-press.net\/cotedivoire\/wp-json\/wp\/v2\/posts\/71244","targetHints":{"allow":["GET"]}}],"collection":[{"href":"https:\/\/www.africa-press.net\/cotedivoire\/wp-json\/wp\/v2\/posts"}],"about":[{"href":"https:\/\/www.africa-press.net\/cotedivoire\/wp-json\/wp\/v2\/types\/post"}],"author":[{"embeddable":true,"href":"https:\/\/www.africa-press.net\/cotedivoire\/wp-json\/wp\/v2\/users\/82"}],"replies":[{"embeddable":true,"href":"https:\/\/www.africa-press.net\/cotedivoire\/wp-json\/wp\/v2\/comments?post=71244"}],"version-history":[{"count":0,"href":"https:\/\/www.africa-press.net\/cotedivoire\/wp-json\/wp\/v2\/posts\/71244\/revisions"}],"wp:featuredmedia":[{"embeddable":true,"href":"https:\/\/www.africa-press.net\/cotedivoire\/wp-json\/wp\/v2\/media\/71242"}],"wp:attachment":[{"href":"https:\/\/www.africa-press.net\/cotedivoire\/wp-json\/wp\/v2\/media?parent=71244"}],"wp:term":[{"taxonomy":"category","embeddable":true,"href":"https:\/\/www.africa-press.net\/cotedivoire\/wp-json\/wp\/v2\/categories?post=71244"},{"taxonomy":"post_tag","embeddable":true,"href":"https:\/\/www.africa-press.net\/cotedivoire\/wp-json\/wp\/v2\/tags?post=71244"}],"curies":[{"name":"wp","href":"https:\/\/api.w.org\/{rel}","templated":true}]}}