{"id":71256,"date":"2023-12-11T17:26:43","date_gmt":"2023-12-11T17:26:43","guid":{"rendered":"https:\/\/www.africa-press.net\/cotedivoire\/politique\/lutte-contre-le-trafic-de-cacao-vers-le-renforcement-du-dispositif-securitaire-aux-frontieres"},"modified":"2023-12-11T17:48:06","modified_gmt":"2023-12-11T17:48:06","slug":"lutte-contre-le-trafic-de-cacao-vers-le-renforcement-du-dispositif-securitaire-aux-frontieres","status":"publish","type":"post","link":"https:\/\/www.africa-press.net\/cotedivoire\/economie\/lutte-contre-le-trafic-de-cacao-vers-le-renforcement-du-dispositif-securitaire-aux-frontieres","title":{"rendered":"Lutte contre le trafic de cacao, vers le renforcement du dispositif s\u00e9curitaire aux fronti\u00e8res ?"},"content":{"rendered":"<p><span style=\"color: #ff6600\"><strong>Africa-Press &#8211; C\u00f4te d&rsquo;Ivoire. <\/strong><\/span>Le Conseil cafe\u0301 cacao (CCC) se donnerait les moyens ade\u0301quats a\u0300 mettre fin au trafic du cacao vers les pays voisins de la Co\u0302te d\u2019Ivoire.<\/p>\n<p>Selon des informations de sources concordantes, le Directeur Ge\u0301ne\u0301ral du Conseil, Yves Brahima Kone\u0301, a saisi les Ministres de la De\u0301fense, Te\u0301ne\u0301 Birahima Ouattara, et son colle\u0300gue de l\u2019inte\u0301rieur et de la se\u0301curite\u0301, le Ge\u0301ne\u0301ral Vagondo Diomande\u0301, afin de renforcer le dispositif se\u0301curitaire face a\u0300 la recrudescence de la contrebande de fe\u0300ves.<\/p>\n<p>La fuite du cacao ivoirien vers les pays limitrophes cre\u0301e un important manque a\u0300 gagner pour le pays.<\/p>\n<p>Les Ministres de la De\u0301fense et de la Se\u0301curite\u0301 auraient donne\u0301 leurs accords au Conseil Cafe\u0301 Cacao pour mettre fin au trafic du cacao, en renforc\u0327ant leur dispositif aux frontie\u0300res ouest, est et nord.<\/p>\n<p><strong>Pour plus d&rsquo;informations et d&rsquo;analyses sur la <a href=\"https:\/\/www.africa-press.net\/cotedivoire\">C\u00f4te d&rsquo;Ivoire<\/a>, suivez <a href=\"https:\/\/www.africa-press.net\/\">Africa-Press<\/a><\/strong><\/p>\n","protected":false},"excerpt":{"rendered":"<p>Africa-Press &#8211; C\u00f4te d&rsquo;Ivoire. Le Conseil cafe\u0301 cacao (CCC) se donnerait les moyens ade\u0301quats a\u0300 mettre fin au trafic du cacao vers les pays voisins de la Co\u0302te d\u2019Ivoire. Selon des informations de sources concordantes, le Directeur Ge\u0301ne\u0301ral du Conseil, Yves Brahima Kone\u0301, a saisi les Ministres de la De\u0301fense, Te\u0301ne\u0301 Birahima Ouattara, et son [&hellip;]<\/p>\n","protected":false},"author":82,"featured_media":71254,"comment_status":"open","ping_status":"closed","sticky":false,"template":"","format":"standard","meta":{"footnotes":""},"categories":[3,10],"tags":[56,63,1685,1744,2531,29,6371,650,3815,3100],"class_list":["post-71256","post","type-post","status-publish","format-standard","has-post-thumbnail","hentry","category-economie","category-toutes-les-actualites","tag-africa-press","tag-africa-press-cote-divoire","tag-cacao","tag-conseil","tag-contrebande","tag-cote-divoire","tag-frontieres","tag-tene-birahima","tag-trafic","tag-vagondo-diomande"],"yoast_head":"<!-- This site is optimized with the Yoast SEO Premium plugin v26.1 (Yoast SEO v27.0) - https:\/\/yoast.com\/product\/yoast-seo-premium-wordpress\/ -->\n<title>Lutte contre le trafic de cacao, vers le renforcement du dispositif s\u00e9curitaire aux fronti\u00e8res ? - C\u00f4te d&#039;Ivoire<\/title>\n<meta name=\"description\" content=\"Le Conseil cafe\u0301 cacao (CCC) se donnerait les moyens ade\u0301quats a\u0300 mettre fin au trafic du cacao vers les pays voisins de ...\" \/>\n<meta name=\"robots\" content=\"index, follow, max-snippet:-1, max-image-preview:large, max-video-preview:-1\" \/>\n<link rel=\"canonical\" href=\"https:\/\/www.africa-press.net\/cotedivoire\/economie\/lutte-contre-le-trafic-de-cacao-vers-le-renforcement-du-dispositif-securitaire-aux-frontieres\" \/>\n<meta property=\"og:locale\" content=\"fr_FR\" \/>\n<meta property=\"og:type\" content=\"article\" \/>\n<meta property=\"og:title\" content=\"Lutte contre le trafic de cacao, vers le renforcement du dispositif s\u00e9curitaire aux fronti\u00e8res ?\" \/>\n<meta property=\"og:description\" content=\"Le Conseil cafe\u0301 cacao (CCC) se donnerait les moyens ade\u0301quats a\u0300 mettre fin au trafic du cacao vers les pays voisins de ...\" \/>\n<meta property=\"og:url\" content=\"https:\/\/www.africa-press.net\/cotedivoire\/economie\/lutte-contre-le-trafic-de-cacao-vers-le-renforcement-du-dispositif-securitaire-aux-frontieres\" \/>\n<meta property=\"og:site_name\" content=\"C\u00f4te d&#039;Ivoire\" \/>\n<meta property=\"article:published_time\" content=\"2023-12-11T17:26:43+00:00\" \/>\n<meta property=\"article:modified_time\" content=\"2023-12-11T17:48:06+00:00\" \/>\n<meta property=\"og:image\" content=\"https:\/\/static.africa-press.net\/cote\/sites\/43\/2023\/12\/sm_1702304257.403556.jpg\" \/>\n\t<meta property=\"og:image:width\" content=\"720\" \/>\n\t<meta property=\"og:image:height\" content=\"423\" \/>\n\t<meta property=\"og:image:type\" content=\"image\/jpeg\" \/>\n<meta name=\"author\" content=\"cfeditorfr\" \/>\n<meta name=\"twitter:card\" content=\"summary_large_image\" \/>\n<meta name=\"twitter:label1\" content=\"\u00c9crit par\" \/>\n\t<meta name=\"twitter:data1\" content=\"cfeditorfr\" \/>\n\t<meta name=\"twitter:label2\" content=\"Dur\u00e9e de lecture estim\u00e9e\" \/>\n\t<meta name=\"twitter:data2\" content=\"1 minute\" \/>\n<script type=\"application\/ld+json\" class=\"yoast-schema-graph\">{\"@context\":\"https:\/\/schema.org\",\"@graph\":[{\"@type\":\"Article\",\"@id\":\"https:\/\/www.africa-press.net\/cotedivoire\/economie\/lutte-contre-le-trafic-de-cacao-vers-le-renforcement-du-dispositif-securitaire-aux-frontieres#article\",\"isPartOf\":{\"@id\":\"https:\/\/www.africa-press.net\/cotedivoire\/economie\/lutte-contre-le-trafic-de-cacao-vers-le-renforcement-du-dispositif-securitaire-aux-frontieres\"},\"author\":{\"name\":\"cfeditorfr\",\"@id\":\"https:\/\/www.africa-press.net\/cotedivoire\/#\/schema\/person\/2b1cf3cd81a31e3cd26889ca66d677f1\"},\"headline\":\"Lutte contre le trafic de cacao, vers le renforcement du dispositif s\u00e9curitaire aux fronti\u00e8res ?\",\"datePublished\":\"2023-12-11T17:26:43+00:00\",\"dateModified\":\"2023-12-11T17:48:06+00:00\",\"mainEntityOfPage\":{\"@id\":\"https:\/\/www.africa-press.net\/cotedivoire\/economie\/lutte-contre-le-trafic-de-cacao-vers-le-renforcement-du-dispositif-securitaire-aux-frontieres\"},\"wordCount\":186,\"commentCount\":0,\"image\":{\"@id\":\"https:\/\/www.africa-press.net\/cotedivoire\/economie\/lutte-contre-le-trafic-de-cacao-vers-le-renforcement-du-dispositif-securitaire-aux-frontieres#primaryimage\"},\"thumbnailUrl\":\"https:\/\/static.africa-press.net\/cote\/sites\/43\/2023\/12\/sm_1702304257.403556.jpg\",\"keywords\":[\"Africa Press\",\"Africa Press-C\u00f4te d'Ivoire\",\"cacao\",\"Conseil\",\"contrebande\",\"C\u00d4TE D'IVOIRE\",\"fronti\u00e8res\",\"T\u00e9n\u00e9 Birahima\",\"trafic\",\"Vagondo Diomand\u00e9\"],\"articleSection\":[\"\u00c9conomie\",\"Toutes les actualit\u00e9s\"],\"inLanguage\":\"fr-FR\",\"potentialAction\":[{\"@type\":\"CommentAction\",\"name\":\"Comment\",\"target\":[\"https:\/\/www.africa-press.net\/cotedivoire\/economie\/lutte-contre-le-trafic-de-cacao-vers-le-renforcement-du-dispositif-securitaire-aux-frontieres#respond\"]}]},{\"@type\":\"WebPage\",\"@id\":\"https:\/\/www.africa-press.net\/cotedivoire\/economie\/lutte-contre-le-trafic-de-cacao-vers-le-renforcement-du-dispositif-securitaire-aux-frontieres\",\"url\":\"https:\/\/www.africa-press.net\/cotedivoire\/economie\/lutte-contre-le-trafic-de-cacao-vers-le-renforcement-du-dispositif-securitaire-aux-frontieres\",\"name\":\"Lutte contre le trafic de cacao, vers le renforcement du dispositif s\u00e9curitaire aux fronti\u00e8res ? - C\u00f4te d&#039;Ivoire\",\"isPartOf\":{\"@id\":\"https:\/\/www.africa-press.net\/cotedivoire\/#website\"},\"primaryImageOfPage\":{\"@id\":\"https:\/\/www.africa-press.net\/cotedivoire\/economie\/lutte-contre-le-trafic-de-cacao-vers-le-renforcement-du-dispositif-securitaire-aux-frontieres#primaryimage\"},\"image\":{\"@id\":\"https:\/\/www.africa-press.net\/cotedivoire\/economie\/lutte-contre-le-trafic-de-cacao-vers-le-renforcement-du-dispositif-securitaire-aux-frontieres#primaryimage\"},\"thumbnailUrl\":\"https:\/\/static.africa-press.net\/cote\/sites\/43\/2023\/12\/sm_1702304257.403556.jpg\",\"datePublished\":\"2023-12-11T17:26:43+00:00\",\"dateModified\":\"2023-12-11T17:48:06+00:00\",\"author\":{\"@id\":\"https:\/\/www.africa-press.net\/cotedivoire\/#\/schema\/person\/2b1cf3cd81a31e3cd26889ca66d677f1\"},\"description\":\"Le Conseil cafe\u0301 cacao (CCC) se donnerait les moyens ade\u0301quats a\u0300 mettre fin au trafic du cacao vers les pays voisins de ...\",\"breadcrumb\":{\"@id\":\"https:\/\/www.africa-press.net\/cotedivoire\/economie\/lutte-contre-le-trafic-de-cacao-vers-le-renforcement-du-dispositif-securitaire-aux-frontieres#breadcrumb\"},\"inLanguage\":\"fr-FR\",\"potentialAction\":[{\"@type\":\"ReadAction\",\"target\":[\"https:\/\/www.africa-press.net\/cotedivoire\/economie\/lutte-contre-le-trafic-de-cacao-vers-le-renforcement-du-dispositif-securitaire-aux-frontieres\"]}]},{\"@type\":\"ImageObject\",\"inLanguage\":\"fr-FR\",\"@id\":\"https:\/\/www.africa-press.net\/cotedivoire\/economie\/lutte-contre-le-trafic-de-cacao-vers-le-renforcement-du-dispositif-securitaire-aux-frontieres#primaryimage\",\"url\":\"https:\/\/static.africa-press.net\/cote\/sites\/43\/2023\/12\/sm_1702304257.403556.jpg\",\"contentUrl\":\"https:\/\/static.africa-press.net\/cote\/sites\/43\/2023\/12\/sm_1702304257.403556.jpg\",\"width\":720,\"height\":423,\"caption\":\"Lutte contre le trafic de cacao, vers le renforcement du dispositif s\u00e9curitaire aux fronti\u00e8res ?\"},{\"@type\":\"BreadcrumbList\",\"@id\":\"https:\/\/www.africa-press.net\/cotedivoire\/economie\/lutte-contre-le-trafic-de-cacao-vers-le-renforcement-du-dispositif-securitaire-aux-frontieres#breadcrumb\",\"itemListElement\":[{\"@type\":\"ListItem\",\"position\":1,\"name\":\"Accueil\",\"item\":\"https:\/\/www.africa-press.net\/cotedivoire\/\"},{\"@type\":\"ListItem\",\"position\":2,\"name\":\"Lutte contre le trafic de cacao, vers le renforcement du dispositif s\u00e9curitaire aux fronti\u00e8res ?\"}]},{\"@type\":\"WebSite\",\"@id\":\"https:\/\/www.africa-press.net\/cotedivoire\/#website\",\"url\":\"https:\/\/www.africa-press.net\/cotedivoire\/\",\"name\":\"C\u00f4te d&#039;Ivoire\",\"description\":\"Just another Africa News Agency Sites site\",\"potentialAction\":[{\"@type\":\"SearchAction\",\"target\":{\"@type\":\"EntryPoint\",\"urlTemplate\":\"https:\/\/www.africa-press.net\/cotedivoire\/?s={search_term_string}\"},\"query-input\":{\"@type\":\"PropertyValueSpecification\",\"valueRequired\":true,\"valueName\":\"search_term_string\"}}],\"inLanguage\":\"fr-FR\"},{\"@type\":\"Person\",\"@id\":\"https:\/\/www.africa-press.net\/cotedivoire\/#\/schema\/person\/2b1cf3cd81a31e3cd26889ca66d677f1\",\"name\":\"cfeditorfr\"}]}<\/script>\n<!-- \/ Yoast SEO Premium plugin. -->","yoast_head_json":{"title":"Lutte contre le trafic de cacao, vers le renforcement du dispositif s\u00e9curitaire aux fronti\u00e8res ? - C\u00f4te d&#039;Ivoire","description":"Le Conseil cafe\u0301 cacao (CCC) se donnerait les moyens ade\u0301quats a\u0300 mettre fin au trafic du cacao vers les pays voisins de ...","robots":{"index":"index","follow":"follow","max-snippet":"max-snippet:-1","max-image-preview":"max-image-preview:large","max-video-preview":"max-video-preview:-1"},"canonical":"https:\/\/www.africa-press.net\/cotedivoire\/economie\/lutte-contre-le-trafic-de-cacao-vers-le-renforcement-du-dispositif-securitaire-aux-frontieres","og_locale":"fr_FR","og_type":"article","og_title":"Lutte contre le trafic de cacao, vers le renforcement du dispositif s\u00e9curitaire aux fronti\u00e8res ?","og_description":"Le Conseil cafe\u0301 cacao (CCC) se donnerait les moyens ade\u0301quats a\u0300 mettre fin au trafic du cacao vers les pays voisins de ...","og_url":"https:\/\/www.africa-press.net\/cotedivoire\/economie\/lutte-contre-le-trafic-de-cacao-vers-le-renforcement-du-dispositif-securitaire-aux-frontieres","og_site_name":"C\u00f4te d&#039;Ivoire","article_published_time":"2023-12-11T17:26:43+00:00","article_modified_time":"2023-12-11T17:48:06+00:00","og_image":[{"width":720,"height":423,"url":"https:\/\/static.africa-press.net\/cote\/sites\/43\/2023\/12\/sm_1702304257.403556.jpg","type":"image\/jpeg"}],"author":"cfeditorfr","twitter_card":"summary_large_image","twitter_misc":{"\u00c9crit par":"cfeditorfr","Dur\u00e9e de lecture estim\u00e9e":"1 minute"},"schema":{"@context":"https:\/\/schema.org","@graph":[{"@type":"Article","@id":"https:\/\/www.africa-press.net\/cotedivoire\/economie\/lutte-contre-le-trafic-de-cacao-vers-le-renforcement-du-dispositif-securitaire-aux-frontieres#article","isPartOf":{"@id":"https:\/\/www.africa-press.net\/cotedivoire\/economie\/lutte-contre-le-trafic-de-cacao-vers-le-renforcement-du-dispositif-securitaire-aux-frontieres"},"author":{"name":"cfeditorfr","@id":"https:\/\/www.africa-press.net\/cotedivoire\/#\/schema\/person\/2b1cf3cd81a31e3cd26889ca66d677f1"},"headline":"Lutte contre le trafic de cacao, vers le renforcement du dispositif s\u00e9curitaire aux fronti\u00e8res ?","datePublished":"2023-12-11T17:26:43+00:00","dateModified":"2023-12-11T17:48:06+00:00","mainEntityOfPage":{"@id":"https:\/\/www.africa-press.net\/cotedivoire\/economie\/lutte-contre-le-trafic-de-cacao-vers-le-renforcement-du-dispositif-securitaire-aux-frontieres"},"wordCount":186,"commentCount":0,"image":{"@id":"https:\/\/www.africa-press.net\/cotedivoire\/economie\/lutte-contre-le-trafic-de-cacao-vers-le-renforcement-du-dispositif-securitaire-aux-frontieres#primaryimage"},"thumbnailUrl":"https:\/\/static.africa-press.net\/cote\/sites\/43\/2023\/12\/sm_1702304257.403556.jpg","keywords":["Africa Press","Africa Press-C\u00f4te d'Ivoire","cacao","Conseil","contrebande","C\u00d4TE D'IVOIRE","fronti\u00e8res","T\u00e9n\u00e9 Birahima","trafic","Vagondo Diomand\u00e9"],"articleSection":["\u00c9conomie","Toutes les actualit\u00e9s"],"inLanguage":"fr-FR","potentialAction":[{"@type":"CommentAction","name":"Comment","target":["https:\/\/www.africa-press.net\/cotedivoire\/economie\/lutte-contre-le-trafic-de-cacao-vers-le-renforcement-du-dispositif-securitaire-aux-frontieres#respond"]}]},{"@type":"WebPage","@id":"https:\/\/www.africa-press.net\/cotedivoire\/economie\/lutte-contre-le-trafic-de-cacao-vers-le-renforcement-du-dispositif-securitaire-aux-frontieres","url":"https:\/\/www.africa-press.net\/cotedivoire\/economie\/lutte-contre-le-trafic-de-cacao-vers-le-renforcement-du-dispositif-securitaire-aux-frontieres","name":"Lutte contre le trafic de cacao, vers le renforcement du dispositif s\u00e9curitaire aux fronti\u00e8res ? - C\u00f4te d&#039;Ivoire","isPartOf":{"@id":"https:\/\/www.africa-press.net\/cotedivoire\/#website"},"primaryImageOfPage":{"@id":"https:\/\/www.africa-press.net\/cotedivoire\/economie\/lutte-contre-le-trafic-de-cacao-vers-le-renforcement-du-dispositif-securitaire-aux-frontieres#primaryimage"},"image":{"@id":"https:\/\/www.africa-press.net\/cotedivoire\/economie\/lutte-contre-le-trafic-de-cacao-vers-le-renforcement-du-dispositif-securitaire-aux-frontieres#primaryimage"},"thumbnailUrl":"https:\/\/static.africa-press.net\/cote\/sites\/43\/2023\/12\/sm_1702304257.403556.jpg","datePublished":"2023-12-11T17:26:43+00:00","dateModified":"2023-12-11T17:48:06+00:00","author":{"@id":"https:\/\/www.africa-press.net\/cotedivoire\/#\/schema\/person\/2b1cf3cd81a31e3cd26889ca66d677f1"},"description":"Le Conseil cafe\u0301 cacao (CCC) se donnerait les moyens ade\u0301quats a\u0300 mettre fin au trafic du cacao vers les pays voisins de ...","breadcrumb":{"@id":"https:\/\/www.africa-press.net\/cotedivoire\/economie\/lutte-contre-le-trafic-de-cacao-vers-le-renforcement-du-dispositif-securitaire-aux-frontieres#breadcrumb"},"inLanguage":"fr-FR","potentialAction":[{"@type":"ReadAction","target":["https:\/\/www.africa-press.net\/cotedivoire\/economie\/lutte-contre-le-trafic-de-cacao-vers-le-renforcement-du-dispositif-securitaire-aux-frontieres"]}]},{"@type":"ImageObject","inLanguage":"fr-FR","@id":"https:\/\/www.africa-press.net\/cotedivoire\/economie\/lutte-contre-le-trafic-de-cacao-vers-le-renforcement-du-dispositif-securitaire-aux-frontieres#primaryimage","url":"https:\/\/static.africa-press.net\/cote\/sites\/43\/2023\/12\/sm_1702304257.403556.jpg","contentUrl":"https:\/\/static.africa-press.net\/cote\/sites\/43\/2023\/12\/sm_1702304257.403556.jpg","width":720,"height":423,"caption":"Lutte contre le trafic de cacao, vers le renforcement du dispositif s\u00e9curitaire aux fronti\u00e8res ?"},{"@type":"BreadcrumbList","@id":"https:\/\/www.africa-press.net\/cotedivoire\/economie\/lutte-contre-le-trafic-de-cacao-vers-le-renforcement-du-dispositif-securitaire-aux-frontieres#breadcrumb","itemListElement":[{"@type":"ListItem","position":1,"name":"Accueil","item":"https:\/\/www.africa-press.net\/cotedivoire\/"},{"@type":"ListItem","position":2,"name":"Lutte contre le trafic de cacao, vers le renforcement du dispositif s\u00e9curitaire aux fronti\u00e8res ?"}]},{"@type":"WebSite","@id":"https:\/\/www.africa-press.net\/cotedivoire\/#website","url":"https:\/\/www.africa-press.net\/cotedivoire\/","name":"C\u00f4te d&#039;Ivoire","description":"Just another Africa News Agency Sites site","potentialAction":[{"@type":"SearchAction","target":{"@type":"EntryPoint","urlTemplate":"https:\/\/www.africa-press.net\/cotedivoire\/?s={search_term_string}"},"query-input":{"@type":"PropertyValueSpecification","valueRequired":true,"valueName":"search_term_string"}}],"inLanguage":"fr-FR"},{"@type":"Person","@id":"https:\/\/www.africa-press.net\/cotedivoire\/#\/schema\/person\/2b1cf3cd81a31e3cd26889ca66d677f1","name":"cfeditorfr"}]}},"_links":{"self":[{"href":"https:\/\/www.africa-press.net\/cotedivoire\/wp-json\/wp\/v2\/posts\/71256","targetHints":{"allow":["GET"]}}],"collection":[{"href":"https:\/\/www.africa-press.net\/cotedivoire\/wp-json\/wp\/v2\/posts"}],"about":[{"href":"https:\/\/www.africa-press.net\/cotedivoire\/wp-json\/wp\/v2\/types\/post"}],"author":[{"embeddable":true,"href":"https:\/\/www.africa-press.net\/cotedivoire\/wp-json\/wp\/v2\/users\/82"}],"replies":[{"embeddable":true,"href":"https:\/\/www.africa-press.net\/cotedivoire\/wp-json\/wp\/v2\/comments?post=71256"}],"version-history":[{"count":0,"href":"https:\/\/www.africa-press.net\/cotedivoire\/wp-json\/wp\/v2\/posts\/71256\/revisions"}],"wp:featuredmedia":[{"embeddable":true,"href":"https:\/\/www.africa-press.net\/cotedivoire\/wp-json\/wp\/v2\/media\/71254"}],"wp:attachment":[{"href":"https:\/\/www.africa-press.net\/cotedivoire\/wp-json\/wp\/v2\/media?parent=71256"}],"wp:term":[{"taxonomy":"category","embeddable":true,"href":"https:\/\/www.africa-press.net\/cotedivoire\/wp-json\/wp\/v2\/categories?post=71256"},{"taxonomy":"post_tag","embeddable":true,"href":"https:\/\/www.africa-press.net\/cotedivoire\/wp-json\/wp\/v2\/tags?post=71256"}],"curies":[{"name":"wp","href":"https:\/\/api.w.org\/{rel}","templated":true}]}}