{"id":71433,"date":"2023-12-14T17:43:38","date_gmt":"2023-12-14T17:43:38","guid":{"rendered":"https:\/\/www.africa-press.net\/cotedivoire\/politique\/dix-unites-mobiles-cliniques-de-soins-pour-la-securite-sanitaire-a-la-can-2023"},"modified":"2023-12-15T11:18:54","modified_gmt":"2023-12-15T11:18:54","slug":"dix-unites-mobiles-cliniques-de-soins-pour-la-securite-sanitaire-a-la-can-2023","status":"publish","type":"post","link":"https:\/\/www.africa-press.net\/cotedivoire\/toutes-les-actualites\/dix-unites-mobiles-cliniques-de-soins-pour-la-securite-sanitaire-a-la-can-2023","title":{"rendered":"Dix unit\u00e9s mobiles cliniques de soins pour la S\u00e9curit\u00e9 sanitaire \u00e0 la CAN 2023"},"content":{"rendered":"<p><span style=\"color: #ff6600\"><strong>Africa-Press &#8211; C\u00f4te d&rsquo;Ivoire. <\/strong><\/span>La Co\u0302te d\u2019Ivoire s\u2019est dote\u0301e de dix (10) unite\u0301s de cliniques mobiles de soins et de vaccination pour la se\u0301curite\u0301 sanitaire a\u0300 la Coupe d\u2019Afrique des Nations (CAN) 2023, a-t-on appris ce mercredi 13 decembre 2023, aupre\u0300s du Ministe\u0300re de la Sante\u0301, de l&rsquo;Hygie\u0300ne Publique et de la Couverture Maladie Universelle<\/p>\n<p>Cette dotation vise a\u0300 renforcer davantage la re\u0301silience de notre syste\u0300me de sante\u0301 face aux crises et e\u0301pide\u0301mies.<\/p>\n<p>Cet important mate\u0301riel permettra par ailleurs de rapprocher les populations des services de soins primaires dans les zones isole\u0301es, explique la tutelle.<\/p>\n<p>La remise officielle s\u2019est tenue le mardi 12 de\u0301cembre 2023, a\u0300 l&rsquo;Institut National de Sante\u0301 Publique (INSP) Adjame\u0301-Abidjan.<\/p>\n<p>A cette occasion, l&rsquo;Agence internationale de l&rsquo;e\u0301nergie atomique (AIEA) a offert 176 e\u0301quipements de de\u0301tection radiologie, sous forme de pre\u0302t, dans le cadre de la se\u0301curisation de la Coupe d\u2019Afrique des Nations (CAN) 2023.<\/p>\n<p>Les unite\u0301s cliniques mobiles sont acquises a\u0300 environ 1,7 milliard de FCFA, conjointement finance\u0301s par la Banque Asiatique et la Banque Mondiale, informe-t-on.<\/p>\n<p>Notons que, ces unite\u0301s cliniques mobiles permettront de rapprocher les populations des services de soins primaires et de vaccinations dans les zones les plus isole\u0301es.<\/p>\n<p>\u00ab Elles permettront particulie\u0300rement de renforcer la re\u0301silience du syste\u0300me de sante\u0301 dans les villes qui abriterons les matchs de la CAN en vue d\u2019une prise en charge rapide et efficace des supporters et des athle\u0300tes \u00bb, explique-t-on.<\/p>\n<p>Notons que, chaque unite\u0301 mobile dispose de : un bureau de consultation avec une table d&rsquo;examen et une chaise de prise de sang ; une chambre d&rsquo;examen ; une cabine de change ; une chambre de stockage (Re\u0301frige\u0301rateur) ; un banc de laboratoire et 2 fauteuils pivotant pour banc de laboratoire.<\/p>\n<p><strong>Pour plus d&rsquo;informations et d&rsquo;analyses sur la <a href=\"https:\/\/www.africa-press.net\/cotedivoire\">C\u00f4te d&rsquo;Ivoire<\/a>, suivez <a href=\"https:\/\/www.africa-press.net\/\">Africa-Press<\/a><\/strong><\/p>\n","protected":false},"excerpt":{"rendered":"<p>Africa-Press &#8211; C\u00f4te d&rsquo;Ivoire. La Co\u0302te d\u2019Ivoire s\u2019est dote\u0301e de dix (10) unite\u0301s de cliniques mobiles de soins et de vaccination pour la se\u0301curite\u0301 sanitaire a\u0300 la Coupe d\u2019Afrique des Nations (CAN) 2023, a-t-on appris ce mercredi 13 decembre 2023, aupre\u0300s du Ministe\u0300re de la Sante\u0301, de l&rsquo;Hygie\u0300ne Publique et de la Couverture Maladie Universelle [&hellip;]<\/p>\n","protected":false},"author":82,"featured_media":71432,"comment_status":"open","ping_status":"closed","sticky":false,"template":"","format":"standard","meta":{"footnotes":""},"categories":[21,10],"tags":[56,63,2113,9957,29,7923,4950,303,12068],"class_list":["post-71433","post","type-post","status-publish","format-standard","has-post-thumbnail","hentry","category-communaute","category-toutes-les-actualites","tag-africa-press","tag-africa-press-cote-divoire","tag-can-2023","tag-cliniques","tag-cote-divoire","tag-mobiles","tag-sanitaire","tag-securite","tag-unites"],"yoast_head":"<!-- This site is optimized with the Yoast SEO Premium plugin v26.1 (Yoast SEO v27.0) - https:\/\/yoast.com\/product\/yoast-seo-premium-wordpress\/ -->\n<title>Dix unit\u00e9s mobiles cliniques de soins pour la S\u00e9curit\u00e9 sanitaire \u00e0 la CAN 2023 - C\u00f4te d&#039;Ivoire<\/title>\n<meta name=\"description\" content=\"La Co\u0302te d\u2019Ivoire s\u2019est dote\u0301e de dix (10) unite\u0301s de cliniques mobiles de soins et de vaccination pour la se\u0301curite\u0301 sa ...\" \/>\n<meta name=\"robots\" content=\"index, follow, max-snippet:-1, max-image-preview:large, max-video-preview:-1\" \/>\n<link rel=\"canonical\" href=\"https:\/\/www.africa-press.net\/cotedivoire\/toutes-les-actualites\/dix-unites-mobiles-cliniques-de-soins-pour-la-securite-sanitaire-a-la-can-2023\" \/>\n<meta property=\"og:locale\" content=\"fr_FR\" \/>\n<meta property=\"og:type\" content=\"article\" \/>\n<meta property=\"og:title\" content=\"Dix unit\u00e9s mobiles cliniques de soins pour la S\u00e9curit\u00e9 sanitaire \u00e0 la CAN 2023\" \/>\n<meta property=\"og:description\" content=\"La Co\u0302te d\u2019Ivoire s\u2019est dote\u0301e de dix (10) unite\u0301s de cliniques mobiles de soins et de vaccination pour la se\u0301curite\u0301 sa ...\" \/>\n<meta property=\"og:url\" content=\"https:\/\/www.africa-press.net\/cotedivoire\/toutes-les-actualites\/dix-unites-mobiles-cliniques-de-soins-pour-la-securite-sanitaire-a-la-can-2023\" \/>\n<meta property=\"og:site_name\" content=\"C\u00f4te d&#039;Ivoire\" \/>\n<meta property=\"article:published_time\" content=\"2023-12-14T17:43:38+00:00\" \/>\n<meta property=\"article:modified_time\" content=\"2023-12-15T11:18:54+00:00\" \/>\n<meta property=\"og:image\" content=\"https:\/\/static.africa-press.net\/cote\/sites\/43\/2023\/12\/sm_1702564201.796878.jpg\" \/>\n\t<meta property=\"og:image:width\" content=\"720\" \/>\n\t<meta property=\"og:image:height\" content=\"416\" \/>\n\t<meta property=\"og:image:type\" content=\"image\/jpeg\" \/>\n<meta name=\"author\" content=\"cfeditorfr\" \/>\n<meta name=\"twitter:card\" content=\"summary_large_image\" \/>\n<meta name=\"twitter:label1\" content=\"\u00c9crit par\" \/>\n\t<meta name=\"twitter:data1\" content=\"cfeditorfr\" \/>\n\t<meta name=\"twitter:label2\" content=\"Dur\u00e9e de lecture estim\u00e9e\" \/>\n\t<meta name=\"twitter:data2\" content=\"2 minutes\" \/>\n<script type=\"application\/ld+json\" class=\"yoast-schema-graph\">{\"@context\":\"https:\/\/schema.org\",\"@graph\":[{\"@type\":\"Article\",\"@id\":\"https:\/\/www.africa-press.net\/cotedivoire\/toutes-les-actualites\/dix-unites-mobiles-cliniques-de-soins-pour-la-securite-sanitaire-a-la-can-2023#article\",\"isPartOf\":{\"@id\":\"https:\/\/www.africa-press.net\/cotedivoire\/toutes-les-actualites\/dix-unites-mobiles-cliniques-de-soins-pour-la-securite-sanitaire-a-la-can-2023\"},\"author\":{\"name\":\"cfeditorfr\",\"@id\":\"https:\/\/www.africa-press.net\/cotedivoire\/#\/schema\/person\/2b1cf3cd81a31e3cd26889ca66d677f1\"},\"headline\":\"Dix unit\u00e9s mobiles cliniques de soins pour la S\u00e9curit\u00e9 sanitaire \u00e0 la CAN 2023\",\"datePublished\":\"2023-12-14T17:43:38+00:00\",\"dateModified\":\"2023-12-15T11:18:54+00:00\",\"mainEntityOfPage\":{\"@id\":\"https:\/\/www.africa-press.net\/cotedivoire\/toutes-les-actualites\/dix-unites-mobiles-cliniques-de-soins-pour-la-securite-sanitaire-a-la-can-2023\"},\"wordCount\":340,\"commentCount\":0,\"image\":{\"@id\":\"https:\/\/www.africa-press.net\/cotedivoire\/toutes-les-actualites\/dix-unites-mobiles-cliniques-de-soins-pour-la-securite-sanitaire-a-la-can-2023#primaryimage\"},\"thumbnailUrl\":\"https:\/\/static.africa-press.net\/cote\/sites\/43\/2023\/12\/sm_1702564201.796878.jpg\",\"keywords\":[\"Africa Press\",\"Africa Press-C\u00f4te d'Ivoire\",\"CAN 2023\",\"cliniques\",\"C\u00d4TE D'IVOIRE\",\"mobiles\",\"sanitaire\",\"SECURITE\",\"unit\u00e9s\"],\"articleSection\":[\"Communaut\u00e9\",\"Toutes les actualit\u00e9s\"],\"inLanguage\":\"fr-FR\",\"potentialAction\":[{\"@type\":\"CommentAction\",\"name\":\"Comment\",\"target\":[\"https:\/\/www.africa-press.net\/cotedivoire\/toutes-les-actualites\/dix-unites-mobiles-cliniques-de-soins-pour-la-securite-sanitaire-a-la-can-2023#respond\"]}]},{\"@type\":\"WebPage\",\"@id\":\"https:\/\/www.africa-press.net\/cotedivoire\/toutes-les-actualites\/dix-unites-mobiles-cliniques-de-soins-pour-la-securite-sanitaire-a-la-can-2023\",\"url\":\"https:\/\/www.africa-press.net\/cotedivoire\/toutes-les-actualites\/dix-unites-mobiles-cliniques-de-soins-pour-la-securite-sanitaire-a-la-can-2023\",\"name\":\"Dix unit\u00e9s mobiles cliniques de soins pour la S\u00e9curit\u00e9 sanitaire \u00e0 la CAN 2023 - C\u00f4te d&#039;Ivoire\",\"isPartOf\":{\"@id\":\"https:\/\/www.africa-press.net\/cotedivoire\/#website\"},\"primaryImageOfPage\":{\"@id\":\"https:\/\/www.africa-press.net\/cotedivoire\/toutes-les-actualites\/dix-unites-mobiles-cliniques-de-soins-pour-la-securite-sanitaire-a-la-can-2023#primaryimage\"},\"image\":{\"@id\":\"https:\/\/www.africa-press.net\/cotedivoire\/toutes-les-actualites\/dix-unites-mobiles-cliniques-de-soins-pour-la-securite-sanitaire-a-la-can-2023#primaryimage\"},\"thumbnailUrl\":\"https:\/\/static.africa-press.net\/cote\/sites\/43\/2023\/12\/sm_1702564201.796878.jpg\",\"datePublished\":\"2023-12-14T17:43:38+00:00\",\"dateModified\":\"2023-12-15T11:18:54+00:00\",\"author\":{\"@id\":\"https:\/\/www.africa-press.net\/cotedivoire\/#\/schema\/person\/2b1cf3cd81a31e3cd26889ca66d677f1\"},\"description\":\"La Co\u0302te d\u2019Ivoire s\u2019est dote\u0301e de dix (10) unite\u0301s de cliniques mobiles de soins et de vaccination pour la se\u0301curite\u0301 sa ...\",\"breadcrumb\":{\"@id\":\"https:\/\/www.africa-press.net\/cotedivoire\/toutes-les-actualites\/dix-unites-mobiles-cliniques-de-soins-pour-la-securite-sanitaire-a-la-can-2023#breadcrumb\"},\"inLanguage\":\"fr-FR\",\"potentialAction\":[{\"@type\":\"ReadAction\",\"target\":[\"https:\/\/www.africa-press.net\/cotedivoire\/toutes-les-actualites\/dix-unites-mobiles-cliniques-de-soins-pour-la-securite-sanitaire-a-la-can-2023\"]}]},{\"@type\":\"ImageObject\",\"inLanguage\":\"fr-FR\",\"@id\":\"https:\/\/www.africa-press.net\/cotedivoire\/toutes-les-actualites\/dix-unites-mobiles-cliniques-de-soins-pour-la-securite-sanitaire-a-la-can-2023#primaryimage\",\"url\":\"https:\/\/static.africa-press.net\/cote\/sites\/43\/2023\/12\/sm_1702564201.796878.jpg\",\"contentUrl\":\"https:\/\/static.africa-press.net\/cote\/sites\/43\/2023\/12\/sm_1702564201.796878.jpg\",\"width\":720,\"height\":416,\"caption\":\"Dix unit\u00e9s mobiles cliniques de soins pour la S\u00e9curit\u00e9 sanitaire \u00e0 la CAN 2023\"},{\"@type\":\"BreadcrumbList\",\"@id\":\"https:\/\/www.africa-press.net\/cotedivoire\/toutes-les-actualites\/dix-unites-mobiles-cliniques-de-soins-pour-la-securite-sanitaire-a-la-can-2023#breadcrumb\",\"itemListElement\":[{\"@type\":\"ListItem\",\"position\":1,\"name\":\"Accueil\",\"item\":\"https:\/\/www.africa-press.net\/cotedivoire\/\"},{\"@type\":\"ListItem\",\"position\":2,\"name\":\"Dix unit\u00e9s mobiles cliniques de soins pour la S\u00e9curit\u00e9 sanitaire \u00e0 la CAN 2023\"}]},{\"@type\":\"WebSite\",\"@id\":\"https:\/\/www.africa-press.net\/cotedivoire\/#website\",\"url\":\"https:\/\/www.africa-press.net\/cotedivoire\/\",\"name\":\"C\u00f4te d&#039;Ivoire\",\"description\":\"Just another Africa News Agency Sites site\",\"potentialAction\":[{\"@type\":\"SearchAction\",\"target\":{\"@type\":\"EntryPoint\",\"urlTemplate\":\"https:\/\/www.africa-press.net\/cotedivoire\/?s={search_term_string}\"},\"query-input\":{\"@type\":\"PropertyValueSpecification\",\"valueRequired\":true,\"valueName\":\"search_term_string\"}}],\"inLanguage\":\"fr-FR\"},{\"@type\":\"Person\",\"@id\":\"https:\/\/www.africa-press.net\/cotedivoire\/#\/schema\/person\/2b1cf3cd81a31e3cd26889ca66d677f1\",\"name\":\"cfeditorfr\"}]}<\/script>\n<!-- \/ Yoast SEO Premium plugin. -->","yoast_head_json":{"title":"Dix unit\u00e9s mobiles cliniques de soins pour la S\u00e9curit\u00e9 sanitaire \u00e0 la CAN 2023 - C\u00f4te d&#039;Ivoire","description":"La Co\u0302te d\u2019Ivoire s\u2019est dote\u0301e de dix (10) unite\u0301s de cliniques mobiles de soins et de vaccination pour la se\u0301curite\u0301 sa ...","robots":{"index":"index","follow":"follow","max-snippet":"max-snippet:-1","max-image-preview":"max-image-preview:large","max-video-preview":"max-video-preview:-1"},"canonical":"https:\/\/www.africa-press.net\/cotedivoire\/toutes-les-actualites\/dix-unites-mobiles-cliniques-de-soins-pour-la-securite-sanitaire-a-la-can-2023","og_locale":"fr_FR","og_type":"article","og_title":"Dix unit\u00e9s mobiles cliniques de soins pour la S\u00e9curit\u00e9 sanitaire \u00e0 la CAN 2023","og_description":"La Co\u0302te d\u2019Ivoire s\u2019est dote\u0301e de dix (10) unite\u0301s de cliniques mobiles de soins et de vaccination pour la se\u0301curite\u0301 sa ...","og_url":"https:\/\/www.africa-press.net\/cotedivoire\/toutes-les-actualites\/dix-unites-mobiles-cliniques-de-soins-pour-la-securite-sanitaire-a-la-can-2023","og_site_name":"C\u00f4te d&#039;Ivoire","article_published_time":"2023-12-14T17:43:38+00:00","article_modified_time":"2023-12-15T11:18:54+00:00","og_image":[{"width":720,"height":416,"url":"https:\/\/static.africa-press.net\/cote\/sites\/43\/2023\/12\/sm_1702564201.796878.jpg","type":"image\/jpeg"}],"author":"cfeditorfr","twitter_card":"summary_large_image","twitter_misc":{"\u00c9crit par":"cfeditorfr","Dur\u00e9e de lecture estim\u00e9e":"2 minutes"},"schema":{"@context":"https:\/\/schema.org","@graph":[{"@type":"Article","@id":"https:\/\/www.africa-press.net\/cotedivoire\/toutes-les-actualites\/dix-unites-mobiles-cliniques-de-soins-pour-la-securite-sanitaire-a-la-can-2023#article","isPartOf":{"@id":"https:\/\/www.africa-press.net\/cotedivoire\/toutes-les-actualites\/dix-unites-mobiles-cliniques-de-soins-pour-la-securite-sanitaire-a-la-can-2023"},"author":{"name":"cfeditorfr","@id":"https:\/\/www.africa-press.net\/cotedivoire\/#\/schema\/person\/2b1cf3cd81a31e3cd26889ca66d677f1"},"headline":"Dix unit\u00e9s mobiles cliniques de soins pour la S\u00e9curit\u00e9 sanitaire \u00e0 la CAN 2023","datePublished":"2023-12-14T17:43:38+00:00","dateModified":"2023-12-15T11:18:54+00:00","mainEntityOfPage":{"@id":"https:\/\/www.africa-press.net\/cotedivoire\/toutes-les-actualites\/dix-unites-mobiles-cliniques-de-soins-pour-la-securite-sanitaire-a-la-can-2023"},"wordCount":340,"commentCount":0,"image":{"@id":"https:\/\/www.africa-press.net\/cotedivoire\/toutes-les-actualites\/dix-unites-mobiles-cliniques-de-soins-pour-la-securite-sanitaire-a-la-can-2023#primaryimage"},"thumbnailUrl":"https:\/\/static.africa-press.net\/cote\/sites\/43\/2023\/12\/sm_1702564201.796878.jpg","keywords":["Africa Press","Africa Press-C\u00f4te d'Ivoire","CAN 2023","cliniques","C\u00d4TE D'IVOIRE","mobiles","sanitaire","SECURITE","unit\u00e9s"],"articleSection":["Communaut\u00e9","Toutes les actualit\u00e9s"],"inLanguage":"fr-FR","potentialAction":[{"@type":"CommentAction","name":"Comment","target":["https:\/\/www.africa-press.net\/cotedivoire\/toutes-les-actualites\/dix-unites-mobiles-cliniques-de-soins-pour-la-securite-sanitaire-a-la-can-2023#respond"]}]},{"@type":"WebPage","@id":"https:\/\/www.africa-press.net\/cotedivoire\/toutes-les-actualites\/dix-unites-mobiles-cliniques-de-soins-pour-la-securite-sanitaire-a-la-can-2023","url":"https:\/\/www.africa-press.net\/cotedivoire\/toutes-les-actualites\/dix-unites-mobiles-cliniques-de-soins-pour-la-securite-sanitaire-a-la-can-2023","name":"Dix unit\u00e9s mobiles cliniques de soins pour la S\u00e9curit\u00e9 sanitaire \u00e0 la CAN 2023 - C\u00f4te d&#039;Ivoire","isPartOf":{"@id":"https:\/\/www.africa-press.net\/cotedivoire\/#website"},"primaryImageOfPage":{"@id":"https:\/\/www.africa-press.net\/cotedivoire\/toutes-les-actualites\/dix-unites-mobiles-cliniques-de-soins-pour-la-securite-sanitaire-a-la-can-2023#primaryimage"},"image":{"@id":"https:\/\/www.africa-press.net\/cotedivoire\/toutes-les-actualites\/dix-unites-mobiles-cliniques-de-soins-pour-la-securite-sanitaire-a-la-can-2023#primaryimage"},"thumbnailUrl":"https:\/\/static.africa-press.net\/cote\/sites\/43\/2023\/12\/sm_1702564201.796878.jpg","datePublished":"2023-12-14T17:43:38+00:00","dateModified":"2023-12-15T11:18:54+00:00","author":{"@id":"https:\/\/www.africa-press.net\/cotedivoire\/#\/schema\/person\/2b1cf3cd81a31e3cd26889ca66d677f1"},"description":"La Co\u0302te d\u2019Ivoire s\u2019est dote\u0301e de dix (10) unite\u0301s de cliniques mobiles de soins et de vaccination pour la se\u0301curite\u0301 sa ...","breadcrumb":{"@id":"https:\/\/www.africa-press.net\/cotedivoire\/toutes-les-actualites\/dix-unites-mobiles-cliniques-de-soins-pour-la-securite-sanitaire-a-la-can-2023#breadcrumb"},"inLanguage":"fr-FR","potentialAction":[{"@type":"ReadAction","target":["https:\/\/www.africa-press.net\/cotedivoire\/toutes-les-actualites\/dix-unites-mobiles-cliniques-de-soins-pour-la-securite-sanitaire-a-la-can-2023"]}]},{"@type":"ImageObject","inLanguage":"fr-FR","@id":"https:\/\/www.africa-press.net\/cotedivoire\/toutes-les-actualites\/dix-unites-mobiles-cliniques-de-soins-pour-la-securite-sanitaire-a-la-can-2023#primaryimage","url":"https:\/\/static.africa-press.net\/cote\/sites\/43\/2023\/12\/sm_1702564201.796878.jpg","contentUrl":"https:\/\/static.africa-press.net\/cote\/sites\/43\/2023\/12\/sm_1702564201.796878.jpg","width":720,"height":416,"caption":"Dix unit\u00e9s mobiles cliniques de soins pour la S\u00e9curit\u00e9 sanitaire \u00e0 la CAN 2023"},{"@type":"BreadcrumbList","@id":"https:\/\/www.africa-press.net\/cotedivoire\/toutes-les-actualites\/dix-unites-mobiles-cliniques-de-soins-pour-la-securite-sanitaire-a-la-can-2023#breadcrumb","itemListElement":[{"@type":"ListItem","position":1,"name":"Accueil","item":"https:\/\/www.africa-press.net\/cotedivoire\/"},{"@type":"ListItem","position":2,"name":"Dix unit\u00e9s mobiles cliniques de soins pour la S\u00e9curit\u00e9 sanitaire \u00e0 la CAN 2023"}]},{"@type":"WebSite","@id":"https:\/\/www.africa-press.net\/cotedivoire\/#website","url":"https:\/\/www.africa-press.net\/cotedivoire\/","name":"C\u00f4te d&#039;Ivoire","description":"Just another Africa News Agency Sites site","potentialAction":[{"@type":"SearchAction","target":{"@type":"EntryPoint","urlTemplate":"https:\/\/www.africa-press.net\/cotedivoire\/?s={search_term_string}"},"query-input":{"@type":"PropertyValueSpecification","valueRequired":true,"valueName":"search_term_string"}}],"inLanguage":"fr-FR"},{"@type":"Person","@id":"https:\/\/www.africa-press.net\/cotedivoire\/#\/schema\/person\/2b1cf3cd81a31e3cd26889ca66d677f1","name":"cfeditorfr"}]}},"_links":{"self":[{"href":"https:\/\/www.africa-press.net\/cotedivoire\/wp-json\/wp\/v2\/posts\/71433","targetHints":{"allow":["GET"]}}],"collection":[{"href":"https:\/\/www.africa-press.net\/cotedivoire\/wp-json\/wp\/v2\/posts"}],"about":[{"href":"https:\/\/www.africa-press.net\/cotedivoire\/wp-json\/wp\/v2\/types\/post"}],"author":[{"embeddable":true,"href":"https:\/\/www.africa-press.net\/cotedivoire\/wp-json\/wp\/v2\/users\/82"}],"replies":[{"embeddable":true,"href":"https:\/\/www.africa-press.net\/cotedivoire\/wp-json\/wp\/v2\/comments?post=71433"}],"version-history":[{"count":0,"href":"https:\/\/www.africa-press.net\/cotedivoire\/wp-json\/wp\/v2\/posts\/71433\/revisions"}],"wp:featuredmedia":[{"embeddable":true,"href":"https:\/\/www.africa-press.net\/cotedivoire\/wp-json\/wp\/v2\/media\/71432"}],"wp:attachment":[{"href":"https:\/\/www.africa-press.net\/cotedivoire\/wp-json\/wp\/v2\/media?parent=71433"}],"wp:term":[{"taxonomy":"category","embeddable":true,"href":"https:\/\/www.africa-press.net\/cotedivoire\/wp-json\/wp\/v2\/categories?post=71433"},{"taxonomy":"post_tag","embeddable":true,"href":"https:\/\/www.africa-press.net\/cotedivoire\/wp-json\/wp\/v2\/tags?post=71433"}],"curies":[{"name":"wp","href":"https:\/\/api.w.org\/{rel}","templated":true}]}}