{"id":71523,"date":"2023-12-15T15:07:34","date_gmt":"2023-12-15T15:07:34","guid":{"rendered":"https:\/\/www.africa-press.net\/cotedivoire\/politique\/commune-taxee-de-tous-les-vices-adjame-annonce-un-festival-pour-soigner-son-image"},"modified":"2023-12-15T16:41:31","modified_gmt":"2023-12-15T16:41:31","slug":"commune-taxee-de-tous-les-vices-adjame-annonce-un-festival-pour-soigner-son-image","status":"publish","type":"post","link":"https:\/\/www.africa-press.net\/cotedivoire\/culture-et-art\/commune-taxee-de-tous-les-vices-adjame-annonce-un-festival-pour-soigner-son-image","title":{"rendered":"Commune tax\u00e9e de tous les vices, Adjam\u00e9 annonce un festival pour soigner son image"},"content":{"rendered":"<p><span style=\"color: #ff6600\"><strong>Africa-Press &#8211; C\u00f4te d&rsquo;Ivoire. <\/strong><\/span>Briser les ste\u0301re\u0301otypes et toutes les ide\u0301es arre\u0302te\u0301es sur la commune d&rsquo;Adjame\u0301. C&rsquo;est l&rsquo;objectif recherche\u0301 par les initiateurs du Festival des Retrouvailles d&rsquo;Adjamtala (FERA), pre\u0301vu du 23 au 24 de\u0301cembre prochain au parking du quartier Habitat-extension de ladite commune.<\/p>\n<p>Pour Ago Kouame\u0301 Roland, commissaire ge\u0301ne\u0301ral du festival, ces deux jours de ce\u0301le\u0301bration seront une occasion pour la jeunesse d&rsquo;Adjame\u0301 dans son ensemble, de montrer a\u0300 la Co\u0302te d&rsquo;Ivoire tout entie\u0300re, une image autre que celle qu&rsquo;on a toujours projete\u0301e sur la commune che\u0300re au maire Soumahoro Farikou.<\/p>\n<p>\u00a0\u00bb C&rsquo;est une occasion que nous allons saisir pour montrer au monde qu\u2019Adjame\u0301 n\u2019est pas une commune de voyous et de vagabonds. Il y a des jeunes re\u0301fle\u0301chis et studieux qui sont des mode\u0300les a\u0300 l\u2019image de Ge\u0301rard Bohui, parrain de la 3e e\u0301dition du FERA. Nous voulons rassembler toutes les filles et tous les fils de cette commune autour de ce festival pour des retrouvailles, mais surtout penser a\u0300 l\u2019insertion socioprofessionnelle de ceux d&rsquo;entre nous en que\u0302te d&#8217;emploi et surtout re\u0301fle\u0301chir au de\u0301veloppement de cette belle cite\u0301\u00a0\u00bb, a explique\u0301 le commissaire ge\u0301ne\u0301ral du FERA.<\/p>\n<p>Ce festival selon le PCO Diomande\u0301 Dally et Julien Kragba, charge\u0301 de communication, sera meuble\u0301 par des matchs de football (masculin et fe\u0301minin), un maquis ge\u0301ant avec des artistes de renom qui gratifieront les populations des prestations e\u0301poustouflantes, un arbre de noe\u0308l pour offrir des cadeaux aux mo\u0302mes .<\/p>\n<p>La 3e e\u0301dition du FERA sera aussi l&rsquo;occasion toute trouve\u0301e par les initiateurs pour rendre un vibrant hommage a\u0300 Ge\u0301rard Bohui, parrain de l&rsquo;e\u0301ve\u0301nement, qui est aujourd&rsquo;hui un mode\u0300le pour de nombreux jeunes \u00ab\u00a0Adjamelais\u00a0\u00bb. A l&rsquo;origine de plusieurs initiatives en faveur des jeunes de cette cite\u0301, Ge\u0301rard Bohui recevra en retour la reconnaissance de toute une jeunesse pour qui il est un exemple.<\/p>\n<p><strong>Pour plus d&rsquo;informations et d&rsquo;analyses sur la <a href=\"https:\/\/www.africa-press.net\/cotedivoire\">C\u00f4te d&rsquo;Ivoire<\/a>, suivez <a href=\"https:\/\/www.africa-press.net\/\">Africa-Press<\/a><\/strong><\/p>\n","protected":false},"excerpt":{"rendered":"<p>Africa-Press &#8211; C\u00f4te d&rsquo;Ivoire. Briser les ste\u0301re\u0301otypes et toutes les ide\u0301es arre\u0302te\u0301es sur la commune d&rsquo;Adjame\u0301. C&rsquo;est l&rsquo;objectif recherche\u0301 par les initiateurs du Festival des Retrouvailles d&rsquo;Adjamtala (FERA), pre\u0301vu du 23 au 24 de\u0301cembre prochain au parking du quartier Habitat-extension de ladite commune. Pour Ago Kouame\u0301 Roland, commissaire ge\u0301ne\u0301ral du festival, ces deux jours de [&hellip;]<\/p>\n","protected":false},"author":82,"featured_media":71521,"comment_status":"open","ping_status":"closed","sticky":false,"template":"","format":"standard","meta":{"footnotes":""},"categories":[5,10],"tags":[418,56,63,29,12088,2307,12087,12089,1726],"class_list":["post-71523","post","type-post","status-publish","format-standard","has-post-thumbnail","hentry","category-culture-et-art","category-toutes-les-actualites","tag-adjame","tag-africa-press","tag-africa-press-cote-divoire","tag-cote-divoire","tag-diomande-dally","tag-festival","tag-image","tag-julien-kragba","tag-soigner"],"yoast_head":"<!-- This site is optimized with the Yoast SEO Premium plugin v26.1 (Yoast SEO v27.0) - https:\/\/yoast.com\/product\/yoast-seo-premium-wordpress\/ -->\n<title>Commune tax\u00e9e de tous les vices, Adjam\u00e9 annonce un festival pour soigner son image - C\u00f4te d&#039;Ivoire<\/title>\n<meta name=\"description\" content=\"Briser les ste\u0301re\u0301otypes et toutes les ide\u0301es arre\u0302te\u0301es sur la commune d&#039;Adjame\u0301. C&#039;est l&#039;objectif recherche\u0301 par les i ...\" \/>\n<meta name=\"robots\" content=\"index, follow, max-snippet:-1, max-image-preview:large, max-video-preview:-1\" \/>\n<link rel=\"canonical\" href=\"https:\/\/www.africa-press.net\/cotedivoire\/culture-et-art\/commune-taxee-de-tous-les-vices-adjame-annonce-un-festival-pour-soigner-son-image\" \/>\n<meta property=\"og:locale\" content=\"fr_FR\" \/>\n<meta property=\"og:type\" content=\"article\" \/>\n<meta property=\"og:title\" content=\"Commune tax\u00e9e de tous les vices, Adjam\u00e9 annonce un festival pour soigner son image\" \/>\n<meta property=\"og:description\" content=\"Briser les ste\u0301re\u0301otypes et toutes les ide\u0301es arre\u0302te\u0301es sur la commune d&#039;Adjame\u0301. C&#039;est l&#039;objectif recherche\u0301 par les i ...\" \/>\n<meta property=\"og:url\" content=\"https:\/\/www.africa-press.net\/cotedivoire\/culture-et-art\/commune-taxee-de-tous-les-vices-adjame-annonce-un-festival-pour-soigner-son-image\" \/>\n<meta property=\"og:site_name\" content=\"C\u00f4te d&#039;Ivoire\" \/>\n<meta property=\"article:published_time\" content=\"2023-12-15T15:07:34+00:00\" \/>\n<meta property=\"article:modified_time\" content=\"2023-12-15T16:41:31+00:00\" \/>\n<meta property=\"og:image\" content=\"https:\/\/static.africa-press.net\/cote\/sites\/43\/2023\/12\/sm_1702645809.321132.jpg\" \/>\n\t<meta property=\"og:image:width\" content=\"1280\" \/>\n\t<meta property=\"og:image:height\" content=\"720\" \/>\n\t<meta property=\"og:image:type\" content=\"image\/jpeg\" \/>\n<meta name=\"author\" content=\"cfeditorfr\" \/>\n<meta name=\"twitter:card\" content=\"summary_large_image\" \/>\n<meta name=\"twitter:label1\" content=\"\u00c9crit par\" \/>\n\t<meta name=\"twitter:data1\" content=\"cfeditorfr\" \/>\n\t<meta name=\"twitter:label2\" content=\"Dur\u00e9e de lecture estim\u00e9e\" \/>\n\t<meta name=\"twitter:data2\" content=\"2 minutes\" \/>\n<script type=\"application\/ld+json\" class=\"yoast-schema-graph\">{\"@context\":\"https:\/\/schema.org\",\"@graph\":[{\"@type\":\"Article\",\"@id\":\"https:\/\/www.africa-press.net\/cotedivoire\/culture-et-art\/commune-taxee-de-tous-les-vices-adjame-annonce-un-festival-pour-soigner-son-image#article\",\"isPartOf\":{\"@id\":\"https:\/\/www.africa-press.net\/cotedivoire\/culture-et-art\/commune-taxee-de-tous-les-vices-adjame-annonce-un-festival-pour-soigner-son-image\"},\"author\":{\"name\":\"cfeditorfr\",\"@id\":\"https:\/\/www.africa-press.net\/cotedivoire\/#\/schema\/person\/2b1cf3cd81a31e3cd26889ca66d677f1\"},\"headline\":\"Commune tax\u00e9e de tous les vices, Adjam\u00e9 annonce un festival pour soigner son image\",\"datePublished\":\"2023-12-15T15:07:34+00:00\",\"dateModified\":\"2023-12-15T16:41:31+00:00\",\"mainEntityOfPage\":{\"@id\":\"https:\/\/www.africa-press.net\/cotedivoire\/culture-et-art\/commune-taxee-de-tous-les-vices-adjame-annonce-un-festival-pour-soigner-son-image\"},\"wordCount\":382,\"commentCount\":0,\"image\":{\"@id\":\"https:\/\/www.africa-press.net\/cotedivoire\/culture-et-art\/commune-taxee-de-tous-les-vices-adjame-annonce-un-festival-pour-soigner-son-image#primaryimage\"},\"thumbnailUrl\":\"https:\/\/static.africa-press.net\/cote\/sites\/43\/2023\/12\/sm_1702645809.321132.jpg\",\"keywords\":[\"Adjam\u00e9\",\"Africa Press\",\"Africa Press-C\u00f4te d'Ivoire\",\"C\u00d4TE D'IVOIRE\",\"Diomand\u00e9 Dally\",\"Festival\",\"image\",\"Julien Kragba\",\"soigner\"],\"articleSection\":[\"Culture et Art\",\"Toutes les actualit\u00e9s\"],\"inLanguage\":\"fr-FR\",\"potentialAction\":[{\"@type\":\"CommentAction\",\"name\":\"Comment\",\"target\":[\"https:\/\/www.africa-press.net\/cotedivoire\/culture-et-art\/commune-taxee-de-tous-les-vices-adjame-annonce-un-festival-pour-soigner-son-image#respond\"]}]},{\"@type\":\"WebPage\",\"@id\":\"https:\/\/www.africa-press.net\/cotedivoire\/culture-et-art\/commune-taxee-de-tous-les-vices-adjame-annonce-un-festival-pour-soigner-son-image\",\"url\":\"https:\/\/www.africa-press.net\/cotedivoire\/culture-et-art\/commune-taxee-de-tous-les-vices-adjame-annonce-un-festival-pour-soigner-son-image\",\"name\":\"Commune tax\u00e9e de tous les vices, Adjam\u00e9 annonce un festival pour soigner son image - C\u00f4te d&#039;Ivoire\",\"isPartOf\":{\"@id\":\"https:\/\/www.africa-press.net\/cotedivoire\/#website\"},\"primaryImageOfPage\":{\"@id\":\"https:\/\/www.africa-press.net\/cotedivoire\/culture-et-art\/commune-taxee-de-tous-les-vices-adjame-annonce-un-festival-pour-soigner-son-image#primaryimage\"},\"image\":{\"@id\":\"https:\/\/www.africa-press.net\/cotedivoire\/culture-et-art\/commune-taxee-de-tous-les-vices-adjame-annonce-un-festival-pour-soigner-son-image#primaryimage\"},\"thumbnailUrl\":\"https:\/\/static.africa-press.net\/cote\/sites\/43\/2023\/12\/sm_1702645809.321132.jpg\",\"datePublished\":\"2023-12-15T15:07:34+00:00\",\"dateModified\":\"2023-12-15T16:41:31+00:00\",\"author\":{\"@id\":\"https:\/\/www.africa-press.net\/cotedivoire\/#\/schema\/person\/2b1cf3cd81a31e3cd26889ca66d677f1\"},\"description\":\"Briser les ste\u0301re\u0301otypes et toutes les ide\u0301es arre\u0302te\u0301es sur la commune d'Adjame\u0301. C'est l'objectif recherche\u0301 par les i ...\",\"breadcrumb\":{\"@id\":\"https:\/\/www.africa-press.net\/cotedivoire\/culture-et-art\/commune-taxee-de-tous-les-vices-adjame-annonce-un-festival-pour-soigner-son-image#breadcrumb\"},\"inLanguage\":\"fr-FR\",\"potentialAction\":[{\"@type\":\"ReadAction\",\"target\":[\"https:\/\/www.africa-press.net\/cotedivoire\/culture-et-art\/commune-taxee-de-tous-les-vices-adjame-annonce-un-festival-pour-soigner-son-image\"]}]},{\"@type\":\"ImageObject\",\"inLanguage\":\"fr-FR\",\"@id\":\"https:\/\/www.africa-press.net\/cotedivoire\/culture-et-art\/commune-taxee-de-tous-les-vices-adjame-annonce-un-festival-pour-soigner-son-image#primaryimage\",\"url\":\"https:\/\/static.africa-press.net\/cote\/sites\/43\/2023\/12\/sm_1702645809.321132.jpg\",\"contentUrl\":\"https:\/\/static.africa-press.net\/cote\/sites\/43\/2023\/12\/sm_1702645809.321132.jpg\",\"width\":1280,\"height\":720,\"caption\":\"Commune tax\u00e9e de tous les vices, Adjam\u00e9 annonce un festival pour soigner son image\"},{\"@type\":\"BreadcrumbList\",\"@id\":\"https:\/\/www.africa-press.net\/cotedivoire\/culture-et-art\/commune-taxee-de-tous-les-vices-adjame-annonce-un-festival-pour-soigner-son-image#breadcrumb\",\"itemListElement\":[{\"@type\":\"ListItem\",\"position\":1,\"name\":\"Accueil\",\"item\":\"https:\/\/www.africa-press.net\/cotedivoire\/\"},{\"@type\":\"ListItem\",\"position\":2,\"name\":\"Commune tax\u00e9e de tous les vices, Adjam\u00e9 annonce un festival pour soigner son image\"}]},{\"@type\":\"WebSite\",\"@id\":\"https:\/\/www.africa-press.net\/cotedivoire\/#website\",\"url\":\"https:\/\/www.africa-press.net\/cotedivoire\/\",\"name\":\"C\u00f4te d&#039;Ivoire\",\"description\":\"Just another Africa News Agency Sites site\",\"potentialAction\":[{\"@type\":\"SearchAction\",\"target\":{\"@type\":\"EntryPoint\",\"urlTemplate\":\"https:\/\/www.africa-press.net\/cotedivoire\/?s={search_term_string}\"},\"query-input\":{\"@type\":\"PropertyValueSpecification\",\"valueRequired\":true,\"valueName\":\"search_term_string\"}}],\"inLanguage\":\"fr-FR\"},{\"@type\":\"Person\",\"@id\":\"https:\/\/www.africa-press.net\/cotedivoire\/#\/schema\/person\/2b1cf3cd81a31e3cd26889ca66d677f1\",\"name\":\"cfeditorfr\"}]}<\/script>\n<!-- \/ Yoast SEO Premium plugin. -->","yoast_head_json":{"title":"Commune tax\u00e9e de tous les vices, Adjam\u00e9 annonce un festival pour soigner son image - C\u00f4te d&#039;Ivoire","description":"Briser les ste\u0301re\u0301otypes et toutes les ide\u0301es arre\u0302te\u0301es sur la commune d'Adjame\u0301. C'est l'objectif recherche\u0301 par les i ...","robots":{"index":"index","follow":"follow","max-snippet":"max-snippet:-1","max-image-preview":"max-image-preview:large","max-video-preview":"max-video-preview:-1"},"canonical":"https:\/\/www.africa-press.net\/cotedivoire\/culture-et-art\/commune-taxee-de-tous-les-vices-adjame-annonce-un-festival-pour-soigner-son-image","og_locale":"fr_FR","og_type":"article","og_title":"Commune tax\u00e9e de tous les vices, Adjam\u00e9 annonce un festival pour soigner son image","og_description":"Briser les ste\u0301re\u0301otypes et toutes les ide\u0301es arre\u0302te\u0301es sur la commune d'Adjame\u0301. C'est l'objectif recherche\u0301 par les i ...","og_url":"https:\/\/www.africa-press.net\/cotedivoire\/culture-et-art\/commune-taxee-de-tous-les-vices-adjame-annonce-un-festival-pour-soigner-son-image","og_site_name":"C\u00f4te d&#039;Ivoire","article_published_time":"2023-12-15T15:07:34+00:00","article_modified_time":"2023-12-15T16:41:31+00:00","og_image":[{"width":1280,"height":720,"url":"https:\/\/static.africa-press.net\/cote\/sites\/43\/2023\/12\/sm_1702645809.321132.jpg","type":"image\/jpeg"}],"author":"cfeditorfr","twitter_card":"summary_large_image","twitter_misc":{"\u00c9crit par":"cfeditorfr","Dur\u00e9e de lecture estim\u00e9e":"2 minutes"},"schema":{"@context":"https:\/\/schema.org","@graph":[{"@type":"Article","@id":"https:\/\/www.africa-press.net\/cotedivoire\/culture-et-art\/commune-taxee-de-tous-les-vices-adjame-annonce-un-festival-pour-soigner-son-image#article","isPartOf":{"@id":"https:\/\/www.africa-press.net\/cotedivoire\/culture-et-art\/commune-taxee-de-tous-les-vices-adjame-annonce-un-festival-pour-soigner-son-image"},"author":{"name":"cfeditorfr","@id":"https:\/\/www.africa-press.net\/cotedivoire\/#\/schema\/person\/2b1cf3cd81a31e3cd26889ca66d677f1"},"headline":"Commune tax\u00e9e de tous les vices, Adjam\u00e9 annonce un festival pour soigner son image","datePublished":"2023-12-15T15:07:34+00:00","dateModified":"2023-12-15T16:41:31+00:00","mainEntityOfPage":{"@id":"https:\/\/www.africa-press.net\/cotedivoire\/culture-et-art\/commune-taxee-de-tous-les-vices-adjame-annonce-un-festival-pour-soigner-son-image"},"wordCount":382,"commentCount":0,"image":{"@id":"https:\/\/www.africa-press.net\/cotedivoire\/culture-et-art\/commune-taxee-de-tous-les-vices-adjame-annonce-un-festival-pour-soigner-son-image#primaryimage"},"thumbnailUrl":"https:\/\/static.africa-press.net\/cote\/sites\/43\/2023\/12\/sm_1702645809.321132.jpg","keywords":["Adjam\u00e9","Africa Press","Africa Press-C\u00f4te d'Ivoire","C\u00d4TE D'IVOIRE","Diomand\u00e9 Dally","Festival","image","Julien Kragba","soigner"],"articleSection":["Culture et Art","Toutes les actualit\u00e9s"],"inLanguage":"fr-FR","potentialAction":[{"@type":"CommentAction","name":"Comment","target":["https:\/\/www.africa-press.net\/cotedivoire\/culture-et-art\/commune-taxee-de-tous-les-vices-adjame-annonce-un-festival-pour-soigner-son-image#respond"]}]},{"@type":"WebPage","@id":"https:\/\/www.africa-press.net\/cotedivoire\/culture-et-art\/commune-taxee-de-tous-les-vices-adjame-annonce-un-festival-pour-soigner-son-image","url":"https:\/\/www.africa-press.net\/cotedivoire\/culture-et-art\/commune-taxee-de-tous-les-vices-adjame-annonce-un-festival-pour-soigner-son-image","name":"Commune tax\u00e9e de tous les vices, Adjam\u00e9 annonce un festival pour soigner son image - C\u00f4te d&#039;Ivoire","isPartOf":{"@id":"https:\/\/www.africa-press.net\/cotedivoire\/#website"},"primaryImageOfPage":{"@id":"https:\/\/www.africa-press.net\/cotedivoire\/culture-et-art\/commune-taxee-de-tous-les-vices-adjame-annonce-un-festival-pour-soigner-son-image#primaryimage"},"image":{"@id":"https:\/\/www.africa-press.net\/cotedivoire\/culture-et-art\/commune-taxee-de-tous-les-vices-adjame-annonce-un-festival-pour-soigner-son-image#primaryimage"},"thumbnailUrl":"https:\/\/static.africa-press.net\/cote\/sites\/43\/2023\/12\/sm_1702645809.321132.jpg","datePublished":"2023-12-15T15:07:34+00:00","dateModified":"2023-12-15T16:41:31+00:00","author":{"@id":"https:\/\/www.africa-press.net\/cotedivoire\/#\/schema\/person\/2b1cf3cd81a31e3cd26889ca66d677f1"},"description":"Briser les ste\u0301re\u0301otypes et toutes les ide\u0301es arre\u0302te\u0301es sur la commune d'Adjame\u0301. C'est l'objectif recherche\u0301 par les i ...","breadcrumb":{"@id":"https:\/\/www.africa-press.net\/cotedivoire\/culture-et-art\/commune-taxee-de-tous-les-vices-adjame-annonce-un-festival-pour-soigner-son-image#breadcrumb"},"inLanguage":"fr-FR","potentialAction":[{"@type":"ReadAction","target":["https:\/\/www.africa-press.net\/cotedivoire\/culture-et-art\/commune-taxee-de-tous-les-vices-adjame-annonce-un-festival-pour-soigner-son-image"]}]},{"@type":"ImageObject","inLanguage":"fr-FR","@id":"https:\/\/www.africa-press.net\/cotedivoire\/culture-et-art\/commune-taxee-de-tous-les-vices-adjame-annonce-un-festival-pour-soigner-son-image#primaryimage","url":"https:\/\/static.africa-press.net\/cote\/sites\/43\/2023\/12\/sm_1702645809.321132.jpg","contentUrl":"https:\/\/static.africa-press.net\/cote\/sites\/43\/2023\/12\/sm_1702645809.321132.jpg","width":1280,"height":720,"caption":"Commune tax\u00e9e de tous les vices, Adjam\u00e9 annonce un festival pour soigner son image"},{"@type":"BreadcrumbList","@id":"https:\/\/www.africa-press.net\/cotedivoire\/culture-et-art\/commune-taxee-de-tous-les-vices-adjame-annonce-un-festival-pour-soigner-son-image#breadcrumb","itemListElement":[{"@type":"ListItem","position":1,"name":"Accueil","item":"https:\/\/www.africa-press.net\/cotedivoire\/"},{"@type":"ListItem","position":2,"name":"Commune tax\u00e9e de tous les vices, Adjam\u00e9 annonce un festival pour soigner son image"}]},{"@type":"WebSite","@id":"https:\/\/www.africa-press.net\/cotedivoire\/#website","url":"https:\/\/www.africa-press.net\/cotedivoire\/","name":"C\u00f4te d&#039;Ivoire","description":"Just another Africa News Agency Sites site","potentialAction":[{"@type":"SearchAction","target":{"@type":"EntryPoint","urlTemplate":"https:\/\/www.africa-press.net\/cotedivoire\/?s={search_term_string}"},"query-input":{"@type":"PropertyValueSpecification","valueRequired":true,"valueName":"search_term_string"}}],"inLanguage":"fr-FR"},{"@type":"Person","@id":"https:\/\/www.africa-press.net\/cotedivoire\/#\/schema\/person\/2b1cf3cd81a31e3cd26889ca66d677f1","name":"cfeditorfr"}]}},"_links":{"self":[{"href":"https:\/\/www.africa-press.net\/cotedivoire\/wp-json\/wp\/v2\/posts\/71523","targetHints":{"allow":["GET"]}}],"collection":[{"href":"https:\/\/www.africa-press.net\/cotedivoire\/wp-json\/wp\/v2\/posts"}],"about":[{"href":"https:\/\/www.africa-press.net\/cotedivoire\/wp-json\/wp\/v2\/types\/post"}],"author":[{"embeddable":true,"href":"https:\/\/www.africa-press.net\/cotedivoire\/wp-json\/wp\/v2\/users\/82"}],"replies":[{"embeddable":true,"href":"https:\/\/www.africa-press.net\/cotedivoire\/wp-json\/wp\/v2\/comments?post=71523"}],"version-history":[{"count":0,"href":"https:\/\/www.africa-press.net\/cotedivoire\/wp-json\/wp\/v2\/posts\/71523\/revisions"}],"wp:featuredmedia":[{"embeddable":true,"href":"https:\/\/www.africa-press.net\/cotedivoire\/wp-json\/wp\/v2\/media\/71521"}],"wp:attachment":[{"href":"https:\/\/www.africa-press.net\/cotedivoire\/wp-json\/wp\/v2\/media?parent=71523"}],"wp:term":[{"taxonomy":"category","embeddable":true,"href":"https:\/\/www.africa-press.net\/cotedivoire\/wp-json\/wp\/v2\/categories?post=71523"},{"taxonomy":"post_tag","embeddable":true,"href":"https:\/\/www.africa-press.net\/cotedivoire\/wp-json\/wp\/v2\/tags?post=71523"}],"curies":[{"name":"wp","href":"https:\/\/api.w.org\/{rel}","templated":true}]}}