{"id":71976,"date":"2023-12-22T17:29:13","date_gmt":"2023-12-22T17:29:13","guid":{"rendered":"https:\/\/www.africa-press.net\/cotedivoire\/politique\/pour-2024-anne-ouloto-engage-le-combat-des-reunions-sans-papiers-et-veut-atteindre-lobjectif-de-03-mois-maximum-pour-le-premier-mandatement-a-la-fonction-publique"},"modified":"2023-12-23T11:43:53","modified_gmt":"2023-12-23T11:43:53","slug":"pour-2024-anne-ouloto-engage-le-combat-des-reunions-sans-papiers-et-veut-atteindre-lobjectif-de-03-mois-maximum-pour-le-premier-mandatement-a-la-fonction-publique","status":"publish","type":"post","link":"https:\/\/www.africa-press.net\/cotedivoire\/toutes-les-actualites\/pour-2024-anne-ouloto-engage-le-combat-des-reunions-sans-papiers-et-veut-atteindre-lobjectif-de-03-mois-maximum-pour-le-premier-mandatement-a-la-fonction-publique","title":{"rendered":"Pour  2024, Anne Ouloto engage le combat des r\u00e9unions sans papiers et veut atteindre l&rsquo;objectif de  03  mois maximum pour le premier mandatement \u00e0 la Fonction Publique"},"content":{"rendered":"<p><span style=\"color: #ff6600\"><strong>Africa-Press &#8211; C\u00f4te d&rsquo;Ivoire. <\/strong><\/span>Les conclusions de l\u2019atelier bilan des projets et activite\u0301s 2023 du Ministe\u0300re d\u2019Etat et orientations 2024 pour la modernisation et la performance de l\u2019Administration Publique ivoirienne, tenu du 19 au 21 decembre 2023 a\u0300 l\u2019ENA (Abidjan-Cocody), ont e\u0301te\u0301 remises le jeudi a\u0300 Madame la Ministre d\u2019Etat, de la Fonction Publique et de a Modernisation de l\u2019Administration.<\/p>\n<p>Apre\u0300s avoir rec\u0327u les documents de la synthe\u0300se, Madame la Ministre a salue\u0301 le bon travail de ses collaborateurs qui sans faux fuyant ont releve\u0301 les activite\u0301s re\u0301alise\u0301es en 2023 par les diffe\u0301rentes unite\u0301s administratives dans le cadre de l\u2019exe\u0301cution de leurs lettres de mission et e\u0301galement les difficulte\u0301s.<\/p>\n<p>Selon elle, l\u2019anne\u0301e 2024 s\u2019annonce comme une anne\u0301e charnie\u0300re, ou\u0300 il faudra maintenir la paix sociale avec les travailleurs et syndicats.<\/p>\n<p>\u00ab Il y a eu certes des difficulte\u0301s, mais en tout cas les responsables de la Fonction Publique veulent ame\u0301liorer leurs performances. Ils veulent atteindre la totalite\u0301 de leurs objectifs en lien avec la vision du Pre\u0301sident de la Re\u0301publique et c\u2019est tout a\u0300 leur honneur. Je les fe\u0301licite et je dis aux ivoiriens que la Fonction Publique est vraiment a\u0300 leur service. J\u2019ai vu a\u0300 travers les reformes re\u0301alise\u0301es et les difficulte\u0301s rencontre\u0301es que notre mission est d\u2019accompagnement d\u2019usager client, de la carrie\u0300re des fonctionnaires, dans l\u2019exe\u0301cution des ta\u0302ches des fonctionnaires et me\u0302me de l\u2019usager client exte\u0301rieur a\u0300 la Fonction Publique tout cela a fait partie de leurs priorite\u0301s \u00bb, a-t-elle indique\u0301.<\/p>\n<p>Anne Ouloto a affirme\u0301 que, de fac\u0327on globale, elle remarque qu\u2019environ 90% des ta\u0302ches pre\u0301vues ont e\u0301te\u0301 re\u0301alise\u0301es.<\/p>\n<p>\u00ab C\u2019est un bon bilan \u00bb, a-t-elle martele\u0301, et de poursuivre. \u00ab Je remarque e\u0301galement que sans faux fuyant, on a aborde\u0301 les proble\u0300mes internes. Et ceux qui rele\u0300vent de l\u2019exte\u0301rieur. Des solutions seront apporte\u0301es. Nous avons passe\u0301 en revue tout ce qui est en lien avec le capital humain, la vie sociale au sein de la Fonction Publique. \u00bb<\/p>\n<p>Elle et ses collaborateurs promettre de maintenir le cap en 2024. \u00ab Nous allons aller au-dela\u0300 de ce que nous avons pu re\u0301aliser en 2023. Il faut mettre en avant la ne\u0301cessite\u0301, la satisfaction totale de l\u2019usager. Comment en faire en sorte que les de\u0301lais de signature des actes soient meilleurs (&#8230;) Nous poursuivons nos re\u0301flexions pour trouver des solutions les plus innovantes en la matie\u0300re (&#8230;)<\/p>\n<p>En ce qui concerne le mandatement des premiers fonctionnaires, la Ministre a incite\u0301 ses collaborateurs a\u0300 faire en sorte d\u2019atteindre les objectifs de trois (03) mois maximum dans tous les secteurs d\u2019activite\u0301s.<\/p>\n<p>\u00ab En matie\u0300re de premier mandatement, nous faisons en sorte que nous atteignons nos objectifs de trois (03) mois maximum dans tous les secteurs d\u2019activite\u0301s et cela va ne\u0301cessiter naturellement des efforts pour tous pour que les fonctionnaires nouveaux puissent retrouver une stabilite\u0301 dans leur vie (&#8230;) \u00bb, a-t-elle soutenu, et de relever.<\/p>\n<p>\u00ab Nous avons pris l\u2019engagement de faire en sorte que en tant que Ministe\u0300re de la Fonction Publique et de la Modernisation de l\u2019administration de faire nos re\u0301unions sans papiers (&#8230;). Les budgets destine\u0301s a\u0300 l\u2019achat des papiers seront e\u0301conomise\u0301s pour acce\u0301le\u0301rer l\u2019acquisition des mate\u0301riels informatiques et faire en sorte d\u2019e\u0302tre plus efficaces et e\u0302tre en me\u0302me de suivre la dynamique suivie par le pre\u0301sident de la re\u0301publique qui est cette co\u0302te d\u2019ivoire moderne digitalise\u0301e. Cela nous permettra d\u2019e\u0302tre prompts a\u0300 re\u0301agir face aux pre\u0301occupations des citoyens pour e\u0302tre efficaces et diligents dans le traitement des diffe\u0301rents dossiers (&#8230;) \u00bb, a fait savoir la Ministre d\u2019Etat, de la Fonction Publique et de a Modernisation de l\u2019Administration, Anne De\u0301sire\u0301e Ouloto.<\/p>\n<p><strong>Pour plus d&rsquo;informations et d&rsquo;analyses sur la <a href=\"https:\/\/www.africa-press.net\/cotedivoire\">C\u00f4te d&rsquo;Ivoire<\/a>, suivez <a href=\"https:\/\/www.africa-press.net\/\">Africa-Press<\/a><\/strong><\/p>\n","protected":false},"excerpt":{"rendered":"<p>Africa-Press &#8211; C\u00f4te d&rsquo;Ivoire. Les conclusions de l\u2019atelier bilan des projets et activite\u0301s 2023 du Ministe\u0300re d\u2019Etat et orientations 2024 pour la modernisation et la performance de l\u2019Administration Publique ivoirienne, tenu du 19 au 21 decembre 2023 a\u0300 l\u2019ENA (Abidjan-Cocody), ont e\u0301te\u0301 remises le jeudi a\u0300 Madame la Ministre d\u2019Etat, de la Fonction Publique et [&hellip;]<\/p>\n","protected":false},"author":82,"featured_media":71975,"comment_status":"open","ping_status":"closed","sticky":false,"template":"","format":"standard","meta":{"footnotes":""},"categories":[21,10],"tags":[56,63,1687,1185,12187,29,2341,12188,3316],"class_list":["post-71976","post","type-post","status-publish","format-standard","has-post-thumbnail","hentry","category-communaute","category-toutes-les-actualites","tag-africa-press","tag-africa-press-cote-divoire","tag-anne-ouloto","tag-atelier","tag-conclusions","tag-cote-divoire","tag-fonction","tag-mandatement","tag-publique"],"yoast_head":"<!-- This site is optimized with the Yoast SEO Premium plugin v26.1 (Yoast SEO v27.0) - https:\/\/yoast.com\/product\/yoast-seo-premium-wordpress\/ -->\n<title>Pour 2024, Anne Ouloto engage le combat des r\u00e9unions sans papiers et veut atteindre l&#039;objectif de 03 mois maximum pour le premier mandatement \u00e0 la Fonction Publique - C\u00f4te d&#039;Ivoire<\/title>\n<meta name=\"description\" content=\"Les conclusions de l\u2019atelier bilan des projets et activite\u0301s 2023 du Ministe\u0300re d\u2019Etat et orientations 2024 pour la mode ...\" \/>\n<meta name=\"robots\" content=\"index, follow, max-snippet:-1, max-image-preview:large, max-video-preview:-1\" \/>\n<link rel=\"canonical\" href=\"https:\/\/www.africa-press.net\/cotedivoire\/toutes-les-actualites\/pour-2024-anne-ouloto-engage-le-combat-des-reunions-sans-papiers-et-veut-atteindre-lobjectif-de-03-mois-maximum-pour-le-premier-mandatement-a-la-fonction-publique\" \/>\n<meta property=\"og:locale\" content=\"fr_FR\" \/>\n<meta property=\"og:type\" content=\"article\" \/>\n<meta property=\"og:title\" content=\"Pour 2024, Anne Ouloto engage le combat des r\u00e9unions sans papiers et veut atteindre l&#039;objectif de 03 mois maximum pour le premier mandatement \u00e0 la Fonction Publique\" \/>\n<meta property=\"og:description\" content=\"Les conclusions de l\u2019atelier bilan des projets et activite\u0301s 2023 du Ministe\u0300re d\u2019Etat et orientations 2024 pour la mode ...\" \/>\n<meta property=\"og:url\" content=\"https:\/\/www.africa-press.net\/cotedivoire\/toutes-les-actualites\/pour-2024-anne-ouloto-engage-le-combat-des-reunions-sans-papiers-et-veut-atteindre-lobjectif-de-03-mois-maximum-pour-le-premier-mandatement-a-la-fonction-publique\" \/>\n<meta property=\"og:site_name\" content=\"C\u00f4te d&#039;Ivoire\" \/>\n<meta property=\"article:published_time\" content=\"2023-12-22T17:29:13+00:00\" \/>\n<meta property=\"article:modified_time\" content=\"2023-12-23T11:43:53+00:00\" \/>\n<meta property=\"og:image\" content=\"https:\/\/static.africa-press.net\/cote\/sites\/43\/2023\/12\/sm_1703256189.861426.jpg\" \/>\n\t<meta property=\"og:image:width\" content=\"720\" \/>\n\t<meta property=\"og:image:height\" content=\"481\" \/>\n\t<meta property=\"og:image:type\" content=\"image\/jpeg\" \/>\n<meta name=\"author\" content=\"cfeditorfr\" \/>\n<meta name=\"twitter:card\" content=\"summary_large_image\" \/>\n<meta name=\"twitter:label1\" content=\"\u00c9crit par\" \/>\n\t<meta name=\"twitter:data1\" content=\"cfeditorfr\" \/>\n\t<meta name=\"twitter:label2\" content=\"Dur\u00e9e de lecture estim\u00e9e\" \/>\n\t<meta name=\"twitter:data2\" content=\"4 minutes\" \/>\n<script type=\"application\/ld+json\" class=\"yoast-schema-graph\">{\"@context\":\"https:\/\/schema.org\",\"@graph\":[{\"@type\":\"Article\",\"@id\":\"https:\/\/www.africa-press.net\/cotedivoire\/toutes-les-actualites\/pour-2024-anne-ouloto-engage-le-combat-des-reunions-sans-papiers-et-veut-atteindre-lobjectif-de-03-mois-maximum-pour-le-premier-mandatement-a-la-fonction-publique#article\",\"isPartOf\":{\"@id\":\"https:\/\/www.africa-press.net\/cotedivoire\/toutes-les-actualites\/pour-2024-anne-ouloto-engage-le-combat-des-reunions-sans-papiers-et-veut-atteindre-lobjectif-de-03-mois-maximum-pour-le-premier-mandatement-a-la-fonction-publique\"},\"author\":{\"name\":\"cfeditorfr\",\"@id\":\"https:\/\/www.africa-press.net\/cotedivoire\/#\/schema\/person\/2b1cf3cd81a31e3cd26889ca66d677f1\"},\"headline\":\"Pour 2024, Anne Ouloto engage le combat des r\u00e9unions sans papiers et veut atteindre l&rsquo;objectif de 03 mois maximum pour le premier mandatement \u00e0 la Fonction Publique\",\"datePublished\":\"2023-12-22T17:29:13+00:00\",\"dateModified\":\"2023-12-23T11:43:53+00:00\",\"mainEntityOfPage\":{\"@id\":\"https:\/\/www.africa-press.net\/cotedivoire\/toutes-les-actualites\/pour-2024-anne-ouloto-engage-le-combat-des-reunions-sans-papiers-et-veut-atteindre-lobjectif-de-03-mois-maximum-pour-le-premier-mandatement-a-la-fonction-publique\"},\"wordCount\":712,\"commentCount\":0,\"image\":{\"@id\":\"https:\/\/www.africa-press.net\/cotedivoire\/toutes-les-actualites\/pour-2024-anne-ouloto-engage-le-combat-des-reunions-sans-papiers-et-veut-atteindre-lobjectif-de-03-mois-maximum-pour-le-premier-mandatement-a-la-fonction-publique#primaryimage\"},\"thumbnailUrl\":\"https:\/\/static.africa-press.net\/cote\/sites\/43\/2023\/12\/sm_1703256189.861426.jpg\",\"keywords\":[\"Africa Press\",\"Africa Press-C\u00f4te d'Ivoire\",\"Anne Ouloto\",\"atelier\",\"conclusions\",\"C\u00d4TE D'IVOIRE\",\"Fonction\",\"mandatement\",\"Publique\"],\"articleSection\":[\"Communaut\u00e9\",\"Toutes les actualit\u00e9s\"],\"inLanguage\":\"fr-FR\",\"potentialAction\":[{\"@type\":\"CommentAction\",\"name\":\"Comment\",\"target\":[\"https:\/\/www.africa-press.net\/cotedivoire\/toutes-les-actualites\/pour-2024-anne-ouloto-engage-le-combat-des-reunions-sans-papiers-et-veut-atteindre-lobjectif-de-03-mois-maximum-pour-le-premier-mandatement-a-la-fonction-publique#respond\"]}]},{\"@type\":\"WebPage\",\"@id\":\"https:\/\/www.africa-press.net\/cotedivoire\/toutes-les-actualites\/pour-2024-anne-ouloto-engage-le-combat-des-reunions-sans-papiers-et-veut-atteindre-lobjectif-de-03-mois-maximum-pour-le-premier-mandatement-a-la-fonction-publique\",\"url\":\"https:\/\/www.africa-press.net\/cotedivoire\/toutes-les-actualites\/pour-2024-anne-ouloto-engage-le-combat-des-reunions-sans-papiers-et-veut-atteindre-lobjectif-de-03-mois-maximum-pour-le-premier-mandatement-a-la-fonction-publique\",\"name\":\"Pour 2024, Anne Ouloto engage le combat des r\u00e9unions sans papiers et veut atteindre l'objectif de 03 mois maximum pour le premier mandatement \u00e0 la Fonction Publique - C\u00f4te d&#039;Ivoire\",\"isPartOf\":{\"@id\":\"https:\/\/www.africa-press.net\/cotedivoire\/#website\"},\"primaryImageOfPage\":{\"@id\":\"https:\/\/www.africa-press.net\/cotedivoire\/toutes-les-actualites\/pour-2024-anne-ouloto-engage-le-combat-des-reunions-sans-papiers-et-veut-atteindre-lobjectif-de-03-mois-maximum-pour-le-premier-mandatement-a-la-fonction-publique#primaryimage\"},\"image\":{\"@id\":\"https:\/\/www.africa-press.net\/cotedivoire\/toutes-les-actualites\/pour-2024-anne-ouloto-engage-le-combat-des-reunions-sans-papiers-et-veut-atteindre-lobjectif-de-03-mois-maximum-pour-le-premier-mandatement-a-la-fonction-publique#primaryimage\"},\"thumbnailUrl\":\"https:\/\/static.africa-press.net\/cote\/sites\/43\/2023\/12\/sm_1703256189.861426.jpg\",\"datePublished\":\"2023-12-22T17:29:13+00:00\",\"dateModified\":\"2023-12-23T11:43:53+00:00\",\"author\":{\"@id\":\"https:\/\/www.africa-press.net\/cotedivoire\/#\/schema\/person\/2b1cf3cd81a31e3cd26889ca66d677f1\"},\"description\":\"Les conclusions de l\u2019atelier bilan des projets et activite\u0301s 2023 du Ministe\u0300re d\u2019Etat et orientations 2024 pour la mode ...\",\"breadcrumb\":{\"@id\":\"https:\/\/www.africa-press.net\/cotedivoire\/toutes-les-actualites\/pour-2024-anne-ouloto-engage-le-combat-des-reunions-sans-papiers-et-veut-atteindre-lobjectif-de-03-mois-maximum-pour-le-premier-mandatement-a-la-fonction-publique#breadcrumb\"},\"inLanguage\":\"fr-FR\",\"potentialAction\":[{\"@type\":\"ReadAction\",\"target\":[\"https:\/\/www.africa-press.net\/cotedivoire\/toutes-les-actualites\/pour-2024-anne-ouloto-engage-le-combat-des-reunions-sans-papiers-et-veut-atteindre-lobjectif-de-03-mois-maximum-pour-le-premier-mandatement-a-la-fonction-publique\"]}]},{\"@type\":\"ImageObject\",\"inLanguage\":\"fr-FR\",\"@id\":\"https:\/\/www.africa-press.net\/cotedivoire\/toutes-les-actualites\/pour-2024-anne-ouloto-engage-le-combat-des-reunions-sans-papiers-et-veut-atteindre-lobjectif-de-03-mois-maximum-pour-le-premier-mandatement-a-la-fonction-publique#primaryimage\",\"url\":\"https:\/\/static.africa-press.net\/cote\/sites\/43\/2023\/12\/sm_1703256189.861426.jpg\",\"contentUrl\":\"https:\/\/static.africa-press.net\/cote\/sites\/43\/2023\/12\/sm_1703256189.861426.jpg\",\"width\":720,\"height\":481,\"caption\":\"Pour 2024, Anne Ouloto engage le combat des r\u00e9unions sans papiers et veut atteindre l'objectif de 03 mois maximum pour le premier mandatement \u00e0 la Fonction Publique\"},{\"@type\":\"BreadcrumbList\",\"@id\":\"https:\/\/www.africa-press.net\/cotedivoire\/toutes-les-actualites\/pour-2024-anne-ouloto-engage-le-combat-des-reunions-sans-papiers-et-veut-atteindre-lobjectif-de-03-mois-maximum-pour-le-premier-mandatement-a-la-fonction-publique#breadcrumb\",\"itemListElement\":[{\"@type\":\"ListItem\",\"position\":1,\"name\":\"Accueil\",\"item\":\"https:\/\/www.africa-press.net\/cotedivoire\/\"},{\"@type\":\"ListItem\",\"position\":2,\"name\":\"Pour 2024, Anne Ouloto engage le combat des r\u00e9unions sans papiers et veut atteindre l&#8217;objectif de 03 mois maximum pour le premier mandatement \u00e0 la Fonction Publique\"}]},{\"@type\":\"WebSite\",\"@id\":\"https:\/\/www.africa-press.net\/cotedivoire\/#website\",\"url\":\"https:\/\/www.africa-press.net\/cotedivoire\/\",\"name\":\"C\u00f4te d&#039;Ivoire\",\"description\":\"Just another Africa News Agency Sites site\",\"potentialAction\":[{\"@type\":\"SearchAction\",\"target\":{\"@type\":\"EntryPoint\",\"urlTemplate\":\"https:\/\/www.africa-press.net\/cotedivoire\/?s={search_term_string}\"},\"query-input\":{\"@type\":\"PropertyValueSpecification\",\"valueRequired\":true,\"valueName\":\"search_term_string\"}}],\"inLanguage\":\"fr-FR\"},{\"@type\":\"Person\",\"@id\":\"https:\/\/www.africa-press.net\/cotedivoire\/#\/schema\/person\/2b1cf3cd81a31e3cd26889ca66d677f1\",\"name\":\"cfeditorfr\"}]}<\/script>\n<!-- \/ Yoast SEO Premium plugin. -->","yoast_head_json":{"title":"Pour 2024, Anne Ouloto engage le combat des r\u00e9unions sans papiers et veut atteindre l'objectif de 03 mois maximum pour le premier mandatement \u00e0 la Fonction Publique - C\u00f4te d&#039;Ivoire","description":"Les conclusions de l\u2019atelier bilan des projets et activite\u0301s 2023 du Ministe\u0300re d\u2019Etat et orientations 2024 pour la mode ...","robots":{"index":"index","follow":"follow","max-snippet":"max-snippet:-1","max-image-preview":"max-image-preview:large","max-video-preview":"max-video-preview:-1"},"canonical":"https:\/\/www.africa-press.net\/cotedivoire\/toutes-les-actualites\/pour-2024-anne-ouloto-engage-le-combat-des-reunions-sans-papiers-et-veut-atteindre-lobjectif-de-03-mois-maximum-pour-le-premier-mandatement-a-la-fonction-publique","og_locale":"fr_FR","og_type":"article","og_title":"Pour 2024, Anne Ouloto engage le combat des r\u00e9unions sans papiers et veut atteindre l'objectif de 03 mois maximum pour le premier mandatement \u00e0 la Fonction Publique","og_description":"Les conclusions de l\u2019atelier bilan des projets et activite\u0301s 2023 du Ministe\u0300re d\u2019Etat et orientations 2024 pour la mode ...","og_url":"https:\/\/www.africa-press.net\/cotedivoire\/toutes-les-actualites\/pour-2024-anne-ouloto-engage-le-combat-des-reunions-sans-papiers-et-veut-atteindre-lobjectif-de-03-mois-maximum-pour-le-premier-mandatement-a-la-fonction-publique","og_site_name":"C\u00f4te d&#039;Ivoire","article_published_time":"2023-12-22T17:29:13+00:00","article_modified_time":"2023-12-23T11:43:53+00:00","og_image":[{"width":720,"height":481,"url":"https:\/\/static.africa-press.net\/cote\/sites\/43\/2023\/12\/sm_1703256189.861426.jpg","type":"image\/jpeg"}],"author":"cfeditorfr","twitter_card":"summary_large_image","twitter_misc":{"\u00c9crit par":"cfeditorfr","Dur\u00e9e de lecture estim\u00e9e":"4 minutes"},"schema":{"@context":"https:\/\/schema.org","@graph":[{"@type":"Article","@id":"https:\/\/www.africa-press.net\/cotedivoire\/toutes-les-actualites\/pour-2024-anne-ouloto-engage-le-combat-des-reunions-sans-papiers-et-veut-atteindre-lobjectif-de-03-mois-maximum-pour-le-premier-mandatement-a-la-fonction-publique#article","isPartOf":{"@id":"https:\/\/www.africa-press.net\/cotedivoire\/toutes-les-actualites\/pour-2024-anne-ouloto-engage-le-combat-des-reunions-sans-papiers-et-veut-atteindre-lobjectif-de-03-mois-maximum-pour-le-premier-mandatement-a-la-fonction-publique"},"author":{"name":"cfeditorfr","@id":"https:\/\/www.africa-press.net\/cotedivoire\/#\/schema\/person\/2b1cf3cd81a31e3cd26889ca66d677f1"},"headline":"Pour 2024, Anne Ouloto engage le combat des r\u00e9unions sans papiers et veut atteindre l&rsquo;objectif de 03 mois maximum pour le premier mandatement \u00e0 la Fonction Publique","datePublished":"2023-12-22T17:29:13+00:00","dateModified":"2023-12-23T11:43:53+00:00","mainEntityOfPage":{"@id":"https:\/\/www.africa-press.net\/cotedivoire\/toutes-les-actualites\/pour-2024-anne-ouloto-engage-le-combat-des-reunions-sans-papiers-et-veut-atteindre-lobjectif-de-03-mois-maximum-pour-le-premier-mandatement-a-la-fonction-publique"},"wordCount":712,"commentCount":0,"image":{"@id":"https:\/\/www.africa-press.net\/cotedivoire\/toutes-les-actualites\/pour-2024-anne-ouloto-engage-le-combat-des-reunions-sans-papiers-et-veut-atteindre-lobjectif-de-03-mois-maximum-pour-le-premier-mandatement-a-la-fonction-publique#primaryimage"},"thumbnailUrl":"https:\/\/static.africa-press.net\/cote\/sites\/43\/2023\/12\/sm_1703256189.861426.jpg","keywords":["Africa Press","Africa Press-C\u00f4te d'Ivoire","Anne Ouloto","atelier","conclusions","C\u00d4TE D'IVOIRE","Fonction","mandatement","Publique"],"articleSection":["Communaut\u00e9","Toutes les actualit\u00e9s"],"inLanguage":"fr-FR","potentialAction":[{"@type":"CommentAction","name":"Comment","target":["https:\/\/www.africa-press.net\/cotedivoire\/toutes-les-actualites\/pour-2024-anne-ouloto-engage-le-combat-des-reunions-sans-papiers-et-veut-atteindre-lobjectif-de-03-mois-maximum-pour-le-premier-mandatement-a-la-fonction-publique#respond"]}]},{"@type":"WebPage","@id":"https:\/\/www.africa-press.net\/cotedivoire\/toutes-les-actualites\/pour-2024-anne-ouloto-engage-le-combat-des-reunions-sans-papiers-et-veut-atteindre-lobjectif-de-03-mois-maximum-pour-le-premier-mandatement-a-la-fonction-publique","url":"https:\/\/www.africa-press.net\/cotedivoire\/toutes-les-actualites\/pour-2024-anne-ouloto-engage-le-combat-des-reunions-sans-papiers-et-veut-atteindre-lobjectif-de-03-mois-maximum-pour-le-premier-mandatement-a-la-fonction-publique","name":"Pour 2024, Anne Ouloto engage le combat des r\u00e9unions sans papiers et veut atteindre l'objectif de 03 mois maximum pour le premier mandatement \u00e0 la Fonction Publique - C\u00f4te d&#039;Ivoire","isPartOf":{"@id":"https:\/\/www.africa-press.net\/cotedivoire\/#website"},"primaryImageOfPage":{"@id":"https:\/\/www.africa-press.net\/cotedivoire\/toutes-les-actualites\/pour-2024-anne-ouloto-engage-le-combat-des-reunions-sans-papiers-et-veut-atteindre-lobjectif-de-03-mois-maximum-pour-le-premier-mandatement-a-la-fonction-publique#primaryimage"},"image":{"@id":"https:\/\/www.africa-press.net\/cotedivoire\/toutes-les-actualites\/pour-2024-anne-ouloto-engage-le-combat-des-reunions-sans-papiers-et-veut-atteindre-lobjectif-de-03-mois-maximum-pour-le-premier-mandatement-a-la-fonction-publique#primaryimage"},"thumbnailUrl":"https:\/\/static.africa-press.net\/cote\/sites\/43\/2023\/12\/sm_1703256189.861426.jpg","datePublished":"2023-12-22T17:29:13+00:00","dateModified":"2023-12-23T11:43:53+00:00","author":{"@id":"https:\/\/www.africa-press.net\/cotedivoire\/#\/schema\/person\/2b1cf3cd81a31e3cd26889ca66d677f1"},"description":"Les conclusions de l\u2019atelier bilan des projets et activite\u0301s 2023 du Ministe\u0300re d\u2019Etat et orientations 2024 pour la mode ...","breadcrumb":{"@id":"https:\/\/www.africa-press.net\/cotedivoire\/toutes-les-actualites\/pour-2024-anne-ouloto-engage-le-combat-des-reunions-sans-papiers-et-veut-atteindre-lobjectif-de-03-mois-maximum-pour-le-premier-mandatement-a-la-fonction-publique#breadcrumb"},"inLanguage":"fr-FR","potentialAction":[{"@type":"ReadAction","target":["https:\/\/www.africa-press.net\/cotedivoire\/toutes-les-actualites\/pour-2024-anne-ouloto-engage-le-combat-des-reunions-sans-papiers-et-veut-atteindre-lobjectif-de-03-mois-maximum-pour-le-premier-mandatement-a-la-fonction-publique"]}]},{"@type":"ImageObject","inLanguage":"fr-FR","@id":"https:\/\/www.africa-press.net\/cotedivoire\/toutes-les-actualites\/pour-2024-anne-ouloto-engage-le-combat-des-reunions-sans-papiers-et-veut-atteindre-lobjectif-de-03-mois-maximum-pour-le-premier-mandatement-a-la-fonction-publique#primaryimage","url":"https:\/\/static.africa-press.net\/cote\/sites\/43\/2023\/12\/sm_1703256189.861426.jpg","contentUrl":"https:\/\/static.africa-press.net\/cote\/sites\/43\/2023\/12\/sm_1703256189.861426.jpg","width":720,"height":481,"caption":"Pour 2024, Anne Ouloto engage le combat des r\u00e9unions sans papiers et veut atteindre l'objectif de 03 mois maximum pour le premier mandatement \u00e0 la Fonction Publique"},{"@type":"BreadcrumbList","@id":"https:\/\/www.africa-press.net\/cotedivoire\/toutes-les-actualites\/pour-2024-anne-ouloto-engage-le-combat-des-reunions-sans-papiers-et-veut-atteindre-lobjectif-de-03-mois-maximum-pour-le-premier-mandatement-a-la-fonction-publique#breadcrumb","itemListElement":[{"@type":"ListItem","position":1,"name":"Accueil","item":"https:\/\/www.africa-press.net\/cotedivoire\/"},{"@type":"ListItem","position":2,"name":"Pour 2024, Anne Ouloto engage le combat des r\u00e9unions sans papiers et veut atteindre l&#8217;objectif de 03 mois maximum pour le premier mandatement \u00e0 la Fonction Publique"}]},{"@type":"WebSite","@id":"https:\/\/www.africa-press.net\/cotedivoire\/#website","url":"https:\/\/www.africa-press.net\/cotedivoire\/","name":"C\u00f4te d&#039;Ivoire","description":"Just another Africa News Agency Sites site","potentialAction":[{"@type":"SearchAction","target":{"@type":"EntryPoint","urlTemplate":"https:\/\/www.africa-press.net\/cotedivoire\/?s={search_term_string}"},"query-input":{"@type":"PropertyValueSpecification","valueRequired":true,"valueName":"search_term_string"}}],"inLanguage":"fr-FR"},{"@type":"Person","@id":"https:\/\/www.africa-press.net\/cotedivoire\/#\/schema\/person\/2b1cf3cd81a31e3cd26889ca66d677f1","name":"cfeditorfr"}]}},"_links":{"self":[{"href":"https:\/\/www.africa-press.net\/cotedivoire\/wp-json\/wp\/v2\/posts\/71976","targetHints":{"allow":["GET"]}}],"collection":[{"href":"https:\/\/www.africa-press.net\/cotedivoire\/wp-json\/wp\/v2\/posts"}],"about":[{"href":"https:\/\/www.africa-press.net\/cotedivoire\/wp-json\/wp\/v2\/types\/post"}],"author":[{"embeddable":true,"href":"https:\/\/www.africa-press.net\/cotedivoire\/wp-json\/wp\/v2\/users\/82"}],"replies":[{"embeddable":true,"href":"https:\/\/www.africa-press.net\/cotedivoire\/wp-json\/wp\/v2\/comments?post=71976"}],"version-history":[{"count":0,"href":"https:\/\/www.africa-press.net\/cotedivoire\/wp-json\/wp\/v2\/posts\/71976\/revisions"}],"wp:featuredmedia":[{"embeddable":true,"href":"https:\/\/www.africa-press.net\/cotedivoire\/wp-json\/wp\/v2\/media\/71975"}],"wp:attachment":[{"href":"https:\/\/www.africa-press.net\/cotedivoire\/wp-json\/wp\/v2\/media?parent=71976"}],"wp:term":[{"taxonomy":"category","embeddable":true,"href":"https:\/\/www.africa-press.net\/cotedivoire\/wp-json\/wp\/v2\/categories?post=71976"},{"taxonomy":"post_tag","embeddable":true,"href":"https:\/\/www.africa-press.net\/cotedivoire\/wp-json\/wp\/v2\/tags?post=71976"}],"curies":[{"name":"wp","href":"https:\/\/api.w.org\/{rel}","templated":true}]}}