{"id":72021,"date":"2023-12-23T11:24:40","date_gmt":"2023-12-23T11:24:40","guid":{"rendered":"https:\/\/www.africa-press.net\/cotedivoire\/politique\/tidjane-thiam-succede-a-henri-konan-bedie-a-la-tete-du-pdci-rda"},"modified":"2023-12-23T11:59:09","modified_gmt":"2023-12-23T11:59:09","slug":"tidjane-thiam-succede-a-henri-konan-bedie-a-la-tete-du-pdci-rda","status":"publish","type":"post","link":"https:\/\/www.africa-press.net\/cotedivoire\/politique\/tidjane-thiam-succede-a-henri-konan-bedie-a-la-tete-du-pdci-rda","title":{"rendered":"Tidjane Thiam succ\u00e8de \u00e0 Henri Konan B\u00e9di\u00e9 \u00e0 la t\u00eate du PDCI-RDA"},"content":{"rendered":"<p><span style=\"color: #ff6600\"><strong>Africa-Press &#8211; C\u00f4te d&rsquo;Ivoire. <\/strong><\/span>Le financier ivoirien Tidjane Thiam (61) a e\u0301te\u0301 e\u0301lu pre\u0301sident du Parti de\u0301mocratique de Co\u0302te d\u2019Ivoire (PDCI-RDA, opposition), succe\u0301dant a\u0300 feu l&rsquo;ancien chef d&rsquo;E\u0301tat (1993-1999) Henri Konan Be\u0301die\u0301, de\u0301ce\u0301de\u0301 le 1er aou\u0302t 2023.<\/p>\n<p>Tidjane Thiam a e\u0301te\u0301 e\u0301lu avec 96,48 % des voix, contre 3,28% pour son adversaire Jean-Marc Yace\u0301, lors du 8e congre\u0300s extraordinaire e\u0301lectif du parti a\u0300 Yamoussoukro, qui a re\u0301uni vendredi, plus de 6.000 congressistes.<\/p>\n<p>Pour ces e\u0301lections, cinq cadres avaient manifeste\u0301 leurs intentions de diriger le parti. Ce sont Noe\u0308l Akossi Benjo, Maurice Kakou Guikahue\u0301, Moi\u0308se Koumoue\u0301 Koffi, Jean-Marc Yace\u0301 et Tidjane Thiam. Mais trois pre\u0301tendants s\u2019etaient finalement de\u0301siste\u0301s. Il ne restait en lice que deux candidats, a\u0300 savoir Jean-Marc Yace\u0301 et Tidjane Thiam.<\/p>\n<p>Avec cette e\u0301lection, Tidjane Thiam, ex banquier du cre\u0301dit suisse, devient e\u0301galement le troisie\u0300me pre\u0301sident de cette formation septuage\u0301naire, apre\u0300s le premier pre\u0301sident de la Co\u0302te d&rsquo;Ivoire Fe\u0301lix Houphoue\u0308t-Boigny qui en est le fondateur, et Henri Konan Be\u0301die\u0301.<\/p>\n<p>Le 8e congre\u0300s extraordinaire e\u0301lectif du PDCI, avait e\u0301te\u0301 programme\u0301 pour le samedi 16 de\u0301cembre 2023 a\u0300 Abidjan avant d\u2019e\u0302tre suspendu par une de\u0301cision de justice a\u0300 la suite d\u2019une plainte de deux militants, qui estimaient qu&rsquo;ils ne figuraient pas sur la liste des congressistes.<\/p>\n<p>Tidjane Thiam fait partie des petits-neveux de Fe\u0301lix Houphoue\u0308t Boigny. Il est le premier Ivoirien a\u0300 inte\u0301grer Polytechnique en France.<\/p>\n<p><strong>Pour plus d&rsquo;informations et d&rsquo;analyses sur la <a href=\"https:\/\/www.africa-press.net\/cotedivoire\">C\u00f4te d&rsquo;Ivoire<\/a>, suivez <a href=\"https:\/\/www.africa-press.net\/\">Africa-Press<\/a><\/strong><\/p>\n","protected":false},"excerpt":{"rendered":"<p>Africa-Press &#8211; C\u00f4te d&rsquo;Ivoire. Le financier ivoirien Tidjane Thiam (61) a e\u0301te\u0301 e\u0301lu pre\u0301sident du Parti de\u0301mocratique de Co\u0302te d\u2019Ivoire (PDCI-RDA, opposition), succe\u0301dant a\u0300 feu l&rsquo;ancien chef d&rsquo;E\u0301tat (1993-1999) Henri Konan Be\u0301die\u0301, de\u0301ce\u0301de\u0301 le 1er aou\u0302t 2023. Tidjane Thiam a e\u0301te\u0301 e\u0301lu avec 96,48 % des voix, contre 3,28% pour son adversaire Jean-Marc Yace\u0301, lors [&hellip;]<\/p>\n","protected":false},"author":82,"featured_media":72020,"comment_status":"open","ping_status":"closed","sticky":false,"template":"","format":"standard","meta":{"footnotes":""},"categories":[2,70,20,10],"tags":[56,63,29,739,2442],"class_list":["post-72021","post","type-post","status-publish","format-standard","has-post-thumbnail","hentry","category-politique","category-to-homepage","category-top-nouvelles","category-toutes-les-actualites","tag-africa-press","tag-africa-press-cote-divoire","tag-cote-divoire","tag-pdci-rda","tag-tidjane-thiam"],"yoast_head":"<!-- This site is optimized with the Yoast SEO Premium plugin v26.1 (Yoast SEO v27.0) - https:\/\/yoast.com\/product\/yoast-seo-premium-wordpress\/ -->\n<title>Tidjane Thiam succ\u00e8de \u00e0 Henri Konan B\u00e9di\u00e9 \u00e0 la t\u00eate du PDCI-RDA - C\u00f4te d&#039;Ivoire<\/title>\n<meta name=\"description\" content=\"Le financier ivoirien Tidjane Thiam (61) a e\u0301te\u0301 e\u0301lu pre\u0301sident du Parti de\u0301mocratique de Co\u0302te d\u2019Ivoire (PDCI-RDA, opp ...\" \/>\n<meta name=\"robots\" content=\"index, follow, max-snippet:-1, max-image-preview:large, max-video-preview:-1\" \/>\n<link rel=\"canonical\" href=\"https:\/\/www.africa-press.net\/cotedivoire\/politique\/tidjane-thiam-succede-a-henri-konan-bedie-a-la-tete-du-pdci-rda\" \/>\n<meta property=\"og:locale\" content=\"fr_FR\" \/>\n<meta property=\"og:type\" content=\"article\" \/>\n<meta property=\"og:title\" content=\"Tidjane Thiam succ\u00e8de \u00e0 Henri Konan B\u00e9di\u00e9 \u00e0 la t\u00eate du PDCI-RDA\" \/>\n<meta property=\"og:description\" content=\"Le financier ivoirien Tidjane Thiam (61) a e\u0301te\u0301 e\u0301lu pre\u0301sident du Parti de\u0301mocratique de Co\u0302te d\u2019Ivoire (PDCI-RDA, opp ...\" \/>\n<meta property=\"og:url\" content=\"https:\/\/www.africa-press.net\/cotedivoire\/politique\/tidjane-thiam-succede-a-henri-konan-bedie-a-la-tete-du-pdci-rda\" \/>\n<meta property=\"og:site_name\" content=\"C\u00f4te d&#039;Ivoire\" \/>\n<meta property=\"article:published_time\" content=\"2023-12-23T11:24:40+00:00\" \/>\n<meta property=\"article:modified_time\" content=\"2023-12-23T11:59:09+00:00\" \/>\n<meta property=\"og:image\" content=\"https:\/\/static.africa-press.net\/cote\/sites\/43\/2023\/12\/sm_1703319712.050539.jpg\" \/>\n\t<meta property=\"og:image:width\" content=\"863\" \/>\n\t<meta property=\"og:image:height\" content=\"486\" \/>\n\t<meta property=\"og:image:type\" content=\"image\/jpeg\" \/>\n<meta name=\"author\" content=\"cfeditorfr\" \/>\n<meta name=\"twitter:card\" content=\"summary_large_image\" \/>\n<meta name=\"twitter:label1\" content=\"\u00c9crit par\" \/>\n\t<meta name=\"twitter:data1\" content=\"cfeditorfr\" \/>\n\t<meta name=\"twitter:label2\" content=\"Dur\u00e9e de lecture estim\u00e9e\" \/>\n\t<meta name=\"twitter:data2\" content=\"2 minutes\" \/>\n<script type=\"application\/ld+json\" class=\"yoast-schema-graph\">{\"@context\":\"https:\/\/schema.org\",\"@graph\":[{\"@type\":\"Article\",\"@id\":\"https:\/\/www.africa-press.net\/cotedivoire\/politique\/tidjane-thiam-succede-a-henri-konan-bedie-a-la-tete-du-pdci-rda#article\",\"isPartOf\":{\"@id\":\"https:\/\/www.africa-press.net\/cotedivoire\/politique\/tidjane-thiam-succede-a-henri-konan-bedie-a-la-tete-du-pdci-rda\"},\"author\":{\"name\":\"cfeditorfr\",\"@id\":\"https:\/\/www.africa-press.net\/cotedivoire\/#\/schema\/person\/2b1cf3cd81a31e3cd26889ca66d677f1\"},\"headline\":\"Tidjane Thiam succ\u00e8de \u00e0 Henri Konan B\u00e9di\u00e9 \u00e0 la t\u00eate du PDCI-RDA\",\"datePublished\":\"2023-12-23T11:24:40+00:00\",\"dateModified\":\"2023-12-23T11:59:09+00:00\",\"mainEntityOfPage\":{\"@id\":\"https:\/\/www.africa-press.net\/cotedivoire\/politique\/tidjane-thiam-succede-a-henri-konan-bedie-a-la-tete-du-pdci-rda\"},\"wordCount\":298,\"commentCount\":0,\"image\":{\"@id\":\"https:\/\/www.africa-press.net\/cotedivoire\/politique\/tidjane-thiam-succede-a-henri-konan-bedie-a-la-tete-du-pdci-rda#primaryimage\"},\"thumbnailUrl\":\"https:\/\/static.africa-press.net\/cote\/sites\/43\/2023\/12\/sm_1703319712.050539.jpg\",\"keywords\":[\"Africa Press\",\"Africa Press-C\u00f4te d'Ivoire\",\"C\u00d4TE D'IVOIRE\",\"PDCI-RDA\",\"Tidjane Thiam\"],\"articleSection\":[\"Politique\",\"to-homepage\",\"Top Nouvelles\",\"Toutes les actualit\u00e9s\"],\"inLanguage\":\"fr-FR\",\"potentialAction\":[{\"@type\":\"CommentAction\",\"name\":\"Comment\",\"target\":[\"https:\/\/www.africa-press.net\/cotedivoire\/politique\/tidjane-thiam-succede-a-henri-konan-bedie-a-la-tete-du-pdci-rda#respond\"]}]},{\"@type\":\"WebPage\",\"@id\":\"https:\/\/www.africa-press.net\/cotedivoire\/politique\/tidjane-thiam-succede-a-henri-konan-bedie-a-la-tete-du-pdci-rda\",\"url\":\"https:\/\/www.africa-press.net\/cotedivoire\/politique\/tidjane-thiam-succede-a-henri-konan-bedie-a-la-tete-du-pdci-rda\",\"name\":\"Tidjane Thiam succ\u00e8de \u00e0 Henri Konan B\u00e9di\u00e9 \u00e0 la t\u00eate du PDCI-RDA - C\u00f4te d&#039;Ivoire\",\"isPartOf\":{\"@id\":\"https:\/\/www.africa-press.net\/cotedivoire\/#website\"},\"primaryImageOfPage\":{\"@id\":\"https:\/\/www.africa-press.net\/cotedivoire\/politique\/tidjane-thiam-succede-a-henri-konan-bedie-a-la-tete-du-pdci-rda#primaryimage\"},\"image\":{\"@id\":\"https:\/\/www.africa-press.net\/cotedivoire\/politique\/tidjane-thiam-succede-a-henri-konan-bedie-a-la-tete-du-pdci-rda#primaryimage\"},\"thumbnailUrl\":\"https:\/\/static.africa-press.net\/cote\/sites\/43\/2023\/12\/sm_1703319712.050539.jpg\",\"datePublished\":\"2023-12-23T11:24:40+00:00\",\"dateModified\":\"2023-12-23T11:59:09+00:00\",\"author\":{\"@id\":\"https:\/\/www.africa-press.net\/cotedivoire\/#\/schema\/person\/2b1cf3cd81a31e3cd26889ca66d677f1\"},\"description\":\"Le financier ivoirien Tidjane Thiam (61) a e\u0301te\u0301 e\u0301lu pre\u0301sident du Parti de\u0301mocratique de Co\u0302te d\u2019Ivoire (PDCI-RDA, opp ...\",\"breadcrumb\":{\"@id\":\"https:\/\/www.africa-press.net\/cotedivoire\/politique\/tidjane-thiam-succede-a-henri-konan-bedie-a-la-tete-du-pdci-rda#breadcrumb\"},\"inLanguage\":\"fr-FR\",\"potentialAction\":[{\"@type\":\"ReadAction\",\"target\":[\"https:\/\/www.africa-press.net\/cotedivoire\/politique\/tidjane-thiam-succede-a-henri-konan-bedie-a-la-tete-du-pdci-rda\"]}]},{\"@type\":\"ImageObject\",\"inLanguage\":\"fr-FR\",\"@id\":\"https:\/\/www.africa-press.net\/cotedivoire\/politique\/tidjane-thiam-succede-a-henri-konan-bedie-a-la-tete-du-pdci-rda#primaryimage\",\"url\":\"https:\/\/static.africa-press.net\/cote\/sites\/43\/2023\/12\/sm_1703319712.050539.jpg\",\"contentUrl\":\"https:\/\/static.africa-press.net\/cote\/sites\/43\/2023\/12\/sm_1703319712.050539.jpg\",\"width\":863,\"height\":486,\"caption\":\"Tidjane Thiam succ\u00e8de \u00e0 Henri Konan B\u00e9di\u00e9 \u00e0 la t\u00eate du PDCI-RDA\"},{\"@type\":\"BreadcrumbList\",\"@id\":\"https:\/\/www.africa-press.net\/cotedivoire\/politique\/tidjane-thiam-succede-a-henri-konan-bedie-a-la-tete-du-pdci-rda#breadcrumb\",\"itemListElement\":[{\"@type\":\"ListItem\",\"position\":1,\"name\":\"Accueil\",\"item\":\"https:\/\/www.africa-press.net\/cotedivoire\/\"},{\"@type\":\"ListItem\",\"position\":2,\"name\":\"Tidjane Thiam succ\u00e8de \u00e0 Henri Konan B\u00e9di\u00e9 \u00e0 la t\u00eate du PDCI-RDA\"}]},{\"@type\":\"WebSite\",\"@id\":\"https:\/\/www.africa-press.net\/cotedivoire\/#website\",\"url\":\"https:\/\/www.africa-press.net\/cotedivoire\/\",\"name\":\"C\u00f4te d&#039;Ivoire\",\"description\":\"Just another Africa News Agency Sites site\",\"potentialAction\":[{\"@type\":\"SearchAction\",\"target\":{\"@type\":\"EntryPoint\",\"urlTemplate\":\"https:\/\/www.africa-press.net\/cotedivoire\/?s={search_term_string}\"},\"query-input\":{\"@type\":\"PropertyValueSpecification\",\"valueRequired\":true,\"valueName\":\"search_term_string\"}}],\"inLanguage\":\"fr-FR\"},{\"@type\":\"Person\",\"@id\":\"https:\/\/www.africa-press.net\/cotedivoire\/#\/schema\/person\/2b1cf3cd81a31e3cd26889ca66d677f1\",\"name\":\"cfeditorfr\"}]}<\/script>\n<!-- \/ Yoast SEO Premium plugin. -->","yoast_head_json":{"title":"Tidjane Thiam succ\u00e8de \u00e0 Henri Konan B\u00e9di\u00e9 \u00e0 la t\u00eate du PDCI-RDA - C\u00f4te d&#039;Ivoire","description":"Le financier ivoirien Tidjane Thiam (61) a e\u0301te\u0301 e\u0301lu pre\u0301sident du Parti de\u0301mocratique de Co\u0302te d\u2019Ivoire (PDCI-RDA, opp ...","robots":{"index":"index","follow":"follow","max-snippet":"max-snippet:-1","max-image-preview":"max-image-preview:large","max-video-preview":"max-video-preview:-1"},"canonical":"https:\/\/www.africa-press.net\/cotedivoire\/politique\/tidjane-thiam-succede-a-henri-konan-bedie-a-la-tete-du-pdci-rda","og_locale":"fr_FR","og_type":"article","og_title":"Tidjane Thiam succ\u00e8de \u00e0 Henri Konan B\u00e9di\u00e9 \u00e0 la t\u00eate du PDCI-RDA","og_description":"Le financier ivoirien Tidjane Thiam (61) a e\u0301te\u0301 e\u0301lu pre\u0301sident du Parti de\u0301mocratique de Co\u0302te d\u2019Ivoire (PDCI-RDA, opp ...","og_url":"https:\/\/www.africa-press.net\/cotedivoire\/politique\/tidjane-thiam-succede-a-henri-konan-bedie-a-la-tete-du-pdci-rda","og_site_name":"C\u00f4te d&#039;Ivoire","article_published_time":"2023-12-23T11:24:40+00:00","article_modified_time":"2023-12-23T11:59:09+00:00","og_image":[{"width":863,"height":486,"url":"https:\/\/static.africa-press.net\/cote\/sites\/43\/2023\/12\/sm_1703319712.050539.jpg","type":"image\/jpeg"}],"author":"cfeditorfr","twitter_card":"summary_large_image","twitter_misc":{"\u00c9crit par":"cfeditorfr","Dur\u00e9e de lecture estim\u00e9e":"2 minutes"},"schema":{"@context":"https:\/\/schema.org","@graph":[{"@type":"Article","@id":"https:\/\/www.africa-press.net\/cotedivoire\/politique\/tidjane-thiam-succede-a-henri-konan-bedie-a-la-tete-du-pdci-rda#article","isPartOf":{"@id":"https:\/\/www.africa-press.net\/cotedivoire\/politique\/tidjane-thiam-succede-a-henri-konan-bedie-a-la-tete-du-pdci-rda"},"author":{"name":"cfeditorfr","@id":"https:\/\/www.africa-press.net\/cotedivoire\/#\/schema\/person\/2b1cf3cd81a31e3cd26889ca66d677f1"},"headline":"Tidjane Thiam succ\u00e8de \u00e0 Henri Konan B\u00e9di\u00e9 \u00e0 la t\u00eate du PDCI-RDA","datePublished":"2023-12-23T11:24:40+00:00","dateModified":"2023-12-23T11:59:09+00:00","mainEntityOfPage":{"@id":"https:\/\/www.africa-press.net\/cotedivoire\/politique\/tidjane-thiam-succede-a-henri-konan-bedie-a-la-tete-du-pdci-rda"},"wordCount":298,"commentCount":0,"image":{"@id":"https:\/\/www.africa-press.net\/cotedivoire\/politique\/tidjane-thiam-succede-a-henri-konan-bedie-a-la-tete-du-pdci-rda#primaryimage"},"thumbnailUrl":"https:\/\/static.africa-press.net\/cote\/sites\/43\/2023\/12\/sm_1703319712.050539.jpg","keywords":["Africa Press","Africa Press-C\u00f4te d'Ivoire","C\u00d4TE D'IVOIRE","PDCI-RDA","Tidjane Thiam"],"articleSection":["Politique","to-homepage","Top Nouvelles","Toutes les actualit\u00e9s"],"inLanguage":"fr-FR","potentialAction":[{"@type":"CommentAction","name":"Comment","target":["https:\/\/www.africa-press.net\/cotedivoire\/politique\/tidjane-thiam-succede-a-henri-konan-bedie-a-la-tete-du-pdci-rda#respond"]}]},{"@type":"WebPage","@id":"https:\/\/www.africa-press.net\/cotedivoire\/politique\/tidjane-thiam-succede-a-henri-konan-bedie-a-la-tete-du-pdci-rda","url":"https:\/\/www.africa-press.net\/cotedivoire\/politique\/tidjane-thiam-succede-a-henri-konan-bedie-a-la-tete-du-pdci-rda","name":"Tidjane Thiam succ\u00e8de \u00e0 Henri Konan B\u00e9di\u00e9 \u00e0 la t\u00eate du PDCI-RDA - C\u00f4te d&#039;Ivoire","isPartOf":{"@id":"https:\/\/www.africa-press.net\/cotedivoire\/#website"},"primaryImageOfPage":{"@id":"https:\/\/www.africa-press.net\/cotedivoire\/politique\/tidjane-thiam-succede-a-henri-konan-bedie-a-la-tete-du-pdci-rda#primaryimage"},"image":{"@id":"https:\/\/www.africa-press.net\/cotedivoire\/politique\/tidjane-thiam-succede-a-henri-konan-bedie-a-la-tete-du-pdci-rda#primaryimage"},"thumbnailUrl":"https:\/\/static.africa-press.net\/cote\/sites\/43\/2023\/12\/sm_1703319712.050539.jpg","datePublished":"2023-12-23T11:24:40+00:00","dateModified":"2023-12-23T11:59:09+00:00","author":{"@id":"https:\/\/www.africa-press.net\/cotedivoire\/#\/schema\/person\/2b1cf3cd81a31e3cd26889ca66d677f1"},"description":"Le financier ivoirien Tidjane Thiam (61) a e\u0301te\u0301 e\u0301lu pre\u0301sident du Parti de\u0301mocratique de Co\u0302te d\u2019Ivoire (PDCI-RDA, opp ...","breadcrumb":{"@id":"https:\/\/www.africa-press.net\/cotedivoire\/politique\/tidjane-thiam-succede-a-henri-konan-bedie-a-la-tete-du-pdci-rda#breadcrumb"},"inLanguage":"fr-FR","potentialAction":[{"@type":"ReadAction","target":["https:\/\/www.africa-press.net\/cotedivoire\/politique\/tidjane-thiam-succede-a-henri-konan-bedie-a-la-tete-du-pdci-rda"]}]},{"@type":"ImageObject","inLanguage":"fr-FR","@id":"https:\/\/www.africa-press.net\/cotedivoire\/politique\/tidjane-thiam-succede-a-henri-konan-bedie-a-la-tete-du-pdci-rda#primaryimage","url":"https:\/\/static.africa-press.net\/cote\/sites\/43\/2023\/12\/sm_1703319712.050539.jpg","contentUrl":"https:\/\/static.africa-press.net\/cote\/sites\/43\/2023\/12\/sm_1703319712.050539.jpg","width":863,"height":486,"caption":"Tidjane Thiam succ\u00e8de \u00e0 Henri Konan B\u00e9di\u00e9 \u00e0 la t\u00eate du PDCI-RDA"},{"@type":"BreadcrumbList","@id":"https:\/\/www.africa-press.net\/cotedivoire\/politique\/tidjane-thiam-succede-a-henri-konan-bedie-a-la-tete-du-pdci-rda#breadcrumb","itemListElement":[{"@type":"ListItem","position":1,"name":"Accueil","item":"https:\/\/www.africa-press.net\/cotedivoire\/"},{"@type":"ListItem","position":2,"name":"Tidjane Thiam succ\u00e8de \u00e0 Henri Konan B\u00e9di\u00e9 \u00e0 la t\u00eate du PDCI-RDA"}]},{"@type":"WebSite","@id":"https:\/\/www.africa-press.net\/cotedivoire\/#website","url":"https:\/\/www.africa-press.net\/cotedivoire\/","name":"C\u00f4te d&#039;Ivoire","description":"Just another Africa News Agency Sites site","potentialAction":[{"@type":"SearchAction","target":{"@type":"EntryPoint","urlTemplate":"https:\/\/www.africa-press.net\/cotedivoire\/?s={search_term_string}"},"query-input":{"@type":"PropertyValueSpecification","valueRequired":true,"valueName":"search_term_string"}}],"inLanguage":"fr-FR"},{"@type":"Person","@id":"https:\/\/www.africa-press.net\/cotedivoire\/#\/schema\/person\/2b1cf3cd81a31e3cd26889ca66d677f1","name":"cfeditorfr"}]}},"_links":{"self":[{"href":"https:\/\/www.africa-press.net\/cotedivoire\/wp-json\/wp\/v2\/posts\/72021","targetHints":{"allow":["GET"]}}],"collection":[{"href":"https:\/\/www.africa-press.net\/cotedivoire\/wp-json\/wp\/v2\/posts"}],"about":[{"href":"https:\/\/www.africa-press.net\/cotedivoire\/wp-json\/wp\/v2\/types\/post"}],"author":[{"embeddable":true,"href":"https:\/\/www.africa-press.net\/cotedivoire\/wp-json\/wp\/v2\/users\/82"}],"replies":[{"embeddable":true,"href":"https:\/\/www.africa-press.net\/cotedivoire\/wp-json\/wp\/v2\/comments?post=72021"}],"version-history":[{"count":0,"href":"https:\/\/www.africa-press.net\/cotedivoire\/wp-json\/wp\/v2\/posts\/72021\/revisions"}],"wp:featuredmedia":[{"embeddable":true,"href":"https:\/\/www.africa-press.net\/cotedivoire\/wp-json\/wp\/v2\/media\/72020"}],"wp:attachment":[{"href":"https:\/\/www.africa-press.net\/cotedivoire\/wp-json\/wp\/v2\/media?parent=72021"}],"wp:term":[{"taxonomy":"category","embeddable":true,"href":"https:\/\/www.africa-press.net\/cotedivoire\/wp-json\/wp\/v2\/categories?post=72021"},{"taxonomy":"post_tag","embeddable":true,"href":"https:\/\/www.africa-press.net\/cotedivoire\/wp-json\/wp\/v2\/tags?post=72021"}],"curies":[{"name":"wp","href":"https:\/\/api.w.org\/{rel}","templated":true}]}}