{"id":72040,"date":"2023-12-23T13:48:11","date_gmt":"2023-12-23T13:48:11","guid":{"rendered":"https:\/\/www.africa-press.net\/cotedivoire\/politique\/en-cote-divoire-le-souvenir-douloureux-de-la-can-1984"},"modified":"2023-12-23T15:21:08","modified_gmt":"2023-12-23T15:21:08","slug":"en-cote-divoire-le-souvenir-douloureux-de-la-can-1984","status":"publish","type":"post","link":"https:\/\/www.africa-press.net\/cotedivoire\/sports\/en-cote-divoire-le-souvenir-douloureux-de-la-can-1984","title":{"rendered":"En C\u00f4te d\u2019Ivoire, le souvenir douloureux de la CAN 1984"},"content":{"rendered":"<p><b>Alexis Billebault<\/b><\/p>\n<p><span style=\"color: #ff6600\"><strong>Africa-Press &#8211; C\u00f4te d&rsquo;Ivoire. <\/strong><\/span>Le pays a de\u0301ja\u0300 organise\u0301 la Coupe d\u2019Afrique des nations : c\u2019e\u0301tait en 1984, en remplacement de la Tanzanie, qui s\u2019e\u0301tait de\u0301siste\u0301e. Les E\u0301le\u0301phants, e\u0301limine\u0301s de\u0300s le premier tour, e\u0301taient alors passe\u0301s a\u0300 co\u0302te\u0301 de leur sujet.<\/p>\n<p>En ce de\u0301but d\u2019anne\u0301e 1982, la Confe\u0301de\u0301ration africaine de football (CAF), dirige\u0301e par l\u2019E\u0301thiopien Ydnetkatchew Tessema, de\u0301ja\u0300 tourne\u0301e vers la Coupe d\u2019Afrique des nations de 1984, doit faire face au de\u0301sistement de la Tanzanie, qui devait accueillir la phase finale. Mais l\u2019instance ne reste pas longtemps de\u0301munie : Fe\u0301lix Houphoue\u0308t-Boigny, le pre\u0301sident ivoirien, propose d\u2019accueillir la 14e e\u0301dition de la compe\u0301tition. A\u0300 cette e\u0301poque, la CAN ne concerne que huit se\u0301lections et le pays ne dispose que d\u2019un seul stade remplissant le cahier des charges : celui d\u2019Abidjan, qui porte le nom du chef de l\u2019E\u0301tat et dispose d\u2019une capacite\u0301 de 50 000 places.<\/p>\n<p>Grand prince, le \u00ab Vieux \u00bb de\u0301cide de faire spe\u0301cialement construire pour l\u2019occasion une autre enceinte a\u0300 Bouake\u0301, la seconde ville du pays, pouvant accueillir 35 000 spectateurs. \u00ab Ce fut pour nous une surprise d\u2019apprendre que le pays allait organiser la CAN. On a aussi tre\u0300s vite compris que la pression serait tre\u0300s forte sur la se\u0301lection, alors qu\u2019elle ne faisait pas partie des meilleures d\u2019Afrique \u00bb, se reme\u0301more Saint-Joseph Gadji Celi, alors milieu de terrain de l\u2019Asec Abidjan.<\/p>\n<p>Dispense\u0301s de phase qualificative, les E\u0301le\u0301phants multiplient les matchs amicaux et les victoires, notamment face a\u0300 la Suisse (1-0), face au Ghana champion d\u2019Afrique en titre (3-0) ou au Congo (3-2). \u00ab Avec ces victoires et le fait que l\u2019on accueillait la compe\u0301tition, les Ivoiriens nous voyaient de\u0301ja\u0300 gagner la CAN. Le proble\u0300me, c\u2019est que nous n\u2019e\u0301tions pas pre\u0302ts a\u0300 ge\u0301rer une telle pression. De plus, certains pre\u0301sidents de clubs ivoiriens avaient la mainmise sur l\u2019e\u0301quipe nationale. Notre se\u0301lectionneur, le Bre\u0301silien David Duque Ferreira, n\u2019e\u0301tait pas toujours libre de ses choix \u00bb, ajoute Saint-Joseph Gadji Celi.<\/p>\n<p><b>Un petit tour et puis s\u2019en va<\/b><\/p>\n<p>Le tirage au sort, qui place la Co\u0302te d\u2019Ivoire dans le Groupe A a\u0300 Abidjan, avec le Cameroun, l\u2019E\u0301gypte et le Togo, n\u2019est pas spe\u0301cialement favorable a\u0300 l\u2019e\u0301quipe du se\u0301lectionneur bre\u0301silien, alors que l\u2019Alge\u0301rie, le Nigeria, le Malawi et le Ghana sont affecte\u0301s au Groupe B a\u0300 Bouake\u0301.<\/p>\n<p>\u00ab Quand nous sommes arrive\u0301s a\u0300 Abidjan, tout indiquait qu\u2019une Coupe d\u2019Afrique allait s\u2019y de\u0301rouler. Il y avait une ambiance CAN, c\u2019e\u0301tait bien organise\u0301, au niveau de l\u2019he\u0301bergement comme au niveau des conditions d\u2019entrai\u0302nement \u00bb, se souvient Joseph-Antoine Bell, le gardien de but des Lions indomptables du Cameroun. A\u0300 Bouake\u0301, le ressenti est le me\u0302me pour Ali Fergani, le milieu de terrain alge\u0301rien. \u00ab Bouake\u0301, c\u2019e\u0301tait plus tranquille qu\u2019Abidjan. Les supporters ivoiriens e\u0301taient beaucoup plus tourne\u0301s vers leur se\u0301lection, mais on sentait qu\u2019il y avait de l\u2019inte\u0301re\u0302t pour cette CAN. L\u2019Alge\u0301rie e\u0301tait la seule e\u0301quipe francophone du groupe, on sortait d\u2019une belle Coupe du monde en Espagne en 1982, les Ivoiriens nous soutenaient. Je me rappelle qu\u2019il y avait aussi pas mal de Ghane\u0301ens qui e\u0301taient venus. \u00bb<\/p>\n<p>Le match d\u2019ouverture, le 4 mars, tourne a\u0300 la de\u0301monstration pour les E\u0301le\u0301phants face au Togo (3-0), alors qu\u2019un peu plus tard dans la journe\u0301e, l\u2019E\u0301gypte domine le Cameroun (1-0). Le lendemain a\u0300 Bouake\u0301, l\u2019Alge\u0301rie e\u0301trille le Malawi (3-0) et le Nigeria s\u2019impose face au Ghana (2-1). \u00ab Cela ne pouvait pas mieux commencer pour nous. Trop bien, me\u0302me, car la pression s\u2019est un peu plus accentue\u0301e \u00bb, reprend Saint-Joseph Gadji Celi. Le 7 mars, les Ivoiriens s\u2019inclinent (1-2) contre l\u2019E\u0301gypte, alors qu\u2019ils menaient au score. \u00ab Les supporters poussaient pour qu\u2019on marque le deuxie\u0300me but et on perd sur deux contres. \u00bb Les Pharaons sont qualifie\u0301s, et la Co\u0302te d\u2019Ivoire sait qu\u2019elle devra s\u2019imposer face au Cameroun, qui s\u2019est refait une sante\u0301 contre le Togo (4-1) pour acce\u0301der aux demi-finales.<\/p>\n<p>Le 10 mars, Abidjan s\u2019est donne\u0301 rendez-vous au stade Fe\u0301lix-Houphoue\u0308t-Boigny pour la finale du groupe. Le choc contre les Lions indomptables tourne au fiasco. Surprise juste avant la mi-temps par un but de Roger Milla, la Co\u0302te d\u2019Ivoire en encaisse un second a\u0300 l\u2019heure de jeu des pieds de Bonaventure Djonkep. Elle ne s\u2019en rele\u0300vera pas et s\u2019incline (0-2), signant ainsi son e\u0301limination et un retour difficile a\u0300 l\u2019Ho\u0302tel du Golf, sous une pluie de projectiles et un flot d\u2019insultes lance\u0301s par des supporters en cole\u0300re. Apre\u0300s ce match, le se\u0301lectionneur des E\u0301le\u0301phants est prie\u0301 de faire ses valises et la CAN n\u2019est plus vraiment une priorite\u0301 pour les Ivoiriens, comme le constate alors Ali Fergani. \u00ab Au Stade de la Paix de Bouake\u0301, au lendemain de l\u2019e\u0301limination des E\u0301le\u0301phants, a\u0300 peine cinq cents spectateurs assisteront au match de classement contre l\u2019E\u0301gypte. \u00bb<\/p>\n<p><b>Houphoue\u0308t et les \u00ab E\u0301le\u0301phanteaux \u00bb<\/b><\/p>\n<p>Les derniers ivoiriens a\u0300 s\u2019inte\u0301resser a\u0300 la CAN de\u0301cident de supporter le Cameroun, pourtant fossoyeur des ambitions locales. \u00ab Ils e\u0301taient avec nous, que ce soit pour la demi-finale contre l\u2019Alge\u0301rie a\u0300 Bouake\u0301 (0-0, 5-4 aux t.a.b.) ou en finale contre le Nigeria (3-1), qui nous permet de remporter notre premie\u0300re CAN \u00bb, raconte Joseph-Antoine Bell, appre\u0301cie\u0301 du public abidjanais pour avoir porte\u0301 les couleurs de l\u2019Africa Sport en 1980-1981. \u00ab C\u2019est peut-e\u0302tre en partie pour cette raison que les supporters locaux soutenaient le Cameroun et ont fait la fe\u0302te avec nous apre\u0300s la finale \u00bb, suppose l\u2019ancien gardien des Lions indomptables.<\/p>\n<p>Fe\u0301lix Houphoue\u0308t-Boigny, pour garantir le succe\u0300s populaire de la finale, avait de\u0301cre\u0301te\u0301 la gratuite\u0301 pour tous, mais cette initiative ge\u0301ne\u0301reuse du chef de l\u2019E\u0301tat n\u2019aura pas suffi a\u0300 remplir le stade (27 500 spectateurs). Il aura tout de me\u0302me eu cette de\u0301claration pre\u0301monitoire a\u0300 propos de la se\u0301lection nationale, rappelle Saint-Joseph Gadji Celi : \u00ab On a vu des E\u0301le\u0301phanteaux, ils deviendront des E\u0301le\u0301phants. \u00bb \u00ab Huit ans plus tard, au Se\u0301ne\u0301gal, se souvient l\u2019ancien international, certains d\u2019entre nous furent sacre\u0301s champions d\u2019Afrique. \u00bb<\/p>\n<p><b>Source: JeuneAfrique<\/b><\/p>\n<p><strong>Pour plus d&rsquo;informations et d&rsquo;analyses sur la <a href=\"https:\/\/www.africa-press.net\/cotedivoire\">C\u00f4te d&rsquo;Ivoire<\/a>, suivez <a href=\"https:\/\/www.africa-press.net\/\">Africa-Press<\/a><\/strong><\/p>\n","protected":false},"excerpt":{"rendered":"<p>Alexis Billebault Africa-Press &#8211; C\u00f4te d&rsquo;Ivoire. Le pays a de\u0301ja\u0300 organise\u0301 la Coupe d\u2019Afrique des nations : c\u2019e\u0301tait en 1984, en remplacement de la Tanzanie, qui s\u2019e\u0301tait de\u0301siste\u0301e. Les E\u0301le\u0301phants, e\u0301limine\u0301s de\u0300s le premier tour, e\u0301taient alors passe\u0301s a\u0300 co\u0302te\u0301 de leur sujet. En ce de\u0301but d\u2019anne\u0301e 1982, la Confe\u0301de\u0301ration africaine de football (CAF), dirige\u0301e [&hellip;]<\/p>\n","protected":false},"author":82,"featured_media":72038,"comment_status":"open","ping_status":"closed","sticky":false,"template":"","format":"standard","meta":{"footnotes":""},"categories":[7,6,10],"tags":[56,63,29],"class_list":["post-72040","post","type-post","status-publish","format-standard","has-post-thumbnail","hentry","category-dossiers","category-sports","category-toutes-les-actualites","tag-africa-press","tag-africa-press-cote-divoire","tag-cote-divoire"],"yoast_head":"<!-- This site is optimized with the Yoast SEO Premium plugin v26.1 (Yoast SEO v27.0) - https:\/\/yoast.com\/product\/yoast-seo-premium-wordpress\/ -->\n<title>En C\u00f4te d\u2019Ivoire, le souvenir douloureux de la CAN 1984 - C\u00f4te d&#039;Ivoire<\/title>\n<meta name=\"description\" content=\"Le pays a de\u0301ja\u0300 organise\u0301 la Coupe d\u2019Afrique des nations : c\u2019e\u0301tait en 1984, en remplacement de la Tanzanie, qui s\u2019e\u0301ta ...\" \/>\n<meta name=\"robots\" content=\"index, follow, max-snippet:-1, max-image-preview:large, max-video-preview:-1\" \/>\n<link rel=\"canonical\" href=\"https:\/\/www.africa-press.net\/cotedivoire\/sports\/en-cote-divoire-le-souvenir-douloureux-de-la-can-1984\" \/>\n<meta property=\"og:locale\" content=\"fr_FR\" \/>\n<meta property=\"og:type\" content=\"article\" \/>\n<meta property=\"og:title\" content=\"En C\u00f4te d\u2019Ivoire, le souvenir douloureux de la CAN 1984\" \/>\n<meta property=\"og:description\" content=\"Le pays a de\u0301ja\u0300 organise\u0301 la Coupe d\u2019Afrique des nations : c\u2019e\u0301tait en 1984, en remplacement de la Tanzanie, qui s\u2019e\u0301ta ...\" \/>\n<meta property=\"og:url\" content=\"https:\/\/www.africa-press.net\/cotedivoire\/sports\/en-cote-divoire-le-souvenir-douloureux-de-la-can-1984\" \/>\n<meta property=\"og:site_name\" content=\"C\u00f4te d&#039;Ivoire\" \/>\n<meta property=\"article:published_time\" content=\"2023-12-23T13:48:11+00:00\" \/>\n<meta property=\"article:modified_time\" content=\"2023-12-23T15:21:08+00:00\" \/>\n<meta property=\"og:image\" content=\"https:\/\/static.africa-press.net\/cote\/sites\/43\/2023\/12\/sm_1703332174.228365.jpg\" \/>\n\t<meta property=\"og:image:width\" content=\"1256\" \/>\n\t<meta property=\"og:image:height\" content=\"628\" \/>\n\t<meta property=\"og:image:type\" content=\"image\/jpeg\" \/>\n<meta name=\"author\" content=\"cfeditorfr\" \/>\n<meta name=\"twitter:card\" content=\"summary_large_image\" \/>\n<meta name=\"twitter:label1\" content=\"\u00c9crit par\" \/>\n\t<meta name=\"twitter:data1\" content=\"cfeditorfr\" \/>\n\t<meta name=\"twitter:label2\" content=\"Dur\u00e9e de lecture estim\u00e9e\" \/>\n\t<meta name=\"twitter:data2\" content=\"5 minutes\" \/>\n<script type=\"application\/ld+json\" class=\"yoast-schema-graph\">{\"@context\":\"https:\/\/schema.org\",\"@graph\":[{\"@type\":\"Article\",\"@id\":\"https:\/\/www.africa-press.net\/cotedivoire\/sports\/en-cote-divoire-le-souvenir-douloureux-de-la-can-1984#article\",\"isPartOf\":{\"@id\":\"https:\/\/www.africa-press.net\/cotedivoire\/sports\/en-cote-divoire-le-souvenir-douloureux-de-la-can-1984\"},\"author\":{\"name\":\"cfeditorfr\",\"@id\":\"https:\/\/www.africa-press.net\/cotedivoire\/#\/schema\/person\/2b1cf3cd81a31e3cd26889ca66d677f1\"},\"headline\":\"En C\u00f4te d\u2019Ivoire, le souvenir douloureux de la CAN 1984\",\"datePublished\":\"2023-12-23T13:48:11+00:00\",\"dateModified\":\"2023-12-23T15:21:08+00:00\",\"mainEntityOfPage\":{\"@id\":\"https:\/\/www.africa-press.net\/cotedivoire\/sports\/en-cote-divoire-le-souvenir-douloureux-de-la-can-1984\"},\"wordCount\":1175,\"commentCount\":0,\"image\":{\"@id\":\"https:\/\/www.africa-press.net\/cotedivoire\/sports\/en-cote-divoire-le-souvenir-douloureux-de-la-can-1984#primaryimage\"},\"thumbnailUrl\":\"https:\/\/static.africa-press.net\/cote\/sites\/43\/2023\/12\/sm_1703332174.228365.jpg\",\"keywords\":[\"Africa Press\",\"Africa Press-C\u00f4te d'Ivoire\",\"C\u00d4TE D'IVOIRE\"],\"articleSection\":[\"Dossiers\",\"Sports\",\"Toutes les actualit\u00e9s\"],\"inLanguage\":\"fr-FR\",\"potentialAction\":[{\"@type\":\"CommentAction\",\"name\":\"Comment\",\"target\":[\"https:\/\/www.africa-press.net\/cotedivoire\/sports\/en-cote-divoire-le-souvenir-douloureux-de-la-can-1984#respond\"]}]},{\"@type\":\"WebPage\",\"@id\":\"https:\/\/www.africa-press.net\/cotedivoire\/sports\/en-cote-divoire-le-souvenir-douloureux-de-la-can-1984\",\"url\":\"https:\/\/www.africa-press.net\/cotedivoire\/sports\/en-cote-divoire-le-souvenir-douloureux-de-la-can-1984\",\"name\":\"En C\u00f4te d\u2019Ivoire, le souvenir douloureux de la CAN 1984 - C\u00f4te d&#039;Ivoire\",\"isPartOf\":{\"@id\":\"https:\/\/www.africa-press.net\/cotedivoire\/#website\"},\"primaryImageOfPage\":{\"@id\":\"https:\/\/www.africa-press.net\/cotedivoire\/sports\/en-cote-divoire-le-souvenir-douloureux-de-la-can-1984#primaryimage\"},\"image\":{\"@id\":\"https:\/\/www.africa-press.net\/cotedivoire\/sports\/en-cote-divoire-le-souvenir-douloureux-de-la-can-1984#primaryimage\"},\"thumbnailUrl\":\"https:\/\/static.africa-press.net\/cote\/sites\/43\/2023\/12\/sm_1703332174.228365.jpg\",\"datePublished\":\"2023-12-23T13:48:11+00:00\",\"dateModified\":\"2023-12-23T15:21:08+00:00\",\"author\":{\"@id\":\"https:\/\/www.africa-press.net\/cotedivoire\/#\/schema\/person\/2b1cf3cd81a31e3cd26889ca66d677f1\"},\"description\":\"Le pays a de\u0301ja\u0300 organise\u0301 la Coupe d\u2019Afrique des nations : c\u2019e\u0301tait en 1984, en remplacement de la Tanzanie, qui s\u2019e\u0301ta ...\",\"breadcrumb\":{\"@id\":\"https:\/\/www.africa-press.net\/cotedivoire\/sports\/en-cote-divoire-le-souvenir-douloureux-de-la-can-1984#breadcrumb\"},\"inLanguage\":\"fr-FR\",\"potentialAction\":[{\"@type\":\"ReadAction\",\"target\":[\"https:\/\/www.africa-press.net\/cotedivoire\/sports\/en-cote-divoire-le-souvenir-douloureux-de-la-can-1984\"]}]},{\"@type\":\"ImageObject\",\"inLanguage\":\"fr-FR\",\"@id\":\"https:\/\/www.africa-press.net\/cotedivoire\/sports\/en-cote-divoire-le-souvenir-douloureux-de-la-can-1984#primaryimage\",\"url\":\"https:\/\/static.africa-press.net\/cote\/sites\/43\/2023\/12\/sm_1703332174.228365.jpg\",\"contentUrl\":\"https:\/\/static.africa-press.net\/cote\/sites\/43\/2023\/12\/sm_1703332174.228365.jpg\",\"width\":1256,\"height\":628,\"caption\":\"En C\u00f4te d\u2019Ivoire, le souvenir douloureux de la CAN 1984\"},{\"@type\":\"BreadcrumbList\",\"@id\":\"https:\/\/www.africa-press.net\/cotedivoire\/sports\/en-cote-divoire-le-souvenir-douloureux-de-la-can-1984#breadcrumb\",\"itemListElement\":[{\"@type\":\"ListItem\",\"position\":1,\"name\":\"Accueil\",\"item\":\"https:\/\/www.africa-press.net\/cotedivoire\/\"},{\"@type\":\"ListItem\",\"position\":2,\"name\":\"En C\u00f4te d\u2019Ivoire, le souvenir douloureux de la CAN 1984\"}]},{\"@type\":\"WebSite\",\"@id\":\"https:\/\/www.africa-press.net\/cotedivoire\/#website\",\"url\":\"https:\/\/www.africa-press.net\/cotedivoire\/\",\"name\":\"C\u00f4te d&#039;Ivoire\",\"description\":\"Just another Africa News Agency Sites site\",\"potentialAction\":[{\"@type\":\"SearchAction\",\"target\":{\"@type\":\"EntryPoint\",\"urlTemplate\":\"https:\/\/www.africa-press.net\/cotedivoire\/?s={search_term_string}\"},\"query-input\":{\"@type\":\"PropertyValueSpecification\",\"valueRequired\":true,\"valueName\":\"search_term_string\"}}],\"inLanguage\":\"fr-FR\"},{\"@type\":\"Person\",\"@id\":\"https:\/\/www.africa-press.net\/cotedivoire\/#\/schema\/person\/2b1cf3cd81a31e3cd26889ca66d677f1\",\"name\":\"cfeditorfr\"}]}<\/script>\n<!-- \/ Yoast SEO Premium plugin. -->","yoast_head_json":{"title":"En C\u00f4te d\u2019Ivoire, le souvenir douloureux de la CAN 1984 - C\u00f4te d&#039;Ivoire","description":"Le pays a de\u0301ja\u0300 organise\u0301 la Coupe d\u2019Afrique des nations : c\u2019e\u0301tait en 1984, en remplacement de la Tanzanie, qui s\u2019e\u0301ta ...","robots":{"index":"index","follow":"follow","max-snippet":"max-snippet:-1","max-image-preview":"max-image-preview:large","max-video-preview":"max-video-preview:-1"},"canonical":"https:\/\/www.africa-press.net\/cotedivoire\/sports\/en-cote-divoire-le-souvenir-douloureux-de-la-can-1984","og_locale":"fr_FR","og_type":"article","og_title":"En C\u00f4te d\u2019Ivoire, le souvenir douloureux de la CAN 1984","og_description":"Le pays a de\u0301ja\u0300 organise\u0301 la Coupe d\u2019Afrique des nations : c\u2019e\u0301tait en 1984, en remplacement de la Tanzanie, qui s\u2019e\u0301ta ...","og_url":"https:\/\/www.africa-press.net\/cotedivoire\/sports\/en-cote-divoire-le-souvenir-douloureux-de-la-can-1984","og_site_name":"C\u00f4te d&#039;Ivoire","article_published_time":"2023-12-23T13:48:11+00:00","article_modified_time":"2023-12-23T15:21:08+00:00","og_image":[{"width":1256,"height":628,"url":"https:\/\/static.africa-press.net\/cote\/sites\/43\/2023\/12\/sm_1703332174.228365.jpg","type":"image\/jpeg"}],"author":"cfeditorfr","twitter_card":"summary_large_image","twitter_misc":{"\u00c9crit par":"cfeditorfr","Dur\u00e9e de lecture estim\u00e9e":"5 minutes"},"schema":{"@context":"https:\/\/schema.org","@graph":[{"@type":"Article","@id":"https:\/\/www.africa-press.net\/cotedivoire\/sports\/en-cote-divoire-le-souvenir-douloureux-de-la-can-1984#article","isPartOf":{"@id":"https:\/\/www.africa-press.net\/cotedivoire\/sports\/en-cote-divoire-le-souvenir-douloureux-de-la-can-1984"},"author":{"name":"cfeditorfr","@id":"https:\/\/www.africa-press.net\/cotedivoire\/#\/schema\/person\/2b1cf3cd81a31e3cd26889ca66d677f1"},"headline":"En C\u00f4te d\u2019Ivoire, le souvenir douloureux de la CAN 1984","datePublished":"2023-12-23T13:48:11+00:00","dateModified":"2023-12-23T15:21:08+00:00","mainEntityOfPage":{"@id":"https:\/\/www.africa-press.net\/cotedivoire\/sports\/en-cote-divoire-le-souvenir-douloureux-de-la-can-1984"},"wordCount":1175,"commentCount":0,"image":{"@id":"https:\/\/www.africa-press.net\/cotedivoire\/sports\/en-cote-divoire-le-souvenir-douloureux-de-la-can-1984#primaryimage"},"thumbnailUrl":"https:\/\/static.africa-press.net\/cote\/sites\/43\/2023\/12\/sm_1703332174.228365.jpg","keywords":["Africa Press","Africa Press-C\u00f4te d'Ivoire","C\u00d4TE D'IVOIRE"],"articleSection":["Dossiers","Sports","Toutes les actualit\u00e9s"],"inLanguage":"fr-FR","potentialAction":[{"@type":"CommentAction","name":"Comment","target":["https:\/\/www.africa-press.net\/cotedivoire\/sports\/en-cote-divoire-le-souvenir-douloureux-de-la-can-1984#respond"]}]},{"@type":"WebPage","@id":"https:\/\/www.africa-press.net\/cotedivoire\/sports\/en-cote-divoire-le-souvenir-douloureux-de-la-can-1984","url":"https:\/\/www.africa-press.net\/cotedivoire\/sports\/en-cote-divoire-le-souvenir-douloureux-de-la-can-1984","name":"En C\u00f4te d\u2019Ivoire, le souvenir douloureux de la CAN 1984 - C\u00f4te d&#039;Ivoire","isPartOf":{"@id":"https:\/\/www.africa-press.net\/cotedivoire\/#website"},"primaryImageOfPage":{"@id":"https:\/\/www.africa-press.net\/cotedivoire\/sports\/en-cote-divoire-le-souvenir-douloureux-de-la-can-1984#primaryimage"},"image":{"@id":"https:\/\/www.africa-press.net\/cotedivoire\/sports\/en-cote-divoire-le-souvenir-douloureux-de-la-can-1984#primaryimage"},"thumbnailUrl":"https:\/\/static.africa-press.net\/cote\/sites\/43\/2023\/12\/sm_1703332174.228365.jpg","datePublished":"2023-12-23T13:48:11+00:00","dateModified":"2023-12-23T15:21:08+00:00","author":{"@id":"https:\/\/www.africa-press.net\/cotedivoire\/#\/schema\/person\/2b1cf3cd81a31e3cd26889ca66d677f1"},"description":"Le pays a de\u0301ja\u0300 organise\u0301 la Coupe d\u2019Afrique des nations : c\u2019e\u0301tait en 1984, en remplacement de la Tanzanie, qui s\u2019e\u0301ta ...","breadcrumb":{"@id":"https:\/\/www.africa-press.net\/cotedivoire\/sports\/en-cote-divoire-le-souvenir-douloureux-de-la-can-1984#breadcrumb"},"inLanguage":"fr-FR","potentialAction":[{"@type":"ReadAction","target":["https:\/\/www.africa-press.net\/cotedivoire\/sports\/en-cote-divoire-le-souvenir-douloureux-de-la-can-1984"]}]},{"@type":"ImageObject","inLanguage":"fr-FR","@id":"https:\/\/www.africa-press.net\/cotedivoire\/sports\/en-cote-divoire-le-souvenir-douloureux-de-la-can-1984#primaryimage","url":"https:\/\/static.africa-press.net\/cote\/sites\/43\/2023\/12\/sm_1703332174.228365.jpg","contentUrl":"https:\/\/static.africa-press.net\/cote\/sites\/43\/2023\/12\/sm_1703332174.228365.jpg","width":1256,"height":628,"caption":"En C\u00f4te d\u2019Ivoire, le souvenir douloureux de la CAN 1984"},{"@type":"BreadcrumbList","@id":"https:\/\/www.africa-press.net\/cotedivoire\/sports\/en-cote-divoire-le-souvenir-douloureux-de-la-can-1984#breadcrumb","itemListElement":[{"@type":"ListItem","position":1,"name":"Accueil","item":"https:\/\/www.africa-press.net\/cotedivoire\/"},{"@type":"ListItem","position":2,"name":"En C\u00f4te d\u2019Ivoire, le souvenir douloureux de la CAN 1984"}]},{"@type":"WebSite","@id":"https:\/\/www.africa-press.net\/cotedivoire\/#website","url":"https:\/\/www.africa-press.net\/cotedivoire\/","name":"C\u00f4te d&#039;Ivoire","description":"Just another Africa News Agency Sites site","potentialAction":[{"@type":"SearchAction","target":{"@type":"EntryPoint","urlTemplate":"https:\/\/www.africa-press.net\/cotedivoire\/?s={search_term_string}"},"query-input":{"@type":"PropertyValueSpecification","valueRequired":true,"valueName":"search_term_string"}}],"inLanguage":"fr-FR"},{"@type":"Person","@id":"https:\/\/www.africa-press.net\/cotedivoire\/#\/schema\/person\/2b1cf3cd81a31e3cd26889ca66d677f1","name":"cfeditorfr"}]}},"_links":{"self":[{"href":"https:\/\/www.africa-press.net\/cotedivoire\/wp-json\/wp\/v2\/posts\/72040","targetHints":{"allow":["GET"]}}],"collection":[{"href":"https:\/\/www.africa-press.net\/cotedivoire\/wp-json\/wp\/v2\/posts"}],"about":[{"href":"https:\/\/www.africa-press.net\/cotedivoire\/wp-json\/wp\/v2\/types\/post"}],"author":[{"embeddable":true,"href":"https:\/\/www.africa-press.net\/cotedivoire\/wp-json\/wp\/v2\/users\/82"}],"replies":[{"embeddable":true,"href":"https:\/\/www.africa-press.net\/cotedivoire\/wp-json\/wp\/v2\/comments?post=72040"}],"version-history":[{"count":0,"href":"https:\/\/www.africa-press.net\/cotedivoire\/wp-json\/wp\/v2\/posts\/72040\/revisions"}],"wp:featuredmedia":[{"embeddable":true,"href":"https:\/\/www.africa-press.net\/cotedivoire\/wp-json\/wp\/v2\/media\/72038"}],"wp:attachment":[{"href":"https:\/\/www.africa-press.net\/cotedivoire\/wp-json\/wp\/v2\/media?parent=72040"}],"wp:term":[{"taxonomy":"category","embeddable":true,"href":"https:\/\/www.africa-press.net\/cotedivoire\/wp-json\/wp\/v2\/categories?post=72040"},{"taxonomy":"post_tag","embeddable":true,"href":"https:\/\/www.africa-press.net\/cotedivoire\/wp-json\/wp\/v2\/tags?post=72040"}],"curies":[{"name":"wp","href":"https:\/\/api.w.org\/{rel}","templated":true}]}}