{"id":72124,"date":"2023-12-26T11:19:00","date_gmt":"2023-12-26T11:19:00","guid":{"rendered":"https:\/\/www.africa-press.net\/cotedivoire\/politique\/cote-divoire-tiemoko-meyliet-et-beugre-mambe-se-rassurent-sur-letat-des-infrastructures-de-la-can-2023-a-bouake-et-a-yamoussoukro"},"modified":"2023-12-28T07:24:02","modified_gmt":"2023-12-28T07:24:02","slug":"cote-divoire-tiemoko-meyliet-et-beugre-mambe-se-rassurent-sur-letat-des-infrastructures-de-la-can-2023-a-bouake-et-a-yamoussoukro","status":"publish","type":"post","link":"https:\/\/www.africa-press.net\/cotedivoire\/politique\/cote-divoire-tiemoko-meyliet-et-beugre-mambe-se-rassurent-sur-letat-des-infrastructures-de-la-can-2023-a-bouake-et-a-yamoussoukro","title":{"rendered":"C\u00f4te d&rsquo;Ivo\ufeffire : Ti\u00e9moko Meyliet et Beugr\u00e9 Mamb\u00e9 se rassurent sur l&rsquo;\u00e9tat des infrastructures de la CAN 2023 \u00e0 Bouak\u00e9 et \u00e0 Yamoussoukro"},"content":{"rendered":"<p><span style=\"color: #ff6600\"><strong>Africa-Press &#8211; C\u00f4te d&rsquo;Ivoire. <\/strong><\/span>Le Vice-pre\u0301sident de la Re\u0301publique, Tie\u0301moko Meyliet Kone\u0301 et le Premier Ministre, Ministre des Sports et du Cadre de Vie, Robert Beugre\u0301 Mambe\u0301, veulent se rassurer du bon e\u0301tat des infrastructures retenues pour la CAN, a une dizaine de jours du de\u0301but de la compe\u0301tition.<\/p>\n<p>Ils effectuent conjointement, ce mardi 26 de\u0301cembre 2023 une visite de ces infrastructures lie\u0301es a\u0300 la Coupe d&rsquo;Afrique des Nations (CAN) a\u0300 Bouake\u0301.<\/p>\n<p>Les sites concerne\u0301s par cette ope\u0301ration sont le stade de la Paix, l&rsquo;ho\u0302tel du Stade, l&rsquo;ho\u0302tel RAN et la cite\u0301 CAN. Il s\u2019agit pour les deux personnalite\u0301s de s\u2019assurer que la ville de Bouake\u0301 qui doit abriter les matchs du groupe D est pre\u0302te pour l\u2019e\u0301ve\u0301nement.<\/p>\n<p>Avant la capitale du Gbe\u0302ke\u0302, le Premier Ministre va effectuer toujours ce 26 de\u0301cembre et dans le me\u0302me e\u0301lan une visite des infrastructures de Yamoussoukro. Tour a\u0300 tour, le Chef du gouvernement sera au Stade Charles Konan Banny, a\u0300 l&rsquo;ho\u0302tel des Parlementaires et a\u0300 l&rsquo;ho\u0302tel Pre\u0301sident. La capitale ivoirienne, faut-il le rappeler accueille les matchs du groupe C de la grand\u2019messe du football africain.<\/p>\n<p>A Yamoussoukro, Robert Beugre\u0301 Mambe\u0301 aura par ailleurs, une se\u0301ance de travail avec le Ministre du Patrimoine, du Portefeuille de l\u2019Etat et des Entreprises publiques, le Ministre du Tourisme et des Loisirs, et le Directeur ge\u0301ne\u0301ral de la Socie\u0301te\u0301 nationale de gestion du patrimoine immobilier de l\u2019E\u0301tat (SONAPIE).<\/p>\n<p>Pour rappel, le chef du gouvernement, a de\u0301ja\u0300 effectue\u0301 des visites du me\u0302me type au Stade Olympique Alassane Ouattara et au stade Fe\u0301lix Houphoue\u0308t-Boigny a\u0300 Abidjan.<\/p>\n<p>La CAN 2023 de\u0301bute le 13 janvier prochain. La Co\u0302te d\u2019Ivoire qui abrite la compe\u0301tition pour la deuxie\u0300me fois 40 ans apre\u0300s l\u2019e\u0301dition de 1984, a l\u2019objectif d\u2019offrir au continent la meilleure CAN de l\u2019histoire.<\/p>\n<p><strong>Pour plus d&rsquo;informations et d&rsquo;analyses sur la <a href=\"https:\/\/www.africa-press.net\/cotedivoire\">C\u00f4te d&rsquo;Ivoire<\/a>, suivez <a href=\"https:\/\/www.africa-press.net\/\">Africa-Press<\/a><\/strong><\/p>\n","protected":false},"excerpt":{"rendered":"<p>Africa-Press &#8211; C\u00f4te d&rsquo;Ivoire. Le Vice-pre\u0301sident de la Re\u0301publique, Tie\u0301moko Meyliet Kone\u0301 et le Premier Ministre, Ministre des Sports et du Cadre de Vie, Robert Beugre\u0301 Mambe\u0301, veulent se rassurer du bon e\u0301tat des infrastructures retenues pour la CAN, a une dizaine de jours du de\u0301but de la compe\u0301tition. Ils effectuent conjointement, ce mardi 26 [&hellip;]<\/p>\n","protected":false},"author":82,"featured_media":72123,"comment_status":"open","ping_status":"closed","sticky":false,"template":"","format":"standard","meta":{"footnotes":""},"categories":[2,20,10],"tags":[56,63,366,2874,29,2780,33],"class_list":["post-72124","post","type-post","status-publish","format-standard","has-post-thumbnail","hentry","category-politique","category-top-nouvelles","category-toutes-les-actualites","tag-africa-press","tag-africa-press-cote-divoire","tag-bouake","tag-can","tag-cote-divoire","tag-infrastructures","tag-yamoussoukro"],"yoast_head":"<!-- This site is optimized with the Yoast SEO Premium plugin v26.1 (Yoast SEO v27.0) - https:\/\/yoast.com\/product\/yoast-seo-premium-wordpress\/ -->\n<title>C\u00f4te d&#039;Ivo\ufeffire : Ti\u00e9moko Meyliet et Beugr\u00e9 Mamb\u00e9 se rassurent sur l&#039;\u00e9tat des infrastructures de la CAN 2023 \u00e0 Bouak\u00e9 et \u00e0 Yamoussoukro - C\u00f4te d&#039;Ivoire<\/title>\n<meta name=\"description\" content=\"Le Vice-pre\u0301sident de la Re\u0301publique, Tie\u0301moko Meyliet Kone\u0301 et le Premier Ministre, Ministre des Sports et du Cadre de ...\" \/>\n<meta name=\"robots\" content=\"index, follow, max-snippet:-1, max-image-preview:large, max-video-preview:-1\" \/>\n<link rel=\"canonical\" href=\"https:\/\/www.africa-press.net\/cotedivoire\/politique\/cote-divoire-tiemoko-meyliet-et-beugre-mambe-se-rassurent-sur-letat-des-infrastructures-de-la-can-2023-a-bouake-et-a-yamoussoukro\" \/>\n<meta property=\"og:locale\" content=\"fr_FR\" \/>\n<meta property=\"og:type\" content=\"article\" \/>\n<meta property=\"og:title\" content=\"C\u00f4te d&#039;Ivo\ufeffire : Ti\u00e9moko Meyliet et Beugr\u00e9 Mamb\u00e9 se rassurent sur l&#039;\u00e9tat des infrastructures de la CAN 2023 \u00e0 Bouak\u00e9 et \u00e0 Yamoussoukro\" \/>\n<meta property=\"og:description\" content=\"Le Vice-pre\u0301sident de la Re\u0301publique, Tie\u0301moko Meyliet Kone\u0301 et le Premier Ministre, Ministre des Sports et du Cadre de ...\" \/>\n<meta property=\"og:url\" content=\"https:\/\/www.africa-press.net\/cotedivoire\/politique\/cote-divoire-tiemoko-meyliet-et-beugre-mambe-se-rassurent-sur-letat-des-infrastructures-de-la-can-2023-a-bouake-et-a-yamoussoukro\" \/>\n<meta property=\"og:site_name\" content=\"C\u00f4te d&#039;Ivoire\" \/>\n<meta property=\"article:published_time\" content=\"2023-12-26T11:19:00+00:00\" \/>\n<meta property=\"article:modified_time\" content=\"2023-12-28T07:24:02+00:00\" \/>\n<meta property=\"og:image\" content=\"https:\/\/static.africa-press.net\/cote\/sites\/43\/2023\/12\/sm_1703578851.652733.jpg\" \/>\n\t<meta property=\"og:image:width\" content=\"720\" \/>\n\t<meta property=\"og:image:height\" content=\"488\" \/>\n\t<meta property=\"og:image:type\" content=\"image\/jpeg\" \/>\n<meta name=\"author\" content=\"cfeditorfr\" \/>\n<meta name=\"twitter:card\" content=\"summary_large_image\" \/>\n<meta name=\"twitter:label1\" content=\"\u00c9crit par\" \/>\n\t<meta name=\"twitter:data1\" content=\"cfeditorfr\" \/>\n\t<meta name=\"twitter:label2\" content=\"Dur\u00e9e de lecture estim\u00e9e\" \/>\n\t<meta name=\"twitter:data2\" content=\"2 minutes\" \/>\n<script type=\"application\/ld+json\" class=\"yoast-schema-graph\">{\"@context\":\"https:\/\/schema.org\",\"@graph\":[{\"@type\":\"Article\",\"@id\":\"https:\/\/www.africa-press.net\/cotedivoire\/politique\/cote-divoire-tiemoko-meyliet-et-beugre-mambe-se-rassurent-sur-letat-des-infrastructures-de-la-can-2023-a-bouake-et-a-yamoussoukro#article\",\"isPartOf\":{\"@id\":\"https:\/\/www.africa-press.net\/cotedivoire\/politique\/cote-divoire-tiemoko-meyliet-et-beugre-mambe-se-rassurent-sur-letat-des-infrastructures-de-la-can-2023-a-bouake-et-a-yamoussoukro\"},\"author\":{\"name\":\"cfeditorfr\",\"@id\":\"https:\/\/www.africa-press.net\/cotedivoire\/#\/schema\/person\/2b1cf3cd81a31e3cd26889ca66d677f1\"},\"headline\":\"C\u00f4te d&rsquo;Ivo\ufeffire : Ti\u00e9moko Meyliet et Beugr\u00e9 Mamb\u00e9 se rassurent sur l&rsquo;\u00e9tat des infrastructures de la CAN 2023 \u00e0 Bouak\u00e9 et \u00e0 Yamoussoukro\",\"datePublished\":\"2023-12-26T11:19:00+00:00\",\"dateModified\":\"2023-12-28T07:24:02+00:00\",\"mainEntityOfPage\":{\"@id\":\"https:\/\/www.africa-press.net\/cotedivoire\/politique\/cote-divoire-tiemoko-meyliet-et-beugre-mambe-se-rassurent-sur-letat-des-infrastructures-de-la-can-2023-a-bouake-et-a-yamoussoukro\"},\"wordCount\":379,\"commentCount\":0,\"image\":{\"@id\":\"https:\/\/www.africa-press.net\/cotedivoire\/politique\/cote-divoire-tiemoko-meyliet-et-beugre-mambe-se-rassurent-sur-letat-des-infrastructures-de-la-can-2023-a-bouake-et-a-yamoussoukro#primaryimage\"},\"thumbnailUrl\":\"https:\/\/static.africa-press.net\/cote\/sites\/43\/2023\/12\/sm_1703578851.652733.jpg\",\"keywords\":[\"Africa Press\",\"Africa Press-C\u00f4te d'Ivoire\",\"Bouak\u00e9\",\"CAN\",\"C\u00d4TE D'IVOIRE\",\"infrastructures\",\"Yamoussoukro\"],\"articleSection\":[\"Politique\",\"Top Nouvelles\",\"Toutes les actualit\u00e9s\"],\"inLanguage\":\"fr-FR\",\"potentialAction\":[{\"@type\":\"CommentAction\",\"name\":\"Comment\",\"target\":[\"https:\/\/www.africa-press.net\/cotedivoire\/politique\/cote-divoire-tiemoko-meyliet-et-beugre-mambe-se-rassurent-sur-letat-des-infrastructures-de-la-can-2023-a-bouake-et-a-yamoussoukro#respond\"]}]},{\"@type\":\"WebPage\",\"@id\":\"https:\/\/www.africa-press.net\/cotedivoire\/politique\/cote-divoire-tiemoko-meyliet-et-beugre-mambe-se-rassurent-sur-letat-des-infrastructures-de-la-can-2023-a-bouake-et-a-yamoussoukro\",\"url\":\"https:\/\/www.africa-press.net\/cotedivoire\/politique\/cote-divoire-tiemoko-meyliet-et-beugre-mambe-se-rassurent-sur-letat-des-infrastructures-de-la-can-2023-a-bouake-et-a-yamoussoukro\",\"name\":\"C\u00f4te d'Ivo\ufeffire : Ti\u00e9moko Meyliet et Beugr\u00e9 Mamb\u00e9 se rassurent sur l'\u00e9tat des infrastructures de la CAN 2023 \u00e0 Bouak\u00e9 et \u00e0 Yamoussoukro - C\u00f4te d&#039;Ivoire\",\"isPartOf\":{\"@id\":\"https:\/\/www.africa-press.net\/cotedivoire\/#website\"},\"primaryImageOfPage\":{\"@id\":\"https:\/\/www.africa-press.net\/cotedivoire\/politique\/cote-divoire-tiemoko-meyliet-et-beugre-mambe-se-rassurent-sur-letat-des-infrastructures-de-la-can-2023-a-bouake-et-a-yamoussoukro#primaryimage\"},\"image\":{\"@id\":\"https:\/\/www.africa-press.net\/cotedivoire\/politique\/cote-divoire-tiemoko-meyliet-et-beugre-mambe-se-rassurent-sur-letat-des-infrastructures-de-la-can-2023-a-bouake-et-a-yamoussoukro#primaryimage\"},\"thumbnailUrl\":\"https:\/\/static.africa-press.net\/cote\/sites\/43\/2023\/12\/sm_1703578851.652733.jpg\",\"datePublished\":\"2023-12-26T11:19:00+00:00\",\"dateModified\":\"2023-12-28T07:24:02+00:00\",\"author\":{\"@id\":\"https:\/\/www.africa-press.net\/cotedivoire\/#\/schema\/person\/2b1cf3cd81a31e3cd26889ca66d677f1\"},\"description\":\"Le Vice-pre\u0301sident de la Re\u0301publique, Tie\u0301moko Meyliet Kone\u0301 et le Premier Ministre, Ministre des Sports et du Cadre de ...\",\"breadcrumb\":{\"@id\":\"https:\/\/www.africa-press.net\/cotedivoire\/politique\/cote-divoire-tiemoko-meyliet-et-beugre-mambe-se-rassurent-sur-letat-des-infrastructures-de-la-can-2023-a-bouake-et-a-yamoussoukro#breadcrumb\"},\"inLanguage\":\"fr-FR\",\"potentialAction\":[{\"@type\":\"ReadAction\",\"target\":[\"https:\/\/www.africa-press.net\/cotedivoire\/politique\/cote-divoire-tiemoko-meyliet-et-beugre-mambe-se-rassurent-sur-letat-des-infrastructures-de-la-can-2023-a-bouake-et-a-yamoussoukro\"]}]},{\"@type\":\"ImageObject\",\"inLanguage\":\"fr-FR\",\"@id\":\"https:\/\/www.africa-press.net\/cotedivoire\/politique\/cote-divoire-tiemoko-meyliet-et-beugre-mambe-se-rassurent-sur-letat-des-infrastructures-de-la-can-2023-a-bouake-et-a-yamoussoukro#primaryimage\",\"url\":\"https:\/\/static.africa-press.net\/cote\/sites\/43\/2023\/12\/sm_1703578851.652733.jpg\",\"contentUrl\":\"https:\/\/static.africa-press.net\/cote\/sites\/43\/2023\/12\/sm_1703578851.652733.jpg\",\"width\":720,\"height\":488,\"caption\":\"C\u00f4te d'Ivo\ufeffire : Ti\u00e9moko Meyliet et Beugr\u00e9 Mamb\u00e9 se rassurent sur l'\u00e9tat des infrastructures de la CAN 2023 \u00e0 Bouak\u00e9 et \u00e0 Yamoussoukro\"},{\"@type\":\"BreadcrumbList\",\"@id\":\"https:\/\/www.africa-press.net\/cotedivoire\/politique\/cote-divoire-tiemoko-meyliet-et-beugre-mambe-se-rassurent-sur-letat-des-infrastructures-de-la-can-2023-a-bouake-et-a-yamoussoukro#breadcrumb\",\"itemListElement\":[{\"@type\":\"ListItem\",\"position\":1,\"name\":\"Accueil\",\"item\":\"https:\/\/www.africa-press.net\/cotedivoire\/\"},{\"@type\":\"ListItem\",\"position\":2,\"name\":\"C\u00f4te d&#8217;Ivo\ufeffire : Ti\u00e9moko Meyliet et Beugr\u00e9 Mamb\u00e9 se rassurent sur l&#8217;\u00e9tat des infrastructures de la CAN 2023 \u00e0 Bouak\u00e9 et \u00e0 Yamoussoukro\"}]},{\"@type\":\"WebSite\",\"@id\":\"https:\/\/www.africa-press.net\/cotedivoire\/#website\",\"url\":\"https:\/\/www.africa-press.net\/cotedivoire\/\",\"name\":\"C\u00f4te d&#039;Ivoire\",\"description\":\"Just another Africa News Agency Sites site\",\"potentialAction\":[{\"@type\":\"SearchAction\",\"target\":{\"@type\":\"EntryPoint\",\"urlTemplate\":\"https:\/\/www.africa-press.net\/cotedivoire\/?s={search_term_string}\"},\"query-input\":{\"@type\":\"PropertyValueSpecification\",\"valueRequired\":true,\"valueName\":\"search_term_string\"}}],\"inLanguage\":\"fr-FR\"},{\"@type\":\"Person\",\"@id\":\"https:\/\/www.africa-press.net\/cotedivoire\/#\/schema\/person\/2b1cf3cd81a31e3cd26889ca66d677f1\",\"name\":\"cfeditorfr\"}]}<\/script>\n<!-- \/ Yoast SEO Premium plugin. -->","yoast_head_json":{"title":"C\u00f4te d'Ivo\ufeffire : Ti\u00e9moko Meyliet et Beugr\u00e9 Mamb\u00e9 se rassurent sur l'\u00e9tat des infrastructures de la CAN 2023 \u00e0 Bouak\u00e9 et \u00e0 Yamoussoukro - C\u00f4te d&#039;Ivoire","description":"Le Vice-pre\u0301sident de la Re\u0301publique, Tie\u0301moko Meyliet Kone\u0301 et le Premier Ministre, Ministre des Sports et du Cadre de ...","robots":{"index":"index","follow":"follow","max-snippet":"max-snippet:-1","max-image-preview":"max-image-preview:large","max-video-preview":"max-video-preview:-1"},"canonical":"https:\/\/www.africa-press.net\/cotedivoire\/politique\/cote-divoire-tiemoko-meyliet-et-beugre-mambe-se-rassurent-sur-letat-des-infrastructures-de-la-can-2023-a-bouake-et-a-yamoussoukro","og_locale":"fr_FR","og_type":"article","og_title":"C\u00f4te d'Ivo\ufeffire : Ti\u00e9moko Meyliet et Beugr\u00e9 Mamb\u00e9 se rassurent sur l'\u00e9tat des infrastructures de la CAN 2023 \u00e0 Bouak\u00e9 et \u00e0 Yamoussoukro","og_description":"Le Vice-pre\u0301sident de la Re\u0301publique, Tie\u0301moko Meyliet Kone\u0301 et le Premier Ministre, Ministre des Sports et du Cadre de ...","og_url":"https:\/\/www.africa-press.net\/cotedivoire\/politique\/cote-divoire-tiemoko-meyliet-et-beugre-mambe-se-rassurent-sur-letat-des-infrastructures-de-la-can-2023-a-bouake-et-a-yamoussoukro","og_site_name":"C\u00f4te d&#039;Ivoire","article_published_time":"2023-12-26T11:19:00+00:00","article_modified_time":"2023-12-28T07:24:02+00:00","og_image":[{"width":720,"height":488,"url":"https:\/\/static.africa-press.net\/cote\/sites\/43\/2023\/12\/sm_1703578851.652733.jpg","type":"image\/jpeg"}],"author":"cfeditorfr","twitter_card":"summary_large_image","twitter_misc":{"\u00c9crit par":"cfeditorfr","Dur\u00e9e de lecture estim\u00e9e":"2 minutes"},"schema":{"@context":"https:\/\/schema.org","@graph":[{"@type":"Article","@id":"https:\/\/www.africa-press.net\/cotedivoire\/politique\/cote-divoire-tiemoko-meyliet-et-beugre-mambe-se-rassurent-sur-letat-des-infrastructures-de-la-can-2023-a-bouake-et-a-yamoussoukro#article","isPartOf":{"@id":"https:\/\/www.africa-press.net\/cotedivoire\/politique\/cote-divoire-tiemoko-meyliet-et-beugre-mambe-se-rassurent-sur-letat-des-infrastructures-de-la-can-2023-a-bouake-et-a-yamoussoukro"},"author":{"name":"cfeditorfr","@id":"https:\/\/www.africa-press.net\/cotedivoire\/#\/schema\/person\/2b1cf3cd81a31e3cd26889ca66d677f1"},"headline":"C\u00f4te d&rsquo;Ivo\ufeffire : Ti\u00e9moko Meyliet et Beugr\u00e9 Mamb\u00e9 se rassurent sur l&rsquo;\u00e9tat des infrastructures de la CAN 2023 \u00e0 Bouak\u00e9 et \u00e0 Yamoussoukro","datePublished":"2023-12-26T11:19:00+00:00","dateModified":"2023-12-28T07:24:02+00:00","mainEntityOfPage":{"@id":"https:\/\/www.africa-press.net\/cotedivoire\/politique\/cote-divoire-tiemoko-meyliet-et-beugre-mambe-se-rassurent-sur-letat-des-infrastructures-de-la-can-2023-a-bouake-et-a-yamoussoukro"},"wordCount":379,"commentCount":0,"image":{"@id":"https:\/\/www.africa-press.net\/cotedivoire\/politique\/cote-divoire-tiemoko-meyliet-et-beugre-mambe-se-rassurent-sur-letat-des-infrastructures-de-la-can-2023-a-bouake-et-a-yamoussoukro#primaryimage"},"thumbnailUrl":"https:\/\/static.africa-press.net\/cote\/sites\/43\/2023\/12\/sm_1703578851.652733.jpg","keywords":["Africa Press","Africa Press-C\u00f4te d'Ivoire","Bouak\u00e9","CAN","C\u00d4TE D'IVOIRE","infrastructures","Yamoussoukro"],"articleSection":["Politique","Top Nouvelles","Toutes les actualit\u00e9s"],"inLanguage":"fr-FR","potentialAction":[{"@type":"CommentAction","name":"Comment","target":["https:\/\/www.africa-press.net\/cotedivoire\/politique\/cote-divoire-tiemoko-meyliet-et-beugre-mambe-se-rassurent-sur-letat-des-infrastructures-de-la-can-2023-a-bouake-et-a-yamoussoukro#respond"]}]},{"@type":"WebPage","@id":"https:\/\/www.africa-press.net\/cotedivoire\/politique\/cote-divoire-tiemoko-meyliet-et-beugre-mambe-se-rassurent-sur-letat-des-infrastructures-de-la-can-2023-a-bouake-et-a-yamoussoukro","url":"https:\/\/www.africa-press.net\/cotedivoire\/politique\/cote-divoire-tiemoko-meyliet-et-beugre-mambe-se-rassurent-sur-letat-des-infrastructures-de-la-can-2023-a-bouake-et-a-yamoussoukro","name":"C\u00f4te d'Ivo\ufeffire : Ti\u00e9moko Meyliet et Beugr\u00e9 Mamb\u00e9 se rassurent sur l'\u00e9tat des infrastructures de la CAN 2023 \u00e0 Bouak\u00e9 et \u00e0 Yamoussoukro - C\u00f4te d&#039;Ivoire","isPartOf":{"@id":"https:\/\/www.africa-press.net\/cotedivoire\/#website"},"primaryImageOfPage":{"@id":"https:\/\/www.africa-press.net\/cotedivoire\/politique\/cote-divoire-tiemoko-meyliet-et-beugre-mambe-se-rassurent-sur-letat-des-infrastructures-de-la-can-2023-a-bouake-et-a-yamoussoukro#primaryimage"},"image":{"@id":"https:\/\/www.africa-press.net\/cotedivoire\/politique\/cote-divoire-tiemoko-meyliet-et-beugre-mambe-se-rassurent-sur-letat-des-infrastructures-de-la-can-2023-a-bouake-et-a-yamoussoukro#primaryimage"},"thumbnailUrl":"https:\/\/static.africa-press.net\/cote\/sites\/43\/2023\/12\/sm_1703578851.652733.jpg","datePublished":"2023-12-26T11:19:00+00:00","dateModified":"2023-12-28T07:24:02+00:00","author":{"@id":"https:\/\/www.africa-press.net\/cotedivoire\/#\/schema\/person\/2b1cf3cd81a31e3cd26889ca66d677f1"},"description":"Le Vice-pre\u0301sident de la Re\u0301publique, Tie\u0301moko Meyliet Kone\u0301 et le Premier Ministre, Ministre des Sports et du Cadre de ...","breadcrumb":{"@id":"https:\/\/www.africa-press.net\/cotedivoire\/politique\/cote-divoire-tiemoko-meyliet-et-beugre-mambe-se-rassurent-sur-letat-des-infrastructures-de-la-can-2023-a-bouake-et-a-yamoussoukro#breadcrumb"},"inLanguage":"fr-FR","potentialAction":[{"@type":"ReadAction","target":["https:\/\/www.africa-press.net\/cotedivoire\/politique\/cote-divoire-tiemoko-meyliet-et-beugre-mambe-se-rassurent-sur-letat-des-infrastructures-de-la-can-2023-a-bouake-et-a-yamoussoukro"]}]},{"@type":"ImageObject","inLanguage":"fr-FR","@id":"https:\/\/www.africa-press.net\/cotedivoire\/politique\/cote-divoire-tiemoko-meyliet-et-beugre-mambe-se-rassurent-sur-letat-des-infrastructures-de-la-can-2023-a-bouake-et-a-yamoussoukro#primaryimage","url":"https:\/\/static.africa-press.net\/cote\/sites\/43\/2023\/12\/sm_1703578851.652733.jpg","contentUrl":"https:\/\/static.africa-press.net\/cote\/sites\/43\/2023\/12\/sm_1703578851.652733.jpg","width":720,"height":488,"caption":"C\u00f4te d'Ivo\ufeffire : Ti\u00e9moko Meyliet et Beugr\u00e9 Mamb\u00e9 se rassurent sur l'\u00e9tat des infrastructures de la CAN 2023 \u00e0 Bouak\u00e9 et \u00e0 Yamoussoukro"},{"@type":"BreadcrumbList","@id":"https:\/\/www.africa-press.net\/cotedivoire\/politique\/cote-divoire-tiemoko-meyliet-et-beugre-mambe-se-rassurent-sur-letat-des-infrastructures-de-la-can-2023-a-bouake-et-a-yamoussoukro#breadcrumb","itemListElement":[{"@type":"ListItem","position":1,"name":"Accueil","item":"https:\/\/www.africa-press.net\/cotedivoire\/"},{"@type":"ListItem","position":2,"name":"C\u00f4te d&#8217;Ivo\ufeffire : Ti\u00e9moko Meyliet et Beugr\u00e9 Mamb\u00e9 se rassurent sur l&#8217;\u00e9tat des infrastructures de la CAN 2023 \u00e0 Bouak\u00e9 et \u00e0 Yamoussoukro"}]},{"@type":"WebSite","@id":"https:\/\/www.africa-press.net\/cotedivoire\/#website","url":"https:\/\/www.africa-press.net\/cotedivoire\/","name":"C\u00f4te d&#039;Ivoire","description":"Just another Africa News Agency Sites site","potentialAction":[{"@type":"SearchAction","target":{"@type":"EntryPoint","urlTemplate":"https:\/\/www.africa-press.net\/cotedivoire\/?s={search_term_string}"},"query-input":{"@type":"PropertyValueSpecification","valueRequired":true,"valueName":"search_term_string"}}],"inLanguage":"fr-FR"},{"@type":"Person","@id":"https:\/\/www.africa-press.net\/cotedivoire\/#\/schema\/person\/2b1cf3cd81a31e3cd26889ca66d677f1","name":"cfeditorfr"}]}},"_links":{"self":[{"href":"https:\/\/www.africa-press.net\/cotedivoire\/wp-json\/wp\/v2\/posts\/72124","targetHints":{"allow":["GET"]}}],"collection":[{"href":"https:\/\/www.africa-press.net\/cotedivoire\/wp-json\/wp\/v2\/posts"}],"about":[{"href":"https:\/\/www.africa-press.net\/cotedivoire\/wp-json\/wp\/v2\/types\/post"}],"author":[{"embeddable":true,"href":"https:\/\/www.africa-press.net\/cotedivoire\/wp-json\/wp\/v2\/users\/82"}],"replies":[{"embeddable":true,"href":"https:\/\/www.africa-press.net\/cotedivoire\/wp-json\/wp\/v2\/comments?post=72124"}],"version-history":[{"count":0,"href":"https:\/\/www.africa-press.net\/cotedivoire\/wp-json\/wp\/v2\/posts\/72124\/revisions"}],"wp:featuredmedia":[{"embeddable":true,"href":"https:\/\/www.africa-press.net\/cotedivoire\/wp-json\/wp\/v2\/media\/72123"}],"wp:attachment":[{"href":"https:\/\/www.africa-press.net\/cotedivoire\/wp-json\/wp\/v2\/media?parent=72124"}],"wp:term":[{"taxonomy":"category","embeddable":true,"href":"https:\/\/www.africa-press.net\/cotedivoire\/wp-json\/wp\/v2\/categories?post=72124"},{"taxonomy":"post_tag","embeddable":true,"href":"https:\/\/www.africa-press.net\/cotedivoire\/wp-json\/wp\/v2\/tags?post=72124"}],"curies":[{"name":"wp","href":"https:\/\/api.w.org\/{rel}","templated":true}]}}