{"id":72182,"date":"2023-12-27T18:30:56","date_gmt":"2023-12-27T18:30:56","guid":{"rendered":"https:\/\/www.africa-press.net\/cotedivoire\/politique\/appels-a-adherer-au-pdci-soumaila-kouassi-bredoumy-porte-parole-fait-des-precisions"},"modified":"2023-12-28T18:21:34","modified_gmt":"2023-12-28T18:21:34","slug":"appels-a-adherer-au-pdci-soumaila-kouassi-bredoumy-porte-parole-fait-des-precisions","status":"publish","type":"post","link":"https:\/\/www.africa-press.net\/cotedivoire\/politique\/appels-a-adherer-au-pdci-soumaila-kouassi-bredoumy-porte-parole-fait-des-precisions","title":{"rendered":"Appels \u00e0 adh\u00e9rer au PDCI, Souma\u00efla Kouassi Br\u00e9doumy Porte-Parole fait des pr\u00e9cisions"},"content":{"rendered":"<p><span style=\"color: #ff6600\"><strong>Africa-Press &#8211; C\u00f4te d&rsquo;Ivoire. <\/strong><\/span>Des informations relaye\u0301es sur les diffe\u0301rents re\u0301seaux sociaux font des appels a\u0300 adhe\u0301rer au PDCI-RDA via de nouvelles voies.<\/p>\n<p>Une information que de\u0301ment Soumai\u0308la Kouassi Bre\u0301doumy Porte-Parole du mouvement politique fonde\u0301 en 1946.<\/p>\n<p>\u00ab Nous attirons l&rsquo;attention de tous sur le fait que personne n\u2019a e\u0301te\u0301 mandate\u0301 par les autorite\u0301s du PDCI-RDA a\u0300 l\u2019effet d\u2019agir en leur nom dans ce sens. Une annonce officielle vous sera communique\u0301e pour toute voie d\u2019adhe\u0301sion autre que celle qui existe actuellement. En attendant cette annonce, tous ceux qui veulent adhe\u0301rer au PDCI-RDA sont encourage\u0301s a\u0300 se rendre a\u0300 la maison du parti a\u0300 Cocody \u00bb, a-t-il indique\u0301.<\/p>\n<p><strong>Pour plus d&rsquo;informations et d&rsquo;analyses sur la <a href=\"https:\/\/www.africa-press.net\/cotedivoire\">C\u00f4te d&rsquo;Ivoire<\/a>, suivez <a href=\"https:\/\/www.africa-press.net\/\">Africa-Press<\/a><\/strong><\/p>\n","protected":false},"excerpt":{"rendered":"<p>Africa-Press &#8211; C\u00f4te d&rsquo;Ivoire. Des informations relaye\u0301es sur les diffe\u0301rents re\u0301seaux sociaux font des appels a\u0300 adhe\u0301rer au PDCI-RDA via de nouvelles voies. Une information que de\u0301ment Soumai\u0308la Kouassi Bre\u0301doumy Porte-Parole du mouvement politique fonde\u0301 en 1946. \u00ab Nous attirons l&rsquo;attention de tous sur le fait que personne n\u2019a e\u0301te\u0301 mandate\u0301 par les autorite\u0301s du [&hellip;]<\/p>\n","protected":false},"author":82,"featured_media":72181,"comment_status":"open","ping_status":"closed","sticky":false,"template":"","format":"standard","meta":{"footnotes":""},"categories":[2,10],"tags":[12213,56,63,29,12208,739,12212],"class_list":["post-72182","post","type-post","status-publish","format-standard","has-post-thumbnail","hentry","category-politique","category-toutes-les-actualites","tag-adherer","tag-africa-press","tag-africa-press-cote-divoire","tag-cote-divoire","tag-mandate","tag-pdci-rda","tag-soumaila-kouassi-bredoumy"],"yoast_head":"<!-- This site is optimized with the Yoast SEO Premium plugin v26.1 (Yoast SEO v27.0) - https:\/\/yoast.com\/product\/yoast-seo-premium-wordpress\/ -->\n<title>Appels \u00e0 adh\u00e9rer au PDCI, Souma\u00efla Kouassi Br\u00e9doumy Porte-Parole fait des pr\u00e9cisions - C\u00f4te d&#039;Ivoire<\/title>\n<meta name=\"description\" content=\"Des informations relaye\u0301es sur les diffe\u0301rents re\u0301seaux sociaux font des appels a\u0300 adhe\u0301rer au PDCI-RDA via de nouvelles ...\" \/>\n<meta name=\"robots\" content=\"index, follow, max-snippet:-1, max-image-preview:large, max-video-preview:-1\" \/>\n<link rel=\"canonical\" href=\"https:\/\/www.africa-press.net\/cotedivoire\/politique\/appels-a-adherer-au-pdci-soumaila-kouassi-bredoumy-porte-parole-fait-des-precisions\" \/>\n<meta property=\"og:locale\" content=\"fr_FR\" \/>\n<meta property=\"og:type\" content=\"article\" \/>\n<meta property=\"og:title\" content=\"Appels \u00e0 adh\u00e9rer au PDCI, Souma\u00efla Kouassi Br\u00e9doumy Porte-Parole fait des pr\u00e9cisions\" \/>\n<meta property=\"og:description\" content=\"Des informations relaye\u0301es sur les diffe\u0301rents re\u0301seaux sociaux font des appels a\u0300 adhe\u0301rer au PDCI-RDA via de nouvelles ...\" \/>\n<meta property=\"og:url\" content=\"https:\/\/www.africa-press.net\/cotedivoire\/politique\/appels-a-adherer-au-pdci-soumaila-kouassi-bredoumy-porte-parole-fait-des-precisions\" \/>\n<meta property=\"og:site_name\" content=\"C\u00f4te d&#039;Ivoire\" \/>\n<meta property=\"article:published_time\" content=\"2023-12-27T18:30:56+00:00\" \/>\n<meta property=\"article:modified_time\" content=\"2023-12-28T18:21:34+00:00\" \/>\n<meta property=\"og:image\" content=\"https:\/\/static.africa-press.net\/cote\/sites\/43\/2023\/12\/sm_1703695560.358535.jpg\" \/>\n\t<meta property=\"og:image:width\" content=\"720\" \/>\n\t<meta property=\"og:image:height\" content=\"370\" \/>\n\t<meta property=\"og:image:type\" content=\"image\/jpeg\" \/>\n<meta name=\"author\" content=\"cfeditorfr\" \/>\n<meta name=\"twitter:card\" content=\"summary_large_image\" \/>\n<meta name=\"twitter:label1\" content=\"\u00c9crit par\" \/>\n\t<meta name=\"twitter:data1\" content=\"cfeditorfr\" \/>\n\t<meta name=\"twitter:label2\" content=\"Dur\u00e9e de lecture estim\u00e9e\" \/>\n\t<meta name=\"twitter:data2\" content=\"1 minute\" \/>\n<script type=\"application\/ld+json\" class=\"yoast-schema-graph\">{\"@context\":\"https:\/\/schema.org\",\"@graph\":[{\"@type\":\"Article\",\"@id\":\"https:\/\/www.africa-press.net\/cotedivoire\/politique\/appels-a-adherer-au-pdci-soumaila-kouassi-bredoumy-porte-parole-fait-des-precisions#article\",\"isPartOf\":{\"@id\":\"https:\/\/www.africa-press.net\/cotedivoire\/politique\/appels-a-adherer-au-pdci-soumaila-kouassi-bredoumy-porte-parole-fait-des-precisions\"},\"author\":{\"name\":\"cfeditorfr\",\"@id\":\"https:\/\/www.africa-press.net\/cotedivoire\/#\/schema\/person\/2b1cf3cd81a31e3cd26889ca66d677f1\"},\"headline\":\"Appels \u00e0 adh\u00e9rer au PDCI, Souma\u00efla Kouassi Br\u00e9doumy Porte-Parole fait des pr\u00e9cisions\",\"datePublished\":\"2023-12-27T18:30:56+00:00\",\"dateModified\":\"2023-12-28T18:21:34+00:00\",\"mainEntityOfPage\":{\"@id\":\"https:\/\/www.africa-press.net\/cotedivoire\/politique\/appels-a-adherer-au-pdci-soumaila-kouassi-bredoumy-porte-parole-fait-des-precisions\"},\"wordCount\":154,\"commentCount\":0,\"image\":{\"@id\":\"https:\/\/www.africa-press.net\/cotedivoire\/politique\/appels-a-adherer-au-pdci-soumaila-kouassi-bredoumy-porte-parole-fait-des-precisions#primaryimage\"},\"thumbnailUrl\":\"https:\/\/static.africa-press.net\/cote\/sites\/43\/2023\/12\/sm_1703695560.358535.jpg\",\"keywords\":[\"adh\u00e9rer\",\"Africa Press\",\"Africa Press-C\u00f4te d'Ivoire\",\"C\u00d4TE D'IVOIRE\",\"mandat\u00e9\",\"PDCI-RDA\",\"Souma\u00efla Kouassi Br\u00e9doumy\"],\"articleSection\":[\"Politique\",\"Toutes les actualit\u00e9s\"],\"inLanguage\":\"fr-FR\",\"potentialAction\":[{\"@type\":\"CommentAction\",\"name\":\"Comment\",\"target\":[\"https:\/\/www.africa-press.net\/cotedivoire\/politique\/appels-a-adherer-au-pdci-soumaila-kouassi-bredoumy-porte-parole-fait-des-precisions#respond\"]}]},{\"@type\":\"WebPage\",\"@id\":\"https:\/\/www.africa-press.net\/cotedivoire\/politique\/appels-a-adherer-au-pdci-soumaila-kouassi-bredoumy-porte-parole-fait-des-precisions\",\"url\":\"https:\/\/www.africa-press.net\/cotedivoire\/politique\/appels-a-adherer-au-pdci-soumaila-kouassi-bredoumy-porte-parole-fait-des-precisions\",\"name\":\"Appels \u00e0 adh\u00e9rer au PDCI, Souma\u00efla Kouassi Br\u00e9doumy Porte-Parole fait des pr\u00e9cisions - C\u00f4te d&#039;Ivoire\",\"isPartOf\":{\"@id\":\"https:\/\/www.africa-press.net\/cotedivoire\/#website\"},\"primaryImageOfPage\":{\"@id\":\"https:\/\/www.africa-press.net\/cotedivoire\/politique\/appels-a-adherer-au-pdci-soumaila-kouassi-bredoumy-porte-parole-fait-des-precisions#primaryimage\"},\"image\":{\"@id\":\"https:\/\/www.africa-press.net\/cotedivoire\/politique\/appels-a-adherer-au-pdci-soumaila-kouassi-bredoumy-porte-parole-fait-des-precisions#primaryimage\"},\"thumbnailUrl\":\"https:\/\/static.africa-press.net\/cote\/sites\/43\/2023\/12\/sm_1703695560.358535.jpg\",\"datePublished\":\"2023-12-27T18:30:56+00:00\",\"dateModified\":\"2023-12-28T18:21:34+00:00\",\"author\":{\"@id\":\"https:\/\/www.africa-press.net\/cotedivoire\/#\/schema\/person\/2b1cf3cd81a31e3cd26889ca66d677f1\"},\"description\":\"Des informations relaye\u0301es sur les diffe\u0301rents re\u0301seaux sociaux font des appels a\u0300 adhe\u0301rer au PDCI-RDA via de nouvelles ...\",\"breadcrumb\":{\"@id\":\"https:\/\/www.africa-press.net\/cotedivoire\/politique\/appels-a-adherer-au-pdci-soumaila-kouassi-bredoumy-porte-parole-fait-des-precisions#breadcrumb\"},\"inLanguage\":\"fr-FR\",\"potentialAction\":[{\"@type\":\"ReadAction\",\"target\":[\"https:\/\/www.africa-press.net\/cotedivoire\/politique\/appels-a-adherer-au-pdci-soumaila-kouassi-bredoumy-porte-parole-fait-des-precisions\"]}]},{\"@type\":\"ImageObject\",\"inLanguage\":\"fr-FR\",\"@id\":\"https:\/\/www.africa-press.net\/cotedivoire\/politique\/appels-a-adherer-au-pdci-soumaila-kouassi-bredoumy-porte-parole-fait-des-precisions#primaryimage\",\"url\":\"https:\/\/static.africa-press.net\/cote\/sites\/43\/2023\/12\/sm_1703695560.358535.jpg\",\"contentUrl\":\"https:\/\/static.africa-press.net\/cote\/sites\/43\/2023\/12\/sm_1703695560.358535.jpg\",\"width\":720,\"height\":370,\"caption\":\"Appels \u00e0 adh\u00e9rer au PDCI, Souma\u00efla Kouassi Br\u00e9doumy Porte-Parole fait des pr\u00e9cisions\"},{\"@type\":\"BreadcrumbList\",\"@id\":\"https:\/\/www.africa-press.net\/cotedivoire\/politique\/appels-a-adherer-au-pdci-soumaila-kouassi-bredoumy-porte-parole-fait-des-precisions#breadcrumb\",\"itemListElement\":[{\"@type\":\"ListItem\",\"position\":1,\"name\":\"Accueil\",\"item\":\"https:\/\/www.africa-press.net\/cotedivoire\/\"},{\"@type\":\"ListItem\",\"position\":2,\"name\":\"Appels \u00e0 adh\u00e9rer au PDCI, Souma\u00efla Kouassi Br\u00e9doumy Porte-Parole fait des pr\u00e9cisions\"}]},{\"@type\":\"WebSite\",\"@id\":\"https:\/\/www.africa-press.net\/cotedivoire\/#website\",\"url\":\"https:\/\/www.africa-press.net\/cotedivoire\/\",\"name\":\"C\u00f4te d&#039;Ivoire\",\"description\":\"Just another Africa News Agency Sites site\",\"potentialAction\":[{\"@type\":\"SearchAction\",\"target\":{\"@type\":\"EntryPoint\",\"urlTemplate\":\"https:\/\/www.africa-press.net\/cotedivoire\/?s={search_term_string}\"},\"query-input\":{\"@type\":\"PropertyValueSpecification\",\"valueRequired\":true,\"valueName\":\"search_term_string\"}}],\"inLanguage\":\"fr-FR\"},{\"@type\":\"Person\",\"@id\":\"https:\/\/www.africa-press.net\/cotedivoire\/#\/schema\/person\/2b1cf3cd81a31e3cd26889ca66d677f1\",\"name\":\"cfeditorfr\"}]}<\/script>\n<!-- \/ Yoast SEO Premium plugin. -->","yoast_head_json":{"title":"Appels \u00e0 adh\u00e9rer au PDCI, Souma\u00efla Kouassi Br\u00e9doumy Porte-Parole fait des pr\u00e9cisions - C\u00f4te d&#039;Ivoire","description":"Des informations relaye\u0301es sur les diffe\u0301rents re\u0301seaux sociaux font des appels a\u0300 adhe\u0301rer au PDCI-RDA via de nouvelles ...","robots":{"index":"index","follow":"follow","max-snippet":"max-snippet:-1","max-image-preview":"max-image-preview:large","max-video-preview":"max-video-preview:-1"},"canonical":"https:\/\/www.africa-press.net\/cotedivoire\/politique\/appels-a-adherer-au-pdci-soumaila-kouassi-bredoumy-porte-parole-fait-des-precisions","og_locale":"fr_FR","og_type":"article","og_title":"Appels \u00e0 adh\u00e9rer au PDCI, Souma\u00efla Kouassi Br\u00e9doumy Porte-Parole fait des pr\u00e9cisions","og_description":"Des informations relaye\u0301es sur les diffe\u0301rents re\u0301seaux sociaux font des appels a\u0300 adhe\u0301rer au PDCI-RDA via de nouvelles ...","og_url":"https:\/\/www.africa-press.net\/cotedivoire\/politique\/appels-a-adherer-au-pdci-soumaila-kouassi-bredoumy-porte-parole-fait-des-precisions","og_site_name":"C\u00f4te d&#039;Ivoire","article_published_time":"2023-12-27T18:30:56+00:00","article_modified_time":"2023-12-28T18:21:34+00:00","og_image":[{"width":720,"height":370,"url":"https:\/\/static.africa-press.net\/cote\/sites\/43\/2023\/12\/sm_1703695560.358535.jpg","type":"image\/jpeg"}],"author":"cfeditorfr","twitter_card":"summary_large_image","twitter_misc":{"\u00c9crit par":"cfeditorfr","Dur\u00e9e de lecture estim\u00e9e":"1 minute"},"schema":{"@context":"https:\/\/schema.org","@graph":[{"@type":"Article","@id":"https:\/\/www.africa-press.net\/cotedivoire\/politique\/appels-a-adherer-au-pdci-soumaila-kouassi-bredoumy-porte-parole-fait-des-precisions#article","isPartOf":{"@id":"https:\/\/www.africa-press.net\/cotedivoire\/politique\/appels-a-adherer-au-pdci-soumaila-kouassi-bredoumy-porte-parole-fait-des-precisions"},"author":{"name":"cfeditorfr","@id":"https:\/\/www.africa-press.net\/cotedivoire\/#\/schema\/person\/2b1cf3cd81a31e3cd26889ca66d677f1"},"headline":"Appels \u00e0 adh\u00e9rer au PDCI, Souma\u00efla Kouassi Br\u00e9doumy Porte-Parole fait des pr\u00e9cisions","datePublished":"2023-12-27T18:30:56+00:00","dateModified":"2023-12-28T18:21:34+00:00","mainEntityOfPage":{"@id":"https:\/\/www.africa-press.net\/cotedivoire\/politique\/appels-a-adherer-au-pdci-soumaila-kouassi-bredoumy-porte-parole-fait-des-precisions"},"wordCount":154,"commentCount":0,"image":{"@id":"https:\/\/www.africa-press.net\/cotedivoire\/politique\/appels-a-adherer-au-pdci-soumaila-kouassi-bredoumy-porte-parole-fait-des-precisions#primaryimage"},"thumbnailUrl":"https:\/\/static.africa-press.net\/cote\/sites\/43\/2023\/12\/sm_1703695560.358535.jpg","keywords":["adh\u00e9rer","Africa Press","Africa Press-C\u00f4te d'Ivoire","C\u00d4TE D'IVOIRE","mandat\u00e9","PDCI-RDA","Souma\u00efla Kouassi Br\u00e9doumy"],"articleSection":["Politique","Toutes les actualit\u00e9s"],"inLanguage":"fr-FR","potentialAction":[{"@type":"CommentAction","name":"Comment","target":["https:\/\/www.africa-press.net\/cotedivoire\/politique\/appels-a-adherer-au-pdci-soumaila-kouassi-bredoumy-porte-parole-fait-des-precisions#respond"]}]},{"@type":"WebPage","@id":"https:\/\/www.africa-press.net\/cotedivoire\/politique\/appels-a-adherer-au-pdci-soumaila-kouassi-bredoumy-porte-parole-fait-des-precisions","url":"https:\/\/www.africa-press.net\/cotedivoire\/politique\/appels-a-adherer-au-pdci-soumaila-kouassi-bredoumy-porte-parole-fait-des-precisions","name":"Appels \u00e0 adh\u00e9rer au PDCI, Souma\u00efla Kouassi Br\u00e9doumy Porte-Parole fait des pr\u00e9cisions - C\u00f4te d&#039;Ivoire","isPartOf":{"@id":"https:\/\/www.africa-press.net\/cotedivoire\/#website"},"primaryImageOfPage":{"@id":"https:\/\/www.africa-press.net\/cotedivoire\/politique\/appels-a-adherer-au-pdci-soumaila-kouassi-bredoumy-porte-parole-fait-des-precisions#primaryimage"},"image":{"@id":"https:\/\/www.africa-press.net\/cotedivoire\/politique\/appels-a-adherer-au-pdci-soumaila-kouassi-bredoumy-porte-parole-fait-des-precisions#primaryimage"},"thumbnailUrl":"https:\/\/static.africa-press.net\/cote\/sites\/43\/2023\/12\/sm_1703695560.358535.jpg","datePublished":"2023-12-27T18:30:56+00:00","dateModified":"2023-12-28T18:21:34+00:00","author":{"@id":"https:\/\/www.africa-press.net\/cotedivoire\/#\/schema\/person\/2b1cf3cd81a31e3cd26889ca66d677f1"},"description":"Des informations relaye\u0301es sur les diffe\u0301rents re\u0301seaux sociaux font des appels a\u0300 adhe\u0301rer au PDCI-RDA via de nouvelles ...","breadcrumb":{"@id":"https:\/\/www.africa-press.net\/cotedivoire\/politique\/appels-a-adherer-au-pdci-soumaila-kouassi-bredoumy-porte-parole-fait-des-precisions#breadcrumb"},"inLanguage":"fr-FR","potentialAction":[{"@type":"ReadAction","target":["https:\/\/www.africa-press.net\/cotedivoire\/politique\/appels-a-adherer-au-pdci-soumaila-kouassi-bredoumy-porte-parole-fait-des-precisions"]}]},{"@type":"ImageObject","inLanguage":"fr-FR","@id":"https:\/\/www.africa-press.net\/cotedivoire\/politique\/appels-a-adherer-au-pdci-soumaila-kouassi-bredoumy-porte-parole-fait-des-precisions#primaryimage","url":"https:\/\/static.africa-press.net\/cote\/sites\/43\/2023\/12\/sm_1703695560.358535.jpg","contentUrl":"https:\/\/static.africa-press.net\/cote\/sites\/43\/2023\/12\/sm_1703695560.358535.jpg","width":720,"height":370,"caption":"Appels \u00e0 adh\u00e9rer au PDCI, Souma\u00efla Kouassi Br\u00e9doumy Porte-Parole fait des pr\u00e9cisions"},{"@type":"BreadcrumbList","@id":"https:\/\/www.africa-press.net\/cotedivoire\/politique\/appels-a-adherer-au-pdci-soumaila-kouassi-bredoumy-porte-parole-fait-des-precisions#breadcrumb","itemListElement":[{"@type":"ListItem","position":1,"name":"Accueil","item":"https:\/\/www.africa-press.net\/cotedivoire\/"},{"@type":"ListItem","position":2,"name":"Appels \u00e0 adh\u00e9rer au PDCI, Souma\u00efla Kouassi Br\u00e9doumy Porte-Parole fait des pr\u00e9cisions"}]},{"@type":"WebSite","@id":"https:\/\/www.africa-press.net\/cotedivoire\/#website","url":"https:\/\/www.africa-press.net\/cotedivoire\/","name":"C\u00f4te d&#039;Ivoire","description":"Just another Africa News Agency Sites site","potentialAction":[{"@type":"SearchAction","target":{"@type":"EntryPoint","urlTemplate":"https:\/\/www.africa-press.net\/cotedivoire\/?s={search_term_string}"},"query-input":{"@type":"PropertyValueSpecification","valueRequired":true,"valueName":"search_term_string"}}],"inLanguage":"fr-FR"},{"@type":"Person","@id":"https:\/\/www.africa-press.net\/cotedivoire\/#\/schema\/person\/2b1cf3cd81a31e3cd26889ca66d677f1","name":"cfeditorfr"}]}},"_links":{"self":[{"href":"https:\/\/www.africa-press.net\/cotedivoire\/wp-json\/wp\/v2\/posts\/72182","targetHints":{"allow":["GET"]}}],"collection":[{"href":"https:\/\/www.africa-press.net\/cotedivoire\/wp-json\/wp\/v2\/posts"}],"about":[{"href":"https:\/\/www.africa-press.net\/cotedivoire\/wp-json\/wp\/v2\/types\/post"}],"author":[{"embeddable":true,"href":"https:\/\/www.africa-press.net\/cotedivoire\/wp-json\/wp\/v2\/users\/82"}],"replies":[{"embeddable":true,"href":"https:\/\/www.africa-press.net\/cotedivoire\/wp-json\/wp\/v2\/comments?post=72182"}],"version-history":[{"count":0,"href":"https:\/\/www.africa-press.net\/cotedivoire\/wp-json\/wp\/v2\/posts\/72182\/revisions"}],"wp:featuredmedia":[{"embeddable":true,"href":"https:\/\/www.africa-press.net\/cotedivoire\/wp-json\/wp\/v2\/media\/72181"}],"wp:attachment":[{"href":"https:\/\/www.africa-press.net\/cotedivoire\/wp-json\/wp\/v2\/media?parent=72182"}],"wp:term":[{"taxonomy":"category","embeddable":true,"href":"https:\/\/www.africa-press.net\/cotedivoire\/wp-json\/wp\/v2\/categories?post=72182"},{"taxonomy":"post_tag","embeddable":true,"href":"https:\/\/www.africa-press.net\/cotedivoire\/wp-json\/wp\/v2\/tags?post=72182"}],"curies":[{"name":"wp","href":"https:\/\/api.w.org\/{rel}","templated":true}]}}