{"id":72316,"date":"2023-12-29T17:17:43","date_gmt":"2023-12-29T17:17:43","guid":{"rendered":"https:\/\/www.africa-press.net\/cotedivoire\/politique\/augmentation-de-10-du-cout-de-lelectricite-souleymane-diarrassouba-explique-la-situation-au-secteur-prive-et-aux-associations-de-consommateurs"},"modified":"2023-12-30T16:53:05","modified_gmt":"2023-12-30T16:53:05","slug":"augmentation-de-10-du-cout-de-lelectricite-souleymane-diarrassouba-explique-la-situation-au-secteur-prive-et-aux-associations-de-consommateurs","status":"publish","type":"post","link":"https:\/\/www.africa-press.net\/cotedivoire\/economie\/augmentation-de-10-du-cout-de-lelectricite-souleymane-diarrassouba-explique-la-situation-au-secteur-prive-et-aux-associations-de-consommateurs","title":{"rendered":"Augmentation de 10% du co\u00fbt de l&rsquo;\u00e9lectricit\u00e9, Souleymane Diarrassouba explique la situation au secteur priv\u00e9 et aux associations de consommateurs"},"content":{"rendered":"<p><span style=\"color: #ff6600\"><strong>Africa-Press &#8211; C\u00f4te d&rsquo;Ivoire. <\/strong><\/span>En Co\u0302te d&rsquo;Ivoire, le cou\u0302t de l&rsquo;e\u0301lectricite\u0301 va connai\u0302tre une augmentation de 10% pour tous les menages a\u0300 compter du 1er janvier 2024. L&rsquo;information a e\u0301te\u0301 rendue publique, le mardi 26 de\u0301cembre par le ministre des Mines du pe\u0301trole et de l&rsquo;e\u0301nergie, Mamadou Sangofowa Coulibaly.<\/p>\n<p>Cette augmentation due a\u0300 un ajustement structurel dans le secteur de l&rsquo;e\u0301lectricite\u0301 ne sera pas sans conse\u0301quence pour la population qui devra ine\u0301vitablement s&rsquo;attendre a\u0300 une autre flambe\u0301e des produits manufacture\u0301s dans les semaines a\u0300 venir. Relativement a\u0300 cette situation, le ministre du commerce et de l&rsquo;industrie, Souleymane Diarrassouba a rencontre\u0301, a\u0300 son cabinet, les acteurs du secteur prive\u0301 et les responsables des associations de consommateurs pour non seulement leur donner officiellement l&rsquo;information, mais e\u0301galement appeler a\u0300 leur sens de solidarite\u0301 et de citoyennete\u0301 dans ce contexte particulie\u0300rement difficile.<\/p>\n<p>Selon le ministre, cette de\u0301cision du gouvernement, qui intervient six mois apre\u0300s la pre\u0301ce\u0301dente re\u0301vision du cou\u0302t de l\u2019e\u0301lectricite\u0301, est prise pour corriger le de\u0301ficit constate\u0301 dans le secteur et qui menace la disponibilite\u0301 de l\u2019e\u0301lectricite\u0301. Il a explique\u0301 que le kwh est produit a\u0300 89 FCFA mais vendu a\u0300 79 FCFA, ce qui engendre un gap de 10F CFA par kwh. L\u2019E\u0301tat a donc recours aux consommateurs pour le re\u0301duire en vue d\u2019assurer la continuite\u0301 du service.<\/p>\n<p>Jetant un regard global sur la situation dans le monde en ge\u0301ne\u0301ral et en Afrique en particulier, il a pre\u0301cise\u0301 que l\u2019augmentation du cou\u0302t de l\u2019e\u0301lectricite\u0301 n\u2019est pas spe\u0301cifique a\u0300 la Co\u0302te d\u2019Ivoire. Le ministre du Commerce et de l\u2019Industrie en veut pour preuve les taux d\u2019augmentation de 22% au Se\u0301ne\u0301gal, de 35 a\u0300 66% au Ghana, de 35% au Cameroun, de 41% en Afrique du Sud et de 45% en France.<\/p>\n<p>Par ailleurs, le membre du gouvernement est revenu sur les efforts consentis par l\u2019E\u0301tat pour permettre l\u2019acce\u0300s a\u0300 l\u2019e\u0301lectricite\u0301 a\u0300 la grande majorite\u0301 des populations. Ainsi, de 2011 a\u0300 ce jour, la production en e\u0301lectricite\u0301 est passe\u0301e de 1 391 me\u0301gawatts a\u0300 2 907 me\u0301gawatts. Et de rappeler que l\u2019objectif du gouvernement c\u2019est d\u2019e\u0301lectrifier toutes les localite\u0301s de plus de cinq cent habitants sur le territoire national a\u0300 l\u2019horizon 2025.<\/p>\n<p>De son co\u0302te\u0301, le secteur prive\u0301 a indique\u0301 prendre acte de la de\u0301cision du gouvernement tandis que les organisations de consommateurs ont dit la comprendre bien qu\u2019elle ait un impact sur le pouvoir d\u2019achat des consommateurs. Les deux organisations ont de\u0301cide\u0301 d\u2019accompagner la mise en \u0153uvre de cette mesure qui vise a\u0300 sauver un secteur vital pour la cre\u0301ation de richesses et le bien-e\u0302tre des populations vivant en Co\u0302te d\u2019Ivoire. Toutefois, et en retour, elles ont plaide\u0301 pour un accompagnement du gouvernement afin d\u2019atte\u0301nuer les effets de cette de\u0301cision.<\/p>\n<p>En re\u0301ponse, le ministre du Commerce et de l\u2019Industrie a rassure\u0301 ses ho\u0302tes de l\u2019engagement du gouvernement a\u0300 leur apporter l\u2019accompagnement ne\u0301cessaire.<\/p>\n<p><strong>Pour plus d&rsquo;informations et d&rsquo;analyses sur la <a href=\"https:\/\/www.africa-press.net\/cotedivoire\">C\u00f4te d&rsquo;Ivoire<\/a>, suivez <a href=\"https:\/\/www.africa-press.net\/\">Africa-Press<\/a><\/strong><\/p>\n","protected":false},"excerpt":{"rendered":"<p>Africa-Press &#8211; C\u00f4te d&rsquo;Ivoire. En Co\u0302te d&rsquo;Ivoire, le cou\u0302t de l&rsquo;e\u0301lectricite\u0301 va connai\u0302tre une augmentation de 10% pour tous les menages a\u0300 compter du 1er janvier 2024. L&rsquo;information a e\u0301te\u0301 rendue publique, le mardi 26 de\u0301cembre par le ministre des Mines du pe\u0301trole et de l&rsquo;e\u0301nergie, Mamadou Sangofowa Coulibaly. Cette augmentation due a\u0300 un ajustement [&hellip;]<\/p>\n","protected":false},"author":82,"featured_media":72315,"comment_status":"open","ping_status":"closed","sticky":false,"template":"","format":"standard","meta":{"footnotes":""},"categories":[3,10],"tags":[56,63,4226,29,4128,1158,842],"class_list":["post-72316","post","type-post","status-publish","format-standard","has-post-thumbnail","hentry","category-economie","category-toutes-les-actualites","tag-africa-press","tag-africa-press-cote-divoire","tag-augmentation","tag-cote-divoire","tag-electricite","tag-ministre","tag-organisation"],"yoast_head":"<!-- This site is optimized with the Yoast SEO Premium plugin v26.1 (Yoast SEO v27.0) - https:\/\/yoast.com\/product\/yoast-seo-premium-wordpress\/ -->\n<title>Augmentation de 10% du co\u00fbt de l&#039;\u00e9lectricit\u00e9, Souleymane Diarrassouba explique la situation au secteur priv\u00e9 et aux associations de consommateurs - C\u00f4te d&#039;Ivoire<\/title>\n<meta name=\"description\" content=\"En Co\u0302te d&#039;Ivoire, le cou\u0302t de l&#039;e\u0301lectricite\u0301 va connai\u0302tre une augmentation de 10% pour tous les menages a\u0300 compter du ...\" \/>\n<meta name=\"robots\" content=\"index, follow, max-snippet:-1, max-image-preview:large, max-video-preview:-1\" \/>\n<link rel=\"canonical\" href=\"https:\/\/www.africa-press.net\/cotedivoire\/economie\/augmentation-de-10-du-cout-de-lelectricite-souleymane-diarrassouba-explique-la-situation-au-secteur-prive-et-aux-associations-de-consommateurs\" \/>\n<meta property=\"og:locale\" content=\"fr_FR\" \/>\n<meta property=\"og:type\" content=\"article\" \/>\n<meta property=\"og:title\" content=\"Augmentation de 10% du co\u00fbt de l&#039;\u00e9lectricit\u00e9, Souleymane Diarrassouba explique la situation au secteur priv\u00e9 et aux associations de consommateurs\" \/>\n<meta property=\"og:description\" content=\"En Co\u0302te d&#039;Ivoire, le cou\u0302t de l&#039;e\u0301lectricite\u0301 va connai\u0302tre une augmentation de 10% pour tous les menages a\u0300 compter du ...\" \/>\n<meta property=\"og:url\" content=\"https:\/\/www.africa-press.net\/cotedivoire\/economie\/augmentation-de-10-du-cout-de-lelectricite-souleymane-diarrassouba-explique-la-situation-au-secteur-prive-et-aux-associations-de-consommateurs\" \/>\n<meta property=\"og:site_name\" content=\"C\u00f4te d&#039;Ivoire\" \/>\n<meta property=\"article:published_time\" content=\"2023-12-29T17:17:43+00:00\" \/>\n<meta property=\"article:modified_time\" content=\"2023-12-30T16:53:05+00:00\" \/>\n<meta property=\"og:image\" content=\"https:\/\/static.africa-press.net\/cote\/sites\/43\/2023\/12\/sm_1703860967.247152.jpg\" \/>\n\t<meta property=\"og:image:width\" content=\"720\" \/>\n\t<meta property=\"og:image:height\" content=\"480\" \/>\n\t<meta property=\"og:image:type\" content=\"image\/jpeg\" \/>\n<meta name=\"author\" content=\"cfeditorfr\" \/>\n<meta name=\"twitter:card\" content=\"summary_large_image\" \/>\n<meta name=\"twitter:label1\" content=\"\u00c9crit par\" \/>\n\t<meta name=\"twitter:data1\" content=\"cfeditorfr\" \/>\n\t<meta name=\"twitter:label2\" content=\"Dur\u00e9e de lecture estim\u00e9e\" \/>\n\t<meta name=\"twitter:data2\" content=\"3 minutes\" \/>\n<script type=\"application\/ld+json\" class=\"yoast-schema-graph\">{\"@context\":\"https:\/\/schema.org\",\"@graph\":[{\"@type\":\"Article\",\"@id\":\"https:\/\/www.africa-press.net\/cotedivoire\/economie\/augmentation-de-10-du-cout-de-lelectricite-souleymane-diarrassouba-explique-la-situation-au-secteur-prive-et-aux-associations-de-consommateurs#article\",\"isPartOf\":{\"@id\":\"https:\/\/www.africa-press.net\/cotedivoire\/economie\/augmentation-de-10-du-cout-de-lelectricite-souleymane-diarrassouba-explique-la-situation-au-secteur-prive-et-aux-associations-de-consommateurs\"},\"author\":{\"name\":\"cfeditorfr\",\"@id\":\"https:\/\/www.africa-press.net\/cotedivoire\/#\/schema\/person\/2b1cf3cd81a31e3cd26889ca66d677f1\"},\"headline\":\"Augmentation de 10% du co\u00fbt de l&rsquo;\u00e9lectricit\u00e9, Souleymane Diarrassouba explique la situation au secteur priv\u00e9 et aux associations de consommateurs\",\"datePublished\":\"2023-12-29T17:17:43+00:00\",\"dateModified\":\"2023-12-30T16:53:05+00:00\",\"mainEntityOfPage\":{\"@id\":\"https:\/\/www.africa-press.net\/cotedivoire\/economie\/augmentation-de-10-du-cout-de-lelectricite-souleymane-diarrassouba-explique-la-situation-au-secteur-prive-et-aux-associations-de-consommateurs\"},\"wordCount\":578,\"commentCount\":0,\"image\":{\"@id\":\"https:\/\/www.africa-press.net\/cotedivoire\/economie\/augmentation-de-10-du-cout-de-lelectricite-souleymane-diarrassouba-explique-la-situation-au-secteur-prive-et-aux-associations-de-consommateurs#primaryimage\"},\"thumbnailUrl\":\"https:\/\/static.africa-press.net\/cote\/sites\/43\/2023\/12\/sm_1703860967.247152.jpg\",\"keywords\":[\"Africa Press\",\"Africa Press-C\u00f4te d'Ivoire\",\"augmentation\",\"C\u00d4TE D'IVOIRE\",\"\u00e9lectricit\u00e9\",\"Ministre\",\"organisation\"],\"articleSection\":[\"\u00c9conomie\",\"Toutes les actualit\u00e9s\"],\"inLanguage\":\"fr-FR\",\"potentialAction\":[{\"@type\":\"CommentAction\",\"name\":\"Comment\",\"target\":[\"https:\/\/www.africa-press.net\/cotedivoire\/economie\/augmentation-de-10-du-cout-de-lelectricite-souleymane-diarrassouba-explique-la-situation-au-secteur-prive-et-aux-associations-de-consommateurs#respond\"]}]},{\"@type\":\"WebPage\",\"@id\":\"https:\/\/www.africa-press.net\/cotedivoire\/economie\/augmentation-de-10-du-cout-de-lelectricite-souleymane-diarrassouba-explique-la-situation-au-secteur-prive-et-aux-associations-de-consommateurs\",\"url\":\"https:\/\/www.africa-press.net\/cotedivoire\/economie\/augmentation-de-10-du-cout-de-lelectricite-souleymane-diarrassouba-explique-la-situation-au-secteur-prive-et-aux-associations-de-consommateurs\",\"name\":\"Augmentation de 10% du co\u00fbt de l'\u00e9lectricit\u00e9, Souleymane Diarrassouba explique la situation au secteur priv\u00e9 et aux associations de consommateurs - C\u00f4te d&#039;Ivoire\",\"isPartOf\":{\"@id\":\"https:\/\/www.africa-press.net\/cotedivoire\/#website\"},\"primaryImageOfPage\":{\"@id\":\"https:\/\/www.africa-press.net\/cotedivoire\/economie\/augmentation-de-10-du-cout-de-lelectricite-souleymane-diarrassouba-explique-la-situation-au-secteur-prive-et-aux-associations-de-consommateurs#primaryimage\"},\"image\":{\"@id\":\"https:\/\/www.africa-press.net\/cotedivoire\/economie\/augmentation-de-10-du-cout-de-lelectricite-souleymane-diarrassouba-explique-la-situation-au-secteur-prive-et-aux-associations-de-consommateurs#primaryimage\"},\"thumbnailUrl\":\"https:\/\/static.africa-press.net\/cote\/sites\/43\/2023\/12\/sm_1703860967.247152.jpg\",\"datePublished\":\"2023-12-29T17:17:43+00:00\",\"dateModified\":\"2023-12-30T16:53:05+00:00\",\"author\":{\"@id\":\"https:\/\/www.africa-press.net\/cotedivoire\/#\/schema\/person\/2b1cf3cd81a31e3cd26889ca66d677f1\"},\"description\":\"En Co\u0302te d'Ivoire, le cou\u0302t de l'e\u0301lectricite\u0301 va connai\u0302tre une augmentation de 10% pour tous les menages a\u0300 compter du ...\",\"breadcrumb\":{\"@id\":\"https:\/\/www.africa-press.net\/cotedivoire\/economie\/augmentation-de-10-du-cout-de-lelectricite-souleymane-diarrassouba-explique-la-situation-au-secteur-prive-et-aux-associations-de-consommateurs#breadcrumb\"},\"inLanguage\":\"fr-FR\",\"potentialAction\":[{\"@type\":\"ReadAction\",\"target\":[\"https:\/\/www.africa-press.net\/cotedivoire\/economie\/augmentation-de-10-du-cout-de-lelectricite-souleymane-diarrassouba-explique-la-situation-au-secteur-prive-et-aux-associations-de-consommateurs\"]}]},{\"@type\":\"ImageObject\",\"inLanguage\":\"fr-FR\",\"@id\":\"https:\/\/www.africa-press.net\/cotedivoire\/economie\/augmentation-de-10-du-cout-de-lelectricite-souleymane-diarrassouba-explique-la-situation-au-secteur-prive-et-aux-associations-de-consommateurs#primaryimage\",\"url\":\"https:\/\/static.africa-press.net\/cote\/sites\/43\/2023\/12\/sm_1703860967.247152.jpg\",\"contentUrl\":\"https:\/\/static.africa-press.net\/cote\/sites\/43\/2023\/12\/sm_1703860967.247152.jpg\",\"width\":720,\"height\":480,\"caption\":\"Augmentation de 10% du co\u00fbt de l'\u00e9lectricit\u00e9, Souleymane Diarrassouba explique la situation au secteur priv\u00e9 et aux associations de consommateurs\"},{\"@type\":\"BreadcrumbList\",\"@id\":\"https:\/\/www.africa-press.net\/cotedivoire\/economie\/augmentation-de-10-du-cout-de-lelectricite-souleymane-diarrassouba-explique-la-situation-au-secteur-prive-et-aux-associations-de-consommateurs#breadcrumb\",\"itemListElement\":[{\"@type\":\"ListItem\",\"position\":1,\"name\":\"Accueil\",\"item\":\"https:\/\/www.africa-press.net\/cotedivoire\/\"},{\"@type\":\"ListItem\",\"position\":2,\"name\":\"Augmentation de 10% du co\u00fbt de l&#8217;\u00e9lectricit\u00e9, Souleymane Diarrassouba explique la situation au secteur priv\u00e9 et aux associations de consommateurs\"}]},{\"@type\":\"WebSite\",\"@id\":\"https:\/\/www.africa-press.net\/cotedivoire\/#website\",\"url\":\"https:\/\/www.africa-press.net\/cotedivoire\/\",\"name\":\"C\u00f4te d&#039;Ivoire\",\"description\":\"Just another Africa News Agency Sites site\",\"potentialAction\":[{\"@type\":\"SearchAction\",\"target\":{\"@type\":\"EntryPoint\",\"urlTemplate\":\"https:\/\/www.africa-press.net\/cotedivoire\/?s={search_term_string}\"},\"query-input\":{\"@type\":\"PropertyValueSpecification\",\"valueRequired\":true,\"valueName\":\"search_term_string\"}}],\"inLanguage\":\"fr-FR\"},{\"@type\":\"Person\",\"@id\":\"https:\/\/www.africa-press.net\/cotedivoire\/#\/schema\/person\/2b1cf3cd81a31e3cd26889ca66d677f1\",\"name\":\"cfeditorfr\"}]}<\/script>\n<!-- \/ Yoast SEO Premium plugin. -->","yoast_head_json":{"title":"Augmentation de 10% du co\u00fbt de l'\u00e9lectricit\u00e9, Souleymane Diarrassouba explique la situation au secteur priv\u00e9 et aux associations de consommateurs - C\u00f4te d&#039;Ivoire","description":"En Co\u0302te d'Ivoire, le cou\u0302t de l'e\u0301lectricite\u0301 va connai\u0302tre une augmentation de 10% pour tous les menages a\u0300 compter du ...","robots":{"index":"index","follow":"follow","max-snippet":"max-snippet:-1","max-image-preview":"max-image-preview:large","max-video-preview":"max-video-preview:-1"},"canonical":"https:\/\/www.africa-press.net\/cotedivoire\/economie\/augmentation-de-10-du-cout-de-lelectricite-souleymane-diarrassouba-explique-la-situation-au-secteur-prive-et-aux-associations-de-consommateurs","og_locale":"fr_FR","og_type":"article","og_title":"Augmentation de 10% du co\u00fbt de l'\u00e9lectricit\u00e9, Souleymane Diarrassouba explique la situation au secteur priv\u00e9 et aux associations de consommateurs","og_description":"En Co\u0302te d'Ivoire, le cou\u0302t de l'e\u0301lectricite\u0301 va connai\u0302tre une augmentation de 10% pour tous les menages a\u0300 compter du ...","og_url":"https:\/\/www.africa-press.net\/cotedivoire\/economie\/augmentation-de-10-du-cout-de-lelectricite-souleymane-diarrassouba-explique-la-situation-au-secteur-prive-et-aux-associations-de-consommateurs","og_site_name":"C\u00f4te d&#039;Ivoire","article_published_time":"2023-12-29T17:17:43+00:00","article_modified_time":"2023-12-30T16:53:05+00:00","og_image":[{"width":720,"height":480,"url":"https:\/\/static.africa-press.net\/cote\/sites\/43\/2023\/12\/sm_1703860967.247152.jpg","type":"image\/jpeg"}],"author":"cfeditorfr","twitter_card":"summary_large_image","twitter_misc":{"\u00c9crit par":"cfeditorfr","Dur\u00e9e de lecture estim\u00e9e":"3 minutes"},"schema":{"@context":"https:\/\/schema.org","@graph":[{"@type":"Article","@id":"https:\/\/www.africa-press.net\/cotedivoire\/economie\/augmentation-de-10-du-cout-de-lelectricite-souleymane-diarrassouba-explique-la-situation-au-secteur-prive-et-aux-associations-de-consommateurs#article","isPartOf":{"@id":"https:\/\/www.africa-press.net\/cotedivoire\/economie\/augmentation-de-10-du-cout-de-lelectricite-souleymane-diarrassouba-explique-la-situation-au-secteur-prive-et-aux-associations-de-consommateurs"},"author":{"name":"cfeditorfr","@id":"https:\/\/www.africa-press.net\/cotedivoire\/#\/schema\/person\/2b1cf3cd81a31e3cd26889ca66d677f1"},"headline":"Augmentation de 10% du co\u00fbt de l&rsquo;\u00e9lectricit\u00e9, Souleymane Diarrassouba explique la situation au secteur priv\u00e9 et aux associations de consommateurs","datePublished":"2023-12-29T17:17:43+00:00","dateModified":"2023-12-30T16:53:05+00:00","mainEntityOfPage":{"@id":"https:\/\/www.africa-press.net\/cotedivoire\/economie\/augmentation-de-10-du-cout-de-lelectricite-souleymane-diarrassouba-explique-la-situation-au-secteur-prive-et-aux-associations-de-consommateurs"},"wordCount":578,"commentCount":0,"image":{"@id":"https:\/\/www.africa-press.net\/cotedivoire\/economie\/augmentation-de-10-du-cout-de-lelectricite-souleymane-diarrassouba-explique-la-situation-au-secteur-prive-et-aux-associations-de-consommateurs#primaryimage"},"thumbnailUrl":"https:\/\/static.africa-press.net\/cote\/sites\/43\/2023\/12\/sm_1703860967.247152.jpg","keywords":["Africa Press","Africa Press-C\u00f4te d'Ivoire","augmentation","C\u00d4TE D'IVOIRE","\u00e9lectricit\u00e9","Ministre","organisation"],"articleSection":["\u00c9conomie","Toutes les actualit\u00e9s"],"inLanguage":"fr-FR","potentialAction":[{"@type":"CommentAction","name":"Comment","target":["https:\/\/www.africa-press.net\/cotedivoire\/economie\/augmentation-de-10-du-cout-de-lelectricite-souleymane-diarrassouba-explique-la-situation-au-secteur-prive-et-aux-associations-de-consommateurs#respond"]}]},{"@type":"WebPage","@id":"https:\/\/www.africa-press.net\/cotedivoire\/economie\/augmentation-de-10-du-cout-de-lelectricite-souleymane-diarrassouba-explique-la-situation-au-secteur-prive-et-aux-associations-de-consommateurs","url":"https:\/\/www.africa-press.net\/cotedivoire\/economie\/augmentation-de-10-du-cout-de-lelectricite-souleymane-diarrassouba-explique-la-situation-au-secteur-prive-et-aux-associations-de-consommateurs","name":"Augmentation de 10% du co\u00fbt de l'\u00e9lectricit\u00e9, Souleymane Diarrassouba explique la situation au secteur priv\u00e9 et aux associations de consommateurs - C\u00f4te d&#039;Ivoire","isPartOf":{"@id":"https:\/\/www.africa-press.net\/cotedivoire\/#website"},"primaryImageOfPage":{"@id":"https:\/\/www.africa-press.net\/cotedivoire\/economie\/augmentation-de-10-du-cout-de-lelectricite-souleymane-diarrassouba-explique-la-situation-au-secteur-prive-et-aux-associations-de-consommateurs#primaryimage"},"image":{"@id":"https:\/\/www.africa-press.net\/cotedivoire\/economie\/augmentation-de-10-du-cout-de-lelectricite-souleymane-diarrassouba-explique-la-situation-au-secteur-prive-et-aux-associations-de-consommateurs#primaryimage"},"thumbnailUrl":"https:\/\/static.africa-press.net\/cote\/sites\/43\/2023\/12\/sm_1703860967.247152.jpg","datePublished":"2023-12-29T17:17:43+00:00","dateModified":"2023-12-30T16:53:05+00:00","author":{"@id":"https:\/\/www.africa-press.net\/cotedivoire\/#\/schema\/person\/2b1cf3cd81a31e3cd26889ca66d677f1"},"description":"En Co\u0302te d'Ivoire, le cou\u0302t de l'e\u0301lectricite\u0301 va connai\u0302tre une augmentation de 10% pour tous les menages a\u0300 compter du ...","breadcrumb":{"@id":"https:\/\/www.africa-press.net\/cotedivoire\/economie\/augmentation-de-10-du-cout-de-lelectricite-souleymane-diarrassouba-explique-la-situation-au-secteur-prive-et-aux-associations-de-consommateurs#breadcrumb"},"inLanguage":"fr-FR","potentialAction":[{"@type":"ReadAction","target":["https:\/\/www.africa-press.net\/cotedivoire\/economie\/augmentation-de-10-du-cout-de-lelectricite-souleymane-diarrassouba-explique-la-situation-au-secteur-prive-et-aux-associations-de-consommateurs"]}]},{"@type":"ImageObject","inLanguage":"fr-FR","@id":"https:\/\/www.africa-press.net\/cotedivoire\/economie\/augmentation-de-10-du-cout-de-lelectricite-souleymane-diarrassouba-explique-la-situation-au-secteur-prive-et-aux-associations-de-consommateurs#primaryimage","url":"https:\/\/static.africa-press.net\/cote\/sites\/43\/2023\/12\/sm_1703860967.247152.jpg","contentUrl":"https:\/\/static.africa-press.net\/cote\/sites\/43\/2023\/12\/sm_1703860967.247152.jpg","width":720,"height":480,"caption":"Augmentation de 10% du co\u00fbt de l'\u00e9lectricit\u00e9, Souleymane Diarrassouba explique la situation au secteur priv\u00e9 et aux associations de consommateurs"},{"@type":"BreadcrumbList","@id":"https:\/\/www.africa-press.net\/cotedivoire\/economie\/augmentation-de-10-du-cout-de-lelectricite-souleymane-diarrassouba-explique-la-situation-au-secteur-prive-et-aux-associations-de-consommateurs#breadcrumb","itemListElement":[{"@type":"ListItem","position":1,"name":"Accueil","item":"https:\/\/www.africa-press.net\/cotedivoire\/"},{"@type":"ListItem","position":2,"name":"Augmentation de 10% du co\u00fbt de l&#8217;\u00e9lectricit\u00e9, Souleymane Diarrassouba explique la situation au secteur priv\u00e9 et aux associations de consommateurs"}]},{"@type":"WebSite","@id":"https:\/\/www.africa-press.net\/cotedivoire\/#website","url":"https:\/\/www.africa-press.net\/cotedivoire\/","name":"C\u00f4te d&#039;Ivoire","description":"Just another Africa News Agency Sites site","potentialAction":[{"@type":"SearchAction","target":{"@type":"EntryPoint","urlTemplate":"https:\/\/www.africa-press.net\/cotedivoire\/?s={search_term_string}"},"query-input":{"@type":"PropertyValueSpecification","valueRequired":true,"valueName":"search_term_string"}}],"inLanguage":"fr-FR"},{"@type":"Person","@id":"https:\/\/www.africa-press.net\/cotedivoire\/#\/schema\/person\/2b1cf3cd81a31e3cd26889ca66d677f1","name":"cfeditorfr"}]}},"_links":{"self":[{"href":"https:\/\/www.africa-press.net\/cotedivoire\/wp-json\/wp\/v2\/posts\/72316","targetHints":{"allow":["GET"]}}],"collection":[{"href":"https:\/\/www.africa-press.net\/cotedivoire\/wp-json\/wp\/v2\/posts"}],"about":[{"href":"https:\/\/www.africa-press.net\/cotedivoire\/wp-json\/wp\/v2\/types\/post"}],"author":[{"embeddable":true,"href":"https:\/\/www.africa-press.net\/cotedivoire\/wp-json\/wp\/v2\/users\/82"}],"replies":[{"embeddable":true,"href":"https:\/\/www.africa-press.net\/cotedivoire\/wp-json\/wp\/v2\/comments?post=72316"}],"version-history":[{"count":0,"href":"https:\/\/www.africa-press.net\/cotedivoire\/wp-json\/wp\/v2\/posts\/72316\/revisions"}],"wp:featuredmedia":[{"embeddable":true,"href":"https:\/\/www.africa-press.net\/cotedivoire\/wp-json\/wp\/v2\/media\/72315"}],"wp:attachment":[{"href":"https:\/\/www.africa-press.net\/cotedivoire\/wp-json\/wp\/v2\/media?parent=72316"}],"wp:term":[{"taxonomy":"category","embeddable":true,"href":"https:\/\/www.africa-press.net\/cotedivoire\/wp-json\/wp\/v2\/categories?post=72316"},{"taxonomy":"post_tag","embeddable":true,"href":"https:\/\/www.africa-press.net\/cotedivoire\/wp-json\/wp\/v2\/tags?post=72316"}],"curies":[{"name":"wp","href":"https:\/\/api.w.org\/{rel}","templated":true}]}}