{"id":72972,"date":"2024-01-09T16:30:50","date_gmt":"2024-01-09T16:30:50","guid":{"rendered":"https:\/\/www.africa-press.net\/cotedivoire\/politique\/ppa-ci-gbagbo-en-meeting-fin-mars-a-agboville-a-la-fete-de-la-renaissance-de-son-parti"},"modified":"2024-01-09T17:38:10","modified_gmt":"2024-01-09T17:38:10","slug":"ppa-ci-gbagbo-en-meeting-fin-mars-a-agboville-a-la-fete-de-la-renaissance-de-son-parti","status":"publish","type":"post","link":"https:\/\/www.africa-press.net\/cotedivoire\/politique\/ppa-ci-gbagbo-en-meeting-fin-mars-a-agboville-a-la-fete-de-la-renaissance-de-son-parti","title":{"rendered":"PPA-CI,  Gbagbo en meeting fin mars \u00e0 Agboville \u00e0 la f\u00eate de la renaissance de son parti"},"content":{"rendered":"<p><span style=\"color: #ff6600\"><strong>Africa-Press &#8211; C\u00f4te d&rsquo;Ivoire. <\/strong><\/span>La Fe\u0302te de la Renaissance, un e\u0301ve\u0301nement me\u0301morable, trouve ses racines dans les moments tumultueux de la crise post-e\u0301lectorale de 2010 en Co\u0302te d&rsquo;Ivoire. Issue de l&rsquo;action du renouveau, cette ce\u0301le\u0301bration e\u0301mane de la libe\u0301ration triomphale du Pre\u0301sident Laurent Gbagbo apre\u0300s une de\u0301cennie de lutte acharne\u0301e.<\/p>\n<p>Gene\u0300se de la fe\u0302te de la renaissance<\/p>\n<p>A\u0300 l&rsquo;origine de cette fe\u0302te, une crise politique de\u0301vastatrice e\u0301clata apre\u0300s la proclamation des re\u0301sultats de\u0301finitifs par le Conseil Constitutionnel, confirmant la victoire de Laurent Gbagbo aux e\u0301lections de 2010. Cette pe\u0301riode sombre a engendre\u0301 des pertes humaines et mate\u0301rielles conside\u0301rables, marquant la disparition de hautes personnalite\u0301s telles que le Ministre De\u0301sire\u0301 Assignini Tagro.<\/p>\n<p>Les conse\u0301quences ont e\u0301te\u0301 de\u0301vastatrices, avec des milliers de pertes humaines, des de\u0301parts massifs en exil, et l&rsquo;arrestation de la quasi-totalite\u0301 des dirigeants du Front Populaire Ivoirien (FPI). Le Pre\u0301sident Gbagbo lui-me\u0302me a e\u0301te\u0301 arre\u0302te\u0301 et de\u0301porte\u0301 a\u0300 la Haye, e\u0301branlant profonde\u0301ment la population ivoirienne.<\/p>\n<p>Un Triomphe historique<\/p>\n<p>Apre\u0300s une lutte e\u0301pique de dix anne\u0301es, le 31 mars 2021 a marque\u0301 le triomphe de la re\u0301sistance africaine. La Cour Pe\u0301nale Internationale acquitte de\u0301finitivement le Pre\u0301sident Gbagbo, qui regagne son pays natal le 17 juin dans une atmosphe\u0300re de joie et d&rsquo;espoir. Ce moment historique reve\u0302t une signification particulie\u0300re pour la souverainete\u0301 des peuples africains, surtout dans sa partie francophone ouest-africaine.<\/p>\n<p>La ce\u0301le\u0301bration annuelle de la renaissance<\/p>\n<p>Le Parti des peuples Africains &#8211; Co\u0302te d&rsquo;Ivoire (PPA-CI), ne\u0301 en octobre 2021, a pris l&rsquo;initiative de ce\u0301le\u0301brer chaque 31 mars la Fe\u0302te de la Renaissance. Cette comme\u0301moration festive magnifie la re\u0301sistance et ses valeurs, symbolisant la renaissance nationale apre\u0300s une pe\u0301riode tumultueuse.<\/p>\n<p>La deuxie\u0300me e\u0301dition, se tiendra a\u0300 Agboville du 29 au 31 mars 2024. L&rsquo;information a e\u0301te\u0301 donne\u0301e par Damana Pickass, vice pre\u0301sident du PPA-CI lors d&rsquo;une confe\u0301rence de presse tenue ce mardi 9 janvier 2024 a\u0300 Cocody, comme sur place constate\u0301 par KOACI.<\/p>\n<p>Selon Damana Pickass, les autorite\u0301s administratives et politiques de la Re\u0301gion de l&rsquo;Agneby-Tiassa ont accorde\u0301 les autorisations ne\u0301cessaires, soulignant le soutien a\u0300 cet e\u0301ve\u0301nement historique.<\/p>\n<p>Il a fait savoir que les festivite\u0301s de\u0301buteront avec l&rsquo;arrive\u0301e des de\u0301le\u0301gations nationales et e\u0301trange\u0300res le 29 mars. Un village de la Renaissance sera ouvert a\u0300 leur visite, offrant un espace d&rsquo;e\u0301changes et de partage. Des ateliers, anime\u0301s par les femmes du PPA-CI, aborderont les the\u0300mes essentiels de cette ce\u0301le\u0301bration.<\/p>\n<p>Le jour principal, le 31 mars, sera marque\u0301 par un de\u0301file\u0301 colore\u0301 qui se terminera en pre\u0301sence du Pre\u0301sident Laurent Gbagbo. La ce\u0301re\u0301monie solennelle suivra, avec des allocutions significatives, dont celle tre\u0300s attendue du Pre\u0301sident du PPA-CI Laurent Gbagbo. Ce moment marquera la clo\u0302ture de la 2e\u0300me e\u0301dition de la Fe\u0302te de la Renaissance.<\/p>\n<p>Engagement en vue de 2025<\/p>\n<p>Le PPA-CI, de\u0300s cet instant, comme l&rsquo;a annonce\u0301 Damana Pickass se pre\u0301pare pour les de\u0301fis a\u0300 venir en vue des e\u0301lections de 2025. Face a\u0300 des enjeux de\u0301mocratiques en de\u0301clin et des conditions de vie de\u0301gradantes, le parti de Gbagbo appelle a\u0300 une mobilisation sans pre\u0301ce\u0301dent. La Fe\u0302te de la Renaissance devient, selon le confe\u0301rencier une plateforme pour renforcer l&rsquo;influence politique du PPA-CI, rappelant la vision de Laurent Gbagbo: \u00ab\u00a0Quelle politique d&rsquo;autonomisation pour le peuple africain au XXIe sie\u0300cle?\u00a0\u00bb<\/p>\n<p>Enfin, Pickass a fait savoir que la fe\u0302te de la Renaissance a\u0300 Agboville s&rsquo;annonce comme un e\u0301ve\u0301nement cle\u0301 dans l&rsquo;histoire de la Co\u0302te d&rsquo;Ivoire, symbolisant la renaissance nationale apre\u0300s une pe\u0301riode de turbulences.<\/p>\n<p>Enfin, l&rsquo;ancien secre\u0301taire ge\u0301ne\u0301ral du PPA-CI, de\u0301barque\u0301 de son poste re\u0301cemment a affirme\u0301 que cet engagement envers la de\u0301mocratie, la liberte\u0301, et la re\u0301silience souligne l&rsquo;importance de cette ce\u0301le\u0301bration annuelle dans la construction d&rsquo;un avenir prometteur pour la nation ivoirienne.<\/p>\n<p><strong>Pour plus d&rsquo;informations et d&rsquo;analyses sur la <a href=\"https:\/\/www.africa-press.net\/cotedivoire\">C\u00f4te d&rsquo;Ivoire<\/a>, suivez <a href=\"https:\/\/www.africa-press.net\/\">Africa-Press<\/a><\/strong><\/p>\n","protected":false},"excerpt":{"rendered":"<p>Africa-Press &#8211; C\u00f4te d&rsquo;Ivoire. La Fe\u0302te de la Renaissance, un e\u0301ve\u0301nement me\u0301morable, trouve ses racines dans les moments tumultueux de la crise post-e\u0301lectorale de 2010 en Co\u0302te d&rsquo;Ivoire. Issue de l&rsquo;action du renouveau, cette ce\u0301le\u0301bration e\u0301mane de la libe\u0301ration triomphale du Pre\u0301sident Laurent Gbagbo apre\u0300s une de\u0301cennie de lutte acharne\u0301e. Gene\u0300se de la fe\u0302te de [&hellip;]<\/p>\n","protected":false},"author":82,"featured_media":72971,"comment_status":"open","ping_status":"closed","sticky":false,"template":"","format":"standard","meta":{"footnotes":""},"categories":[2,10],"tags":[56,63,5072,358,29,1800,1209,360,320,1233,1952],"class_list":["post-72972","post","type-post","status-publish","format-standard","has-post-thumbnail","hentry","category-politique","category-toutes-les-actualites","tag-africa-press","tag-africa-press-cote-divoire","tag-agboville","tag-cocody","tag-cote-divoire","tag-crise","tag-damana","tag-fpi","tag-gbagbo","tag-pickass","tag-ppa-ci"],"yoast_head":"<!-- This site is optimized with the Yoast SEO Premium plugin v26.1 (Yoast SEO v27.0) - https:\/\/yoast.com\/product\/yoast-seo-premium-wordpress\/ -->\n<title>PPA-CI, Gbagbo en meeting fin mars \u00e0 Agboville \u00e0 la f\u00eate de la renaissance de son parti - C\u00f4te d&#039;Ivoire<\/title>\n<meta name=\"description\" content=\"La Fe\u0302te de la Renaissance, un e\u0301ve\u0301nement me\u0301morable, trouve ses racines dans les moments tumultueux de la crise post-e ...\" \/>\n<meta name=\"robots\" content=\"index, follow, max-snippet:-1, max-image-preview:large, max-video-preview:-1\" \/>\n<link rel=\"canonical\" href=\"https:\/\/www.africa-press.net\/cotedivoire\/politique\/ppa-ci-gbagbo-en-meeting-fin-mars-a-agboville-a-la-fete-de-la-renaissance-de-son-parti\" \/>\n<meta property=\"og:locale\" content=\"fr_FR\" \/>\n<meta property=\"og:type\" content=\"article\" \/>\n<meta property=\"og:title\" content=\"PPA-CI, Gbagbo en meeting fin mars \u00e0 Agboville \u00e0 la f\u00eate de la renaissance de son parti\" \/>\n<meta property=\"og:description\" content=\"La Fe\u0302te de la Renaissance, un e\u0301ve\u0301nement me\u0301morable, trouve ses racines dans les moments tumultueux de la crise post-e ...\" \/>\n<meta property=\"og:url\" content=\"https:\/\/www.africa-press.net\/cotedivoire\/politique\/ppa-ci-gbagbo-en-meeting-fin-mars-a-agboville-a-la-fete-de-la-renaissance-de-son-parti\" \/>\n<meta property=\"og:site_name\" content=\"C\u00f4te d&#039;Ivoire\" \/>\n<meta property=\"article:published_time\" content=\"2024-01-09T16:30:50+00:00\" \/>\n<meta property=\"article:modified_time\" content=\"2024-01-09T17:38:10+00:00\" \/>\n<meta property=\"og:image\" content=\"https:\/\/static.africa-press.net\/cote\/sites\/43\/2024\/01\/sm_1704809204.36658.jpg\" \/>\n\t<meta property=\"og:image:width\" content=\"720\" \/>\n\t<meta property=\"og:image:height\" content=\"480\" \/>\n\t<meta property=\"og:image:type\" content=\"image\/jpeg\" \/>\n<meta name=\"author\" content=\"cfeditorfr\" \/>\n<meta name=\"twitter:card\" content=\"summary_large_image\" \/>\n<meta name=\"twitter:label1\" content=\"\u00c9crit par\" \/>\n\t<meta name=\"twitter:data1\" content=\"cfeditorfr\" \/>\n\t<meta name=\"twitter:label2\" content=\"Dur\u00e9e de lecture estim\u00e9e\" \/>\n\t<meta name=\"twitter:data2\" content=\"4 minutes\" \/>\n<script type=\"application\/ld+json\" class=\"yoast-schema-graph\">{\"@context\":\"https:\/\/schema.org\",\"@graph\":[{\"@type\":\"Article\",\"@id\":\"https:\/\/www.africa-press.net\/cotedivoire\/politique\/ppa-ci-gbagbo-en-meeting-fin-mars-a-agboville-a-la-fete-de-la-renaissance-de-son-parti#article\",\"isPartOf\":{\"@id\":\"https:\/\/www.africa-press.net\/cotedivoire\/politique\/ppa-ci-gbagbo-en-meeting-fin-mars-a-agboville-a-la-fete-de-la-renaissance-de-son-parti\"},\"author\":{\"name\":\"cfeditorfr\",\"@id\":\"https:\/\/www.africa-press.net\/cotedivoire\/#\/schema\/person\/2b1cf3cd81a31e3cd26889ca66d677f1\"},\"headline\":\"PPA-CI, Gbagbo en meeting fin mars \u00e0 Agboville \u00e0 la f\u00eate de la renaissance de son parti\",\"datePublished\":\"2024-01-09T16:30:50+00:00\",\"dateModified\":\"2024-01-09T17:38:10+00:00\",\"mainEntityOfPage\":{\"@id\":\"https:\/\/www.africa-press.net\/cotedivoire\/politique\/ppa-ci-gbagbo-en-meeting-fin-mars-a-agboville-a-la-fete-de-la-renaissance-de-son-parti\"},\"wordCount\":757,\"commentCount\":0,\"image\":{\"@id\":\"https:\/\/www.africa-press.net\/cotedivoire\/politique\/ppa-ci-gbagbo-en-meeting-fin-mars-a-agboville-a-la-fete-de-la-renaissance-de-son-parti#primaryimage\"},\"thumbnailUrl\":\"https:\/\/static.africa-press.net\/cote\/sites\/43\/2024\/01\/sm_1704809204.36658.jpg\",\"keywords\":[\"Africa Press\",\"Africa Press-C\u00f4te d'Ivoire\",\"Agboville\",\"Cocody\",\"C\u00d4TE D'IVOIRE\",\"crise\",\"Damana\",\"FPI\",\"Gbagbo\",\"Pickass\",\"PPA-CI\"],\"articleSection\":[\"Politique\",\"Toutes les actualit\u00e9s\"],\"inLanguage\":\"fr-FR\",\"potentialAction\":[{\"@type\":\"CommentAction\",\"name\":\"Comment\",\"target\":[\"https:\/\/www.africa-press.net\/cotedivoire\/politique\/ppa-ci-gbagbo-en-meeting-fin-mars-a-agboville-a-la-fete-de-la-renaissance-de-son-parti#respond\"]}]},{\"@type\":\"WebPage\",\"@id\":\"https:\/\/www.africa-press.net\/cotedivoire\/politique\/ppa-ci-gbagbo-en-meeting-fin-mars-a-agboville-a-la-fete-de-la-renaissance-de-son-parti\",\"url\":\"https:\/\/www.africa-press.net\/cotedivoire\/politique\/ppa-ci-gbagbo-en-meeting-fin-mars-a-agboville-a-la-fete-de-la-renaissance-de-son-parti\",\"name\":\"PPA-CI, Gbagbo en meeting fin mars \u00e0 Agboville \u00e0 la f\u00eate de la renaissance de son parti - C\u00f4te d&#039;Ivoire\",\"isPartOf\":{\"@id\":\"https:\/\/www.africa-press.net\/cotedivoire\/#website\"},\"primaryImageOfPage\":{\"@id\":\"https:\/\/www.africa-press.net\/cotedivoire\/politique\/ppa-ci-gbagbo-en-meeting-fin-mars-a-agboville-a-la-fete-de-la-renaissance-de-son-parti#primaryimage\"},\"image\":{\"@id\":\"https:\/\/www.africa-press.net\/cotedivoire\/politique\/ppa-ci-gbagbo-en-meeting-fin-mars-a-agboville-a-la-fete-de-la-renaissance-de-son-parti#primaryimage\"},\"thumbnailUrl\":\"https:\/\/static.africa-press.net\/cote\/sites\/43\/2024\/01\/sm_1704809204.36658.jpg\",\"datePublished\":\"2024-01-09T16:30:50+00:00\",\"dateModified\":\"2024-01-09T17:38:10+00:00\",\"author\":{\"@id\":\"https:\/\/www.africa-press.net\/cotedivoire\/#\/schema\/person\/2b1cf3cd81a31e3cd26889ca66d677f1\"},\"description\":\"La Fe\u0302te de la Renaissance, un e\u0301ve\u0301nement me\u0301morable, trouve ses racines dans les moments tumultueux de la crise post-e ...\",\"breadcrumb\":{\"@id\":\"https:\/\/www.africa-press.net\/cotedivoire\/politique\/ppa-ci-gbagbo-en-meeting-fin-mars-a-agboville-a-la-fete-de-la-renaissance-de-son-parti#breadcrumb\"},\"inLanguage\":\"fr-FR\",\"potentialAction\":[{\"@type\":\"ReadAction\",\"target\":[\"https:\/\/www.africa-press.net\/cotedivoire\/politique\/ppa-ci-gbagbo-en-meeting-fin-mars-a-agboville-a-la-fete-de-la-renaissance-de-son-parti\"]}]},{\"@type\":\"ImageObject\",\"inLanguage\":\"fr-FR\",\"@id\":\"https:\/\/www.africa-press.net\/cotedivoire\/politique\/ppa-ci-gbagbo-en-meeting-fin-mars-a-agboville-a-la-fete-de-la-renaissance-de-son-parti#primaryimage\",\"url\":\"https:\/\/static.africa-press.net\/cote\/sites\/43\/2024\/01\/sm_1704809204.36658.jpg\",\"contentUrl\":\"https:\/\/static.africa-press.net\/cote\/sites\/43\/2024\/01\/sm_1704809204.36658.jpg\",\"width\":720,\"height\":480,\"caption\":\"PPA-CI, Gbagbo en meeting fin mars \u00e0 Agboville \u00e0 la f\u00eate de la renaissance de son parti\"},{\"@type\":\"BreadcrumbList\",\"@id\":\"https:\/\/www.africa-press.net\/cotedivoire\/politique\/ppa-ci-gbagbo-en-meeting-fin-mars-a-agboville-a-la-fete-de-la-renaissance-de-son-parti#breadcrumb\",\"itemListElement\":[{\"@type\":\"ListItem\",\"position\":1,\"name\":\"Accueil\",\"item\":\"https:\/\/www.africa-press.net\/cotedivoire\/\"},{\"@type\":\"ListItem\",\"position\":2,\"name\":\"PPA-CI, Gbagbo en meeting fin mars \u00e0 Agboville \u00e0 la f\u00eate de la renaissance de son parti\"}]},{\"@type\":\"WebSite\",\"@id\":\"https:\/\/www.africa-press.net\/cotedivoire\/#website\",\"url\":\"https:\/\/www.africa-press.net\/cotedivoire\/\",\"name\":\"C\u00f4te d&#039;Ivoire\",\"description\":\"Just another Africa News Agency Sites site\",\"potentialAction\":[{\"@type\":\"SearchAction\",\"target\":{\"@type\":\"EntryPoint\",\"urlTemplate\":\"https:\/\/www.africa-press.net\/cotedivoire\/?s={search_term_string}\"},\"query-input\":{\"@type\":\"PropertyValueSpecification\",\"valueRequired\":true,\"valueName\":\"search_term_string\"}}],\"inLanguage\":\"fr-FR\"},{\"@type\":\"Person\",\"@id\":\"https:\/\/www.africa-press.net\/cotedivoire\/#\/schema\/person\/2b1cf3cd81a31e3cd26889ca66d677f1\",\"name\":\"cfeditorfr\"}]}<\/script>\n<!-- \/ Yoast SEO Premium plugin. -->","yoast_head_json":{"title":"PPA-CI, Gbagbo en meeting fin mars \u00e0 Agboville \u00e0 la f\u00eate de la renaissance de son parti - C\u00f4te d&#039;Ivoire","description":"La Fe\u0302te de la Renaissance, un e\u0301ve\u0301nement me\u0301morable, trouve ses racines dans les moments tumultueux de la crise post-e ...","robots":{"index":"index","follow":"follow","max-snippet":"max-snippet:-1","max-image-preview":"max-image-preview:large","max-video-preview":"max-video-preview:-1"},"canonical":"https:\/\/www.africa-press.net\/cotedivoire\/politique\/ppa-ci-gbagbo-en-meeting-fin-mars-a-agboville-a-la-fete-de-la-renaissance-de-son-parti","og_locale":"fr_FR","og_type":"article","og_title":"PPA-CI, Gbagbo en meeting fin mars \u00e0 Agboville \u00e0 la f\u00eate de la renaissance de son parti","og_description":"La Fe\u0302te de la Renaissance, un e\u0301ve\u0301nement me\u0301morable, trouve ses racines dans les moments tumultueux de la crise post-e ...","og_url":"https:\/\/www.africa-press.net\/cotedivoire\/politique\/ppa-ci-gbagbo-en-meeting-fin-mars-a-agboville-a-la-fete-de-la-renaissance-de-son-parti","og_site_name":"C\u00f4te d&#039;Ivoire","article_published_time":"2024-01-09T16:30:50+00:00","article_modified_time":"2024-01-09T17:38:10+00:00","og_image":[{"width":720,"height":480,"url":"https:\/\/static.africa-press.net\/cote\/sites\/43\/2024\/01\/sm_1704809204.36658.jpg","type":"image\/jpeg"}],"author":"cfeditorfr","twitter_card":"summary_large_image","twitter_misc":{"\u00c9crit par":"cfeditorfr","Dur\u00e9e de lecture estim\u00e9e":"4 minutes"},"schema":{"@context":"https:\/\/schema.org","@graph":[{"@type":"Article","@id":"https:\/\/www.africa-press.net\/cotedivoire\/politique\/ppa-ci-gbagbo-en-meeting-fin-mars-a-agboville-a-la-fete-de-la-renaissance-de-son-parti#article","isPartOf":{"@id":"https:\/\/www.africa-press.net\/cotedivoire\/politique\/ppa-ci-gbagbo-en-meeting-fin-mars-a-agboville-a-la-fete-de-la-renaissance-de-son-parti"},"author":{"name":"cfeditorfr","@id":"https:\/\/www.africa-press.net\/cotedivoire\/#\/schema\/person\/2b1cf3cd81a31e3cd26889ca66d677f1"},"headline":"PPA-CI, Gbagbo en meeting fin mars \u00e0 Agboville \u00e0 la f\u00eate de la renaissance de son parti","datePublished":"2024-01-09T16:30:50+00:00","dateModified":"2024-01-09T17:38:10+00:00","mainEntityOfPage":{"@id":"https:\/\/www.africa-press.net\/cotedivoire\/politique\/ppa-ci-gbagbo-en-meeting-fin-mars-a-agboville-a-la-fete-de-la-renaissance-de-son-parti"},"wordCount":757,"commentCount":0,"image":{"@id":"https:\/\/www.africa-press.net\/cotedivoire\/politique\/ppa-ci-gbagbo-en-meeting-fin-mars-a-agboville-a-la-fete-de-la-renaissance-de-son-parti#primaryimage"},"thumbnailUrl":"https:\/\/static.africa-press.net\/cote\/sites\/43\/2024\/01\/sm_1704809204.36658.jpg","keywords":["Africa Press","Africa Press-C\u00f4te d'Ivoire","Agboville","Cocody","C\u00d4TE D'IVOIRE","crise","Damana","FPI","Gbagbo","Pickass","PPA-CI"],"articleSection":["Politique","Toutes les actualit\u00e9s"],"inLanguage":"fr-FR","potentialAction":[{"@type":"CommentAction","name":"Comment","target":["https:\/\/www.africa-press.net\/cotedivoire\/politique\/ppa-ci-gbagbo-en-meeting-fin-mars-a-agboville-a-la-fete-de-la-renaissance-de-son-parti#respond"]}]},{"@type":"WebPage","@id":"https:\/\/www.africa-press.net\/cotedivoire\/politique\/ppa-ci-gbagbo-en-meeting-fin-mars-a-agboville-a-la-fete-de-la-renaissance-de-son-parti","url":"https:\/\/www.africa-press.net\/cotedivoire\/politique\/ppa-ci-gbagbo-en-meeting-fin-mars-a-agboville-a-la-fete-de-la-renaissance-de-son-parti","name":"PPA-CI, Gbagbo en meeting fin mars \u00e0 Agboville \u00e0 la f\u00eate de la renaissance de son parti - C\u00f4te d&#039;Ivoire","isPartOf":{"@id":"https:\/\/www.africa-press.net\/cotedivoire\/#website"},"primaryImageOfPage":{"@id":"https:\/\/www.africa-press.net\/cotedivoire\/politique\/ppa-ci-gbagbo-en-meeting-fin-mars-a-agboville-a-la-fete-de-la-renaissance-de-son-parti#primaryimage"},"image":{"@id":"https:\/\/www.africa-press.net\/cotedivoire\/politique\/ppa-ci-gbagbo-en-meeting-fin-mars-a-agboville-a-la-fete-de-la-renaissance-de-son-parti#primaryimage"},"thumbnailUrl":"https:\/\/static.africa-press.net\/cote\/sites\/43\/2024\/01\/sm_1704809204.36658.jpg","datePublished":"2024-01-09T16:30:50+00:00","dateModified":"2024-01-09T17:38:10+00:00","author":{"@id":"https:\/\/www.africa-press.net\/cotedivoire\/#\/schema\/person\/2b1cf3cd81a31e3cd26889ca66d677f1"},"description":"La Fe\u0302te de la Renaissance, un e\u0301ve\u0301nement me\u0301morable, trouve ses racines dans les moments tumultueux de la crise post-e ...","breadcrumb":{"@id":"https:\/\/www.africa-press.net\/cotedivoire\/politique\/ppa-ci-gbagbo-en-meeting-fin-mars-a-agboville-a-la-fete-de-la-renaissance-de-son-parti#breadcrumb"},"inLanguage":"fr-FR","potentialAction":[{"@type":"ReadAction","target":["https:\/\/www.africa-press.net\/cotedivoire\/politique\/ppa-ci-gbagbo-en-meeting-fin-mars-a-agboville-a-la-fete-de-la-renaissance-de-son-parti"]}]},{"@type":"ImageObject","inLanguage":"fr-FR","@id":"https:\/\/www.africa-press.net\/cotedivoire\/politique\/ppa-ci-gbagbo-en-meeting-fin-mars-a-agboville-a-la-fete-de-la-renaissance-de-son-parti#primaryimage","url":"https:\/\/static.africa-press.net\/cote\/sites\/43\/2024\/01\/sm_1704809204.36658.jpg","contentUrl":"https:\/\/static.africa-press.net\/cote\/sites\/43\/2024\/01\/sm_1704809204.36658.jpg","width":720,"height":480,"caption":"PPA-CI, Gbagbo en meeting fin mars \u00e0 Agboville \u00e0 la f\u00eate de la renaissance de son parti"},{"@type":"BreadcrumbList","@id":"https:\/\/www.africa-press.net\/cotedivoire\/politique\/ppa-ci-gbagbo-en-meeting-fin-mars-a-agboville-a-la-fete-de-la-renaissance-de-son-parti#breadcrumb","itemListElement":[{"@type":"ListItem","position":1,"name":"Accueil","item":"https:\/\/www.africa-press.net\/cotedivoire\/"},{"@type":"ListItem","position":2,"name":"PPA-CI, Gbagbo en meeting fin mars \u00e0 Agboville \u00e0 la f\u00eate de la renaissance de son parti"}]},{"@type":"WebSite","@id":"https:\/\/www.africa-press.net\/cotedivoire\/#website","url":"https:\/\/www.africa-press.net\/cotedivoire\/","name":"C\u00f4te d&#039;Ivoire","description":"Just another Africa News Agency Sites site","potentialAction":[{"@type":"SearchAction","target":{"@type":"EntryPoint","urlTemplate":"https:\/\/www.africa-press.net\/cotedivoire\/?s={search_term_string}"},"query-input":{"@type":"PropertyValueSpecification","valueRequired":true,"valueName":"search_term_string"}}],"inLanguage":"fr-FR"},{"@type":"Person","@id":"https:\/\/www.africa-press.net\/cotedivoire\/#\/schema\/person\/2b1cf3cd81a31e3cd26889ca66d677f1","name":"cfeditorfr"}]}},"_links":{"self":[{"href":"https:\/\/www.africa-press.net\/cotedivoire\/wp-json\/wp\/v2\/posts\/72972","targetHints":{"allow":["GET"]}}],"collection":[{"href":"https:\/\/www.africa-press.net\/cotedivoire\/wp-json\/wp\/v2\/posts"}],"about":[{"href":"https:\/\/www.africa-press.net\/cotedivoire\/wp-json\/wp\/v2\/types\/post"}],"author":[{"embeddable":true,"href":"https:\/\/www.africa-press.net\/cotedivoire\/wp-json\/wp\/v2\/users\/82"}],"replies":[{"embeddable":true,"href":"https:\/\/www.africa-press.net\/cotedivoire\/wp-json\/wp\/v2\/comments?post=72972"}],"version-history":[{"count":0,"href":"https:\/\/www.africa-press.net\/cotedivoire\/wp-json\/wp\/v2\/posts\/72972\/revisions"}],"wp:featuredmedia":[{"embeddable":true,"href":"https:\/\/www.africa-press.net\/cotedivoire\/wp-json\/wp\/v2\/media\/72971"}],"wp:attachment":[{"href":"https:\/\/www.africa-press.net\/cotedivoire\/wp-json\/wp\/v2\/media?parent=72972"}],"wp:term":[{"taxonomy":"category","embeddable":true,"href":"https:\/\/www.africa-press.net\/cotedivoire\/wp-json\/wp\/v2\/categories?post=72972"},{"taxonomy":"post_tag","embeddable":true,"href":"https:\/\/www.africa-press.net\/cotedivoire\/wp-json\/wp\/v2\/tags?post=72972"}],"curies":[{"name":"wp","href":"https:\/\/api.w.org\/{rel}","templated":true}]}}