{"id":73375,"date":"2024-01-17T13:20:50","date_gmt":"2024-01-17T13:20:50","guid":{"rendered":"https:\/\/www.africa-press.net\/cotedivoire\/politique\/suspension-temporaire-pour-une-periode-de-06-mois-dexportation-des-produits-vivriers"},"modified":"2024-01-17T14:18:18","modified_gmt":"2024-01-17T14:18:18","slug":"suspension-temporaire-pour-une-periode-de-06-mois-dexportation-des-produits-vivriers","status":"publish","type":"post","link":"https:\/\/www.africa-press.net\/cotedivoire\/toutes-les-actualites\/suspension-temporaire-pour-une-periode-de-06-mois-dexportation-des-produits-vivriers","title":{"rendered":"Suspension temporaire pour une p\u00e9riode de 06 mois d&rsquo;exportation des produits vivriers"},"content":{"rendered":"<p><span style=\"color: #ff6600\"><strong>Africa-Press &#8211; C\u00f4te d&rsquo;Ivoire. <\/strong><\/span>Dans une note adresse\u0301e aux importateurs et exportateurs, le Ministre du Commerce et de l&rsquo;industrie, Souleymane Diarrassouba, le Ministre d&rsquo;Etat, Ministre de l&rsquo;Agriculture, du De\u0301veloppement Rural et des Productions Vivrie\u0300res, Etienne Adjoumani Kouassi Kobenan et le Ministre des Finances et du Budget, Adama Coulibaly, annoncent la suspension temporaire d&rsquo;exportation des produits vivriers.<\/p>\n<p>Les membres du Gouvernement rele\u0300vent que conforme\u0301ment au de\u0301cret n\u00b02022-168 du 09 mars 2022 instituant une autorisation pre\u0301alable a\u0300 l&rsquo;exportation de tout produit vivrier, l&rsquo;exportation des produits vivriers est suspendue pour une pe\u0301riode de six (6) mois, a\u0300 compter de la date de signature du pre\u0301sent document.<\/p>\n<p>\u00ab Cette mesure vise a\u0300 assurer un approvisionnement re\u0301gulier des marche\u0301s en produits vivriers, a\u0300 l&rsquo;effet de garantir la se\u0301curite\u0301 alimentaire des populations vivant en Co\u0302te d&rsquo;Ivoire Tout manquement a\u0300 cette disposition est passible de sanctions conforme\u0301ment aux dispositions pre\u0301vues par la loi \u00bb, pre\u0301vient les signataires de l\u2019avis.<\/p>\n<p><strong>Pour plus d&rsquo;informations et d&rsquo;analyses sur la <a href=\"https:\/\/www.africa-press.net\/cotedivoire\">C\u00f4te d&rsquo;Ivoire<\/a>, suivez <a href=\"https:\/\/www.africa-press.net\/\">Africa-Press<\/a><\/strong><\/p>\n","protected":false},"excerpt":{"rendered":"<p>Africa-Press &#8211; C\u00f4te d&rsquo;Ivoire. Dans une note adresse\u0301e aux importateurs et exportateurs, le Ministre du Commerce et de l&rsquo;industrie, Souleymane Diarrassouba, le Ministre d&rsquo;Etat, Ministre de l&rsquo;Agriculture, du De\u0301veloppement Rural et des Productions Vivrie\u0300res, Etienne Adjoumani Kouassi Kobenan et le Ministre des Finances et du Budget, Adama Coulibaly, annoncent la suspension temporaire d&rsquo;exportation des produits [&hellip;]<\/p>\n","protected":false},"author":82,"featured_media":73373,"comment_status":"open","ping_status":"closed","sticky":false,"template":"","format":"standard","meta":{"footnotes":""},"categories":[21,10],"tags":[1182,12345,56,63,29,4600,12346,4271,3951,3780,733,726,6922],"class_list":["post-73375","post","type-post","status-publish","format-standard","has-post-thumbnail","hentry","category-communaute","category-toutes-les-actualites","tag-adama-coulibaly","tag-adjoumani-kobenen","tag-africa-press","tag-africa-press-cote-divoire","tag-cote-divoire","tag-exportateurs","tag-importateurs","tag-marches","tag-produits","tag-sanctions","tag-souleymane-diarrassouba","tag-suspension","tag-vivriers"],"yoast_head":"<!-- This site is optimized with the Yoast SEO Premium plugin v26.1 (Yoast SEO v27.0) - https:\/\/yoast.com\/product\/yoast-seo-premium-wordpress\/ -->\n<title>Suspension temporaire pour une p\u00e9riode de 06 mois d&#039;exportation des produits vivriers - C\u00f4te d&#039;Ivoire<\/title>\n<meta name=\"description\" content=\"Dans une note adresse\u0301e aux importateurs et exportateurs, le Ministre du Commerce et de l&#039;industrie, Souleymane Diarrass ...\" \/>\n<meta name=\"robots\" content=\"index, follow, max-snippet:-1, max-image-preview:large, max-video-preview:-1\" \/>\n<link rel=\"canonical\" href=\"https:\/\/www.africa-press.net\/cotedivoire\/toutes-les-actualites\/suspension-temporaire-pour-une-periode-de-06-mois-dexportation-des-produits-vivriers\" \/>\n<meta property=\"og:locale\" content=\"fr_FR\" \/>\n<meta property=\"og:type\" content=\"article\" \/>\n<meta property=\"og:title\" content=\"Suspension temporaire pour une p\u00e9riode de 06 mois d&#039;exportation des produits vivriers\" \/>\n<meta property=\"og:description\" content=\"Dans une note adresse\u0301e aux importateurs et exportateurs, le Ministre du Commerce et de l&#039;industrie, Souleymane Diarrass ...\" \/>\n<meta property=\"og:url\" content=\"https:\/\/www.africa-press.net\/cotedivoire\/toutes-les-actualites\/suspension-temporaire-pour-une-periode-de-06-mois-dexportation-des-produits-vivriers\" \/>\n<meta property=\"og:site_name\" content=\"C\u00f4te d&#039;Ivoire\" \/>\n<meta property=\"article:published_time\" content=\"2024-01-17T13:20:50+00:00\" \/>\n<meta property=\"article:modified_time\" content=\"2024-01-17T14:18:18+00:00\" \/>\n<meta property=\"og:image\" content=\"https:\/\/static.africa-press.net\/cote\/sites\/43\/2024\/01\/sm_1705488362.405324.jpg\" \/>\n\t<meta property=\"og:image:width\" content=\"720\" \/>\n\t<meta property=\"og:image:height\" content=\"405\" \/>\n\t<meta property=\"og:image:type\" content=\"image\/jpeg\" \/>\n<meta name=\"author\" content=\"cfeditorfr\" \/>\n<meta name=\"twitter:card\" content=\"summary_large_image\" \/>\n<meta name=\"twitter:label1\" content=\"\u00c9crit par\" \/>\n\t<meta name=\"twitter:data1\" content=\"cfeditorfr\" \/>\n\t<meta name=\"twitter:label2\" content=\"Dur\u00e9e de lecture estim\u00e9e\" \/>\n\t<meta name=\"twitter:data2\" content=\"2 minutes\" \/>\n<script type=\"application\/ld+json\" class=\"yoast-schema-graph\">{\"@context\":\"https:\/\/schema.org\",\"@graph\":[{\"@type\":\"Article\",\"@id\":\"https:\/\/www.africa-press.net\/cotedivoire\/toutes-les-actualites\/suspension-temporaire-pour-une-periode-de-06-mois-dexportation-des-produits-vivriers#article\",\"isPartOf\":{\"@id\":\"https:\/\/www.africa-press.net\/cotedivoire\/toutes-les-actualites\/suspension-temporaire-pour-une-periode-de-06-mois-dexportation-des-produits-vivriers\"},\"author\":{\"name\":\"cfeditorfr\",\"@id\":\"https:\/\/www.africa-press.net\/cotedivoire\/#\/schema\/person\/2b1cf3cd81a31e3cd26889ca66d677f1\"},\"headline\":\"Suspension temporaire pour une p\u00e9riode de 06 mois d&rsquo;exportation des produits vivriers\",\"datePublished\":\"2024-01-17T13:20:50+00:00\",\"dateModified\":\"2024-01-17T14:18:18+00:00\",\"mainEntityOfPage\":{\"@id\":\"https:\/\/www.africa-press.net\/cotedivoire\/toutes-les-actualites\/suspension-temporaire-pour-une-periode-de-06-mois-dexportation-des-produits-vivriers\"},\"wordCount\":203,\"commentCount\":0,\"image\":{\"@id\":\"https:\/\/www.africa-press.net\/cotedivoire\/toutes-les-actualites\/suspension-temporaire-pour-une-periode-de-06-mois-dexportation-des-produits-vivriers#primaryimage\"},\"thumbnailUrl\":\"https:\/\/static.africa-press.net\/cote\/sites\/43\/2024\/01\/sm_1705488362.405324.jpg\",\"keywords\":[\"Adama Coulibaly\",\"Adjoumani Kobenen\",\"Africa Press\",\"Africa Press-C\u00f4te d'Ivoire\",\"C\u00d4TE D'IVOIRE\",\"exportateurs\",\"importateurs\",\"march\u00e9s\",\"produits\",\"sanctions\",\"Souleymane Diarrassouba\",\"suspension\",\"vivriers\"],\"articleSection\":[\"Communaut\u00e9\",\"Toutes les actualit\u00e9s\"],\"inLanguage\":\"fr-FR\",\"potentialAction\":[{\"@type\":\"CommentAction\",\"name\":\"Comment\",\"target\":[\"https:\/\/www.africa-press.net\/cotedivoire\/toutes-les-actualites\/suspension-temporaire-pour-une-periode-de-06-mois-dexportation-des-produits-vivriers#respond\"]}]},{\"@type\":\"WebPage\",\"@id\":\"https:\/\/www.africa-press.net\/cotedivoire\/toutes-les-actualites\/suspension-temporaire-pour-une-periode-de-06-mois-dexportation-des-produits-vivriers\",\"url\":\"https:\/\/www.africa-press.net\/cotedivoire\/toutes-les-actualites\/suspension-temporaire-pour-une-periode-de-06-mois-dexportation-des-produits-vivriers\",\"name\":\"Suspension temporaire pour une p\u00e9riode de 06 mois d'exportation des produits vivriers - C\u00f4te d&#039;Ivoire\",\"isPartOf\":{\"@id\":\"https:\/\/www.africa-press.net\/cotedivoire\/#website\"},\"primaryImageOfPage\":{\"@id\":\"https:\/\/www.africa-press.net\/cotedivoire\/toutes-les-actualites\/suspension-temporaire-pour-une-periode-de-06-mois-dexportation-des-produits-vivriers#primaryimage\"},\"image\":{\"@id\":\"https:\/\/www.africa-press.net\/cotedivoire\/toutes-les-actualites\/suspension-temporaire-pour-une-periode-de-06-mois-dexportation-des-produits-vivriers#primaryimage\"},\"thumbnailUrl\":\"https:\/\/static.africa-press.net\/cote\/sites\/43\/2024\/01\/sm_1705488362.405324.jpg\",\"datePublished\":\"2024-01-17T13:20:50+00:00\",\"dateModified\":\"2024-01-17T14:18:18+00:00\",\"author\":{\"@id\":\"https:\/\/www.africa-press.net\/cotedivoire\/#\/schema\/person\/2b1cf3cd81a31e3cd26889ca66d677f1\"},\"description\":\"Dans une note adresse\u0301e aux importateurs et exportateurs, le Ministre du Commerce et de l'industrie, Souleymane Diarrass ...\",\"breadcrumb\":{\"@id\":\"https:\/\/www.africa-press.net\/cotedivoire\/toutes-les-actualites\/suspension-temporaire-pour-une-periode-de-06-mois-dexportation-des-produits-vivriers#breadcrumb\"},\"inLanguage\":\"fr-FR\",\"potentialAction\":[{\"@type\":\"ReadAction\",\"target\":[\"https:\/\/www.africa-press.net\/cotedivoire\/toutes-les-actualites\/suspension-temporaire-pour-une-periode-de-06-mois-dexportation-des-produits-vivriers\"]}]},{\"@type\":\"ImageObject\",\"inLanguage\":\"fr-FR\",\"@id\":\"https:\/\/www.africa-press.net\/cotedivoire\/toutes-les-actualites\/suspension-temporaire-pour-une-periode-de-06-mois-dexportation-des-produits-vivriers#primaryimage\",\"url\":\"https:\/\/static.africa-press.net\/cote\/sites\/43\/2024\/01\/sm_1705488362.405324.jpg\",\"contentUrl\":\"https:\/\/static.africa-press.net\/cote\/sites\/43\/2024\/01\/sm_1705488362.405324.jpg\",\"width\":720,\"height\":405,\"caption\":\"Suspension temporaire pour une p\u00e9riode de 06 mois d'exportation des produits vivriers\"},{\"@type\":\"BreadcrumbList\",\"@id\":\"https:\/\/www.africa-press.net\/cotedivoire\/toutes-les-actualites\/suspension-temporaire-pour-une-periode-de-06-mois-dexportation-des-produits-vivriers#breadcrumb\",\"itemListElement\":[{\"@type\":\"ListItem\",\"position\":1,\"name\":\"Accueil\",\"item\":\"https:\/\/www.africa-press.net\/cotedivoire\/\"},{\"@type\":\"ListItem\",\"position\":2,\"name\":\"Suspension temporaire pour une p\u00e9riode de 06 mois d&#8217;exportation des produits vivriers\"}]},{\"@type\":\"WebSite\",\"@id\":\"https:\/\/www.africa-press.net\/cotedivoire\/#website\",\"url\":\"https:\/\/www.africa-press.net\/cotedivoire\/\",\"name\":\"C\u00f4te d&#039;Ivoire\",\"description\":\"Just another Africa News Agency Sites site\",\"potentialAction\":[{\"@type\":\"SearchAction\",\"target\":{\"@type\":\"EntryPoint\",\"urlTemplate\":\"https:\/\/www.africa-press.net\/cotedivoire\/?s={search_term_string}\"},\"query-input\":{\"@type\":\"PropertyValueSpecification\",\"valueRequired\":true,\"valueName\":\"search_term_string\"}}],\"inLanguage\":\"fr-FR\"},{\"@type\":\"Person\",\"@id\":\"https:\/\/www.africa-press.net\/cotedivoire\/#\/schema\/person\/2b1cf3cd81a31e3cd26889ca66d677f1\",\"name\":\"cfeditorfr\"}]}<\/script>\n<!-- \/ Yoast SEO Premium plugin. -->","yoast_head_json":{"title":"Suspension temporaire pour une p\u00e9riode de 06 mois d'exportation des produits vivriers - C\u00f4te d&#039;Ivoire","description":"Dans une note adresse\u0301e aux importateurs et exportateurs, le Ministre du Commerce et de l'industrie, Souleymane Diarrass ...","robots":{"index":"index","follow":"follow","max-snippet":"max-snippet:-1","max-image-preview":"max-image-preview:large","max-video-preview":"max-video-preview:-1"},"canonical":"https:\/\/www.africa-press.net\/cotedivoire\/toutes-les-actualites\/suspension-temporaire-pour-une-periode-de-06-mois-dexportation-des-produits-vivriers","og_locale":"fr_FR","og_type":"article","og_title":"Suspension temporaire pour une p\u00e9riode de 06 mois d'exportation des produits vivriers","og_description":"Dans une note adresse\u0301e aux importateurs et exportateurs, le Ministre du Commerce et de l'industrie, Souleymane Diarrass ...","og_url":"https:\/\/www.africa-press.net\/cotedivoire\/toutes-les-actualites\/suspension-temporaire-pour-une-periode-de-06-mois-dexportation-des-produits-vivriers","og_site_name":"C\u00f4te d&#039;Ivoire","article_published_time":"2024-01-17T13:20:50+00:00","article_modified_time":"2024-01-17T14:18:18+00:00","og_image":[{"width":720,"height":405,"url":"https:\/\/static.africa-press.net\/cote\/sites\/43\/2024\/01\/sm_1705488362.405324.jpg","type":"image\/jpeg"}],"author":"cfeditorfr","twitter_card":"summary_large_image","twitter_misc":{"\u00c9crit par":"cfeditorfr","Dur\u00e9e de lecture estim\u00e9e":"2 minutes"},"schema":{"@context":"https:\/\/schema.org","@graph":[{"@type":"Article","@id":"https:\/\/www.africa-press.net\/cotedivoire\/toutes-les-actualites\/suspension-temporaire-pour-une-periode-de-06-mois-dexportation-des-produits-vivriers#article","isPartOf":{"@id":"https:\/\/www.africa-press.net\/cotedivoire\/toutes-les-actualites\/suspension-temporaire-pour-une-periode-de-06-mois-dexportation-des-produits-vivriers"},"author":{"name":"cfeditorfr","@id":"https:\/\/www.africa-press.net\/cotedivoire\/#\/schema\/person\/2b1cf3cd81a31e3cd26889ca66d677f1"},"headline":"Suspension temporaire pour une p\u00e9riode de 06 mois d&rsquo;exportation des produits vivriers","datePublished":"2024-01-17T13:20:50+00:00","dateModified":"2024-01-17T14:18:18+00:00","mainEntityOfPage":{"@id":"https:\/\/www.africa-press.net\/cotedivoire\/toutes-les-actualites\/suspension-temporaire-pour-une-periode-de-06-mois-dexportation-des-produits-vivriers"},"wordCount":203,"commentCount":0,"image":{"@id":"https:\/\/www.africa-press.net\/cotedivoire\/toutes-les-actualites\/suspension-temporaire-pour-une-periode-de-06-mois-dexportation-des-produits-vivriers#primaryimage"},"thumbnailUrl":"https:\/\/static.africa-press.net\/cote\/sites\/43\/2024\/01\/sm_1705488362.405324.jpg","keywords":["Adama Coulibaly","Adjoumani Kobenen","Africa Press","Africa Press-C\u00f4te d'Ivoire","C\u00d4TE D'IVOIRE","exportateurs","importateurs","march\u00e9s","produits","sanctions","Souleymane Diarrassouba","suspension","vivriers"],"articleSection":["Communaut\u00e9","Toutes les actualit\u00e9s"],"inLanguage":"fr-FR","potentialAction":[{"@type":"CommentAction","name":"Comment","target":["https:\/\/www.africa-press.net\/cotedivoire\/toutes-les-actualites\/suspension-temporaire-pour-une-periode-de-06-mois-dexportation-des-produits-vivriers#respond"]}]},{"@type":"WebPage","@id":"https:\/\/www.africa-press.net\/cotedivoire\/toutes-les-actualites\/suspension-temporaire-pour-une-periode-de-06-mois-dexportation-des-produits-vivriers","url":"https:\/\/www.africa-press.net\/cotedivoire\/toutes-les-actualites\/suspension-temporaire-pour-une-periode-de-06-mois-dexportation-des-produits-vivriers","name":"Suspension temporaire pour une p\u00e9riode de 06 mois d'exportation des produits vivriers - C\u00f4te d&#039;Ivoire","isPartOf":{"@id":"https:\/\/www.africa-press.net\/cotedivoire\/#website"},"primaryImageOfPage":{"@id":"https:\/\/www.africa-press.net\/cotedivoire\/toutes-les-actualites\/suspension-temporaire-pour-une-periode-de-06-mois-dexportation-des-produits-vivriers#primaryimage"},"image":{"@id":"https:\/\/www.africa-press.net\/cotedivoire\/toutes-les-actualites\/suspension-temporaire-pour-une-periode-de-06-mois-dexportation-des-produits-vivriers#primaryimage"},"thumbnailUrl":"https:\/\/static.africa-press.net\/cote\/sites\/43\/2024\/01\/sm_1705488362.405324.jpg","datePublished":"2024-01-17T13:20:50+00:00","dateModified":"2024-01-17T14:18:18+00:00","author":{"@id":"https:\/\/www.africa-press.net\/cotedivoire\/#\/schema\/person\/2b1cf3cd81a31e3cd26889ca66d677f1"},"description":"Dans une note adresse\u0301e aux importateurs et exportateurs, le Ministre du Commerce et de l'industrie, Souleymane Diarrass ...","breadcrumb":{"@id":"https:\/\/www.africa-press.net\/cotedivoire\/toutes-les-actualites\/suspension-temporaire-pour-une-periode-de-06-mois-dexportation-des-produits-vivriers#breadcrumb"},"inLanguage":"fr-FR","potentialAction":[{"@type":"ReadAction","target":["https:\/\/www.africa-press.net\/cotedivoire\/toutes-les-actualites\/suspension-temporaire-pour-une-periode-de-06-mois-dexportation-des-produits-vivriers"]}]},{"@type":"ImageObject","inLanguage":"fr-FR","@id":"https:\/\/www.africa-press.net\/cotedivoire\/toutes-les-actualites\/suspension-temporaire-pour-une-periode-de-06-mois-dexportation-des-produits-vivriers#primaryimage","url":"https:\/\/static.africa-press.net\/cote\/sites\/43\/2024\/01\/sm_1705488362.405324.jpg","contentUrl":"https:\/\/static.africa-press.net\/cote\/sites\/43\/2024\/01\/sm_1705488362.405324.jpg","width":720,"height":405,"caption":"Suspension temporaire pour une p\u00e9riode de 06 mois d'exportation des produits vivriers"},{"@type":"BreadcrumbList","@id":"https:\/\/www.africa-press.net\/cotedivoire\/toutes-les-actualites\/suspension-temporaire-pour-une-periode-de-06-mois-dexportation-des-produits-vivriers#breadcrumb","itemListElement":[{"@type":"ListItem","position":1,"name":"Accueil","item":"https:\/\/www.africa-press.net\/cotedivoire\/"},{"@type":"ListItem","position":2,"name":"Suspension temporaire pour une p\u00e9riode de 06 mois d&#8217;exportation des produits vivriers"}]},{"@type":"WebSite","@id":"https:\/\/www.africa-press.net\/cotedivoire\/#website","url":"https:\/\/www.africa-press.net\/cotedivoire\/","name":"C\u00f4te d&#039;Ivoire","description":"Just another Africa News Agency Sites site","potentialAction":[{"@type":"SearchAction","target":{"@type":"EntryPoint","urlTemplate":"https:\/\/www.africa-press.net\/cotedivoire\/?s={search_term_string}"},"query-input":{"@type":"PropertyValueSpecification","valueRequired":true,"valueName":"search_term_string"}}],"inLanguage":"fr-FR"},{"@type":"Person","@id":"https:\/\/www.africa-press.net\/cotedivoire\/#\/schema\/person\/2b1cf3cd81a31e3cd26889ca66d677f1","name":"cfeditorfr"}]}},"_links":{"self":[{"href":"https:\/\/www.africa-press.net\/cotedivoire\/wp-json\/wp\/v2\/posts\/73375","targetHints":{"allow":["GET"]}}],"collection":[{"href":"https:\/\/www.africa-press.net\/cotedivoire\/wp-json\/wp\/v2\/posts"}],"about":[{"href":"https:\/\/www.africa-press.net\/cotedivoire\/wp-json\/wp\/v2\/types\/post"}],"author":[{"embeddable":true,"href":"https:\/\/www.africa-press.net\/cotedivoire\/wp-json\/wp\/v2\/users\/82"}],"replies":[{"embeddable":true,"href":"https:\/\/www.africa-press.net\/cotedivoire\/wp-json\/wp\/v2\/comments?post=73375"}],"version-history":[{"count":0,"href":"https:\/\/www.africa-press.net\/cotedivoire\/wp-json\/wp\/v2\/posts\/73375\/revisions"}],"wp:featuredmedia":[{"embeddable":true,"href":"https:\/\/www.africa-press.net\/cotedivoire\/wp-json\/wp\/v2\/media\/73373"}],"wp:attachment":[{"href":"https:\/\/www.africa-press.net\/cotedivoire\/wp-json\/wp\/v2\/media?parent=73375"}],"wp:term":[{"taxonomy":"category","embeddable":true,"href":"https:\/\/www.africa-press.net\/cotedivoire\/wp-json\/wp\/v2\/categories?post=73375"},{"taxonomy":"post_tag","embeddable":true,"href":"https:\/\/www.africa-press.net\/cotedivoire\/wp-json\/wp\/v2\/tags?post=73375"}],"curies":[{"name":"wp","href":"https:\/\/api.w.org\/{rel}","templated":true}]}}