{"id":73478,"date":"2024-01-18T15:28:43","date_gmt":"2024-01-18T15:28:43","guid":{"rendered":"https:\/\/www.africa-press.net\/cotedivoire\/politique\/can-2023-depuis-san-pedro-mambe-salue-la-reussite-de-la-competition-du-point-de-vue-des-infrastructures"},"modified":"2024-01-19T14:11:58","modified_gmt":"2024-01-19T14:11:58","slug":"can-2023-depuis-san-pedro-mambe-salue-la-reussite-de-la-competition-du-point-de-vue-des-infrastructures","status":"publish","type":"post","link":"https:\/\/www.africa-press.net\/cotedivoire\/sports\/can-2023-depuis-san-pedro-mambe-salue-la-reussite-de-la-competition-du-point-de-vue-des-infrastructures","title":{"rendered":"CAN 2023, depuis San-Pedro, Mamb\u00e9 salue la r\u00e9ussite de la comp\u00e9tition du point de vue des infrastructures"},"content":{"rendered":"<p><span style=\"color: #ff6600\"><strong>Africa-Press &#8211; C\u00f4te d&rsquo;Ivoire. <\/strong><\/span>Le Premier ministre, ministre des Sports et du Cadre de Vie, Robert Beugre\u0301 Mambe\u0301, a de\u0301clare\u0301 le 17 janvier 2024 au stade Laurent Pokou, lors du premier match de la poule F qui regroupe les e\u0301quipes du Maroc, de la Re\u0301publique De\u0301mocratique du Congo ( RDC), de la Zambie et de la Tanzanie que la CAN 2023 est une re\u0301ussite du point de vue des infrastructures.<\/p>\n<p>\u00abLa CAN est une grande re\u0301ussite du point de vue des installations sportives, ho\u0302telie\u0300res et surtout la ferveur avec laquelle les Ivoiriens ont accueilli leur CAN. Je les fe\u0301licite et m&rsquo;en re\u0301jouis profonde\u0301ment. Tous nos amis qui sont de passage chez nous, sont e\u0301merveille\u0301s par la qualite\u0301 des infrastructures. Le Pre\u0301sident de la Re\u0301publique Alassane Ouattara a fait de gros investissements pour les acque\u0301rir \u00bb, a pre\u0301cise\u0301, le Premier ministre Beugre\u0301 Mambe\u0301.<\/p>\n<p>A\u0300 peine la 34e\u0300me e\u0301dition de la Coupe d&rsquo;Afrique des nations de\u0301marre\u0301, l&rsquo;on assiste a\u0300 un proble\u0300me de billetterie. Le Premier ministre a indique\u0301 que le gouvernement, sur instructions du Chef de l\u2019E\u0301tat, a pris ses responsabilite\u0301s concernant la rarete\u0301 des tickets due au commerce du marche\u0301 noir.<\/p>\n<p>\u00abJe puis vous assurer que nous avons tout mis en \u0153uvre pour ve\u0301rifier le dispositif mis en place quant a\u0300 l&rsquo;acquisition des billets. Ainsi, les tickets restants ont tous e\u0301te\u0301 re\u0301cupe\u0301re\u0301s, pour les mettre a\u0300 la disposition des populations \u00bb, a mentionne\u0301, le Chef du gouvernement.<\/p>\n<p>Il a annonce\u0301 que les dispositions ont e\u0301te\u0301 prises aujourd&rsquo;hui pour le match de la Co\u0302te d&rsquo;Ivoire contre le Nige\u0301ria pour que le stade d\u2019Ebimpe\u0301 puisse faire son plein. Selon lui, la CAF a re\u0301vise\u0301 sa fac\u0327on de ge\u0301rer les tickets de\u0301sormais et le me\u0301canisme de vente s&rsquo;est conside\u0301rablement ame\u0301liore\u0301 par rapport au de\u0301but.<\/p>\n<p>En se rendant a\u0300 San-Pedro hier, le Premier ministre voulait s&rsquo;assurer du bon de\u0301roulement de la CAN 2023 dans les diffe\u0301rentes localite\u0301s ho\u0302tes. Apre\u0300s San-Pedro, le chef du Gouvernement se rendra a\u0300 Korhogo le samedi 20 janvier 2024, pour assister au match de la Poule E, qui mettra aux prises le Mali et la Tunisie au stade Amadou Gon Coulibaly.<\/p>\n<p><strong>Pour plus d&rsquo;informations et d&rsquo;analyses sur la <a href=\"https:\/\/www.africa-press.net\/cotedivoire\">C\u00f4te d&rsquo;Ivoire<\/a>, suivez <a href=\"https:\/\/www.africa-press.net\/\">Africa-Press<\/a><\/strong><\/p>\n","protected":false},"excerpt":{"rendered":"<p>Africa-Press &#8211; C\u00f4te d&rsquo;Ivoire. Le Premier ministre, ministre des Sports et du Cadre de Vie, Robert Beugre\u0301 Mambe\u0301, a de\u0301clare\u0301 le 17 janvier 2024 au stade Laurent Pokou, lors du premier match de la poule F qui regroupe les e\u0301quipes du Maroc, de la Re\u0301publique De\u0301mocratique du Congo ( RDC), de la Zambie et de [&hellip;]<\/p>\n","protected":false},"author":82,"featured_media":73477,"comment_status":"open","ping_status":"closed","sticky":false,"template":"","format":"standard","meta":{"footnotes":""},"categories":[6,10],"tags":[56,63,2874,29,2780,1863],"class_list":["post-73478","post","type-post","status-publish","format-standard","has-post-thumbnail","hentry","category-sports","category-toutes-les-actualites","tag-africa-press","tag-africa-press-cote-divoire","tag-can","tag-cote-divoire","tag-infrastructures","tag-san-pedro-2"],"yoast_head":"<!-- This site is optimized with the Yoast SEO Premium plugin v26.1 (Yoast SEO v27.0) - https:\/\/yoast.com\/product\/yoast-seo-premium-wordpress\/ -->\n<title>CAN 2023, depuis San-Pedro, Mamb\u00e9 salue la r\u00e9ussite de la comp\u00e9tition du point de vue des infrastructures - C\u00f4te d&#039;Ivoire<\/title>\n<meta name=\"description\" content=\"Le Premier ministre, ministre des Sports et du Cadre de Vie, Robert Beugre\u0301 Mambe\u0301, a de\u0301clare\u0301 le 17 janvier 2024 au st ...\" \/>\n<meta name=\"robots\" content=\"index, follow, max-snippet:-1, max-image-preview:large, max-video-preview:-1\" \/>\n<link rel=\"canonical\" href=\"https:\/\/www.africa-press.net\/cotedivoire\/sports\/can-2023-depuis-san-pedro-mambe-salue-la-reussite-de-la-competition-du-point-de-vue-des-infrastructures\" \/>\n<meta property=\"og:locale\" content=\"fr_FR\" \/>\n<meta property=\"og:type\" content=\"article\" \/>\n<meta property=\"og:title\" content=\"CAN 2023, depuis San-Pedro, Mamb\u00e9 salue la r\u00e9ussite de la comp\u00e9tition du point de vue des infrastructures\" \/>\n<meta property=\"og:description\" content=\"Le Premier ministre, ministre des Sports et du Cadre de Vie, Robert Beugre\u0301 Mambe\u0301, a de\u0301clare\u0301 le 17 janvier 2024 au st ...\" \/>\n<meta property=\"og:url\" content=\"https:\/\/www.africa-press.net\/cotedivoire\/sports\/can-2023-depuis-san-pedro-mambe-salue-la-reussite-de-la-competition-du-point-de-vue-des-infrastructures\" \/>\n<meta property=\"og:site_name\" content=\"C\u00f4te d&#039;Ivoire\" \/>\n<meta property=\"article:published_time\" content=\"2024-01-18T15:28:43+00:00\" \/>\n<meta property=\"article:modified_time\" content=\"2024-01-19T14:11:58+00:00\" \/>\n<meta property=\"og:image\" content=\"https:\/\/static.africa-press.net\/cote\/sites\/43\/2024\/01\/sm_1705583160.622335.jpg\" \/>\n\t<meta property=\"og:image:width\" content=\"720\" \/>\n\t<meta property=\"og:image:height\" content=\"480\" \/>\n\t<meta property=\"og:image:type\" content=\"image\/jpeg\" \/>\n<meta name=\"author\" content=\"cfeditorfr\" \/>\n<meta name=\"twitter:card\" content=\"summary_large_image\" \/>\n<meta name=\"twitter:label1\" content=\"\u00c9crit par\" \/>\n\t<meta name=\"twitter:data1\" content=\"cfeditorfr\" \/>\n\t<meta name=\"twitter:label2\" content=\"Dur\u00e9e de lecture estim\u00e9e\" \/>\n\t<meta name=\"twitter:data2\" content=\"3 minutes\" \/>\n<script type=\"application\/ld+json\" class=\"yoast-schema-graph\">{\"@context\":\"https:\/\/schema.org\",\"@graph\":[{\"@type\":\"Article\",\"@id\":\"https:\/\/www.africa-press.net\/cotedivoire\/sports\/can-2023-depuis-san-pedro-mambe-salue-la-reussite-de-la-competition-du-point-de-vue-des-infrastructures#article\",\"isPartOf\":{\"@id\":\"https:\/\/www.africa-press.net\/cotedivoire\/sports\/can-2023-depuis-san-pedro-mambe-salue-la-reussite-de-la-competition-du-point-de-vue-des-infrastructures\"},\"author\":{\"name\":\"cfeditorfr\",\"@id\":\"https:\/\/www.africa-press.net\/cotedivoire\/#\/schema\/person\/2b1cf3cd81a31e3cd26889ca66d677f1\"},\"headline\":\"CAN 2023, depuis San-Pedro, Mamb\u00e9 salue la r\u00e9ussite de la comp\u00e9tition du point de vue des infrastructures\",\"datePublished\":\"2024-01-18T15:28:43+00:00\",\"dateModified\":\"2024-01-19T14:11:58+00:00\",\"mainEntityOfPage\":{\"@id\":\"https:\/\/www.africa-press.net\/cotedivoire\/sports\/can-2023-depuis-san-pedro-mambe-salue-la-reussite-de-la-competition-du-point-de-vue-des-infrastructures\"},\"wordCount\":430,\"commentCount\":0,\"image\":{\"@id\":\"https:\/\/www.africa-press.net\/cotedivoire\/sports\/can-2023-depuis-san-pedro-mambe-salue-la-reussite-de-la-competition-du-point-de-vue-des-infrastructures#primaryimage\"},\"thumbnailUrl\":\"https:\/\/static.africa-press.net\/cote\/sites\/43\/2024\/01\/sm_1705583160.622335.jpg\",\"keywords\":[\"Africa Press\",\"Africa Press-C\u00f4te d'Ivoire\",\"CAN\",\"C\u00d4TE D'IVOIRE\",\"infrastructures\",\"San-Pedro\"],\"articleSection\":[\"Sports\",\"Toutes les actualit\u00e9s\"],\"inLanguage\":\"fr-FR\",\"potentialAction\":[{\"@type\":\"CommentAction\",\"name\":\"Comment\",\"target\":[\"https:\/\/www.africa-press.net\/cotedivoire\/sports\/can-2023-depuis-san-pedro-mambe-salue-la-reussite-de-la-competition-du-point-de-vue-des-infrastructures#respond\"]}]},{\"@type\":\"WebPage\",\"@id\":\"https:\/\/www.africa-press.net\/cotedivoire\/sports\/can-2023-depuis-san-pedro-mambe-salue-la-reussite-de-la-competition-du-point-de-vue-des-infrastructures\",\"url\":\"https:\/\/www.africa-press.net\/cotedivoire\/sports\/can-2023-depuis-san-pedro-mambe-salue-la-reussite-de-la-competition-du-point-de-vue-des-infrastructures\",\"name\":\"CAN 2023, depuis San-Pedro, Mamb\u00e9 salue la r\u00e9ussite de la comp\u00e9tition du point de vue des infrastructures - C\u00f4te d&#039;Ivoire\",\"isPartOf\":{\"@id\":\"https:\/\/www.africa-press.net\/cotedivoire\/#website\"},\"primaryImageOfPage\":{\"@id\":\"https:\/\/www.africa-press.net\/cotedivoire\/sports\/can-2023-depuis-san-pedro-mambe-salue-la-reussite-de-la-competition-du-point-de-vue-des-infrastructures#primaryimage\"},\"image\":{\"@id\":\"https:\/\/www.africa-press.net\/cotedivoire\/sports\/can-2023-depuis-san-pedro-mambe-salue-la-reussite-de-la-competition-du-point-de-vue-des-infrastructures#primaryimage\"},\"thumbnailUrl\":\"https:\/\/static.africa-press.net\/cote\/sites\/43\/2024\/01\/sm_1705583160.622335.jpg\",\"datePublished\":\"2024-01-18T15:28:43+00:00\",\"dateModified\":\"2024-01-19T14:11:58+00:00\",\"author\":{\"@id\":\"https:\/\/www.africa-press.net\/cotedivoire\/#\/schema\/person\/2b1cf3cd81a31e3cd26889ca66d677f1\"},\"description\":\"Le Premier ministre, ministre des Sports et du Cadre de Vie, Robert Beugre\u0301 Mambe\u0301, a de\u0301clare\u0301 le 17 janvier 2024 au st ...\",\"breadcrumb\":{\"@id\":\"https:\/\/www.africa-press.net\/cotedivoire\/sports\/can-2023-depuis-san-pedro-mambe-salue-la-reussite-de-la-competition-du-point-de-vue-des-infrastructures#breadcrumb\"},\"inLanguage\":\"fr-FR\",\"potentialAction\":[{\"@type\":\"ReadAction\",\"target\":[\"https:\/\/www.africa-press.net\/cotedivoire\/sports\/can-2023-depuis-san-pedro-mambe-salue-la-reussite-de-la-competition-du-point-de-vue-des-infrastructures\"]}]},{\"@type\":\"ImageObject\",\"inLanguage\":\"fr-FR\",\"@id\":\"https:\/\/www.africa-press.net\/cotedivoire\/sports\/can-2023-depuis-san-pedro-mambe-salue-la-reussite-de-la-competition-du-point-de-vue-des-infrastructures#primaryimage\",\"url\":\"https:\/\/static.africa-press.net\/cote\/sites\/43\/2024\/01\/sm_1705583160.622335.jpg\",\"contentUrl\":\"https:\/\/static.africa-press.net\/cote\/sites\/43\/2024\/01\/sm_1705583160.622335.jpg\",\"width\":720,\"height\":480,\"caption\":\"CAN 2023, depuis San-Pedro, Mamb\u00e9 salue la r\u00e9ussite de la comp\u00e9tition du point de vue des infrastructures\"},{\"@type\":\"BreadcrumbList\",\"@id\":\"https:\/\/www.africa-press.net\/cotedivoire\/sports\/can-2023-depuis-san-pedro-mambe-salue-la-reussite-de-la-competition-du-point-de-vue-des-infrastructures#breadcrumb\",\"itemListElement\":[{\"@type\":\"ListItem\",\"position\":1,\"name\":\"Accueil\",\"item\":\"https:\/\/www.africa-press.net\/cotedivoire\/\"},{\"@type\":\"ListItem\",\"position\":2,\"name\":\"CAN 2023, depuis San-Pedro, Mamb\u00e9 salue la r\u00e9ussite de la comp\u00e9tition du point de vue des infrastructures\"}]},{\"@type\":\"WebSite\",\"@id\":\"https:\/\/www.africa-press.net\/cotedivoire\/#website\",\"url\":\"https:\/\/www.africa-press.net\/cotedivoire\/\",\"name\":\"C\u00f4te d&#039;Ivoire\",\"description\":\"Just another Africa News Agency Sites site\",\"potentialAction\":[{\"@type\":\"SearchAction\",\"target\":{\"@type\":\"EntryPoint\",\"urlTemplate\":\"https:\/\/www.africa-press.net\/cotedivoire\/?s={search_term_string}\"},\"query-input\":{\"@type\":\"PropertyValueSpecification\",\"valueRequired\":true,\"valueName\":\"search_term_string\"}}],\"inLanguage\":\"fr-FR\"},{\"@type\":\"Person\",\"@id\":\"https:\/\/www.africa-press.net\/cotedivoire\/#\/schema\/person\/2b1cf3cd81a31e3cd26889ca66d677f1\",\"name\":\"cfeditorfr\"}]}<\/script>\n<!-- \/ Yoast SEO Premium plugin. -->","yoast_head_json":{"title":"CAN 2023, depuis San-Pedro, Mamb\u00e9 salue la r\u00e9ussite de la comp\u00e9tition du point de vue des infrastructures - C\u00f4te d&#039;Ivoire","description":"Le Premier ministre, ministre des Sports et du Cadre de Vie, Robert Beugre\u0301 Mambe\u0301, a de\u0301clare\u0301 le 17 janvier 2024 au st ...","robots":{"index":"index","follow":"follow","max-snippet":"max-snippet:-1","max-image-preview":"max-image-preview:large","max-video-preview":"max-video-preview:-1"},"canonical":"https:\/\/www.africa-press.net\/cotedivoire\/sports\/can-2023-depuis-san-pedro-mambe-salue-la-reussite-de-la-competition-du-point-de-vue-des-infrastructures","og_locale":"fr_FR","og_type":"article","og_title":"CAN 2023, depuis San-Pedro, Mamb\u00e9 salue la r\u00e9ussite de la comp\u00e9tition du point de vue des infrastructures","og_description":"Le Premier ministre, ministre des Sports et du Cadre de Vie, Robert Beugre\u0301 Mambe\u0301, a de\u0301clare\u0301 le 17 janvier 2024 au st ...","og_url":"https:\/\/www.africa-press.net\/cotedivoire\/sports\/can-2023-depuis-san-pedro-mambe-salue-la-reussite-de-la-competition-du-point-de-vue-des-infrastructures","og_site_name":"C\u00f4te d&#039;Ivoire","article_published_time":"2024-01-18T15:28:43+00:00","article_modified_time":"2024-01-19T14:11:58+00:00","og_image":[{"width":720,"height":480,"url":"https:\/\/static.africa-press.net\/cote\/sites\/43\/2024\/01\/sm_1705583160.622335.jpg","type":"image\/jpeg"}],"author":"cfeditorfr","twitter_card":"summary_large_image","twitter_misc":{"\u00c9crit par":"cfeditorfr","Dur\u00e9e de lecture estim\u00e9e":"3 minutes"},"schema":{"@context":"https:\/\/schema.org","@graph":[{"@type":"Article","@id":"https:\/\/www.africa-press.net\/cotedivoire\/sports\/can-2023-depuis-san-pedro-mambe-salue-la-reussite-de-la-competition-du-point-de-vue-des-infrastructures#article","isPartOf":{"@id":"https:\/\/www.africa-press.net\/cotedivoire\/sports\/can-2023-depuis-san-pedro-mambe-salue-la-reussite-de-la-competition-du-point-de-vue-des-infrastructures"},"author":{"name":"cfeditorfr","@id":"https:\/\/www.africa-press.net\/cotedivoire\/#\/schema\/person\/2b1cf3cd81a31e3cd26889ca66d677f1"},"headline":"CAN 2023, depuis San-Pedro, Mamb\u00e9 salue la r\u00e9ussite de la comp\u00e9tition du point de vue des infrastructures","datePublished":"2024-01-18T15:28:43+00:00","dateModified":"2024-01-19T14:11:58+00:00","mainEntityOfPage":{"@id":"https:\/\/www.africa-press.net\/cotedivoire\/sports\/can-2023-depuis-san-pedro-mambe-salue-la-reussite-de-la-competition-du-point-de-vue-des-infrastructures"},"wordCount":430,"commentCount":0,"image":{"@id":"https:\/\/www.africa-press.net\/cotedivoire\/sports\/can-2023-depuis-san-pedro-mambe-salue-la-reussite-de-la-competition-du-point-de-vue-des-infrastructures#primaryimage"},"thumbnailUrl":"https:\/\/static.africa-press.net\/cote\/sites\/43\/2024\/01\/sm_1705583160.622335.jpg","keywords":["Africa Press","Africa Press-C\u00f4te d'Ivoire","CAN","C\u00d4TE D'IVOIRE","infrastructures","San-Pedro"],"articleSection":["Sports","Toutes les actualit\u00e9s"],"inLanguage":"fr-FR","potentialAction":[{"@type":"CommentAction","name":"Comment","target":["https:\/\/www.africa-press.net\/cotedivoire\/sports\/can-2023-depuis-san-pedro-mambe-salue-la-reussite-de-la-competition-du-point-de-vue-des-infrastructures#respond"]}]},{"@type":"WebPage","@id":"https:\/\/www.africa-press.net\/cotedivoire\/sports\/can-2023-depuis-san-pedro-mambe-salue-la-reussite-de-la-competition-du-point-de-vue-des-infrastructures","url":"https:\/\/www.africa-press.net\/cotedivoire\/sports\/can-2023-depuis-san-pedro-mambe-salue-la-reussite-de-la-competition-du-point-de-vue-des-infrastructures","name":"CAN 2023, depuis San-Pedro, Mamb\u00e9 salue la r\u00e9ussite de la comp\u00e9tition du point de vue des infrastructures - C\u00f4te d&#039;Ivoire","isPartOf":{"@id":"https:\/\/www.africa-press.net\/cotedivoire\/#website"},"primaryImageOfPage":{"@id":"https:\/\/www.africa-press.net\/cotedivoire\/sports\/can-2023-depuis-san-pedro-mambe-salue-la-reussite-de-la-competition-du-point-de-vue-des-infrastructures#primaryimage"},"image":{"@id":"https:\/\/www.africa-press.net\/cotedivoire\/sports\/can-2023-depuis-san-pedro-mambe-salue-la-reussite-de-la-competition-du-point-de-vue-des-infrastructures#primaryimage"},"thumbnailUrl":"https:\/\/static.africa-press.net\/cote\/sites\/43\/2024\/01\/sm_1705583160.622335.jpg","datePublished":"2024-01-18T15:28:43+00:00","dateModified":"2024-01-19T14:11:58+00:00","author":{"@id":"https:\/\/www.africa-press.net\/cotedivoire\/#\/schema\/person\/2b1cf3cd81a31e3cd26889ca66d677f1"},"description":"Le Premier ministre, ministre des Sports et du Cadre de Vie, Robert Beugre\u0301 Mambe\u0301, a de\u0301clare\u0301 le 17 janvier 2024 au st ...","breadcrumb":{"@id":"https:\/\/www.africa-press.net\/cotedivoire\/sports\/can-2023-depuis-san-pedro-mambe-salue-la-reussite-de-la-competition-du-point-de-vue-des-infrastructures#breadcrumb"},"inLanguage":"fr-FR","potentialAction":[{"@type":"ReadAction","target":["https:\/\/www.africa-press.net\/cotedivoire\/sports\/can-2023-depuis-san-pedro-mambe-salue-la-reussite-de-la-competition-du-point-de-vue-des-infrastructures"]}]},{"@type":"ImageObject","inLanguage":"fr-FR","@id":"https:\/\/www.africa-press.net\/cotedivoire\/sports\/can-2023-depuis-san-pedro-mambe-salue-la-reussite-de-la-competition-du-point-de-vue-des-infrastructures#primaryimage","url":"https:\/\/static.africa-press.net\/cote\/sites\/43\/2024\/01\/sm_1705583160.622335.jpg","contentUrl":"https:\/\/static.africa-press.net\/cote\/sites\/43\/2024\/01\/sm_1705583160.622335.jpg","width":720,"height":480,"caption":"CAN 2023, depuis San-Pedro, Mamb\u00e9 salue la r\u00e9ussite de la comp\u00e9tition du point de vue des infrastructures"},{"@type":"BreadcrumbList","@id":"https:\/\/www.africa-press.net\/cotedivoire\/sports\/can-2023-depuis-san-pedro-mambe-salue-la-reussite-de-la-competition-du-point-de-vue-des-infrastructures#breadcrumb","itemListElement":[{"@type":"ListItem","position":1,"name":"Accueil","item":"https:\/\/www.africa-press.net\/cotedivoire\/"},{"@type":"ListItem","position":2,"name":"CAN 2023, depuis San-Pedro, Mamb\u00e9 salue la r\u00e9ussite de la comp\u00e9tition du point de vue des infrastructures"}]},{"@type":"WebSite","@id":"https:\/\/www.africa-press.net\/cotedivoire\/#website","url":"https:\/\/www.africa-press.net\/cotedivoire\/","name":"C\u00f4te d&#039;Ivoire","description":"Just another Africa News Agency Sites site","potentialAction":[{"@type":"SearchAction","target":{"@type":"EntryPoint","urlTemplate":"https:\/\/www.africa-press.net\/cotedivoire\/?s={search_term_string}"},"query-input":{"@type":"PropertyValueSpecification","valueRequired":true,"valueName":"search_term_string"}}],"inLanguage":"fr-FR"},{"@type":"Person","@id":"https:\/\/www.africa-press.net\/cotedivoire\/#\/schema\/person\/2b1cf3cd81a31e3cd26889ca66d677f1","name":"cfeditorfr"}]}},"_links":{"self":[{"href":"https:\/\/www.africa-press.net\/cotedivoire\/wp-json\/wp\/v2\/posts\/73478","targetHints":{"allow":["GET"]}}],"collection":[{"href":"https:\/\/www.africa-press.net\/cotedivoire\/wp-json\/wp\/v2\/posts"}],"about":[{"href":"https:\/\/www.africa-press.net\/cotedivoire\/wp-json\/wp\/v2\/types\/post"}],"author":[{"embeddable":true,"href":"https:\/\/www.africa-press.net\/cotedivoire\/wp-json\/wp\/v2\/users\/82"}],"replies":[{"embeddable":true,"href":"https:\/\/www.africa-press.net\/cotedivoire\/wp-json\/wp\/v2\/comments?post=73478"}],"version-history":[{"count":0,"href":"https:\/\/www.africa-press.net\/cotedivoire\/wp-json\/wp\/v2\/posts\/73478\/revisions"}],"wp:featuredmedia":[{"embeddable":true,"href":"https:\/\/www.africa-press.net\/cotedivoire\/wp-json\/wp\/v2\/media\/73477"}],"wp:attachment":[{"href":"https:\/\/www.africa-press.net\/cotedivoire\/wp-json\/wp\/v2\/media?parent=73478"}],"wp:term":[{"taxonomy":"category","embeddable":true,"href":"https:\/\/www.africa-press.net\/cotedivoire\/wp-json\/wp\/v2\/categories?post=73478"},{"taxonomy":"post_tag","embeddable":true,"href":"https:\/\/www.africa-press.net\/cotedivoire\/wp-json\/wp\/v2\/tags?post=73478"}],"curies":[{"name":"wp","href":"https:\/\/api.w.org\/{rel}","templated":true}]}}