{"id":73744,"date":"2024-01-22T16:14:17","date_gmt":"2024-01-22T16:14:17","guid":{"rendered":"https:\/\/www.africa-press.net\/cotedivoire\/politique\/assemblee-nationale-adama-bictogo-ouvre-la-1ere-session-ordinaire-de-lannee-avec-15-projets-de-loi-sur-les-bureaux-des-deputes"},"modified":"2024-01-24T19:44:19","modified_gmt":"2024-01-24T19:44:19","slug":"assemblee-nationale-adama-bictogo-ouvre-la-1ere-session-ordinaire-de-lannee-avec-15-projets-de-loi-sur-les-bureaux-des-deputes","status":"publish","type":"post","link":"https:\/\/www.africa-press.net\/cotedivoire\/politique\/assemblee-nationale-adama-bictogo-ouvre-la-1ere-session-ordinaire-de-lannee-avec-15-projets-de-loi-sur-les-bureaux-des-deputes","title":{"rendered":"Assembl\u00e9e Nationale, Adama Bictogo ouvre la 1ere session ordinaire de l&rsquo;ann\u00e9e avec 15 projets de loi sur les bureaux des d\u00e9put\u00e9s"},"content":{"rendered":"<p><span style=\"color: #ff6600\"><strong>Africa-Press &#8211; C\u00f4te d&rsquo;Ivoire. <\/strong><\/span>Le pre\u0301sident de l\u2019Assemble\u0301e nationale, Adama Bictogo, a ouvert, lundi 22 janvier 2024, la 1e\u0300re session parlementaire ordinaire de l\u2019anne\u0301e. Conforme\u0301ment a\u0300 l\u2019article 94 aline\u0301a 2 de la Constitution telle que modifie\u0301e le 25 juillet 2023: \u00ab la premie\u0300re session de l\u2019Assemble\u0301e nationale commence le troisie\u0300me lundi ouvrable du mois de janvier \u00bb.<\/p>\n<p>Cette ce\u0301re\u0301monie solennelle a e\u0301te\u0301 rehausse\u0301e par la pre\u0301sence de plusieurs autorite\u0301s de l\u2019E\u0301tat telles que M. Gilbert Kafana Kone\u0301, Haut-Repre\u0301sentant du pre\u0301sident de la Re\u0301publique, des pre\u0301sidents des institutions, des membres du Gouvernement, des Ambassadeurs et Chefs de missions diplomatiques accre\u0301dite\u0301s en Co\u0302te d\u2019Ivoire et de plusieurs chefs traditionnels.<\/p>\n<p>Invite\u0301 spe\u0301cial des de\u0301pute\u0301s ivoiriens, Dansa Kourouma, pre\u0301sident du Conseil national de transition de la Re\u0301publique s\u0153ur de Guine\u0301e, a e\u0301te\u0301 chaleureusement acclame\u0301 lors de cette se\u0301ance d&rsquo;ouverture.<\/p>\n<p>E\u0301voquant le contexte inflationniste, le pre\u0301sident de l\u2019Assemble\u0301e nationale, a souligne\u0301 les efforts du Gouvernement ivoirien a\u0300 subventionner les prix de certaines denre\u0301es de base face a\u0300 la cherte\u0301 de la vie. Il a annonce\u0301 une baisse de 2.7% de l\u2019inflation en 2024 et le maintien du taux de croissance e\u0301conomique a\u0300 7 %, en raison de l\u2019entre\u0301e en production du gisement gazier et pe\u0301trolier \u00ab Baleine \u00bb de\u0301couvert en 2021-2022, en lien avec Plan National de De\u0301veloppement (PND) 2021-2025.<\/p>\n<p>Le pre\u0301sident Adama Bictogo s\u2019est re\u0301joui de la tenue en Co\u0302te d\u2019Ivoire de la 34e\u0300me e\u0301dition de la Coupe d\u2019Afrique des Nations (CAN) de football, de\u0301marre\u0301e le samedi 13 janvier 2024. \u00ab C\u2019est donc l\u2019occasion pour moi de renouveler mon souhait de voir la repre\u0301sentation nationale mobilise\u0301e autour de notre CAN et de notre e\u0301quipe nationale \u00bb, a-t-il plaide\u0301.<\/p>\n<p>Le pre\u0301sident de l\u2019Assemble\u0301e nationale a salue\u0301 les efforts consentis par le Gouvernement pour favoriser l\u2019insertion professionnelle des jeunes et combattre l\u2019orpaillage clandestin.<\/p>\n<p>Par ailleurs, M. Adama Bictogo a annonce\u0301 que la Co\u0302te d\u2019Ivoire abritera au mois de mars 2024, la 18e\u0300me Confe\u0301rence de l\u2019Union des Parlements membres de l\u2019organisation de la coope\u0301ration islamique (UPCI). A l\u2019issue de cette confe\u0301rence, conforme\u0301ment au principe de rotation qui pre\u0301vaut au sein de l\u2019UPCI, l\u2019Assemble\u0301e nationale de Co\u0302te d\u2019Ivoire assurera, pour un an, la pre\u0301sidence de cette union interparlementaire.<\/p>\n<p>Cette premie\u0300re session ordinaire de l\u2019anne\u0301e 2024 s\u2019ouvre au niveau le\u0301gislatif avec quinze projets de loi de\u0301pose\u0301s sur le Bureau de l\u2019Assemble\u0301e nationale portant sur diverses proble\u0301matiques socie\u0301tales majeures comme celles relatives au foncier urbain, a\u0300 la protection sociale, au code de de\u0301ontologie du personnel me\u0301dical, a\u0300 l\u2019extradition, a\u0300 l\u2019environnement et a\u0300 la gestion de la dette.<\/p>\n<p>Parmi les prochains textes a\u0300 venir, figurent notamment, le projet de loi modifiant le code de l\u2019urbanisme et du domaine foncier urbain, le projet de loi portant politique nationale d\u2019endettement et de gestion de la dette qui vise a\u0300 mieux encadrer l\u2019endettement et a\u0300 honorer les engagements financiers inte\u0301rieurs et exte\u0301rieurs de la Co\u0302te d\u2019Ivoire ; le projet de loi autorisant le pre\u0301sident de la Re\u0301publique a\u0300 ratifier le protocole facultatif se rapportant a\u0300 la convention relative aux droits des personnes handicape\u0301es, adopte\u0301e le 13 de\u0301cembre 2006 a\u0300 New York qui garantit l\u2019e\u0301galite\u0301 et la non-discrimination devant la loi des personnes vulne\u0301rables dans la socie\u0301te\u0301.<\/p>\n<p>De me\u0302me, et relativement a\u0300 la protection de la faune et de la flore, un projet de loi portant protection de l\u2019e\u0301le\u0301phant en Co\u0302te d\u2019Ivoire est soumis a\u0300 l\u2019Assemble\u0301e Nationale. E\u0301galement, un projet de loi relatif a\u0300 l\u2019extradition dont l&rsquo;objectif est de mettre en place un nouveau cadre le\u0301gal spe\u0301cifique a\u0300 la Co\u0302te d&rsquo;Ivoire pour ge\u0301rer les demandes d&rsquo;extradition entrantes et sortantes.<\/p>\n<p>Il importe aussi de mentionner les deux projets de loi instituant des codes de de\u0301ontologie et exercice de la profession d\u2019infirmier, de sage-femme et de mai\u0308euticien en Co\u0302te d\u2019Ivoire. Le pre\u0301sident de la Chambre basse du parlement ivoirien, M. Adama Bictogo, a conclu ses propos en re\u0301affirmant a\u0300 ses colle\u0300gues de\u0301pute\u0301s son engagement a\u0300 faire de l\u2019Assemble\u0301e nationale un espace de travail convivial, moderne et un lieu de dialogue constant conforme\u0301ment au cre\u0301do de la notion de \u00ab famille parlementaire \u00bb.<\/p>\n<p><strong>Pour plus d&rsquo;informations et d&rsquo;analyses sur la <a href=\"https:\/\/www.africa-press.net\/cotedivoire\">C\u00f4te d&rsquo;Ivoire<\/a>, suivez <a href=\"https:\/\/www.africa-press.net\/\">Africa-Press<\/a><\/strong><\/p>\n","protected":false},"excerpt":{"rendered":"<p>Africa-Press &#8211; C\u00f4te d&rsquo;Ivoire. Le pre\u0301sident de l\u2019Assemble\u0301e nationale, Adama Bictogo, a ouvert, lundi 22 janvier 2024, la 1e\u0300re session parlementaire ordinaire de l\u2019anne\u0301e. Conforme\u0301ment a\u0300 l\u2019article 94 aline\u0301a 2 de la Constitution telle que modifie\u0301e le 25 juillet 2023: \u00ab la premie\u0300re session de l\u2019Assemble\u0301e nationale commence le troisie\u0300me lundi ouvrable du mois de [&hellip;]<\/p>\n","protected":false},"author":82,"featured_media":73743,"comment_status":"open","ping_status":"closed","sticky":false,"template":"","format":"standard","meta":{"footnotes":""},"categories":[2,10],"tags":[56,63,2188,1930,1970,29,7872],"class_list":["post-73744","post","type-post","status-publish","format-standard","has-post-thumbnail","hentry","category-politique","category-toutes-les-actualites","tag-africa-press","tag-africa-press-cote-divoire","tag-assemblee","tag-bictogo","tag-bureau","tag-cote-divoire","tag-lois"],"yoast_head":"<!-- This site is optimized with the Yoast SEO Premium plugin v26.1 (Yoast SEO v27.0) - https:\/\/yoast.com\/product\/yoast-seo-premium-wordpress\/ -->\n<title>Assembl\u00e9e Nationale, Adama Bictogo ouvre la 1ere session ordinaire de l&#039;ann\u00e9e avec 15 projets de loi sur les bureaux des d\u00e9put\u00e9s - C\u00f4te d&#039;Ivoire<\/title>\n<meta name=\"description\" content=\"Le pre\u0301sident de l\u2019Assemble\u0301e nationale, Adama Bictogo, a ouvert, lundi 22 janvier 2024, la 1e\u0300re session parlementaire ...\" \/>\n<meta name=\"robots\" content=\"index, follow, max-snippet:-1, max-image-preview:large, max-video-preview:-1\" \/>\n<link rel=\"canonical\" href=\"https:\/\/www.africa-press.net\/cotedivoire\/politique\/assemblee-nationale-adama-bictogo-ouvre-la-1ere-session-ordinaire-de-lannee-avec-15-projets-de-loi-sur-les-bureaux-des-deputes\" \/>\n<meta property=\"og:locale\" content=\"fr_FR\" \/>\n<meta property=\"og:type\" content=\"article\" \/>\n<meta property=\"og:title\" content=\"Assembl\u00e9e Nationale, Adama Bictogo ouvre la 1ere session ordinaire de l&#039;ann\u00e9e avec 15 projets de loi sur les bureaux des d\u00e9put\u00e9s\" \/>\n<meta property=\"og:description\" content=\"Le pre\u0301sident de l\u2019Assemble\u0301e nationale, Adama Bictogo, a ouvert, lundi 22 janvier 2024, la 1e\u0300re session parlementaire ...\" \/>\n<meta property=\"og:url\" content=\"https:\/\/www.africa-press.net\/cotedivoire\/politique\/assemblee-nationale-adama-bictogo-ouvre-la-1ere-session-ordinaire-de-lannee-avec-15-projets-de-loi-sur-les-bureaux-des-deputes\" \/>\n<meta property=\"og:site_name\" content=\"C\u00f4te d&#039;Ivoire\" \/>\n<meta property=\"article:published_time\" content=\"2024-01-22T16:14:17+00:00\" \/>\n<meta property=\"article:modified_time\" content=\"2024-01-24T19:44:19+00:00\" \/>\n<meta property=\"og:image\" content=\"https:\/\/static.africa-press.net\/cote\/sites\/43\/2024\/01\/sm_1705928723.414492.jpg\" \/>\n\t<meta property=\"og:image:width\" content=\"720\" \/>\n\t<meta property=\"og:image:height\" content=\"480\" \/>\n\t<meta property=\"og:image:type\" content=\"image\/jpeg\" \/>\n<meta name=\"author\" content=\"cfeditorfr\" \/>\n<meta name=\"twitter:card\" content=\"summary_large_image\" \/>\n<meta name=\"twitter:label1\" content=\"\u00c9crit par\" \/>\n\t<meta name=\"twitter:data1\" content=\"cfeditorfr\" \/>\n\t<meta name=\"twitter:label2\" content=\"Dur\u00e9e de lecture estim\u00e9e\" \/>\n\t<meta name=\"twitter:data2\" content=\"4 minutes\" \/>\n<script type=\"application\/ld+json\" class=\"yoast-schema-graph\">{\"@context\":\"https:\/\/schema.org\",\"@graph\":[{\"@type\":\"Article\",\"@id\":\"https:\/\/www.africa-press.net\/cotedivoire\/politique\/assemblee-nationale-adama-bictogo-ouvre-la-1ere-session-ordinaire-de-lannee-avec-15-projets-de-loi-sur-les-bureaux-des-deputes#article\",\"isPartOf\":{\"@id\":\"https:\/\/www.africa-press.net\/cotedivoire\/politique\/assemblee-nationale-adama-bictogo-ouvre-la-1ere-session-ordinaire-de-lannee-avec-15-projets-de-loi-sur-les-bureaux-des-deputes\"},\"author\":{\"name\":\"cfeditorfr\",\"@id\":\"https:\/\/www.africa-press.net\/cotedivoire\/#\/schema\/person\/2b1cf3cd81a31e3cd26889ca66d677f1\"},\"headline\":\"Assembl\u00e9e Nationale, Adama Bictogo ouvre la 1ere session ordinaire de l&rsquo;ann\u00e9e avec 15 projets de loi sur les bureaux des d\u00e9put\u00e9s\",\"datePublished\":\"2024-01-22T16:14:17+00:00\",\"dateModified\":\"2024-01-24T19:44:19+00:00\",\"mainEntityOfPage\":{\"@id\":\"https:\/\/www.africa-press.net\/cotedivoire\/politique\/assemblee-nationale-adama-bictogo-ouvre-la-1ere-session-ordinaire-de-lannee-avec-15-projets-de-loi-sur-les-bureaux-des-deputes\"},\"wordCount\":833,\"commentCount\":0,\"image\":{\"@id\":\"https:\/\/www.africa-press.net\/cotedivoire\/politique\/assemblee-nationale-adama-bictogo-ouvre-la-1ere-session-ordinaire-de-lannee-avec-15-projets-de-loi-sur-les-bureaux-des-deputes#primaryimage\"},\"thumbnailUrl\":\"https:\/\/static.africa-press.net\/cote\/sites\/43\/2024\/01\/sm_1705928723.414492.jpg\",\"keywords\":[\"Africa Press\",\"Africa Press-C\u00f4te d'Ivoire\",\"Assembl\u00e9e\",\"Bictogo\",\"bureau\",\"C\u00d4TE D'IVOIRE\",\"lois\"],\"articleSection\":[\"Politique\",\"Toutes les actualit\u00e9s\"],\"inLanguage\":\"fr-FR\",\"potentialAction\":[{\"@type\":\"CommentAction\",\"name\":\"Comment\",\"target\":[\"https:\/\/www.africa-press.net\/cotedivoire\/politique\/assemblee-nationale-adama-bictogo-ouvre-la-1ere-session-ordinaire-de-lannee-avec-15-projets-de-loi-sur-les-bureaux-des-deputes#respond\"]}]},{\"@type\":\"WebPage\",\"@id\":\"https:\/\/www.africa-press.net\/cotedivoire\/politique\/assemblee-nationale-adama-bictogo-ouvre-la-1ere-session-ordinaire-de-lannee-avec-15-projets-de-loi-sur-les-bureaux-des-deputes\",\"url\":\"https:\/\/www.africa-press.net\/cotedivoire\/politique\/assemblee-nationale-adama-bictogo-ouvre-la-1ere-session-ordinaire-de-lannee-avec-15-projets-de-loi-sur-les-bureaux-des-deputes\",\"name\":\"Assembl\u00e9e Nationale, Adama Bictogo ouvre la 1ere session ordinaire de l'ann\u00e9e avec 15 projets de loi sur les bureaux des d\u00e9put\u00e9s - C\u00f4te d&#039;Ivoire\",\"isPartOf\":{\"@id\":\"https:\/\/www.africa-press.net\/cotedivoire\/#website\"},\"primaryImageOfPage\":{\"@id\":\"https:\/\/www.africa-press.net\/cotedivoire\/politique\/assemblee-nationale-adama-bictogo-ouvre-la-1ere-session-ordinaire-de-lannee-avec-15-projets-de-loi-sur-les-bureaux-des-deputes#primaryimage\"},\"image\":{\"@id\":\"https:\/\/www.africa-press.net\/cotedivoire\/politique\/assemblee-nationale-adama-bictogo-ouvre-la-1ere-session-ordinaire-de-lannee-avec-15-projets-de-loi-sur-les-bureaux-des-deputes#primaryimage\"},\"thumbnailUrl\":\"https:\/\/static.africa-press.net\/cote\/sites\/43\/2024\/01\/sm_1705928723.414492.jpg\",\"datePublished\":\"2024-01-22T16:14:17+00:00\",\"dateModified\":\"2024-01-24T19:44:19+00:00\",\"author\":{\"@id\":\"https:\/\/www.africa-press.net\/cotedivoire\/#\/schema\/person\/2b1cf3cd81a31e3cd26889ca66d677f1\"},\"description\":\"Le pre\u0301sident de l\u2019Assemble\u0301e nationale, Adama Bictogo, a ouvert, lundi 22 janvier 2024, la 1e\u0300re session parlementaire ...\",\"breadcrumb\":{\"@id\":\"https:\/\/www.africa-press.net\/cotedivoire\/politique\/assemblee-nationale-adama-bictogo-ouvre-la-1ere-session-ordinaire-de-lannee-avec-15-projets-de-loi-sur-les-bureaux-des-deputes#breadcrumb\"},\"inLanguage\":\"fr-FR\",\"potentialAction\":[{\"@type\":\"ReadAction\",\"target\":[\"https:\/\/www.africa-press.net\/cotedivoire\/politique\/assemblee-nationale-adama-bictogo-ouvre-la-1ere-session-ordinaire-de-lannee-avec-15-projets-de-loi-sur-les-bureaux-des-deputes\"]}]},{\"@type\":\"ImageObject\",\"inLanguage\":\"fr-FR\",\"@id\":\"https:\/\/www.africa-press.net\/cotedivoire\/politique\/assemblee-nationale-adama-bictogo-ouvre-la-1ere-session-ordinaire-de-lannee-avec-15-projets-de-loi-sur-les-bureaux-des-deputes#primaryimage\",\"url\":\"https:\/\/static.africa-press.net\/cote\/sites\/43\/2024\/01\/sm_1705928723.414492.jpg\",\"contentUrl\":\"https:\/\/static.africa-press.net\/cote\/sites\/43\/2024\/01\/sm_1705928723.414492.jpg\",\"width\":720,\"height\":480,\"caption\":\"Assembl\u00e9e Nationale, Adama Bictogo ouvre la 1ere session ordinaire de l'ann\u00e9e avec 15 projets de loi sur les bureaux des d\u00e9put\u00e9s\"},{\"@type\":\"BreadcrumbList\",\"@id\":\"https:\/\/www.africa-press.net\/cotedivoire\/politique\/assemblee-nationale-adama-bictogo-ouvre-la-1ere-session-ordinaire-de-lannee-avec-15-projets-de-loi-sur-les-bureaux-des-deputes#breadcrumb\",\"itemListElement\":[{\"@type\":\"ListItem\",\"position\":1,\"name\":\"Accueil\",\"item\":\"https:\/\/www.africa-press.net\/cotedivoire\/\"},{\"@type\":\"ListItem\",\"position\":2,\"name\":\"Assembl\u00e9e Nationale, Adama Bictogo ouvre la 1ere session ordinaire de l&#8217;ann\u00e9e avec 15 projets de loi sur les bureaux des d\u00e9put\u00e9s\"}]},{\"@type\":\"WebSite\",\"@id\":\"https:\/\/www.africa-press.net\/cotedivoire\/#website\",\"url\":\"https:\/\/www.africa-press.net\/cotedivoire\/\",\"name\":\"C\u00f4te d&#039;Ivoire\",\"description\":\"Just another Africa News Agency Sites site\",\"potentialAction\":[{\"@type\":\"SearchAction\",\"target\":{\"@type\":\"EntryPoint\",\"urlTemplate\":\"https:\/\/www.africa-press.net\/cotedivoire\/?s={search_term_string}\"},\"query-input\":{\"@type\":\"PropertyValueSpecification\",\"valueRequired\":true,\"valueName\":\"search_term_string\"}}],\"inLanguage\":\"fr-FR\"},{\"@type\":\"Person\",\"@id\":\"https:\/\/www.africa-press.net\/cotedivoire\/#\/schema\/person\/2b1cf3cd81a31e3cd26889ca66d677f1\",\"name\":\"cfeditorfr\"}]}<\/script>\n<!-- \/ Yoast SEO Premium plugin. -->","yoast_head_json":{"title":"Assembl\u00e9e Nationale, Adama Bictogo ouvre la 1ere session ordinaire de l'ann\u00e9e avec 15 projets de loi sur les bureaux des d\u00e9put\u00e9s - C\u00f4te d&#039;Ivoire","description":"Le pre\u0301sident de l\u2019Assemble\u0301e nationale, Adama Bictogo, a ouvert, lundi 22 janvier 2024, la 1e\u0300re session parlementaire ...","robots":{"index":"index","follow":"follow","max-snippet":"max-snippet:-1","max-image-preview":"max-image-preview:large","max-video-preview":"max-video-preview:-1"},"canonical":"https:\/\/www.africa-press.net\/cotedivoire\/politique\/assemblee-nationale-adama-bictogo-ouvre-la-1ere-session-ordinaire-de-lannee-avec-15-projets-de-loi-sur-les-bureaux-des-deputes","og_locale":"fr_FR","og_type":"article","og_title":"Assembl\u00e9e Nationale, Adama Bictogo ouvre la 1ere session ordinaire de l'ann\u00e9e avec 15 projets de loi sur les bureaux des d\u00e9put\u00e9s","og_description":"Le pre\u0301sident de l\u2019Assemble\u0301e nationale, Adama Bictogo, a ouvert, lundi 22 janvier 2024, la 1e\u0300re session parlementaire ...","og_url":"https:\/\/www.africa-press.net\/cotedivoire\/politique\/assemblee-nationale-adama-bictogo-ouvre-la-1ere-session-ordinaire-de-lannee-avec-15-projets-de-loi-sur-les-bureaux-des-deputes","og_site_name":"C\u00f4te d&#039;Ivoire","article_published_time":"2024-01-22T16:14:17+00:00","article_modified_time":"2024-01-24T19:44:19+00:00","og_image":[{"width":720,"height":480,"url":"https:\/\/static.africa-press.net\/cote\/sites\/43\/2024\/01\/sm_1705928723.414492.jpg","type":"image\/jpeg"}],"author":"cfeditorfr","twitter_card":"summary_large_image","twitter_misc":{"\u00c9crit par":"cfeditorfr","Dur\u00e9e de lecture estim\u00e9e":"4 minutes"},"schema":{"@context":"https:\/\/schema.org","@graph":[{"@type":"Article","@id":"https:\/\/www.africa-press.net\/cotedivoire\/politique\/assemblee-nationale-adama-bictogo-ouvre-la-1ere-session-ordinaire-de-lannee-avec-15-projets-de-loi-sur-les-bureaux-des-deputes#article","isPartOf":{"@id":"https:\/\/www.africa-press.net\/cotedivoire\/politique\/assemblee-nationale-adama-bictogo-ouvre-la-1ere-session-ordinaire-de-lannee-avec-15-projets-de-loi-sur-les-bureaux-des-deputes"},"author":{"name":"cfeditorfr","@id":"https:\/\/www.africa-press.net\/cotedivoire\/#\/schema\/person\/2b1cf3cd81a31e3cd26889ca66d677f1"},"headline":"Assembl\u00e9e Nationale, Adama Bictogo ouvre la 1ere session ordinaire de l&rsquo;ann\u00e9e avec 15 projets de loi sur les bureaux des d\u00e9put\u00e9s","datePublished":"2024-01-22T16:14:17+00:00","dateModified":"2024-01-24T19:44:19+00:00","mainEntityOfPage":{"@id":"https:\/\/www.africa-press.net\/cotedivoire\/politique\/assemblee-nationale-adama-bictogo-ouvre-la-1ere-session-ordinaire-de-lannee-avec-15-projets-de-loi-sur-les-bureaux-des-deputes"},"wordCount":833,"commentCount":0,"image":{"@id":"https:\/\/www.africa-press.net\/cotedivoire\/politique\/assemblee-nationale-adama-bictogo-ouvre-la-1ere-session-ordinaire-de-lannee-avec-15-projets-de-loi-sur-les-bureaux-des-deputes#primaryimage"},"thumbnailUrl":"https:\/\/static.africa-press.net\/cote\/sites\/43\/2024\/01\/sm_1705928723.414492.jpg","keywords":["Africa Press","Africa Press-C\u00f4te d'Ivoire","Assembl\u00e9e","Bictogo","bureau","C\u00d4TE D'IVOIRE","lois"],"articleSection":["Politique","Toutes les actualit\u00e9s"],"inLanguage":"fr-FR","potentialAction":[{"@type":"CommentAction","name":"Comment","target":["https:\/\/www.africa-press.net\/cotedivoire\/politique\/assemblee-nationale-adama-bictogo-ouvre-la-1ere-session-ordinaire-de-lannee-avec-15-projets-de-loi-sur-les-bureaux-des-deputes#respond"]}]},{"@type":"WebPage","@id":"https:\/\/www.africa-press.net\/cotedivoire\/politique\/assemblee-nationale-adama-bictogo-ouvre-la-1ere-session-ordinaire-de-lannee-avec-15-projets-de-loi-sur-les-bureaux-des-deputes","url":"https:\/\/www.africa-press.net\/cotedivoire\/politique\/assemblee-nationale-adama-bictogo-ouvre-la-1ere-session-ordinaire-de-lannee-avec-15-projets-de-loi-sur-les-bureaux-des-deputes","name":"Assembl\u00e9e Nationale, Adama Bictogo ouvre la 1ere session ordinaire de l'ann\u00e9e avec 15 projets de loi sur les bureaux des d\u00e9put\u00e9s - C\u00f4te d&#039;Ivoire","isPartOf":{"@id":"https:\/\/www.africa-press.net\/cotedivoire\/#website"},"primaryImageOfPage":{"@id":"https:\/\/www.africa-press.net\/cotedivoire\/politique\/assemblee-nationale-adama-bictogo-ouvre-la-1ere-session-ordinaire-de-lannee-avec-15-projets-de-loi-sur-les-bureaux-des-deputes#primaryimage"},"image":{"@id":"https:\/\/www.africa-press.net\/cotedivoire\/politique\/assemblee-nationale-adama-bictogo-ouvre-la-1ere-session-ordinaire-de-lannee-avec-15-projets-de-loi-sur-les-bureaux-des-deputes#primaryimage"},"thumbnailUrl":"https:\/\/static.africa-press.net\/cote\/sites\/43\/2024\/01\/sm_1705928723.414492.jpg","datePublished":"2024-01-22T16:14:17+00:00","dateModified":"2024-01-24T19:44:19+00:00","author":{"@id":"https:\/\/www.africa-press.net\/cotedivoire\/#\/schema\/person\/2b1cf3cd81a31e3cd26889ca66d677f1"},"description":"Le pre\u0301sident de l\u2019Assemble\u0301e nationale, Adama Bictogo, a ouvert, lundi 22 janvier 2024, la 1e\u0300re session parlementaire ...","breadcrumb":{"@id":"https:\/\/www.africa-press.net\/cotedivoire\/politique\/assemblee-nationale-adama-bictogo-ouvre-la-1ere-session-ordinaire-de-lannee-avec-15-projets-de-loi-sur-les-bureaux-des-deputes#breadcrumb"},"inLanguage":"fr-FR","potentialAction":[{"@type":"ReadAction","target":["https:\/\/www.africa-press.net\/cotedivoire\/politique\/assemblee-nationale-adama-bictogo-ouvre-la-1ere-session-ordinaire-de-lannee-avec-15-projets-de-loi-sur-les-bureaux-des-deputes"]}]},{"@type":"ImageObject","inLanguage":"fr-FR","@id":"https:\/\/www.africa-press.net\/cotedivoire\/politique\/assemblee-nationale-adama-bictogo-ouvre-la-1ere-session-ordinaire-de-lannee-avec-15-projets-de-loi-sur-les-bureaux-des-deputes#primaryimage","url":"https:\/\/static.africa-press.net\/cote\/sites\/43\/2024\/01\/sm_1705928723.414492.jpg","contentUrl":"https:\/\/static.africa-press.net\/cote\/sites\/43\/2024\/01\/sm_1705928723.414492.jpg","width":720,"height":480,"caption":"Assembl\u00e9e Nationale, Adama Bictogo ouvre la 1ere session ordinaire de l'ann\u00e9e avec 15 projets de loi sur les bureaux des d\u00e9put\u00e9s"},{"@type":"BreadcrumbList","@id":"https:\/\/www.africa-press.net\/cotedivoire\/politique\/assemblee-nationale-adama-bictogo-ouvre-la-1ere-session-ordinaire-de-lannee-avec-15-projets-de-loi-sur-les-bureaux-des-deputes#breadcrumb","itemListElement":[{"@type":"ListItem","position":1,"name":"Accueil","item":"https:\/\/www.africa-press.net\/cotedivoire\/"},{"@type":"ListItem","position":2,"name":"Assembl\u00e9e Nationale, Adama Bictogo ouvre la 1ere session ordinaire de l&#8217;ann\u00e9e avec 15 projets de loi sur les bureaux des d\u00e9put\u00e9s"}]},{"@type":"WebSite","@id":"https:\/\/www.africa-press.net\/cotedivoire\/#website","url":"https:\/\/www.africa-press.net\/cotedivoire\/","name":"C\u00f4te d&#039;Ivoire","description":"Just another Africa News Agency Sites site","potentialAction":[{"@type":"SearchAction","target":{"@type":"EntryPoint","urlTemplate":"https:\/\/www.africa-press.net\/cotedivoire\/?s={search_term_string}"},"query-input":{"@type":"PropertyValueSpecification","valueRequired":true,"valueName":"search_term_string"}}],"inLanguage":"fr-FR"},{"@type":"Person","@id":"https:\/\/www.africa-press.net\/cotedivoire\/#\/schema\/person\/2b1cf3cd81a31e3cd26889ca66d677f1","name":"cfeditorfr"}]}},"_links":{"self":[{"href":"https:\/\/www.africa-press.net\/cotedivoire\/wp-json\/wp\/v2\/posts\/73744","targetHints":{"allow":["GET"]}}],"collection":[{"href":"https:\/\/www.africa-press.net\/cotedivoire\/wp-json\/wp\/v2\/posts"}],"about":[{"href":"https:\/\/www.africa-press.net\/cotedivoire\/wp-json\/wp\/v2\/types\/post"}],"author":[{"embeddable":true,"href":"https:\/\/www.africa-press.net\/cotedivoire\/wp-json\/wp\/v2\/users\/82"}],"replies":[{"embeddable":true,"href":"https:\/\/www.africa-press.net\/cotedivoire\/wp-json\/wp\/v2\/comments?post=73744"}],"version-history":[{"count":0,"href":"https:\/\/www.africa-press.net\/cotedivoire\/wp-json\/wp\/v2\/posts\/73744\/revisions"}],"wp:featuredmedia":[{"embeddable":true,"href":"https:\/\/www.africa-press.net\/cotedivoire\/wp-json\/wp\/v2\/media\/73743"}],"wp:attachment":[{"href":"https:\/\/www.africa-press.net\/cotedivoire\/wp-json\/wp\/v2\/media?parent=73744"}],"wp:term":[{"taxonomy":"category","embeddable":true,"href":"https:\/\/www.africa-press.net\/cotedivoire\/wp-json\/wp\/v2\/categories?post=73744"},{"taxonomy":"post_tag","embeddable":true,"href":"https:\/\/www.africa-press.net\/cotedivoire\/wp-json\/wp\/v2\/tags?post=73744"}],"curies":[{"name":"wp","href":"https:\/\/api.w.org\/{rel}","templated":true}]}}