{"id":73816,"date":"2024-01-24T18:21:39","date_gmt":"2024-01-24T18:21:39","guid":{"rendered":"https:\/\/www.africa-press.net\/cotedivoire\/politique\/alassane-ouattara-a-quitte-abidjan-mardi-pour-un-sejour-en-france"},"modified":"2024-01-26T13:23:07","modified_gmt":"2024-01-26T13:23:07","slug":"alassane-ouattara-a-quitte-abidjan-mardi-pour-un-sejour-en-france","status":"publish","type":"post","link":"https:\/\/www.africa-press.net\/cotedivoire\/politique\/alassane-ouattara-a-quitte-abidjan-mardi-pour-un-sejour-en-france","title":{"rendered":"Alassane Ouattara a quitt\u00e9 Abidjan mardi pour un s\u00e9jour en  France"},"content":{"rendered":"<p><span style=\"color: #ff6600\"><strong>Africa-Press &#8211; C\u00f4te d&rsquo;Ivoire. <\/strong><\/span>Le Pre\u0301sident de la Re\u0301publique, Alassane Ouattara, a quitte\u0301 Abidjan, dans l&rsquo;apre\u0300s-midi du mardi 23 janvier 2024, pour un se\u0301jour en France.<\/p>\n<p>Si pour l\u2019heure l\u2019agenda du chef de l\u2019Etat ivoirien n\u2019a pas e\u0301te\u0301 de\u0301voile\u0301, d\u2019autres sources affirment qu&rsquo;il passera quelques jours dans sa re\u0301sidence de Mougins, dans les Alpes-Maritimes.<\/p>\n<p>Nous apprenons qu&rsquo;Alassane Ouattara devrait e\u0301galement s&rsquo;entretenir avec le pre\u0301sident franc\u0327ais, Emmanuel Macron, a\u0300 l&rsquo;E\u0301lyse\u0301e.<\/p>\n<p>La date du retour du pre\u0301sident de la Re\u0301publique n\u2019a pas e\u0301te\u0301 fixe\u0301e, mais il devrait regagner la Co\u0302te d\u2019Ivoire avant la finale de la CAN 2023 pre\u0301vue le 11 fe\u0301vrier 2024 au stade d\u2019Ebimpe\u0301.<\/p>\n<p><strong>Pour plus d&rsquo;informations et d&rsquo;analyses sur la <a href=\"https:\/\/www.africa-press.net\/cotedivoire\">C\u00f4te d&rsquo;Ivoire<\/a>, suivez <a href=\"https:\/\/www.africa-press.net\/\">Africa-Press<\/a><\/strong><\/p>\n","protected":false},"excerpt":{"rendered":"<p>Africa-Press &#8211; C\u00f4te d&rsquo;Ivoire. Le Pre\u0301sident de la Re\u0301publique, Alassane Ouattara, a quitte\u0301 Abidjan, dans l&rsquo;apre\u0300s-midi du mardi 23 janvier 2024, pour un se\u0301jour en France. Si pour l\u2019heure l\u2019agenda du chef de l\u2019Etat ivoirien n\u2019a pas e\u0301te\u0301 de\u0301voile\u0301, d\u2019autres sources affirment qu&rsquo;il passera quelques jours dans sa re\u0301sidence de Mougins, dans les Alpes-Maritimes. Nous [&hellip;]<\/p>\n","protected":false},"author":82,"featured_media":73815,"comment_status":"open","ping_status":"closed","sticky":false,"template":"","format":"standard","meta":{"footnotes":""},"categories":[2,10],"tags":[56,63,38,29,6190,1979,88,1851],"class_list":["post-73816","post","type-post","status-publish","format-standard","has-post-thumbnail","hentry","category-politique","category-toutes-les-actualites","tag-africa-press","tag-africa-press-cote-divoire","tag-alassane-ouattara","tag-cote-divoire","tag-elysee","tag-emmanuel-macron","tag-france","tag-sejour"],"yoast_head":"<!-- This site is optimized with the Yoast SEO Premium plugin v26.1 (Yoast SEO v27.0) - https:\/\/yoast.com\/product\/yoast-seo-premium-wordpress\/ -->\n<title>Alassane Ouattara a quitt\u00e9 Abidjan mardi pour un s\u00e9jour en France - C\u00f4te d&#039;Ivoire<\/title>\n<meta name=\"description\" content=\"Le Pre\u0301sident de la Re\u0301publique, Alassane Ouattara, a quitte\u0301 Abidjan, dans l&#039;apre\u0300s-midi du mardi 23 janvier 2024, pour ...\" \/>\n<meta name=\"robots\" content=\"index, follow, max-snippet:-1, max-image-preview:large, max-video-preview:-1\" \/>\n<link rel=\"canonical\" href=\"https:\/\/www.africa-press.net\/cotedivoire\/politique\/alassane-ouattara-a-quitte-abidjan-mardi-pour-un-sejour-en-france\" \/>\n<meta property=\"og:locale\" content=\"fr_FR\" \/>\n<meta property=\"og:type\" content=\"article\" \/>\n<meta property=\"og:title\" content=\"Alassane Ouattara a quitt\u00e9 Abidjan mardi pour un s\u00e9jour en France\" \/>\n<meta property=\"og:description\" content=\"Le Pre\u0301sident de la Re\u0301publique, Alassane Ouattara, a quitte\u0301 Abidjan, dans l&#039;apre\u0300s-midi du mardi 23 janvier 2024, pour ...\" \/>\n<meta property=\"og:url\" content=\"https:\/\/www.africa-press.net\/cotedivoire\/politique\/alassane-ouattara-a-quitte-abidjan-mardi-pour-un-sejour-en-france\" \/>\n<meta property=\"og:site_name\" content=\"C\u00f4te d&#039;Ivoire\" \/>\n<meta property=\"article:published_time\" content=\"2024-01-24T18:21:39+00:00\" \/>\n<meta property=\"article:modified_time\" content=\"2024-01-26T13:23:07+00:00\" \/>\n<meta property=\"og:image\" content=\"https:\/\/static.africa-press.net\/cote\/sites\/43\/2024\/01\/sm_1706109888.072596.jpg\" \/>\n\t<meta property=\"og:image:width\" content=\"720\" \/>\n\t<meta property=\"og:image:height\" content=\"480\" \/>\n\t<meta property=\"og:image:type\" content=\"image\/jpeg\" \/>\n<meta name=\"author\" content=\"cfeditorfr\" \/>\n<meta name=\"twitter:card\" content=\"summary_large_image\" \/>\n<meta name=\"twitter:label1\" content=\"\u00c9crit par\" \/>\n\t<meta name=\"twitter:data1\" content=\"cfeditorfr\" \/>\n\t<meta name=\"twitter:label2\" content=\"Dur\u00e9e de lecture estim\u00e9e\" \/>\n\t<meta name=\"twitter:data2\" content=\"1 minute\" \/>\n<script type=\"application\/ld+json\" class=\"yoast-schema-graph\">{\"@context\":\"https:\/\/schema.org\",\"@graph\":[{\"@type\":\"Article\",\"@id\":\"https:\/\/www.africa-press.net\/cotedivoire\/politique\/alassane-ouattara-a-quitte-abidjan-mardi-pour-un-sejour-en-france#article\",\"isPartOf\":{\"@id\":\"https:\/\/www.africa-press.net\/cotedivoire\/politique\/alassane-ouattara-a-quitte-abidjan-mardi-pour-un-sejour-en-france\"},\"author\":{\"name\":\"cfeditorfr\",\"@id\":\"https:\/\/www.africa-press.net\/cotedivoire\/#\/schema\/person\/2b1cf3cd81a31e3cd26889ca66d677f1\"},\"headline\":\"Alassane Ouattara a quitt\u00e9 Abidjan mardi pour un s\u00e9jour en France\",\"datePublished\":\"2024-01-24T18:21:39+00:00\",\"dateModified\":\"2024-01-26T13:23:07+00:00\",\"mainEntityOfPage\":{\"@id\":\"https:\/\/www.africa-press.net\/cotedivoire\/politique\/alassane-ouattara-a-quitte-abidjan-mardi-pour-un-sejour-en-france\"},\"wordCount\":160,\"commentCount\":0,\"image\":{\"@id\":\"https:\/\/www.africa-press.net\/cotedivoire\/politique\/alassane-ouattara-a-quitte-abidjan-mardi-pour-un-sejour-en-france#primaryimage\"},\"thumbnailUrl\":\"https:\/\/static.africa-press.net\/cote\/sites\/43\/2024\/01\/sm_1706109888.072596.jpg\",\"keywords\":[\"Africa Press\",\"Africa Press-C\u00f4te d'Ivoire\",\"Alassane Ouattara\",\"C\u00d4TE D'IVOIRE\",\"Elys\u00e9e\",\"Emmanuel Macron\",\"France\",\"s\u00e9jour\"],\"articleSection\":[\"Politique\",\"Toutes les actualit\u00e9s\"],\"inLanguage\":\"fr-FR\",\"potentialAction\":[{\"@type\":\"CommentAction\",\"name\":\"Comment\",\"target\":[\"https:\/\/www.africa-press.net\/cotedivoire\/politique\/alassane-ouattara-a-quitte-abidjan-mardi-pour-un-sejour-en-france#respond\"]}]},{\"@type\":\"WebPage\",\"@id\":\"https:\/\/www.africa-press.net\/cotedivoire\/politique\/alassane-ouattara-a-quitte-abidjan-mardi-pour-un-sejour-en-france\",\"url\":\"https:\/\/www.africa-press.net\/cotedivoire\/politique\/alassane-ouattara-a-quitte-abidjan-mardi-pour-un-sejour-en-france\",\"name\":\"Alassane Ouattara a quitt\u00e9 Abidjan mardi pour un s\u00e9jour en France - C\u00f4te d&#039;Ivoire\",\"isPartOf\":{\"@id\":\"https:\/\/www.africa-press.net\/cotedivoire\/#website\"},\"primaryImageOfPage\":{\"@id\":\"https:\/\/www.africa-press.net\/cotedivoire\/politique\/alassane-ouattara-a-quitte-abidjan-mardi-pour-un-sejour-en-france#primaryimage\"},\"image\":{\"@id\":\"https:\/\/www.africa-press.net\/cotedivoire\/politique\/alassane-ouattara-a-quitte-abidjan-mardi-pour-un-sejour-en-france#primaryimage\"},\"thumbnailUrl\":\"https:\/\/static.africa-press.net\/cote\/sites\/43\/2024\/01\/sm_1706109888.072596.jpg\",\"datePublished\":\"2024-01-24T18:21:39+00:00\",\"dateModified\":\"2024-01-26T13:23:07+00:00\",\"author\":{\"@id\":\"https:\/\/www.africa-press.net\/cotedivoire\/#\/schema\/person\/2b1cf3cd81a31e3cd26889ca66d677f1\"},\"description\":\"Le Pre\u0301sident de la Re\u0301publique, Alassane Ouattara, a quitte\u0301 Abidjan, dans l'apre\u0300s-midi du mardi 23 janvier 2024, pour ...\",\"breadcrumb\":{\"@id\":\"https:\/\/www.africa-press.net\/cotedivoire\/politique\/alassane-ouattara-a-quitte-abidjan-mardi-pour-un-sejour-en-france#breadcrumb\"},\"inLanguage\":\"fr-FR\",\"potentialAction\":[{\"@type\":\"ReadAction\",\"target\":[\"https:\/\/www.africa-press.net\/cotedivoire\/politique\/alassane-ouattara-a-quitte-abidjan-mardi-pour-un-sejour-en-france\"]}]},{\"@type\":\"ImageObject\",\"inLanguage\":\"fr-FR\",\"@id\":\"https:\/\/www.africa-press.net\/cotedivoire\/politique\/alassane-ouattara-a-quitte-abidjan-mardi-pour-un-sejour-en-france#primaryimage\",\"url\":\"https:\/\/static.africa-press.net\/cote\/sites\/43\/2024\/01\/sm_1706109888.072596.jpg\",\"contentUrl\":\"https:\/\/static.africa-press.net\/cote\/sites\/43\/2024\/01\/sm_1706109888.072596.jpg\",\"width\":720,\"height\":480,\"caption\":\"Alassane Ouattara a quitt\u00e9 Abidjan mardi pour un s\u00e9jour en France\"},{\"@type\":\"BreadcrumbList\",\"@id\":\"https:\/\/www.africa-press.net\/cotedivoire\/politique\/alassane-ouattara-a-quitte-abidjan-mardi-pour-un-sejour-en-france#breadcrumb\",\"itemListElement\":[{\"@type\":\"ListItem\",\"position\":1,\"name\":\"Accueil\",\"item\":\"https:\/\/www.africa-press.net\/cotedivoire\/\"},{\"@type\":\"ListItem\",\"position\":2,\"name\":\"Alassane Ouattara a quitt\u00e9 Abidjan mardi pour un s\u00e9jour en France\"}]},{\"@type\":\"WebSite\",\"@id\":\"https:\/\/www.africa-press.net\/cotedivoire\/#website\",\"url\":\"https:\/\/www.africa-press.net\/cotedivoire\/\",\"name\":\"C\u00f4te d&#039;Ivoire\",\"description\":\"Just another Africa News Agency Sites site\",\"potentialAction\":[{\"@type\":\"SearchAction\",\"target\":{\"@type\":\"EntryPoint\",\"urlTemplate\":\"https:\/\/www.africa-press.net\/cotedivoire\/?s={search_term_string}\"},\"query-input\":{\"@type\":\"PropertyValueSpecification\",\"valueRequired\":true,\"valueName\":\"search_term_string\"}}],\"inLanguage\":\"fr-FR\"},{\"@type\":\"Person\",\"@id\":\"https:\/\/www.africa-press.net\/cotedivoire\/#\/schema\/person\/2b1cf3cd81a31e3cd26889ca66d677f1\",\"name\":\"cfeditorfr\"}]}<\/script>\n<!-- \/ Yoast SEO Premium plugin. -->","yoast_head_json":{"title":"Alassane Ouattara a quitt\u00e9 Abidjan mardi pour un s\u00e9jour en France - C\u00f4te d&#039;Ivoire","description":"Le Pre\u0301sident de la Re\u0301publique, Alassane Ouattara, a quitte\u0301 Abidjan, dans l'apre\u0300s-midi du mardi 23 janvier 2024, pour ...","robots":{"index":"index","follow":"follow","max-snippet":"max-snippet:-1","max-image-preview":"max-image-preview:large","max-video-preview":"max-video-preview:-1"},"canonical":"https:\/\/www.africa-press.net\/cotedivoire\/politique\/alassane-ouattara-a-quitte-abidjan-mardi-pour-un-sejour-en-france","og_locale":"fr_FR","og_type":"article","og_title":"Alassane Ouattara a quitt\u00e9 Abidjan mardi pour un s\u00e9jour en France","og_description":"Le Pre\u0301sident de la Re\u0301publique, Alassane Ouattara, a quitte\u0301 Abidjan, dans l'apre\u0300s-midi du mardi 23 janvier 2024, pour ...","og_url":"https:\/\/www.africa-press.net\/cotedivoire\/politique\/alassane-ouattara-a-quitte-abidjan-mardi-pour-un-sejour-en-france","og_site_name":"C\u00f4te d&#039;Ivoire","article_published_time":"2024-01-24T18:21:39+00:00","article_modified_time":"2024-01-26T13:23:07+00:00","og_image":[{"width":720,"height":480,"url":"https:\/\/static.africa-press.net\/cote\/sites\/43\/2024\/01\/sm_1706109888.072596.jpg","type":"image\/jpeg"}],"author":"cfeditorfr","twitter_card":"summary_large_image","twitter_misc":{"\u00c9crit par":"cfeditorfr","Dur\u00e9e de lecture estim\u00e9e":"1 minute"},"schema":{"@context":"https:\/\/schema.org","@graph":[{"@type":"Article","@id":"https:\/\/www.africa-press.net\/cotedivoire\/politique\/alassane-ouattara-a-quitte-abidjan-mardi-pour-un-sejour-en-france#article","isPartOf":{"@id":"https:\/\/www.africa-press.net\/cotedivoire\/politique\/alassane-ouattara-a-quitte-abidjan-mardi-pour-un-sejour-en-france"},"author":{"name":"cfeditorfr","@id":"https:\/\/www.africa-press.net\/cotedivoire\/#\/schema\/person\/2b1cf3cd81a31e3cd26889ca66d677f1"},"headline":"Alassane Ouattara a quitt\u00e9 Abidjan mardi pour un s\u00e9jour en France","datePublished":"2024-01-24T18:21:39+00:00","dateModified":"2024-01-26T13:23:07+00:00","mainEntityOfPage":{"@id":"https:\/\/www.africa-press.net\/cotedivoire\/politique\/alassane-ouattara-a-quitte-abidjan-mardi-pour-un-sejour-en-france"},"wordCount":160,"commentCount":0,"image":{"@id":"https:\/\/www.africa-press.net\/cotedivoire\/politique\/alassane-ouattara-a-quitte-abidjan-mardi-pour-un-sejour-en-france#primaryimage"},"thumbnailUrl":"https:\/\/static.africa-press.net\/cote\/sites\/43\/2024\/01\/sm_1706109888.072596.jpg","keywords":["Africa Press","Africa Press-C\u00f4te d'Ivoire","Alassane Ouattara","C\u00d4TE D'IVOIRE","Elys\u00e9e","Emmanuel Macron","France","s\u00e9jour"],"articleSection":["Politique","Toutes les actualit\u00e9s"],"inLanguage":"fr-FR","potentialAction":[{"@type":"CommentAction","name":"Comment","target":["https:\/\/www.africa-press.net\/cotedivoire\/politique\/alassane-ouattara-a-quitte-abidjan-mardi-pour-un-sejour-en-france#respond"]}]},{"@type":"WebPage","@id":"https:\/\/www.africa-press.net\/cotedivoire\/politique\/alassane-ouattara-a-quitte-abidjan-mardi-pour-un-sejour-en-france","url":"https:\/\/www.africa-press.net\/cotedivoire\/politique\/alassane-ouattara-a-quitte-abidjan-mardi-pour-un-sejour-en-france","name":"Alassane Ouattara a quitt\u00e9 Abidjan mardi pour un s\u00e9jour en France - C\u00f4te d&#039;Ivoire","isPartOf":{"@id":"https:\/\/www.africa-press.net\/cotedivoire\/#website"},"primaryImageOfPage":{"@id":"https:\/\/www.africa-press.net\/cotedivoire\/politique\/alassane-ouattara-a-quitte-abidjan-mardi-pour-un-sejour-en-france#primaryimage"},"image":{"@id":"https:\/\/www.africa-press.net\/cotedivoire\/politique\/alassane-ouattara-a-quitte-abidjan-mardi-pour-un-sejour-en-france#primaryimage"},"thumbnailUrl":"https:\/\/static.africa-press.net\/cote\/sites\/43\/2024\/01\/sm_1706109888.072596.jpg","datePublished":"2024-01-24T18:21:39+00:00","dateModified":"2024-01-26T13:23:07+00:00","author":{"@id":"https:\/\/www.africa-press.net\/cotedivoire\/#\/schema\/person\/2b1cf3cd81a31e3cd26889ca66d677f1"},"description":"Le Pre\u0301sident de la Re\u0301publique, Alassane Ouattara, a quitte\u0301 Abidjan, dans l'apre\u0300s-midi du mardi 23 janvier 2024, pour ...","breadcrumb":{"@id":"https:\/\/www.africa-press.net\/cotedivoire\/politique\/alassane-ouattara-a-quitte-abidjan-mardi-pour-un-sejour-en-france#breadcrumb"},"inLanguage":"fr-FR","potentialAction":[{"@type":"ReadAction","target":["https:\/\/www.africa-press.net\/cotedivoire\/politique\/alassane-ouattara-a-quitte-abidjan-mardi-pour-un-sejour-en-france"]}]},{"@type":"ImageObject","inLanguage":"fr-FR","@id":"https:\/\/www.africa-press.net\/cotedivoire\/politique\/alassane-ouattara-a-quitte-abidjan-mardi-pour-un-sejour-en-france#primaryimage","url":"https:\/\/static.africa-press.net\/cote\/sites\/43\/2024\/01\/sm_1706109888.072596.jpg","contentUrl":"https:\/\/static.africa-press.net\/cote\/sites\/43\/2024\/01\/sm_1706109888.072596.jpg","width":720,"height":480,"caption":"Alassane Ouattara a quitt\u00e9 Abidjan mardi pour un s\u00e9jour en France"},{"@type":"BreadcrumbList","@id":"https:\/\/www.africa-press.net\/cotedivoire\/politique\/alassane-ouattara-a-quitte-abidjan-mardi-pour-un-sejour-en-france#breadcrumb","itemListElement":[{"@type":"ListItem","position":1,"name":"Accueil","item":"https:\/\/www.africa-press.net\/cotedivoire\/"},{"@type":"ListItem","position":2,"name":"Alassane Ouattara a quitt\u00e9 Abidjan mardi pour un s\u00e9jour en France"}]},{"@type":"WebSite","@id":"https:\/\/www.africa-press.net\/cotedivoire\/#website","url":"https:\/\/www.africa-press.net\/cotedivoire\/","name":"C\u00f4te d&#039;Ivoire","description":"Just another Africa News Agency Sites site","potentialAction":[{"@type":"SearchAction","target":{"@type":"EntryPoint","urlTemplate":"https:\/\/www.africa-press.net\/cotedivoire\/?s={search_term_string}"},"query-input":{"@type":"PropertyValueSpecification","valueRequired":true,"valueName":"search_term_string"}}],"inLanguage":"fr-FR"},{"@type":"Person","@id":"https:\/\/www.africa-press.net\/cotedivoire\/#\/schema\/person\/2b1cf3cd81a31e3cd26889ca66d677f1","name":"cfeditorfr"}]}},"_links":{"self":[{"href":"https:\/\/www.africa-press.net\/cotedivoire\/wp-json\/wp\/v2\/posts\/73816","targetHints":{"allow":["GET"]}}],"collection":[{"href":"https:\/\/www.africa-press.net\/cotedivoire\/wp-json\/wp\/v2\/posts"}],"about":[{"href":"https:\/\/www.africa-press.net\/cotedivoire\/wp-json\/wp\/v2\/types\/post"}],"author":[{"embeddable":true,"href":"https:\/\/www.africa-press.net\/cotedivoire\/wp-json\/wp\/v2\/users\/82"}],"replies":[{"embeddable":true,"href":"https:\/\/www.africa-press.net\/cotedivoire\/wp-json\/wp\/v2\/comments?post=73816"}],"version-history":[{"count":0,"href":"https:\/\/www.africa-press.net\/cotedivoire\/wp-json\/wp\/v2\/posts\/73816\/revisions"}],"wp:featuredmedia":[{"embeddable":true,"href":"https:\/\/www.africa-press.net\/cotedivoire\/wp-json\/wp\/v2\/media\/73815"}],"wp:attachment":[{"href":"https:\/\/www.africa-press.net\/cotedivoire\/wp-json\/wp\/v2\/media?parent=73816"}],"wp:term":[{"taxonomy":"category","embeddable":true,"href":"https:\/\/www.africa-press.net\/cotedivoire\/wp-json\/wp\/v2\/categories?post=73816"},{"taxonomy":"post_tag","embeddable":true,"href":"https:\/\/www.africa-press.net\/cotedivoire\/wp-json\/wp\/v2\/tags?post=73816"}],"curies":[{"name":"wp","href":"https:\/\/api.w.org\/{rel}","templated":true}]}}