{"id":74038,"date":"2024-01-27T17:37:24","date_gmt":"2024-01-27T17:37:24","guid":{"rendered":"https:\/\/www.africa-press.net\/cotedivoire\/politique\/enseignement-superieur-adama-diawara-veut-reguler-le-decret-relatif-aux-charges-dues-et-aux-taux-horaires-des-heures-complementaires-des-enseignants"},"modified":"2024-01-27T18:39:16","modified_gmt":"2024-01-27T18:39:16","slug":"enseignement-superieur-adama-diawara-veut-reguler-le-decret-relatif-aux-charges-dues-et-aux-taux-horaires-des-heures-complementaires-des-enseignants","status":"publish","type":"post","link":"https:\/\/www.africa-press.net\/cotedivoire\/toutes-les-actualites\/enseignement-superieur-adama-diawara-veut-reguler-le-decret-relatif-aux-charges-dues-et-aux-taux-horaires-des-heures-complementaires-des-enseignants","title":{"rendered":"Enseignement Sup\u00e9rieur, Adama Diawara veut r\u00e9guler le d\u00e9cret relatif aux charges dues et aux taux horaires des heures compl\u00e9mentaires des enseignants"},"content":{"rendered":"<p><span style=\"color: #ff6600\"><strong>Africa-Press &#8211; C\u00f4te d&rsquo;Ivoire. <\/strong><\/span>Le ministre de l\u2019Enseignement supe\u0301rieur et de la Recherche scientifique, Adama Diawara, fait de la re\u0301gulation du relatif aux charges dues et aux taux horaires des heures comple\u0301mentaires des enseignants, l\u2019une de ses priorite\u0301s pour 2024.<\/p>\n<p>Il a fait cette annonce jeudi 25 janvier 2024 a\u0300 l\u2019antenne de l\u2019Institut national polytechnique Fe\u0301lix Houphoue\u0308t Boigny sis a\u0300 Abidjan Cocody Danga, a\u0300 l\u2019occasion de la pre\u0301sentation des v\u0153ux de nouvel an, rapporte une note Gouvernementale.<\/p>\n<p>L\u2019ache\u0300vement de la phase 1 de l\u2019universite\u0301 de Bondoukou et la pose de la premie\u0300re pierre de l\u2019universite\u0301 d\u2019Odienne\u0301 pre\u0301vue pour biento\u0302t sont quelques-uns des chantiers prioritaires du ministre.<\/p>\n<p>Adama Diawara a e\u0301galement annonce\u0301 la mise en \u0153uvre prochaine de l\u2019Agence nationale de l\u2019Assurance Qualite\u0301, l\u2019actualisation de la grille d\u2019e\u0301valuation annuelle des e\u0301tablissements supe\u0301rieurs d\u2019enseignement prive\u0301 de sorte que les bare\u0300mes soient les plus objectifs possibles et le de\u0301cret en gestation portant conditions de cre\u0301ation et d\u2019ouverture des e\u0301tablissements prive\u0301s etc&#8230;<\/p>\n<p>Au niveau de la recherche, il a annonce\u0301 un fonds additionnel de 5 milliards de FCFA pour le Fonds pour la Science, la Technologie et l\u2019Innovation (FONTSI) dote\u0301 de\u0301ja\u0300 de 5 milliards de FCFA, soit 10 milliards de FCFA.<\/p>\n<p>Le ministre a invite\u0301 tous les acteurs a\u0300 tenir compte des efforts gigantesques consentis par le Chef de l\u2019E\u0301tat en faveur du sous-secteur, notamment le recrutement de 4 870 enseignants de 2011 a\u0300 2022, le passage de trois a\u0300 neuf universite\u0301s publiques, la construction de re\u0301sidences universitaires et de restaurants-cuisines, l\u2019ouverture a\u0300 l\u2019Institut national polytechnique Fe\u0301lix Houphoue\u0308t-Boigny (INP-HB) de Yamoussoukro d\u2019une bibliothe\u0300que nume\u0301rique de 96 000 ouvrages comportant e\u0301galement 5 000 the\u0300ses de recherches.<\/p>\n<p>La promulgation de la loi n\u00b02023-429 du 22 mai 2023 relative a\u0300 l\u2019Enseignement supe\u0301rieur, la recherche et l\u2019innovation, la cre\u0301ation des E\u0301coles Doctorales, la suppression de l\u2019Ecole pre\u0301paratoire aux Sciences de la Sante\u0301 (EPSS), l\u2019ouverture de l\u2019universite\u0301 de Bondoukou avec la livraison de la phase 1 qui a permis l\u2019accueil d\u2019une premie\u0300re cohorte d\u2019environ 500 apprenants, la re\u0301forme du BTS, la re\u0301vision des curricula des universite\u0301s, la de\u0301finition du statut national de l\u2019e\u0301tudiant entrepreneur, sont les actions pose\u0301es par le Ministe\u0300re l\u2019Enseignement supe\u0301rieur et de la Recherche scientifique en 2023.<\/p>\n<p><strong>Pour plus d&rsquo;informations et d&rsquo;analyses sur la <a href=\"https:\/\/www.africa-press.net\/cotedivoire\">C\u00f4te d&rsquo;Ivoire<\/a>, suivez <a href=\"https:\/\/www.africa-press.net\/\">Africa-Press<\/a><\/strong><\/p>\n","protected":false},"excerpt":{"rendered":"<p>Africa-Press &#8211; C\u00f4te d&rsquo;Ivoire. Le ministre de l\u2019Enseignement supe\u0301rieur et de la Recherche scientifique, Adama Diawara, fait de la re\u0301gulation du relatif aux charges dues et aux taux horaires des heures comple\u0301mentaires des enseignants, l\u2019une de ses priorite\u0301s pour 2024. Il a fait cette annonce jeudi 25 janvier 2024 a\u0300 l\u2019antenne de l\u2019Institut national polytechnique [&hellip;]<\/p>\n","protected":false},"author":82,"featured_media":74036,"comment_status":"open","ping_status":"closed","sticky":false,"template":"","format":"standard","meta":{"footnotes":""},"categories":[21,10],"tags":[617,56,63,12437,29,616,12435,12436,615],"class_list":["post-74038","post","type-post","status-publish","format-standard","has-post-thumbnail","hentry","category-communaute","category-toutes-les-actualites","tag-adama-diawara","tag-africa-press","tag-africa-press-cote-divoire","tag-complementaires","tag-cote-divoire","tag-enseignants","tag-enseignment","tag-heures","tag-superieur"],"yoast_head":"<!-- This site is optimized with the Yoast SEO Premium plugin v26.1 (Yoast SEO v27.0) - https:\/\/yoast.com\/product\/yoast-seo-premium-wordpress\/ -->\n<title>Enseignement Sup\u00e9rieur, Adama Diawara veut r\u00e9guler le d\u00e9cret relatif aux charges dues et aux taux horaires des heures compl\u00e9mentaires des enseignants - C\u00f4te d&#039;Ivoire<\/title>\n<meta name=\"description\" content=\"Le ministre de l\u2019Enseignement supe\u0301rieur et de la Recherche scientifique, Adama Diawara, fait de la re\u0301gulation du relat ...\" \/>\n<meta name=\"robots\" content=\"index, follow, max-snippet:-1, max-image-preview:large, max-video-preview:-1\" \/>\n<link rel=\"canonical\" href=\"https:\/\/www.africa-press.net\/cotedivoire\/toutes-les-actualites\/enseignement-superieur-adama-diawara-veut-reguler-le-decret-relatif-aux-charges-dues-et-aux-taux-horaires-des-heures-complementaires-des-enseignants\" \/>\n<meta property=\"og:locale\" content=\"fr_FR\" \/>\n<meta property=\"og:type\" content=\"article\" \/>\n<meta property=\"og:title\" content=\"Enseignement Sup\u00e9rieur, Adama Diawara veut r\u00e9guler le d\u00e9cret relatif aux charges dues et aux taux horaires des heures compl\u00e9mentaires des enseignants\" \/>\n<meta property=\"og:description\" content=\"Le ministre de l\u2019Enseignement supe\u0301rieur et de la Recherche scientifique, Adama Diawara, fait de la re\u0301gulation du relat ...\" \/>\n<meta property=\"og:url\" content=\"https:\/\/www.africa-press.net\/cotedivoire\/toutes-les-actualites\/enseignement-superieur-adama-diawara-veut-reguler-le-decret-relatif-aux-charges-dues-et-aux-taux-horaires-des-heures-complementaires-des-enseignants\" \/>\n<meta property=\"og:site_name\" content=\"C\u00f4te d&#039;Ivoire\" \/>\n<meta property=\"article:published_time\" content=\"2024-01-27T17:37:24+00:00\" \/>\n<meta property=\"article:modified_time\" content=\"2024-01-27T18:39:16+00:00\" \/>\n<meta property=\"og:image\" content=\"https:\/\/static.africa-press.net\/cote\/sites\/43\/2024\/01\/sm_1706367997.635953.jpg\" \/>\n\t<meta property=\"og:image:width\" content=\"720\" \/>\n\t<meta property=\"og:image:height\" content=\"524\" \/>\n\t<meta property=\"og:image:type\" content=\"image\/jpeg\" \/>\n<meta name=\"author\" content=\"cfeditorfr\" \/>\n<meta name=\"twitter:card\" content=\"summary_large_image\" \/>\n<meta name=\"twitter:label1\" content=\"\u00c9crit par\" \/>\n\t<meta name=\"twitter:data1\" content=\"cfeditorfr\" \/>\n\t<meta name=\"twitter:label2\" content=\"Dur\u00e9e de lecture estim\u00e9e\" \/>\n\t<meta name=\"twitter:data2\" content=\"2 minutes\" \/>\n<script type=\"application\/ld+json\" class=\"yoast-schema-graph\">{\"@context\":\"https:\/\/schema.org\",\"@graph\":[{\"@type\":\"Article\",\"@id\":\"https:\/\/www.africa-press.net\/cotedivoire\/toutes-les-actualites\/enseignement-superieur-adama-diawara-veut-reguler-le-decret-relatif-aux-charges-dues-et-aux-taux-horaires-des-heures-complementaires-des-enseignants#article\",\"isPartOf\":{\"@id\":\"https:\/\/www.africa-press.net\/cotedivoire\/toutes-les-actualites\/enseignement-superieur-adama-diawara-veut-reguler-le-decret-relatif-aux-charges-dues-et-aux-taux-horaires-des-heures-complementaires-des-enseignants\"},\"author\":{\"name\":\"cfeditorfr\",\"@id\":\"https:\/\/www.africa-press.net\/cotedivoire\/#\/schema\/person\/2b1cf3cd81a31e3cd26889ca66d677f1\"},\"headline\":\"Enseignement Sup\u00e9rieur, Adama Diawara veut r\u00e9guler le d\u00e9cret relatif aux charges dues et aux taux horaires des heures compl\u00e9mentaires des enseignants\",\"datePublished\":\"2024-01-27T17:37:24+00:00\",\"dateModified\":\"2024-01-27T18:39:16+00:00\",\"mainEntityOfPage\":{\"@id\":\"https:\/\/www.africa-press.net\/cotedivoire\/toutes-les-actualites\/enseignement-superieur-adama-diawara-veut-reguler-le-decret-relatif-aux-charges-dues-et-aux-taux-horaires-des-heures-complementaires-des-enseignants\"},\"wordCount\":458,\"commentCount\":0,\"image\":{\"@id\":\"https:\/\/www.africa-press.net\/cotedivoire\/toutes-les-actualites\/enseignement-superieur-adama-diawara-veut-reguler-le-decret-relatif-aux-charges-dues-et-aux-taux-horaires-des-heures-complementaires-des-enseignants#primaryimage\"},\"thumbnailUrl\":\"https:\/\/static.africa-press.net\/cote\/sites\/43\/2024\/01\/sm_1706367997.635953.jpg\",\"keywords\":[\"Adama Diawara\",\"Africa Press\",\"Africa Press-C\u00f4te d'Ivoire\",\"compl\u00e9mentaires\",\"C\u00d4TE D'IVOIRE\",\"enseignants\",\"Enseignment\",\"heures\",\"sup\u00e9rieur\"],\"articleSection\":[\"Communaut\u00e9\",\"Toutes les actualit\u00e9s\"],\"inLanguage\":\"fr-FR\",\"potentialAction\":[{\"@type\":\"CommentAction\",\"name\":\"Comment\",\"target\":[\"https:\/\/www.africa-press.net\/cotedivoire\/toutes-les-actualites\/enseignement-superieur-adama-diawara-veut-reguler-le-decret-relatif-aux-charges-dues-et-aux-taux-horaires-des-heures-complementaires-des-enseignants#respond\"]}]},{\"@type\":\"WebPage\",\"@id\":\"https:\/\/www.africa-press.net\/cotedivoire\/toutes-les-actualites\/enseignement-superieur-adama-diawara-veut-reguler-le-decret-relatif-aux-charges-dues-et-aux-taux-horaires-des-heures-complementaires-des-enseignants\",\"url\":\"https:\/\/www.africa-press.net\/cotedivoire\/toutes-les-actualites\/enseignement-superieur-adama-diawara-veut-reguler-le-decret-relatif-aux-charges-dues-et-aux-taux-horaires-des-heures-complementaires-des-enseignants\",\"name\":\"Enseignement Sup\u00e9rieur, Adama Diawara veut r\u00e9guler le d\u00e9cret relatif aux charges dues et aux taux horaires des heures compl\u00e9mentaires des enseignants - C\u00f4te d&#039;Ivoire\",\"isPartOf\":{\"@id\":\"https:\/\/www.africa-press.net\/cotedivoire\/#website\"},\"primaryImageOfPage\":{\"@id\":\"https:\/\/www.africa-press.net\/cotedivoire\/toutes-les-actualites\/enseignement-superieur-adama-diawara-veut-reguler-le-decret-relatif-aux-charges-dues-et-aux-taux-horaires-des-heures-complementaires-des-enseignants#primaryimage\"},\"image\":{\"@id\":\"https:\/\/www.africa-press.net\/cotedivoire\/toutes-les-actualites\/enseignement-superieur-adama-diawara-veut-reguler-le-decret-relatif-aux-charges-dues-et-aux-taux-horaires-des-heures-complementaires-des-enseignants#primaryimage\"},\"thumbnailUrl\":\"https:\/\/static.africa-press.net\/cote\/sites\/43\/2024\/01\/sm_1706367997.635953.jpg\",\"datePublished\":\"2024-01-27T17:37:24+00:00\",\"dateModified\":\"2024-01-27T18:39:16+00:00\",\"author\":{\"@id\":\"https:\/\/www.africa-press.net\/cotedivoire\/#\/schema\/person\/2b1cf3cd81a31e3cd26889ca66d677f1\"},\"description\":\"Le ministre de l\u2019Enseignement supe\u0301rieur et de la Recherche scientifique, Adama Diawara, fait de la re\u0301gulation du relat ...\",\"breadcrumb\":{\"@id\":\"https:\/\/www.africa-press.net\/cotedivoire\/toutes-les-actualites\/enseignement-superieur-adama-diawara-veut-reguler-le-decret-relatif-aux-charges-dues-et-aux-taux-horaires-des-heures-complementaires-des-enseignants#breadcrumb\"},\"inLanguage\":\"fr-FR\",\"potentialAction\":[{\"@type\":\"ReadAction\",\"target\":[\"https:\/\/www.africa-press.net\/cotedivoire\/toutes-les-actualites\/enseignement-superieur-adama-diawara-veut-reguler-le-decret-relatif-aux-charges-dues-et-aux-taux-horaires-des-heures-complementaires-des-enseignants\"]}]},{\"@type\":\"ImageObject\",\"inLanguage\":\"fr-FR\",\"@id\":\"https:\/\/www.africa-press.net\/cotedivoire\/toutes-les-actualites\/enseignement-superieur-adama-diawara-veut-reguler-le-decret-relatif-aux-charges-dues-et-aux-taux-horaires-des-heures-complementaires-des-enseignants#primaryimage\",\"url\":\"https:\/\/static.africa-press.net\/cote\/sites\/43\/2024\/01\/sm_1706367997.635953.jpg\",\"contentUrl\":\"https:\/\/static.africa-press.net\/cote\/sites\/43\/2024\/01\/sm_1706367997.635953.jpg\",\"width\":720,\"height\":524,\"caption\":\"Enseignement Sup\u00e9rieur, Adama Diawara veut r\u00e9guler le d\u00e9cret relatif aux charges dues et aux taux horaires des heures compl\u00e9mentaires des enseignants\"},{\"@type\":\"BreadcrumbList\",\"@id\":\"https:\/\/www.africa-press.net\/cotedivoire\/toutes-les-actualites\/enseignement-superieur-adama-diawara-veut-reguler-le-decret-relatif-aux-charges-dues-et-aux-taux-horaires-des-heures-complementaires-des-enseignants#breadcrumb\",\"itemListElement\":[{\"@type\":\"ListItem\",\"position\":1,\"name\":\"Accueil\",\"item\":\"https:\/\/www.africa-press.net\/cotedivoire\/\"},{\"@type\":\"ListItem\",\"position\":2,\"name\":\"Enseignement Sup\u00e9rieur, Adama Diawara veut r\u00e9guler le d\u00e9cret relatif aux charges dues et aux taux horaires des heures compl\u00e9mentaires des enseignants\"}]},{\"@type\":\"WebSite\",\"@id\":\"https:\/\/www.africa-press.net\/cotedivoire\/#website\",\"url\":\"https:\/\/www.africa-press.net\/cotedivoire\/\",\"name\":\"C\u00f4te d&#039;Ivoire\",\"description\":\"Just another Africa News Agency Sites site\",\"potentialAction\":[{\"@type\":\"SearchAction\",\"target\":{\"@type\":\"EntryPoint\",\"urlTemplate\":\"https:\/\/www.africa-press.net\/cotedivoire\/?s={search_term_string}\"},\"query-input\":{\"@type\":\"PropertyValueSpecification\",\"valueRequired\":true,\"valueName\":\"search_term_string\"}}],\"inLanguage\":\"fr-FR\"},{\"@type\":\"Person\",\"@id\":\"https:\/\/www.africa-press.net\/cotedivoire\/#\/schema\/person\/2b1cf3cd81a31e3cd26889ca66d677f1\",\"name\":\"cfeditorfr\"}]}<\/script>\n<!-- \/ Yoast SEO Premium plugin. -->","yoast_head_json":{"title":"Enseignement Sup\u00e9rieur, Adama Diawara veut r\u00e9guler le d\u00e9cret relatif aux charges dues et aux taux horaires des heures compl\u00e9mentaires des enseignants - C\u00f4te d&#039;Ivoire","description":"Le ministre de l\u2019Enseignement supe\u0301rieur et de la Recherche scientifique, Adama Diawara, fait de la re\u0301gulation du relat ...","robots":{"index":"index","follow":"follow","max-snippet":"max-snippet:-1","max-image-preview":"max-image-preview:large","max-video-preview":"max-video-preview:-1"},"canonical":"https:\/\/www.africa-press.net\/cotedivoire\/toutes-les-actualites\/enseignement-superieur-adama-diawara-veut-reguler-le-decret-relatif-aux-charges-dues-et-aux-taux-horaires-des-heures-complementaires-des-enseignants","og_locale":"fr_FR","og_type":"article","og_title":"Enseignement Sup\u00e9rieur, Adama Diawara veut r\u00e9guler le d\u00e9cret relatif aux charges dues et aux taux horaires des heures compl\u00e9mentaires des enseignants","og_description":"Le ministre de l\u2019Enseignement supe\u0301rieur et de la Recherche scientifique, Adama Diawara, fait de la re\u0301gulation du relat ...","og_url":"https:\/\/www.africa-press.net\/cotedivoire\/toutes-les-actualites\/enseignement-superieur-adama-diawara-veut-reguler-le-decret-relatif-aux-charges-dues-et-aux-taux-horaires-des-heures-complementaires-des-enseignants","og_site_name":"C\u00f4te d&#039;Ivoire","article_published_time":"2024-01-27T17:37:24+00:00","article_modified_time":"2024-01-27T18:39:16+00:00","og_image":[{"width":720,"height":524,"url":"https:\/\/static.africa-press.net\/cote\/sites\/43\/2024\/01\/sm_1706367997.635953.jpg","type":"image\/jpeg"}],"author":"cfeditorfr","twitter_card":"summary_large_image","twitter_misc":{"\u00c9crit par":"cfeditorfr","Dur\u00e9e de lecture estim\u00e9e":"2 minutes"},"schema":{"@context":"https:\/\/schema.org","@graph":[{"@type":"Article","@id":"https:\/\/www.africa-press.net\/cotedivoire\/toutes-les-actualites\/enseignement-superieur-adama-diawara-veut-reguler-le-decret-relatif-aux-charges-dues-et-aux-taux-horaires-des-heures-complementaires-des-enseignants#article","isPartOf":{"@id":"https:\/\/www.africa-press.net\/cotedivoire\/toutes-les-actualites\/enseignement-superieur-adama-diawara-veut-reguler-le-decret-relatif-aux-charges-dues-et-aux-taux-horaires-des-heures-complementaires-des-enseignants"},"author":{"name":"cfeditorfr","@id":"https:\/\/www.africa-press.net\/cotedivoire\/#\/schema\/person\/2b1cf3cd81a31e3cd26889ca66d677f1"},"headline":"Enseignement Sup\u00e9rieur, Adama Diawara veut r\u00e9guler le d\u00e9cret relatif aux charges dues et aux taux horaires des heures compl\u00e9mentaires des enseignants","datePublished":"2024-01-27T17:37:24+00:00","dateModified":"2024-01-27T18:39:16+00:00","mainEntityOfPage":{"@id":"https:\/\/www.africa-press.net\/cotedivoire\/toutes-les-actualites\/enseignement-superieur-adama-diawara-veut-reguler-le-decret-relatif-aux-charges-dues-et-aux-taux-horaires-des-heures-complementaires-des-enseignants"},"wordCount":458,"commentCount":0,"image":{"@id":"https:\/\/www.africa-press.net\/cotedivoire\/toutes-les-actualites\/enseignement-superieur-adama-diawara-veut-reguler-le-decret-relatif-aux-charges-dues-et-aux-taux-horaires-des-heures-complementaires-des-enseignants#primaryimage"},"thumbnailUrl":"https:\/\/static.africa-press.net\/cote\/sites\/43\/2024\/01\/sm_1706367997.635953.jpg","keywords":["Adama Diawara","Africa Press","Africa Press-C\u00f4te d'Ivoire","compl\u00e9mentaires","C\u00d4TE D'IVOIRE","enseignants","Enseignment","heures","sup\u00e9rieur"],"articleSection":["Communaut\u00e9","Toutes les actualit\u00e9s"],"inLanguage":"fr-FR","potentialAction":[{"@type":"CommentAction","name":"Comment","target":["https:\/\/www.africa-press.net\/cotedivoire\/toutes-les-actualites\/enseignement-superieur-adama-diawara-veut-reguler-le-decret-relatif-aux-charges-dues-et-aux-taux-horaires-des-heures-complementaires-des-enseignants#respond"]}]},{"@type":"WebPage","@id":"https:\/\/www.africa-press.net\/cotedivoire\/toutes-les-actualites\/enseignement-superieur-adama-diawara-veut-reguler-le-decret-relatif-aux-charges-dues-et-aux-taux-horaires-des-heures-complementaires-des-enseignants","url":"https:\/\/www.africa-press.net\/cotedivoire\/toutes-les-actualites\/enseignement-superieur-adama-diawara-veut-reguler-le-decret-relatif-aux-charges-dues-et-aux-taux-horaires-des-heures-complementaires-des-enseignants","name":"Enseignement Sup\u00e9rieur, Adama Diawara veut r\u00e9guler le d\u00e9cret relatif aux charges dues et aux taux horaires des heures compl\u00e9mentaires des enseignants - C\u00f4te d&#039;Ivoire","isPartOf":{"@id":"https:\/\/www.africa-press.net\/cotedivoire\/#website"},"primaryImageOfPage":{"@id":"https:\/\/www.africa-press.net\/cotedivoire\/toutes-les-actualites\/enseignement-superieur-adama-diawara-veut-reguler-le-decret-relatif-aux-charges-dues-et-aux-taux-horaires-des-heures-complementaires-des-enseignants#primaryimage"},"image":{"@id":"https:\/\/www.africa-press.net\/cotedivoire\/toutes-les-actualites\/enseignement-superieur-adama-diawara-veut-reguler-le-decret-relatif-aux-charges-dues-et-aux-taux-horaires-des-heures-complementaires-des-enseignants#primaryimage"},"thumbnailUrl":"https:\/\/static.africa-press.net\/cote\/sites\/43\/2024\/01\/sm_1706367997.635953.jpg","datePublished":"2024-01-27T17:37:24+00:00","dateModified":"2024-01-27T18:39:16+00:00","author":{"@id":"https:\/\/www.africa-press.net\/cotedivoire\/#\/schema\/person\/2b1cf3cd81a31e3cd26889ca66d677f1"},"description":"Le ministre de l\u2019Enseignement supe\u0301rieur et de la Recherche scientifique, Adama Diawara, fait de la re\u0301gulation du relat ...","breadcrumb":{"@id":"https:\/\/www.africa-press.net\/cotedivoire\/toutes-les-actualites\/enseignement-superieur-adama-diawara-veut-reguler-le-decret-relatif-aux-charges-dues-et-aux-taux-horaires-des-heures-complementaires-des-enseignants#breadcrumb"},"inLanguage":"fr-FR","potentialAction":[{"@type":"ReadAction","target":["https:\/\/www.africa-press.net\/cotedivoire\/toutes-les-actualites\/enseignement-superieur-adama-diawara-veut-reguler-le-decret-relatif-aux-charges-dues-et-aux-taux-horaires-des-heures-complementaires-des-enseignants"]}]},{"@type":"ImageObject","inLanguage":"fr-FR","@id":"https:\/\/www.africa-press.net\/cotedivoire\/toutes-les-actualites\/enseignement-superieur-adama-diawara-veut-reguler-le-decret-relatif-aux-charges-dues-et-aux-taux-horaires-des-heures-complementaires-des-enseignants#primaryimage","url":"https:\/\/static.africa-press.net\/cote\/sites\/43\/2024\/01\/sm_1706367997.635953.jpg","contentUrl":"https:\/\/static.africa-press.net\/cote\/sites\/43\/2024\/01\/sm_1706367997.635953.jpg","width":720,"height":524,"caption":"Enseignement Sup\u00e9rieur, Adama Diawara veut r\u00e9guler le d\u00e9cret relatif aux charges dues et aux taux horaires des heures compl\u00e9mentaires des enseignants"},{"@type":"BreadcrumbList","@id":"https:\/\/www.africa-press.net\/cotedivoire\/toutes-les-actualites\/enseignement-superieur-adama-diawara-veut-reguler-le-decret-relatif-aux-charges-dues-et-aux-taux-horaires-des-heures-complementaires-des-enseignants#breadcrumb","itemListElement":[{"@type":"ListItem","position":1,"name":"Accueil","item":"https:\/\/www.africa-press.net\/cotedivoire\/"},{"@type":"ListItem","position":2,"name":"Enseignement Sup\u00e9rieur, Adama Diawara veut r\u00e9guler le d\u00e9cret relatif aux charges dues et aux taux horaires des heures compl\u00e9mentaires des enseignants"}]},{"@type":"WebSite","@id":"https:\/\/www.africa-press.net\/cotedivoire\/#website","url":"https:\/\/www.africa-press.net\/cotedivoire\/","name":"C\u00f4te d&#039;Ivoire","description":"Just another Africa News Agency Sites site","potentialAction":[{"@type":"SearchAction","target":{"@type":"EntryPoint","urlTemplate":"https:\/\/www.africa-press.net\/cotedivoire\/?s={search_term_string}"},"query-input":{"@type":"PropertyValueSpecification","valueRequired":true,"valueName":"search_term_string"}}],"inLanguage":"fr-FR"},{"@type":"Person","@id":"https:\/\/www.africa-press.net\/cotedivoire\/#\/schema\/person\/2b1cf3cd81a31e3cd26889ca66d677f1","name":"cfeditorfr"}]}},"_links":{"self":[{"href":"https:\/\/www.africa-press.net\/cotedivoire\/wp-json\/wp\/v2\/posts\/74038","targetHints":{"allow":["GET"]}}],"collection":[{"href":"https:\/\/www.africa-press.net\/cotedivoire\/wp-json\/wp\/v2\/posts"}],"about":[{"href":"https:\/\/www.africa-press.net\/cotedivoire\/wp-json\/wp\/v2\/types\/post"}],"author":[{"embeddable":true,"href":"https:\/\/www.africa-press.net\/cotedivoire\/wp-json\/wp\/v2\/users\/82"}],"replies":[{"embeddable":true,"href":"https:\/\/www.africa-press.net\/cotedivoire\/wp-json\/wp\/v2\/comments?post=74038"}],"version-history":[{"count":0,"href":"https:\/\/www.africa-press.net\/cotedivoire\/wp-json\/wp\/v2\/posts\/74038\/revisions"}],"wp:featuredmedia":[{"embeddable":true,"href":"https:\/\/www.africa-press.net\/cotedivoire\/wp-json\/wp\/v2\/media\/74036"}],"wp:attachment":[{"href":"https:\/\/www.africa-press.net\/cotedivoire\/wp-json\/wp\/v2\/media?parent=74038"}],"wp:term":[{"taxonomy":"category","embeddable":true,"href":"https:\/\/www.africa-press.net\/cotedivoire\/wp-json\/wp\/v2\/categories?post=74038"},{"taxonomy":"post_tag","embeddable":true,"href":"https:\/\/www.africa-press.net\/cotedivoire\/wp-json\/wp\/v2\/tags?post=74038"}],"curies":[{"name":"wp","href":"https:\/\/api.w.org\/{rel}","templated":true}]}}