{"id":74243,"date":"2024-01-31T17:06:36","date_gmt":"2024-01-31T17:06:36","guid":{"rendered":"https:\/\/www.africa-press.net\/cotedivoire\/politique\/les-elephants-seront-face-a-largentine-de-messi-en-amical-le-mois-de-mars-prochain"},"modified":"2024-01-31T18:49:41","modified_gmt":"2024-01-31T18:49:41","slug":"les-elephants-seront-face-a-largentine-de-messi-en-amical-le-mois-de-mars-prochain","status":"publish","type":"post","link":"https:\/\/www.africa-press.net\/cotedivoire\/sports\/les-elephants-seront-face-a-largentine-de-messi-en-amical-le-mois-de-mars-prochain","title":{"rendered":"Les \u00e9l\u00e9phants seront face \u00e0 l&rsquo;Argentine de Messi en amical le mois de mars prochain"},"content":{"rendered":"<p><span style=\"color: #ff6600\"><strong>Africa-Press &#8211; C\u00f4te d&rsquo;Ivoire. <\/strong><\/span>L&rsquo;Argentine, championne en titre des Ame\u0301riques et de la Coupe du monde, affrontera le Nigeria et la Co\u0302te d&rsquo;Ivoire lors de la journe\u0301e FIFA du mois de mars.<\/p>\n<p>Les matches, pre\u0301vus les 18 et 26 mars, se de\u0301rouleront en Chine. L&rsquo;e\u0301quipe nationale d&rsquo;Argentine, entrai\u0302ne\u0301e par Lionel Scaloni, affrontera le Nigeria et la Co\u0302te d&rsquo;Ivoire lors de la tourne\u0301e que l&rsquo;Albiceleste effectuera en Chine entre le 18 et le 26 mars, profitant de la date fixe\u0301e par la FIFA.<\/p>\n<p>La Fe\u0301de\u0301ration argentine de football (AFA) a indique\u0301 lundi dans un communique\u0301 que les champions du monde en titre joueront d&rsquo;abord contre les Nige\u0301rians au stade Olympics Sports Center de la ville d&rsquo;Hangzhou.<\/p>\n<p>Le second match, contre la Co\u0302te d&rsquo;Ivoire, se de\u0301roulera au stade des travailleurs de Pe\u0301kin.<\/p>\n<p>Les deux e\u0301quipes participent actuellement a\u0300 la Coupe d&rsquo;Afrique des Nations, ou\u0300 elles se sont toutes deux qualifie\u0301es pour les quarts de finale du tournoi.<\/p>\n<p><strong>Pour plus d&rsquo;informations et d&rsquo;analyses sur la <a href=\"https:\/\/www.africa-press.net\/cotedivoire\">C\u00f4te d&rsquo;Ivoire<\/a>, suivez <a href=\"https:\/\/www.africa-press.net\/\">Africa-Press<\/a><\/strong><\/p>\n","protected":false},"excerpt":{"rendered":"<p>Africa-Press &#8211; C\u00f4te d&rsquo;Ivoire. L&rsquo;Argentine, championne en titre des Ame\u0301riques et de la Coupe du monde, affrontera le Nigeria et la Co\u0302te d&rsquo;Ivoire lors de la journe\u0301e FIFA du mois de mars. Les matches, pre\u0301vus les 18 et 26 mars, se de\u0301rouleront en Chine. L&rsquo;e\u0301quipe nationale d&rsquo;Argentine, entrai\u0302ne\u0301e par Lionel Scaloni, affrontera le Nigeria et [&hellip;]<\/p>\n","protected":false},"author":82,"featured_media":74242,"comment_status":"open","ping_status":"closed","sticky":false,"template":"","format":"standard","meta":{"footnotes":""},"categories":[6,10],"tags":[6012,56,63,11498,8394,29,569,100],"class_list":["post-74243","post","type-post","status-publish","format-standard","has-post-thumbnail","hentry","category-sports","category-toutes-les-actualites","tag-afa","tag-africa-press","tag-africa-press-cote-divoire","tag-amical","tag-argentine","tag-cote-divoire","tag-fifa","tag-nigeria"],"yoast_head":"<!-- This site is optimized with the Yoast SEO Premium plugin v26.1 (Yoast SEO v27.0) - https:\/\/yoast.com\/product\/yoast-seo-premium-wordpress\/ -->\n<title>Les \u00e9l\u00e9phants seront face \u00e0 l&#039;Argentine de Messi en amical le mois de mars prochain - C\u00f4te d&#039;Ivoire<\/title>\n<meta name=\"description\" content=\"L&#039;Argentine, championne en titre des Ame\u0301riques et de la Coupe du monde, affrontera le Nigeria et la Co\u0302te d&#039;Ivoire lors ...\" \/>\n<meta name=\"robots\" content=\"index, follow, max-snippet:-1, max-image-preview:large, max-video-preview:-1\" \/>\n<link rel=\"canonical\" href=\"https:\/\/www.africa-press.net\/cotedivoire\/sports\/les-elephants-seront-face-a-largentine-de-messi-en-amical-le-mois-de-mars-prochain\" \/>\n<meta property=\"og:locale\" content=\"fr_FR\" \/>\n<meta property=\"og:type\" content=\"article\" \/>\n<meta property=\"og:title\" content=\"Les \u00e9l\u00e9phants seront face \u00e0 l&#039;Argentine de Messi en amical le mois de mars prochain\" \/>\n<meta property=\"og:description\" content=\"L&#039;Argentine, championne en titre des Ame\u0301riques et de la Coupe du monde, affrontera le Nigeria et la Co\u0302te d&#039;Ivoire lors ...\" \/>\n<meta property=\"og:url\" content=\"https:\/\/www.africa-press.net\/cotedivoire\/sports\/les-elephants-seront-face-a-largentine-de-messi-en-amical-le-mois-de-mars-prochain\" \/>\n<meta property=\"og:site_name\" content=\"C\u00f4te d&#039;Ivoire\" \/>\n<meta property=\"article:published_time\" content=\"2024-01-31T17:06:36+00:00\" \/>\n<meta property=\"article:modified_time\" content=\"2024-01-31T18:49:41+00:00\" \/>\n<meta property=\"og:image\" content=\"https:\/\/static.africa-press.net\/cote\/sites\/43\/2024\/01\/sm_1706711994.618911.jpg\" \/>\n\t<meta property=\"og:image:width\" content=\"720\" \/>\n\t<meta property=\"og:image:height\" content=\"481\" \/>\n\t<meta property=\"og:image:type\" content=\"image\/jpeg\" \/>\n<meta name=\"author\" content=\"cfeditorfr\" \/>\n<meta name=\"twitter:card\" content=\"summary_large_image\" \/>\n<meta name=\"twitter:label1\" content=\"\u00c9crit par\" \/>\n\t<meta name=\"twitter:data1\" content=\"cfeditorfr\" \/>\n\t<meta name=\"twitter:label2\" content=\"Dur\u00e9e de lecture estim\u00e9e\" \/>\n\t<meta name=\"twitter:data2\" content=\"2 minutes\" \/>\n<script type=\"application\/ld+json\" class=\"yoast-schema-graph\">{\"@context\":\"https:\/\/schema.org\",\"@graph\":[{\"@type\":\"Article\",\"@id\":\"https:\/\/www.africa-press.net\/cotedivoire\/sports\/les-elephants-seront-face-a-largentine-de-messi-en-amical-le-mois-de-mars-prochain#article\",\"isPartOf\":{\"@id\":\"https:\/\/www.africa-press.net\/cotedivoire\/sports\/les-elephants-seront-face-a-largentine-de-messi-en-amical-le-mois-de-mars-prochain\"},\"author\":{\"name\":\"cfeditorfr\",\"@id\":\"https:\/\/www.africa-press.net\/cotedivoire\/#\/schema\/person\/2b1cf3cd81a31e3cd26889ca66d677f1\"},\"headline\":\"Les \u00e9l\u00e9phants seront face \u00e0 l&rsquo;Argentine de Messi en amical le mois de mars prochain\",\"datePublished\":\"2024-01-31T17:06:36+00:00\",\"dateModified\":\"2024-01-31T18:49:41+00:00\",\"mainEntityOfPage\":{\"@id\":\"https:\/\/www.africa-press.net\/cotedivoire\/sports\/les-elephants-seront-face-a-largentine-de-messi-en-amical-le-mois-de-mars-prochain\"},\"wordCount\":213,\"commentCount\":0,\"image\":{\"@id\":\"https:\/\/www.africa-press.net\/cotedivoire\/sports\/les-elephants-seront-face-a-largentine-de-messi-en-amical-le-mois-de-mars-prochain#primaryimage\"},\"thumbnailUrl\":\"https:\/\/static.africa-press.net\/cote\/sites\/43\/2024\/01\/sm_1706711994.618911.jpg\",\"keywords\":[\"AFA\",\"Africa Press\",\"Africa Press-C\u00f4te d'Ivoire\",\"amical\",\"Argentine\",\"C\u00d4TE D'IVOIRE\",\"FIFA\",\"Nigeria\"],\"articleSection\":[\"Sports\",\"Toutes les actualit\u00e9s\"],\"inLanguage\":\"fr-FR\",\"potentialAction\":[{\"@type\":\"CommentAction\",\"name\":\"Comment\",\"target\":[\"https:\/\/www.africa-press.net\/cotedivoire\/sports\/les-elephants-seront-face-a-largentine-de-messi-en-amical-le-mois-de-mars-prochain#respond\"]}]},{\"@type\":\"WebPage\",\"@id\":\"https:\/\/www.africa-press.net\/cotedivoire\/sports\/les-elephants-seront-face-a-largentine-de-messi-en-amical-le-mois-de-mars-prochain\",\"url\":\"https:\/\/www.africa-press.net\/cotedivoire\/sports\/les-elephants-seront-face-a-largentine-de-messi-en-amical-le-mois-de-mars-prochain\",\"name\":\"Les \u00e9l\u00e9phants seront face \u00e0 l'Argentine de Messi en amical le mois de mars prochain - C\u00f4te d&#039;Ivoire\",\"isPartOf\":{\"@id\":\"https:\/\/www.africa-press.net\/cotedivoire\/#website\"},\"primaryImageOfPage\":{\"@id\":\"https:\/\/www.africa-press.net\/cotedivoire\/sports\/les-elephants-seront-face-a-largentine-de-messi-en-amical-le-mois-de-mars-prochain#primaryimage\"},\"image\":{\"@id\":\"https:\/\/www.africa-press.net\/cotedivoire\/sports\/les-elephants-seront-face-a-largentine-de-messi-en-amical-le-mois-de-mars-prochain#primaryimage\"},\"thumbnailUrl\":\"https:\/\/static.africa-press.net\/cote\/sites\/43\/2024\/01\/sm_1706711994.618911.jpg\",\"datePublished\":\"2024-01-31T17:06:36+00:00\",\"dateModified\":\"2024-01-31T18:49:41+00:00\",\"author\":{\"@id\":\"https:\/\/www.africa-press.net\/cotedivoire\/#\/schema\/person\/2b1cf3cd81a31e3cd26889ca66d677f1\"},\"description\":\"L'Argentine, championne en titre des Ame\u0301riques et de la Coupe du monde, affrontera le Nigeria et la Co\u0302te d'Ivoire lors ...\",\"breadcrumb\":{\"@id\":\"https:\/\/www.africa-press.net\/cotedivoire\/sports\/les-elephants-seront-face-a-largentine-de-messi-en-amical-le-mois-de-mars-prochain#breadcrumb\"},\"inLanguage\":\"fr-FR\",\"potentialAction\":[{\"@type\":\"ReadAction\",\"target\":[\"https:\/\/www.africa-press.net\/cotedivoire\/sports\/les-elephants-seront-face-a-largentine-de-messi-en-amical-le-mois-de-mars-prochain\"]}]},{\"@type\":\"ImageObject\",\"inLanguage\":\"fr-FR\",\"@id\":\"https:\/\/www.africa-press.net\/cotedivoire\/sports\/les-elephants-seront-face-a-largentine-de-messi-en-amical-le-mois-de-mars-prochain#primaryimage\",\"url\":\"https:\/\/static.africa-press.net\/cote\/sites\/43\/2024\/01\/sm_1706711994.618911.jpg\",\"contentUrl\":\"https:\/\/static.africa-press.net\/cote\/sites\/43\/2024\/01\/sm_1706711994.618911.jpg\",\"width\":720,\"height\":481,\"caption\":\"Les \u00e9l\u00e9phants seront face \u00e0 l'Argentine de Messi en amical le mois de mars prochain\"},{\"@type\":\"BreadcrumbList\",\"@id\":\"https:\/\/www.africa-press.net\/cotedivoire\/sports\/les-elephants-seront-face-a-largentine-de-messi-en-amical-le-mois-de-mars-prochain#breadcrumb\",\"itemListElement\":[{\"@type\":\"ListItem\",\"position\":1,\"name\":\"Accueil\",\"item\":\"https:\/\/www.africa-press.net\/cotedivoire\/\"},{\"@type\":\"ListItem\",\"position\":2,\"name\":\"Les \u00e9l\u00e9phants seront face \u00e0 l&#8217;Argentine de Messi en amical le mois de mars prochain\"}]},{\"@type\":\"WebSite\",\"@id\":\"https:\/\/www.africa-press.net\/cotedivoire\/#website\",\"url\":\"https:\/\/www.africa-press.net\/cotedivoire\/\",\"name\":\"C\u00f4te d&#039;Ivoire\",\"description\":\"Just another Africa News Agency Sites site\",\"potentialAction\":[{\"@type\":\"SearchAction\",\"target\":{\"@type\":\"EntryPoint\",\"urlTemplate\":\"https:\/\/www.africa-press.net\/cotedivoire\/?s={search_term_string}\"},\"query-input\":{\"@type\":\"PropertyValueSpecification\",\"valueRequired\":true,\"valueName\":\"search_term_string\"}}],\"inLanguage\":\"fr-FR\"},{\"@type\":\"Person\",\"@id\":\"https:\/\/www.africa-press.net\/cotedivoire\/#\/schema\/person\/2b1cf3cd81a31e3cd26889ca66d677f1\",\"name\":\"cfeditorfr\"}]}<\/script>\n<!-- \/ Yoast SEO Premium plugin. -->","yoast_head_json":{"title":"Les \u00e9l\u00e9phants seront face \u00e0 l'Argentine de Messi en amical le mois de mars prochain - C\u00f4te d&#039;Ivoire","description":"L'Argentine, championne en titre des Ame\u0301riques et de la Coupe du monde, affrontera le Nigeria et la Co\u0302te d'Ivoire lors ...","robots":{"index":"index","follow":"follow","max-snippet":"max-snippet:-1","max-image-preview":"max-image-preview:large","max-video-preview":"max-video-preview:-1"},"canonical":"https:\/\/www.africa-press.net\/cotedivoire\/sports\/les-elephants-seront-face-a-largentine-de-messi-en-amical-le-mois-de-mars-prochain","og_locale":"fr_FR","og_type":"article","og_title":"Les \u00e9l\u00e9phants seront face \u00e0 l'Argentine de Messi en amical le mois de mars prochain","og_description":"L'Argentine, championne en titre des Ame\u0301riques et de la Coupe du monde, affrontera le Nigeria et la Co\u0302te d'Ivoire lors ...","og_url":"https:\/\/www.africa-press.net\/cotedivoire\/sports\/les-elephants-seront-face-a-largentine-de-messi-en-amical-le-mois-de-mars-prochain","og_site_name":"C\u00f4te d&#039;Ivoire","article_published_time":"2024-01-31T17:06:36+00:00","article_modified_time":"2024-01-31T18:49:41+00:00","og_image":[{"width":720,"height":481,"url":"https:\/\/static.africa-press.net\/cote\/sites\/43\/2024\/01\/sm_1706711994.618911.jpg","type":"image\/jpeg"}],"author":"cfeditorfr","twitter_card":"summary_large_image","twitter_misc":{"\u00c9crit par":"cfeditorfr","Dur\u00e9e de lecture estim\u00e9e":"2 minutes"},"schema":{"@context":"https:\/\/schema.org","@graph":[{"@type":"Article","@id":"https:\/\/www.africa-press.net\/cotedivoire\/sports\/les-elephants-seront-face-a-largentine-de-messi-en-amical-le-mois-de-mars-prochain#article","isPartOf":{"@id":"https:\/\/www.africa-press.net\/cotedivoire\/sports\/les-elephants-seront-face-a-largentine-de-messi-en-amical-le-mois-de-mars-prochain"},"author":{"name":"cfeditorfr","@id":"https:\/\/www.africa-press.net\/cotedivoire\/#\/schema\/person\/2b1cf3cd81a31e3cd26889ca66d677f1"},"headline":"Les \u00e9l\u00e9phants seront face \u00e0 l&rsquo;Argentine de Messi en amical le mois de mars prochain","datePublished":"2024-01-31T17:06:36+00:00","dateModified":"2024-01-31T18:49:41+00:00","mainEntityOfPage":{"@id":"https:\/\/www.africa-press.net\/cotedivoire\/sports\/les-elephants-seront-face-a-largentine-de-messi-en-amical-le-mois-de-mars-prochain"},"wordCount":213,"commentCount":0,"image":{"@id":"https:\/\/www.africa-press.net\/cotedivoire\/sports\/les-elephants-seront-face-a-largentine-de-messi-en-amical-le-mois-de-mars-prochain#primaryimage"},"thumbnailUrl":"https:\/\/static.africa-press.net\/cote\/sites\/43\/2024\/01\/sm_1706711994.618911.jpg","keywords":["AFA","Africa Press","Africa Press-C\u00f4te d'Ivoire","amical","Argentine","C\u00d4TE D'IVOIRE","FIFA","Nigeria"],"articleSection":["Sports","Toutes les actualit\u00e9s"],"inLanguage":"fr-FR","potentialAction":[{"@type":"CommentAction","name":"Comment","target":["https:\/\/www.africa-press.net\/cotedivoire\/sports\/les-elephants-seront-face-a-largentine-de-messi-en-amical-le-mois-de-mars-prochain#respond"]}]},{"@type":"WebPage","@id":"https:\/\/www.africa-press.net\/cotedivoire\/sports\/les-elephants-seront-face-a-largentine-de-messi-en-amical-le-mois-de-mars-prochain","url":"https:\/\/www.africa-press.net\/cotedivoire\/sports\/les-elephants-seront-face-a-largentine-de-messi-en-amical-le-mois-de-mars-prochain","name":"Les \u00e9l\u00e9phants seront face \u00e0 l'Argentine de Messi en amical le mois de mars prochain - C\u00f4te d&#039;Ivoire","isPartOf":{"@id":"https:\/\/www.africa-press.net\/cotedivoire\/#website"},"primaryImageOfPage":{"@id":"https:\/\/www.africa-press.net\/cotedivoire\/sports\/les-elephants-seront-face-a-largentine-de-messi-en-amical-le-mois-de-mars-prochain#primaryimage"},"image":{"@id":"https:\/\/www.africa-press.net\/cotedivoire\/sports\/les-elephants-seront-face-a-largentine-de-messi-en-amical-le-mois-de-mars-prochain#primaryimage"},"thumbnailUrl":"https:\/\/static.africa-press.net\/cote\/sites\/43\/2024\/01\/sm_1706711994.618911.jpg","datePublished":"2024-01-31T17:06:36+00:00","dateModified":"2024-01-31T18:49:41+00:00","author":{"@id":"https:\/\/www.africa-press.net\/cotedivoire\/#\/schema\/person\/2b1cf3cd81a31e3cd26889ca66d677f1"},"description":"L'Argentine, championne en titre des Ame\u0301riques et de la Coupe du monde, affrontera le Nigeria et la Co\u0302te d'Ivoire lors ...","breadcrumb":{"@id":"https:\/\/www.africa-press.net\/cotedivoire\/sports\/les-elephants-seront-face-a-largentine-de-messi-en-amical-le-mois-de-mars-prochain#breadcrumb"},"inLanguage":"fr-FR","potentialAction":[{"@type":"ReadAction","target":["https:\/\/www.africa-press.net\/cotedivoire\/sports\/les-elephants-seront-face-a-largentine-de-messi-en-amical-le-mois-de-mars-prochain"]}]},{"@type":"ImageObject","inLanguage":"fr-FR","@id":"https:\/\/www.africa-press.net\/cotedivoire\/sports\/les-elephants-seront-face-a-largentine-de-messi-en-amical-le-mois-de-mars-prochain#primaryimage","url":"https:\/\/static.africa-press.net\/cote\/sites\/43\/2024\/01\/sm_1706711994.618911.jpg","contentUrl":"https:\/\/static.africa-press.net\/cote\/sites\/43\/2024\/01\/sm_1706711994.618911.jpg","width":720,"height":481,"caption":"Les \u00e9l\u00e9phants seront face \u00e0 l'Argentine de Messi en amical le mois de mars prochain"},{"@type":"BreadcrumbList","@id":"https:\/\/www.africa-press.net\/cotedivoire\/sports\/les-elephants-seront-face-a-largentine-de-messi-en-amical-le-mois-de-mars-prochain#breadcrumb","itemListElement":[{"@type":"ListItem","position":1,"name":"Accueil","item":"https:\/\/www.africa-press.net\/cotedivoire\/"},{"@type":"ListItem","position":2,"name":"Les \u00e9l\u00e9phants seront face \u00e0 l&#8217;Argentine de Messi en amical le mois de mars prochain"}]},{"@type":"WebSite","@id":"https:\/\/www.africa-press.net\/cotedivoire\/#website","url":"https:\/\/www.africa-press.net\/cotedivoire\/","name":"C\u00f4te d&#039;Ivoire","description":"Just another Africa News Agency Sites site","potentialAction":[{"@type":"SearchAction","target":{"@type":"EntryPoint","urlTemplate":"https:\/\/www.africa-press.net\/cotedivoire\/?s={search_term_string}"},"query-input":{"@type":"PropertyValueSpecification","valueRequired":true,"valueName":"search_term_string"}}],"inLanguage":"fr-FR"},{"@type":"Person","@id":"https:\/\/www.africa-press.net\/cotedivoire\/#\/schema\/person\/2b1cf3cd81a31e3cd26889ca66d677f1","name":"cfeditorfr"}]}},"_links":{"self":[{"href":"https:\/\/www.africa-press.net\/cotedivoire\/wp-json\/wp\/v2\/posts\/74243","targetHints":{"allow":["GET"]}}],"collection":[{"href":"https:\/\/www.africa-press.net\/cotedivoire\/wp-json\/wp\/v2\/posts"}],"about":[{"href":"https:\/\/www.africa-press.net\/cotedivoire\/wp-json\/wp\/v2\/types\/post"}],"author":[{"embeddable":true,"href":"https:\/\/www.africa-press.net\/cotedivoire\/wp-json\/wp\/v2\/users\/82"}],"replies":[{"embeddable":true,"href":"https:\/\/www.africa-press.net\/cotedivoire\/wp-json\/wp\/v2\/comments?post=74243"}],"version-history":[{"count":0,"href":"https:\/\/www.africa-press.net\/cotedivoire\/wp-json\/wp\/v2\/posts\/74243\/revisions"}],"wp:featuredmedia":[{"embeddable":true,"href":"https:\/\/www.africa-press.net\/cotedivoire\/wp-json\/wp\/v2\/media\/74242"}],"wp:attachment":[{"href":"https:\/\/www.africa-press.net\/cotedivoire\/wp-json\/wp\/v2\/media?parent=74243"}],"wp:term":[{"taxonomy":"category","embeddable":true,"href":"https:\/\/www.africa-press.net\/cotedivoire\/wp-json\/wp\/v2\/categories?post=74243"},{"taxonomy":"post_tag","embeddable":true,"href":"https:\/\/www.africa-press.net\/cotedivoire\/wp-json\/wp\/v2\/tags?post=74243"}],"curies":[{"name":"wp","href":"https:\/\/api.w.org\/{rel}","templated":true}]}}