{"id":74407,"date":"2024-02-02T18:57:55","date_gmt":"2024-02-02T18:57:55","guid":{"rendered":"https:\/\/www.africa-press.net\/cotedivoire\/politique\/faci-vers-le-renforcement-des-ressources-humaines-par-ladoption-de-nouveaux-modes-de-recrutement-en-2024"},"modified":"2024-02-02T20:14:49","modified_gmt":"2024-02-02T20:14:49","slug":"faci-vers-le-renforcement-des-ressources-humaines-par-ladoption-de-nouveaux-modes-de-recrutement-en-2024","status":"publish","type":"post","link":"https:\/\/www.africa-press.net\/cotedivoire\/toutes-les-actualites\/faci-vers-le-renforcement-des-ressources-humaines-par-ladoption-de-nouveaux-modes-de-recrutement-en-2024","title":{"rendered":"FACI, vers le renforcement des ressources humaines par l&rsquo;adoption de nouveaux modes de recrutement en 2024"},"content":{"rendered":"<p><span style=\"color: #ff6600\"><strong>Africa-Press &#8211; C\u00f4te d&rsquo;Ivoire. <\/strong><\/span>La traditionnelle ce\u0301re\u0301monie de pre\u0301sentation de v\u0153ux au Ministre d\u2019Etat, Ministre de la De\u0301fense, Monsieur Te\u0301ne\u0301 Birahima Ouattara s\u2019est tenue le jeudi 1er fe\u0301vrier 2024, au cabinet du dit ministe\u0300re, sis au Groupement Ministe\u0301riel des Moyens Ge\u0301ne\u0301raux (GMMG).<\/p>\n<p>Les Ge\u0301ne\u0301raux de Corps d\u2019Arme\u0301e Lassina Doumbia et Toure\u0301 Alexandre Apalo, respectivement Chef d\u2019Etat-Major Ge\u0301ne\u0301ral des Arme\u0301es et Commandant supe\u0301rieur de la Gendarmerie nationale ainsi que les Chefs de composantes et de subdivisions y ont pris part.<\/p>\n<p>A\u0300 cette occasion, le Chef d\u2019Etat-Major Ge\u0301ne\u0301ral des Arme\u0301es, le Ge\u0301ne\u0301ral de Corps d\u2019Arme\u0301e Lassina Doumbia a releve\u0301 les succe\u0300s engrange\u0301s par les Arme\u0301es et la Gendarmerie nationale dans le sens d\u2019une se\u0301curite\u0301 de proximite\u0301 et d\u2019un lien Arme\u0301e-nation plus fort. Il a par la suite annonce\u0301 les perspectives pour 2024 avec pour objectifs: \u00ab le renforcement des ressources humaines par l\u2019adoption de nouveaux modes de recrutement, l\u2019e\u0301laboration d\u2019un parcours professionnel e\u0301litiste pour chacun des domaines d\u2019emploi et la vivification du lien Arme\u0301e-Nation a\u0300 travers des projets relevant du service aux populations \u00bb.<\/p>\n<p>Le patron de la grande muette a souligne\u0301 que la Gendarmerie nationale verra son maillage renforce\u0301 pour mieux adapter sa posture aux menaces se\u0301curitaires toujours plus croissantes et constantes.<\/p>\n<p>Quant au Ministre Te\u0301ne\u0301 Birahima Ouattara, il a salue\u0301 la de\u0301termination des Arme\u0301es et de la Gendarmerie nationale a\u0300 adapter leurs actions et postures afin de pre\u0301server la quie\u0301tude des populations et permettre a\u0300 la Co\u0302te d\u2019Ivoire de poursuivre son de\u0301veloppement e\u0301conomique.<\/p>\n<p>\u00ab Ceci passe par une formation de vos hommes et une parfaite utilisation des e\u0301quipements de plus en plus sophistique\u0301s mis a\u0300 votre disposition \u00bb, a-t-il rappele\u0301 avant de demander aux Forces de De\u0301fense et de Se\u0301curite\u0301 de tout mettre en \u0153uvre pour me\u0301riter la confiance du Chef de l\u2019Etat et l\u2019espoir des populations. Pour le tenant du de\u0301partement de la De\u0301fense, l\u2019anne\u0301e 2024, sera plus exigeante au plan se\u0301curitaire que 2023.<\/p>\n<p>\u00ab Nous devons maintenir le cap d\u2019une arme\u0301e qui a retrouve\u0301 son dynamisme. Je sais que vous trouverez en vous les ressources morales et l\u2019e\u0301nergie ne\u0301cessaire pour relever ces de\u0301fis \u00bb, a soutenu le Ministre qui a promis, entre autres, la finalisation de de\u0301crets portant organisation et fonctionnement des Arme\u0301es et de la Gendarmerie nationale ainsi que les de\u0301crets relatifs aux ressources humaines notamment le statut des e\u0301tudiants militaires et enfants de troupes.<\/p>\n<p><strong>Pour plus d&rsquo;informations et d&rsquo;analyses sur la <a href=\"https:\/\/www.africa-press.net\/cotedivoire\">C\u00f4te d&rsquo;Ivoire<\/a>, suivez <a href=\"https:\/\/www.africa-press.net\/\">Africa-Press<\/a><\/strong><\/p>\n","protected":false},"excerpt":{"rendered":"<p>Africa-Press &#8211; C\u00f4te d&rsquo;Ivoire. La traditionnelle ce\u0301re\u0301monie de pre\u0301sentation de v\u0153ux au Ministre d\u2019Etat, Ministre de la De\u0301fense, Monsieur Te\u0301ne\u0301 Birahima Ouattara s\u2019est tenue le jeudi 1er fe\u0301vrier 2024, au cabinet du dit ministe\u0300re, sis au Groupement Ministe\u0301riel des Moyens Ge\u0301ne\u0301raux (GMMG). Les Ge\u0301ne\u0301raux de Corps d\u2019Arme\u0301e Lassina Doumbia et Toure\u0301 Alexandre Apalo, respectivement Chef [&hellip;]<\/p>\n","protected":false},"author":82,"featured_media":74405,"comment_status":"open","ping_status":"closed","sticky":false,"template":"","format":"standard","meta":{"footnotes":""},"categories":[21,10],"tags":[56,63,3192,29,488,1898,614,6257,2123],"class_list":["post-74407","post","type-post","status-publish","format-standard","has-post-thumbnail","hentry","category-communaute","category-toutes-les-actualites","tag-africa-press","tag-africa-press-cote-divoire","tag-apalo-toure","tag-cote-divoire","tag-humaines","tag-lassina-doumbia","tag-recrutement","tag-ressources","tag-tene-birahima-ouattara"],"yoast_head":"<!-- This site is optimized with the Yoast SEO Premium plugin v26.1 (Yoast SEO v27.0) - https:\/\/yoast.com\/product\/yoast-seo-premium-wordpress\/ -->\n<title>FACI, vers le renforcement des ressources humaines par l&#039;adoption de nouveaux modes de recrutement en 2024 - C\u00f4te d&#039;Ivoire<\/title>\n<meta name=\"description\" content=\"La traditionnelle ce\u0301re\u0301monie de pre\u0301sentation de v\u0153ux au Ministre d\u2019Etat, Ministre de la De\u0301fense, Monsieur Te\u0301ne\u0301 Bira ...\" \/>\n<meta name=\"robots\" content=\"index, follow, max-snippet:-1, max-image-preview:large, max-video-preview:-1\" \/>\n<link rel=\"canonical\" href=\"https:\/\/www.africa-press.net\/cotedivoire\/toutes-les-actualites\/faci-vers-le-renforcement-des-ressources-humaines-par-ladoption-de-nouveaux-modes-de-recrutement-en-2024\" \/>\n<meta property=\"og:locale\" content=\"fr_FR\" \/>\n<meta property=\"og:type\" content=\"article\" \/>\n<meta property=\"og:title\" content=\"FACI, vers le renforcement des ressources humaines par l&#039;adoption de nouveaux modes de recrutement en 2024\" \/>\n<meta property=\"og:description\" content=\"La traditionnelle ce\u0301re\u0301monie de pre\u0301sentation de v\u0153ux au Ministre d\u2019Etat, Ministre de la De\u0301fense, Monsieur Te\u0301ne\u0301 Bira ...\" \/>\n<meta property=\"og:url\" content=\"https:\/\/www.africa-press.net\/cotedivoire\/toutes-les-actualites\/faci-vers-le-renforcement-des-ressources-humaines-par-ladoption-de-nouveaux-modes-de-recrutement-en-2024\" \/>\n<meta property=\"og:site_name\" content=\"C\u00f4te d&#039;Ivoire\" \/>\n<meta property=\"article:published_time\" content=\"2024-02-02T18:57:55+00:00\" \/>\n<meta property=\"article:modified_time\" content=\"2024-02-02T20:14:49+00:00\" \/>\n<meta property=\"og:image\" content=\"https:\/\/static.africa-press.net\/cote\/sites\/43\/2024\/02\/sm_1706889275.015651.jpg\" \/>\n\t<meta property=\"og:image:width\" content=\"720\" \/>\n\t<meta property=\"og:image:height\" content=\"480\" \/>\n\t<meta property=\"og:image:type\" content=\"image\/jpeg\" \/>\n<meta name=\"author\" content=\"cfeditorfr\" \/>\n<meta name=\"twitter:card\" content=\"summary_large_image\" \/>\n<meta name=\"twitter:label1\" content=\"\u00c9crit par\" \/>\n\t<meta name=\"twitter:data1\" content=\"cfeditorfr\" \/>\n\t<meta name=\"twitter:label2\" content=\"Dur\u00e9e de lecture estim\u00e9e\" \/>\n\t<meta name=\"twitter:data2\" content=\"3 minutes\" \/>\n<script type=\"application\/ld+json\" class=\"yoast-schema-graph\">{\"@context\":\"https:\/\/schema.org\",\"@graph\":[{\"@type\":\"Article\",\"@id\":\"https:\/\/www.africa-press.net\/cotedivoire\/toutes-les-actualites\/faci-vers-le-renforcement-des-ressources-humaines-par-ladoption-de-nouveaux-modes-de-recrutement-en-2024#article\",\"isPartOf\":{\"@id\":\"https:\/\/www.africa-press.net\/cotedivoire\/toutes-les-actualites\/faci-vers-le-renforcement-des-ressources-humaines-par-ladoption-de-nouveaux-modes-de-recrutement-en-2024\"},\"author\":{\"name\":\"cfeditorfr\",\"@id\":\"https:\/\/www.africa-press.net\/cotedivoire\/#\/schema\/person\/2b1cf3cd81a31e3cd26889ca66d677f1\"},\"headline\":\"FACI, vers le renforcement des ressources humaines par l&rsquo;adoption de nouveaux modes de recrutement en 2024\",\"datePublished\":\"2024-02-02T18:57:55+00:00\",\"dateModified\":\"2024-02-02T20:14:49+00:00\",\"mainEntityOfPage\":{\"@id\":\"https:\/\/www.africa-press.net\/cotedivoire\/toutes-les-actualites\/faci-vers-le-renforcement-des-ressources-humaines-par-ladoption-de-nouveaux-modes-de-recrutement-en-2024\"},\"wordCount\":487,\"commentCount\":0,\"image\":{\"@id\":\"https:\/\/www.africa-press.net\/cotedivoire\/toutes-les-actualites\/faci-vers-le-renforcement-des-ressources-humaines-par-ladoption-de-nouveaux-modes-de-recrutement-en-2024#primaryimage\"},\"thumbnailUrl\":\"https:\/\/static.africa-press.net\/cote\/sites\/43\/2024\/02\/sm_1706889275.015651.jpg\",\"keywords\":[\"Africa Press\",\"Africa Press-C\u00f4te d'Ivoire\",\"Apalo Tour\u00e9\",\"C\u00d4TE D'IVOIRE\",\"humaines\",\"Lassina Doumbia\",\"recrutement\",\"ressources\",\"T\u00e9n\u00e9 Birahima Ouattara\"],\"articleSection\":[\"Communaut\u00e9\",\"Toutes les actualit\u00e9s\"],\"inLanguage\":\"fr-FR\",\"potentialAction\":[{\"@type\":\"CommentAction\",\"name\":\"Comment\",\"target\":[\"https:\/\/www.africa-press.net\/cotedivoire\/toutes-les-actualites\/faci-vers-le-renforcement-des-ressources-humaines-par-ladoption-de-nouveaux-modes-de-recrutement-en-2024#respond\"]}]},{\"@type\":\"WebPage\",\"@id\":\"https:\/\/www.africa-press.net\/cotedivoire\/toutes-les-actualites\/faci-vers-le-renforcement-des-ressources-humaines-par-ladoption-de-nouveaux-modes-de-recrutement-en-2024\",\"url\":\"https:\/\/www.africa-press.net\/cotedivoire\/toutes-les-actualites\/faci-vers-le-renforcement-des-ressources-humaines-par-ladoption-de-nouveaux-modes-de-recrutement-en-2024\",\"name\":\"FACI, vers le renforcement des ressources humaines par l'adoption de nouveaux modes de recrutement en 2024 - C\u00f4te d&#039;Ivoire\",\"isPartOf\":{\"@id\":\"https:\/\/www.africa-press.net\/cotedivoire\/#website\"},\"primaryImageOfPage\":{\"@id\":\"https:\/\/www.africa-press.net\/cotedivoire\/toutes-les-actualites\/faci-vers-le-renforcement-des-ressources-humaines-par-ladoption-de-nouveaux-modes-de-recrutement-en-2024#primaryimage\"},\"image\":{\"@id\":\"https:\/\/www.africa-press.net\/cotedivoire\/toutes-les-actualites\/faci-vers-le-renforcement-des-ressources-humaines-par-ladoption-de-nouveaux-modes-de-recrutement-en-2024#primaryimage\"},\"thumbnailUrl\":\"https:\/\/static.africa-press.net\/cote\/sites\/43\/2024\/02\/sm_1706889275.015651.jpg\",\"datePublished\":\"2024-02-02T18:57:55+00:00\",\"dateModified\":\"2024-02-02T20:14:49+00:00\",\"author\":{\"@id\":\"https:\/\/www.africa-press.net\/cotedivoire\/#\/schema\/person\/2b1cf3cd81a31e3cd26889ca66d677f1\"},\"description\":\"La traditionnelle ce\u0301re\u0301monie de pre\u0301sentation de v\u0153ux au Ministre d\u2019Etat, Ministre de la De\u0301fense, Monsieur Te\u0301ne\u0301 Bira ...\",\"breadcrumb\":{\"@id\":\"https:\/\/www.africa-press.net\/cotedivoire\/toutes-les-actualites\/faci-vers-le-renforcement-des-ressources-humaines-par-ladoption-de-nouveaux-modes-de-recrutement-en-2024#breadcrumb\"},\"inLanguage\":\"fr-FR\",\"potentialAction\":[{\"@type\":\"ReadAction\",\"target\":[\"https:\/\/www.africa-press.net\/cotedivoire\/toutes-les-actualites\/faci-vers-le-renforcement-des-ressources-humaines-par-ladoption-de-nouveaux-modes-de-recrutement-en-2024\"]}]},{\"@type\":\"ImageObject\",\"inLanguage\":\"fr-FR\",\"@id\":\"https:\/\/www.africa-press.net\/cotedivoire\/toutes-les-actualites\/faci-vers-le-renforcement-des-ressources-humaines-par-ladoption-de-nouveaux-modes-de-recrutement-en-2024#primaryimage\",\"url\":\"https:\/\/static.africa-press.net\/cote\/sites\/43\/2024\/02\/sm_1706889275.015651.jpg\",\"contentUrl\":\"https:\/\/static.africa-press.net\/cote\/sites\/43\/2024\/02\/sm_1706889275.015651.jpg\",\"width\":720,\"height\":480,\"caption\":\"FACI, vers le renforcement des ressources humaines par l'adoption de nouveaux modes de recrutement en 2024\"},{\"@type\":\"BreadcrumbList\",\"@id\":\"https:\/\/www.africa-press.net\/cotedivoire\/toutes-les-actualites\/faci-vers-le-renforcement-des-ressources-humaines-par-ladoption-de-nouveaux-modes-de-recrutement-en-2024#breadcrumb\",\"itemListElement\":[{\"@type\":\"ListItem\",\"position\":1,\"name\":\"Accueil\",\"item\":\"https:\/\/www.africa-press.net\/cotedivoire\/\"},{\"@type\":\"ListItem\",\"position\":2,\"name\":\"FACI, vers le renforcement des ressources humaines par l&#8217;adoption de nouveaux modes de recrutement en 2024\"}]},{\"@type\":\"WebSite\",\"@id\":\"https:\/\/www.africa-press.net\/cotedivoire\/#website\",\"url\":\"https:\/\/www.africa-press.net\/cotedivoire\/\",\"name\":\"C\u00f4te d&#039;Ivoire\",\"description\":\"Just another Africa News Agency Sites site\",\"potentialAction\":[{\"@type\":\"SearchAction\",\"target\":{\"@type\":\"EntryPoint\",\"urlTemplate\":\"https:\/\/www.africa-press.net\/cotedivoire\/?s={search_term_string}\"},\"query-input\":{\"@type\":\"PropertyValueSpecification\",\"valueRequired\":true,\"valueName\":\"search_term_string\"}}],\"inLanguage\":\"fr-FR\"},{\"@type\":\"Person\",\"@id\":\"https:\/\/www.africa-press.net\/cotedivoire\/#\/schema\/person\/2b1cf3cd81a31e3cd26889ca66d677f1\",\"name\":\"cfeditorfr\"}]}<\/script>\n<!-- \/ Yoast SEO Premium plugin. -->","yoast_head_json":{"title":"FACI, vers le renforcement des ressources humaines par l'adoption de nouveaux modes de recrutement en 2024 - C\u00f4te d&#039;Ivoire","description":"La traditionnelle ce\u0301re\u0301monie de pre\u0301sentation de v\u0153ux au Ministre d\u2019Etat, Ministre de la De\u0301fense, Monsieur Te\u0301ne\u0301 Bira ...","robots":{"index":"index","follow":"follow","max-snippet":"max-snippet:-1","max-image-preview":"max-image-preview:large","max-video-preview":"max-video-preview:-1"},"canonical":"https:\/\/www.africa-press.net\/cotedivoire\/toutes-les-actualites\/faci-vers-le-renforcement-des-ressources-humaines-par-ladoption-de-nouveaux-modes-de-recrutement-en-2024","og_locale":"fr_FR","og_type":"article","og_title":"FACI, vers le renforcement des ressources humaines par l'adoption de nouveaux modes de recrutement en 2024","og_description":"La traditionnelle ce\u0301re\u0301monie de pre\u0301sentation de v\u0153ux au Ministre d\u2019Etat, Ministre de la De\u0301fense, Monsieur Te\u0301ne\u0301 Bira ...","og_url":"https:\/\/www.africa-press.net\/cotedivoire\/toutes-les-actualites\/faci-vers-le-renforcement-des-ressources-humaines-par-ladoption-de-nouveaux-modes-de-recrutement-en-2024","og_site_name":"C\u00f4te d&#039;Ivoire","article_published_time":"2024-02-02T18:57:55+00:00","article_modified_time":"2024-02-02T20:14:49+00:00","og_image":[{"width":720,"height":480,"url":"https:\/\/static.africa-press.net\/cote\/sites\/43\/2024\/02\/sm_1706889275.015651.jpg","type":"image\/jpeg"}],"author":"cfeditorfr","twitter_card":"summary_large_image","twitter_misc":{"\u00c9crit par":"cfeditorfr","Dur\u00e9e de lecture estim\u00e9e":"3 minutes"},"schema":{"@context":"https:\/\/schema.org","@graph":[{"@type":"Article","@id":"https:\/\/www.africa-press.net\/cotedivoire\/toutes-les-actualites\/faci-vers-le-renforcement-des-ressources-humaines-par-ladoption-de-nouveaux-modes-de-recrutement-en-2024#article","isPartOf":{"@id":"https:\/\/www.africa-press.net\/cotedivoire\/toutes-les-actualites\/faci-vers-le-renforcement-des-ressources-humaines-par-ladoption-de-nouveaux-modes-de-recrutement-en-2024"},"author":{"name":"cfeditorfr","@id":"https:\/\/www.africa-press.net\/cotedivoire\/#\/schema\/person\/2b1cf3cd81a31e3cd26889ca66d677f1"},"headline":"FACI, vers le renforcement des ressources humaines par l&rsquo;adoption de nouveaux modes de recrutement en 2024","datePublished":"2024-02-02T18:57:55+00:00","dateModified":"2024-02-02T20:14:49+00:00","mainEntityOfPage":{"@id":"https:\/\/www.africa-press.net\/cotedivoire\/toutes-les-actualites\/faci-vers-le-renforcement-des-ressources-humaines-par-ladoption-de-nouveaux-modes-de-recrutement-en-2024"},"wordCount":487,"commentCount":0,"image":{"@id":"https:\/\/www.africa-press.net\/cotedivoire\/toutes-les-actualites\/faci-vers-le-renforcement-des-ressources-humaines-par-ladoption-de-nouveaux-modes-de-recrutement-en-2024#primaryimage"},"thumbnailUrl":"https:\/\/static.africa-press.net\/cote\/sites\/43\/2024\/02\/sm_1706889275.015651.jpg","keywords":["Africa Press","Africa Press-C\u00f4te d'Ivoire","Apalo Tour\u00e9","C\u00d4TE D'IVOIRE","humaines","Lassina Doumbia","recrutement","ressources","T\u00e9n\u00e9 Birahima Ouattara"],"articleSection":["Communaut\u00e9","Toutes les actualit\u00e9s"],"inLanguage":"fr-FR","potentialAction":[{"@type":"CommentAction","name":"Comment","target":["https:\/\/www.africa-press.net\/cotedivoire\/toutes-les-actualites\/faci-vers-le-renforcement-des-ressources-humaines-par-ladoption-de-nouveaux-modes-de-recrutement-en-2024#respond"]}]},{"@type":"WebPage","@id":"https:\/\/www.africa-press.net\/cotedivoire\/toutes-les-actualites\/faci-vers-le-renforcement-des-ressources-humaines-par-ladoption-de-nouveaux-modes-de-recrutement-en-2024","url":"https:\/\/www.africa-press.net\/cotedivoire\/toutes-les-actualites\/faci-vers-le-renforcement-des-ressources-humaines-par-ladoption-de-nouveaux-modes-de-recrutement-en-2024","name":"FACI, vers le renforcement des ressources humaines par l'adoption de nouveaux modes de recrutement en 2024 - C\u00f4te d&#039;Ivoire","isPartOf":{"@id":"https:\/\/www.africa-press.net\/cotedivoire\/#website"},"primaryImageOfPage":{"@id":"https:\/\/www.africa-press.net\/cotedivoire\/toutes-les-actualites\/faci-vers-le-renforcement-des-ressources-humaines-par-ladoption-de-nouveaux-modes-de-recrutement-en-2024#primaryimage"},"image":{"@id":"https:\/\/www.africa-press.net\/cotedivoire\/toutes-les-actualites\/faci-vers-le-renforcement-des-ressources-humaines-par-ladoption-de-nouveaux-modes-de-recrutement-en-2024#primaryimage"},"thumbnailUrl":"https:\/\/static.africa-press.net\/cote\/sites\/43\/2024\/02\/sm_1706889275.015651.jpg","datePublished":"2024-02-02T18:57:55+00:00","dateModified":"2024-02-02T20:14:49+00:00","author":{"@id":"https:\/\/www.africa-press.net\/cotedivoire\/#\/schema\/person\/2b1cf3cd81a31e3cd26889ca66d677f1"},"description":"La traditionnelle ce\u0301re\u0301monie de pre\u0301sentation de v\u0153ux au Ministre d\u2019Etat, Ministre de la De\u0301fense, Monsieur Te\u0301ne\u0301 Bira ...","breadcrumb":{"@id":"https:\/\/www.africa-press.net\/cotedivoire\/toutes-les-actualites\/faci-vers-le-renforcement-des-ressources-humaines-par-ladoption-de-nouveaux-modes-de-recrutement-en-2024#breadcrumb"},"inLanguage":"fr-FR","potentialAction":[{"@type":"ReadAction","target":["https:\/\/www.africa-press.net\/cotedivoire\/toutes-les-actualites\/faci-vers-le-renforcement-des-ressources-humaines-par-ladoption-de-nouveaux-modes-de-recrutement-en-2024"]}]},{"@type":"ImageObject","inLanguage":"fr-FR","@id":"https:\/\/www.africa-press.net\/cotedivoire\/toutes-les-actualites\/faci-vers-le-renforcement-des-ressources-humaines-par-ladoption-de-nouveaux-modes-de-recrutement-en-2024#primaryimage","url":"https:\/\/static.africa-press.net\/cote\/sites\/43\/2024\/02\/sm_1706889275.015651.jpg","contentUrl":"https:\/\/static.africa-press.net\/cote\/sites\/43\/2024\/02\/sm_1706889275.015651.jpg","width":720,"height":480,"caption":"FACI, vers le renforcement des ressources humaines par l'adoption de nouveaux modes de recrutement en 2024"},{"@type":"BreadcrumbList","@id":"https:\/\/www.africa-press.net\/cotedivoire\/toutes-les-actualites\/faci-vers-le-renforcement-des-ressources-humaines-par-ladoption-de-nouveaux-modes-de-recrutement-en-2024#breadcrumb","itemListElement":[{"@type":"ListItem","position":1,"name":"Accueil","item":"https:\/\/www.africa-press.net\/cotedivoire\/"},{"@type":"ListItem","position":2,"name":"FACI, vers le renforcement des ressources humaines par l&#8217;adoption de nouveaux modes de recrutement en 2024"}]},{"@type":"WebSite","@id":"https:\/\/www.africa-press.net\/cotedivoire\/#website","url":"https:\/\/www.africa-press.net\/cotedivoire\/","name":"C\u00f4te d&#039;Ivoire","description":"Just another Africa News Agency Sites site","potentialAction":[{"@type":"SearchAction","target":{"@type":"EntryPoint","urlTemplate":"https:\/\/www.africa-press.net\/cotedivoire\/?s={search_term_string}"},"query-input":{"@type":"PropertyValueSpecification","valueRequired":true,"valueName":"search_term_string"}}],"inLanguage":"fr-FR"},{"@type":"Person","@id":"https:\/\/www.africa-press.net\/cotedivoire\/#\/schema\/person\/2b1cf3cd81a31e3cd26889ca66d677f1","name":"cfeditorfr"}]}},"_links":{"self":[{"href":"https:\/\/www.africa-press.net\/cotedivoire\/wp-json\/wp\/v2\/posts\/74407","targetHints":{"allow":["GET"]}}],"collection":[{"href":"https:\/\/www.africa-press.net\/cotedivoire\/wp-json\/wp\/v2\/posts"}],"about":[{"href":"https:\/\/www.africa-press.net\/cotedivoire\/wp-json\/wp\/v2\/types\/post"}],"author":[{"embeddable":true,"href":"https:\/\/www.africa-press.net\/cotedivoire\/wp-json\/wp\/v2\/users\/82"}],"replies":[{"embeddable":true,"href":"https:\/\/www.africa-press.net\/cotedivoire\/wp-json\/wp\/v2\/comments?post=74407"}],"version-history":[{"count":0,"href":"https:\/\/www.africa-press.net\/cotedivoire\/wp-json\/wp\/v2\/posts\/74407\/revisions"}],"wp:featuredmedia":[{"embeddable":true,"href":"https:\/\/www.africa-press.net\/cotedivoire\/wp-json\/wp\/v2\/media\/74405"}],"wp:attachment":[{"href":"https:\/\/www.africa-press.net\/cotedivoire\/wp-json\/wp\/v2\/media?parent=74407"}],"wp:term":[{"taxonomy":"category","embeddable":true,"href":"https:\/\/www.africa-press.net\/cotedivoire\/wp-json\/wp\/v2\/categories?post=74407"},{"taxonomy":"post_tag","embeddable":true,"href":"https:\/\/www.africa-press.net\/cotedivoire\/wp-json\/wp\/v2\/tags?post=74407"}],"curies":[{"name":"wp","href":"https:\/\/api.w.org\/{rel}","templated":true}]}}