{"id":74472,"date":"2024-02-03T15:33:29","date_gmt":"2024-02-03T15:33:29","guid":{"rendered":"https:\/\/www.africa-press.net\/cotedivoire\/politique\/can-2023-yahia-fofana-sonne-la-mobilisation-contre-le-mali-on-demande-aux-supporters-de-se-deplacer-massivement-nous-allons-nous-battre-pour-gagner"},"modified":"2024-02-03T16:47:29","modified_gmt":"2024-02-03T16:47:29","slug":"can-2023-yahia-fofana-sonne-la-mobilisation-contre-le-mali-on-demande-aux-supporters-de-se-deplacer-massivement-nous-allons-nous-battre-pour-gagner","status":"publish","type":"post","link":"https:\/\/www.africa-press.net\/cotedivoire\/sports\/can-2023-yahia-fofana-sonne-la-mobilisation-contre-le-mali-on-demande-aux-supporters-de-se-deplacer-massivement-nous-allons-nous-battre-pour-gagner","title":{"rendered":"CAN 2023, Yahia Fofana sonne la mobilisation contre le Mali : \u00ab On demande aux supporters de se d\u00e9placer massivement, nous allons nous battre pour gagner \u00bb"},"content":{"rendered":"<p><span style=\"color: #ff6600\"><strong>Africa-Press &#8211; C\u00f4te d&rsquo;Ivoire. <\/strong><\/span>Yahia Fofana ce vendredi a\u0300 Bouake\u0301 (Ph KOACI)<\/p>\n<p>Le gardien des e\u0301le\u0301phants, Yahia Fofana e\u0301tait en compagnie de son se\u0301lectionneur Emerse Fae\u0301 devant la presse ce vendredi 02 Fe\u0301vrier 2023 a\u0300 Bouake\u0301.<\/p>\n<p>Ila profite\u0301 de l\u2019occasion pour appeler a\u0300 une mobilisation exceptionnelle des supporters ivoiriens samedi au stade de la Paix de Bouake\u0301 afin gagner la bataille des quarts de finale de la CAN 2003 face aux Aigles du Mali.<\/p>\n<p>\u00ab Le match va e\u0302tre un tre\u0300s bon duel face a\u0300 une belle e\u0301quipe du Mali \u00bb, a indique\u0301 le gardien d\u2019Angers, avant de lancer un appel aux supporters des e\u0301le\u0301phants.<\/p>\n<p>\u00ab On demande aux supporters de se de\u0301placer massivement, nous allons nous battre pour toute la Co\u0302te d\u2019Ivoire. Le public n\u2019est pas une pression pour nous, c\u2019est pluto\u0302t un soutien. Apre\u0300s la de\u0301ba\u0302cle contre la Guine\u0301e, nous avons su ge\u0301rer nos e\u0301motions, il fallait se relever tre\u0300s rapidement. Et nous voulons continuer avec cet e\u0301tat d\u2019esprit \u00bb.<\/p>\n<p><strong>Pour plus d&rsquo;informations et d&rsquo;analyses sur la <a href=\"https:\/\/www.africa-press.net\/cotedivoire\">C\u00f4te d&rsquo;Ivoire<\/a>, suivez <a href=\"https:\/\/www.africa-press.net\/\">Africa-Press<\/a><\/strong><\/p>\n","protected":false},"excerpt":{"rendered":"<p>Africa-Press &#8211; C\u00f4te d&rsquo;Ivoire. Yahia Fofana ce vendredi a\u0300 Bouake\u0301 (Ph KOACI) Le gardien des e\u0301le\u0301phants, Yahia Fofana e\u0301tait en compagnie de son se\u0301lectionneur Emerse Fae\u0301 devant la presse ce vendredi 02 Fe\u0301vrier 2023 a\u0300 Bouake\u0301. Ila profite\u0301 de l\u2019occasion pour appeler a\u0300 une mobilisation exceptionnelle des supporters ivoiriens samedi au stade de la Paix [&hellip;]<\/p>\n","protected":false},"author":82,"featured_media":74471,"comment_status":"open","ping_status":"closed","sticky":false,"template":"","format":"standard","meta":{"footnotes":""},"categories":[6,10],"tags":[56,63,10644,366,2113,29,526,502,12494],"class_list":["post-74472","post","type-post","status-publish","format-standard","has-post-thumbnail","hentry","category-sports","category-toutes-les-actualites","tag-africa-press","tag-africa-press-cote-divoire","tag-aigles","tag-bouake","tag-can-2023","tag-cote-divoire","tag-elephants","tag-mali","tag-yahia-fofana"],"yoast_head":"<!-- This site is optimized with the Yoast SEO Premium plugin v26.1 (Yoast SEO v27.0) - https:\/\/yoast.com\/product\/yoast-seo-premium-wordpress\/ -->\n<title>CAN 2023, Yahia Fofana sonne la mobilisation contre le Mali : \u00ab On demande aux supporters de se d\u00e9placer massivement, nous allons nous battre pour gagner \u00bb - C\u00f4te d&#039;Ivoire<\/title>\n<meta name=\"description\" content=\"Yahia Fofana ce vendredi a\u0300 Bouake\u0301 (Ph KOACI) Le gardien des e\u0301le\u0301phants, Yahia Fofana e\u0301tait en compagnie de son se\u0301l ...\" \/>\n<meta name=\"robots\" content=\"index, follow, max-snippet:-1, max-image-preview:large, max-video-preview:-1\" \/>\n<link rel=\"canonical\" href=\"https:\/\/www.africa-press.net\/cotedivoire\/sports\/can-2023-yahia-fofana-sonne-la-mobilisation-contre-le-mali-on-demande-aux-supporters-de-se-deplacer-massivement-nous-allons-nous-battre-pour-gagner\" \/>\n<meta property=\"og:locale\" content=\"fr_FR\" \/>\n<meta property=\"og:type\" content=\"article\" \/>\n<meta property=\"og:title\" content=\"CAN 2023, Yahia Fofana sonne la mobilisation contre le Mali : \u00ab On demande aux supporters de se d\u00e9placer massivement, nous allons nous battre pour gagner \u00bb\" \/>\n<meta property=\"og:description\" content=\"Yahia Fofana ce vendredi a\u0300 Bouake\u0301 (Ph KOACI) Le gardien des e\u0301le\u0301phants, Yahia Fofana e\u0301tait en compagnie de son se\u0301l ...\" \/>\n<meta property=\"og:url\" content=\"https:\/\/www.africa-press.net\/cotedivoire\/sports\/can-2023-yahia-fofana-sonne-la-mobilisation-contre-le-mali-on-demande-aux-supporters-de-se-deplacer-massivement-nous-allons-nous-battre-pour-gagner\" \/>\n<meta property=\"og:site_name\" content=\"C\u00f4te d&#039;Ivoire\" \/>\n<meta property=\"article:published_time\" content=\"2024-02-03T15:33:29+00:00\" \/>\n<meta property=\"article:modified_time\" content=\"2024-02-03T16:47:29+00:00\" \/>\n<meta property=\"og:image\" content=\"https:\/\/static.africa-press.net\/cote\/sites\/43\/2024\/02\/sm_1706966111.692241.jpg\" \/>\n\t<meta property=\"og:image:width\" content=\"1280\" \/>\n\t<meta property=\"og:image:height\" content=\"720\" \/>\n\t<meta property=\"og:image:type\" content=\"image\/jpeg\" \/>\n<meta name=\"author\" content=\"cfeditorfr\" \/>\n<meta name=\"twitter:card\" content=\"summary_large_image\" \/>\n<meta name=\"twitter:label1\" content=\"\u00c9crit par\" \/>\n\t<meta name=\"twitter:data1\" content=\"cfeditorfr\" \/>\n\t<meta name=\"twitter:label2\" content=\"Dur\u00e9e de lecture estim\u00e9e\" \/>\n\t<meta name=\"twitter:data2\" content=\"2 minutes\" \/>\n<script type=\"application\/ld+json\" class=\"yoast-schema-graph\">{\"@context\":\"https:\/\/schema.org\",\"@graph\":[{\"@type\":\"Article\",\"@id\":\"https:\/\/www.africa-press.net\/cotedivoire\/sports\/can-2023-yahia-fofana-sonne-la-mobilisation-contre-le-mali-on-demande-aux-supporters-de-se-deplacer-massivement-nous-allons-nous-battre-pour-gagner#article\",\"isPartOf\":{\"@id\":\"https:\/\/www.africa-press.net\/cotedivoire\/sports\/can-2023-yahia-fofana-sonne-la-mobilisation-contre-le-mali-on-demande-aux-supporters-de-se-deplacer-massivement-nous-allons-nous-battre-pour-gagner\"},\"author\":{\"name\":\"cfeditorfr\",\"@id\":\"https:\/\/www.africa-press.net\/cotedivoire\/#\/schema\/person\/2b1cf3cd81a31e3cd26889ca66d677f1\"},\"headline\":\"CAN 2023, Yahia Fofana sonne la mobilisation contre le Mali : \u00ab On demande aux supporters de se d\u00e9placer massivement, nous allons nous battre pour gagner \u00bb\",\"datePublished\":\"2024-02-03T15:33:29+00:00\",\"dateModified\":\"2024-02-03T16:47:29+00:00\",\"mainEntityOfPage\":{\"@id\":\"https:\/\/www.africa-press.net\/cotedivoire\/sports\/can-2023-yahia-fofana-sonne-la-mobilisation-contre-le-mali-on-demande-aux-supporters-de-se-deplacer-massivement-nous-allons-nous-battre-pour-gagner\"},\"wordCount\":223,\"commentCount\":0,\"image\":{\"@id\":\"https:\/\/www.africa-press.net\/cotedivoire\/sports\/can-2023-yahia-fofana-sonne-la-mobilisation-contre-le-mali-on-demande-aux-supporters-de-se-deplacer-massivement-nous-allons-nous-battre-pour-gagner#primaryimage\"},\"thumbnailUrl\":\"https:\/\/static.africa-press.net\/cote\/sites\/43\/2024\/02\/sm_1706966111.692241.jpg\",\"keywords\":[\"Africa Press\",\"Africa Press-C\u00f4te d'Ivoire\",\"aigles\",\"Bouak\u00e9\",\"CAN 2023\",\"C\u00d4TE D'IVOIRE\",\"\u00e9l\u00e9phants\",\"Mali\",\"Yahia Fofana\"],\"articleSection\":[\"Sports\",\"Toutes les actualit\u00e9s\"],\"inLanguage\":\"fr-FR\",\"potentialAction\":[{\"@type\":\"CommentAction\",\"name\":\"Comment\",\"target\":[\"https:\/\/www.africa-press.net\/cotedivoire\/sports\/can-2023-yahia-fofana-sonne-la-mobilisation-contre-le-mali-on-demande-aux-supporters-de-se-deplacer-massivement-nous-allons-nous-battre-pour-gagner#respond\"]}]},{\"@type\":\"WebPage\",\"@id\":\"https:\/\/www.africa-press.net\/cotedivoire\/sports\/can-2023-yahia-fofana-sonne-la-mobilisation-contre-le-mali-on-demande-aux-supporters-de-se-deplacer-massivement-nous-allons-nous-battre-pour-gagner\",\"url\":\"https:\/\/www.africa-press.net\/cotedivoire\/sports\/can-2023-yahia-fofana-sonne-la-mobilisation-contre-le-mali-on-demande-aux-supporters-de-se-deplacer-massivement-nous-allons-nous-battre-pour-gagner\",\"name\":\"CAN 2023, Yahia Fofana sonne la mobilisation contre le Mali : \u00ab On demande aux supporters de se d\u00e9placer massivement, nous allons nous battre pour gagner \u00bb - C\u00f4te d&#039;Ivoire\",\"isPartOf\":{\"@id\":\"https:\/\/www.africa-press.net\/cotedivoire\/#website\"},\"primaryImageOfPage\":{\"@id\":\"https:\/\/www.africa-press.net\/cotedivoire\/sports\/can-2023-yahia-fofana-sonne-la-mobilisation-contre-le-mali-on-demande-aux-supporters-de-se-deplacer-massivement-nous-allons-nous-battre-pour-gagner#primaryimage\"},\"image\":{\"@id\":\"https:\/\/www.africa-press.net\/cotedivoire\/sports\/can-2023-yahia-fofana-sonne-la-mobilisation-contre-le-mali-on-demande-aux-supporters-de-se-deplacer-massivement-nous-allons-nous-battre-pour-gagner#primaryimage\"},\"thumbnailUrl\":\"https:\/\/static.africa-press.net\/cote\/sites\/43\/2024\/02\/sm_1706966111.692241.jpg\",\"datePublished\":\"2024-02-03T15:33:29+00:00\",\"dateModified\":\"2024-02-03T16:47:29+00:00\",\"author\":{\"@id\":\"https:\/\/www.africa-press.net\/cotedivoire\/#\/schema\/person\/2b1cf3cd81a31e3cd26889ca66d677f1\"},\"description\":\"Yahia Fofana ce vendredi a\u0300 Bouake\u0301 (Ph KOACI) Le gardien des e\u0301le\u0301phants, Yahia Fofana e\u0301tait en compagnie de son se\u0301l ...\",\"breadcrumb\":{\"@id\":\"https:\/\/www.africa-press.net\/cotedivoire\/sports\/can-2023-yahia-fofana-sonne-la-mobilisation-contre-le-mali-on-demande-aux-supporters-de-se-deplacer-massivement-nous-allons-nous-battre-pour-gagner#breadcrumb\"},\"inLanguage\":\"fr-FR\",\"potentialAction\":[{\"@type\":\"ReadAction\",\"target\":[\"https:\/\/www.africa-press.net\/cotedivoire\/sports\/can-2023-yahia-fofana-sonne-la-mobilisation-contre-le-mali-on-demande-aux-supporters-de-se-deplacer-massivement-nous-allons-nous-battre-pour-gagner\"]}]},{\"@type\":\"ImageObject\",\"inLanguage\":\"fr-FR\",\"@id\":\"https:\/\/www.africa-press.net\/cotedivoire\/sports\/can-2023-yahia-fofana-sonne-la-mobilisation-contre-le-mali-on-demande-aux-supporters-de-se-deplacer-massivement-nous-allons-nous-battre-pour-gagner#primaryimage\",\"url\":\"https:\/\/static.africa-press.net\/cote\/sites\/43\/2024\/02\/sm_1706966111.692241.jpg\",\"contentUrl\":\"https:\/\/static.africa-press.net\/cote\/sites\/43\/2024\/02\/sm_1706966111.692241.jpg\",\"width\":1280,\"height\":720,\"caption\":\"CAN 2023, Yahia Fofana sonne la mobilisation contre le Mali : \u00ab On demande aux supporters de se d\u00e9placer massivement, nous allons nous battre pour gagner \u00bb\"},{\"@type\":\"BreadcrumbList\",\"@id\":\"https:\/\/www.africa-press.net\/cotedivoire\/sports\/can-2023-yahia-fofana-sonne-la-mobilisation-contre-le-mali-on-demande-aux-supporters-de-se-deplacer-massivement-nous-allons-nous-battre-pour-gagner#breadcrumb\",\"itemListElement\":[{\"@type\":\"ListItem\",\"position\":1,\"name\":\"Accueil\",\"item\":\"https:\/\/www.africa-press.net\/cotedivoire\/\"},{\"@type\":\"ListItem\",\"position\":2,\"name\":\"CAN 2023, Yahia Fofana sonne la mobilisation contre le Mali : \u00ab On demande aux supporters de se d\u00e9placer massivement, nous allons nous battre pour gagner \u00bb\"}]},{\"@type\":\"WebSite\",\"@id\":\"https:\/\/www.africa-press.net\/cotedivoire\/#website\",\"url\":\"https:\/\/www.africa-press.net\/cotedivoire\/\",\"name\":\"C\u00f4te d&#039;Ivoire\",\"description\":\"Just another Africa News Agency Sites site\",\"potentialAction\":[{\"@type\":\"SearchAction\",\"target\":{\"@type\":\"EntryPoint\",\"urlTemplate\":\"https:\/\/www.africa-press.net\/cotedivoire\/?s={search_term_string}\"},\"query-input\":{\"@type\":\"PropertyValueSpecification\",\"valueRequired\":true,\"valueName\":\"search_term_string\"}}],\"inLanguage\":\"fr-FR\"},{\"@type\":\"Person\",\"@id\":\"https:\/\/www.africa-press.net\/cotedivoire\/#\/schema\/person\/2b1cf3cd81a31e3cd26889ca66d677f1\",\"name\":\"cfeditorfr\"}]}<\/script>\n<!-- \/ Yoast SEO Premium plugin. -->","yoast_head_json":{"title":"CAN 2023, Yahia Fofana sonne la mobilisation contre le Mali : \u00ab On demande aux supporters de se d\u00e9placer massivement, nous allons nous battre pour gagner \u00bb - C\u00f4te d&#039;Ivoire","description":"Yahia Fofana ce vendredi a\u0300 Bouake\u0301 (Ph KOACI) Le gardien des e\u0301le\u0301phants, Yahia Fofana e\u0301tait en compagnie de son se\u0301l ...","robots":{"index":"index","follow":"follow","max-snippet":"max-snippet:-1","max-image-preview":"max-image-preview:large","max-video-preview":"max-video-preview:-1"},"canonical":"https:\/\/www.africa-press.net\/cotedivoire\/sports\/can-2023-yahia-fofana-sonne-la-mobilisation-contre-le-mali-on-demande-aux-supporters-de-se-deplacer-massivement-nous-allons-nous-battre-pour-gagner","og_locale":"fr_FR","og_type":"article","og_title":"CAN 2023, Yahia Fofana sonne la mobilisation contre le Mali : \u00ab On demande aux supporters de se d\u00e9placer massivement, nous allons nous battre pour gagner \u00bb","og_description":"Yahia Fofana ce vendredi a\u0300 Bouake\u0301 (Ph KOACI) Le gardien des e\u0301le\u0301phants, Yahia Fofana e\u0301tait en compagnie de son se\u0301l ...","og_url":"https:\/\/www.africa-press.net\/cotedivoire\/sports\/can-2023-yahia-fofana-sonne-la-mobilisation-contre-le-mali-on-demande-aux-supporters-de-se-deplacer-massivement-nous-allons-nous-battre-pour-gagner","og_site_name":"C\u00f4te d&#039;Ivoire","article_published_time":"2024-02-03T15:33:29+00:00","article_modified_time":"2024-02-03T16:47:29+00:00","og_image":[{"width":1280,"height":720,"url":"https:\/\/static.africa-press.net\/cote\/sites\/43\/2024\/02\/sm_1706966111.692241.jpg","type":"image\/jpeg"}],"author":"cfeditorfr","twitter_card":"summary_large_image","twitter_misc":{"\u00c9crit par":"cfeditorfr","Dur\u00e9e de lecture estim\u00e9e":"2 minutes"},"schema":{"@context":"https:\/\/schema.org","@graph":[{"@type":"Article","@id":"https:\/\/www.africa-press.net\/cotedivoire\/sports\/can-2023-yahia-fofana-sonne-la-mobilisation-contre-le-mali-on-demande-aux-supporters-de-se-deplacer-massivement-nous-allons-nous-battre-pour-gagner#article","isPartOf":{"@id":"https:\/\/www.africa-press.net\/cotedivoire\/sports\/can-2023-yahia-fofana-sonne-la-mobilisation-contre-le-mali-on-demande-aux-supporters-de-se-deplacer-massivement-nous-allons-nous-battre-pour-gagner"},"author":{"name":"cfeditorfr","@id":"https:\/\/www.africa-press.net\/cotedivoire\/#\/schema\/person\/2b1cf3cd81a31e3cd26889ca66d677f1"},"headline":"CAN 2023, Yahia Fofana sonne la mobilisation contre le Mali : \u00ab On demande aux supporters de se d\u00e9placer massivement, nous allons nous battre pour gagner \u00bb","datePublished":"2024-02-03T15:33:29+00:00","dateModified":"2024-02-03T16:47:29+00:00","mainEntityOfPage":{"@id":"https:\/\/www.africa-press.net\/cotedivoire\/sports\/can-2023-yahia-fofana-sonne-la-mobilisation-contre-le-mali-on-demande-aux-supporters-de-se-deplacer-massivement-nous-allons-nous-battre-pour-gagner"},"wordCount":223,"commentCount":0,"image":{"@id":"https:\/\/www.africa-press.net\/cotedivoire\/sports\/can-2023-yahia-fofana-sonne-la-mobilisation-contre-le-mali-on-demande-aux-supporters-de-se-deplacer-massivement-nous-allons-nous-battre-pour-gagner#primaryimage"},"thumbnailUrl":"https:\/\/static.africa-press.net\/cote\/sites\/43\/2024\/02\/sm_1706966111.692241.jpg","keywords":["Africa Press","Africa Press-C\u00f4te d'Ivoire","aigles","Bouak\u00e9","CAN 2023","C\u00d4TE D'IVOIRE","\u00e9l\u00e9phants","Mali","Yahia Fofana"],"articleSection":["Sports","Toutes les actualit\u00e9s"],"inLanguage":"fr-FR","potentialAction":[{"@type":"CommentAction","name":"Comment","target":["https:\/\/www.africa-press.net\/cotedivoire\/sports\/can-2023-yahia-fofana-sonne-la-mobilisation-contre-le-mali-on-demande-aux-supporters-de-se-deplacer-massivement-nous-allons-nous-battre-pour-gagner#respond"]}]},{"@type":"WebPage","@id":"https:\/\/www.africa-press.net\/cotedivoire\/sports\/can-2023-yahia-fofana-sonne-la-mobilisation-contre-le-mali-on-demande-aux-supporters-de-se-deplacer-massivement-nous-allons-nous-battre-pour-gagner","url":"https:\/\/www.africa-press.net\/cotedivoire\/sports\/can-2023-yahia-fofana-sonne-la-mobilisation-contre-le-mali-on-demande-aux-supporters-de-se-deplacer-massivement-nous-allons-nous-battre-pour-gagner","name":"CAN 2023, Yahia Fofana sonne la mobilisation contre le Mali : \u00ab On demande aux supporters de se d\u00e9placer massivement, nous allons nous battre pour gagner \u00bb - C\u00f4te d&#039;Ivoire","isPartOf":{"@id":"https:\/\/www.africa-press.net\/cotedivoire\/#website"},"primaryImageOfPage":{"@id":"https:\/\/www.africa-press.net\/cotedivoire\/sports\/can-2023-yahia-fofana-sonne-la-mobilisation-contre-le-mali-on-demande-aux-supporters-de-se-deplacer-massivement-nous-allons-nous-battre-pour-gagner#primaryimage"},"image":{"@id":"https:\/\/www.africa-press.net\/cotedivoire\/sports\/can-2023-yahia-fofana-sonne-la-mobilisation-contre-le-mali-on-demande-aux-supporters-de-se-deplacer-massivement-nous-allons-nous-battre-pour-gagner#primaryimage"},"thumbnailUrl":"https:\/\/static.africa-press.net\/cote\/sites\/43\/2024\/02\/sm_1706966111.692241.jpg","datePublished":"2024-02-03T15:33:29+00:00","dateModified":"2024-02-03T16:47:29+00:00","author":{"@id":"https:\/\/www.africa-press.net\/cotedivoire\/#\/schema\/person\/2b1cf3cd81a31e3cd26889ca66d677f1"},"description":"Yahia Fofana ce vendredi a\u0300 Bouake\u0301 (Ph KOACI) Le gardien des e\u0301le\u0301phants, Yahia Fofana e\u0301tait en compagnie de son se\u0301l ...","breadcrumb":{"@id":"https:\/\/www.africa-press.net\/cotedivoire\/sports\/can-2023-yahia-fofana-sonne-la-mobilisation-contre-le-mali-on-demande-aux-supporters-de-se-deplacer-massivement-nous-allons-nous-battre-pour-gagner#breadcrumb"},"inLanguage":"fr-FR","potentialAction":[{"@type":"ReadAction","target":["https:\/\/www.africa-press.net\/cotedivoire\/sports\/can-2023-yahia-fofana-sonne-la-mobilisation-contre-le-mali-on-demande-aux-supporters-de-se-deplacer-massivement-nous-allons-nous-battre-pour-gagner"]}]},{"@type":"ImageObject","inLanguage":"fr-FR","@id":"https:\/\/www.africa-press.net\/cotedivoire\/sports\/can-2023-yahia-fofana-sonne-la-mobilisation-contre-le-mali-on-demande-aux-supporters-de-se-deplacer-massivement-nous-allons-nous-battre-pour-gagner#primaryimage","url":"https:\/\/static.africa-press.net\/cote\/sites\/43\/2024\/02\/sm_1706966111.692241.jpg","contentUrl":"https:\/\/static.africa-press.net\/cote\/sites\/43\/2024\/02\/sm_1706966111.692241.jpg","width":1280,"height":720,"caption":"CAN 2023, Yahia Fofana sonne la mobilisation contre le Mali : \u00ab On demande aux supporters de se d\u00e9placer massivement, nous allons nous battre pour gagner \u00bb"},{"@type":"BreadcrumbList","@id":"https:\/\/www.africa-press.net\/cotedivoire\/sports\/can-2023-yahia-fofana-sonne-la-mobilisation-contre-le-mali-on-demande-aux-supporters-de-se-deplacer-massivement-nous-allons-nous-battre-pour-gagner#breadcrumb","itemListElement":[{"@type":"ListItem","position":1,"name":"Accueil","item":"https:\/\/www.africa-press.net\/cotedivoire\/"},{"@type":"ListItem","position":2,"name":"CAN 2023, Yahia Fofana sonne la mobilisation contre le Mali : \u00ab On demande aux supporters de se d\u00e9placer massivement, nous allons nous battre pour gagner \u00bb"}]},{"@type":"WebSite","@id":"https:\/\/www.africa-press.net\/cotedivoire\/#website","url":"https:\/\/www.africa-press.net\/cotedivoire\/","name":"C\u00f4te d&#039;Ivoire","description":"Just another Africa News Agency Sites site","potentialAction":[{"@type":"SearchAction","target":{"@type":"EntryPoint","urlTemplate":"https:\/\/www.africa-press.net\/cotedivoire\/?s={search_term_string}"},"query-input":{"@type":"PropertyValueSpecification","valueRequired":true,"valueName":"search_term_string"}}],"inLanguage":"fr-FR"},{"@type":"Person","@id":"https:\/\/www.africa-press.net\/cotedivoire\/#\/schema\/person\/2b1cf3cd81a31e3cd26889ca66d677f1","name":"cfeditorfr"}]}},"_links":{"self":[{"href":"https:\/\/www.africa-press.net\/cotedivoire\/wp-json\/wp\/v2\/posts\/74472","targetHints":{"allow":["GET"]}}],"collection":[{"href":"https:\/\/www.africa-press.net\/cotedivoire\/wp-json\/wp\/v2\/posts"}],"about":[{"href":"https:\/\/www.africa-press.net\/cotedivoire\/wp-json\/wp\/v2\/types\/post"}],"author":[{"embeddable":true,"href":"https:\/\/www.africa-press.net\/cotedivoire\/wp-json\/wp\/v2\/users\/82"}],"replies":[{"embeddable":true,"href":"https:\/\/www.africa-press.net\/cotedivoire\/wp-json\/wp\/v2\/comments?post=74472"}],"version-history":[{"count":0,"href":"https:\/\/www.africa-press.net\/cotedivoire\/wp-json\/wp\/v2\/posts\/74472\/revisions"}],"wp:featuredmedia":[{"embeddable":true,"href":"https:\/\/www.africa-press.net\/cotedivoire\/wp-json\/wp\/v2\/media\/74471"}],"wp:attachment":[{"href":"https:\/\/www.africa-press.net\/cotedivoire\/wp-json\/wp\/v2\/media?parent=74472"}],"wp:term":[{"taxonomy":"category","embeddable":true,"href":"https:\/\/www.africa-press.net\/cotedivoire\/wp-json\/wp\/v2\/categories?post=74472"},{"taxonomy":"post_tag","embeddable":true,"href":"https:\/\/www.africa-press.net\/cotedivoire\/wp-json\/wp\/v2\/tags?post=74472"}],"curies":[{"name":"wp","href":"https:\/\/api.w.org\/{rel}","templated":true}]}}