{"id":74572,"date":"2024-02-05T16:58:44","date_gmt":"2024-02-05T16:58:44","guid":{"rendered":"https:\/\/www.africa-press.net\/cotedivoire\/politique\/apres-la-victoire-des-elephants-contre-le-mali-emerse-fae-nous-commencons-a-preparer-la-demi-finale-2"},"modified":"2024-02-05T17:53:22","modified_gmt":"2024-02-05T17:53:22","slug":"apres-la-victoire-des-elephants-contre-le-mali-emerse-fae-nous-commencons-a-preparer-la-demi-finale-2","status":"publish","type":"post","link":"https:\/\/www.africa-press.net\/cotedivoire\/sports\/apres-la-victoire-des-elephants-contre-le-mali-emerse-fae-nous-commencons-a-preparer-la-demi-finale-2","title":{"rendered":"Apr\u00e8s la victoire des \u00e9l\u00e9phants contre le Mali, \u00c9merse Fa\u00e9 \u00ab\u00a0nous commen\u00e7ons \u00e0 pr\u00e9parer la demi-finale\u00a0\u00bb"},"content":{"rendered":"<p><span style=\"color: #ff6600\"><strong>Africa-Press &#8211; C\u00f4te d&rsquo;Ivoire. <\/strong><\/span>Les e\u0301le\u0301phants de Co\u0302te d&rsquo;Ivoire se sont une nouvelle fois impose\u0301s dans la douleur et a\u0300 la dernie\u0300re minute, face aux aigles du Mali ce samedi 3 fe\u0301vrier 2024 au stade de la paix de Bouake\u0301, 2 &#8211; 1.<\/p>\n<p>Lors d&rsquo;une confe\u0301rence de presse apre\u0300s-match, l&rsquo;entrai\u0302neur de la Co\u0302te d&rsquo;Ivoire, Emerse Fae\u0301, a partage\u0301 ses re\u0301flexions sur le parcours acharne\u0301 de son e\u0301quipe vers les demi-finales de la Coupe d&rsquo;Afrique des Nations (CAN) 2023.<\/p>\n<p>L&rsquo;entraineur franco-ivoirien des oranges a souligne\u0301 l&rsquo;importance de la force mentale qui a joue\u0301 un ro\u0302le crucial dans la victoire contre des adversaires redoutables.<\/p>\n<p>\u00ab\u00a0Cette soire\u0301e n&rsquo;a pas e\u0301te\u0301 facile. Nous avons puise\u0301 dans nos ressources mentales pour de\u0301crocher cette victoire par une re\u0301silience pure. A\u0300 dix joueurs sur le terrain, nous avons de\u0301joue\u0301 tactiquement leur style de jeu habituel. Il y a des signes positifs qui nous donnent de l&rsquo;espoir, mais nous devons changer notre approche des matchs, en e\u0301vitant de re\u0301agir passivement au jeu\u00a0\u00bb, a de\u0301clare\u0301 Fae\u0301.<\/p>\n<p>Le natif de Nantes (France, ndlr) a mis en lumie\u0300re la de\u0301cision tactique de perturber le milieu de terrain en losange de l&rsquo;e\u0301quipe adverse en premie\u0300re mi-temps, reconnaissant que cela a entrai\u0302ne\u0301 une posture plus de\u0301fensive.<\/p>\n<p>Malgre\u0301 les de\u0301fis, l&rsquo;ancien joueur du FC Nantes a souligne\u0301 l&rsquo;importance de tenir bon et a remercie\u0301 une intervention divine pour semer le doute chez les adversaires.<\/p>\n<p>Fae\u0301 a salue\u0301 ses joueurs pour leur engagement inde\u0301fectible, reconnaissant leur re\u0301compense bien me\u0301rite\u0301e.<\/p>\n<p>En pre\u0301vision de la demi-finale contre la Re\u0301publique de\u0301mocratique du Congo, l&rsquo;ancien adjoint de Gasset limoge\u0301, a exprime\u0301 l&rsquo;urgence de commencer les pre\u0301paratifs imme\u0301diatement. \u00ab\u00a0Nous commencerons a\u0300 pre\u0301parer la demi-finale de\u0300s demain, car la RD Congo reste une e\u0301quipe redoutable\u00a0\u00bb, a-t-il de\u0301clare\u0301, te\u0301moignant du respect qu&rsquo;il a pour le de\u0301fi a\u0300 venir.<\/p>\n<p>Alors que la Co\u0302te d&rsquo;Ivoire avance vers la prochaine e\u0301tape de la compe\u0301tition, les de\u0301cisions strate\u0301giques de Fae\u0301, son insistance sur la re\u0301silience mentale et sa reconnaissance des domaines a\u0300 ame\u0301liorer cre\u0301ent le re\u0301cit d&rsquo;une e\u0301quipe pre\u0302te a\u0300 affronter les de\u0301fis a\u0300 venir. Le triomphe face a\u0300 l&rsquo;adversite\u0301 a pre\u0301pare\u0301 le terrain pour un affrontement intrigant en demi-finale contre la RD Congo, e\u0301quipe jeune qui, un peu comme la Co\u0302te d&rsquo;Ivoire, a commence\u0301 doucement, mais monte en puissance.<\/p>\n<p>Les supporters ivoiriens peuvent s&rsquo;attendre a\u0300 une e\u0301quipe ivoirienne, qui sera prive\u0301e de Kossonou et Diakite\u0301 en raison de leurs cartons rouges, non seulement compe\u0301tente, mais e\u0301galement dote\u0301e de la force mentale ne\u0301cessaire pour espe\u0301rer re\u0301ussir sur le terrain continental.<\/p>\n<p><strong>Pour plus d&rsquo;informations et d&rsquo;analyses sur la <a href=\"https:\/\/www.africa-press.net\/cotedivoire\">C\u00f4te d&rsquo;Ivoire<\/a>, suivez <a href=\"https:\/\/www.africa-press.net\/\">Africa-Press<\/a><\/strong><\/p>\n","protected":false},"excerpt":{"rendered":"<p>Africa-Press &#8211; C\u00f4te d&rsquo;Ivoire. Les e\u0301le\u0301phants de Co\u0302te d&rsquo;Ivoire se sont une nouvelle fois impose\u0301s dans la douleur et a\u0300 la dernie\u0300re minute, face aux aigles du Mali ce samedi 3 fe\u0301vrier 2024 au stade de la paix de Bouake\u0301, 2 &#8211; 1. Lors d&rsquo;une confe\u0301rence de presse apre\u0300s-match, l&rsquo;entrai\u0302neur de la Co\u0302te d&rsquo;Ivoire, Emerse [&hellip;]<\/p>\n","protected":false},"author":82,"featured_media":74571,"comment_status":"open","ping_status":"closed","sticky":false,"template":"","format":"standard","meta":{"footnotes":""},"categories":[6,10],"tags":[56,63,366,2113,29,12422,502,2479,2088],"class_list":["post-74572","post","type-post","status-publish","format-standard","has-post-thumbnail","hentry","category-sports","category-toutes-les-actualites","tag-africa-press","tag-africa-press-cote-divoire","tag-bouake","tag-can-2023","tag-cote-divoire","tag-emerse-fae","tag-mali","tag-nantes","tag-rdc"],"yoast_head":"<!-- This site is optimized with the Yoast SEO Premium plugin v26.1 (Yoast SEO v27.0) - https:\/\/yoast.com\/product\/yoast-seo-premium-wordpress\/ -->\n<title>Apr\u00e8s la victoire des \u00e9l\u00e9phants contre le Mali, \u00c9merse Fa\u00e9 &quot;nous commen\u00e7ons \u00e0 pr\u00e9parer la demi-finale&quot; - C\u00f4te d&#039;Ivoire<\/title>\n<meta name=\"description\" content=\"Les e\u0301le\u0301phants de Co\u0302te d&#039;Ivoire se sont une nouvelle fois impose\u0301s dans la douleur et a\u0300 la dernie\u0300re minute, face aux ...\" \/>\n<meta name=\"robots\" content=\"index, follow, max-snippet:-1, max-image-preview:large, max-video-preview:-1\" \/>\n<link rel=\"canonical\" href=\"https:\/\/www.africa-press.net\/cotedivoire\/sports\/apres-la-victoire-des-elephants-contre-le-mali-emerse-fae-nous-commencons-a-preparer-la-demi-finale-2\" \/>\n<meta property=\"og:locale\" content=\"fr_FR\" \/>\n<meta property=\"og:type\" content=\"article\" \/>\n<meta property=\"og:title\" content=\"Apr\u00e8s la victoire des \u00e9l\u00e9phants contre le Mali, \u00c9merse Fa\u00e9 &quot;nous commen\u00e7ons \u00e0 pr\u00e9parer la demi-finale&quot;\" \/>\n<meta property=\"og:description\" content=\"Les e\u0301le\u0301phants de Co\u0302te d&#039;Ivoire se sont une nouvelle fois impose\u0301s dans la douleur et a\u0300 la dernie\u0300re minute, face aux ...\" \/>\n<meta property=\"og:url\" content=\"https:\/\/www.africa-press.net\/cotedivoire\/sports\/apres-la-victoire-des-elephants-contre-le-mali-emerse-fae-nous-commencons-a-preparer-la-demi-finale-2\" \/>\n<meta property=\"og:site_name\" content=\"C\u00f4te d&#039;Ivoire\" \/>\n<meta property=\"article:published_time\" content=\"2024-02-05T16:58:44+00:00\" \/>\n<meta property=\"article:modified_time\" content=\"2024-02-05T17:53:22+00:00\" \/>\n<meta property=\"og:image\" content=\"https:\/\/static.africa-press.net\/cote\/sites\/43\/2024\/02\/sm_1707142775.705096.jpg\" \/>\n\t<meta property=\"og:image:width\" content=\"720\" \/>\n\t<meta property=\"og:image:height\" content=\"524\" \/>\n\t<meta property=\"og:image:type\" content=\"image\/jpeg\" \/>\n<meta name=\"author\" content=\"cfeditorfr\" \/>\n<meta name=\"twitter:card\" content=\"summary_large_image\" \/>\n<meta name=\"twitter:label1\" content=\"\u00c9crit par\" \/>\n\t<meta name=\"twitter:data1\" content=\"cfeditorfr\" \/>\n\t<meta name=\"twitter:label2\" content=\"Dur\u00e9e de lecture estim\u00e9e\" \/>\n\t<meta name=\"twitter:data2\" content=\"3 minutes\" \/>\n<script type=\"application\/ld+json\" class=\"yoast-schema-graph\">{\"@context\":\"https:\/\/schema.org\",\"@graph\":[{\"@type\":\"Article\",\"@id\":\"https:\/\/www.africa-press.net\/cotedivoire\/sports\/apres-la-victoire-des-elephants-contre-le-mali-emerse-fae-nous-commencons-a-preparer-la-demi-finale-2#article\",\"isPartOf\":{\"@id\":\"https:\/\/www.africa-press.net\/cotedivoire\/sports\/apres-la-victoire-des-elephants-contre-le-mali-emerse-fae-nous-commencons-a-preparer-la-demi-finale-2\"},\"author\":{\"name\":\"cfeditorfr\",\"@id\":\"https:\/\/www.africa-press.net\/cotedivoire\/#\/schema\/person\/2b1cf3cd81a31e3cd26889ca66d677f1\"},\"headline\":\"Apr\u00e8s la victoire des \u00e9l\u00e9phants contre le Mali, \u00c9merse Fa\u00e9 \u00ab\u00a0nous commen\u00e7ons \u00e0 pr\u00e9parer la demi-finale\u00a0\u00bb\",\"datePublished\":\"2024-02-05T16:58:44+00:00\",\"dateModified\":\"2024-02-05T17:53:22+00:00\",\"mainEntityOfPage\":{\"@id\":\"https:\/\/www.africa-press.net\/cotedivoire\/sports\/apres-la-victoire-des-elephants-contre-le-mali-emerse-fae-nous-commencons-a-preparer-la-demi-finale-2\"},\"wordCount\":531,\"commentCount\":0,\"image\":{\"@id\":\"https:\/\/www.africa-press.net\/cotedivoire\/sports\/apres-la-victoire-des-elephants-contre-le-mali-emerse-fae-nous-commencons-a-preparer-la-demi-finale-2#primaryimage\"},\"thumbnailUrl\":\"https:\/\/static.africa-press.net\/cote\/sites\/43\/2024\/02\/sm_1707142775.705096.jpg\",\"keywords\":[\"Africa Press\",\"Africa Press-C\u00f4te d'Ivoire\",\"Bouak\u00e9\",\"CAN 2023\",\"C\u00d4TE D'IVOIRE\",\"Emerse Fae\",\"Mali\",\"Nantes\",\"RDC\"],\"articleSection\":[\"Sports\",\"Toutes les actualit\u00e9s\"],\"inLanguage\":\"fr-FR\",\"potentialAction\":[{\"@type\":\"CommentAction\",\"name\":\"Comment\",\"target\":[\"https:\/\/www.africa-press.net\/cotedivoire\/sports\/apres-la-victoire-des-elephants-contre-le-mali-emerse-fae-nous-commencons-a-preparer-la-demi-finale-2#respond\"]}]},{\"@type\":\"WebPage\",\"@id\":\"https:\/\/www.africa-press.net\/cotedivoire\/sports\/apres-la-victoire-des-elephants-contre-le-mali-emerse-fae-nous-commencons-a-preparer-la-demi-finale-2\",\"url\":\"https:\/\/www.africa-press.net\/cotedivoire\/sports\/apres-la-victoire-des-elephants-contre-le-mali-emerse-fae-nous-commencons-a-preparer-la-demi-finale-2\",\"name\":\"Apr\u00e8s la victoire des \u00e9l\u00e9phants contre le Mali, \u00c9merse Fa\u00e9 \\\"nous commen\u00e7ons \u00e0 pr\u00e9parer la demi-finale\\\" - C\u00f4te d&#039;Ivoire\",\"isPartOf\":{\"@id\":\"https:\/\/www.africa-press.net\/cotedivoire\/#website\"},\"primaryImageOfPage\":{\"@id\":\"https:\/\/www.africa-press.net\/cotedivoire\/sports\/apres-la-victoire-des-elephants-contre-le-mali-emerse-fae-nous-commencons-a-preparer-la-demi-finale-2#primaryimage\"},\"image\":{\"@id\":\"https:\/\/www.africa-press.net\/cotedivoire\/sports\/apres-la-victoire-des-elephants-contre-le-mali-emerse-fae-nous-commencons-a-preparer-la-demi-finale-2#primaryimage\"},\"thumbnailUrl\":\"https:\/\/static.africa-press.net\/cote\/sites\/43\/2024\/02\/sm_1707142775.705096.jpg\",\"datePublished\":\"2024-02-05T16:58:44+00:00\",\"dateModified\":\"2024-02-05T17:53:22+00:00\",\"author\":{\"@id\":\"https:\/\/www.africa-press.net\/cotedivoire\/#\/schema\/person\/2b1cf3cd81a31e3cd26889ca66d677f1\"},\"description\":\"Les e\u0301le\u0301phants de Co\u0302te d'Ivoire se sont une nouvelle fois impose\u0301s dans la douleur et a\u0300 la dernie\u0300re minute, face aux ...\",\"breadcrumb\":{\"@id\":\"https:\/\/www.africa-press.net\/cotedivoire\/sports\/apres-la-victoire-des-elephants-contre-le-mali-emerse-fae-nous-commencons-a-preparer-la-demi-finale-2#breadcrumb\"},\"inLanguage\":\"fr-FR\",\"potentialAction\":[{\"@type\":\"ReadAction\",\"target\":[\"https:\/\/www.africa-press.net\/cotedivoire\/sports\/apres-la-victoire-des-elephants-contre-le-mali-emerse-fae-nous-commencons-a-preparer-la-demi-finale-2\"]}]},{\"@type\":\"ImageObject\",\"inLanguage\":\"fr-FR\",\"@id\":\"https:\/\/www.africa-press.net\/cotedivoire\/sports\/apres-la-victoire-des-elephants-contre-le-mali-emerse-fae-nous-commencons-a-preparer-la-demi-finale-2#primaryimage\",\"url\":\"https:\/\/static.africa-press.net\/cote\/sites\/43\/2024\/02\/sm_1707142775.705096.jpg\",\"contentUrl\":\"https:\/\/static.africa-press.net\/cote\/sites\/43\/2024\/02\/sm_1707142775.705096.jpg\",\"width\":720,\"height\":524,\"caption\":\"Apr\u00e8s la victoire des \u00e9l\u00e9phants contre le Mali, \u00c9merse Fa\u00e9 \\\"nous commen\u00e7ons \u00e0 pr\u00e9parer la demi-finale\\\"\"},{\"@type\":\"BreadcrumbList\",\"@id\":\"https:\/\/www.africa-press.net\/cotedivoire\/sports\/apres-la-victoire-des-elephants-contre-le-mali-emerse-fae-nous-commencons-a-preparer-la-demi-finale-2#breadcrumb\",\"itemListElement\":[{\"@type\":\"ListItem\",\"position\":1,\"name\":\"Accueil\",\"item\":\"https:\/\/www.africa-press.net\/cotedivoire\/\"},{\"@type\":\"ListItem\",\"position\":2,\"name\":\"Apr\u00e8s la victoire des \u00e9l\u00e9phants contre le Mali, \u00c9merse Fa\u00e9 &#8220;nous commen\u00e7ons \u00e0 pr\u00e9parer la demi-finale&#8221;\"}]},{\"@type\":\"WebSite\",\"@id\":\"https:\/\/www.africa-press.net\/cotedivoire\/#website\",\"url\":\"https:\/\/www.africa-press.net\/cotedivoire\/\",\"name\":\"C\u00f4te d&#039;Ivoire\",\"description\":\"Just another Africa News Agency Sites site\",\"potentialAction\":[{\"@type\":\"SearchAction\",\"target\":{\"@type\":\"EntryPoint\",\"urlTemplate\":\"https:\/\/www.africa-press.net\/cotedivoire\/?s={search_term_string}\"},\"query-input\":{\"@type\":\"PropertyValueSpecification\",\"valueRequired\":true,\"valueName\":\"search_term_string\"}}],\"inLanguage\":\"fr-FR\"},{\"@type\":\"Person\",\"@id\":\"https:\/\/www.africa-press.net\/cotedivoire\/#\/schema\/person\/2b1cf3cd81a31e3cd26889ca66d677f1\",\"name\":\"cfeditorfr\"}]}<\/script>\n<!-- \/ Yoast SEO Premium plugin. -->","yoast_head_json":{"title":"Apr\u00e8s la victoire des \u00e9l\u00e9phants contre le Mali, \u00c9merse Fa\u00e9 \"nous commen\u00e7ons \u00e0 pr\u00e9parer la demi-finale\" - C\u00f4te d&#039;Ivoire","description":"Les e\u0301le\u0301phants de Co\u0302te d'Ivoire se sont une nouvelle fois impose\u0301s dans la douleur et a\u0300 la dernie\u0300re minute, face aux ...","robots":{"index":"index","follow":"follow","max-snippet":"max-snippet:-1","max-image-preview":"max-image-preview:large","max-video-preview":"max-video-preview:-1"},"canonical":"https:\/\/www.africa-press.net\/cotedivoire\/sports\/apres-la-victoire-des-elephants-contre-le-mali-emerse-fae-nous-commencons-a-preparer-la-demi-finale-2","og_locale":"fr_FR","og_type":"article","og_title":"Apr\u00e8s la victoire des \u00e9l\u00e9phants contre le Mali, \u00c9merse Fa\u00e9 \"nous commen\u00e7ons \u00e0 pr\u00e9parer la demi-finale\"","og_description":"Les e\u0301le\u0301phants de Co\u0302te d'Ivoire se sont une nouvelle fois impose\u0301s dans la douleur et a\u0300 la dernie\u0300re minute, face aux ...","og_url":"https:\/\/www.africa-press.net\/cotedivoire\/sports\/apres-la-victoire-des-elephants-contre-le-mali-emerse-fae-nous-commencons-a-preparer-la-demi-finale-2","og_site_name":"C\u00f4te d&#039;Ivoire","article_published_time":"2024-02-05T16:58:44+00:00","article_modified_time":"2024-02-05T17:53:22+00:00","og_image":[{"width":720,"height":524,"url":"https:\/\/static.africa-press.net\/cote\/sites\/43\/2024\/02\/sm_1707142775.705096.jpg","type":"image\/jpeg"}],"author":"cfeditorfr","twitter_card":"summary_large_image","twitter_misc":{"\u00c9crit par":"cfeditorfr","Dur\u00e9e de lecture estim\u00e9e":"3 minutes"},"schema":{"@context":"https:\/\/schema.org","@graph":[{"@type":"Article","@id":"https:\/\/www.africa-press.net\/cotedivoire\/sports\/apres-la-victoire-des-elephants-contre-le-mali-emerse-fae-nous-commencons-a-preparer-la-demi-finale-2#article","isPartOf":{"@id":"https:\/\/www.africa-press.net\/cotedivoire\/sports\/apres-la-victoire-des-elephants-contre-le-mali-emerse-fae-nous-commencons-a-preparer-la-demi-finale-2"},"author":{"name":"cfeditorfr","@id":"https:\/\/www.africa-press.net\/cotedivoire\/#\/schema\/person\/2b1cf3cd81a31e3cd26889ca66d677f1"},"headline":"Apr\u00e8s la victoire des \u00e9l\u00e9phants contre le Mali, \u00c9merse Fa\u00e9 \u00ab\u00a0nous commen\u00e7ons \u00e0 pr\u00e9parer la demi-finale\u00a0\u00bb","datePublished":"2024-02-05T16:58:44+00:00","dateModified":"2024-02-05T17:53:22+00:00","mainEntityOfPage":{"@id":"https:\/\/www.africa-press.net\/cotedivoire\/sports\/apres-la-victoire-des-elephants-contre-le-mali-emerse-fae-nous-commencons-a-preparer-la-demi-finale-2"},"wordCount":531,"commentCount":0,"image":{"@id":"https:\/\/www.africa-press.net\/cotedivoire\/sports\/apres-la-victoire-des-elephants-contre-le-mali-emerse-fae-nous-commencons-a-preparer-la-demi-finale-2#primaryimage"},"thumbnailUrl":"https:\/\/static.africa-press.net\/cote\/sites\/43\/2024\/02\/sm_1707142775.705096.jpg","keywords":["Africa Press","Africa Press-C\u00f4te d'Ivoire","Bouak\u00e9","CAN 2023","C\u00d4TE D'IVOIRE","Emerse Fae","Mali","Nantes","RDC"],"articleSection":["Sports","Toutes les actualit\u00e9s"],"inLanguage":"fr-FR","potentialAction":[{"@type":"CommentAction","name":"Comment","target":["https:\/\/www.africa-press.net\/cotedivoire\/sports\/apres-la-victoire-des-elephants-contre-le-mali-emerse-fae-nous-commencons-a-preparer-la-demi-finale-2#respond"]}]},{"@type":"WebPage","@id":"https:\/\/www.africa-press.net\/cotedivoire\/sports\/apres-la-victoire-des-elephants-contre-le-mali-emerse-fae-nous-commencons-a-preparer-la-demi-finale-2","url":"https:\/\/www.africa-press.net\/cotedivoire\/sports\/apres-la-victoire-des-elephants-contre-le-mali-emerse-fae-nous-commencons-a-preparer-la-demi-finale-2","name":"Apr\u00e8s la victoire des \u00e9l\u00e9phants contre le Mali, \u00c9merse Fa\u00e9 \"nous commen\u00e7ons \u00e0 pr\u00e9parer la demi-finale\" - C\u00f4te d&#039;Ivoire","isPartOf":{"@id":"https:\/\/www.africa-press.net\/cotedivoire\/#website"},"primaryImageOfPage":{"@id":"https:\/\/www.africa-press.net\/cotedivoire\/sports\/apres-la-victoire-des-elephants-contre-le-mali-emerse-fae-nous-commencons-a-preparer-la-demi-finale-2#primaryimage"},"image":{"@id":"https:\/\/www.africa-press.net\/cotedivoire\/sports\/apres-la-victoire-des-elephants-contre-le-mali-emerse-fae-nous-commencons-a-preparer-la-demi-finale-2#primaryimage"},"thumbnailUrl":"https:\/\/static.africa-press.net\/cote\/sites\/43\/2024\/02\/sm_1707142775.705096.jpg","datePublished":"2024-02-05T16:58:44+00:00","dateModified":"2024-02-05T17:53:22+00:00","author":{"@id":"https:\/\/www.africa-press.net\/cotedivoire\/#\/schema\/person\/2b1cf3cd81a31e3cd26889ca66d677f1"},"description":"Les e\u0301le\u0301phants de Co\u0302te d'Ivoire se sont une nouvelle fois impose\u0301s dans la douleur et a\u0300 la dernie\u0300re minute, face aux ...","breadcrumb":{"@id":"https:\/\/www.africa-press.net\/cotedivoire\/sports\/apres-la-victoire-des-elephants-contre-le-mali-emerse-fae-nous-commencons-a-preparer-la-demi-finale-2#breadcrumb"},"inLanguage":"fr-FR","potentialAction":[{"@type":"ReadAction","target":["https:\/\/www.africa-press.net\/cotedivoire\/sports\/apres-la-victoire-des-elephants-contre-le-mali-emerse-fae-nous-commencons-a-preparer-la-demi-finale-2"]}]},{"@type":"ImageObject","inLanguage":"fr-FR","@id":"https:\/\/www.africa-press.net\/cotedivoire\/sports\/apres-la-victoire-des-elephants-contre-le-mali-emerse-fae-nous-commencons-a-preparer-la-demi-finale-2#primaryimage","url":"https:\/\/static.africa-press.net\/cote\/sites\/43\/2024\/02\/sm_1707142775.705096.jpg","contentUrl":"https:\/\/static.africa-press.net\/cote\/sites\/43\/2024\/02\/sm_1707142775.705096.jpg","width":720,"height":524,"caption":"Apr\u00e8s la victoire des \u00e9l\u00e9phants contre le Mali, \u00c9merse Fa\u00e9 \"nous commen\u00e7ons \u00e0 pr\u00e9parer la demi-finale\""},{"@type":"BreadcrumbList","@id":"https:\/\/www.africa-press.net\/cotedivoire\/sports\/apres-la-victoire-des-elephants-contre-le-mali-emerse-fae-nous-commencons-a-preparer-la-demi-finale-2#breadcrumb","itemListElement":[{"@type":"ListItem","position":1,"name":"Accueil","item":"https:\/\/www.africa-press.net\/cotedivoire\/"},{"@type":"ListItem","position":2,"name":"Apr\u00e8s la victoire des \u00e9l\u00e9phants contre le Mali, \u00c9merse Fa\u00e9 &#8220;nous commen\u00e7ons \u00e0 pr\u00e9parer la demi-finale&#8221;"}]},{"@type":"WebSite","@id":"https:\/\/www.africa-press.net\/cotedivoire\/#website","url":"https:\/\/www.africa-press.net\/cotedivoire\/","name":"C\u00f4te d&#039;Ivoire","description":"Just another Africa News Agency Sites site","potentialAction":[{"@type":"SearchAction","target":{"@type":"EntryPoint","urlTemplate":"https:\/\/www.africa-press.net\/cotedivoire\/?s={search_term_string}"},"query-input":{"@type":"PropertyValueSpecification","valueRequired":true,"valueName":"search_term_string"}}],"inLanguage":"fr-FR"},{"@type":"Person","@id":"https:\/\/www.africa-press.net\/cotedivoire\/#\/schema\/person\/2b1cf3cd81a31e3cd26889ca66d677f1","name":"cfeditorfr"}]}},"_links":{"self":[{"href":"https:\/\/www.africa-press.net\/cotedivoire\/wp-json\/wp\/v2\/posts\/74572","targetHints":{"allow":["GET"]}}],"collection":[{"href":"https:\/\/www.africa-press.net\/cotedivoire\/wp-json\/wp\/v2\/posts"}],"about":[{"href":"https:\/\/www.africa-press.net\/cotedivoire\/wp-json\/wp\/v2\/types\/post"}],"author":[{"embeddable":true,"href":"https:\/\/www.africa-press.net\/cotedivoire\/wp-json\/wp\/v2\/users\/82"}],"replies":[{"embeddable":true,"href":"https:\/\/www.africa-press.net\/cotedivoire\/wp-json\/wp\/v2\/comments?post=74572"}],"version-history":[{"count":0,"href":"https:\/\/www.africa-press.net\/cotedivoire\/wp-json\/wp\/v2\/posts\/74572\/revisions"}],"wp:featuredmedia":[{"embeddable":true,"href":"https:\/\/www.africa-press.net\/cotedivoire\/wp-json\/wp\/v2\/media\/74571"}],"wp:attachment":[{"href":"https:\/\/www.africa-press.net\/cotedivoire\/wp-json\/wp\/v2\/media?parent=74572"}],"wp:term":[{"taxonomy":"category","embeddable":true,"href":"https:\/\/www.africa-press.net\/cotedivoire\/wp-json\/wp\/v2\/categories?post=74572"},{"taxonomy":"post_tag","embeddable":true,"href":"https:\/\/www.africa-press.net\/cotedivoire\/wp-json\/wp\/v2\/tags?post=74572"}],"curies":[{"name":"wp","href":"https:\/\/api.w.org\/{rel}","templated":true}]}}