{"id":74642,"date":"2024-02-07T06:35:29","date_gmt":"2024-02-07T06:35:29","guid":{"rendered":"https:\/\/www.africa-press.net\/cotedivoire\/?p=74642"},"modified":"2024-02-07T05:41:39","modified_gmt":"2024-02-07T05:41:39","slug":"des-sacs-de-cacao-estimes-a-100-tonnes-saisis-dans-un-port-sec-a-la-frontiere-ivoiro-guineenne","status":"publish","type":"post","link":"https:\/\/www.africa-press.net\/cotedivoire\/economie\/des-sacs-de-cacao-estimes-a-100-tonnes-saisis-dans-un-port-sec-a-la-frontiere-ivoiro-guineenne","title":{"rendered":"Des sacs de cacao estim\u00e9s \u00e0 100 tonnes saisis dans un port sec \u00e0 la fronti\u00e8re ivoiro-Guin\u00e9enne"},"content":{"rendered":"<p><span style=\"color: #ff6600\"><strong>Africa-Press &#8211; C\u00f4te d&rsquo;Ivoire. <\/strong><\/span>1 500 sacs de cacao estime\u0301s a\u0300 100 tonnes ont e\u0301te\u0301 saisis en janvier 2024 a\u0300 la frontie\u0300re ivoiro-Guine\u0301enne a-t-on appris de sources concordantes.<\/p>\n<p>Nous apprenons que, la saisie des tonnes de cacao a e\u0301te\u0301 faite dans un port sec a\u0300 Gnigle\u0301 (Sipilou) un village situe\u0301 a\u0300 800 me\u0300tres de la frontie\u0300re avec la Guine\u0301e.<\/p>\n<p>Le phe\u0301nome\u0300ne du trafic des produits agricoles vers les pays frontaliers de la Co\u0302te d\u2019Ivoire est lois de s\u2019estomper malgre\u0301 les mesures prises par les autorite\u0301s.<\/p>\n<p>Cette activite\u0301 ille\u0301gale est une grosse perte pour l\u2019e\u0301conomie ivoirienne. Il faudrait accentuer la sensibilisation aupre\u0300s des producteurs qui s\u2019adonnent a\u0300 cette activite\u0301 afin d\u2019augmenter leurs revenus lors des campagnes de la filie\u0300re cafe\u0301-cacao.<\/p>\n<p><strong>Pour plus d&rsquo;informations et d&rsquo;analyses sur la <a href=\"https:\/\/www.africa-press.net\/cotedivoire\">C\u00f4te d&rsquo;Ivoire<\/a>, suivez <a href=\"https:\/\/www.africa-press.net\/\">Africa-Press<\/a><\/strong><\/p>\n","protected":false},"excerpt":{"rendered":"<p>Africa-Press &#8211; C\u00f4te d&rsquo;Ivoire. 1 500 sacs de cacao estime\u0301s a\u0300 100 tonnes ont e\u0301te\u0301 saisis en janvier 2024 a\u0300 la frontie\u0300re ivoiro-Guine\u0301enne a-t-on appris de sources concordantes. Nous apprenons que, la saisie des tonnes de cacao a e\u0301te\u0301 faite dans un port sec a\u0300 Gnigle\u0301 (Sipilou) un village situe\u0301 a\u0300 800 me\u0300tres de la [&hellip;]<\/p>\n","protected":false},"author":82,"featured_media":74640,"comment_status":"open","ping_status":"closed","sticky":false,"template":"","format":"standard","meta":{"footnotes":""},"categories":[3,10],"tags":[56,63,3948,1685,29,12532,36,6480,8670,2737,9677,3815],"class_list":["post-74642","post","type-post","status-publish","format-standard","has-post-thumbnail","hentry","category-economie","category-toutes-les-actualites","tag-africa-press","tag-africa-press-cote-divoire","tag-agricoles","tag-cacao","tag-cote-divoire","tag-gnigle","tag-guinee","tag-illegale","tag-phenomene","tag-sipilou","tag-tonnes","tag-trafic"],"yoast_head":"<!-- This site is optimized with the Yoast SEO Premium plugin v26.1 (Yoast SEO v27.0) - https:\/\/yoast.com\/product\/yoast-seo-premium-wordpress\/ -->\n<title>Des sacs de cacao estim\u00e9s \u00e0 100 tonnes saisis dans un port sec \u00e0 la fronti\u00e8re ivoiro-Guin\u00e9enne - C\u00f4te d&#039;Ivoire<\/title>\n<meta name=\"description\" content=\"1 500 sacs de cacao estime\u0301s a\u0300 100 tonnes ont e\u0301te\u0301 saisis en janvier 2024 a\u0300 la frontie\u0300re ivoiro-Guine\u0301enne a-t-on ap ...\" \/>\n<meta name=\"robots\" content=\"index, follow, max-snippet:-1, max-image-preview:large, max-video-preview:-1\" \/>\n<link rel=\"canonical\" href=\"https:\/\/www.africa-press.net\/cotedivoire\/economie\/des-sacs-de-cacao-estimes-a-100-tonnes-saisis-dans-un-port-sec-a-la-frontiere-ivoiro-guineenne\" \/>\n<meta property=\"og:locale\" content=\"fr_FR\" \/>\n<meta property=\"og:type\" content=\"article\" \/>\n<meta property=\"og:title\" content=\"Des sacs de cacao estim\u00e9s \u00e0 100 tonnes saisis dans un port sec \u00e0 la fronti\u00e8re ivoiro-Guin\u00e9enne\" \/>\n<meta property=\"og:description\" content=\"1 500 sacs de cacao estime\u0301s a\u0300 100 tonnes ont e\u0301te\u0301 saisis en janvier 2024 a\u0300 la frontie\u0300re ivoiro-Guine\u0301enne a-t-on ap ...\" \/>\n<meta property=\"og:url\" content=\"https:\/\/www.africa-press.net\/cotedivoire\/economie\/des-sacs-de-cacao-estimes-a-100-tonnes-saisis-dans-un-port-sec-a-la-frontiere-ivoiro-guineenne\" \/>\n<meta property=\"og:site_name\" content=\"C\u00f4te d&#039;Ivoire\" \/>\n<meta property=\"article:published_time\" content=\"2024-02-07T06:35:29+00:00\" \/>\n<meta property=\"og:image\" content=\"https:\/\/static.africa-press.net\/cote\/sites\/43\/2024\/02\/sm_1707271752.069499.jpg\" \/>\n\t<meta property=\"og:image:width\" content=\"720\" \/>\n\t<meta property=\"og:image:height\" content=\"481\" \/>\n\t<meta property=\"og:image:type\" content=\"image\/jpeg\" \/>\n<meta name=\"author\" content=\"cfeditorfr\" \/>\n<meta name=\"twitter:card\" content=\"summary_large_image\" \/>\n<meta name=\"twitter:label1\" content=\"\u00c9crit par\" \/>\n\t<meta name=\"twitter:data1\" content=\"cfeditorfr\" \/>\n\t<meta name=\"twitter:label2\" content=\"Dur\u00e9e de lecture estim\u00e9e\" \/>\n\t<meta name=\"twitter:data2\" content=\"1 minute\" \/>\n<script type=\"application\/ld+json\" class=\"yoast-schema-graph\">{\"@context\":\"https:\/\/schema.org\",\"@graph\":[{\"@type\":\"Article\",\"@id\":\"https:\/\/www.africa-press.net\/cotedivoire\/economie\/des-sacs-de-cacao-estimes-a-100-tonnes-saisis-dans-un-port-sec-a-la-frontiere-ivoiro-guineenne#article\",\"isPartOf\":{\"@id\":\"https:\/\/www.africa-press.net\/cotedivoire\/economie\/des-sacs-de-cacao-estimes-a-100-tonnes-saisis-dans-un-port-sec-a-la-frontiere-ivoiro-guineenne\"},\"author\":{\"name\":\"cfeditorfr\",\"@id\":\"https:\/\/www.africa-press.net\/cotedivoire\/#\/schema\/person\/2b1cf3cd81a31e3cd26889ca66d677f1\"},\"headline\":\"Des sacs de cacao estim\u00e9s \u00e0 100 tonnes saisis dans un port sec \u00e0 la fronti\u00e8re ivoiro-Guin\u00e9enne\",\"datePublished\":\"2024-02-07T06:35:29+00:00\",\"mainEntityOfPage\":{\"@id\":\"https:\/\/www.africa-press.net\/cotedivoire\/economie\/des-sacs-de-cacao-estimes-a-100-tonnes-saisis-dans-un-port-sec-a-la-frontiere-ivoiro-guineenne\"},\"wordCount\":170,\"commentCount\":0,\"image\":{\"@id\":\"https:\/\/www.africa-press.net\/cotedivoire\/economie\/des-sacs-de-cacao-estimes-a-100-tonnes-saisis-dans-un-port-sec-a-la-frontiere-ivoiro-guineenne#primaryimage\"},\"thumbnailUrl\":\"https:\/\/static.africa-press.net\/cote\/sites\/43\/2024\/02\/sm_1707271752.069499.jpg\",\"keywords\":[\"Africa Press\",\"Africa Press-C\u00f4te d'Ivoire\",\"agricoles\",\"cacao\",\"C\u00d4TE D'IVOIRE\",\"Gnigl\u00e9\",\"Guin\u00e9e\",\"ill\u00e9gale\",\"ph\u00e9nom\u00e8ne\",\"Sipilou\",\"Tonnes\",\"trafic\"],\"articleSection\":[\"\u00c9conomie\",\"Toutes les actualit\u00e9s\"],\"inLanguage\":\"fr-FR\",\"potentialAction\":[{\"@type\":\"CommentAction\",\"name\":\"Comment\",\"target\":[\"https:\/\/www.africa-press.net\/cotedivoire\/economie\/des-sacs-de-cacao-estimes-a-100-tonnes-saisis-dans-un-port-sec-a-la-frontiere-ivoiro-guineenne#respond\"]}]},{\"@type\":\"WebPage\",\"@id\":\"https:\/\/www.africa-press.net\/cotedivoire\/economie\/des-sacs-de-cacao-estimes-a-100-tonnes-saisis-dans-un-port-sec-a-la-frontiere-ivoiro-guineenne\",\"url\":\"https:\/\/www.africa-press.net\/cotedivoire\/economie\/des-sacs-de-cacao-estimes-a-100-tonnes-saisis-dans-un-port-sec-a-la-frontiere-ivoiro-guineenne\",\"name\":\"Des sacs de cacao estim\u00e9s \u00e0 100 tonnes saisis dans un port sec \u00e0 la fronti\u00e8re ivoiro-Guin\u00e9enne - C\u00f4te d&#039;Ivoire\",\"isPartOf\":{\"@id\":\"https:\/\/www.africa-press.net\/cotedivoire\/#website\"},\"primaryImageOfPage\":{\"@id\":\"https:\/\/www.africa-press.net\/cotedivoire\/economie\/des-sacs-de-cacao-estimes-a-100-tonnes-saisis-dans-un-port-sec-a-la-frontiere-ivoiro-guineenne#primaryimage\"},\"image\":{\"@id\":\"https:\/\/www.africa-press.net\/cotedivoire\/economie\/des-sacs-de-cacao-estimes-a-100-tonnes-saisis-dans-un-port-sec-a-la-frontiere-ivoiro-guineenne#primaryimage\"},\"thumbnailUrl\":\"https:\/\/static.africa-press.net\/cote\/sites\/43\/2024\/02\/sm_1707271752.069499.jpg\",\"datePublished\":\"2024-02-07T06:35:29+00:00\",\"author\":{\"@id\":\"https:\/\/www.africa-press.net\/cotedivoire\/#\/schema\/person\/2b1cf3cd81a31e3cd26889ca66d677f1\"},\"description\":\"1 500 sacs de cacao estime\u0301s a\u0300 100 tonnes ont e\u0301te\u0301 saisis en janvier 2024 a\u0300 la frontie\u0300re ivoiro-Guine\u0301enne a-t-on ap ...\",\"breadcrumb\":{\"@id\":\"https:\/\/www.africa-press.net\/cotedivoire\/economie\/des-sacs-de-cacao-estimes-a-100-tonnes-saisis-dans-un-port-sec-a-la-frontiere-ivoiro-guineenne#breadcrumb\"},\"inLanguage\":\"fr-FR\",\"potentialAction\":[{\"@type\":\"ReadAction\",\"target\":[\"https:\/\/www.africa-press.net\/cotedivoire\/economie\/des-sacs-de-cacao-estimes-a-100-tonnes-saisis-dans-un-port-sec-a-la-frontiere-ivoiro-guineenne\"]}]},{\"@type\":\"ImageObject\",\"inLanguage\":\"fr-FR\",\"@id\":\"https:\/\/www.africa-press.net\/cotedivoire\/economie\/des-sacs-de-cacao-estimes-a-100-tonnes-saisis-dans-un-port-sec-a-la-frontiere-ivoiro-guineenne#primaryimage\",\"url\":\"https:\/\/static.africa-press.net\/cote\/sites\/43\/2024\/02\/sm_1707271752.069499.jpg\",\"contentUrl\":\"https:\/\/static.africa-press.net\/cote\/sites\/43\/2024\/02\/sm_1707271752.069499.jpg\",\"width\":720,\"height\":481,\"caption\":\"Des sacs de cacao estim\u00e9s \u00e0 100 tonnes saisis dans un port sec \u00e0 la fronti\u00e8re ivoiro-Guin\u00e9enne\"},{\"@type\":\"BreadcrumbList\",\"@id\":\"https:\/\/www.africa-press.net\/cotedivoire\/economie\/des-sacs-de-cacao-estimes-a-100-tonnes-saisis-dans-un-port-sec-a-la-frontiere-ivoiro-guineenne#breadcrumb\",\"itemListElement\":[{\"@type\":\"ListItem\",\"position\":1,\"name\":\"Accueil\",\"item\":\"https:\/\/www.africa-press.net\/cotedivoire\/\"},{\"@type\":\"ListItem\",\"position\":2,\"name\":\"Des sacs de cacao estim\u00e9s \u00e0 100 tonnes saisis dans un port sec \u00e0 la fronti\u00e8re ivoiro-Guin\u00e9enne\"}]},{\"@type\":\"WebSite\",\"@id\":\"https:\/\/www.africa-press.net\/cotedivoire\/#website\",\"url\":\"https:\/\/www.africa-press.net\/cotedivoire\/\",\"name\":\"C\u00f4te d&#039;Ivoire\",\"description\":\"Just another Africa News Agency Sites site\",\"potentialAction\":[{\"@type\":\"SearchAction\",\"target\":{\"@type\":\"EntryPoint\",\"urlTemplate\":\"https:\/\/www.africa-press.net\/cotedivoire\/?s={search_term_string}\"},\"query-input\":{\"@type\":\"PropertyValueSpecification\",\"valueRequired\":true,\"valueName\":\"search_term_string\"}}],\"inLanguage\":\"fr-FR\"},{\"@type\":\"Person\",\"@id\":\"https:\/\/www.africa-press.net\/cotedivoire\/#\/schema\/person\/2b1cf3cd81a31e3cd26889ca66d677f1\",\"name\":\"cfeditorfr\"}]}<\/script>\n<!-- \/ Yoast SEO Premium plugin. -->","yoast_head_json":{"title":"Des sacs de cacao estim\u00e9s \u00e0 100 tonnes saisis dans un port sec \u00e0 la fronti\u00e8re ivoiro-Guin\u00e9enne - C\u00f4te d&#039;Ivoire","description":"1 500 sacs de cacao estime\u0301s a\u0300 100 tonnes ont e\u0301te\u0301 saisis en janvier 2024 a\u0300 la frontie\u0300re ivoiro-Guine\u0301enne a-t-on ap ...","robots":{"index":"index","follow":"follow","max-snippet":"max-snippet:-1","max-image-preview":"max-image-preview:large","max-video-preview":"max-video-preview:-1"},"canonical":"https:\/\/www.africa-press.net\/cotedivoire\/economie\/des-sacs-de-cacao-estimes-a-100-tonnes-saisis-dans-un-port-sec-a-la-frontiere-ivoiro-guineenne","og_locale":"fr_FR","og_type":"article","og_title":"Des sacs de cacao estim\u00e9s \u00e0 100 tonnes saisis dans un port sec \u00e0 la fronti\u00e8re ivoiro-Guin\u00e9enne","og_description":"1 500 sacs de cacao estime\u0301s a\u0300 100 tonnes ont e\u0301te\u0301 saisis en janvier 2024 a\u0300 la frontie\u0300re ivoiro-Guine\u0301enne a-t-on ap ...","og_url":"https:\/\/www.africa-press.net\/cotedivoire\/economie\/des-sacs-de-cacao-estimes-a-100-tonnes-saisis-dans-un-port-sec-a-la-frontiere-ivoiro-guineenne","og_site_name":"C\u00f4te d&#039;Ivoire","article_published_time":"2024-02-07T06:35:29+00:00","og_image":[{"width":720,"height":481,"url":"https:\/\/static.africa-press.net\/cote\/sites\/43\/2024\/02\/sm_1707271752.069499.jpg","type":"image\/jpeg"}],"author":"cfeditorfr","twitter_card":"summary_large_image","twitter_misc":{"\u00c9crit par":"cfeditorfr","Dur\u00e9e de lecture estim\u00e9e":"1 minute"},"schema":{"@context":"https:\/\/schema.org","@graph":[{"@type":"Article","@id":"https:\/\/www.africa-press.net\/cotedivoire\/economie\/des-sacs-de-cacao-estimes-a-100-tonnes-saisis-dans-un-port-sec-a-la-frontiere-ivoiro-guineenne#article","isPartOf":{"@id":"https:\/\/www.africa-press.net\/cotedivoire\/economie\/des-sacs-de-cacao-estimes-a-100-tonnes-saisis-dans-un-port-sec-a-la-frontiere-ivoiro-guineenne"},"author":{"name":"cfeditorfr","@id":"https:\/\/www.africa-press.net\/cotedivoire\/#\/schema\/person\/2b1cf3cd81a31e3cd26889ca66d677f1"},"headline":"Des sacs de cacao estim\u00e9s \u00e0 100 tonnes saisis dans un port sec \u00e0 la fronti\u00e8re ivoiro-Guin\u00e9enne","datePublished":"2024-02-07T06:35:29+00:00","mainEntityOfPage":{"@id":"https:\/\/www.africa-press.net\/cotedivoire\/economie\/des-sacs-de-cacao-estimes-a-100-tonnes-saisis-dans-un-port-sec-a-la-frontiere-ivoiro-guineenne"},"wordCount":170,"commentCount":0,"image":{"@id":"https:\/\/www.africa-press.net\/cotedivoire\/economie\/des-sacs-de-cacao-estimes-a-100-tonnes-saisis-dans-un-port-sec-a-la-frontiere-ivoiro-guineenne#primaryimage"},"thumbnailUrl":"https:\/\/static.africa-press.net\/cote\/sites\/43\/2024\/02\/sm_1707271752.069499.jpg","keywords":["Africa Press","Africa Press-C\u00f4te d'Ivoire","agricoles","cacao","C\u00d4TE D'IVOIRE","Gnigl\u00e9","Guin\u00e9e","ill\u00e9gale","ph\u00e9nom\u00e8ne","Sipilou","Tonnes","trafic"],"articleSection":["\u00c9conomie","Toutes les actualit\u00e9s"],"inLanguage":"fr-FR","potentialAction":[{"@type":"CommentAction","name":"Comment","target":["https:\/\/www.africa-press.net\/cotedivoire\/economie\/des-sacs-de-cacao-estimes-a-100-tonnes-saisis-dans-un-port-sec-a-la-frontiere-ivoiro-guineenne#respond"]}]},{"@type":"WebPage","@id":"https:\/\/www.africa-press.net\/cotedivoire\/economie\/des-sacs-de-cacao-estimes-a-100-tonnes-saisis-dans-un-port-sec-a-la-frontiere-ivoiro-guineenne","url":"https:\/\/www.africa-press.net\/cotedivoire\/economie\/des-sacs-de-cacao-estimes-a-100-tonnes-saisis-dans-un-port-sec-a-la-frontiere-ivoiro-guineenne","name":"Des sacs de cacao estim\u00e9s \u00e0 100 tonnes saisis dans un port sec \u00e0 la fronti\u00e8re ivoiro-Guin\u00e9enne - C\u00f4te d&#039;Ivoire","isPartOf":{"@id":"https:\/\/www.africa-press.net\/cotedivoire\/#website"},"primaryImageOfPage":{"@id":"https:\/\/www.africa-press.net\/cotedivoire\/economie\/des-sacs-de-cacao-estimes-a-100-tonnes-saisis-dans-un-port-sec-a-la-frontiere-ivoiro-guineenne#primaryimage"},"image":{"@id":"https:\/\/www.africa-press.net\/cotedivoire\/economie\/des-sacs-de-cacao-estimes-a-100-tonnes-saisis-dans-un-port-sec-a-la-frontiere-ivoiro-guineenne#primaryimage"},"thumbnailUrl":"https:\/\/static.africa-press.net\/cote\/sites\/43\/2024\/02\/sm_1707271752.069499.jpg","datePublished":"2024-02-07T06:35:29+00:00","author":{"@id":"https:\/\/www.africa-press.net\/cotedivoire\/#\/schema\/person\/2b1cf3cd81a31e3cd26889ca66d677f1"},"description":"1 500 sacs de cacao estime\u0301s a\u0300 100 tonnes ont e\u0301te\u0301 saisis en janvier 2024 a\u0300 la frontie\u0300re ivoiro-Guine\u0301enne a-t-on ap ...","breadcrumb":{"@id":"https:\/\/www.africa-press.net\/cotedivoire\/economie\/des-sacs-de-cacao-estimes-a-100-tonnes-saisis-dans-un-port-sec-a-la-frontiere-ivoiro-guineenne#breadcrumb"},"inLanguage":"fr-FR","potentialAction":[{"@type":"ReadAction","target":["https:\/\/www.africa-press.net\/cotedivoire\/economie\/des-sacs-de-cacao-estimes-a-100-tonnes-saisis-dans-un-port-sec-a-la-frontiere-ivoiro-guineenne"]}]},{"@type":"ImageObject","inLanguage":"fr-FR","@id":"https:\/\/www.africa-press.net\/cotedivoire\/economie\/des-sacs-de-cacao-estimes-a-100-tonnes-saisis-dans-un-port-sec-a-la-frontiere-ivoiro-guineenne#primaryimage","url":"https:\/\/static.africa-press.net\/cote\/sites\/43\/2024\/02\/sm_1707271752.069499.jpg","contentUrl":"https:\/\/static.africa-press.net\/cote\/sites\/43\/2024\/02\/sm_1707271752.069499.jpg","width":720,"height":481,"caption":"Des sacs de cacao estim\u00e9s \u00e0 100 tonnes saisis dans un port sec \u00e0 la fronti\u00e8re ivoiro-Guin\u00e9enne"},{"@type":"BreadcrumbList","@id":"https:\/\/www.africa-press.net\/cotedivoire\/economie\/des-sacs-de-cacao-estimes-a-100-tonnes-saisis-dans-un-port-sec-a-la-frontiere-ivoiro-guineenne#breadcrumb","itemListElement":[{"@type":"ListItem","position":1,"name":"Accueil","item":"https:\/\/www.africa-press.net\/cotedivoire\/"},{"@type":"ListItem","position":2,"name":"Des sacs de cacao estim\u00e9s \u00e0 100 tonnes saisis dans un port sec \u00e0 la fronti\u00e8re ivoiro-Guin\u00e9enne"}]},{"@type":"WebSite","@id":"https:\/\/www.africa-press.net\/cotedivoire\/#website","url":"https:\/\/www.africa-press.net\/cotedivoire\/","name":"C\u00f4te d&#039;Ivoire","description":"Just another Africa News Agency Sites site","potentialAction":[{"@type":"SearchAction","target":{"@type":"EntryPoint","urlTemplate":"https:\/\/www.africa-press.net\/cotedivoire\/?s={search_term_string}"},"query-input":{"@type":"PropertyValueSpecification","valueRequired":true,"valueName":"search_term_string"}}],"inLanguage":"fr-FR"},{"@type":"Person","@id":"https:\/\/www.africa-press.net\/cotedivoire\/#\/schema\/person\/2b1cf3cd81a31e3cd26889ca66d677f1","name":"cfeditorfr"}]}},"_links":{"self":[{"href":"https:\/\/www.africa-press.net\/cotedivoire\/wp-json\/wp\/v2\/posts\/74642","targetHints":{"allow":["GET"]}}],"collection":[{"href":"https:\/\/www.africa-press.net\/cotedivoire\/wp-json\/wp\/v2\/posts"}],"about":[{"href":"https:\/\/www.africa-press.net\/cotedivoire\/wp-json\/wp\/v2\/types\/post"}],"author":[{"embeddable":true,"href":"https:\/\/www.africa-press.net\/cotedivoire\/wp-json\/wp\/v2\/users\/82"}],"replies":[{"embeddable":true,"href":"https:\/\/www.africa-press.net\/cotedivoire\/wp-json\/wp\/v2\/comments?post=74642"}],"version-history":[{"count":0,"href":"https:\/\/www.africa-press.net\/cotedivoire\/wp-json\/wp\/v2\/posts\/74642\/revisions"}],"wp:featuredmedia":[{"embeddable":true,"href":"https:\/\/www.africa-press.net\/cotedivoire\/wp-json\/wp\/v2\/media\/74640"}],"wp:attachment":[{"href":"https:\/\/www.africa-press.net\/cotedivoire\/wp-json\/wp\/v2\/media?parent=74642"}],"wp:term":[{"taxonomy":"category","embeddable":true,"href":"https:\/\/www.africa-press.net\/cotedivoire\/wp-json\/wp\/v2\/categories?post=74642"},{"taxonomy":"post_tag","embeddable":true,"href":"https:\/\/www.africa-press.net\/cotedivoire\/wp-json\/wp\/v2\/tags?post=74642"}],"curies":[{"name":"wp","href":"https:\/\/api.w.org\/{rel}","templated":true}]}}