{"id":74785,"date":"2024-02-09T18:06:06","date_gmt":"2024-02-09T18:06:06","guid":{"rendered":"https:\/\/www.africa-press.net\/cotedivoire\/politique\/propos-errones-attribues-a-tidjane-thiam-le-president-du-pdci-rda-appelle-la-presse-et-le-public-a-la-vigilance-et-menace-de-poursuite-judiciaire-leurs-auteurs"},"modified":"2024-02-09T19:45:31","modified_gmt":"2024-02-09T19:45:31","slug":"propos-errones-attribues-a-tidjane-thiam-le-president-du-pdci-rda-appelle-la-presse-et-le-public-a-la-vigilance-et-menace-de-poursuite-judiciaire-leurs-auteurs","status":"publish","type":"post","link":"https:\/\/www.africa-press.net\/cotedivoire\/politique\/propos-errones-attribues-a-tidjane-thiam-le-president-du-pdci-rda-appelle-la-presse-et-le-public-a-la-vigilance-et-menace-de-poursuite-judiciaire-leurs-auteurs","title":{"rendered":"Propos erron\u00e9s attribu\u00e9s \u00e0 Tidjane Thiam, le pr\u00e9sident du PDCI-RDA appelle la presse et le public \u00e0 la vigilance et menace de poursuite judiciaire leurs auteurs"},"content":{"rendered":"<p><span style=\"color: #ff6600\"><strong>Africa-Press &#8211; C\u00f4te d&rsquo;Ivoire. <\/strong><\/span>Des de\u0301clarations errone\u0301es abusivement attribue\u0301es au pre\u0301sident du PDCI-RDA, Tidjane Thiam, ont e\u0301te\u0301 diffuse\u0301es par certains organes de presse et partage\u0301es sur les re\u0301seaux sociaux les 07 et 08 fe\u0301vrier 2024, suite a\u0300 la victoire des E\u0301le\u0301phants de Co\u0302te d&rsquo;Ivoire contre la Re\u0301publique De\u0301mocratique du Congo lors des demi-finales de la CAN.<\/p>\n<p>Dans un communique\u0301, le pre\u0301sident du PDCI-RDA, a\u0300 travers son service de communication, a exprime\u0301 son indignation face a\u0300 cette attitude qui est de nature a\u0300 jeter le discre\u0301dit sur le parti Vert et Blanc et son pre\u0301sident nouvellement e\u0301lu. \u00ab\u00a0Ces propos, e\u0301manent d&rsquo;un faux compte qui n&rsquo;est en aucun cas affilie\u0301 au Pre\u0301sident du PDCI-RDA et cette pratique de diffusion de fausses de\u0301clarations, porte atteinte a\u0300 sa re\u0301putation\u00a0\u00bb, a-t-il regrette\u0301.<\/p>\n<p>Le communique\u0301 rappelle que \u00ab\u00a0le pre\u0301sident Tidjane THIAM a de\u0301ja\u0300 communique\u0301 ses comptes officiels dans un pre\u0301ce\u0301dent communique\u0301 et mis en garde contre l&rsquo;existence de faux comptes usurpant son identite\u0301\u00a0\u00bb.<\/p>\n<p>Face a\u0300 cette pratique, \u00a0\u00bb le pre\u0301sident Tidjane THIAM appelle a\u0300 la vigilance, tous les me\u0301dias et le public afin de ne pas relayer des informations provenant de sources non ve\u0301rifie\u0301es. En outre, le Pre\u0301sident du PDCI-RDA se re\u0301serve le droit de prendre des mesures le\u0301gales a\u0300 l&rsquo;encontre des administrateurs des faux comptes pour diffamation et usurpation d&rsquo;identite\u0301\u00a0\u00bb.<\/p>\n<p>Le pre\u0301sident Tidjane Thiam fait savoir par ailleurs que \u00a0\u00bb toute publication ulte\u0301rieure de ce communique\u0301 pourrait e\u0302tre traite\u0301e avec la plus grande se\u0301ve\u0301rite\u0301\u00a0\u00bb. Il encourage une fois de plus la presse et le public a\u0300 se re\u0301fe\u0301rer aux comptes officiels du Pre\u0301sident du parti pour toute de\u0301claration ou information le concernant.<\/p>\n<p><strong>Pour plus d&rsquo;informations et d&rsquo;analyses sur la <a href=\"https:\/\/www.africa-press.net\/cotedivoire\">C\u00f4te d&rsquo;Ivoire<\/a>, suivez <a href=\"https:\/\/www.africa-press.net\/\">Africa-Press<\/a><\/strong><\/p>\n","protected":false},"excerpt":{"rendered":"<p>Africa-Press &#8211; C\u00f4te d&rsquo;Ivoire. Des de\u0301clarations errone\u0301es abusivement attribue\u0301es au pre\u0301sident du PDCI-RDA, Tidjane Thiam, ont e\u0301te\u0301 diffuse\u0301es par certains organes de presse et partage\u0301es sur les re\u0301seaux sociaux les 07 et 08 fe\u0301vrier 2024, suite a\u0300 la victoire des E\u0301le\u0301phants de Co\u0302te d&rsquo;Ivoire contre la Re\u0301publique De\u0301mocratique du Congo lors des demi-finales de la [&hellip;]<\/p>\n","protected":false},"author":82,"featured_media":74783,"comment_status":"open","ping_status":"closed","sticky":false,"template":"","format":"standard","meta":{"footnotes":""},"categories":[2,10],"tags":[56,63,29,739,12553],"class_list":["post-74785","post","type-post","status-publish","format-standard","has-post-thumbnail","hentry","category-politique","category-toutes-les-actualites","tag-africa-press","tag-africa-press-cote-divoire","tag-cote-divoire","tag-pdci-rda","tag-tidjan-thiam"],"yoast_head":"<!-- This site is optimized with the Yoast SEO Premium plugin v26.1 (Yoast SEO v27.0) - https:\/\/yoast.com\/product\/yoast-seo-premium-wordpress\/ -->\n<title>Propos erron\u00e9s attribu\u00e9s \u00e0 Tidjane Thiam, le pr\u00e9sident du PDCI-RDA appelle la presse et le public \u00e0 la vigilance et menace de poursuite judiciaire leurs auteurs - C\u00f4te d&#039;Ivoire<\/title>\n<meta name=\"description\" content=\"Des de\u0301clarations errone\u0301es abusivement attribue\u0301es au pre\u0301sident du PDCI-RDA, Tidjane Thiam, ont e\u0301te\u0301 diffuse\u0301es par c ...\" \/>\n<meta name=\"robots\" content=\"index, follow, max-snippet:-1, max-image-preview:large, max-video-preview:-1\" \/>\n<link rel=\"canonical\" href=\"https:\/\/www.africa-press.net\/cotedivoire\/politique\/propos-errones-attribues-a-tidjane-thiam-le-president-du-pdci-rda-appelle-la-presse-et-le-public-a-la-vigilance-et-menace-de-poursuite-judiciaire-leurs-auteurs\" \/>\n<meta property=\"og:locale\" content=\"fr_FR\" \/>\n<meta property=\"og:type\" content=\"article\" \/>\n<meta property=\"og:title\" content=\"Propos erron\u00e9s attribu\u00e9s \u00e0 Tidjane Thiam, le pr\u00e9sident du PDCI-RDA appelle la presse et le public \u00e0 la vigilance et menace de poursuite judiciaire leurs auteurs\" \/>\n<meta property=\"og:description\" content=\"Des de\u0301clarations errone\u0301es abusivement attribue\u0301es au pre\u0301sident du PDCI-RDA, Tidjane Thiam, ont e\u0301te\u0301 diffuse\u0301es par c ...\" \/>\n<meta property=\"og:url\" content=\"https:\/\/www.africa-press.net\/cotedivoire\/politique\/propos-errones-attribues-a-tidjane-thiam-le-president-du-pdci-rda-appelle-la-presse-et-le-public-a-la-vigilance-et-menace-de-poursuite-judiciaire-leurs-auteurs\" \/>\n<meta property=\"og:site_name\" content=\"C\u00f4te d&#039;Ivoire\" \/>\n<meta property=\"article:published_time\" content=\"2024-02-09T18:06:06+00:00\" \/>\n<meta property=\"article:modified_time\" content=\"2024-02-09T19:45:31+00:00\" \/>\n<meta property=\"og:image\" content=\"https:\/\/static.africa-press.net\/cote\/sites\/43\/2024\/02\/sm_1707495193.957716.jpg\" \/>\n\t<meta property=\"og:image:width\" content=\"720\" \/>\n\t<meta property=\"og:image:height\" content=\"480\" \/>\n\t<meta property=\"og:image:type\" content=\"image\/jpeg\" \/>\n<meta name=\"author\" content=\"cfeditorfr\" \/>\n<meta name=\"twitter:card\" content=\"summary_large_image\" \/>\n<meta name=\"twitter:label1\" content=\"\u00c9crit par\" \/>\n\t<meta name=\"twitter:data1\" content=\"cfeditorfr\" \/>\n\t<meta name=\"twitter:label2\" content=\"Dur\u00e9e de lecture estim\u00e9e\" \/>\n\t<meta name=\"twitter:data2\" content=\"2 minutes\" \/>\n<script type=\"application\/ld+json\" class=\"yoast-schema-graph\">{\"@context\":\"https:\/\/schema.org\",\"@graph\":[{\"@type\":\"Article\",\"@id\":\"https:\/\/www.africa-press.net\/cotedivoire\/politique\/propos-errones-attribues-a-tidjane-thiam-le-president-du-pdci-rda-appelle-la-presse-et-le-public-a-la-vigilance-et-menace-de-poursuite-judiciaire-leurs-auteurs#article\",\"isPartOf\":{\"@id\":\"https:\/\/www.africa-press.net\/cotedivoire\/politique\/propos-errones-attribues-a-tidjane-thiam-le-president-du-pdci-rda-appelle-la-presse-et-le-public-a-la-vigilance-et-menace-de-poursuite-judiciaire-leurs-auteurs\"},\"author\":{\"name\":\"cfeditorfr\",\"@id\":\"https:\/\/www.africa-press.net\/cotedivoire\/#\/schema\/person\/2b1cf3cd81a31e3cd26889ca66d677f1\"},\"headline\":\"Propos erron\u00e9s attribu\u00e9s \u00e0 Tidjane Thiam, le pr\u00e9sident du PDCI-RDA appelle la presse et le public \u00e0 la vigilance et menace de poursuite judiciaire leurs auteurs\",\"datePublished\":\"2024-02-09T18:06:06+00:00\",\"dateModified\":\"2024-02-09T19:45:31+00:00\",\"mainEntityOfPage\":{\"@id\":\"https:\/\/www.africa-press.net\/cotedivoire\/politique\/propos-errones-attribues-a-tidjane-thiam-le-president-du-pdci-rda-appelle-la-presse-et-le-public-a-la-vigilance-et-menace-de-poursuite-judiciaire-leurs-auteurs\"},\"wordCount\":355,\"commentCount\":0,\"image\":{\"@id\":\"https:\/\/www.africa-press.net\/cotedivoire\/politique\/propos-errones-attribues-a-tidjane-thiam-le-president-du-pdci-rda-appelle-la-presse-et-le-public-a-la-vigilance-et-menace-de-poursuite-judiciaire-leurs-auteurs#primaryimage\"},\"thumbnailUrl\":\"https:\/\/static.africa-press.net\/cote\/sites\/43\/2024\/02\/sm_1707495193.957716.jpg\",\"keywords\":[\"Africa Press\",\"Africa Press-C\u00f4te d'Ivoire\",\"C\u00d4TE D'IVOIRE\",\"PDCI-RDA\",\"Tidjan Thiam\"],\"articleSection\":[\"Politique\",\"Toutes les actualit\u00e9s\"],\"inLanguage\":\"fr-FR\",\"potentialAction\":[{\"@type\":\"CommentAction\",\"name\":\"Comment\",\"target\":[\"https:\/\/www.africa-press.net\/cotedivoire\/politique\/propos-errones-attribues-a-tidjane-thiam-le-president-du-pdci-rda-appelle-la-presse-et-le-public-a-la-vigilance-et-menace-de-poursuite-judiciaire-leurs-auteurs#respond\"]}]},{\"@type\":\"WebPage\",\"@id\":\"https:\/\/www.africa-press.net\/cotedivoire\/politique\/propos-errones-attribues-a-tidjane-thiam-le-president-du-pdci-rda-appelle-la-presse-et-le-public-a-la-vigilance-et-menace-de-poursuite-judiciaire-leurs-auteurs\",\"url\":\"https:\/\/www.africa-press.net\/cotedivoire\/politique\/propos-errones-attribues-a-tidjane-thiam-le-president-du-pdci-rda-appelle-la-presse-et-le-public-a-la-vigilance-et-menace-de-poursuite-judiciaire-leurs-auteurs\",\"name\":\"Propos erron\u00e9s attribu\u00e9s \u00e0 Tidjane Thiam, le pr\u00e9sident du PDCI-RDA appelle la presse et le public \u00e0 la vigilance et menace de poursuite judiciaire leurs auteurs - C\u00f4te d&#039;Ivoire\",\"isPartOf\":{\"@id\":\"https:\/\/www.africa-press.net\/cotedivoire\/#website\"},\"primaryImageOfPage\":{\"@id\":\"https:\/\/www.africa-press.net\/cotedivoire\/politique\/propos-errones-attribues-a-tidjane-thiam-le-president-du-pdci-rda-appelle-la-presse-et-le-public-a-la-vigilance-et-menace-de-poursuite-judiciaire-leurs-auteurs#primaryimage\"},\"image\":{\"@id\":\"https:\/\/www.africa-press.net\/cotedivoire\/politique\/propos-errones-attribues-a-tidjane-thiam-le-president-du-pdci-rda-appelle-la-presse-et-le-public-a-la-vigilance-et-menace-de-poursuite-judiciaire-leurs-auteurs#primaryimage\"},\"thumbnailUrl\":\"https:\/\/static.africa-press.net\/cote\/sites\/43\/2024\/02\/sm_1707495193.957716.jpg\",\"datePublished\":\"2024-02-09T18:06:06+00:00\",\"dateModified\":\"2024-02-09T19:45:31+00:00\",\"author\":{\"@id\":\"https:\/\/www.africa-press.net\/cotedivoire\/#\/schema\/person\/2b1cf3cd81a31e3cd26889ca66d677f1\"},\"description\":\"Des de\u0301clarations errone\u0301es abusivement attribue\u0301es au pre\u0301sident du PDCI-RDA, Tidjane Thiam, ont e\u0301te\u0301 diffuse\u0301es par c ...\",\"breadcrumb\":{\"@id\":\"https:\/\/www.africa-press.net\/cotedivoire\/politique\/propos-errones-attribues-a-tidjane-thiam-le-president-du-pdci-rda-appelle-la-presse-et-le-public-a-la-vigilance-et-menace-de-poursuite-judiciaire-leurs-auteurs#breadcrumb\"},\"inLanguage\":\"fr-FR\",\"potentialAction\":[{\"@type\":\"ReadAction\",\"target\":[\"https:\/\/www.africa-press.net\/cotedivoire\/politique\/propos-errones-attribues-a-tidjane-thiam-le-president-du-pdci-rda-appelle-la-presse-et-le-public-a-la-vigilance-et-menace-de-poursuite-judiciaire-leurs-auteurs\"]}]},{\"@type\":\"ImageObject\",\"inLanguage\":\"fr-FR\",\"@id\":\"https:\/\/www.africa-press.net\/cotedivoire\/politique\/propos-errones-attribues-a-tidjane-thiam-le-president-du-pdci-rda-appelle-la-presse-et-le-public-a-la-vigilance-et-menace-de-poursuite-judiciaire-leurs-auteurs#primaryimage\",\"url\":\"https:\/\/static.africa-press.net\/cote\/sites\/43\/2024\/02\/sm_1707495193.957716.jpg\",\"contentUrl\":\"https:\/\/static.africa-press.net\/cote\/sites\/43\/2024\/02\/sm_1707495193.957716.jpg\",\"width\":720,\"height\":480,\"caption\":\"Propos erron\u00e9s attribu\u00e9s \u00e0 Tidjane Thiam, le pr\u00e9sident du PDCI-RDA appelle la presse et le public \u00e0 la vigilance et menace de poursuite judiciaire leurs auteurs\"},{\"@type\":\"BreadcrumbList\",\"@id\":\"https:\/\/www.africa-press.net\/cotedivoire\/politique\/propos-errones-attribues-a-tidjane-thiam-le-president-du-pdci-rda-appelle-la-presse-et-le-public-a-la-vigilance-et-menace-de-poursuite-judiciaire-leurs-auteurs#breadcrumb\",\"itemListElement\":[{\"@type\":\"ListItem\",\"position\":1,\"name\":\"Accueil\",\"item\":\"https:\/\/www.africa-press.net\/cotedivoire\/\"},{\"@type\":\"ListItem\",\"position\":2,\"name\":\"Propos erron\u00e9s attribu\u00e9s \u00e0 Tidjane Thiam, le pr\u00e9sident du PDCI-RDA appelle la presse et le public \u00e0 la vigilance et menace de poursuite judiciaire leurs auteurs\"}]},{\"@type\":\"WebSite\",\"@id\":\"https:\/\/www.africa-press.net\/cotedivoire\/#website\",\"url\":\"https:\/\/www.africa-press.net\/cotedivoire\/\",\"name\":\"C\u00f4te d&#039;Ivoire\",\"description\":\"Just another Africa News Agency Sites site\",\"potentialAction\":[{\"@type\":\"SearchAction\",\"target\":{\"@type\":\"EntryPoint\",\"urlTemplate\":\"https:\/\/www.africa-press.net\/cotedivoire\/?s={search_term_string}\"},\"query-input\":{\"@type\":\"PropertyValueSpecification\",\"valueRequired\":true,\"valueName\":\"search_term_string\"}}],\"inLanguage\":\"fr-FR\"},{\"@type\":\"Person\",\"@id\":\"https:\/\/www.africa-press.net\/cotedivoire\/#\/schema\/person\/2b1cf3cd81a31e3cd26889ca66d677f1\",\"name\":\"cfeditorfr\"}]}<\/script>\n<!-- \/ Yoast SEO Premium plugin. -->","yoast_head_json":{"title":"Propos erron\u00e9s attribu\u00e9s \u00e0 Tidjane Thiam, le pr\u00e9sident du PDCI-RDA appelle la presse et le public \u00e0 la vigilance et menace de poursuite judiciaire leurs auteurs - C\u00f4te d&#039;Ivoire","description":"Des de\u0301clarations errone\u0301es abusivement attribue\u0301es au pre\u0301sident du PDCI-RDA, Tidjane Thiam, ont e\u0301te\u0301 diffuse\u0301es par c ...","robots":{"index":"index","follow":"follow","max-snippet":"max-snippet:-1","max-image-preview":"max-image-preview:large","max-video-preview":"max-video-preview:-1"},"canonical":"https:\/\/www.africa-press.net\/cotedivoire\/politique\/propos-errones-attribues-a-tidjane-thiam-le-president-du-pdci-rda-appelle-la-presse-et-le-public-a-la-vigilance-et-menace-de-poursuite-judiciaire-leurs-auteurs","og_locale":"fr_FR","og_type":"article","og_title":"Propos erron\u00e9s attribu\u00e9s \u00e0 Tidjane Thiam, le pr\u00e9sident du PDCI-RDA appelle la presse et le public \u00e0 la vigilance et menace de poursuite judiciaire leurs auteurs","og_description":"Des de\u0301clarations errone\u0301es abusivement attribue\u0301es au pre\u0301sident du PDCI-RDA, Tidjane Thiam, ont e\u0301te\u0301 diffuse\u0301es par c ...","og_url":"https:\/\/www.africa-press.net\/cotedivoire\/politique\/propos-errones-attribues-a-tidjane-thiam-le-president-du-pdci-rda-appelle-la-presse-et-le-public-a-la-vigilance-et-menace-de-poursuite-judiciaire-leurs-auteurs","og_site_name":"C\u00f4te d&#039;Ivoire","article_published_time":"2024-02-09T18:06:06+00:00","article_modified_time":"2024-02-09T19:45:31+00:00","og_image":[{"width":720,"height":480,"url":"https:\/\/static.africa-press.net\/cote\/sites\/43\/2024\/02\/sm_1707495193.957716.jpg","type":"image\/jpeg"}],"author":"cfeditorfr","twitter_card":"summary_large_image","twitter_misc":{"\u00c9crit par":"cfeditorfr","Dur\u00e9e de lecture estim\u00e9e":"2 minutes"},"schema":{"@context":"https:\/\/schema.org","@graph":[{"@type":"Article","@id":"https:\/\/www.africa-press.net\/cotedivoire\/politique\/propos-errones-attribues-a-tidjane-thiam-le-president-du-pdci-rda-appelle-la-presse-et-le-public-a-la-vigilance-et-menace-de-poursuite-judiciaire-leurs-auteurs#article","isPartOf":{"@id":"https:\/\/www.africa-press.net\/cotedivoire\/politique\/propos-errones-attribues-a-tidjane-thiam-le-president-du-pdci-rda-appelle-la-presse-et-le-public-a-la-vigilance-et-menace-de-poursuite-judiciaire-leurs-auteurs"},"author":{"name":"cfeditorfr","@id":"https:\/\/www.africa-press.net\/cotedivoire\/#\/schema\/person\/2b1cf3cd81a31e3cd26889ca66d677f1"},"headline":"Propos erron\u00e9s attribu\u00e9s \u00e0 Tidjane Thiam, le pr\u00e9sident du PDCI-RDA appelle la presse et le public \u00e0 la vigilance et menace de poursuite judiciaire leurs auteurs","datePublished":"2024-02-09T18:06:06+00:00","dateModified":"2024-02-09T19:45:31+00:00","mainEntityOfPage":{"@id":"https:\/\/www.africa-press.net\/cotedivoire\/politique\/propos-errones-attribues-a-tidjane-thiam-le-president-du-pdci-rda-appelle-la-presse-et-le-public-a-la-vigilance-et-menace-de-poursuite-judiciaire-leurs-auteurs"},"wordCount":355,"commentCount":0,"image":{"@id":"https:\/\/www.africa-press.net\/cotedivoire\/politique\/propos-errones-attribues-a-tidjane-thiam-le-president-du-pdci-rda-appelle-la-presse-et-le-public-a-la-vigilance-et-menace-de-poursuite-judiciaire-leurs-auteurs#primaryimage"},"thumbnailUrl":"https:\/\/static.africa-press.net\/cote\/sites\/43\/2024\/02\/sm_1707495193.957716.jpg","keywords":["Africa Press","Africa Press-C\u00f4te d'Ivoire","C\u00d4TE D'IVOIRE","PDCI-RDA","Tidjan Thiam"],"articleSection":["Politique","Toutes les actualit\u00e9s"],"inLanguage":"fr-FR","potentialAction":[{"@type":"CommentAction","name":"Comment","target":["https:\/\/www.africa-press.net\/cotedivoire\/politique\/propos-errones-attribues-a-tidjane-thiam-le-president-du-pdci-rda-appelle-la-presse-et-le-public-a-la-vigilance-et-menace-de-poursuite-judiciaire-leurs-auteurs#respond"]}]},{"@type":"WebPage","@id":"https:\/\/www.africa-press.net\/cotedivoire\/politique\/propos-errones-attribues-a-tidjane-thiam-le-president-du-pdci-rda-appelle-la-presse-et-le-public-a-la-vigilance-et-menace-de-poursuite-judiciaire-leurs-auteurs","url":"https:\/\/www.africa-press.net\/cotedivoire\/politique\/propos-errones-attribues-a-tidjane-thiam-le-president-du-pdci-rda-appelle-la-presse-et-le-public-a-la-vigilance-et-menace-de-poursuite-judiciaire-leurs-auteurs","name":"Propos erron\u00e9s attribu\u00e9s \u00e0 Tidjane Thiam, le pr\u00e9sident du PDCI-RDA appelle la presse et le public \u00e0 la vigilance et menace de poursuite judiciaire leurs auteurs - C\u00f4te d&#039;Ivoire","isPartOf":{"@id":"https:\/\/www.africa-press.net\/cotedivoire\/#website"},"primaryImageOfPage":{"@id":"https:\/\/www.africa-press.net\/cotedivoire\/politique\/propos-errones-attribues-a-tidjane-thiam-le-president-du-pdci-rda-appelle-la-presse-et-le-public-a-la-vigilance-et-menace-de-poursuite-judiciaire-leurs-auteurs#primaryimage"},"image":{"@id":"https:\/\/www.africa-press.net\/cotedivoire\/politique\/propos-errones-attribues-a-tidjane-thiam-le-president-du-pdci-rda-appelle-la-presse-et-le-public-a-la-vigilance-et-menace-de-poursuite-judiciaire-leurs-auteurs#primaryimage"},"thumbnailUrl":"https:\/\/static.africa-press.net\/cote\/sites\/43\/2024\/02\/sm_1707495193.957716.jpg","datePublished":"2024-02-09T18:06:06+00:00","dateModified":"2024-02-09T19:45:31+00:00","author":{"@id":"https:\/\/www.africa-press.net\/cotedivoire\/#\/schema\/person\/2b1cf3cd81a31e3cd26889ca66d677f1"},"description":"Des de\u0301clarations errone\u0301es abusivement attribue\u0301es au pre\u0301sident du PDCI-RDA, Tidjane Thiam, ont e\u0301te\u0301 diffuse\u0301es par c ...","breadcrumb":{"@id":"https:\/\/www.africa-press.net\/cotedivoire\/politique\/propos-errones-attribues-a-tidjane-thiam-le-president-du-pdci-rda-appelle-la-presse-et-le-public-a-la-vigilance-et-menace-de-poursuite-judiciaire-leurs-auteurs#breadcrumb"},"inLanguage":"fr-FR","potentialAction":[{"@type":"ReadAction","target":["https:\/\/www.africa-press.net\/cotedivoire\/politique\/propos-errones-attribues-a-tidjane-thiam-le-president-du-pdci-rda-appelle-la-presse-et-le-public-a-la-vigilance-et-menace-de-poursuite-judiciaire-leurs-auteurs"]}]},{"@type":"ImageObject","inLanguage":"fr-FR","@id":"https:\/\/www.africa-press.net\/cotedivoire\/politique\/propos-errones-attribues-a-tidjane-thiam-le-president-du-pdci-rda-appelle-la-presse-et-le-public-a-la-vigilance-et-menace-de-poursuite-judiciaire-leurs-auteurs#primaryimage","url":"https:\/\/static.africa-press.net\/cote\/sites\/43\/2024\/02\/sm_1707495193.957716.jpg","contentUrl":"https:\/\/static.africa-press.net\/cote\/sites\/43\/2024\/02\/sm_1707495193.957716.jpg","width":720,"height":480,"caption":"Propos erron\u00e9s attribu\u00e9s \u00e0 Tidjane Thiam, le pr\u00e9sident du PDCI-RDA appelle la presse et le public \u00e0 la vigilance et menace de poursuite judiciaire leurs auteurs"},{"@type":"BreadcrumbList","@id":"https:\/\/www.africa-press.net\/cotedivoire\/politique\/propos-errones-attribues-a-tidjane-thiam-le-president-du-pdci-rda-appelle-la-presse-et-le-public-a-la-vigilance-et-menace-de-poursuite-judiciaire-leurs-auteurs#breadcrumb","itemListElement":[{"@type":"ListItem","position":1,"name":"Accueil","item":"https:\/\/www.africa-press.net\/cotedivoire\/"},{"@type":"ListItem","position":2,"name":"Propos erron\u00e9s attribu\u00e9s \u00e0 Tidjane Thiam, le pr\u00e9sident du PDCI-RDA appelle la presse et le public \u00e0 la vigilance et menace de poursuite judiciaire leurs auteurs"}]},{"@type":"WebSite","@id":"https:\/\/www.africa-press.net\/cotedivoire\/#website","url":"https:\/\/www.africa-press.net\/cotedivoire\/","name":"C\u00f4te d&#039;Ivoire","description":"Just another Africa News Agency Sites site","potentialAction":[{"@type":"SearchAction","target":{"@type":"EntryPoint","urlTemplate":"https:\/\/www.africa-press.net\/cotedivoire\/?s={search_term_string}"},"query-input":{"@type":"PropertyValueSpecification","valueRequired":true,"valueName":"search_term_string"}}],"inLanguage":"fr-FR"},{"@type":"Person","@id":"https:\/\/www.africa-press.net\/cotedivoire\/#\/schema\/person\/2b1cf3cd81a31e3cd26889ca66d677f1","name":"cfeditorfr"}]}},"_links":{"self":[{"href":"https:\/\/www.africa-press.net\/cotedivoire\/wp-json\/wp\/v2\/posts\/74785","targetHints":{"allow":["GET"]}}],"collection":[{"href":"https:\/\/www.africa-press.net\/cotedivoire\/wp-json\/wp\/v2\/posts"}],"about":[{"href":"https:\/\/www.africa-press.net\/cotedivoire\/wp-json\/wp\/v2\/types\/post"}],"author":[{"embeddable":true,"href":"https:\/\/www.africa-press.net\/cotedivoire\/wp-json\/wp\/v2\/users\/82"}],"replies":[{"embeddable":true,"href":"https:\/\/www.africa-press.net\/cotedivoire\/wp-json\/wp\/v2\/comments?post=74785"}],"version-history":[{"count":0,"href":"https:\/\/www.africa-press.net\/cotedivoire\/wp-json\/wp\/v2\/posts\/74785\/revisions"}],"wp:featuredmedia":[{"embeddable":true,"href":"https:\/\/www.africa-press.net\/cotedivoire\/wp-json\/wp\/v2\/media\/74783"}],"wp:attachment":[{"href":"https:\/\/www.africa-press.net\/cotedivoire\/wp-json\/wp\/v2\/media?parent=74785"}],"wp:term":[{"taxonomy":"category","embeddable":true,"href":"https:\/\/www.africa-press.net\/cotedivoire\/wp-json\/wp\/v2\/categories?post=74785"},{"taxonomy":"post_tag","embeddable":true,"href":"https:\/\/www.africa-press.net\/cotedivoire\/wp-json\/wp\/v2\/tags?post=74785"}],"curies":[{"name":"wp","href":"https:\/\/api.w.org\/{rel}","templated":true}]}}