{"id":74937,"date":"2024-02-15T18:30:12","date_gmt":"2024-02-15T18:30:12","guid":{"rendered":"https:\/\/www.africa-press.net\/cotedivoire\/politique\/can-2023-les-elephants-recoivent-les-hommages-de-lassemblee-nationale-acclames-pour-leur-exploit-historique"},"modified":"2024-02-15T18:36:59","modified_gmt":"2024-02-15T18:36:59","slug":"can-2023-les-elephants-recoivent-les-hommages-de-lassemblee-nationale-acclames-pour-leur-exploit-historique","status":"publish","type":"post","link":"https:\/\/www.africa-press.net\/cotedivoire\/politique\/can-2023-les-elephants-recoivent-les-hommages-de-lassemblee-nationale-acclames-pour-leur-exploit-historique","title":{"rendered":"CAN 2023 : Les \u00c9l\u00e9phants re\u00e7oivent les hommages de l&rsquo;Assembl\u00e9e Nationale, acclam\u00e9s pour leur exploit historique"},"content":{"rendered":"<p><span style=\"color: #ff6600\"><strong>Africa-Press &#8211; C\u00f4te d&rsquo;Ivoire. <\/strong><\/span>Les he\u0301ros de la nation, les E\u0301le\u0301phants, ont e\u0301te\u0301 accueillis en grande pompe a\u0300 l&rsquo;Assemble\u0301e Nationale apre\u0300s leur glorieux sacre a\u0300 la CAN 2023.<\/p>\n<p>Sous les ors du pouvoir le\u0301gislatif, le pre\u0301sident Adama Bictogo et les de\u0301pute\u0301s ont honore\u0301 ce jeudi 15 fe\u0301vrier 2024 la victoire e\u0301clatante de l&rsquo;e\u0301quipe ivoirienne, offrant un moment de ce\u0301le\u0301bration et de reconnaissance bien me\u0301rite\u0301.<\/p>\n<p>Apre\u0300s une aventure me\u0301morable qui a captive\u0301 tout un continent, les champions ont foule\u0301 le sol de l&rsquo;Assemble\u0301e, portant fie\u0300rement leur trophe\u0301e de la CAN, symbole de leur de\u0301termination et de leur talent exceptionnel. Devant un parterre de pre\u0300s de 200 de\u0301pute\u0301s, l&rsquo;euphorie de la victoire e\u0301tait palpable, leur triomphe re\u0301sonnant dans chaque coin de l&rsquo;he\u0301micycle.<\/p>\n<p>Guide\u0301s par l&rsquo;honorable Adama Bictogo, les E\u0301le\u0301phants ont e\u0301te\u0301 acclame\u0301s pour leur exploit historique, marquant ainsi le troisie\u0300me sacre continental de leur glorieuse histoire. Parmi les repre\u0301sentants de l&rsquo;e\u0301quipe, le capitaine Max-Alain Gradel, le coach Emerse Fae\u0301 et le pre\u0301sident de la FIF, Yacine Idriss Diallo, ont partage\u0301 l&rsquo;e\u0301motion et la fierte\u0301 de cette re\u0301alisation exceptionnelle.<\/p>\n<p>Les leaders des principaux groupes parlementaires ont salue\u0301 l&rsquo;engagement et la de\u0301termination des joueurs, soulignant l&rsquo;importance du soutien inde\u0301fectible des de\u0301pute\u0301s tout au long de la compe\u0301tition. Leur pre\u0301sence assidue dans les stades, leur contribution financie\u0300re symbolique au CNSE et au COCAN ont te\u0301moigne\u0301 de leur fervent soutien a\u0300 la cause des E\u0301le\u0301phants.<\/p>\n<p>Dans un discours empreint de gratitude et de reconnaissance, le pre\u0301sident de la FIF, Yacine Idriss Diallo, a exprime\u0301 la profonde reconnaissance de toute la famille du football ivoirien envers l&rsquo;Assemble\u0301e Nationale pour son soutien ine\u0301branlable et ses efforts inlassables.<\/p>\n<p>La victoire des E\u0301le\u0301phants, malgre\u0301 un de\u0301but de tournoi difficile, a e\u0301te\u0301 le fruit d&rsquo;une cohe\u0301sion et d&rsquo;une solidarite\u0301 exemplaires au sein de l&rsquo;e\u0301quipe. Ce triomphe a transcende\u0301 les frontie\u0300res du sport pour devenir un symbole de pardon et de tole\u0301rance, dans un contexte marque\u0301 par des tensions parfois vives.<\/p>\n<p>Apre\u0300s cette e\u0301clatante victoire en finale contre le Nige\u0301ria, les E\u0301le\u0301phants ont une fois de plus e\u0301crit une page d&rsquo;histoire, ramenant la gloire et la fierte\u0301 a\u0300 toute une nation. La ce\u0301re\u0301monie a\u0300 l&rsquo;Assemble\u0301e Nationale s&rsquo;est conclue dans la liesse ge\u0301ne\u0301rale, chaque de\u0301pute\u0301 souhaitant immortaliser ce moment unique en posant aux co\u0302te\u0301s du trophe\u0301e et du nouveau se\u0301lectionneur, Ermese Fae\u0301.<\/p>\n<p><strong>Pour plus d&rsquo;informations et d&rsquo;analyses sur la <a href=\"https:\/\/www.africa-press.net\/cotedivoire\">C\u00f4te d&rsquo;Ivoire<\/a>, suivez <a href=\"https:\/\/www.africa-press.net\/\">Africa-Press<\/a><\/strong><\/p>\n","protected":false},"excerpt":{"rendered":"<p>Africa-Press &#8211; C\u00f4te d&rsquo;Ivoire. Les he\u0301ros de la nation, les E\u0301le\u0301phants, ont e\u0301te\u0301 accueillis en grande pompe a\u0300 l&rsquo;Assemble\u0301e Nationale apre\u0300s leur glorieux sacre a\u0300 la CAN 2023. Sous les ors du pouvoir le\u0301gislatif, le pre\u0301sident Adama Bictogo et les de\u0301pute\u0301s ont honore\u0301 ce jeudi 15 fe\u0301vrier 2024 la victoire e\u0301clatante de l&rsquo;e\u0301quipe ivoirienne, offrant [&hellip;]<\/p>\n","protected":false},"author":82,"featured_media":74936,"comment_status":"open","ping_status":"closed","sticky":false,"template":"","format":"standard","meta":{"footnotes":""},"categories":[2,20,10],"tags":[1265,56,63,1741,2874,29,3997,3455,12551,12575],"class_list":["post-74937","post","type-post","status-publish","format-standard","has-post-thumbnail","hentry","category-politique","category-top-nouvelles","category-toutes-les-actualites","tag-adama-bictogo","tag-africa-press","tag-africa-press-cote-divoire","tag-assemblee-nationale","tag-can","tag-cote-divoire","tag-diallo","tag-elephant","tag-ermese-fae","tag-idriss"],"yoast_head":"<!-- This site is optimized with the Yoast SEO Premium plugin v26.1 (Yoast SEO v27.0) - https:\/\/yoast.com\/product\/yoast-seo-premium-wordpress\/ -->\n<title>CAN 2023 : Les \u00c9l\u00e9phants re\u00e7oivent les hommages de l&#039;Assembl\u00e9e Nationale, acclam\u00e9s pour leur exploit historique - C\u00f4te d&#039;Ivoire<\/title>\n<meta name=\"description\" content=\"Les he\u0301ros de la nation, les E\u0301le\u0301phants, ont e\u0301te\u0301 accueillis en grande pompe a\u0300 l&#039;Assemble\u0301e Nationale apre\u0300s leur glo ...\" \/>\n<meta name=\"robots\" content=\"index, follow, max-snippet:-1, max-image-preview:large, max-video-preview:-1\" \/>\n<link rel=\"canonical\" href=\"https:\/\/www.africa-press.net\/cotedivoire\/politique\/can-2023-les-elephants-recoivent-les-hommages-de-lassemblee-nationale-acclames-pour-leur-exploit-historique\" \/>\n<meta property=\"og:locale\" content=\"fr_FR\" \/>\n<meta property=\"og:type\" content=\"article\" \/>\n<meta property=\"og:title\" content=\"CAN 2023 : Les \u00c9l\u00e9phants re\u00e7oivent les hommages de l&#039;Assembl\u00e9e Nationale, acclam\u00e9s pour leur exploit historique\" \/>\n<meta property=\"og:description\" content=\"Les he\u0301ros de la nation, les E\u0301le\u0301phants, ont e\u0301te\u0301 accueillis en grande pompe a\u0300 l&#039;Assemble\u0301e Nationale apre\u0300s leur glo ...\" \/>\n<meta property=\"og:url\" content=\"https:\/\/www.africa-press.net\/cotedivoire\/politique\/can-2023-les-elephants-recoivent-les-hommages-de-lassemblee-nationale-acclames-pour-leur-exploit-historique\" \/>\n<meta property=\"og:site_name\" content=\"C\u00f4te d&#039;Ivoire\" \/>\n<meta property=\"article:published_time\" content=\"2024-02-15T18:30:12+00:00\" \/>\n<meta property=\"article:modified_time\" content=\"2024-02-15T18:36:59+00:00\" \/>\n<meta property=\"og:image\" content=\"https:\/\/static.africa-press.net\/cote\/sites\/43\/2024\/02\/sm_1708009521.227372.jpg\" \/>\n\t<meta property=\"og:image:width\" content=\"720\" \/>\n\t<meta property=\"og:image:height\" content=\"480\" \/>\n\t<meta property=\"og:image:type\" content=\"image\/jpeg\" \/>\n<meta name=\"author\" content=\"cfeditorfr\" \/>\n<meta name=\"twitter:card\" content=\"summary_large_image\" \/>\n<meta name=\"twitter:label1\" content=\"\u00c9crit par\" \/>\n\t<meta name=\"twitter:data1\" content=\"cfeditorfr\" \/>\n\t<meta name=\"twitter:label2\" content=\"Dur\u00e9e de lecture estim\u00e9e\" \/>\n\t<meta name=\"twitter:data2\" content=\"3 minutes\" \/>\n<script type=\"application\/ld+json\" class=\"yoast-schema-graph\">{\"@context\":\"https:\/\/schema.org\",\"@graph\":[{\"@type\":\"Article\",\"@id\":\"https:\/\/www.africa-press.net\/cotedivoire\/politique\/can-2023-les-elephants-recoivent-les-hommages-de-lassemblee-nationale-acclames-pour-leur-exploit-historique#article\",\"isPartOf\":{\"@id\":\"https:\/\/www.africa-press.net\/cotedivoire\/politique\/can-2023-les-elephants-recoivent-les-hommages-de-lassemblee-nationale-acclames-pour-leur-exploit-historique\"},\"author\":{\"name\":\"cfeditorfr\",\"@id\":\"https:\/\/www.africa-press.net\/cotedivoire\/#\/schema\/person\/2b1cf3cd81a31e3cd26889ca66d677f1\"},\"headline\":\"CAN 2023 : Les \u00c9l\u00e9phants re\u00e7oivent les hommages de l&rsquo;Assembl\u00e9e Nationale, acclam\u00e9s pour leur exploit historique\",\"datePublished\":\"2024-02-15T18:30:12+00:00\",\"dateModified\":\"2024-02-15T18:36:59+00:00\",\"mainEntityOfPage\":{\"@id\":\"https:\/\/www.africa-press.net\/cotedivoire\/politique\/can-2023-les-elephants-recoivent-les-hommages-de-lassemblee-nationale-acclames-pour-leur-exploit-historique\"},\"wordCount\":504,\"commentCount\":0,\"image\":{\"@id\":\"https:\/\/www.africa-press.net\/cotedivoire\/politique\/can-2023-les-elephants-recoivent-les-hommages-de-lassemblee-nationale-acclames-pour-leur-exploit-historique#primaryimage\"},\"thumbnailUrl\":\"https:\/\/static.africa-press.net\/cote\/sites\/43\/2024\/02\/sm_1708009521.227372.jpg\",\"keywords\":[\"Adama Bictogo\",\"Africa Press\",\"Africa Press-C\u00f4te d'Ivoire\",\"Assembl\u00e9e nationale\",\"CAN\",\"C\u00d4TE D'IVOIRE\",\"DIALLO\",\"\u00e9l\u00e9phant\",\"Ermese Fa\u00e9\",\"Idriss\"],\"articleSection\":[\"Politique\",\"Top Nouvelles\",\"Toutes les actualit\u00e9s\"],\"inLanguage\":\"fr-FR\",\"potentialAction\":[{\"@type\":\"CommentAction\",\"name\":\"Comment\",\"target\":[\"https:\/\/www.africa-press.net\/cotedivoire\/politique\/can-2023-les-elephants-recoivent-les-hommages-de-lassemblee-nationale-acclames-pour-leur-exploit-historique#respond\"]}]},{\"@type\":\"WebPage\",\"@id\":\"https:\/\/www.africa-press.net\/cotedivoire\/politique\/can-2023-les-elephants-recoivent-les-hommages-de-lassemblee-nationale-acclames-pour-leur-exploit-historique\",\"url\":\"https:\/\/www.africa-press.net\/cotedivoire\/politique\/can-2023-les-elephants-recoivent-les-hommages-de-lassemblee-nationale-acclames-pour-leur-exploit-historique\",\"name\":\"CAN 2023 : Les \u00c9l\u00e9phants re\u00e7oivent les hommages de l'Assembl\u00e9e Nationale, acclam\u00e9s pour leur exploit historique - C\u00f4te d&#039;Ivoire\",\"isPartOf\":{\"@id\":\"https:\/\/www.africa-press.net\/cotedivoire\/#website\"},\"primaryImageOfPage\":{\"@id\":\"https:\/\/www.africa-press.net\/cotedivoire\/politique\/can-2023-les-elephants-recoivent-les-hommages-de-lassemblee-nationale-acclames-pour-leur-exploit-historique#primaryimage\"},\"image\":{\"@id\":\"https:\/\/www.africa-press.net\/cotedivoire\/politique\/can-2023-les-elephants-recoivent-les-hommages-de-lassemblee-nationale-acclames-pour-leur-exploit-historique#primaryimage\"},\"thumbnailUrl\":\"https:\/\/static.africa-press.net\/cote\/sites\/43\/2024\/02\/sm_1708009521.227372.jpg\",\"datePublished\":\"2024-02-15T18:30:12+00:00\",\"dateModified\":\"2024-02-15T18:36:59+00:00\",\"author\":{\"@id\":\"https:\/\/www.africa-press.net\/cotedivoire\/#\/schema\/person\/2b1cf3cd81a31e3cd26889ca66d677f1\"},\"description\":\"Les he\u0301ros de la nation, les E\u0301le\u0301phants, ont e\u0301te\u0301 accueillis en grande pompe a\u0300 l'Assemble\u0301e Nationale apre\u0300s leur glo ...\",\"breadcrumb\":{\"@id\":\"https:\/\/www.africa-press.net\/cotedivoire\/politique\/can-2023-les-elephants-recoivent-les-hommages-de-lassemblee-nationale-acclames-pour-leur-exploit-historique#breadcrumb\"},\"inLanguage\":\"fr-FR\",\"potentialAction\":[{\"@type\":\"ReadAction\",\"target\":[\"https:\/\/www.africa-press.net\/cotedivoire\/politique\/can-2023-les-elephants-recoivent-les-hommages-de-lassemblee-nationale-acclames-pour-leur-exploit-historique\"]}]},{\"@type\":\"ImageObject\",\"inLanguage\":\"fr-FR\",\"@id\":\"https:\/\/www.africa-press.net\/cotedivoire\/politique\/can-2023-les-elephants-recoivent-les-hommages-de-lassemblee-nationale-acclames-pour-leur-exploit-historique#primaryimage\",\"url\":\"https:\/\/static.africa-press.net\/cote\/sites\/43\/2024\/02\/sm_1708009521.227372.jpg\",\"contentUrl\":\"https:\/\/static.africa-press.net\/cote\/sites\/43\/2024\/02\/sm_1708009521.227372.jpg\",\"width\":720,\"height\":480,\"caption\":\"CAN 2023 : Les \u00c9l\u00e9phants re\u00e7oivent les hommages de l'Assembl\u00e9e Nationale, acclam\u00e9s pour leur exploit historique\"},{\"@type\":\"BreadcrumbList\",\"@id\":\"https:\/\/www.africa-press.net\/cotedivoire\/politique\/can-2023-les-elephants-recoivent-les-hommages-de-lassemblee-nationale-acclames-pour-leur-exploit-historique#breadcrumb\",\"itemListElement\":[{\"@type\":\"ListItem\",\"position\":1,\"name\":\"Accueil\",\"item\":\"https:\/\/www.africa-press.net\/cotedivoire\/\"},{\"@type\":\"ListItem\",\"position\":2,\"name\":\"CAN 2023 : Les \u00c9l\u00e9phants re\u00e7oivent les hommages de l&#8217;Assembl\u00e9e Nationale, acclam\u00e9s pour leur exploit historique\"}]},{\"@type\":\"WebSite\",\"@id\":\"https:\/\/www.africa-press.net\/cotedivoire\/#website\",\"url\":\"https:\/\/www.africa-press.net\/cotedivoire\/\",\"name\":\"C\u00f4te d&#039;Ivoire\",\"description\":\"Just another Africa News Agency Sites site\",\"potentialAction\":[{\"@type\":\"SearchAction\",\"target\":{\"@type\":\"EntryPoint\",\"urlTemplate\":\"https:\/\/www.africa-press.net\/cotedivoire\/?s={search_term_string}\"},\"query-input\":{\"@type\":\"PropertyValueSpecification\",\"valueRequired\":true,\"valueName\":\"search_term_string\"}}],\"inLanguage\":\"fr-FR\"},{\"@type\":\"Person\",\"@id\":\"https:\/\/www.africa-press.net\/cotedivoire\/#\/schema\/person\/2b1cf3cd81a31e3cd26889ca66d677f1\",\"name\":\"cfeditorfr\"}]}<\/script>\n<!-- \/ Yoast SEO Premium plugin. -->","yoast_head_json":{"title":"CAN 2023 : Les \u00c9l\u00e9phants re\u00e7oivent les hommages de l'Assembl\u00e9e Nationale, acclam\u00e9s pour leur exploit historique - C\u00f4te d&#039;Ivoire","description":"Les he\u0301ros de la nation, les E\u0301le\u0301phants, ont e\u0301te\u0301 accueillis en grande pompe a\u0300 l'Assemble\u0301e Nationale apre\u0300s leur glo ...","robots":{"index":"index","follow":"follow","max-snippet":"max-snippet:-1","max-image-preview":"max-image-preview:large","max-video-preview":"max-video-preview:-1"},"canonical":"https:\/\/www.africa-press.net\/cotedivoire\/politique\/can-2023-les-elephants-recoivent-les-hommages-de-lassemblee-nationale-acclames-pour-leur-exploit-historique","og_locale":"fr_FR","og_type":"article","og_title":"CAN 2023 : Les \u00c9l\u00e9phants re\u00e7oivent les hommages de l'Assembl\u00e9e Nationale, acclam\u00e9s pour leur exploit historique","og_description":"Les he\u0301ros de la nation, les E\u0301le\u0301phants, ont e\u0301te\u0301 accueillis en grande pompe a\u0300 l'Assemble\u0301e Nationale apre\u0300s leur glo ...","og_url":"https:\/\/www.africa-press.net\/cotedivoire\/politique\/can-2023-les-elephants-recoivent-les-hommages-de-lassemblee-nationale-acclames-pour-leur-exploit-historique","og_site_name":"C\u00f4te d&#039;Ivoire","article_published_time":"2024-02-15T18:30:12+00:00","article_modified_time":"2024-02-15T18:36:59+00:00","og_image":[{"width":720,"height":480,"url":"https:\/\/static.africa-press.net\/cote\/sites\/43\/2024\/02\/sm_1708009521.227372.jpg","type":"image\/jpeg"}],"author":"cfeditorfr","twitter_card":"summary_large_image","twitter_misc":{"\u00c9crit par":"cfeditorfr","Dur\u00e9e de lecture estim\u00e9e":"3 minutes"},"schema":{"@context":"https:\/\/schema.org","@graph":[{"@type":"Article","@id":"https:\/\/www.africa-press.net\/cotedivoire\/politique\/can-2023-les-elephants-recoivent-les-hommages-de-lassemblee-nationale-acclames-pour-leur-exploit-historique#article","isPartOf":{"@id":"https:\/\/www.africa-press.net\/cotedivoire\/politique\/can-2023-les-elephants-recoivent-les-hommages-de-lassemblee-nationale-acclames-pour-leur-exploit-historique"},"author":{"name":"cfeditorfr","@id":"https:\/\/www.africa-press.net\/cotedivoire\/#\/schema\/person\/2b1cf3cd81a31e3cd26889ca66d677f1"},"headline":"CAN 2023 : Les \u00c9l\u00e9phants re\u00e7oivent les hommages de l&rsquo;Assembl\u00e9e Nationale, acclam\u00e9s pour leur exploit historique","datePublished":"2024-02-15T18:30:12+00:00","dateModified":"2024-02-15T18:36:59+00:00","mainEntityOfPage":{"@id":"https:\/\/www.africa-press.net\/cotedivoire\/politique\/can-2023-les-elephants-recoivent-les-hommages-de-lassemblee-nationale-acclames-pour-leur-exploit-historique"},"wordCount":504,"commentCount":0,"image":{"@id":"https:\/\/www.africa-press.net\/cotedivoire\/politique\/can-2023-les-elephants-recoivent-les-hommages-de-lassemblee-nationale-acclames-pour-leur-exploit-historique#primaryimage"},"thumbnailUrl":"https:\/\/static.africa-press.net\/cote\/sites\/43\/2024\/02\/sm_1708009521.227372.jpg","keywords":["Adama Bictogo","Africa Press","Africa Press-C\u00f4te d'Ivoire","Assembl\u00e9e nationale","CAN","C\u00d4TE D'IVOIRE","DIALLO","\u00e9l\u00e9phant","Ermese Fa\u00e9","Idriss"],"articleSection":["Politique","Top Nouvelles","Toutes les actualit\u00e9s"],"inLanguage":"fr-FR","potentialAction":[{"@type":"CommentAction","name":"Comment","target":["https:\/\/www.africa-press.net\/cotedivoire\/politique\/can-2023-les-elephants-recoivent-les-hommages-de-lassemblee-nationale-acclames-pour-leur-exploit-historique#respond"]}]},{"@type":"WebPage","@id":"https:\/\/www.africa-press.net\/cotedivoire\/politique\/can-2023-les-elephants-recoivent-les-hommages-de-lassemblee-nationale-acclames-pour-leur-exploit-historique","url":"https:\/\/www.africa-press.net\/cotedivoire\/politique\/can-2023-les-elephants-recoivent-les-hommages-de-lassemblee-nationale-acclames-pour-leur-exploit-historique","name":"CAN 2023 : Les \u00c9l\u00e9phants re\u00e7oivent les hommages de l'Assembl\u00e9e Nationale, acclam\u00e9s pour leur exploit historique - C\u00f4te d&#039;Ivoire","isPartOf":{"@id":"https:\/\/www.africa-press.net\/cotedivoire\/#website"},"primaryImageOfPage":{"@id":"https:\/\/www.africa-press.net\/cotedivoire\/politique\/can-2023-les-elephants-recoivent-les-hommages-de-lassemblee-nationale-acclames-pour-leur-exploit-historique#primaryimage"},"image":{"@id":"https:\/\/www.africa-press.net\/cotedivoire\/politique\/can-2023-les-elephants-recoivent-les-hommages-de-lassemblee-nationale-acclames-pour-leur-exploit-historique#primaryimage"},"thumbnailUrl":"https:\/\/static.africa-press.net\/cote\/sites\/43\/2024\/02\/sm_1708009521.227372.jpg","datePublished":"2024-02-15T18:30:12+00:00","dateModified":"2024-02-15T18:36:59+00:00","author":{"@id":"https:\/\/www.africa-press.net\/cotedivoire\/#\/schema\/person\/2b1cf3cd81a31e3cd26889ca66d677f1"},"description":"Les he\u0301ros de la nation, les E\u0301le\u0301phants, ont e\u0301te\u0301 accueillis en grande pompe a\u0300 l'Assemble\u0301e Nationale apre\u0300s leur glo ...","breadcrumb":{"@id":"https:\/\/www.africa-press.net\/cotedivoire\/politique\/can-2023-les-elephants-recoivent-les-hommages-de-lassemblee-nationale-acclames-pour-leur-exploit-historique#breadcrumb"},"inLanguage":"fr-FR","potentialAction":[{"@type":"ReadAction","target":["https:\/\/www.africa-press.net\/cotedivoire\/politique\/can-2023-les-elephants-recoivent-les-hommages-de-lassemblee-nationale-acclames-pour-leur-exploit-historique"]}]},{"@type":"ImageObject","inLanguage":"fr-FR","@id":"https:\/\/www.africa-press.net\/cotedivoire\/politique\/can-2023-les-elephants-recoivent-les-hommages-de-lassemblee-nationale-acclames-pour-leur-exploit-historique#primaryimage","url":"https:\/\/static.africa-press.net\/cote\/sites\/43\/2024\/02\/sm_1708009521.227372.jpg","contentUrl":"https:\/\/static.africa-press.net\/cote\/sites\/43\/2024\/02\/sm_1708009521.227372.jpg","width":720,"height":480,"caption":"CAN 2023 : Les \u00c9l\u00e9phants re\u00e7oivent les hommages de l'Assembl\u00e9e Nationale, acclam\u00e9s pour leur exploit historique"},{"@type":"BreadcrumbList","@id":"https:\/\/www.africa-press.net\/cotedivoire\/politique\/can-2023-les-elephants-recoivent-les-hommages-de-lassemblee-nationale-acclames-pour-leur-exploit-historique#breadcrumb","itemListElement":[{"@type":"ListItem","position":1,"name":"Accueil","item":"https:\/\/www.africa-press.net\/cotedivoire\/"},{"@type":"ListItem","position":2,"name":"CAN 2023 : Les \u00c9l\u00e9phants re\u00e7oivent les hommages de l&#8217;Assembl\u00e9e Nationale, acclam\u00e9s pour leur exploit historique"}]},{"@type":"WebSite","@id":"https:\/\/www.africa-press.net\/cotedivoire\/#website","url":"https:\/\/www.africa-press.net\/cotedivoire\/","name":"C\u00f4te d&#039;Ivoire","description":"Just another Africa News Agency Sites site","potentialAction":[{"@type":"SearchAction","target":{"@type":"EntryPoint","urlTemplate":"https:\/\/www.africa-press.net\/cotedivoire\/?s={search_term_string}"},"query-input":{"@type":"PropertyValueSpecification","valueRequired":true,"valueName":"search_term_string"}}],"inLanguage":"fr-FR"},{"@type":"Person","@id":"https:\/\/www.africa-press.net\/cotedivoire\/#\/schema\/person\/2b1cf3cd81a31e3cd26889ca66d677f1","name":"cfeditorfr"}]}},"_links":{"self":[{"href":"https:\/\/www.africa-press.net\/cotedivoire\/wp-json\/wp\/v2\/posts\/74937","targetHints":{"allow":["GET"]}}],"collection":[{"href":"https:\/\/www.africa-press.net\/cotedivoire\/wp-json\/wp\/v2\/posts"}],"about":[{"href":"https:\/\/www.africa-press.net\/cotedivoire\/wp-json\/wp\/v2\/types\/post"}],"author":[{"embeddable":true,"href":"https:\/\/www.africa-press.net\/cotedivoire\/wp-json\/wp\/v2\/users\/82"}],"replies":[{"embeddable":true,"href":"https:\/\/www.africa-press.net\/cotedivoire\/wp-json\/wp\/v2\/comments?post=74937"}],"version-history":[{"count":0,"href":"https:\/\/www.africa-press.net\/cotedivoire\/wp-json\/wp\/v2\/posts\/74937\/revisions"}],"wp:featuredmedia":[{"embeddable":true,"href":"https:\/\/www.africa-press.net\/cotedivoire\/wp-json\/wp\/v2\/media\/74936"}],"wp:attachment":[{"href":"https:\/\/www.africa-press.net\/cotedivoire\/wp-json\/wp\/v2\/media?parent=74937"}],"wp:term":[{"taxonomy":"category","embeddable":true,"href":"https:\/\/www.africa-press.net\/cotedivoire\/wp-json\/wp\/v2\/categories?post=74937"},{"taxonomy":"post_tag","embeddable":true,"href":"https:\/\/www.africa-press.net\/cotedivoire\/wp-json\/wp\/v2\/tags?post=74937"}],"curies":[{"name":"wp","href":"https:\/\/api.w.org\/{rel}","templated":true}]}}