{"id":74961,"date":"2024-02-16T17:12:35","date_gmt":"2024-02-16T17:12:35","guid":{"rendered":"https:\/\/www.africa-press.net\/cotedivoire\/politique\/idriss-diallo-conspuee-lors-de-la-presentation-du-trophee-de-la-can-2023-a-lassemblee-nationale"},"modified":"2024-02-16T18:10:47","modified_gmt":"2024-02-16T18:10:47","slug":"idriss-diallo-conspuee-lors-de-la-presentation-du-trophee-de-la-can-2023-a-lassemblee-nationale","status":"publish","type":"post","link":"https:\/\/www.africa-press.net\/cotedivoire\/politique\/idriss-diallo-conspuee-lors-de-la-presentation-du-trophee-de-la-can-2023-a-lassemblee-nationale","title":{"rendered":"Idriss Diallo conspu\u00e9e lors de la pr\u00e9sentation du troph\u00e9e de la CAN 2023 \u00e0 l&rsquo;Assembl\u00e9e nationale ?"},"content":{"rendered":"<p><span style=\"color: #ff6600\"><strong>Africa-Press &#8211; C\u00f4te d&rsquo;Ivoire. <\/strong><\/span>Hier jeudi 15 fe\u0301vrier 2024 restera grave\u0301 dans les me\u0301moires comme une journe\u0301e marquante a\u0300 l&rsquo;Assemble\u0301e nationale ivoirienne, alors que la ce\u0301re\u0301monie de pre\u0301sentation du trophe\u0301e de la Coupe d&rsquo;Afrique des Nations (CAN 2023) a e\u0301te\u0301 entache\u0301e par des controverses et des re\u0301actions passionne\u0301es.<\/p>\n<p>L&rsquo;e\u0301ve\u0301nement, qui a re\u0301uni pre\u0300s de 200 De\u0301pute\u0301s, a e\u0301te\u0301 entache\u0301 par une sce\u0300ne remarquable lorsque le pre\u0301sident de la Fe\u0301de\u0301ration Ivoirienne de Football (FIF), Idriss Yacine Diallo, a pris la parole pour de\u0301fendre certains choix.<\/p>\n<p>La tentative de justification du pre\u0301sident de la FIF quant au maintien dans le groupe de Se\u0301bastien Haller et Adingra malgre\u0301 leurs blessures a rapidement de\u0301clenche\u0301 l&rsquo;ire des de\u0301pute\u0301s. Idriss Diallo a fait valoir que le maintien de ces joueurs dans l&rsquo;e\u0301quipe avait e\u0301te\u0301 une de\u0301cision de\u0301libe\u0301re\u0301e, mais certains supporters ont mal interpre\u0301te\u0301 cette action.<\/p>\n<p>Les propos d&rsquo;Idriss Diallo, perc\u0327us comme arrogants et de\u0301nue\u0301s d&rsquo;humilite\u0301 par les de\u0301pute\u0301s pre\u0301sents, ont de\u0301clenche\u0301 une re\u0301action imme\u0301diate. Le pre\u0301sident de la FIF a e\u0301te\u0301 conspue\u0301 de\u0300s le de\u0301but de son discours, soulignant ainsi le me\u0301contentement et le de\u0301saccord ge\u0301ne\u0301ralise\u0301 a\u0300 l&rsquo;e\u0301gard de la gestion de l&rsquo;e\u0301quipe nationale. Cependant, la tonalite\u0301 de la re\u0301action a change\u0301 lorsque Diallo a choisi de mettre en avant les performances de l&rsquo;encadrement technique.<\/p>\n<p>Malgre\u0301 cette re\u0301action des de\u0301pute\u0301s, Idriss Diallo a re\u0301ussi a\u0300 conclure son discours sous les applaudissements, en mettant en lumie\u0300re le travail acharne\u0301 et les re\u0301ussites de l&rsquo;encadrement technique.<\/p>\n<p>Cette re\u0301action mitige\u0301e refle\u0300te les tensions persistantes entre la FIF et certains secteurs de la socie\u0301te\u0301 ivoirienne, soucieux de voir une plus grande transparence et une meilleure communication de la part de l&rsquo;organisme dirigeant du football national.<\/p>\n<p>La controverse entourant la pre\u0301sentation du trophe\u0301e de la CAN 2023 soule\u0300ve des questions plus larges sur la gouvernance du sport en Co\u0302te d&rsquo;Ivoire et la manie\u0300re dont les de\u0301cisions de la FIF sont perc\u0327ues et accepte\u0301es par le public. Alors que le pays ce\u0301le\u0300bre sa victoire sur la sce\u0300ne continentale, il est clair que des de\u0301fis internes persistent et exigent une attention urgente de la part des autorite\u0301s sportives et des responsables politiques.<\/p>\n<p>Pour rappel, le lundi 11 fe\u0301vrier 2023, au stade Felix Houphoue\u0308t Boigny au Plateau, lors de la ce\u0301re\u0301monie de pre\u0301sentation du trophe\u0301e, Idriss Diallo avait e\u0301te\u0301 hue\u0301 par le public pre\u0301sent dans les gradins.<\/p>\n<p><strong>Pour plus d&rsquo;informations et d&rsquo;analyses sur la <a href=\"https:\/\/www.africa-press.net\/cotedivoire\">C\u00f4te d&rsquo;Ivoire<\/a>, suivez <a href=\"https:\/\/www.africa-press.net\/\">Africa-Press<\/a><\/strong><\/p>\n","protected":false},"excerpt":{"rendered":"<p>Africa-Press &#8211; C\u00f4te d&rsquo;Ivoire. Hier jeudi 15 fe\u0301vrier 2024 restera grave\u0301 dans les me\u0301moires comme une journe\u0301e marquante a\u0300 l&rsquo;Assemble\u0301e nationale ivoirienne, alors que la ce\u0301re\u0301monie de pre\u0301sentation du trophe\u0301e de la Coupe d&rsquo;Afrique des Nations (CAN 2023) a e\u0301te\u0301 entache\u0301e par des controverses et des re\u0301actions passionne\u0301es. L&rsquo;e\u0301ve\u0301nement, qui a re\u0301uni pre\u0300s de 200 [&hellip;]<\/p>\n","protected":false},"author":82,"featured_media":74960,"comment_status":"open","ping_status":"closed","sticky":false,"template":"","format":"standard","meta":{"footnotes":""},"categories":[2,10],"tags":[56,63,1741,1930,2874,29,3997,859,12575],"class_list":["post-74961","post","type-post","status-publish","format-standard","has-post-thumbnail","hentry","category-politique","category-toutes-les-actualites","tag-africa-press","tag-africa-press-cote-divoire","tag-assemblee-nationale","tag-bictogo","tag-can","tag-cote-divoire","tag-diallo","tag-fif","tag-idriss"],"yoast_head":"<!-- This site is optimized with the Yoast SEO Premium plugin v26.1 (Yoast SEO v27.0) - https:\/\/yoast.com\/product\/yoast-seo-premium-wordpress\/ -->\n<title>Idriss Diallo conspu\u00e9e lors de la pr\u00e9sentation du troph\u00e9e de la CAN 2023 \u00e0 l&#039;Assembl\u00e9e nationale ? - C\u00f4te d&#039;Ivoire<\/title>\n<meta name=\"description\" content=\"Hier jeudi 15 fe\u0301vrier 2024 restera grave\u0301 dans les me\u0301moires comme une journe\u0301e marquante a\u0300 l&#039;Assemble\u0301e nationale ivo ...\" \/>\n<meta name=\"robots\" content=\"index, follow, max-snippet:-1, max-image-preview:large, max-video-preview:-1\" \/>\n<link rel=\"canonical\" href=\"https:\/\/www.africa-press.net\/cotedivoire\/politique\/idriss-diallo-conspuee-lors-de-la-presentation-du-trophee-de-la-can-2023-a-lassemblee-nationale\" \/>\n<meta property=\"og:locale\" content=\"fr_FR\" \/>\n<meta property=\"og:type\" content=\"article\" \/>\n<meta property=\"og:title\" content=\"Idriss Diallo conspu\u00e9e lors de la pr\u00e9sentation du troph\u00e9e de la CAN 2023 \u00e0 l&#039;Assembl\u00e9e nationale ?\" \/>\n<meta property=\"og:description\" content=\"Hier jeudi 15 fe\u0301vrier 2024 restera grave\u0301 dans les me\u0301moires comme une journe\u0301e marquante a\u0300 l&#039;Assemble\u0301e nationale ivo ...\" \/>\n<meta property=\"og:url\" content=\"https:\/\/www.africa-press.net\/cotedivoire\/politique\/idriss-diallo-conspuee-lors-de-la-presentation-du-trophee-de-la-can-2023-a-lassemblee-nationale\" \/>\n<meta property=\"og:site_name\" content=\"C\u00f4te d&#039;Ivoire\" \/>\n<meta property=\"article:published_time\" content=\"2024-02-16T17:12:35+00:00\" \/>\n<meta property=\"article:modified_time\" content=\"2024-02-16T18:10:47+00:00\" \/>\n<meta property=\"og:image\" content=\"https:\/\/static.africa-press.net\/cote\/sites\/43\/2024\/02\/sm_1708093203.097228.jpg\" \/>\n\t<meta property=\"og:image:width\" content=\"1000\" \/>\n\t<meta property=\"og:image:height\" content=\"667\" \/>\n\t<meta property=\"og:image:type\" content=\"image\/jpeg\" \/>\n<meta name=\"author\" content=\"cfeditorfr\" \/>\n<meta name=\"twitter:card\" content=\"summary_large_image\" \/>\n<meta name=\"twitter:label1\" content=\"\u00c9crit par\" \/>\n\t<meta name=\"twitter:data1\" content=\"cfeditorfr\" \/>\n\t<meta name=\"twitter:label2\" content=\"Dur\u00e9e de lecture estim\u00e9e\" \/>\n\t<meta name=\"twitter:data2\" content=\"3 minutes\" \/>\n<script type=\"application\/ld+json\" class=\"yoast-schema-graph\">{\"@context\":\"https:\/\/schema.org\",\"@graph\":[{\"@type\":\"Article\",\"@id\":\"https:\/\/www.africa-press.net\/cotedivoire\/politique\/idriss-diallo-conspuee-lors-de-la-presentation-du-trophee-de-la-can-2023-a-lassemblee-nationale#article\",\"isPartOf\":{\"@id\":\"https:\/\/www.africa-press.net\/cotedivoire\/politique\/idriss-diallo-conspuee-lors-de-la-presentation-du-trophee-de-la-can-2023-a-lassemblee-nationale\"},\"author\":{\"name\":\"cfeditorfr\",\"@id\":\"https:\/\/www.africa-press.net\/cotedivoire\/#\/schema\/person\/2b1cf3cd81a31e3cd26889ca66d677f1\"},\"headline\":\"Idriss Diallo conspu\u00e9e lors de la pr\u00e9sentation du troph\u00e9e de la CAN 2023 \u00e0 l&rsquo;Assembl\u00e9e nationale ?\",\"datePublished\":\"2024-02-16T17:12:35+00:00\",\"dateModified\":\"2024-02-16T18:10:47+00:00\",\"mainEntityOfPage\":{\"@id\":\"https:\/\/www.africa-press.net\/cotedivoire\/politique\/idriss-diallo-conspuee-lors-de-la-presentation-du-trophee-de-la-can-2023-a-lassemblee-nationale\"},\"wordCount\":512,\"commentCount\":0,\"image\":{\"@id\":\"https:\/\/www.africa-press.net\/cotedivoire\/politique\/idriss-diallo-conspuee-lors-de-la-presentation-du-trophee-de-la-can-2023-a-lassemblee-nationale#primaryimage\"},\"thumbnailUrl\":\"https:\/\/static.africa-press.net\/cote\/sites\/43\/2024\/02\/sm_1708093203.097228.jpg\",\"keywords\":[\"Africa Press\",\"Africa Press-C\u00f4te d'Ivoire\",\"Assembl\u00e9e nationale\",\"Bictogo\",\"CAN\",\"C\u00d4TE D'IVOIRE\",\"DIALLO\",\"FIF\",\"Idriss\"],\"articleSection\":[\"Politique\",\"Toutes les actualit\u00e9s\"],\"inLanguage\":\"fr-FR\",\"potentialAction\":[{\"@type\":\"CommentAction\",\"name\":\"Comment\",\"target\":[\"https:\/\/www.africa-press.net\/cotedivoire\/politique\/idriss-diallo-conspuee-lors-de-la-presentation-du-trophee-de-la-can-2023-a-lassemblee-nationale#respond\"]}]},{\"@type\":\"WebPage\",\"@id\":\"https:\/\/www.africa-press.net\/cotedivoire\/politique\/idriss-diallo-conspuee-lors-de-la-presentation-du-trophee-de-la-can-2023-a-lassemblee-nationale\",\"url\":\"https:\/\/www.africa-press.net\/cotedivoire\/politique\/idriss-diallo-conspuee-lors-de-la-presentation-du-trophee-de-la-can-2023-a-lassemblee-nationale\",\"name\":\"Idriss Diallo conspu\u00e9e lors de la pr\u00e9sentation du troph\u00e9e de la CAN 2023 \u00e0 l'Assembl\u00e9e nationale ? - C\u00f4te d&#039;Ivoire\",\"isPartOf\":{\"@id\":\"https:\/\/www.africa-press.net\/cotedivoire\/#website\"},\"primaryImageOfPage\":{\"@id\":\"https:\/\/www.africa-press.net\/cotedivoire\/politique\/idriss-diallo-conspuee-lors-de-la-presentation-du-trophee-de-la-can-2023-a-lassemblee-nationale#primaryimage\"},\"image\":{\"@id\":\"https:\/\/www.africa-press.net\/cotedivoire\/politique\/idriss-diallo-conspuee-lors-de-la-presentation-du-trophee-de-la-can-2023-a-lassemblee-nationale#primaryimage\"},\"thumbnailUrl\":\"https:\/\/static.africa-press.net\/cote\/sites\/43\/2024\/02\/sm_1708093203.097228.jpg\",\"datePublished\":\"2024-02-16T17:12:35+00:00\",\"dateModified\":\"2024-02-16T18:10:47+00:00\",\"author\":{\"@id\":\"https:\/\/www.africa-press.net\/cotedivoire\/#\/schema\/person\/2b1cf3cd81a31e3cd26889ca66d677f1\"},\"description\":\"Hier jeudi 15 fe\u0301vrier 2024 restera grave\u0301 dans les me\u0301moires comme une journe\u0301e marquante a\u0300 l'Assemble\u0301e nationale ivo ...\",\"breadcrumb\":{\"@id\":\"https:\/\/www.africa-press.net\/cotedivoire\/politique\/idriss-diallo-conspuee-lors-de-la-presentation-du-trophee-de-la-can-2023-a-lassemblee-nationale#breadcrumb\"},\"inLanguage\":\"fr-FR\",\"potentialAction\":[{\"@type\":\"ReadAction\",\"target\":[\"https:\/\/www.africa-press.net\/cotedivoire\/politique\/idriss-diallo-conspuee-lors-de-la-presentation-du-trophee-de-la-can-2023-a-lassemblee-nationale\"]}]},{\"@type\":\"ImageObject\",\"inLanguage\":\"fr-FR\",\"@id\":\"https:\/\/www.africa-press.net\/cotedivoire\/politique\/idriss-diallo-conspuee-lors-de-la-presentation-du-trophee-de-la-can-2023-a-lassemblee-nationale#primaryimage\",\"url\":\"https:\/\/static.africa-press.net\/cote\/sites\/43\/2024\/02\/sm_1708093203.097228.jpg\",\"contentUrl\":\"https:\/\/static.africa-press.net\/cote\/sites\/43\/2024\/02\/sm_1708093203.097228.jpg\",\"width\":1000,\"height\":667,\"caption\":\"Idriss Diallo conspu\u00e9e lors de la pr\u00e9sentation du troph\u00e9e de la CAN 2023 \u00e0 l'Assembl\u00e9e nationale ?\"},{\"@type\":\"BreadcrumbList\",\"@id\":\"https:\/\/www.africa-press.net\/cotedivoire\/politique\/idriss-diallo-conspuee-lors-de-la-presentation-du-trophee-de-la-can-2023-a-lassemblee-nationale#breadcrumb\",\"itemListElement\":[{\"@type\":\"ListItem\",\"position\":1,\"name\":\"Accueil\",\"item\":\"https:\/\/www.africa-press.net\/cotedivoire\/\"},{\"@type\":\"ListItem\",\"position\":2,\"name\":\"Idriss Diallo conspu\u00e9e lors de la pr\u00e9sentation du troph\u00e9e de la CAN 2023 \u00e0 l&#8217;Assembl\u00e9e nationale ?\"}]},{\"@type\":\"WebSite\",\"@id\":\"https:\/\/www.africa-press.net\/cotedivoire\/#website\",\"url\":\"https:\/\/www.africa-press.net\/cotedivoire\/\",\"name\":\"C\u00f4te d&#039;Ivoire\",\"description\":\"Just another Africa News Agency Sites site\",\"potentialAction\":[{\"@type\":\"SearchAction\",\"target\":{\"@type\":\"EntryPoint\",\"urlTemplate\":\"https:\/\/www.africa-press.net\/cotedivoire\/?s={search_term_string}\"},\"query-input\":{\"@type\":\"PropertyValueSpecification\",\"valueRequired\":true,\"valueName\":\"search_term_string\"}}],\"inLanguage\":\"fr-FR\"},{\"@type\":\"Person\",\"@id\":\"https:\/\/www.africa-press.net\/cotedivoire\/#\/schema\/person\/2b1cf3cd81a31e3cd26889ca66d677f1\",\"name\":\"cfeditorfr\"}]}<\/script>\n<!-- \/ Yoast SEO Premium plugin. -->","yoast_head_json":{"title":"Idriss Diallo conspu\u00e9e lors de la pr\u00e9sentation du troph\u00e9e de la CAN 2023 \u00e0 l'Assembl\u00e9e nationale ? - C\u00f4te d&#039;Ivoire","description":"Hier jeudi 15 fe\u0301vrier 2024 restera grave\u0301 dans les me\u0301moires comme une journe\u0301e marquante a\u0300 l'Assemble\u0301e nationale ivo ...","robots":{"index":"index","follow":"follow","max-snippet":"max-snippet:-1","max-image-preview":"max-image-preview:large","max-video-preview":"max-video-preview:-1"},"canonical":"https:\/\/www.africa-press.net\/cotedivoire\/politique\/idriss-diallo-conspuee-lors-de-la-presentation-du-trophee-de-la-can-2023-a-lassemblee-nationale","og_locale":"fr_FR","og_type":"article","og_title":"Idriss Diallo conspu\u00e9e lors de la pr\u00e9sentation du troph\u00e9e de la CAN 2023 \u00e0 l'Assembl\u00e9e nationale ?","og_description":"Hier jeudi 15 fe\u0301vrier 2024 restera grave\u0301 dans les me\u0301moires comme une journe\u0301e marquante a\u0300 l'Assemble\u0301e nationale ivo ...","og_url":"https:\/\/www.africa-press.net\/cotedivoire\/politique\/idriss-diallo-conspuee-lors-de-la-presentation-du-trophee-de-la-can-2023-a-lassemblee-nationale","og_site_name":"C\u00f4te d&#039;Ivoire","article_published_time":"2024-02-16T17:12:35+00:00","article_modified_time":"2024-02-16T18:10:47+00:00","og_image":[{"width":1000,"height":667,"url":"https:\/\/static.africa-press.net\/cote\/sites\/43\/2024\/02\/sm_1708093203.097228.jpg","type":"image\/jpeg"}],"author":"cfeditorfr","twitter_card":"summary_large_image","twitter_misc":{"\u00c9crit par":"cfeditorfr","Dur\u00e9e de lecture estim\u00e9e":"3 minutes"},"schema":{"@context":"https:\/\/schema.org","@graph":[{"@type":"Article","@id":"https:\/\/www.africa-press.net\/cotedivoire\/politique\/idriss-diallo-conspuee-lors-de-la-presentation-du-trophee-de-la-can-2023-a-lassemblee-nationale#article","isPartOf":{"@id":"https:\/\/www.africa-press.net\/cotedivoire\/politique\/idriss-diallo-conspuee-lors-de-la-presentation-du-trophee-de-la-can-2023-a-lassemblee-nationale"},"author":{"name":"cfeditorfr","@id":"https:\/\/www.africa-press.net\/cotedivoire\/#\/schema\/person\/2b1cf3cd81a31e3cd26889ca66d677f1"},"headline":"Idriss Diallo conspu\u00e9e lors de la pr\u00e9sentation du troph\u00e9e de la CAN 2023 \u00e0 l&rsquo;Assembl\u00e9e nationale ?","datePublished":"2024-02-16T17:12:35+00:00","dateModified":"2024-02-16T18:10:47+00:00","mainEntityOfPage":{"@id":"https:\/\/www.africa-press.net\/cotedivoire\/politique\/idriss-diallo-conspuee-lors-de-la-presentation-du-trophee-de-la-can-2023-a-lassemblee-nationale"},"wordCount":512,"commentCount":0,"image":{"@id":"https:\/\/www.africa-press.net\/cotedivoire\/politique\/idriss-diallo-conspuee-lors-de-la-presentation-du-trophee-de-la-can-2023-a-lassemblee-nationale#primaryimage"},"thumbnailUrl":"https:\/\/static.africa-press.net\/cote\/sites\/43\/2024\/02\/sm_1708093203.097228.jpg","keywords":["Africa Press","Africa Press-C\u00f4te d'Ivoire","Assembl\u00e9e nationale","Bictogo","CAN","C\u00d4TE D'IVOIRE","DIALLO","FIF","Idriss"],"articleSection":["Politique","Toutes les actualit\u00e9s"],"inLanguage":"fr-FR","potentialAction":[{"@type":"CommentAction","name":"Comment","target":["https:\/\/www.africa-press.net\/cotedivoire\/politique\/idriss-diallo-conspuee-lors-de-la-presentation-du-trophee-de-la-can-2023-a-lassemblee-nationale#respond"]}]},{"@type":"WebPage","@id":"https:\/\/www.africa-press.net\/cotedivoire\/politique\/idriss-diallo-conspuee-lors-de-la-presentation-du-trophee-de-la-can-2023-a-lassemblee-nationale","url":"https:\/\/www.africa-press.net\/cotedivoire\/politique\/idriss-diallo-conspuee-lors-de-la-presentation-du-trophee-de-la-can-2023-a-lassemblee-nationale","name":"Idriss Diallo conspu\u00e9e lors de la pr\u00e9sentation du troph\u00e9e de la CAN 2023 \u00e0 l'Assembl\u00e9e nationale ? - C\u00f4te d&#039;Ivoire","isPartOf":{"@id":"https:\/\/www.africa-press.net\/cotedivoire\/#website"},"primaryImageOfPage":{"@id":"https:\/\/www.africa-press.net\/cotedivoire\/politique\/idriss-diallo-conspuee-lors-de-la-presentation-du-trophee-de-la-can-2023-a-lassemblee-nationale#primaryimage"},"image":{"@id":"https:\/\/www.africa-press.net\/cotedivoire\/politique\/idriss-diallo-conspuee-lors-de-la-presentation-du-trophee-de-la-can-2023-a-lassemblee-nationale#primaryimage"},"thumbnailUrl":"https:\/\/static.africa-press.net\/cote\/sites\/43\/2024\/02\/sm_1708093203.097228.jpg","datePublished":"2024-02-16T17:12:35+00:00","dateModified":"2024-02-16T18:10:47+00:00","author":{"@id":"https:\/\/www.africa-press.net\/cotedivoire\/#\/schema\/person\/2b1cf3cd81a31e3cd26889ca66d677f1"},"description":"Hier jeudi 15 fe\u0301vrier 2024 restera grave\u0301 dans les me\u0301moires comme une journe\u0301e marquante a\u0300 l'Assemble\u0301e nationale ivo ...","breadcrumb":{"@id":"https:\/\/www.africa-press.net\/cotedivoire\/politique\/idriss-diallo-conspuee-lors-de-la-presentation-du-trophee-de-la-can-2023-a-lassemblee-nationale#breadcrumb"},"inLanguage":"fr-FR","potentialAction":[{"@type":"ReadAction","target":["https:\/\/www.africa-press.net\/cotedivoire\/politique\/idriss-diallo-conspuee-lors-de-la-presentation-du-trophee-de-la-can-2023-a-lassemblee-nationale"]}]},{"@type":"ImageObject","inLanguage":"fr-FR","@id":"https:\/\/www.africa-press.net\/cotedivoire\/politique\/idriss-diallo-conspuee-lors-de-la-presentation-du-trophee-de-la-can-2023-a-lassemblee-nationale#primaryimage","url":"https:\/\/static.africa-press.net\/cote\/sites\/43\/2024\/02\/sm_1708093203.097228.jpg","contentUrl":"https:\/\/static.africa-press.net\/cote\/sites\/43\/2024\/02\/sm_1708093203.097228.jpg","width":1000,"height":667,"caption":"Idriss Diallo conspu\u00e9e lors de la pr\u00e9sentation du troph\u00e9e de la CAN 2023 \u00e0 l'Assembl\u00e9e nationale ?"},{"@type":"BreadcrumbList","@id":"https:\/\/www.africa-press.net\/cotedivoire\/politique\/idriss-diallo-conspuee-lors-de-la-presentation-du-trophee-de-la-can-2023-a-lassemblee-nationale#breadcrumb","itemListElement":[{"@type":"ListItem","position":1,"name":"Accueil","item":"https:\/\/www.africa-press.net\/cotedivoire\/"},{"@type":"ListItem","position":2,"name":"Idriss Diallo conspu\u00e9e lors de la pr\u00e9sentation du troph\u00e9e de la CAN 2023 \u00e0 l&#8217;Assembl\u00e9e nationale ?"}]},{"@type":"WebSite","@id":"https:\/\/www.africa-press.net\/cotedivoire\/#website","url":"https:\/\/www.africa-press.net\/cotedivoire\/","name":"C\u00f4te d&#039;Ivoire","description":"Just another Africa News Agency Sites site","potentialAction":[{"@type":"SearchAction","target":{"@type":"EntryPoint","urlTemplate":"https:\/\/www.africa-press.net\/cotedivoire\/?s={search_term_string}"},"query-input":{"@type":"PropertyValueSpecification","valueRequired":true,"valueName":"search_term_string"}}],"inLanguage":"fr-FR"},{"@type":"Person","@id":"https:\/\/www.africa-press.net\/cotedivoire\/#\/schema\/person\/2b1cf3cd81a31e3cd26889ca66d677f1","name":"cfeditorfr"}]}},"_links":{"self":[{"href":"https:\/\/www.africa-press.net\/cotedivoire\/wp-json\/wp\/v2\/posts\/74961","targetHints":{"allow":["GET"]}}],"collection":[{"href":"https:\/\/www.africa-press.net\/cotedivoire\/wp-json\/wp\/v2\/posts"}],"about":[{"href":"https:\/\/www.africa-press.net\/cotedivoire\/wp-json\/wp\/v2\/types\/post"}],"author":[{"embeddable":true,"href":"https:\/\/www.africa-press.net\/cotedivoire\/wp-json\/wp\/v2\/users\/82"}],"replies":[{"embeddable":true,"href":"https:\/\/www.africa-press.net\/cotedivoire\/wp-json\/wp\/v2\/comments?post=74961"}],"version-history":[{"count":0,"href":"https:\/\/www.africa-press.net\/cotedivoire\/wp-json\/wp\/v2\/posts\/74961\/revisions"}],"wp:featuredmedia":[{"embeddable":true,"href":"https:\/\/www.africa-press.net\/cotedivoire\/wp-json\/wp\/v2\/media\/74960"}],"wp:attachment":[{"href":"https:\/\/www.africa-press.net\/cotedivoire\/wp-json\/wp\/v2\/media?parent=74961"}],"wp:term":[{"taxonomy":"category","embeddable":true,"href":"https:\/\/www.africa-press.net\/cotedivoire\/wp-json\/wp\/v2\/categories?post=74961"},{"taxonomy":"post_tag","embeddable":true,"href":"https:\/\/www.africa-press.net\/cotedivoire\/wp-json\/wp\/v2\/tags?post=74961"}],"curies":[{"name":"wp","href":"https:\/\/api.w.org\/{rel}","templated":true}]}}