{"id":74963,"date":"2024-02-16T17:13:25","date_gmt":"2024-02-16T17:13:25","guid":{"rendered":"https:\/\/www.africa-press.net\/cotedivoire\/politique\/apres-la-can-ouattara-fera-dimportantes-annonces-dici-la-fin-du-mois-de-fevrier-pour-preserver-le-climat-de-paix-et-de-cohesion"},"modified":"2024-02-16T18:13:03","modified_gmt":"2024-02-16T18:13:03","slug":"apres-la-can-ouattara-fera-dimportantes-annonces-dici-la-fin-du-mois-de-fevrier-pour-preserver-le-climat-de-paix-et-de-cohesion","status":"publish","type":"post","link":"https:\/\/www.africa-press.net\/cotedivoire\/politique\/apres-la-can-ouattara-fera-dimportantes-annonces-dici-la-fin-du-mois-de-fevrier-pour-preserver-le-climat-de-paix-et-de-cohesion","title":{"rendered":"Apr\u00e8s la CAN, Ouattara fera  d&rsquo;importantes annonces d&rsquo;ici la fin du mois de f\u00e9vrier, pour pr\u00e9server le climat de paix et de coh\u00e9sion"},"content":{"rendered":"<p><span style=\"color: #ff6600\"><strong>Africa-Press &#8211; C\u00f4te d&rsquo;Ivoire. <\/strong><\/span>Alassane Ouattara mercredi lors du conseil des ministres (DR)<\/p>\n<p>Apre\u0300s la Coupe d\u2019Afrique des Nations (CAN) 2023, le pre\u0301sident de la Re\u0301publique, Alassane Ouattara, fera d\u2019importantes annonces d\u2019ici la fin du mois de fe\u0301vrier, pour pre\u0301server le climat de paix et de cohe\u0301sion nationale constate\u0301s lors de l\u2019e\u0301ve\u0300nement qui s\u2019est de\u0301roule\u0301 du 13 janvier au 11 fe\u0301vrier 2024.<\/p>\n<p>Il a fait cette de\u0301claration lors du conseil des Ministres tenu le mercredi 14 fe\u0301vrier 2024, re\u0301ve\u0300le une note de la pre\u0301sidence ivoirienne.<\/p>\n<p>\u00ab (&#8230;) Il (Ndrl le chef de l\u2019Etat) a salue\u0301 la mobilisation de l\u2019ensemble des Ivoiriens, qui ont su re\u0301server un accueil chaleureux a\u0300 nos ho\u0302tes, tout en soutenant e\u0301galement notre e\u0301quipe nationale jusqu\u2019a\u0300 la victoire finale \u00bb, fait savoir le document consulte\u0301 par KOACI.<\/p>\n<p>\u00ab Le Chef de l\u2019E\u0301tat a rendu hommage a\u0300 ses compatriotes, qui ont fait preuve de patriotisme, de cohe\u0301sion, de solidarite\u0301 et d\u2019amour pour la Nation. Il a souhaite\u0301 que ce climat de paix et de cohe\u0301sion constate\u0301 tout au long du de\u0301roulement de cette CAN soit maintenu et renforce\u0301, tout en re\u0301ve\u0301lant qu\u2019il fera, dans ce sens, d\u2019importantes annonces d\u2019ici la fin du mois de fe\u0301vrier. \u00bb<\/p>\n<p>Les regards des hommes politiques seront de\u0301sormais tourne\u0301s vers le palais pre\u0301sidentiel pour attendre les annonces importantes promises par le locataire des lieux afin de pre\u0301server le climat de paix et de cohe\u0301sion sociale a\u0300 deux ans de la pre\u0301sidentielle.<\/p>\n<p><strong>Pour plus d&rsquo;informations et d&rsquo;analyses sur la <a href=\"https:\/\/www.africa-press.net\/cotedivoire\">C\u00f4te d&rsquo;Ivoire<\/a>, suivez <a href=\"https:\/\/www.africa-press.net\/\">Africa-Press<\/a><\/strong><\/p>\n","protected":false},"excerpt":{"rendered":"<p>Africa-Press &#8211; C\u00f4te d&rsquo;Ivoire. Alassane Ouattara mercredi lors du conseil des ministres (DR) Apre\u0300s la Coupe d\u2019Afrique des Nations (CAN) 2023, le pre\u0301sident de la Re\u0301publique, Alassane Ouattara, fera d\u2019importantes annonces d\u2019ici la fin du mois de fe\u0301vrier, pour pre\u0301server le climat de paix et de cohe\u0301sion nationale constate\u0301s lors de l\u2019e\u0301ve\u0300nement qui s\u2019est de\u0301roule\u0301 [&hellip;]<\/p>\n","protected":false},"author":82,"featured_media":74962,"comment_status":"open","ping_status":"closed","sticky":false,"template":"","format":"standard","meta":{"footnotes":""},"categories":[2,20,10],"tags":[56,63,38,12580,2874,3107,1744,29,1338,600,312],"class_list":["post-74963","post","type-post","status-publish","format-standard","has-post-thumbnail","hentry","category-politique","category-top-nouvelles","category-toutes-les-actualites","tag-africa-press","tag-africa-press-cote-divoire","tag-alassane-ouattara","tag-annonces","tag-can","tag-cohesion","tag-conseil","tag-cote-divoire","tag-ministres","tag-paix","tag-presidentielle"],"yoast_head":"<!-- This site is optimized with the Yoast SEO Premium plugin v26.1 (Yoast SEO v27.0) - https:\/\/yoast.com\/product\/yoast-seo-premium-wordpress\/ -->\n<title>Apr\u00e8s la CAN, Ouattara fera d&#039;importantes annonces d&#039;ici la fin du mois de f\u00e9vrier, pour pr\u00e9server le climat de paix et de coh\u00e9sion - C\u00f4te d&#039;Ivoire<\/title>\n<meta name=\"description\" content=\"Alassane Ouattara mercredi lors du conseil des ministres (DR) Apre\u0300s la Coupe d\u2019Afrique des Nations (CAN) 2023, le pre\u0301 ...\" \/>\n<meta name=\"robots\" content=\"index, follow, max-snippet:-1, max-image-preview:large, max-video-preview:-1\" \/>\n<link rel=\"canonical\" href=\"https:\/\/www.africa-press.net\/cotedivoire\/politique\/apres-la-can-ouattara-fera-dimportantes-annonces-dici-la-fin-du-mois-de-fevrier-pour-preserver-le-climat-de-paix-et-de-cohesion\" \/>\n<meta property=\"og:locale\" content=\"fr_FR\" \/>\n<meta property=\"og:type\" content=\"article\" \/>\n<meta property=\"og:title\" content=\"Apr\u00e8s la CAN, Ouattara fera d&#039;importantes annonces d&#039;ici la fin du mois de f\u00e9vrier, pour pr\u00e9server le climat de paix et de coh\u00e9sion\" \/>\n<meta property=\"og:description\" content=\"Alassane Ouattara mercredi lors du conseil des ministres (DR) Apre\u0300s la Coupe d\u2019Afrique des Nations (CAN) 2023, le pre\u0301 ...\" \/>\n<meta property=\"og:url\" content=\"https:\/\/www.africa-press.net\/cotedivoire\/politique\/apres-la-can-ouattara-fera-dimportantes-annonces-dici-la-fin-du-mois-de-fevrier-pour-preserver-le-climat-de-paix-et-de-cohesion\" \/>\n<meta property=\"og:site_name\" content=\"C\u00f4te d&#039;Ivoire\" \/>\n<meta property=\"article:published_time\" content=\"2024-02-16T17:13:25+00:00\" \/>\n<meta property=\"article:modified_time\" content=\"2024-02-16T18:13:03+00:00\" \/>\n<meta property=\"og:image\" content=\"https:\/\/static.africa-press.net\/cote\/sites\/43\/2024\/02\/sm_1708093235.223013.jpg\" \/>\n\t<meta property=\"og:image:width\" content=\"720\" \/>\n\t<meta property=\"og:image:height\" content=\"446\" \/>\n\t<meta property=\"og:image:type\" content=\"image\/jpeg\" \/>\n<meta name=\"author\" content=\"cfeditorfr\" \/>\n<meta name=\"twitter:card\" content=\"summary_large_image\" \/>\n<meta name=\"twitter:label1\" content=\"\u00c9crit par\" \/>\n\t<meta name=\"twitter:data1\" content=\"cfeditorfr\" \/>\n\t<meta name=\"twitter:label2\" content=\"Dur\u00e9e de lecture estim\u00e9e\" \/>\n\t<meta name=\"twitter:data2\" content=\"2 minutes\" \/>\n<script type=\"application\/ld+json\" class=\"yoast-schema-graph\">{\"@context\":\"https:\/\/schema.org\",\"@graph\":[{\"@type\":\"Article\",\"@id\":\"https:\/\/www.africa-press.net\/cotedivoire\/politique\/apres-la-can-ouattara-fera-dimportantes-annonces-dici-la-fin-du-mois-de-fevrier-pour-preserver-le-climat-de-paix-et-de-cohesion#article\",\"isPartOf\":{\"@id\":\"https:\/\/www.africa-press.net\/cotedivoire\/politique\/apres-la-can-ouattara-fera-dimportantes-annonces-dici-la-fin-du-mois-de-fevrier-pour-preserver-le-climat-de-paix-et-de-cohesion\"},\"author\":{\"name\":\"cfeditorfr\",\"@id\":\"https:\/\/www.africa-press.net\/cotedivoire\/#\/schema\/person\/2b1cf3cd81a31e3cd26889ca66d677f1\"},\"headline\":\"Apr\u00e8s la CAN, Ouattara fera d&rsquo;importantes annonces d&rsquo;ici la fin du mois de f\u00e9vrier, pour pr\u00e9server le climat de paix et de coh\u00e9sion\",\"datePublished\":\"2024-02-16T17:13:25+00:00\",\"dateModified\":\"2024-02-16T18:13:03+00:00\",\"mainEntityOfPage\":{\"@id\":\"https:\/\/www.africa-press.net\/cotedivoire\/politique\/apres-la-can-ouattara-fera-dimportantes-annonces-dici-la-fin-du-mois-de-fevrier-pour-preserver-le-climat-de-paix-et-de-cohesion\"},\"wordCount\":319,\"commentCount\":0,\"image\":{\"@id\":\"https:\/\/www.africa-press.net\/cotedivoire\/politique\/apres-la-can-ouattara-fera-dimportantes-annonces-dici-la-fin-du-mois-de-fevrier-pour-preserver-le-climat-de-paix-et-de-cohesion#primaryimage\"},\"thumbnailUrl\":\"https:\/\/static.africa-press.net\/cote\/sites\/43\/2024\/02\/sm_1708093235.223013.jpg\",\"keywords\":[\"Africa Press\",\"Africa Press-C\u00f4te d'Ivoire\",\"Alassane Ouattara\",\"annonces\",\"CAN\",\"coh\u00e9sion\",\"Conseil\",\"C\u00d4TE D'IVOIRE\",\"ministres\",\"paix\",\"pr\u00e9sidentielle\"],\"articleSection\":[\"Politique\",\"Top Nouvelles\",\"Toutes les actualit\u00e9s\"],\"inLanguage\":\"fr-FR\",\"potentialAction\":[{\"@type\":\"CommentAction\",\"name\":\"Comment\",\"target\":[\"https:\/\/www.africa-press.net\/cotedivoire\/politique\/apres-la-can-ouattara-fera-dimportantes-annonces-dici-la-fin-du-mois-de-fevrier-pour-preserver-le-climat-de-paix-et-de-cohesion#respond\"]}]},{\"@type\":\"WebPage\",\"@id\":\"https:\/\/www.africa-press.net\/cotedivoire\/politique\/apres-la-can-ouattara-fera-dimportantes-annonces-dici-la-fin-du-mois-de-fevrier-pour-preserver-le-climat-de-paix-et-de-cohesion\",\"url\":\"https:\/\/www.africa-press.net\/cotedivoire\/politique\/apres-la-can-ouattara-fera-dimportantes-annonces-dici-la-fin-du-mois-de-fevrier-pour-preserver-le-climat-de-paix-et-de-cohesion\",\"name\":\"Apr\u00e8s la CAN, Ouattara fera d'importantes annonces d'ici la fin du mois de f\u00e9vrier, pour pr\u00e9server le climat de paix et de coh\u00e9sion - C\u00f4te d&#039;Ivoire\",\"isPartOf\":{\"@id\":\"https:\/\/www.africa-press.net\/cotedivoire\/#website\"},\"primaryImageOfPage\":{\"@id\":\"https:\/\/www.africa-press.net\/cotedivoire\/politique\/apres-la-can-ouattara-fera-dimportantes-annonces-dici-la-fin-du-mois-de-fevrier-pour-preserver-le-climat-de-paix-et-de-cohesion#primaryimage\"},\"image\":{\"@id\":\"https:\/\/www.africa-press.net\/cotedivoire\/politique\/apres-la-can-ouattara-fera-dimportantes-annonces-dici-la-fin-du-mois-de-fevrier-pour-preserver-le-climat-de-paix-et-de-cohesion#primaryimage\"},\"thumbnailUrl\":\"https:\/\/static.africa-press.net\/cote\/sites\/43\/2024\/02\/sm_1708093235.223013.jpg\",\"datePublished\":\"2024-02-16T17:13:25+00:00\",\"dateModified\":\"2024-02-16T18:13:03+00:00\",\"author\":{\"@id\":\"https:\/\/www.africa-press.net\/cotedivoire\/#\/schema\/person\/2b1cf3cd81a31e3cd26889ca66d677f1\"},\"description\":\"Alassane Ouattara mercredi lors du conseil des ministres (DR) Apre\u0300s la Coupe d\u2019Afrique des Nations (CAN) 2023, le pre\u0301 ...\",\"breadcrumb\":{\"@id\":\"https:\/\/www.africa-press.net\/cotedivoire\/politique\/apres-la-can-ouattara-fera-dimportantes-annonces-dici-la-fin-du-mois-de-fevrier-pour-preserver-le-climat-de-paix-et-de-cohesion#breadcrumb\"},\"inLanguage\":\"fr-FR\",\"potentialAction\":[{\"@type\":\"ReadAction\",\"target\":[\"https:\/\/www.africa-press.net\/cotedivoire\/politique\/apres-la-can-ouattara-fera-dimportantes-annonces-dici-la-fin-du-mois-de-fevrier-pour-preserver-le-climat-de-paix-et-de-cohesion\"]}]},{\"@type\":\"ImageObject\",\"inLanguage\":\"fr-FR\",\"@id\":\"https:\/\/www.africa-press.net\/cotedivoire\/politique\/apres-la-can-ouattara-fera-dimportantes-annonces-dici-la-fin-du-mois-de-fevrier-pour-preserver-le-climat-de-paix-et-de-cohesion#primaryimage\",\"url\":\"https:\/\/static.africa-press.net\/cote\/sites\/43\/2024\/02\/sm_1708093235.223013.jpg\",\"contentUrl\":\"https:\/\/static.africa-press.net\/cote\/sites\/43\/2024\/02\/sm_1708093235.223013.jpg\",\"width\":720,\"height\":446,\"caption\":\"Apr\u00e8s la CAN, Ouattara fera d'importantes annonces d'ici la fin du mois de f\u00e9vrier, pour pr\u00e9server le climat de paix et de coh\u00e9sion\"},{\"@type\":\"BreadcrumbList\",\"@id\":\"https:\/\/www.africa-press.net\/cotedivoire\/politique\/apres-la-can-ouattara-fera-dimportantes-annonces-dici-la-fin-du-mois-de-fevrier-pour-preserver-le-climat-de-paix-et-de-cohesion#breadcrumb\",\"itemListElement\":[{\"@type\":\"ListItem\",\"position\":1,\"name\":\"Accueil\",\"item\":\"https:\/\/www.africa-press.net\/cotedivoire\/\"},{\"@type\":\"ListItem\",\"position\":2,\"name\":\"Apr\u00e8s la CAN, Ouattara fera d&#8217;importantes annonces d&#8217;ici la fin du mois de f\u00e9vrier, pour pr\u00e9server le climat de paix et de coh\u00e9sion\"}]},{\"@type\":\"WebSite\",\"@id\":\"https:\/\/www.africa-press.net\/cotedivoire\/#website\",\"url\":\"https:\/\/www.africa-press.net\/cotedivoire\/\",\"name\":\"C\u00f4te d&#039;Ivoire\",\"description\":\"Just another Africa News Agency Sites site\",\"potentialAction\":[{\"@type\":\"SearchAction\",\"target\":{\"@type\":\"EntryPoint\",\"urlTemplate\":\"https:\/\/www.africa-press.net\/cotedivoire\/?s={search_term_string}\"},\"query-input\":{\"@type\":\"PropertyValueSpecification\",\"valueRequired\":true,\"valueName\":\"search_term_string\"}}],\"inLanguage\":\"fr-FR\"},{\"@type\":\"Person\",\"@id\":\"https:\/\/www.africa-press.net\/cotedivoire\/#\/schema\/person\/2b1cf3cd81a31e3cd26889ca66d677f1\",\"name\":\"cfeditorfr\"}]}<\/script>\n<!-- \/ Yoast SEO Premium plugin. -->","yoast_head_json":{"title":"Apr\u00e8s la CAN, Ouattara fera d'importantes annonces d'ici la fin du mois de f\u00e9vrier, pour pr\u00e9server le climat de paix et de coh\u00e9sion - C\u00f4te d&#039;Ivoire","description":"Alassane Ouattara mercredi lors du conseil des ministres (DR) Apre\u0300s la Coupe d\u2019Afrique des Nations (CAN) 2023, le pre\u0301 ...","robots":{"index":"index","follow":"follow","max-snippet":"max-snippet:-1","max-image-preview":"max-image-preview:large","max-video-preview":"max-video-preview:-1"},"canonical":"https:\/\/www.africa-press.net\/cotedivoire\/politique\/apres-la-can-ouattara-fera-dimportantes-annonces-dici-la-fin-du-mois-de-fevrier-pour-preserver-le-climat-de-paix-et-de-cohesion","og_locale":"fr_FR","og_type":"article","og_title":"Apr\u00e8s la CAN, Ouattara fera d'importantes annonces d'ici la fin du mois de f\u00e9vrier, pour pr\u00e9server le climat de paix et de coh\u00e9sion","og_description":"Alassane Ouattara mercredi lors du conseil des ministres (DR) Apre\u0300s la Coupe d\u2019Afrique des Nations (CAN) 2023, le pre\u0301 ...","og_url":"https:\/\/www.africa-press.net\/cotedivoire\/politique\/apres-la-can-ouattara-fera-dimportantes-annonces-dici-la-fin-du-mois-de-fevrier-pour-preserver-le-climat-de-paix-et-de-cohesion","og_site_name":"C\u00f4te d&#039;Ivoire","article_published_time":"2024-02-16T17:13:25+00:00","article_modified_time":"2024-02-16T18:13:03+00:00","og_image":[{"width":720,"height":446,"url":"https:\/\/static.africa-press.net\/cote\/sites\/43\/2024\/02\/sm_1708093235.223013.jpg","type":"image\/jpeg"}],"author":"cfeditorfr","twitter_card":"summary_large_image","twitter_misc":{"\u00c9crit par":"cfeditorfr","Dur\u00e9e de lecture estim\u00e9e":"2 minutes"},"schema":{"@context":"https:\/\/schema.org","@graph":[{"@type":"Article","@id":"https:\/\/www.africa-press.net\/cotedivoire\/politique\/apres-la-can-ouattara-fera-dimportantes-annonces-dici-la-fin-du-mois-de-fevrier-pour-preserver-le-climat-de-paix-et-de-cohesion#article","isPartOf":{"@id":"https:\/\/www.africa-press.net\/cotedivoire\/politique\/apres-la-can-ouattara-fera-dimportantes-annonces-dici-la-fin-du-mois-de-fevrier-pour-preserver-le-climat-de-paix-et-de-cohesion"},"author":{"name":"cfeditorfr","@id":"https:\/\/www.africa-press.net\/cotedivoire\/#\/schema\/person\/2b1cf3cd81a31e3cd26889ca66d677f1"},"headline":"Apr\u00e8s la CAN, Ouattara fera d&rsquo;importantes annonces d&rsquo;ici la fin du mois de f\u00e9vrier, pour pr\u00e9server le climat de paix et de coh\u00e9sion","datePublished":"2024-02-16T17:13:25+00:00","dateModified":"2024-02-16T18:13:03+00:00","mainEntityOfPage":{"@id":"https:\/\/www.africa-press.net\/cotedivoire\/politique\/apres-la-can-ouattara-fera-dimportantes-annonces-dici-la-fin-du-mois-de-fevrier-pour-preserver-le-climat-de-paix-et-de-cohesion"},"wordCount":319,"commentCount":0,"image":{"@id":"https:\/\/www.africa-press.net\/cotedivoire\/politique\/apres-la-can-ouattara-fera-dimportantes-annonces-dici-la-fin-du-mois-de-fevrier-pour-preserver-le-climat-de-paix-et-de-cohesion#primaryimage"},"thumbnailUrl":"https:\/\/static.africa-press.net\/cote\/sites\/43\/2024\/02\/sm_1708093235.223013.jpg","keywords":["Africa Press","Africa Press-C\u00f4te d'Ivoire","Alassane Ouattara","annonces","CAN","coh\u00e9sion","Conseil","C\u00d4TE D'IVOIRE","ministres","paix","pr\u00e9sidentielle"],"articleSection":["Politique","Top Nouvelles","Toutes les actualit\u00e9s"],"inLanguage":"fr-FR","potentialAction":[{"@type":"CommentAction","name":"Comment","target":["https:\/\/www.africa-press.net\/cotedivoire\/politique\/apres-la-can-ouattara-fera-dimportantes-annonces-dici-la-fin-du-mois-de-fevrier-pour-preserver-le-climat-de-paix-et-de-cohesion#respond"]}]},{"@type":"WebPage","@id":"https:\/\/www.africa-press.net\/cotedivoire\/politique\/apres-la-can-ouattara-fera-dimportantes-annonces-dici-la-fin-du-mois-de-fevrier-pour-preserver-le-climat-de-paix-et-de-cohesion","url":"https:\/\/www.africa-press.net\/cotedivoire\/politique\/apres-la-can-ouattara-fera-dimportantes-annonces-dici-la-fin-du-mois-de-fevrier-pour-preserver-le-climat-de-paix-et-de-cohesion","name":"Apr\u00e8s la CAN, Ouattara fera d'importantes annonces d'ici la fin du mois de f\u00e9vrier, pour pr\u00e9server le climat de paix et de coh\u00e9sion - C\u00f4te d&#039;Ivoire","isPartOf":{"@id":"https:\/\/www.africa-press.net\/cotedivoire\/#website"},"primaryImageOfPage":{"@id":"https:\/\/www.africa-press.net\/cotedivoire\/politique\/apres-la-can-ouattara-fera-dimportantes-annonces-dici-la-fin-du-mois-de-fevrier-pour-preserver-le-climat-de-paix-et-de-cohesion#primaryimage"},"image":{"@id":"https:\/\/www.africa-press.net\/cotedivoire\/politique\/apres-la-can-ouattara-fera-dimportantes-annonces-dici-la-fin-du-mois-de-fevrier-pour-preserver-le-climat-de-paix-et-de-cohesion#primaryimage"},"thumbnailUrl":"https:\/\/static.africa-press.net\/cote\/sites\/43\/2024\/02\/sm_1708093235.223013.jpg","datePublished":"2024-02-16T17:13:25+00:00","dateModified":"2024-02-16T18:13:03+00:00","author":{"@id":"https:\/\/www.africa-press.net\/cotedivoire\/#\/schema\/person\/2b1cf3cd81a31e3cd26889ca66d677f1"},"description":"Alassane Ouattara mercredi lors du conseil des ministres (DR) Apre\u0300s la Coupe d\u2019Afrique des Nations (CAN) 2023, le pre\u0301 ...","breadcrumb":{"@id":"https:\/\/www.africa-press.net\/cotedivoire\/politique\/apres-la-can-ouattara-fera-dimportantes-annonces-dici-la-fin-du-mois-de-fevrier-pour-preserver-le-climat-de-paix-et-de-cohesion#breadcrumb"},"inLanguage":"fr-FR","potentialAction":[{"@type":"ReadAction","target":["https:\/\/www.africa-press.net\/cotedivoire\/politique\/apres-la-can-ouattara-fera-dimportantes-annonces-dici-la-fin-du-mois-de-fevrier-pour-preserver-le-climat-de-paix-et-de-cohesion"]}]},{"@type":"ImageObject","inLanguage":"fr-FR","@id":"https:\/\/www.africa-press.net\/cotedivoire\/politique\/apres-la-can-ouattara-fera-dimportantes-annonces-dici-la-fin-du-mois-de-fevrier-pour-preserver-le-climat-de-paix-et-de-cohesion#primaryimage","url":"https:\/\/static.africa-press.net\/cote\/sites\/43\/2024\/02\/sm_1708093235.223013.jpg","contentUrl":"https:\/\/static.africa-press.net\/cote\/sites\/43\/2024\/02\/sm_1708093235.223013.jpg","width":720,"height":446,"caption":"Apr\u00e8s la CAN, Ouattara fera d'importantes annonces d'ici la fin du mois de f\u00e9vrier, pour pr\u00e9server le climat de paix et de coh\u00e9sion"},{"@type":"BreadcrumbList","@id":"https:\/\/www.africa-press.net\/cotedivoire\/politique\/apres-la-can-ouattara-fera-dimportantes-annonces-dici-la-fin-du-mois-de-fevrier-pour-preserver-le-climat-de-paix-et-de-cohesion#breadcrumb","itemListElement":[{"@type":"ListItem","position":1,"name":"Accueil","item":"https:\/\/www.africa-press.net\/cotedivoire\/"},{"@type":"ListItem","position":2,"name":"Apr\u00e8s la CAN, Ouattara fera d&#8217;importantes annonces d&#8217;ici la fin du mois de f\u00e9vrier, pour pr\u00e9server le climat de paix et de coh\u00e9sion"}]},{"@type":"WebSite","@id":"https:\/\/www.africa-press.net\/cotedivoire\/#website","url":"https:\/\/www.africa-press.net\/cotedivoire\/","name":"C\u00f4te d&#039;Ivoire","description":"Just another Africa News Agency Sites site","potentialAction":[{"@type":"SearchAction","target":{"@type":"EntryPoint","urlTemplate":"https:\/\/www.africa-press.net\/cotedivoire\/?s={search_term_string}"},"query-input":{"@type":"PropertyValueSpecification","valueRequired":true,"valueName":"search_term_string"}}],"inLanguage":"fr-FR"},{"@type":"Person","@id":"https:\/\/www.africa-press.net\/cotedivoire\/#\/schema\/person\/2b1cf3cd81a31e3cd26889ca66d677f1","name":"cfeditorfr"}]}},"_links":{"self":[{"href":"https:\/\/www.africa-press.net\/cotedivoire\/wp-json\/wp\/v2\/posts\/74963","targetHints":{"allow":["GET"]}}],"collection":[{"href":"https:\/\/www.africa-press.net\/cotedivoire\/wp-json\/wp\/v2\/posts"}],"about":[{"href":"https:\/\/www.africa-press.net\/cotedivoire\/wp-json\/wp\/v2\/types\/post"}],"author":[{"embeddable":true,"href":"https:\/\/www.africa-press.net\/cotedivoire\/wp-json\/wp\/v2\/users\/82"}],"replies":[{"embeddable":true,"href":"https:\/\/www.africa-press.net\/cotedivoire\/wp-json\/wp\/v2\/comments?post=74963"}],"version-history":[{"count":0,"href":"https:\/\/www.africa-press.net\/cotedivoire\/wp-json\/wp\/v2\/posts\/74963\/revisions"}],"wp:featuredmedia":[{"embeddable":true,"href":"https:\/\/www.africa-press.net\/cotedivoire\/wp-json\/wp\/v2\/media\/74962"}],"wp:attachment":[{"href":"https:\/\/www.africa-press.net\/cotedivoire\/wp-json\/wp\/v2\/media?parent=74963"}],"wp:term":[{"taxonomy":"category","embeddable":true,"href":"https:\/\/www.africa-press.net\/cotedivoire\/wp-json\/wp\/v2\/categories?post=74963"},{"taxonomy":"post_tag","embeddable":true,"href":"https:\/\/www.africa-press.net\/cotedivoire\/wp-json\/wp\/v2\/tags?post=74963"}],"curies":[{"name":"wp","href":"https:\/\/api.w.org\/{rel}","templated":true}]}}