{"id":74986,"date":"2024-02-16T17:14:31","date_gmt":"2024-02-16T17:14:31","guid":{"rendered":"https:\/\/www.africa-press.net\/cotedivoire\/politique\/vers-lannulation-du-match-amical-entre-les-elephants-et-albicelestes-prevu-en-chine-au-mois-de-mars-a-cause-dune-affaire-messi"},"modified":"2024-02-16T19:12:10","modified_gmt":"2024-02-16T19:12:10","slug":"vers-lannulation-du-match-amical-entre-les-elephants-et-albicelestes-prevu-en-chine-au-mois-de-mars-a-cause-dune-affaire-messi","status":"publish","type":"post","link":"https:\/\/www.africa-press.net\/cotedivoire\/sports\/vers-lannulation-du-match-amical-entre-les-elephants-et-albicelestes-prevu-en-chine-au-mois-de-mars-a-cause-dune-affaire-messi","title":{"rendered":"Vers l&rsquo;annulation du match amical entre les \u00e9l\u00e9phants et Albicelestes pr\u00e9vu en Chine au mois de  mars \u00e0 cause d&rsquo;une affaire Messi"},"content":{"rendered":"<p><span style=\"color: #ff6600\"><strong>Africa-Press &#8211; C\u00f4te d&rsquo;Ivoire. <\/strong><\/span>Le match amical pre\u0301vu en mars prochain entre l\u2019Argentine et la Co\u0302te d\u2019Ivoire au stade des travailleurs de Pe\u0301kin en Chine n\u2019aura pas lieu.<\/p>\n<p>Pour cause, la Chine renonce a\u0300 accueillir les deux matchs amicaux de l\u2019e\u0301quipe d\u2019Argentine de football, pre\u0301vus contre le Nigeria a\u0300 Hangzhou puis la Co\u0302te d\u2019Ivoire a\u0300 Pe\u0301kin, dans le cadre d\u2019une tourne\u0301e de l\u2019Albiceleste du 18 au 26 mars, a\u0300 cause du comportement de la star Lionel Messi, tre\u0300s populaire dans le pays.<\/p>\n<p>Les autorite\u0301s chinoises et une bonne partie de la population n\u2019ont pas appre\u0301cie\u0301 du tout que l\u2019octuple Ballon d\u2019or reste sur le banc dimanche pendant un match amical de l\u2019Inter Miami contre une e\u0301quipe locale a\u0300 Hong Kong, territoire chinois semi-autonome. La star argentine avait invoque\u0301 une blessure.<\/p>\n<p>La Fe\u0301de\u0301ration Ivoirienne de Football (FIF) devra donc trouver un adversaire au groupe de Fae\u0301 Emerse lors de cette pe\u0301riode du calendrier FIFA&rsquo;&gt;FIFA.<\/p>\n<p><strong>Pour plus d&rsquo;informations et d&rsquo;analyses sur la <a href=\"https:\/\/www.africa-press.net\/cotedivoire\">C\u00f4te d&rsquo;Ivoire<\/a>, suivez <a href=\"https:\/\/www.africa-press.net\/\">Africa-Press<\/a><\/strong><\/p>\n","protected":false},"excerpt":{"rendered":"<p>Africa-Press &#8211; C\u00f4te d&rsquo;Ivoire. Le match amical pre\u0301vu en mars prochain entre l\u2019Argentine et la Co\u0302te d\u2019Ivoire au stade des travailleurs de Pe\u0301kin en Chine n\u2019aura pas lieu. Pour cause, la Chine renonce a\u0300 accueillir les deux matchs amicaux de l\u2019e\u0301quipe d\u2019Argentine de football, pre\u0301vus contre le Nigeria a\u0300 Hangzhou puis la Co\u0302te d\u2019Ivoire a\u0300 [&hellip;]<\/p>\n","protected":false},"author":82,"featured_media":74984,"comment_status":"open","ping_status":"closed","sticky":false,"template":"","format":"standard","meta":{"footnotes":""},"categories":[6,70,10],"tags":[56,63,12582,11498,268,29,526,859,569,12583,5921],"class_list":["post-74986","post","type-post","status-publish","format-standard","has-post-thumbnail","hentry","category-sports","category-to-homepage","category-toutes-les-actualites","tag-africa-press","tag-africa-press-cote-divoire","tag-albiclestes","tag-amical","tag-chine","tag-cote-divoire","tag-elephants","tag-fif","tag-fifa","tag-lionnel-messi","tag-pekin"],"yoast_head":"<!-- This site is optimized with the Yoast SEO Premium plugin v26.1 (Yoast SEO v27.0) - https:\/\/yoast.com\/product\/yoast-seo-premium-wordpress\/ -->\n<title>Vers l&#039;annulation du match amical entre les \u00e9l\u00e9phants et Albicelestes pr\u00e9vu en Chine au mois de mars \u00e0 cause d&#039;une affaire Messi - C\u00f4te d&#039;Ivoire<\/title>\n<meta name=\"description\" content=\"Le match amical pre\u0301vu en mars prochain entre l\u2019Argentine et la Co\u0302te d\u2019Ivoire au stade des travailleurs de Pe\u0301kin en Ch ...\" \/>\n<meta name=\"robots\" content=\"index, follow, max-snippet:-1, max-image-preview:large, max-video-preview:-1\" \/>\n<link rel=\"canonical\" href=\"https:\/\/www.africa-press.net\/cotedivoire\/sports\/vers-lannulation-du-match-amical-entre-les-elephants-et-albicelestes-prevu-en-chine-au-mois-de-mars-a-cause-dune-affaire-messi\" \/>\n<meta property=\"og:locale\" content=\"fr_FR\" \/>\n<meta property=\"og:type\" content=\"article\" \/>\n<meta property=\"og:title\" content=\"Vers l&#039;annulation du match amical entre les \u00e9l\u00e9phants et Albicelestes pr\u00e9vu en Chine au mois de mars \u00e0 cause d&#039;une affaire Messi\" \/>\n<meta property=\"og:description\" content=\"Le match amical pre\u0301vu en mars prochain entre l\u2019Argentine et la Co\u0302te d\u2019Ivoire au stade des travailleurs de Pe\u0301kin en Ch ...\" \/>\n<meta property=\"og:url\" content=\"https:\/\/www.africa-press.net\/cotedivoire\/sports\/vers-lannulation-du-match-amical-entre-les-elephants-et-albicelestes-prevu-en-chine-au-mois-de-mars-a-cause-dune-affaire-messi\" \/>\n<meta property=\"og:site_name\" content=\"C\u00f4te d&#039;Ivoire\" \/>\n<meta property=\"article:published_time\" content=\"2024-02-16T17:14:31+00:00\" \/>\n<meta property=\"article:modified_time\" content=\"2024-02-16T19:12:10+00:00\" \/>\n<meta property=\"og:image\" content=\"https:\/\/static.africa-press.net\/cote\/sites\/43\/2024\/02\/sm_1708097992.347942.jpg\" \/>\n\t<meta property=\"og:image:width\" content=\"720\" \/>\n\t<meta property=\"og:image:height\" content=\"416\" \/>\n\t<meta property=\"og:image:type\" content=\"image\/jpeg\" \/>\n<meta name=\"author\" content=\"cfeditorfr\" \/>\n<meta name=\"twitter:card\" content=\"summary_large_image\" \/>\n<meta name=\"twitter:label1\" content=\"\u00c9crit par\" \/>\n\t<meta name=\"twitter:data1\" content=\"cfeditorfr\" \/>\n\t<meta name=\"twitter:label2\" content=\"Dur\u00e9e de lecture estim\u00e9e\" \/>\n\t<meta name=\"twitter:data2\" content=\"2 minutes\" \/>\n<script type=\"application\/ld+json\" class=\"yoast-schema-graph\">{\"@context\":\"https:\/\/schema.org\",\"@graph\":[{\"@type\":\"Article\",\"@id\":\"https:\/\/www.africa-press.net\/cotedivoire\/sports\/vers-lannulation-du-match-amical-entre-les-elephants-et-albicelestes-prevu-en-chine-au-mois-de-mars-a-cause-dune-affaire-messi#article\",\"isPartOf\":{\"@id\":\"https:\/\/www.africa-press.net\/cotedivoire\/sports\/vers-lannulation-du-match-amical-entre-les-elephants-et-albicelestes-prevu-en-chine-au-mois-de-mars-a-cause-dune-affaire-messi\"},\"author\":{\"name\":\"cfeditorfr\",\"@id\":\"https:\/\/www.africa-press.net\/cotedivoire\/#\/schema\/person\/2b1cf3cd81a31e3cd26889ca66d677f1\"},\"headline\":\"Vers l&rsquo;annulation du match amical entre les \u00e9l\u00e9phants et Albicelestes pr\u00e9vu en Chine au mois de mars \u00e0 cause d&rsquo;une affaire Messi\",\"datePublished\":\"2024-02-16T17:14:31+00:00\",\"dateModified\":\"2024-02-16T19:12:10+00:00\",\"mainEntityOfPage\":{\"@id\":\"https:\/\/www.africa-press.net\/cotedivoire\/sports\/vers-lannulation-du-match-amical-entre-les-elephants-et-albicelestes-prevu-en-chine-au-mois-de-mars-a-cause-dune-affaire-messi\"},\"wordCount\":222,\"commentCount\":0,\"image\":{\"@id\":\"https:\/\/www.africa-press.net\/cotedivoire\/sports\/vers-lannulation-du-match-amical-entre-les-elephants-et-albicelestes-prevu-en-chine-au-mois-de-mars-a-cause-dune-affaire-messi#primaryimage\"},\"thumbnailUrl\":\"https:\/\/static.africa-press.net\/cote\/sites\/43\/2024\/02\/sm_1708097992.347942.jpg\",\"keywords\":[\"Africa Press\",\"Africa Press-C\u00f4te d'Ivoire\",\"Albiclestes\",\"amical\",\"chine\",\"C\u00d4TE D'IVOIRE\",\"\u00e9l\u00e9phants\",\"FIF\",\"FIFA\",\"Lionnel Messi\",\"P\u00e9kin\"],\"articleSection\":[\"Sports\",\"to-homepage\",\"Toutes les actualit\u00e9s\"],\"inLanguage\":\"fr-FR\",\"potentialAction\":[{\"@type\":\"CommentAction\",\"name\":\"Comment\",\"target\":[\"https:\/\/www.africa-press.net\/cotedivoire\/sports\/vers-lannulation-du-match-amical-entre-les-elephants-et-albicelestes-prevu-en-chine-au-mois-de-mars-a-cause-dune-affaire-messi#respond\"]}]},{\"@type\":\"WebPage\",\"@id\":\"https:\/\/www.africa-press.net\/cotedivoire\/sports\/vers-lannulation-du-match-amical-entre-les-elephants-et-albicelestes-prevu-en-chine-au-mois-de-mars-a-cause-dune-affaire-messi\",\"url\":\"https:\/\/www.africa-press.net\/cotedivoire\/sports\/vers-lannulation-du-match-amical-entre-les-elephants-et-albicelestes-prevu-en-chine-au-mois-de-mars-a-cause-dune-affaire-messi\",\"name\":\"Vers l'annulation du match amical entre les \u00e9l\u00e9phants et Albicelestes pr\u00e9vu en Chine au mois de mars \u00e0 cause d'une affaire Messi - C\u00f4te d&#039;Ivoire\",\"isPartOf\":{\"@id\":\"https:\/\/www.africa-press.net\/cotedivoire\/#website\"},\"primaryImageOfPage\":{\"@id\":\"https:\/\/www.africa-press.net\/cotedivoire\/sports\/vers-lannulation-du-match-amical-entre-les-elephants-et-albicelestes-prevu-en-chine-au-mois-de-mars-a-cause-dune-affaire-messi#primaryimage\"},\"image\":{\"@id\":\"https:\/\/www.africa-press.net\/cotedivoire\/sports\/vers-lannulation-du-match-amical-entre-les-elephants-et-albicelestes-prevu-en-chine-au-mois-de-mars-a-cause-dune-affaire-messi#primaryimage\"},\"thumbnailUrl\":\"https:\/\/static.africa-press.net\/cote\/sites\/43\/2024\/02\/sm_1708097992.347942.jpg\",\"datePublished\":\"2024-02-16T17:14:31+00:00\",\"dateModified\":\"2024-02-16T19:12:10+00:00\",\"author\":{\"@id\":\"https:\/\/www.africa-press.net\/cotedivoire\/#\/schema\/person\/2b1cf3cd81a31e3cd26889ca66d677f1\"},\"description\":\"Le match amical pre\u0301vu en mars prochain entre l\u2019Argentine et la Co\u0302te d\u2019Ivoire au stade des travailleurs de Pe\u0301kin en Ch ...\",\"breadcrumb\":{\"@id\":\"https:\/\/www.africa-press.net\/cotedivoire\/sports\/vers-lannulation-du-match-amical-entre-les-elephants-et-albicelestes-prevu-en-chine-au-mois-de-mars-a-cause-dune-affaire-messi#breadcrumb\"},\"inLanguage\":\"fr-FR\",\"potentialAction\":[{\"@type\":\"ReadAction\",\"target\":[\"https:\/\/www.africa-press.net\/cotedivoire\/sports\/vers-lannulation-du-match-amical-entre-les-elephants-et-albicelestes-prevu-en-chine-au-mois-de-mars-a-cause-dune-affaire-messi\"]}]},{\"@type\":\"ImageObject\",\"inLanguage\":\"fr-FR\",\"@id\":\"https:\/\/www.africa-press.net\/cotedivoire\/sports\/vers-lannulation-du-match-amical-entre-les-elephants-et-albicelestes-prevu-en-chine-au-mois-de-mars-a-cause-dune-affaire-messi#primaryimage\",\"url\":\"https:\/\/static.africa-press.net\/cote\/sites\/43\/2024\/02\/sm_1708097992.347942.jpg\",\"contentUrl\":\"https:\/\/static.africa-press.net\/cote\/sites\/43\/2024\/02\/sm_1708097992.347942.jpg\",\"width\":720,\"height\":416,\"caption\":\"Vers l'annulation du match amical entre les \u00e9l\u00e9phants et Albicelestes pr\u00e9vu en Chine au mois de mars \u00e0 cause d'une affaire Messi\"},{\"@type\":\"BreadcrumbList\",\"@id\":\"https:\/\/www.africa-press.net\/cotedivoire\/sports\/vers-lannulation-du-match-amical-entre-les-elephants-et-albicelestes-prevu-en-chine-au-mois-de-mars-a-cause-dune-affaire-messi#breadcrumb\",\"itemListElement\":[{\"@type\":\"ListItem\",\"position\":1,\"name\":\"Accueil\",\"item\":\"https:\/\/www.africa-press.net\/cotedivoire\/\"},{\"@type\":\"ListItem\",\"position\":2,\"name\":\"Vers l&#8217;annulation du match amical entre les \u00e9l\u00e9phants et Albicelestes pr\u00e9vu en Chine au mois de mars \u00e0 cause d&#8217;une affaire Messi\"}]},{\"@type\":\"WebSite\",\"@id\":\"https:\/\/www.africa-press.net\/cotedivoire\/#website\",\"url\":\"https:\/\/www.africa-press.net\/cotedivoire\/\",\"name\":\"C\u00f4te d&#039;Ivoire\",\"description\":\"Just another Africa News Agency Sites site\",\"potentialAction\":[{\"@type\":\"SearchAction\",\"target\":{\"@type\":\"EntryPoint\",\"urlTemplate\":\"https:\/\/www.africa-press.net\/cotedivoire\/?s={search_term_string}\"},\"query-input\":{\"@type\":\"PropertyValueSpecification\",\"valueRequired\":true,\"valueName\":\"search_term_string\"}}],\"inLanguage\":\"fr-FR\"},{\"@type\":\"Person\",\"@id\":\"https:\/\/www.africa-press.net\/cotedivoire\/#\/schema\/person\/2b1cf3cd81a31e3cd26889ca66d677f1\",\"name\":\"cfeditorfr\"}]}<\/script>\n<!-- \/ Yoast SEO Premium plugin. -->","yoast_head_json":{"title":"Vers l'annulation du match amical entre les \u00e9l\u00e9phants et Albicelestes pr\u00e9vu en Chine au mois de mars \u00e0 cause d'une affaire Messi - C\u00f4te d&#039;Ivoire","description":"Le match amical pre\u0301vu en mars prochain entre l\u2019Argentine et la Co\u0302te d\u2019Ivoire au stade des travailleurs de Pe\u0301kin en Ch ...","robots":{"index":"index","follow":"follow","max-snippet":"max-snippet:-1","max-image-preview":"max-image-preview:large","max-video-preview":"max-video-preview:-1"},"canonical":"https:\/\/www.africa-press.net\/cotedivoire\/sports\/vers-lannulation-du-match-amical-entre-les-elephants-et-albicelestes-prevu-en-chine-au-mois-de-mars-a-cause-dune-affaire-messi","og_locale":"fr_FR","og_type":"article","og_title":"Vers l'annulation du match amical entre les \u00e9l\u00e9phants et Albicelestes pr\u00e9vu en Chine au mois de mars \u00e0 cause d'une affaire Messi","og_description":"Le match amical pre\u0301vu en mars prochain entre l\u2019Argentine et la Co\u0302te d\u2019Ivoire au stade des travailleurs de Pe\u0301kin en Ch ...","og_url":"https:\/\/www.africa-press.net\/cotedivoire\/sports\/vers-lannulation-du-match-amical-entre-les-elephants-et-albicelestes-prevu-en-chine-au-mois-de-mars-a-cause-dune-affaire-messi","og_site_name":"C\u00f4te d&#039;Ivoire","article_published_time":"2024-02-16T17:14:31+00:00","article_modified_time":"2024-02-16T19:12:10+00:00","og_image":[{"width":720,"height":416,"url":"https:\/\/static.africa-press.net\/cote\/sites\/43\/2024\/02\/sm_1708097992.347942.jpg","type":"image\/jpeg"}],"author":"cfeditorfr","twitter_card":"summary_large_image","twitter_misc":{"\u00c9crit par":"cfeditorfr","Dur\u00e9e de lecture estim\u00e9e":"2 minutes"},"schema":{"@context":"https:\/\/schema.org","@graph":[{"@type":"Article","@id":"https:\/\/www.africa-press.net\/cotedivoire\/sports\/vers-lannulation-du-match-amical-entre-les-elephants-et-albicelestes-prevu-en-chine-au-mois-de-mars-a-cause-dune-affaire-messi#article","isPartOf":{"@id":"https:\/\/www.africa-press.net\/cotedivoire\/sports\/vers-lannulation-du-match-amical-entre-les-elephants-et-albicelestes-prevu-en-chine-au-mois-de-mars-a-cause-dune-affaire-messi"},"author":{"name":"cfeditorfr","@id":"https:\/\/www.africa-press.net\/cotedivoire\/#\/schema\/person\/2b1cf3cd81a31e3cd26889ca66d677f1"},"headline":"Vers l&rsquo;annulation du match amical entre les \u00e9l\u00e9phants et Albicelestes pr\u00e9vu en Chine au mois de mars \u00e0 cause d&rsquo;une affaire Messi","datePublished":"2024-02-16T17:14:31+00:00","dateModified":"2024-02-16T19:12:10+00:00","mainEntityOfPage":{"@id":"https:\/\/www.africa-press.net\/cotedivoire\/sports\/vers-lannulation-du-match-amical-entre-les-elephants-et-albicelestes-prevu-en-chine-au-mois-de-mars-a-cause-dune-affaire-messi"},"wordCount":222,"commentCount":0,"image":{"@id":"https:\/\/www.africa-press.net\/cotedivoire\/sports\/vers-lannulation-du-match-amical-entre-les-elephants-et-albicelestes-prevu-en-chine-au-mois-de-mars-a-cause-dune-affaire-messi#primaryimage"},"thumbnailUrl":"https:\/\/static.africa-press.net\/cote\/sites\/43\/2024\/02\/sm_1708097992.347942.jpg","keywords":["Africa Press","Africa Press-C\u00f4te d'Ivoire","Albiclestes","amical","chine","C\u00d4TE D'IVOIRE","\u00e9l\u00e9phants","FIF","FIFA","Lionnel Messi","P\u00e9kin"],"articleSection":["Sports","to-homepage","Toutes les actualit\u00e9s"],"inLanguage":"fr-FR","potentialAction":[{"@type":"CommentAction","name":"Comment","target":["https:\/\/www.africa-press.net\/cotedivoire\/sports\/vers-lannulation-du-match-amical-entre-les-elephants-et-albicelestes-prevu-en-chine-au-mois-de-mars-a-cause-dune-affaire-messi#respond"]}]},{"@type":"WebPage","@id":"https:\/\/www.africa-press.net\/cotedivoire\/sports\/vers-lannulation-du-match-amical-entre-les-elephants-et-albicelestes-prevu-en-chine-au-mois-de-mars-a-cause-dune-affaire-messi","url":"https:\/\/www.africa-press.net\/cotedivoire\/sports\/vers-lannulation-du-match-amical-entre-les-elephants-et-albicelestes-prevu-en-chine-au-mois-de-mars-a-cause-dune-affaire-messi","name":"Vers l'annulation du match amical entre les \u00e9l\u00e9phants et Albicelestes pr\u00e9vu en Chine au mois de mars \u00e0 cause d'une affaire Messi - C\u00f4te d&#039;Ivoire","isPartOf":{"@id":"https:\/\/www.africa-press.net\/cotedivoire\/#website"},"primaryImageOfPage":{"@id":"https:\/\/www.africa-press.net\/cotedivoire\/sports\/vers-lannulation-du-match-amical-entre-les-elephants-et-albicelestes-prevu-en-chine-au-mois-de-mars-a-cause-dune-affaire-messi#primaryimage"},"image":{"@id":"https:\/\/www.africa-press.net\/cotedivoire\/sports\/vers-lannulation-du-match-amical-entre-les-elephants-et-albicelestes-prevu-en-chine-au-mois-de-mars-a-cause-dune-affaire-messi#primaryimage"},"thumbnailUrl":"https:\/\/static.africa-press.net\/cote\/sites\/43\/2024\/02\/sm_1708097992.347942.jpg","datePublished":"2024-02-16T17:14:31+00:00","dateModified":"2024-02-16T19:12:10+00:00","author":{"@id":"https:\/\/www.africa-press.net\/cotedivoire\/#\/schema\/person\/2b1cf3cd81a31e3cd26889ca66d677f1"},"description":"Le match amical pre\u0301vu en mars prochain entre l\u2019Argentine et la Co\u0302te d\u2019Ivoire au stade des travailleurs de Pe\u0301kin en Ch ...","breadcrumb":{"@id":"https:\/\/www.africa-press.net\/cotedivoire\/sports\/vers-lannulation-du-match-amical-entre-les-elephants-et-albicelestes-prevu-en-chine-au-mois-de-mars-a-cause-dune-affaire-messi#breadcrumb"},"inLanguage":"fr-FR","potentialAction":[{"@type":"ReadAction","target":["https:\/\/www.africa-press.net\/cotedivoire\/sports\/vers-lannulation-du-match-amical-entre-les-elephants-et-albicelestes-prevu-en-chine-au-mois-de-mars-a-cause-dune-affaire-messi"]}]},{"@type":"ImageObject","inLanguage":"fr-FR","@id":"https:\/\/www.africa-press.net\/cotedivoire\/sports\/vers-lannulation-du-match-amical-entre-les-elephants-et-albicelestes-prevu-en-chine-au-mois-de-mars-a-cause-dune-affaire-messi#primaryimage","url":"https:\/\/static.africa-press.net\/cote\/sites\/43\/2024\/02\/sm_1708097992.347942.jpg","contentUrl":"https:\/\/static.africa-press.net\/cote\/sites\/43\/2024\/02\/sm_1708097992.347942.jpg","width":720,"height":416,"caption":"Vers l'annulation du match amical entre les \u00e9l\u00e9phants et Albicelestes pr\u00e9vu en Chine au mois de mars \u00e0 cause d'une affaire Messi"},{"@type":"BreadcrumbList","@id":"https:\/\/www.africa-press.net\/cotedivoire\/sports\/vers-lannulation-du-match-amical-entre-les-elephants-et-albicelestes-prevu-en-chine-au-mois-de-mars-a-cause-dune-affaire-messi#breadcrumb","itemListElement":[{"@type":"ListItem","position":1,"name":"Accueil","item":"https:\/\/www.africa-press.net\/cotedivoire\/"},{"@type":"ListItem","position":2,"name":"Vers l&#8217;annulation du match amical entre les \u00e9l\u00e9phants et Albicelestes pr\u00e9vu en Chine au mois de mars \u00e0 cause d&#8217;une affaire Messi"}]},{"@type":"WebSite","@id":"https:\/\/www.africa-press.net\/cotedivoire\/#website","url":"https:\/\/www.africa-press.net\/cotedivoire\/","name":"C\u00f4te d&#039;Ivoire","description":"Just another Africa News Agency Sites site","potentialAction":[{"@type":"SearchAction","target":{"@type":"EntryPoint","urlTemplate":"https:\/\/www.africa-press.net\/cotedivoire\/?s={search_term_string}"},"query-input":{"@type":"PropertyValueSpecification","valueRequired":true,"valueName":"search_term_string"}}],"inLanguage":"fr-FR"},{"@type":"Person","@id":"https:\/\/www.africa-press.net\/cotedivoire\/#\/schema\/person\/2b1cf3cd81a31e3cd26889ca66d677f1","name":"cfeditorfr"}]}},"_links":{"self":[{"href":"https:\/\/www.africa-press.net\/cotedivoire\/wp-json\/wp\/v2\/posts\/74986","targetHints":{"allow":["GET"]}}],"collection":[{"href":"https:\/\/www.africa-press.net\/cotedivoire\/wp-json\/wp\/v2\/posts"}],"about":[{"href":"https:\/\/www.africa-press.net\/cotedivoire\/wp-json\/wp\/v2\/types\/post"}],"author":[{"embeddable":true,"href":"https:\/\/www.africa-press.net\/cotedivoire\/wp-json\/wp\/v2\/users\/82"}],"replies":[{"embeddable":true,"href":"https:\/\/www.africa-press.net\/cotedivoire\/wp-json\/wp\/v2\/comments?post=74986"}],"version-history":[{"count":0,"href":"https:\/\/www.africa-press.net\/cotedivoire\/wp-json\/wp\/v2\/posts\/74986\/revisions"}],"wp:featuredmedia":[{"embeddable":true,"href":"https:\/\/www.africa-press.net\/cotedivoire\/wp-json\/wp\/v2\/media\/74984"}],"wp:attachment":[{"href":"https:\/\/www.africa-press.net\/cotedivoire\/wp-json\/wp\/v2\/media?parent=74986"}],"wp:term":[{"taxonomy":"category","embeddable":true,"href":"https:\/\/www.africa-press.net\/cotedivoire\/wp-json\/wp\/v2\/categories?post=74986"},{"taxonomy":"post_tag","embeddable":true,"href":"https:\/\/www.africa-press.net\/cotedivoire\/wp-json\/wp\/v2\/tags?post=74986"}],"curies":[{"name":"wp","href":"https:\/\/api.w.org\/{rel}","templated":true}]}}