{"id":75145,"date":"2024-02-20T17:05:49","date_gmt":"2024-02-20T17:05:49","guid":{"rendered":"https:\/\/www.africa-press.net\/cotedivoire\/politique\/la-fesci-se-dote-dune-charte-de-bonne-conduite-dont-le-rejet-de-la-violence-et-le-non-melange-de-la-politique-avec-ses-activites"},"modified":"2024-02-20T18:25:14","modified_gmt":"2024-02-20T18:25:14","slug":"la-fesci-se-dote-dune-charte-de-bonne-conduite-dont-le-rejet-de-la-violence-et-le-non-melange-de-la-politique-avec-ses-activites","status":"publish","type":"post","link":"https:\/\/www.africa-press.net\/cotedivoire\/toutes-les-actualites\/la-fesci-se-dote-dune-charte-de-bonne-conduite-dont-le-rejet-de-la-violence-et-le-non-melange-de-la-politique-avec-ses-activites","title":{"rendered":"La  FESCI se dote d&rsquo;une charte de bonne conduite dont le rejet de la violence et le non m\u00e9lange de la politique avec ses activit\u00e9s"},"content":{"rendered":"<p><span style=\"color: #ff6600\"><strong>Africa-Press &#8211; C\u00f4te d&rsquo;Ivoire. <\/strong><\/span>Apre\u0300s la ce\u0301re\u0301monie d\u2019investiture samedi dernier de son secre\u0301taire ge\u0301ne\u0301ral, Kambou Sie\u0301, la Fe\u0301de\u0301ration Estudiantine et Scolaire de Co\u0302te d\u2019Ivoire (FESCI) se dote d\u2019une charge de bonne conduite.<\/p>\n<p>Le nouveau responsable de la FESCI a inscrit son mandat sous l&rsquo;e\u0301gide de la mue et de la gestion participative et efficiente de l&rsquo;e\u0301cole.<\/p>\n<p>Afin d&rsquo;atteindre les objectifs, il a e\u0301tabli, avec le consentement unanime, une charte de bonne conduite destine\u0301e a\u0300 l&rsquo;ensemble des membres de la FESCI.<\/p>\n<p>Ladite charte serait en parfaite ade\u0301quation avec les re\u0300glements inte\u0301rieurs du principal syndicat scolaire et estudiantin de Co\u0302te d\u2019Ivoire.<\/p>\n<p>Le document est en 11 articles: L\u2019engagement des dirigeants ; les principes fondamentaux ; le processus de\u0301cisionnel ; la gestion financie\u0300re inte\u0300gre et prohibition de l\u2019escroquerie ; Non me\u0301lange de de la politique et de la probite\u0301 morale ; Rejet de l\u2019utilisation de la violence ; relations externes ; respect des droits et liberte\u0301s ; solidarite\u0301 et bienveillance ; mode\u0300les exemplaires et morale ; Signature et validite\u0301.<\/p>\n<p><strong>Pour plus d&rsquo;informations et d&rsquo;analyses sur la <a href=\"https:\/\/www.africa-press.net\/cotedivoire\">C\u00f4te d&rsquo;Ivoire<\/a>, suivez <a href=\"https:\/\/www.africa-press.net\/\">Africa-Press<\/a><\/strong><\/p>\n","protected":false},"excerpt":{"rendered":"<p>Africa-Press &#8211; C\u00f4te d&rsquo;Ivoire. Apre\u0300s la ce\u0301re\u0301monie d\u2019investiture samedi dernier de son secre\u0301taire ge\u0301ne\u0301ral, Kambou Sie\u0301, la Fe\u0301de\u0301ration Estudiantine et Scolaire de Co\u0302te d\u2019Ivoire (FESCI) se dote d\u2019une charge de bonne conduite. Le nouveau responsable de la FESCI a inscrit son mandat sous l&rsquo;e\u0301gide de la mue et de la gestion participative et efficiente de [&hellip;]<\/p>\n","protected":false},"author":82,"featured_media":75144,"comment_status":"open","ping_status":"closed","sticky":false,"template":"","format":"standard","meta":{"footnotes":""},"categories":[21,10],"tags":[56,63,9915,12610,29,1015,12593,60,1980],"class_list":["post-75145","post","type-post","status-publish","format-standard","has-post-thumbnail","hentry","category-communaute","category-toutes-les-actualites","tag-africa-press","tag-africa-press-cote-divoire","tag-bonne-conduite","tag-charte","tag-cote-divoire","tag-fesci","tag-kambou-sie","tag-politique","tag-violence"],"yoast_head":"<!-- This site is optimized with the Yoast SEO Premium plugin v26.1 (Yoast SEO v27.0) - https:\/\/yoast.com\/product\/yoast-seo-premium-wordpress\/ -->\n<title>La FESCI se dote d&#039;une charte de bonne conduite dont le rejet de la violence et le non m\u00e9lange de la politique avec ses activit\u00e9s - C\u00f4te d&#039;Ivoire<\/title>\n<meta name=\"description\" content=\"Apre\u0300s la ce\u0301re\u0301monie d\u2019investiture samedi dernier de son secre\u0301taire ge\u0301ne\u0301ral, Kambou Sie\u0301, la Fe\u0301de\u0301ration Estudianti ...\" \/>\n<meta name=\"robots\" content=\"index, follow, max-snippet:-1, max-image-preview:large, max-video-preview:-1\" \/>\n<link rel=\"canonical\" href=\"https:\/\/www.africa-press.net\/cotedivoire\/toutes-les-actualites\/la-fesci-se-dote-dune-charte-de-bonne-conduite-dont-le-rejet-de-la-violence-et-le-non-melange-de-la-politique-avec-ses-activites\" \/>\n<meta property=\"og:locale\" content=\"fr_FR\" \/>\n<meta property=\"og:type\" content=\"article\" \/>\n<meta property=\"og:title\" content=\"La FESCI se dote d&#039;une charte de bonne conduite dont le rejet de la violence et le non m\u00e9lange de la politique avec ses activit\u00e9s\" \/>\n<meta property=\"og:description\" content=\"Apre\u0300s la ce\u0301re\u0301monie d\u2019investiture samedi dernier de son secre\u0301taire ge\u0301ne\u0301ral, Kambou Sie\u0301, la Fe\u0301de\u0301ration Estudianti ...\" \/>\n<meta property=\"og:url\" content=\"https:\/\/www.africa-press.net\/cotedivoire\/toutes-les-actualites\/la-fesci-se-dote-dune-charte-de-bonne-conduite-dont-le-rejet-de-la-violence-et-le-non-melange-de-la-politique-avec-ses-activites\" \/>\n<meta property=\"og:site_name\" content=\"C\u00f4te d&#039;Ivoire\" \/>\n<meta property=\"article:published_time\" content=\"2024-02-20T17:05:49+00:00\" \/>\n<meta property=\"article:modified_time\" content=\"2024-02-20T18:25:14+00:00\" \/>\n<meta property=\"og:image\" content=\"https:\/\/static.africa-press.net\/cote\/sites\/43\/2024\/02\/sm_1708440308.747542.jpg\" \/>\n\t<meta property=\"og:image:width\" content=\"720\" \/>\n\t<meta property=\"og:image:height\" content=\"447\" \/>\n\t<meta property=\"og:image:type\" content=\"image\/jpeg\" \/>\n<meta name=\"author\" content=\"cfeditorfr\" \/>\n<meta name=\"twitter:card\" content=\"summary_large_image\" \/>\n<meta name=\"twitter:label1\" content=\"\u00c9crit par\" \/>\n\t<meta name=\"twitter:data1\" content=\"cfeditorfr\" \/>\n\t<meta name=\"twitter:label2\" content=\"Dur\u00e9e de lecture estim\u00e9e\" \/>\n\t<meta name=\"twitter:data2\" content=\"2 minutes\" \/>\n<script type=\"application\/ld+json\" class=\"yoast-schema-graph\">{\"@context\":\"https:\/\/schema.org\",\"@graph\":[{\"@type\":\"Article\",\"@id\":\"https:\/\/www.africa-press.net\/cotedivoire\/toutes-les-actualites\/la-fesci-se-dote-dune-charte-de-bonne-conduite-dont-le-rejet-de-la-violence-et-le-non-melange-de-la-politique-avec-ses-activites#article\",\"isPartOf\":{\"@id\":\"https:\/\/www.africa-press.net\/cotedivoire\/toutes-les-actualites\/la-fesci-se-dote-dune-charte-de-bonne-conduite-dont-le-rejet-de-la-violence-et-le-non-melange-de-la-politique-avec-ses-activites\"},\"author\":{\"name\":\"cfeditorfr\",\"@id\":\"https:\/\/www.africa-press.net\/cotedivoire\/#\/schema\/person\/2b1cf3cd81a31e3cd26889ca66d677f1\"},\"headline\":\"La FESCI se dote d&rsquo;une charte de bonne conduite dont le rejet de la violence et le non m\u00e9lange de la politique avec ses activit\u00e9s\",\"datePublished\":\"2024-02-20T17:05:49+00:00\",\"dateModified\":\"2024-02-20T18:25:14+00:00\",\"mainEntityOfPage\":{\"@id\":\"https:\/\/www.africa-press.net\/cotedivoire\/toutes-les-actualites\/la-fesci-se-dote-dune-charte-de-bonne-conduite-dont-le-rejet-de-la-violence-et-le-non-melange-de-la-politique-avec-ses-activites\"},\"wordCount\":234,\"commentCount\":0,\"image\":{\"@id\":\"https:\/\/www.africa-press.net\/cotedivoire\/toutes-les-actualites\/la-fesci-se-dote-dune-charte-de-bonne-conduite-dont-le-rejet-de-la-violence-et-le-non-melange-de-la-politique-avec-ses-activites#primaryimage\"},\"thumbnailUrl\":\"https:\/\/static.africa-press.net\/cote\/sites\/43\/2024\/02\/sm_1708440308.747542.jpg\",\"keywords\":[\"Africa Press\",\"Africa Press-C\u00f4te d'Ivoire\",\"bonne conduite\",\"charte\",\"C\u00d4TE D'IVOIRE\",\"Fesci\",\"Kambou Si\u00e9\",\"Politique\",\"violence\"],\"articleSection\":[\"Communaut\u00e9\",\"Toutes les actualit\u00e9s\"],\"inLanguage\":\"fr-FR\",\"potentialAction\":[{\"@type\":\"CommentAction\",\"name\":\"Comment\",\"target\":[\"https:\/\/www.africa-press.net\/cotedivoire\/toutes-les-actualites\/la-fesci-se-dote-dune-charte-de-bonne-conduite-dont-le-rejet-de-la-violence-et-le-non-melange-de-la-politique-avec-ses-activites#respond\"]}]},{\"@type\":\"WebPage\",\"@id\":\"https:\/\/www.africa-press.net\/cotedivoire\/toutes-les-actualites\/la-fesci-se-dote-dune-charte-de-bonne-conduite-dont-le-rejet-de-la-violence-et-le-non-melange-de-la-politique-avec-ses-activites\",\"url\":\"https:\/\/www.africa-press.net\/cotedivoire\/toutes-les-actualites\/la-fesci-se-dote-dune-charte-de-bonne-conduite-dont-le-rejet-de-la-violence-et-le-non-melange-de-la-politique-avec-ses-activites\",\"name\":\"La FESCI se dote d'une charte de bonne conduite dont le rejet de la violence et le non m\u00e9lange de la politique avec ses activit\u00e9s - C\u00f4te d&#039;Ivoire\",\"isPartOf\":{\"@id\":\"https:\/\/www.africa-press.net\/cotedivoire\/#website\"},\"primaryImageOfPage\":{\"@id\":\"https:\/\/www.africa-press.net\/cotedivoire\/toutes-les-actualites\/la-fesci-se-dote-dune-charte-de-bonne-conduite-dont-le-rejet-de-la-violence-et-le-non-melange-de-la-politique-avec-ses-activites#primaryimage\"},\"image\":{\"@id\":\"https:\/\/www.africa-press.net\/cotedivoire\/toutes-les-actualites\/la-fesci-se-dote-dune-charte-de-bonne-conduite-dont-le-rejet-de-la-violence-et-le-non-melange-de-la-politique-avec-ses-activites#primaryimage\"},\"thumbnailUrl\":\"https:\/\/static.africa-press.net\/cote\/sites\/43\/2024\/02\/sm_1708440308.747542.jpg\",\"datePublished\":\"2024-02-20T17:05:49+00:00\",\"dateModified\":\"2024-02-20T18:25:14+00:00\",\"author\":{\"@id\":\"https:\/\/www.africa-press.net\/cotedivoire\/#\/schema\/person\/2b1cf3cd81a31e3cd26889ca66d677f1\"},\"description\":\"Apre\u0300s la ce\u0301re\u0301monie d\u2019investiture samedi dernier de son secre\u0301taire ge\u0301ne\u0301ral, Kambou Sie\u0301, la Fe\u0301de\u0301ration Estudianti ...\",\"breadcrumb\":{\"@id\":\"https:\/\/www.africa-press.net\/cotedivoire\/toutes-les-actualites\/la-fesci-se-dote-dune-charte-de-bonne-conduite-dont-le-rejet-de-la-violence-et-le-non-melange-de-la-politique-avec-ses-activites#breadcrumb\"},\"inLanguage\":\"fr-FR\",\"potentialAction\":[{\"@type\":\"ReadAction\",\"target\":[\"https:\/\/www.africa-press.net\/cotedivoire\/toutes-les-actualites\/la-fesci-se-dote-dune-charte-de-bonne-conduite-dont-le-rejet-de-la-violence-et-le-non-melange-de-la-politique-avec-ses-activites\"]}]},{\"@type\":\"ImageObject\",\"inLanguage\":\"fr-FR\",\"@id\":\"https:\/\/www.africa-press.net\/cotedivoire\/toutes-les-actualites\/la-fesci-se-dote-dune-charte-de-bonne-conduite-dont-le-rejet-de-la-violence-et-le-non-melange-de-la-politique-avec-ses-activites#primaryimage\",\"url\":\"https:\/\/static.africa-press.net\/cote\/sites\/43\/2024\/02\/sm_1708440308.747542.jpg\",\"contentUrl\":\"https:\/\/static.africa-press.net\/cote\/sites\/43\/2024\/02\/sm_1708440308.747542.jpg\",\"width\":720,\"height\":447,\"caption\":\"La FESCI se dote d'une charte de bonne conduite dont le rejet de la violence et le non m\u00e9lange de la politique avec ses activit\u00e9s\"},{\"@type\":\"BreadcrumbList\",\"@id\":\"https:\/\/www.africa-press.net\/cotedivoire\/toutes-les-actualites\/la-fesci-se-dote-dune-charte-de-bonne-conduite-dont-le-rejet-de-la-violence-et-le-non-melange-de-la-politique-avec-ses-activites#breadcrumb\",\"itemListElement\":[{\"@type\":\"ListItem\",\"position\":1,\"name\":\"Accueil\",\"item\":\"https:\/\/www.africa-press.net\/cotedivoire\/\"},{\"@type\":\"ListItem\",\"position\":2,\"name\":\"La FESCI se dote d&#8217;une charte de bonne conduite dont le rejet de la violence et le non m\u00e9lange de la politique avec ses activit\u00e9s\"}]},{\"@type\":\"WebSite\",\"@id\":\"https:\/\/www.africa-press.net\/cotedivoire\/#website\",\"url\":\"https:\/\/www.africa-press.net\/cotedivoire\/\",\"name\":\"C\u00f4te d&#039;Ivoire\",\"description\":\"Just another Africa News Agency Sites site\",\"potentialAction\":[{\"@type\":\"SearchAction\",\"target\":{\"@type\":\"EntryPoint\",\"urlTemplate\":\"https:\/\/www.africa-press.net\/cotedivoire\/?s={search_term_string}\"},\"query-input\":{\"@type\":\"PropertyValueSpecification\",\"valueRequired\":true,\"valueName\":\"search_term_string\"}}],\"inLanguage\":\"fr-FR\"},{\"@type\":\"Person\",\"@id\":\"https:\/\/www.africa-press.net\/cotedivoire\/#\/schema\/person\/2b1cf3cd81a31e3cd26889ca66d677f1\",\"name\":\"cfeditorfr\"}]}<\/script>\n<!-- \/ Yoast SEO Premium plugin. -->","yoast_head_json":{"title":"La FESCI se dote d'une charte de bonne conduite dont le rejet de la violence et le non m\u00e9lange de la politique avec ses activit\u00e9s - C\u00f4te d&#039;Ivoire","description":"Apre\u0300s la ce\u0301re\u0301monie d\u2019investiture samedi dernier de son secre\u0301taire ge\u0301ne\u0301ral, Kambou Sie\u0301, la Fe\u0301de\u0301ration Estudianti ...","robots":{"index":"index","follow":"follow","max-snippet":"max-snippet:-1","max-image-preview":"max-image-preview:large","max-video-preview":"max-video-preview:-1"},"canonical":"https:\/\/www.africa-press.net\/cotedivoire\/toutes-les-actualites\/la-fesci-se-dote-dune-charte-de-bonne-conduite-dont-le-rejet-de-la-violence-et-le-non-melange-de-la-politique-avec-ses-activites","og_locale":"fr_FR","og_type":"article","og_title":"La FESCI se dote d'une charte de bonne conduite dont le rejet de la violence et le non m\u00e9lange de la politique avec ses activit\u00e9s","og_description":"Apre\u0300s la ce\u0301re\u0301monie d\u2019investiture samedi dernier de son secre\u0301taire ge\u0301ne\u0301ral, Kambou Sie\u0301, la Fe\u0301de\u0301ration Estudianti ...","og_url":"https:\/\/www.africa-press.net\/cotedivoire\/toutes-les-actualites\/la-fesci-se-dote-dune-charte-de-bonne-conduite-dont-le-rejet-de-la-violence-et-le-non-melange-de-la-politique-avec-ses-activites","og_site_name":"C\u00f4te d&#039;Ivoire","article_published_time":"2024-02-20T17:05:49+00:00","article_modified_time":"2024-02-20T18:25:14+00:00","og_image":[{"width":720,"height":447,"url":"https:\/\/static.africa-press.net\/cote\/sites\/43\/2024\/02\/sm_1708440308.747542.jpg","type":"image\/jpeg"}],"author":"cfeditorfr","twitter_card":"summary_large_image","twitter_misc":{"\u00c9crit par":"cfeditorfr","Dur\u00e9e de lecture estim\u00e9e":"2 minutes"},"schema":{"@context":"https:\/\/schema.org","@graph":[{"@type":"Article","@id":"https:\/\/www.africa-press.net\/cotedivoire\/toutes-les-actualites\/la-fesci-se-dote-dune-charte-de-bonne-conduite-dont-le-rejet-de-la-violence-et-le-non-melange-de-la-politique-avec-ses-activites#article","isPartOf":{"@id":"https:\/\/www.africa-press.net\/cotedivoire\/toutes-les-actualites\/la-fesci-se-dote-dune-charte-de-bonne-conduite-dont-le-rejet-de-la-violence-et-le-non-melange-de-la-politique-avec-ses-activites"},"author":{"name":"cfeditorfr","@id":"https:\/\/www.africa-press.net\/cotedivoire\/#\/schema\/person\/2b1cf3cd81a31e3cd26889ca66d677f1"},"headline":"La FESCI se dote d&rsquo;une charte de bonne conduite dont le rejet de la violence et le non m\u00e9lange de la politique avec ses activit\u00e9s","datePublished":"2024-02-20T17:05:49+00:00","dateModified":"2024-02-20T18:25:14+00:00","mainEntityOfPage":{"@id":"https:\/\/www.africa-press.net\/cotedivoire\/toutes-les-actualites\/la-fesci-se-dote-dune-charte-de-bonne-conduite-dont-le-rejet-de-la-violence-et-le-non-melange-de-la-politique-avec-ses-activites"},"wordCount":234,"commentCount":0,"image":{"@id":"https:\/\/www.africa-press.net\/cotedivoire\/toutes-les-actualites\/la-fesci-se-dote-dune-charte-de-bonne-conduite-dont-le-rejet-de-la-violence-et-le-non-melange-de-la-politique-avec-ses-activites#primaryimage"},"thumbnailUrl":"https:\/\/static.africa-press.net\/cote\/sites\/43\/2024\/02\/sm_1708440308.747542.jpg","keywords":["Africa Press","Africa Press-C\u00f4te d'Ivoire","bonne conduite","charte","C\u00d4TE D'IVOIRE","Fesci","Kambou Si\u00e9","Politique","violence"],"articleSection":["Communaut\u00e9","Toutes les actualit\u00e9s"],"inLanguage":"fr-FR","potentialAction":[{"@type":"CommentAction","name":"Comment","target":["https:\/\/www.africa-press.net\/cotedivoire\/toutes-les-actualites\/la-fesci-se-dote-dune-charte-de-bonne-conduite-dont-le-rejet-de-la-violence-et-le-non-melange-de-la-politique-avec-ses-activites#respond"]}]},{"@type":"WebPage","@id":"https:\/\/www.africa-press.net\/cotedivoire\/toutes-les-actualites\/la-fesci-se-dote-dune-charte-de-bonne-conduite-dont-le-rejet-de-la-violence-et-le-non-melange-de-la-politique-avec-ses-activites","url":"https:\/\/www.africa-press.net\/cotedivoire\/toutes-les-actualites\/la-fesci-se-dote-dune-charte-de-bonne-conduite-dont-le-rejet-de-la-violence-et-le-non-melange-de-la-politique-avec-ses-activites","name":"La FESCI se dote d'une charte de bonne conduite dont le rejet de la violence et le non m\u00e9lange de la politique avec ses activit\u00e9s - C\u00f4te d&#039;Ivoire","isPartOf":{"@id":"https:\/\/www.africa-press.net\/cotedivoire\/#website"},"primaryImageOfPage":{"@id":"https:\/\/www.africa-press.net\/cotedivoire\/toutes-les-actualites\/la-fesci-se-dote-dune-charte-de-bonne-conduite-dont-le-rejet-de-la-violence-et-le-non-melange-de-la-politique-avec-ses-activites#primaryimage"},"image":{"@id":"https:\/\/www.africa-press.net\/cotedivoire\/toutes-les-actualites\/la-fesci-se-dote-dune-charte-de-bonne-conduite-dont-le-rejet-de-la-violence-et-le-non-melange-de-la-politique-avec-ses-activites#primaryimage"},"thumbnailUrl":"https:\/\/static.africa-press.net\/cote\/sites\/43\/2024\/02\/sm_1708440308.747542.jpg","datePublished":"2024-02-20T17:05:49+00:00","dateModified":"2024-02-20T18:25:14+00:00","author":{"@id":"https:\/\/www.africa-press.net\/cotedivoire\/#\/schema\/person\/2b1cf3cd81a31e3cd26889ca66d677f1"},"description":"Apre\u0300s la ce\u0301re\u0301monie d\u2019investiture samedi dernier de son secre\u0301taire ge\u0301ne\u0301ral, Kambou Sie\u0301, la Fe\u0301de\u0301ration Estudianti ...","breadcrumb":{"@id":"https:\/\/www.africa-press.net\/cotedivoire\/toutes-les-actualites\/la-fesci-se-dote-dune-charte-de-bonne-conduite-dont-le-rejet-de-la-violence-et-le-non-melange-de-la-politique-avec-ses-activites#breadcrumb"},"inLanguage":"fr-FR","potentialAction":[{"@type":"ReadAction","target":["https:\/\/www.africa-press.net\/cotedivoire\/toutes-les-actualites\/la-fesci-se-dote-dune-charte-de-bonne-conduite-dont-le-rejet-de-la-violence-et-le-non-melange-de-la-politique-avec-ses-activites"]}]},{"@type":"ImageObject","inLanguage":"fr-FR","@id":"https:\/\/www.africa-press.net\/cotedivoire\/toutes-les-actualites\/la-fesci-se-dote-dune-charte-de-bonne-conduite-dont-le-rejet-de-la-violence-et-le-non-melange-de-la-politique-avec-ses-activites#primaryimage","url":"https:\/\/static.africa-press.net\/cote\/sites\/43\/2024\/02\/sm_1708440308.747542.jpg","contentUrl":"https:\/\/static.africa-press.net\/cote\/sites\/43\/2024\/02\/sm_1708440308.747542.jpg","width":720,"height":447,"caption":"La FESCI se dote d'une charte de bonne conduite dont le rejet de la violence et le non m\u00e9lange de la politique avec ses activit\u00e9s"},{"@type":"BreadcrumbList","@id":"https:\/\/www.africa-press.net\/cotedivoire\/toutes-les-actualites\/la-fesci-se-dote-dune-charte-de-bonne-conduite-dont-le-rejet-de-la-violence-et-le-non-melange-de-la-politique-avec-ses-activites#breadcrumb","itemListElement":[{"@type":"ListItem","position":1,"name":"Accueil","item":"https:\/\/www.africa-press.net\/cotedivoire\/"},{"@type":"ListItem","position":2,"name":"La FESCI se dote d&#8217;une charte de bonne conduite dont le rejet de la violence et le non m\u00e9lange de la politique avec ses activit\u00e9s"}]},{"@type":"WebSite","@id":"https:\/\/www.africa-press.net\/cotedivoire\/#website","url":"https:\/\/www.africa-press.net\/cotedivoire\/","name":"C\u00f4te d&#039;Ivoire","description":"Just another Africa News Agency Sites site","potentialAction":[{"@type":"SearchAction","target":{"@type":"EntryPoint","urlTemplate":"https:\/\/www.africa-press.net\/cotedivoire\/?s={search_term_string}"},"query-input":{"@type":"PropertyValueSpecification","valueRequired":true,"valueName":"search_term_string"}}],"inLanguage":"fr-FR"},{"@type":"Person","@id":"https:\/\/www.africa-press.net\/cotedivoire\/#\/schema\/person\/2b1cf3cd81a31e3cd26889ca66d677f1","name":"cfeditorfr"}]}},"_links":{"self":[{"href":"https:\/\/www.africa-press.net\/cotedivoire\/wp-json\/wp\/v2\/posts\/75145","targetHints":{"allow":["GET"]}}],"collection":[{"href":"https:\/\/www.africa-press.net\/cotedivoire\/wp-json\/wp\/v2\/posts"}],"about":[{"href":"https:\/\/www.africa-press.net\/cotedivoire\/wp-json\/wp\/v2\/types\/post"}],"author":[{"embeddable":true,"href":"https:\/\/www.africa-press.net\/cotedivoire\/wp-json\/wp\/v2\/users\/82"}],"replies":[{"embeddable":true,"href":"https:\/\/www.africa-press.net\/cotedivoire\/wp-json\/wp\/v2\/comments?post=75145"}],"version-history":[{"count":0,"href":"https:\/\/www.africa-press.net\/cotedivoire\/wp-json\/wp\/v2\/posts\/75145\/revisions"}],"wp:featuredmedia":[{"embeddable":true,"href":"https:\/\/www.africa-press.net\/cotedivoire\/wp-json\/wp\/v2\/media\/75144"}],"wp:attachment":[{"href":"https:\/\/www.africa-press.net\/cotedivoire\/wp-json\/wp\/v2\/media?parent=75145"}],"wp:term":[{"taxonomy":"category","embeddable":true,"href":"https:\/\/www.africa-press.net\/cotedivoire\/wp-json\/wp\/v2\/categories?post=75145"},{"taxonomy":"post_tag","embeddable":true,"href":"https:\/\/www.africa-press.net\/cotedivoire\/wp-json\/wp\/v2\/tags?post=75145"}],"curies":[{"name":"wp","href":"https:\/\/api.w.org\/{rel}","templated":true}]}}