{"id":75154,"date":"2024-02-20T17:08:20","date_gmt":"2024-02-20T17:08:20","guid":{"rendered":"https:\/\/www.africa-press.net\/cotedivoire\/politique\/jean-jacques-koffi-kouassi-proche-de-drogba-demissionne-du-comite-executif-de-la-fif-ce-quil-a-confie-au-lendemain-du-sacre-des-elephants-a-la-can"},"modified":"2024-02-20T18:27:47","modified_gmt":"2024-02-20T18:27:47","slug":"jean-jacques-koffi-kouassi-proche-de-drogba-demissionne-du-comite-executif-de-la-fif-ce-quil-a-confie-au-lendemain-du-sacre-des-elephants-a-la-can","status":"publish","type":"post","link":"https:\/\/www.africa-press.net\/cotedivoire\/sports\/jean-jacques-koffi-kouassi-proche-de-drogba-demissionne-du-comite-executif-de-la-fif-ce-quil-a-confie-au-lendemain-du-sacre-des-elephants-a-la-can","title":{"rendered":"Jean Jacques Koffi Kouassi proche de Drogba d\u00e9missionne du Comit\u00e9 Ex\u00e9cutif de la FIF, ce qu&rsquo;il a confi\u00e9  au lendemain du sacre des \u00e9l\u00e9phants \u00e0 la CAN"},"content":{"rendered":"<p><span style=\"color: #ff6600\"><strong>Africa-Press &#8211; C\u00f4te d&rsquo;Ivoire. <\/strong><\/span>Jean-Jacques Koffi Kouassi proche de Didier Drogba, n\u2019est plus membre du Comite\u0301 Exe\u0301cutif de la Fe\u0301de\u0301ration Ivoirienne de Football (FIF).<\/p>\n<p>Le pre\u0301sident de Schadrac FC, club e\u0301voluant en troisie\u0300me division ivoirienne (D3), a rendu sa de\u0301mission de son poste en adressant une lettre au pre\u0301sident de la FIF, Yacine Idriss Diallo.<\/p>\n<p>\u00ab Monsieur le pre\u0301sident, depuis le mardi 28 juin 2022, j\u2019ai e\u0301te\u0301 e\u0301lu membre du comite\u0301 exe\u0301cutif de la Fe\u0301de\u0301ration ivoirienne de football sous (sic) votre proposition par l\u2019Assemble\u0301e ge\u0301ne\u0301rale. Je vous en remercie since\u0300rement. J\u2019avoue que votre collaboration e\u0301tait cordiale et since\u0300re. Mais ces derniers temps, vu la nouvelle atmosphe\u0300re ge\u0301ne\u0301rale et personnelle que je n\u2019appre\u0301cie pas au sein du comite\u0301 exe\u0301cutif, j\u2019ai pre\u0301fe\u0301re\u0301 vous pre\u0301senter ma de\u0301mission \u00bb, peut-on lire dans la note.<\/p>\n<p>Une de\u0301mission du moins surprenante puisque ce dernier a poste\u0301 ceci le 12 fe\u0301vrier 2024, soit au lendemain de la finale de la CAN 2023 remporte\u0301e par les e\u0301le\u0301phants.<\/p>\n<p>\u00ab Je suis tellement content et heureux a\u0300 la fois. Parce que l\u2019histoire retiendra que la troisie\u0300me E\u0301TOILE de la CO\u0302TE D\u2019IVOIRE de la COUPE D\u2019AFRIQUE DES NATIONS a e\u0301te\u0301 remporte\u0301e par le Comite\u0301 exe\u0301cutif de la FE\u0301DE\u0301RATION IVOIRIENNE DE FOOTBALL dirige\u0301 par M. IDRISS YACINE DIALLO dont je suis membre \u00bb, a-t-il e\u0301crit.<\/p>\n<p>Qu\u2019est-cet qui a pu se passer en quelques jours pour qu\u2019il quitte l\u2019e\u0301quipe d\u2019Idriss Diallo ? Il faut souligner que, Jean-Jacques Koffi Kouassi e\u0301tait membre de la liste de Didier Drogba pour lors des e\u0301lections de la FIF en avril 2022.<\/p>\n<p>Apre\u0300s la de\u0301faite de son candidat, il avait re\u0301pondu a\u0300 la main tendue par Idriss Diallo dans le but de rassembler tous les acteurs autour de lui pour le de\u0301veloppement du football ivoirien.<\/p>\n<p><strong>Pour plus d&rsquo;informations et d&rsquo;analyses sur la <a href=\"https:\/\/www.africa-press.net\/cotedivoire\">C\u00f4te d&rsquo;Ivoire<\/a>, suivez <a href=\"https:\/\/www.africa-press.net\/\">Africa-Press<\/a><\/strong><\/p>\n","protected":false},"excerpt":{"rendered":"<p>Africa-Press &#8211; C\u00f4te d&rsquo;Ivoire. Jean-Jacques Koffi Kouassi proche de Didier Drogba, n\u2019est plus membre du Comite\u0301 Exe\u0301cutif de la Fe\u0301de\u0301ration Ivoirienne de Football (FIF). Le pre\u0301sident de Schadrac FC, club e\u0301voluant en troisie\u0300me division ivoirienne (D3), a rendu sa de\u0301mission de son poste en adressant une lettre au pre\u0301sident de la FIF, Yacine Idriss Diallo. [&hellip;]<\/p>\n","protected":false},"author":82,"featured_media":75153,"comment_status":"open","ping_status":"closed","sticky":false,"template":"","format":"standard","meta":{"footnotes":""},"categories":[6,10],"tags":[56,63,1991,29,2010,1349,859,1356,12614],"class_list":["post-75154","post","type-post","status-publish","format-standard","has-post-thumbnail","hentry","category-sports","category-toutes-les-actualites","tag-africa-press","tag-africa-press-cote-divoire","tag-comite","tag-cote-divoire","tag-didier-drogba","tag-executif","tag-fif","tag-idriss-diallo","tag-jean-jacques-kouassi"],"yoast_head":"<!-- This site is optimized with the Yoast SEO Premium plugin v26.1 (Yoast SEO v27.0) - https:\/\/yoast.com\/product\/yoast-seo-premium-wordpress\/ -->\n<title>Jean Jacques Koffi Kouassi proche de Drogba d\u00e9missionne du Comit\u00e9 Ex\u00e9cutif de la FIF, ce qu&#039;il a confi\u00e9 au lendemain du sacre des \u00e9l\u00e9phants \u00e0 la CAN - C\u00f4te d&#039;Ivoire<\/title>\n<meta name=\"description\" content=\"Jean-Jacques Koffi Kouassi proche de Didier Drogba, n\u2019est plus membre du Comite\u0301 Exe\u0301cutif de la Fe\u0301de\u0301ration Ivoirienne ...\" \/>\n<meta name=\"robots\" content=\"index, follow, max-snippet:-1, max-image-preview:large, max-video-preview:-1\" \/>\n<link rel=\"canonical\" href=\"https:\/\/www.africa-press.net\/cotedivoire\/sports\/jean-jacques-koffi-kouassi-proche-de-drogba-demissionne-du-comite-executif-de-la-fif-ce-quil-a-confie-au-lendemain-du-sacre-des-elephants-a-la-can\" \/>\n<meta property=\"og:locale\" content=\"fr_FR\" \/>\n<meta property=\"og:type\" content=\"article\" \/>\n<meta property=\"og:title\" content=\"Jean Jacques Koffi Kouassi proche de Drogba d\u00e9missionne du Comit\u00e9 Ex\u00e9cutif de la FIF, ce qu&#039;il a confi\u00e9 au lendemain du sacre des \u00e9l\u00e9phants \u00e0 la CAN\" \/>\n<meta property=\"og:description\" content=\"Jean-Jacques Koffi Kouassi proche de Didier Drogba, n\u2019est plus membre du Comite\u0301 Exe\u0301cutif de la Fe\u0301de\u0301ration Ivoirienne ...\" \/>\n<meta property=\"og:url\" content=\"https:\/\/www.africa-press.net\/cotedivoire\/sports\/jean-jacques-koffi-kouassi-proche-de-drogba-demissionne-du-comite-executif-de-la-fif-ce-quil-a-confie-au-lendemain-du-sacre-des-elephants-a-la-can\" \/>\n<meta property=\"og:site_name\" content=\"C\u00f4te d&#039;Ivoire\" \/>\n<meta property=\"article:published_time\" content=\"2024-02-20T17:08:20+00:00\" \/>\n<meta property=\"article:modified_time\" content=\"2024-02-20T18:27:47+00:00\" \/>\n<meta property=\"og:image\" content=\"https:\/\/static.africa-press.net\/cote\/sites\/43\/2024\/02\/sm_1708440422.678609.jpg\" \/>\n\t<meta property=\"og:image:width\" content=\"720\" \/>\n\t<meta property=\"og:image:height\" content=\"418\" \/>\n\t<meta property=\"og:image:type\" content=\"image\/jpeg\" \/>\n<meta name=\"author\" content=\"cfeditorfr\" \/>\n<meta name=\"twitter:card\" content=\"summary_large_image\" \/>\n<meta name=\"twitter:label1\" content=\"\u00c9crit par\" \/>\n\t<meta name=\"twitter:data1\" content=\"cfeditorfr\" \/>\n\t<meta name=\"twitter:label2\" content=\"Dur\u00e9e de lecture estim\u00e9e\" \/>\n\t<meta name=\"twitter:data2\" content=\"2 minutes\" \/>\n<script type=\"application\/ld+json\" class=\"yoast-schema-graph\">{\"@context\":\"https:\/\/schema.org\",\"@graph\":[{\"@type\":\"Article\",\"@id\":\"https:\/\/www.africa-press.net\/cotedivoire\/sports\/jean-jacques-koffi-kouassi-proche-de-drogba-demissionne-du-comite-executif-de-la-fif-ce-quil-a-confie-au-lendemain-du-sacre-des-elephants-a-la-can#article\",\"isPartOf\":{\"@id\":\"https:\/\/www.africa-press.net\/cotedivoire\/sports\/jean-jacques-koffi-kouassi-proche-de-drogba-demissionne-du-comite-executif-de-la-fif-ce-quil-a-confie-au-lendemain-du-sacre-des-elephants-a-la-can\"},\"author\":{\"name\":\"cfeditorfr\",\"@id\":\"https:\/\/www.africa-press.net\/cotedivoire\/#\/schema\/person\/2b1cf3cd81a31e3cd26889ca66d677f1\"},\"headline\":\"Jean Jacques Koffi Kouassi proche de Drogba d\u00e9missionne du Comit\u00e9 Ex\u00e9cutif de la FIF, ce qu&rsquo;il a confi\u00e9 au lendemain du sacre des \u00e9l\u00e9phants \u00e0 la CAN\",\"datePublished\":\"2024-02-20T17:08:20+00:00\",\"dateModified\":\"2024-02-20T18:27:47+00:00\",\"mainEntityOfPage\":{\"@id\":\"https:\/\/www.africa-press.net\/cotedivoire\/sports\/jean-jacques-koffi-kouassi-proche-de-drogba-demissionne-du-comite-executif-de-la-fif-ce-quil-a-confie-au-lendemain-du-sacre-des-elephants-a-la-can\"},\"wordCount\":386,\"commentCount\":0,\"image\":{\"@id\":\"https:\/\/www.africa-press.net\/cotedivoire\/sports\/jean-jacques-koffi-kouassi-proche-de-drogba-demissionne-du-comite-executif-de-la-fif-ce-quil-a-confie-au-lendemain-du-sacre-des-elephants-a-la-can#primaryimage\"},\"thumbnailUrl\":\"https:\/\/static.africa-press.net\/cote\/sites\/43\/2024\/02\/sm_1708440422.678609.jpg\",\"keywords\":[\"Africa Press\",\"Africa Press-C\u00f4te d'Ivoire\",\"Comit\u00e9\",\"C\u00d4TE D'IVOIRE\",\"Didier Drogba\",\"Ex\u00e9cutif\",\"FIF\",\"Idriss Diallo\",\"Jean Jacques Kouassi\"],\"articleSection\":[\"Sports\",\"Toutes les actualit\u00e9s\"],\"inLanguage\":\"fr-FR\",\"potentialAction\":[{\"@type\":\"CommentAction\",\"name\":\"Comment\",\"target\":[\"https:\/\/www.africa-press.net\/cotedivoire\/sports\/jean-jacques-koffi-kouassi-proche-de-drogba-demissionne-du-comite-executif-de-la-fif-ce-quil-a-confie-au-lendemain-du-sacre-des-elephants-a-la-can#respond\"]}]},{\"@type\":\"WebPage\",\"@id\":\"https:\/\/www.africa-press.net\/cotedivoire\/sports\/jean-jacques-koffi-kouassi-proche-de-drogba-demissionne-du-comite-executif-de-la-fif-ce-quil-a-confie-au-lendemain-du-sacre-des-elephants-a-la-can\",\"url\":\"https:\/\/www.africa-press.net\/cotedivoire\/sports\/jean-jacques-koffi-kouassi-proche-de-drogba-demissionne-du-comite-executif-de-la-fif-ce-quil-a-confie-au-lendemain-du-sacre-des-elephants-a-la-can\",\"name\":\"Jean Jacques Koffi Kouassi proche de Drogba d\u00e9missionne du Comit\u00e9 Ex\u00e9cutif de la FIF, ce qu'il a confi\u00e9 au lendemain du sacre des \u00e9l\u00e9phants \u00e0 la CAN - C\u00f4te d&#039;Ivoire\",\"isPartOf\":{\"@id\":\"https:\/\/www.africa-press.net\/cotedivoire\/#website\"},\"primaryImageOfPage\":{\"@id\":\"https:\/\/www.africa-press.net\/cotedivoire\/sports\/jean-jacques-koffi-kouassi-proche-de-drogba-demissionne-du-comite-executif-de-la-fif-ce-quil-a-confie-au-lendemain-du-sacre-des-elephants-a-la-can#primaryimage\"},\"image\":{\"@id\":\"https:\/\/www.africa-press.net\/cotedivoire\/sports\/jean-jacques-koffi-kouassi-proche-de-drogba-demissionne-du-comite-executif-de-la-fif-ce-quil-a-confie-au-lendemain-du-sacre-des-elephants-a-la-can#primaryimage\"},\"thumbnailUrl\":\"https:\/\/static.africa-press.net\/cote\/sites\/43\/2024\/02\/sm_1708440422.678609.jpg\",\"datePublished\":\"2024-02-20T17:08:20+00:00\",\"dateModified\":\"2024-02-20T18:27:47+00:00\",\"author\":{\"@id\":\"https:\/\/www.africa-press.net\/cotedivoire\/#\/schema\/person\/2b1cf3cd81a31e3cd26889ca66d677f1\"},\"description\":\"Jean-Jacques Koffi Kouassi proche de Didier Drogba, n\u2019est plus membre du Comite\u0301 Exe\u0301cutif de la Fe\u0301de\u0301ration Ivoirienne ...\",\"breadcrumb\":{\"@id\":\"https:\/\/www.africa-press.net\/cotedivoire\/sports\/jean-jacques-koffi-kouassi-proche-de-drogba-demissionne-du-comite-executif-de-la-fif-ce-quil-a-confie-au-lendemain-du-sacre-des-elephants-a-la-can#breadcrumb\"},\"inLanguage\":\"fr-FR\",\"potentialAction\":[{\"@type\":\"ReadAction\",\"target\":[\"https:\/\/www.africa-press.net\/cotedivoire\/sports\/jean-jacques-koffi-kouassi-proche-de-drogba-demissionne-du-comite-executif-de-la-fif-ce-quil-a-confie-au-lendemain-du-sacre-des-elephants-a-la-can\"]}]},{\"@type\":\"ImageObject\",\"inLanguage\":\"fr-FR\",\"@id\":\"https:\/\/www.africa-press.net\/cotedivoire\/sports\/jean-jacques-koffi-kouassi-proche-de-drogba-demissionne-du-comite-executif-de-la-fif-ce-quil-a-confie-au-lendemain-du-sacre-des-elephants-a-la-can#primaryimage\",\"url\":\"https:\/\/static.africa-press.net\/cote\/sites\/43\/2024\/02\/sm_1708440422.678609.jpg\",\"contentUrl\":\"https:\/\/static.africa-press.net\/cote\/sites\/43\/2024\/02\/sm_1708440422.678609.jpg\",\"width\":720,\"height\":418,\"caption\":\"Jean Jacques Koffi Kouassi proche de Drogba d\u00e9missionne du Comit\u00e9 Ex\u00e9cutif de la FIF, ce qu'il a confi\u00e9 au lendemain du sacre des \u00e9l\u00e9phants \u00e0 la CAN\"},{\"@type\":\"BreadcrumbList\",\"@id\":\"https:\/\/www.africa-press.net\/cotedivoire\/sports\/jean-jacques-koffi-kouassi-proche-de-drogba-demissionne-du-comite-executif-de-la-fif-ce-quil-a-confie-au-lendemain-du-sacre-des-elephants-a-la-can#breadcrumb\",\"itemListElement\":[{\"@type\":\"ListItem\",\"position\":1,\"name\":\"Accueil\",\"item\":\"https:\/\/www.africa-press.net\/cotedivoire\/\"},{\"@type\":\"ListItem\",\"position\":2,\"name\":\"Jean Jacques Koffi Kouassi proche de Drogba d\u00e9missionne du Comit\u00e9 Ex\u00e9cutif de la FIF, ce qu&#8217;il a confi\u00e9 au lendemain du sacre des \u00e9l\u00e9phants \u00e0 la CAN\"}]},{\"@type\":\"WebSite\",\"@id\":\"https:\/\/www.africa-press.net\/cotedivoire\/#website\",\"url\":\"https:\/\/www.africa-press.net\/cotedivoire\/\",\"name\":\"C\u00f4te d&#039;Ivoire\",\"description\":\"Just another Africa News Agency Sites site\",\"potentialAction\":[{\"@type\":\"SearchAction\",\"target\":{\"@type\":\"EntryPoint\",\"urlTemplate\":\"https:\/\/www.africa-press.net\/cotedivoire\/?s={search_term_string}\"},\"query-input\":{\"@type\":\"PropertyValueSpecification\",\"valueRequired\":true,\"valueName\":\"search_term_string\"}}],\"inLanguage\":\"fr-FR\"},{\"@type\":\"Person\",\"@id\":\"https:\/\/www.africa-press.net\/cotedivoire\/#\/schema\/person\/2b1cf3cd81a31e3cd26889ca66d677f1\",\"name\":\"cfeditorfr\"}]}<\/script>\n<!-- \/ Yoast SEO Premium plugin. -->","yoast_head_json":{"title":"Jean Jacques Koffi Kouassi proche de Drogba d\u00e9missionne du Comit\u00e9 Ex\u00e9cutif de la FIF, ce qu'il a confi\u00e9 au lendemain du sacre des \u00e9l\u00e9phants \u00e0 la CAN - C\u00f4te d&#039;Ivoire","description":"Jean-Jacques Koffi Kouassi proche de Didier Drogba, n\u2019est plus membre du Comite\u0301 Exe\u0301cutif de la Fe\u0301de\u0301ration Ivoirienne ...","robots":{"index":"index","follow":"follow","max-snippet":"max-snippet:-1","max-image-preview":"max-image-preview:large","max-video-preview":"max-video-preview:-1"},"canonical":"https:\/\/www.africa-press.net\/cotedivoire\/sports\/jean-jacques-koffi-kouassi-proche-de-drogba-demissionne-du-comite-executif-de-la-fif-ce-quil-a-confie-au-lendemain-du-sacre-des-elephants-a-la-can","og_locale":"fr_FR","og_type":"article","og_title":"Jean Jacques Koffi Kouassi proche de Drogba d\u00e9missionne du Comit\u00e9 Ex\u00e9cutif de la FIF, ce qu'il a confi\u00e9 au lendemain du sacre des \u00e9l\u00e9phants \u00e0 la CAN","og_description":"Jean-Jacques Koffi Kouassi proche de Didier Drogba, n\u2019est plus membre du Comite\u0301 Exe\u0301cutif de la Fe\u0301de\u0301ration Ivoirienne ...","og_url":"https:\/\/www.africa-press.net\/cotedivoire\/sports\/jean-jacques-koffi-kouassi-proche-de-drogba-demissionne-du-comite-executif-de-la-fif-ce-quil-a-confie-au-lendemain-du-sacre-des-elephants-a-la-can","og_site_name":"C\u00f4te d&#039;Ivoire","article_published_time":"2024-02-20T17:08:20+00:00","article_modified_time":"2024-02-20T18:27:47+00:00","og_image":[{"width":720,"height":418,"url":"https:\/\/static.africa-press.net\/cote\/sites\/43\/2024\/02\/sm_1708440422.678609.jpg","type":"image\/jpeg"}],"author":"cfeditorfr","twitter_card":"summary_large_image","twitter_misc":{"\u00c9crit par":"cfeditorfr","Dur\u00e9e de lecture estim\u00e9e":"2 minutes"},"schema":{"@context":"https:\/\/schema.org","@graph":[{"@type":"Article","@id":"https:\/\/www.africa-press.net\/cotedivoire\/sports\/jean-jacques-koffi-kouassi-proche-de-drogba-demissionne-du-comite-executif-de-la-fif-ce-quil-a-confie-au-lendemain-du-sacre-des-elephants-a-la-can#article","isPartOf":{"@id":"https:\/\/www.africa-press.net\/cotedivoire\/sports\/jean-jacques-koffi-kouassi-proche-de-drogba-demissionne-du-comite-executif-de-la-fif-ce-quil-a-confie-au-lendemain-du-sacre-des-elephants-a-la-can"},"author":{"name":"cfeditorfr","@id":"https:\/\/www.africa-press.net\/cotedivoire\/#\/schema\/person\/2b1cf3cd81a31e3cd26889ca66d677f1"},"headline":"Jean Jacques Koffi Kouassi proche de Drogba d\u00e9missionne du Comit\u00e9 Ex\u00e9cutif de la FIF, ce qu&rsquo;il a confi\u00e9 au lendemain du sacre des \u00e9l\u00e9phants \u00e0 la CAN","datePublished":"2024-02-20T17:08:20+00:00","dateModified":"2024-02-20T18:27:47+00:00","mainEntityOfPage":{"@id":"https:\/\/www.africa-press.net\/cotedivoire\/sports\/jean-jacques-koffi-kouassi-proche-de-drogba-demissionne-du-comite-executif-de-la-fif-ce-quil-a-confie-au-lendemain-du-sacre-des-elephants-a-la-can"},"wordCount":386,"commentCount":0,"image":{"@id":"https:\/\/www.africa-press.net\/cotedivoire\/sports\/jean-jacques-koffi-kouassi-proche-de-drogba-demissionne-du-comite-executif-de-la-fif-ce-quil-a-confie-au-lendemain-du-sacre-des-elephants-a-la-can#primaryimage"},"thumbnailUrl":"https:\/\/static.africa-press.net\/cote\/sites\/43\/2024\/02\/sm_1708440422.678609.jpg","keywords":["Africa Press","Africa Press-C\u00f4te d'Ivoire","Comit\u00e9","C\u00d4TE D'IVOIRE","Didier Drogba","Ex\u00e9cutif","FIF","Idriss Diallo","Jean Jacques Kouassi"],"articleSection":["Sports","Toutes les actualit\u00e9s"],"inLanguage":"fr-FR","potentialAction":[{"@type":"CommentAction","name":"Comment","target":["https:\/\/www.africa-press.net\/cotedivoire\/sports\/jean-jacques-koffi-kouassi-proche-de-drogba-demissionne-du-comite-executif-de-la-fif-ce-quil-a-confie-au-lendemain-du-sacre-des-elephants-a-la-can#respond"]}]},{"@type":"WebPage","@id":"https:\/\/www.africa-press.net\/cotedivoire\/sports\/jean-jacques-koffi-kouassi-proche-de-drogba-demissionne-du-comite-executif-de-la-fif-ce-quil-a-confie-au-lendemain-du-sacre-des-elephants-a-la-can","url":"https:\/\/www.africa-press.net\/cotedivoire\/sports\/jean-jacques-koffi-kouassi-proche-de-drogba-demissionne-du-comite-executif-de-la-fif-ce-quil-a-confie-au-lendemain-du-sacre-des-elephants-a-la-can","name":"Jean Jacques Koffi Kouassi proche de Drogba d\u00e9missionne du Comit\u00e9 Ex\u00e9cutif de la FIF, ce qu'il a confi\u00e9 au lendemain du sacre des \u00e9l\u00e9phants \u00e0 la CAN - C\u00f4te d&#039;Ivoire","isPartOf":{"@id":"https:\/\/www.africa-press.net\/cotedivoire\/#website"},"primaryImageOfPage":{"@id":"https:\/\/www.africa-press.net\/cotedivoire\/sports\/jean-jacques-koffi-kouassi-proche-de-drogba-demissionne-du-comite-executif-de-la-fif-ce-quil-a-confie-au-lendemain-du-sacre-des-elephants-a-la-can#primaryimage"},"image":{"@id":"https:\/\/www.africa-press.net\/cotedivoire\/sports\/jean-jacques-koffi-kouassi-proche-de-drogba-demissionne-du-comite-executif-de-la-fif-ce-quil-a-confie-au-lendemain-du-sacre-des-elephants-a-la-can#primaryimage"},"thumbnailUrl":"https:\/\/static.africa-press.net\/cote\/sites\/43\/2024\/02\/sm_1708440422.678609.jpg","datePublished":"2024-02-20T17:08:20+00:00","dateModified":"2024-02-20T18:27:47+00:00","author":{"@id":"https:\/\/www.africa-press.net\/cotedivoire\/#\/schema\/person\/2b1cf3cd81a31e3cd26889ca66d677f1"},"description":"Jean-Jacques Koffi Kouassi proche de Didier Drogba, n\u2019est plus membre du Comite\u0301 Exe\u0301cutif de la Fe\u0301de\u0301ration Ivoirienne ...","breadcrumb":{"@id":"https:\/\/www.africa-press.net\/cotedivoire\/sports\/jean-jacques-koffi-kouassi-proche-de-drogba-demissionne-du-comite-executif-de-la-fif-ce-quil-a-confie-au-lendemain-du-sacre-des-elephants-a-la-can#breadcrumb"},"inLanguage":"fr-FR","potentialAction":[{"@type":"ReadAction","target":["https:\/\/www.africa-press.net\/cotedivoire\/sports\/jean-jacques-koffi-kouassi-proche-de-drogba-demissionne-du-comite-executif-de-la-fif-ce-quil-a-confie-au-lendemain-du-sacre-des-elephants-a-la-can"]}]},{"@type":"ImageObject","inLanguage":"fr-FR","@id":"https:\/\/www.africa-press.net\/cotedivoire\/sports\/jean-jacques-koffi-kouassi-proche-de-drogba-demissionne-du-comite-executif-de-la-fif-ce-quil-a-confie-au-lendemain-du-sacre-des-elephants-a-la-can#primaryimage","url":"https:\/\/static.africa-press.net\/cote\/sites\/43\/2024\/02\/sm_1708440422.678609.jpg","contentUrl":"https:\/\/static.africa-press.net\/cote\/sites\/43\/2024\/02\/sm_1708440422.678609.jpg","width":720,"height":418,"caption":"Jean Jacques Koffi Kouassi proche de Drogba d\u00e9missionne du Comit\u00e9 Ex\u00e9cutif de la FIF, ce qu'il a confi\u00e9 au lendemain du sacre des \u00e9l\u00e9phants \u00e0 la CAN"},{"@type":"BreadcrumbList","@id":"https:\/\/www.africa-press.net\/cotedivoire\/sports\/jean-jacques-koffi-kouassi-proche-de-drogba-demissionne-du-comite-executif-de-la-fif-ce-quil-a-confie-au-lendemain-du-sacre-des-elephants-a-la-can#breadcrumb","itemListElement":[{"@type":"ListItem","position":1,"name":"Accueil","item":"https:\/\/www.africa-press.net\/cotedivoire\/"},{"@type":"ListItem","position":2,"name":"Jean Jacques Koffi Kouassi proche de Drogba d\u00e9missionne du Comit\u00e9 Ex\u00e9cutif de la FIF, ce qu&#8217;il a confi\u00e9 au lendemain du sacre des \u00e9l\u00e9phants \u00e0 la CAN"}]},{"@type":"WebSite","@id":"https:\/\/www.africa-press.net\/cotedivoire\/#website","url":"https:\/\/www.africa-press.net\/cotedivoire\/","name":"C\u00f4te d&#039;Ivoire","description":"Just another Africa News Agency Sites site","potentialAction":[{"@type":"SearchAction","target":{"@type":"EntryPoint","urlTemplate":"https:\/\/www.africa-press.net\/cotedivoire\/?s={search_term_string}"},"query-input":{"@type":"PropertyValueSpecification","valueRequired":true,"valueName":"search_term_string"}}],"inLanguage":"fr-FR"},{"@type":"Person","@id":"https:\/\/www.africa-press.net\/cotedivoire\/#\/schema\/person\/2b1cf3cd81a31e3cd26889ca66d677f1","name":"cfeditorfr"}]}},"_links":{"self":[{"href":"https:\/\/www.africa-press.net\/cotedivoire\/wp-json\/wp\/v2\/posts\/75154","targetHints":{"allow":["GET"]}}],"collection":[{"href":"https:\/\/www.africa-press.net\/cotedivoire\/wp-json\/wp\/v2\/posts"}],"about":[{"href":"https:\/\/www.africa-press.net\/cotedivoire\/wp-json\/wp\/v2\/types\/post"}],"author":[{"embeddable":true,"href":"https:\/\/www.africa-press.net\/cotedivoire\/wp-json\/wp\/v2\/users\/82"}],"replies":[{"embeddable":true,"href":"https:\/\/www.africa-press.net\/cotedivoire\/wp-json\/wp\/v2\/comments?post=75154"}],"version-history":[{"count":0,"href":"https:\/\/www.africa-press.net\/cotedivoire\/wp-json\/wp\/v2\/posts\/75154\/revisions"}],"wp:featuredmedia":[{"embeddable":true,"href":"https:\/\/www.africa-press.net\/cotedivoire\/wp-json\/wp\/v2\/media\/75153"}],"wp:attachment":[{"href":"https:\/\/www.africa-press.net\/cotedivoire\/wp-json\/wp\/v2\/media?parent=75154"}],"wp:term":[{"taxonomy":"category","embeddable":true,"href":"https:\/\/www.africa-press.net\/cotedivoire\/wp-json\/wp\/v2\/categories?post=75154"},{"taxonomy":"post_tag","embeddable":true,"href":"https:\/\/www.africa-press.net\/cotedivoire\/wp-json\/wp\/v2\/tags?post=75154"}],"curies":[{"name":"wp","href":"https:\/\/api.w.org\/{rel}","templated":true}]}}