{"id":75156,"date":"2024-02-20T17:08:34","date_gmt":"2024-02-20T17:08:34","guid":{"rendered":"https:\/\/www.africa-press.net\/cotedivoire\/politique\/vie-associative-dans-le-secteur-des-finances-generales-la-mugafci-lance-officiellement-ses-activites-et-decline-ses-priorites"},"modified":"2024-02-20T18:28:24","modified_gmt":"2024-02-20T18:28:24","slug":"vie-associative-dans-le-secteur-des-finances-generales-la-mugafci-lance-officiellement-ses-activites-et-decline-ses-priorites","status":"publish","type":"post","link":"https:\/\/www.africa-press.net\/cotedivoire\/toutes-les-actualites\/vie-associative-dans-le-secteur-des-finances-generales-la-mugafci-lance-officiellement-ses-activites-et-decline-ses-priorites","title":{"rendered":"Vie associative dans le secteur des Finances G\u00e9n\u00e9rales, la MUGAFCI lance officiellement ses activit\u00e9s et d\u00e9cline ses priorit\u00e9s"},"content":{"rendered":"<p><span style=\"color: #ff6600\"><strong>Africa-Press &#8211; C\u00f4te d&rsquo;Ivoire. <\/strong><\/span>La Mutuelle Ge\u0301ne\u0301rale des Agents des Finances de Co\u0302te d\u2019Ivoire (MUGAFCI), mutuelle tant attendue par les agents de l\u2019administration des finances publiques ivoiriennes, a officiellement lance\u0301 ses activite\u0301s le vendredi 16 Fe\u0301vrier 2024 a\u0300 l\u2019auditorium de la rotonde de la cite\u0301 financie\u0300re d\u2019Abidjan-Plateau.<\/p>\n<p>Au cours de cette ce\u0301re\u0301monie place\u0301e sous la pre\u0301sidence de Monsieur Bamba Cheick Lancina, Directeur des Ressources Humaines du Ministe\u0300re des Finances et du Budget, les 28 membres qui constituent le Bureau Exe\u0301cutif National de la MUGAFCI ont e\u0301te\u0301 pre\u0301sente\u0301s a\u0300 la face de la nation.<\/p>\n<p>\u00ab En 12 mois d\u2019existence, nous avons travaille\u0301. La MUGAFCI veut e\u0302tre une mutuelle forte dont les agents des finances re\u0302vent. La MUGAFCI veut ouvrir une nouvelle e\u0300re dans la sphe\u0300re des administrations des finances ge\u0301ne\u0301rales et e\u0302tre cette mutuelle qui rassure. Nous sommes presse\u0301s de participer au bien-e\u0302tre de nos mutualistes. Avec la MUGAFCI, ce sera l\u2019e\u0301panouissement pour tous et le bien e\u0302tre pour chacun.\u00bb, a lance\u0301 a\u0300 l\u2019endroit des mutualistes, Mr Jean Marie Traye Bidjo, Pre\u0301sident de la MUGAFCI.<\/p>\n<p>Qui plus est, le pre\u0301sident Traye Bidjo a invite\u0301 ses pairs mutualistes a\u0300 \u0153uvrer a\u0300 ses co\u0302te\u0301s en vue de relever tous les de\u0301fis auxquels restent faire face les agents des administrations des finances ge\u0301ne\u0301rales de co\u0302te d\u2019Ivoire.<\/p>\n<p>La MUGAFCI dans son fonctionnement, a assure\u0301, dans la foule\u0301e, le pre\u0301sident, s\u2019appuiera sur quatre piliers.<\/p>\n<p>A savoir, une gestion participative, la transparence dans les actes de gestion, le rassemblement en son sein de tous les agents des finances ge\u0301ne\u0301rales, la recherche du bien-e\u0302tre de chaque mutualiste en e\u0301troite collaboration avec la hie\u0301rarchie.<\/p>\n<p>Cette mutuelle, a\u0300 en croire ses responsables, pre\u0301voit mener, cette anne\u0301e, biens d\u2019actions. A savoir, cre\u0301er et installer des de\u0301le\u0301gations dans le District d\u2019Abidjan ainsi que dans toutes les localite\u0301s du pays ; mettre en \u0153uvre des projets ; de\u0301ployer des outils de bonne gouvernance, assurer la veille juridique. Repre\u0301sentant le pre\u0301sident de la ce\u0301re\u0301monie, Madame Komara Constance, Sous-directrice des Etudes et de la Formation a fe\u0301licite\u0301 l\u2019ensemble des mutualistes et salue\u0301 l\u2019initiative formation qui figure au tableau du plan d\u2019actions de la MUGAFCI.<\/p>\n<p>\u00ab Personnellement, ce que j\u2019ai appre\u0301cie\u0301 au niveau de votre plan d\u2019action, c\u2018est la formation. C\u2019est la formation qui manque au sein de nos diffe\u0301rentes mutuelles. Il faut ve\u0301ritablement former les agents pour empe\u0302cher que ceux-ci ne soient submerge\u0301s par des dettes\u00bb, s\u2019est voulue formelle, la repre\u0301sentante du Directeur des Ressources Humaines du Ministe\u0300re des Finances et du Budget.<\/p>\n<p>Enfin, Madame Komara a exhorte\u0301 les mutualistes a\u0300 appre\u0301hender ce nouvel instrument qu\u2019est la MUGAFCI comme un instrument apte a\u0300 leurs garantir une retraite paisible.<\/p>\n<p><strong>Pour plus d&rsquo;informations et d&rsquo;analyses sur la <a href=\"https:\/\/www.africa-press.net\/cotedivoire\">C\u00f4te d&rsquo;Ivoire<\/a>, suivez <a href=\"https:\/\/www.africa-press.net\/\">Africa-Press<\/a><\/strong><\/p>\n","protected":false},"excerpt":{"rendered":"<p>Africa-Press &#8211; C\u00f4te d&rsquo;Ivoire. La Mutuelle Ge\u0301ne\u0301rale des Agents des Finances de Co\u0302te d\u2019Ivoire (MUGAFCI), mutuelle tant attendue par les agents de l\u2019administration des finances publiques ivoiriennes, a officiellement lance\u0301 ses activite\u0301s le vendredi 16 Fe\u0301vrier 2024 a\u0300 l\u2019auditorium de la rotonde de la cite\u0301 financie\u0300re d\u2019Abidjan-Plateau. Au cours de cette ce\u0301re\u0301monie place\u0301e sous la [&hellip;]<\/p>\n","protected":false},"author":82,"featured_media":75155,"comment_status":"open","ping_status":"closed","sticky":false,"template":"","format":"standard","meta":{"footnotes":""},"categories":[21,10],"tags":[56,63,12617,2303,29,11854,12615,12616],"class_list":["post-75156","post","type-post","status-publish","format-standard","has-post-thumbnail","hentry","category-communaute","category-toutes-les-actualites","tag-africa-press","tag-africa-press-cote-divoire","tag-bamba-cheick-lancina","tag-budget","tag-cote-divoire","tag-jean-marie-traye-bidjo","tag-komara-constance","tag-mugafci"],"yoast_head":"<!-- This site is optimized with the Yoast SEO Premium plugin v26.1 (Yoast SEO v27.0) - https:\/\/yoast.com\/product\/yoast-seo-premium-wordpress\/ -->\n<title>Vie associative dans le secteur des Finances G\u00e9n\u00e9rales, la MUGAFCI lance officiellement ses activit\u00e9s et d\u00e9cline ses priorit\u00e9s - C\u00f4te d&#039;Ivoire<\/title>\n<meta name=\"description\" content=\"La Mutuelle Ge\u0301ne\u0301rale des Agents des Finances de Co\u0302te d\u2019Ivoire (MUGAFCI), mutuelle tant attendue par les agents de l\u2019a ...\" \/>\n<meta name=\"robots\" content=\"index, follow, max-snippet:-1, max-image-preview:large, max-video-preview:-1\" \/>\n<link rel=\"canonical\" href=\"https:\/\/www.africa-press.net\/cotedivoire\/toutes-les-actualites\/vie-associative-dans-le-secteur-des-finances-generales-la-mugafci-lance-officiellement-ses-activites-et-decline-ses-priorites\" \/>\n<meta property=\"og:locale\" content=\"fr_FR\" \/>\n<meta property=\"og:type\" content=\"article\" \/>\n<meta property=\"og:title\" content=\"Vie associative dans le secteur des Finances G\u00e9n\u00e9rales, la MUGAFCI lance officiellement ses activit\u00e9s et d\u00e9cline ses priorit\u00e9s\" \/>\n<meta property=\"og:description\" content=\"La Mutuelle Ge\u0301ne\u0301rale des Agents des Finances de Co\u0302te d\u2019Ivoire (MUGAFCI), mutuelle tant attendue par les agents de l\u2019a ...\" \/>\n<meta property=\"og:url\" content=\"https:\/\/www.africa-press.net\/cotedivoire\/toutes-les-actualites\/vie-associative-dans-le-secteur-des-finances-generales-la-mugafci-lance-officiellement-ses-activites-et-decline-ses-priorites\" \/>\n<meta property=\"og:site_name\" content=\"C\u00f4te d&#039;Ivoire\" \/>\n<meta property=\"article:published_time\" content=\"2024-02-20T17:08:34+00:00\" \/>\n<meta property=\"article:modified_time\" content=\"2024-02-20T18:28:24+00:00\" \/>\n<meta property=\"og:image\" content=\"https:\/\/static.africa-press.net\/cote\/sites\/43\/2024\/02\/sm_1708440451.029092.jpg\" \/>\n\t<meta property=\"og:image:width\" content=\"720\" \/>\n\t<meta property=\"og:image:height\" content=\"478\" \/>\n\t<meta property=\"og:image:type\" content=\"image\/jpeg\" \/>\n<meta name=\"author\" content=\"cfeditorfr\" \/>\n<meta name=\"twitter:card\" content=\"summary_large_image\" \/>\n<meta name=\"twitter:label1\" content=\"\u00c9crit par\" \/>\n\t<meta name=\"twitter:data1\" content=\"cfeditorfr\" \/>\n\t<meta name=\"twitter:label2\" content=\"Dur\u00e9e de lecture estim\u00e9e\" \/>\n\t<meta name=\"twitter:data2\" content=\"3 minutes\" \/>\n<script type=\"application\/ld+json\" class=\"yoast-schema-graph\">{\"@context\":\"https:\/\/schema.org\",\"@graph\":[{\"@type\":\"Article\",\"@id\":\"https:\/\/www.africa-press.net\/cotedivoire\/toutes-les-actualites\/vie-associative-dans-le-secteur-des-finances-generales-la-mugafci-lance-officiellement-ses-activites-et-decline-ses-priorites#article\",\"isPartOf\":{\"@id\":\"https:\/\/www.africa-press.net\/cotedivoire\/toutes-les-actualites\/vie-associative-dans-le-secteur-des-finances-generales-la-mugafci-lance-officiellement-ses-activites-et-decline-ses-priorites\"},\"author\":{\"name\":\"cfeditorfr\",\"@id\":\"https:\/\/www.africa-press.net\/cotedivoire\/#\/schema\/person\/2b1cf3cd81a31e3cd26889ca66d677f1\"},\"headline\":\"Vie associative dans le secteur des Finances G\u00e9n\u00e9rales, la MUGAFCI lance officiellement ses activit\u00e9s et d\u00e9cline ses priorit\u00e9s\",\"datePublished\":\"2024-02-20T17:08:34+00:00\",\"dateModified\":\"2024-02-20T18:28:24+00:00\",\"mainEntityOfPage\":{\"@id\":\"https:\/\/www.africa-press.net\/cotedivoire\/toutes-les-actualites\/vie-associative-dans-le-secteur-des-finances-generales-la-mugafci-lance-officiellement-ses-activites-et-decline-ses-priorites\"},\"wordCount\":546,\"commentCount\":0,\"image\":{\"@id\":\"https:\/\/www.africa-press.net\/cotedivoire\/toutes-les-actualites\/vie-associative-dans-le-secteur-des-finances-generales-la-mugafci-lance-officiellement-ses-activites-et-decline-ses-priorites#primaryimage\"},\"thumbnailUrl\":\"https:\/\/static.africa-press.net\/cote\/sites\/43\/2024\/02\/sm_1708440451.029092.jpg\",\"keywords\":[\"Africa Press\",\"Africa Press-C\u00f4te d'Ivoire\",\"Bamba Cheick Lancina\",\"budget\",\"C\u00d4TE D'IVOIRE\",\"Jean Marie Traye Bidjo\",\"Komara Constance\",\"MUGAFCI\"],\"articleSection\":[\"Communaut\u00e9\",\"Toutes les actualit\u00e9s\"],\"inLanguage\":\"fr-FR\",\"potentialAction\":[{\"@type\":\"CommentAction\",\"name\":\"Comment\",\"target\":[\"https:\/\/www.africa-press.net\/cotedivoire\/toutes-les-actualites\/vie-associative-dans-le-secteur-des-finances-generales-la-mugafci-lance-officiellement-ses-activites-et-decline-ses-priorites#respond\"]}]},{\"@type\":\"WebPage\",\"@id\":\"https:\/\/www.africa-press.net\/cotedivoire\/toutes-les-actualites\/vie-associative-dans-le-secteur-des-finances-generales-la-mugafci-lance-officiellement-ses-activites-et-decline-ses-priorites\",\"url\":\"https:\/\/www.africa-press.net\/cotedivoire\/toutes-les-actualites\/vie-associative-dans-le-secteur-des-finances-generales-la-mugafci-lance-officiellement-ses-activites-et-decline-ses-priorites\",\"name\":\"Vie associative dans le secteur des Finances G\u00e9n\u00e9rales, la MUGAFCI lance officiellement ses activit\u00e9s et d\u00e9cline ses priorit\u00e9s - C\u00f4te d&#039;Ivoire\",\"isPartOf\":{\"@id\":\"https:\/\/www.africa-press.net\/cotedivoire\/#website\"},\"primaryImageOfPage\":{\"@id\":\"https:\/\/www.africa-press.net\/cotedivoire\/toutes-les-actualites\/vie-associative-dans-le-secteur-des-finances-generales-la-mugafci-lance-officiellement-ses-activites-et-decline-ses-priorites#primaryimage\"},\"image\":{\"@id\":\"https:\/\/www.africa-press.net\/cotedivoire\/toutes-les-actualites\/vie-associative-dans-le-secteur-des-finances-generales-la-mugafci-lance-officiellement-ses-activites-et-decline-ses-priorites#primaryimage\"},\"thumbnailUrl\":\"https:\/\/static.africa-press.net\/cote\/sites\/43\/2024\/02\/sm_1708440451.029092.jpg\",\"datePublished\":\"2024-02-20T17:08:34+00:00\",\"dateModified\":\"2024-02-20T18:28:24+00:00\",\"author\":{\"@id\":\"https:\/\/www.africa-press.net\/cotedivoire\/#\/schema\/person\/2b1cf3cd81a31e3cd26889ca66d677f1\"},\"description\":\"La Mutuelle Ge\u0301ne\u0301rale des Agents des Finances de Co\u0302te d\u2019Ivoire (MUGAFCI), mutuelle tant attendue par les agents de l\u2019a ...\",\"breadcrumb\":{\"@id\":\"https:\/\/www.africa-press.net\/cotedivoire\/toutes-les-actualites\/vie-associative-dans-le-secteur-des-finances-generales-la-mugafci-lance-officiellement-ses-activites-et-decline-ses-priorites#breadcrumb\"},\"inLanguage\":\"fr-FR\",\"potentialAction\":[{\"@type\":\"ReadAction\",\"target\":[\"https:\/\/www.africa-press.net\/cotedivoire\/toutes-les-actualites\/vie-associative-dans-le-secteur-des-finances-generales-la-mugafci-lance-officiellement-ses-activites-et-decline-ses-priorites\"]}]},{\"@type\":\"ImageObject\",\"inLanguage\":\"fr-FR\",\"@id\":\"https:\/\/www.africa-press.net\/cotedivoire\/toutes-les-actualites\/vie-associative-dans-le-secteur-des-finances-generales-la-mugafci-lance-officiellement-ses-activites-et-decline-ses-priorites#primaryimage\",\"url\":\"https:\/\/static.africa-press.net\/cote\/sites\/43\/2024\/02\/sm_1708440451.029092.jpg\",\"contentUrl\":\"https:\/\/static.africa-press.net\/cote\/sites\/43\/2024\/02\/sm_1708440451.029092.jpg\",\"width\":720,\"height\":478,\"caption\":\"Vie associative dans le secteur des Finances G\u00e9n\u00e9rales, la MUGAFCI lance officiellement ses activit\u00e9s et d\u00e9cline ses priorit\u00e9s\"},{\"@type\":\"BreadcrumbList\",\"@id\":\"https:\/\/www.africa-press.net\/cotedivoire\/toutes-les-actualites\/vie-associative-dans-le-secteur-des-finances-generales-la-mugafci-lance-officiellement-ses-activites-et-decline-ses-priorites#breadcrumb\",\"itemListElement\":[{\"@type\":\"ListItem\",\"position\":1,\"name\":\"Accueil\",\"item\":\"https:\/\/www.africa-press.net\/cotedivoire\/\"},{\"@type\":\"ListItem\",\"position\":2,\"name\":\"Vie associative dans le secteur des Finances G\u00e9n\u00e9rales, la MUGAFCI lance officiellement ses activit\u00e9s et d\u00e9cline ses priorit\u00e9s\"}]},{\"@type\":\"WebSite\",\"@id\":\"https:\/\/www.africa-press.net\/cotedivoire\/#website\",\"url\":\"https:\/\/www.africa-press.net\/cotedivoire\/\",\"name\":\"C\u00f4te d&#039;Ivoire\",\"description\":\"Just another Africa News Agency Sites site\",\"potentialAction\":[{\"@type\":\"SearchAction\",\"target\":{\"@type\":\"EntryPoint\",\"urlTemplate\":\"https:\/\/www.africa-press.net\/cotedivoire\/?s={search_term_string}\"},\"query-input\":{\"@type\":\"PropertyValueSpecification\",\"valueRequired\":true,\"valueName\":\"search_term_string\"}}],\"inLanguage\":\"fr-FR\"},{\"@type\":\"Person\",\"@id\":\"https:\/\/www.africa-press.net\/cotedivoire\/#\/schema\/person\/2b1cf3cd81a31e3cd26889ca66d677f1\",\"name\":\"cfeditorfr\"}]}<\/script>\n<!-- \/ Yoast SEO Premium plugin. -->","yoast_head_json":{"title":"Vie associative dans le secteur des Finances G\u00e9n\u00e9rales, la MUGAFCI lance officiellement ses activit\u00e9s et d\u00e9cline ses priorit\u00e9s - C\u00f4te d&#039;Ivoire","description":"La Mutuelle Ge\u0301ne\u0301rale des Agents des Finances de Co\u0302te d\u2019Ivoire (MUGAFCI), mutuelle tant attendue par les agents de l\u2019a ...","robots":{"index":"index","follow":"follow","max-snippet":"max-snippet:-1","max-image-preview":"max-image-preview:large","max-video-preview":"max-video-preview:-1"},"canonical":"https:\/\/www.africa-press.net\/cotedivoire\/toutes-les-actualites\/vie-associative-dans-le-secteur-des-finances-generales-la-mugafci-lance-officiellement-ses-activites-et-decline-ses-priorites","og_locale":"fr_FR","og_type":"article","og_title":"Vie associative dans le secteur des Finances G\u00e9n\u00e9rales, la MUGAFCI lance officiellement ses activit\u00e9s et d\u00e9cline ses priorit\u00e9s","og_description":"La Mutuelle Ge\u0301ne\u0301rale des Agents des Finances de Co\u0302te d\u2019Ivoire (MUGAFCI), mutuelle tant attendue par les agents de l\u2019a ...","og_url":"https:\/\/www.africa-press.net\/cotedivoire\/toutes-les-actualites\/vie-associative-dans-le-secteur-des-finances-generales-la-mugafci-lance-officiellement-ses-activites-et-decline-ses-priorites","og_site_name":"C\u00f4te d&#039;Ivoire","article_published_time":"2024-02-20T17:08:34+00:00","article_modified_time":"2024-02-20T18:28:24+00:00","og_image":[{"width":720,"height":478,"url":"https:\/\/static.africa-press.net\/cote\/sites\/43\/2024\/02\/sm_1708440451.029092.jpg","type":"image\/jpeg"}],"author":"cfeditorfr","twitter_card":"summary_large_image","twitter_misc":{"\u00c9crit par":"cfeditorfr","Dur\u00e9e de lecture estim\u00e9e":"3 minutes"},"schema":{"@context":"https:\/\/schema.org","@graph":[{"@type":"Article","@id":"https:\/\/www.africa-press.net\/cotedivoire\/toutes-les-actualites\/vie-associative-dans-le-secteur-des-finances-generales-la-mugafci-lance-officiellement-ses-activites-et-decline-ses-priorites#article","isPartOf":{"@id":"https:\/\/www.africa-press.net\/cotedivoire\/toutes-les-actualites\/vie-associative-dans-le-secteur-des-finances-generales-la-mugafci-lance-officiellement-ses-activites-et-decline-ses-priorites"},"author":{"name":"cfeditorfr","@id":"https:\/\/www.africa-press.net\/cotedivoire\/#\/schema\/person\/2b1cf3cd81a31e3cd26889ca66d677f1"},"headline":"Vie associative dans le secteur des Finances G\u00e9n\u00e9rales, la MUGAFCI lance officiellement ses activit\u00e9s et d\u00e9cline ses priorit\u00e9s","datePublished":"2024-02-20T17:08:34+00:00","dateModified":"2024-02-20T18:28:24+00:00","mainEntityOfPage":{"@id":"https:\/\/www.africa-press.net\/cotedivoire\/toutes-les-actualites\/vie-associative-dans-le-secteur-des-finances-generales-la-mugafci-lance-officiellement-ses-activites-et-decline-ses-priorites"},"wordCount":546,"commentCount":0,"image":{"@id":"https:\/\/www.africa-press.net\/cotedivoire\/toutes-les-actualites\/vie-associative-dans-le-secteur-des-finances-generales-la-mugafci-lance-officiellement-ses-activites-et-decline-ses-priorites#primaryimage"},"thumbnailUrl":"https:\/\/static.africa-press.net\/cote\/sites\/43\/2024\/02\/sm_1708440451.029092.jpg","keywords":["Africa Press","Africa Press-C\u00f4te d'Ivoire","Bamba Cheick Lancina","budget","C\u00d4TE D'IVOIRE","Jean Marie Traye Bidjo","Komara Constance","MUGAFCI"],"articleSection":["Communaut\u00e9","Toutes les actualit\u00e9s"],"inLanguage":"fr-FR","potentialAction":[{"@type":"CommentAction","name":"Comment","target":["https:\/\/www.africa-press.net\/cotedivoire\/toutes-les-actualites\/vie-associative-dans-le-secteur-des-finances-generales-la-mugafci-lance-officiellement-ses-activites-et-decline-ses-priorites#respond"]}]},{"@type":"WebPage","@id":"https:\/\/www.africa-press.net\/cotedivoire\/toutes-les-actualites\/vie-associative-dans-le-secteur-des-finances-generales-la-mugafci-lance-officiellement-ses-activites-et-decline-ses-priorites","url":"https:\/\/www.africa-press.net\/cotedivoire\/toutes-les-actualites\/vie-associative-dans-le-secteur-des-finances-generales-la-mugafci-lance-officiellement-ses-activites-et-decline-ses-priorites","name":"Vie associative dans le secteur des Finances G\u00e9n\u00e9rales, la MUGAFCI lance officiellement ses activit\u00e9s et d\u00e9cline ses priorit\u00e9s - C\u00f4te d&#039;Ivoire","isPartOf":{"@id":"https:\/\/www.africa-press.net\/cotedivoire\/#website"},"primaryImageOfPage":{"@id":"https:\/\/www.africa-press.net\/cotedivoire\/toutes-les-actualites\/vie-associative-dans-le-secteur-des-finances-generales-la-mugafci-lance-officiellement-ses-activites-et-decline-ses-priorites#primaryimage"},"image":{"@id":"https:\/\/www.africa-press.net\/cotedivoire\/toutes-les-actualites\/vie-associative-dans-le-secteur-des-finances-generales-la-mugafci-lance-officiellement-ses-activites-et-decline-ses-priorites#primaryimage"},"thumbnailUrl":"https:\/\/static.africa-press.net\/cote\/sites\/43\/2024\/02\/sm_1708440451.029092.jpg","datePublished":"2024-02-20T17:08:34+00:00","dateModified":"2024-02-20T18:28:24+00:00","author":{"@id":"https:\/\/www.africa-press.net\/cotedivoire\/#\/schema\/person\/2b1cf3cd81a31e3cd26889ca66d677f1"},"description":"La Mutuelle Ge\u0301ne\u0301rale des Agents des Finances de Co\u0302te d\u2019Ivoire (MUGAFCI), mutuelle tant attendue par les agents de l\u2019a ...","breadcrumb":{"@id":"https:\/\/www.africa-press.net\/cotedivoire\/toutes-les-actualites\/vie-associative-dans-le-secteur-des-finances-generales-la-mugafci-lance-officiellement-ses-activites-et-decline-ses-priorites#breadcrumb"},"inLanguage":"fr-FR","potentialAction":[{"@type":"ReadAction","target":["https:\/\/www.africa-press.net\/cotedivoire\/toutes-les-actualites\/vie-associative-dans-le-secteur-des-finances-generales-la-mugafci-lance-officiellement-ses-activites-et-decline-ses-priorites"]}]},{"@type":"ImageObject","inLanguage":"fr-FR","@id":"https:\/\/www.africa-press.net\/cotedivoire\/toutes-les-actualites\/vie-associative-dans-le-secteur-des-finances-generales-la-mugafci-lance-officiellement-ses-activites-et-decline-ses-priorites#primaryimage","url":"https:\/\/static.africa-press.net\/cote\/sites\/43\/2024\/02\/sm_1708440451.029092.jpg","contentUrl":"https:\/\/static.africa-press.net\/cote\/sites\/43\/2024\/02\/sm_1708440451.029092.jpg","width":720,"height":478,"caption":"Vie associative dans le secteur des Finances G\u00e9n\u00e9rales, la MUGAFCI lance officiellement ses activit\u00e9s et d\u00e9cline ses priorit\u00e9s"},{"@type":"BreadcrumbList","@id":"https:\/\/www.africa-press.net\/cotedivoire\/toutes-les-actualites\/vie-associative-dans-le-secteur-des-finances-generales-la-mugafci-lance-officiellement-ses-activites-et-decline-ses-priorites#breadcrumb","itemListElement":[{"@type":"ListItem","position":1,"name":"Accueil","item":"https:\/\/www.africa-press.net\/cotedivoire\/"},{"@type":"ListItem","position":2,"name":"Vie associative dans le secteur des Finances G\u00e9n\u00e9rales, la MUGAFCI lance officiellement ses activit\u00e9s et d\u00e9cline ses priorit\u00e9s"}]},{"@type":"WebSite","@id":"https:\/\/www.africa-press.net\/cotedivoire\/#website","url":"https:\/\/www.africa-press.net\/cotedivoire\/","name":"C\u00f4te d&#039;Ivoire","description":"Just another Africa News Agency Sites site","potentialAction":[{"@type":"SearchAction","target":{"@type":"EntryPoint","urlTemplate":"https:\/\/www.africa-press.net\/cotedivoire\/?s={search_term_string}"},"query-input":{"@type":"PropertyValueSpecification","valueRequired":true,"valueName":"search_term_string"}}],"inLanguage":"fr-FR"},{"@type":"Person","@id":"https:\/\/www.africa-press.net\/cotedivoire\/#\/schema\/person\/2b1cf3cd81a31e3cd26889ca66d677f1","name":"cfeditorfr"}]}},"_links":{"self":[{"href":"https:\/\/www.africa-press.net\/cotedivoire\/wp-json\/wp\/v2\/posts\/75156","targetHints":{"allow":["GET"]}}],"collection":[{"href":"https:\/\/www.africa-press.net\/cotedivoire\/wp-json\/wp\/v2\/posts"}],"about":[{"href":"https:\/\/www.africa-press.net\/cotedivoire\/wp-json\/wp\/v2\/types\/post"}],"author":[{"embeddable":true,"href":"https:\/\/www.africa-press.net\/cotedivoire\/wp-json\/wp\/v2\/users\/82"}],"replies":[{"embeddable":true,"href":"https:\/\/www.africa-press.net\/cotedivoire\/wp-json\/wp\/v2\/comments?post=75156"}],"version-history":[{"count":0,"href":"https:\/\/www.africa-press.net\/cotedivoire\/wp-json\/wp\/v2\/posts\/75156\/revisions"}],"wp:featuredmedia":[{"embeddable":true,"href":"https:\/\/www.africa-press.net\/cotedivoire\/wp-json\/wp\/v2\/media\/75155"}],"wp:attachment":[{"href":"https:\/\/www.africa-press.net\/cotedivoire\/wp-json\/wp\/v2\/media?parent=75156"}],"wp:term":[{"taxonomy":"category","embeddable":true,"href":"https:\/\/www.africa-press.net\/cotedivoire\/wp-json\/wp\/v2\/categories?post=75156"},{"taxonomy":"post_tag","embeddable":true,"href":"https:\/\/www.africa-press.net\/cotedivoire\/wp-json\/wp\/v2\/tags?post=75156"}],"curies":[{"name":"wp","href":"https:\/\/api.w.org\/{rel}","templated":true}]}}