{"id":75384,"date":"2024-02-24T17:15:50","date_gmt":"2024-02-24T17:15:50","guid":{"rendered":"https:\/\/www.africa-press.net\/cotedivoire\/politique\/crise-a-la-cedeao-alassane-ouattara-atterrit-a-abuja"},"modified":"2024-02-24T17:51:59","modified_gmt":"2024-02-24T17:51:59","slug":"crise-a-la-cedeao-alassane-ouattara-atterrit-a-abuja","status":"publish","type":"post","link":"https:\/\/www.africa-press.net\/cotedivoire\/politique\/crise-a-la-cedeao-alassane-ouattara-atterrit-a-abuja","title":{"rendered":"Crise \u00e0 la Cedeao, Alassane Ouattara atterrit \u00e0 Abuja"},"content":{"rendered":"<p><span style=\"color: #ff6600\"><strong>Africa-Press &#8211; C\u00f4te d&rsquo;Ivoire. <\/strong><\/span>En pleine crise avec le Burkina, Mali et Niger, Alassane Ouattara, est arrive\u0301, ce vendredi 23 fe\u0301vrier 2024, a\u0300 Abuja (Nigeria), en vue de prendre part, le samedi 24 fe\u0301vrier 2024, au Sommet extraordinaire de la Communaute\u0301 E\u0301conomique Des E\u0301tats de l\u2019Afrique de l\u2019Ouest (CEDEAO).<\/p>\n<p>Son objet officiel est la situation se\u0301curitaire et politique dans la sous-re\u0301gion.<\/p>\n<p>Le service de presse de la Pre\u0301sidence nous informe que ce Sommet \u00ab\u00a0examinera les derniers de\u0301veloppements de l\u2019actualite\u0301 dans l\u2019espace communautaire suite a\u0300 l\u2019annonce du retrait du Mali, du Burkina Faso et du Niger de l\u2019Institution sous-re\u0301gionale. L\u2019e\u0301volution de la situation sociopolitique au Niger sera e\u0301galement e\u0301voque\u0301e.\u00a0\u00bb<\/p>\n<p>Au niveau de la se\u0301curite\u0301, les Chefs d\u2019E\u0301tat et de Gouvernement passeront en revue les<\/p>\n<p>nombreux de\u0301fis auxquels est confronte\u0301e la zone.<\/p>\n<p>Par ailleurs et comme de coutume, un Communique\u0301 final sanctionnera les travaux de ce Sommet extraordinaire de la CEDEAO.<\/p>\n<p>En marge de cette Session, les Chefs d\u2019E\u0301tat des pays membres de l\u2019Union E\u0301conomique et Mone\u0301taire Ouest Africaine (UEMOA) se retrouveront e\u0301galement pour un Sommet extraordinaire de l\u2019Union. Les travaux porteront sur l\u2019analyse de la situation socioe\u0301conomique dans l\u2019union.<\/p>\n<p>Le Chef de l\u2019E\u0301tat ivoirien qui a pre\u0301pare\u0301 le sommet avec Faure vendredi dernier en sa re\u0301sidence de Cocody, regagnera Abidjan le samedi 24 fe\u0301vrier 2024.<\/p>\n<p><strong>Pour plus d&rsquo;informations et d&rsquo;analyses sur la <a href=\"https:\/\/www.africa-press.net\/cotedivoire\">C\u00f4te d&rsquo;Ivoire<\/a>, suivez <a href=\"https:\/\/www.africa-press.net\/\">Africa-Press<\/a><\/strong><\/p>\n","protected":false},"excerpt":{"rendered":"<p>Africa-Press &#8211; C\u00f4te d&rsquo;Ivoire. En pleine crise avec le Burkina, Mali et Niger, Alassane Ouattara, est arrive\u0301, ce vendredi 23 fe\u0301vrier 2024, a\u0300 Abuja (Nigeria), en vue de prendre part, le samedi 24 fe\u0301vrier 2024, au Sommet extraordinaire de la Communaute\u0301 E\u0301conomique Des E\u0301tats de l\u2019Afrique de l\u2019Ouest (CEDEAO). Son objet officiel est la situation [&hellip;]<\/p>\n","protected":false},"author":82,"featured_media":75383,"comment_status":"open","ping_status":"closed","sticky":false,"template":"","format":"standard","meta":{"footnotes":""},"categories":[2,10],"tags":[3256,56,63,38,1150,29,1634],"class_list":["post-75384","post","type-post","status-publish","format-standard","has-post-thumbnail","hentry","category-politique","category-toutes-les-actualites","tag-abuja","tag-africa-press","tag-africa-press-cote-divoire","tag-alassane-ouattara","tag-cedeao","tag-cote-divoire","tag-uemoa"],"yoast_head":"<!-- This site is optimized with the Yoast SEO Premium plugin v26.1 (Yoast SEO v27.0) - https:\/\/yoast.com\/product\/yoast-seo-premium-wordpress\/ -->\n<title>Crise \u00e0 la Cedeao, Alassane Ouattara atterrit \u00e0 Abuja - C\u00f4te d&#039;Ivoire<\/title>\n<meta name=\"description\" content=\"En pleine crise avec le Burkina, Mali et Niger, Alassane Ouattara, est arrive\u0301, ce vendredi 23 fe\u0301vrier 2024, a\u0300 Abuja ( ...\" \/>\n<meta name=\"robots\" content=\"index, follow, max-snippet:-1, max-image-preview:large, max-video-preview:-1\" \/>\n<link rel=\"canonical\" href=\"https:\/\/www.africa-press.net\/cotedivoire\/politique\/crise-a-la-cedeao-alassane-ouattara-atterrit-a-abuja\" \/>\n<meta property=\"og:locale\" content=\"fr_FR\" \/>\n<meta property=\"og:type\" content=\"article\" \/>\n<meta property=\"og:title\" content=\"Crise \u00e0 la Cedeao, Alassane Ouattara atterrit \u00e0 Abuja\" \/>\n<meta property=\"og:description\" content=\"En pleine crise avec le Burkina, Mali et Niger, Alassane Ouattara, est arrive\u0301, ce vendredi 23 fe\u0301vrier 2024, a\u0300 Abuja ( ...\" \/>\n<meta property=\"og:url\" content=\"https:\/\/www.africa-press.net\/cotedivoire\/politique\/crise-a-la-cedeao-alassane-ouattara-atterrit-a-abuja\" \/>\n<meta property=\"og:site_name\" content=\"C\u00f4te d&#039;Ivoire\" \/>\n<meta property=\"article:published_time\" content=\"2024-02-24T17:15:50+00:00\" \/>\n<meta property=\"article:modified_time\" content=\"2024-02-24T17:51:59+00:00\" \/>\n<meta property=\"og:image\" content=\"https:\/\/static.africa-press.net\/cote\/sites\/43\/2024\/02\/sm_1708784416.933298.jpg\" \/>\n\t<meta property=\"og:image:width\" content=\"720\" \/>\n\t<meta property=\"og:image:height\" content=\"486\" \/>\n\t<meta property=\"og:image:type\" content=\"image\/jpeg\" \/>\n<meta name=\"author\" content=\"cfeditorfr\" \/>\n<meta name=\"twitter:card\" content=\"summary_large_image\" \/>\n<meta name=\"twitter:label1\" content=\"\u00c9crit par\" \/>\n\t<meta name=\"twitter:data1\" content=\"cfeditorfr\" \/>\n\t<meta name=\"twitter:label2\" content=\"Dur\u00e9e de lecture estim\u00e9e\" \/>\n\t<meta name=\"twitter:data2\" content=\"1 minute\" \/>\n<script type=\"application\/ld+json\" class=\"yoast-schema-graph\">{\"@context\":\"https:\/\/schema.org\",\"@graph\":[{\"@type\":\"Article\",\"@id\":\"https:\/\/www.africa-press.net\/cotedivoire\/politique\/crise-a-la-cedeao-alassane-ouattara-atterrit-a-abuja#article\",\"isPartOf\":{\"@id\":\"https:\/\/www.africa-press.net\/cotedivoire\/politique\/crise-a-la-cedeao-alassane-ouattara-atterrit-a-abuja\"},\"author\":{\"name\":\"cfeditorfr\",\"@id\":\"https:\/\/www.africa-press.net\/cotedivoire\/#\/schema\/person\/2b1cf3cd81a31e3cd26889ca66d677f1\"},\"headline\":\"Crise \u00e0 la Cedeao, Alassane Ouattara atterrit \u00e0 Abuja\",\"datePublished\":\"2024-02-24T17:15:50+00:00\",\"dateModified\":\"2024-02-24T17:51:59+00:00\",\"mainEntityOfPage\":{\"@id\":\"https:\/\/www.africa-press.net\/cotedivoire\/politique\/crise-a-la-cedeao-alassane-ouattara-atterrit-a-abuja\"},\"wordCount\":272,\"commentCount\":0,\"image\":{\"@id\":\"https:\/\/www.africa-press.net\/cotedivoire\/politique\/crise-a-la-cedeao-alassane-ouattara-atterrit-a-abuja#primaryimage\"},\"thumbnailUrl\":\"https:\/\/static.africa-press.net\/cote\/sites\/43\/2024\/02\/sm_1708784416.933298.jpg\",\"keywords\":[\"Abuja\",\"Africa Press\",\"Africa Press-C\u00f4te d'Ivoire\",\"Alassane Ouattara\",\"CEDEAO\",\"C\u00d4TE D'IVOIRE\",\"UEMOA\"],\"articleSection\":[\"Politique\",\"Toutes les actualit\u00e9s\"],\"inLanguage\":\"fr-FR\",\"potentialAction\":[{\"@type\":\"CommentAction\",\"name\":\"Comment\",\"target\":[\"https:\/\/www.africa-press.net\/cotedivoire\/politique\/crise-a-la-cedeao-alassane-ouattara-atterrit-a-abuja#respond\"]}]},{\"@type\":\"WebPage\",\"@id\":\"https:\/\/www.africa-press.net\/cotedivoire\/politique\/crise-a-la-cedeao-alassane-ouattara-atterrit-a-abuja\",\"url\":\"https:\/\/www.africa-press.net\/cotedivoire\/politique\/crise-a-la-cedeao-alassane-ouattara-atterrit-a-abuja\",\"name\":\"Crise \u00e0 la Cedeao, Alassane Ouattara atterrit \u00e0 Abuja - C\u00f4te d&#039;Ivoire\",\"isPartOf\":{\"@id\":\"https:\/\/www.africa-press.net\/cotedivoire\/#website\"},\"primaryImageOfPage\":{\"@id\":\"https:\/\/www.africa-press.net\/cotedivoire\/politique\/crise-a-la-cedeao-alassane-ouattara-atterrit-a-abuja#primaryimage\"},\"image\":{\"@id\":\"https:\/\/www.africa-press.net\/cotedivoire\/politique\/crise-a-la-cedeao-alassane-ouattara-atterrit-a-abuja#primaryimage\"},\"thumbnailUrl\":\"https:\/\/static.africa-press.net\/cote\/sites\/43\/2024\/02\/sm_1708784416.933298.jpg\",\"datePublished\":\"2024-02-24T17:15:50+00:00\",\"dateModified\":\"2024-02-24T17:51:59+00:00\",\"author\":{\"@id\":\"https:\/\/www.africa-press.net\/cotedivoire\/#\/schema\/person\/2b1cf3cd81a31e3cd26889ca66d677f1\"},\"description\":\"En pleine crise avec le Burkina, Mali et Niger, Alassane Ouattara, est arrive\u0301, ce vendredi 23 fe\u0301vrier 2024, a\u0300 Abuja ( ...\",\"breadcrumb\":{\"@id\":\"https:\/\/www.africa-press.net\/cotedivoire\/politique\/crise-a-la-cedeao-alassane-ouattara-atterrit-a-abuja#breadcrumb\"},\"inLanguage\":\"fr-FR\",\"potentialAction\":[{\"@type\":\"ReadAction\",\"target\":[\"https:\/\/www.africa-press.net\/cotedivoire\/politique\/crise-a-la-cedeao-alassane-ouattara-atterrit-a-abuja\"]}]},{\"@type\":\"ImageObject\",\"inLanguage\":\"fr-FR\",\"@id\":\"https:\/\/www.africa-press.net\/cotedivoire\/politique\/crise-a-la-cedeao-alassane-ouattara-atterrit-a-abuja#primaryimage\",\"url\":\"https:\/\/static.africa-press.net\/cote\/sites\/43\/2024\/02\/sm_1708784416.933298.jpg\",\"contentUrl\":\"https:\/\/static.africa-press.net\/cote\/sites\/43\/2024\/02\/sm_1708784416.933298.jpg\",\"width\":720,\"height\":486,\"caption\":\"Crise \u00e0 la Cedeao, Alassane Ouattara atterrit \u00e0 Abuja\"},{\"@type\":\"BreadcrumbList\",\"@id\":\"https:\/\/www.africa-press.net\/cotedivoire\/politique\/crise-a-la-cedeao-alassane-ouattara-atterrit-a-abuja#breadcrumb\",\"itemListElement\":[{\"@type\":\"ListItem\",\"position\":1,\"name\":\"Accueil\",\"item\":\"https:\/\/www.africa-press.net\/cotedivoire\/\"},{\"@type\":\"ListItem\",\"position\":2,\"name\":\"Crise \u00e0 la Cedeao, Alassane Ouattara atterrit \u00e0 Abuja\"}]},{\"@type\":\"WebSite\",\"@id\":\"https:\/\/www.africa-press.net\/cotedivoire\/#website\",\"url\":\"https:\/\/www.africa-press.net\/cotedivoire\/\",\"name\":\"C\u00f4te d&#039;Ivoire\",\"description\":\"Just another Africa News Agency Sites site\",\"potentialAction\":[{\"@type\":\"SearchAction\",\"target\":{\"@type\":\"EntryPoint\",\"urlTemplate\":\"https:\/\/www.africa-press.net\/cotedivoire\/?s={search_term_string}\"},\"query-input\":{\"@type\":\"PropertyValueSpecification\",\"valueRequired\":true,\"valueName\":\"search_term_string\"}}],\"inLanguage\":\"fr-FR\"},{\"@type\":\"Person\",\"@id\":\"https:\/\/www.africa-press.net\/cotedivoire\/#\/schema\/person\/2b1cf3cd81a31e3cd26889ca66d677f1\",\"name\":\"cfeditorfr\"}]}<\/script>\n<!-- \/ Yoast SEO Premium plugin. -->","yoast_head_json":{"title":"Crise \u00e0 la Cedeao, Alassane Ouattara atterrit \u00e0 Abuja - C\u00f4te d&#039;Ivoire","description":"En pleine crise avec le Burkina, Mali et Niger, Alassane Ouattara, est arrive\u0301, ce vendredi 23 fe\u0301vrier 2024, a\u0300 Abuja ( ...","robots":{"index":"index","follow":"follow","max-snippet":"max-snippet:-1","max-image-preview":"max-image-preview:large","max-video-preview":"max-video-preview:-1"},"canonical":"https:\/\/www.africa-press.net\/cotedivoire\/politique\/crise-a-la-cedeao-alassane-ouattara-atterrit-a-abuja","og_locale":"fr_FR","og_type":"article","og_title":"Crise \u00e0 la Cedeao, Alassane Ouattara atterrit \u00e0 Abuja","og_description":"En pleine crise avec le Burkina, Mali et Niger, Alassane Ouattara, est arrive\u0301, ce vendredi 23 fe\u0301vrier 2024, a\u0300 Abuja ( ...","og_url":"https:\/\/www.africa-press.net\/cotedivoire\/politique\/crise-a-la-cedeao-alassane-ouattara-atterrit-a-abuja","og_site_name":"C\u00f4te d&#039;Ivoire","article_published_time":"2024-02-24T17:15:50+00:00","article_modified_time":"2024-02-24T17:51:59+00:00","og_image":[{"width":720,"height":486,"url":"https:\/\/static.africa-press.net\/cote\/sites\/43\/2024\/02\/sm_1708784416.933298.jpg","type":"image\/jpeg"}],"author":"cfeditorfr","twitter_card":"summary_large_image","twitter_misc":{"\u00c9crit par":"cfeditorfr","Dur\u00e9e de lecture estim\u00e9e":"1 minute"},"schema":{"@context":"https:\/\/schema.org","@graph":[{"@type":"Article","@id":"https:\/\/www.africa-press.net\/cotedivoire\/politique\/crise-a-la-cedeao-alassane-ouattara-atterrit-a-abuja#article","isPartOf":{"@id":"https:\/\/www.africa-press.net\/cotedivoire\/politique\/crise-a-la-cedeao-alassane-ouattara-atterrit-a-abuja"},"author":{"name":"cfeditorfr","@id":"https:\/\/www.africa-press.net\/cotedivoire\/#\/schema\/person\/2b1cf3cd81a31e3cd26889ca66d677f1"},"headline":"Crise \u00e0 la Cedeao, Alassane Ouattara atterrit \u00e0 Abuja","datePublished":"2024-02-24T17:15:50+00:00","dateModified":"2024-02-24T17:51:59+00:00","mainEntityOfPage":{"@id":"https:\/\/www.africa-press.net\/cotedivoire\/politique\/crise-a-la-cedeao-alassane-ouattara-atterrit-a-abuja"},"wordCount":272,"commentCount":0,"image":{"@id":"https:\/\/www.africa-press.net\/cotedivoire\/politique\/crise-a-la-cedeao-alassane-ouattara-atterrit-a-abuja#primaryimage"},"thumbnailUrl":"https:\/\/static.africa-press.net\/cote\/sites\/43\/2024\/02\/sm_1708784416.933298.jpg","keywords":["Abuja","Africa Press","Africa Press-C\u00f4te d'Ivoire","Alassane Ouattara","CEDEAO","C\u00d4TE D'IVOIRE","UEMOA"],"articleSection":["Politique","Toutes les actualit\u00e9s"],"inLanguage":"fr-FR","potentialAction":[{"@type":"CommentAction","name":"Comment","target":["https:\/\/www.africa-press.net\/cotedivoire\/politique\/crise-a-la-cedeao-alassane-ouattara-atterrit-a-abuja#respond"]}]},{"@type":"WebPage","@id":"https:\/\/www.africa-press.net\/cotedivoire\/politique\/crise-a-la-cedeao-alassane-ouattara-atterrit-a-abuja","url":"https:\/\/www.africa-press.net\/cotedivoire\/politique\/crise-a-la-cedeao-alassane-ouattara-atterrit-a-abuja","name":"Crise \u00e0 la Cedeao, Alassane Ouattara atterrit \u00e0 Abuja - C\u00f4te d&#039;Ivoire","isPartOf":{"@id":"https:\/\/www.africa-press.net\/cotedivoire\/#website"},"primaryImageOfPage":{"@id":"https:\/\/www.africa-press.net\/cotedivoire\/politique\/crise-a-la-cedeao-alassane-ouattara-atterrit-a-abuja#primaryimage"},"image":{"@id":"https:\/\/www.africa-press.net\/cotedivoire\/politique\/crise-a-la-cedeao-alassane-ouattara-atterrit-a-abuja#primaryimage"},"thumbnailUrl":"https:\/\/static.africa-press.net\/cote\/sites\/43\/2024\/02\/sm_1708784416.933298.jpg","datePublished":"2024-02-24T17:15:50+00:00","dateModified":"2024-02-24T17:51:59+00:00","author":{"@id":"https:\/\/www.africa-press.net\/cotedivoire\/#\/schema\/person\/2b1cf3cd81a31e3cd26889ca66d677f1"},"description":"En pleine crise avec le Burkina, Mali et Niger, Alassane Ouattara, est arrive\u0301, ce vendredi 23 fe\u0301vrier 2024, a\u0300 Abuja ( ...","breadcrumb":{"@id":"https:\/\/www.africa-press.net\/cotedivoire\/politique\/crise-a-la-cedeao-alassane-ouattara-atterrit-a-abuja#breadcrumb"},"inLanguage":"fr-FR","potentialAction":[{"@type":"ReadAction","target":["https:\/\/www.africa-press.net\/cotedivoire\/politique\/crise-a-la-cedeao-alassane-ouattara-atterrit-a-abuja"]}]},{"@type":"ImageObject","inLanguage":"fr-FR","@id":"https:\/\/www.africa-press.net\/cotedivoire\/politique\/crise-a-la-cedeao-alassane-ouattara-atterrit-a-abuja#primaryimage","url":"https:\/\/static.africa-press.net\/cote\/sites\/43\/2024\/02\/sm_1708784416.933298.jpg","contentUrl":"https:\/\/static.africa-press.net\/cote\/sites\/43\/2024\/02\/sm_1708784416.933298.jpg","width":720,"height":486,"caption":"Crise \u00e0 la Cedeao, Alassane Ouattara atterrit \u00e0 Abuja"},{"@type":"BreadcrumbList","@id":"https:\/\/www.africa-press.net\/cotedivoire\/politique\/crise-a-la-cedeao-alassane-ouattara-atterrit-a-abuja#breadcrumb","itemListElement":[{"@type":"ListItem","position":1,"name":"Accueil","item":"https:\/\/www.africa-press.net\/cotedivoire\/"},{"@type":"ListItem","position":2,"name":"Crise \u00e0 la Cedeao, Alassane Ouattara atterrit \u00e0 Abuja"}]},{"@type":"WebSite","@id":"https:\/\/www.africa-press.net\/cotedivoire\/#website","url":"https:\/\/www.africa-press.net\/cotedivoire\/","name":"C\u00f4te d&#039;Ivoire","description":"Just another Africa News Agency Sites site","potentialAction":[{"@type":"SearchAction","target":{"@type":"EntryPoint","urlTemplate":"https:\/\/www.africa-press.net\/cotedivoire\/?s={search_term_string}"},"query-input":{"@type":"PropertyValueSpecification","valueRequired":true,"valueName":"search_term_string"}}],"inLanguage":"fr-FR"},{"@type":"Person","@id":"https:\/\/www.africa-press.net\/cotedivoire\/#\/schema\/person\/2b1cf3cd81a31e3cd26889ca66d677f1","name":"cfeditorfr"}]}},"_links":{"self":[{"href":"https:\/\/www.africa-press.net\/cotedivoire\/wp-json\/wp\/v2\/posts\/75384","targetHints":{"allow":["GET"]}}],"collection":[{"href":"https:\/\/www.africa-press.net\/cotedivoire\/wp-json\/wp\/v2\/posts"}],"about":[{"href":"https:\/\/www.africa-press.net\/cotedivoire\/wp-json\/wp\/v2\/types\/post"}],"author":[{"embeddable":true,"href":"https:\/\/www.africa-press.net\/cotedivoire\/wp-json\/wp\/v2\/users\/82"}],"replies":[{"embeddable":true,"href":"https:\/\/www.africa-press.net\/cotedivoire\/wp-json\/wp\/v2\/comments?post=75384"}],"version-history":[{"count":0,"href":"https:\/\/www.africa-press.net\/cotedivoire\/wp-json\/wp\/v2\/posts\/75384\/revisions"}],"wp:featuredmedia":[{"embeddable":true,"href":"https:\/\/www.africa-press.net\/cotedivoire\/wp-json\/wp\/v2\/media\/75383"}],"wp:attachment":[{"href":"https:\/\/www.africa-press.net\/cotedivoire\/wp-json\/wp\/v2\/media?parent=75384"}],"wp:term":[{"taxonomy":"category","embeddable":true,"href":"https:\/\/www.africa-press.net\/cotedivoire\/wp-json\/wp\/v2\/categories?post=75384"},{"taxonomy":"post_tag","embeddable":true,"href":"https:\/\/www.africa-press.net\/cotedivoire\/wp-json\/wp\/v2\/tags?post=75384"}],"curies":[{"name":"wp","href":"https:\/\/api.w.org\/{rel}","templated":true}]}}