{"id":75480,"date":"2024-02-27T17:45:04","date_gmt":"2024-02-27T17:45:04","guid":{"rendered":"https:\/\/www.africa-press.net\/cotedivoire\/politique\/securite-routiere-le-pays-accueille-le-lancement-de-la-campagne-mondiale-des-nations-unies"},"modified":"2024-02-27T18:28:19","modified_gmt":"2024-02-27T18:28:19","slug":"securite-routiere-le-pays-accueille-le-lancement-de-la-campagne-mondiale-des-nations-unies","status":"publish","type":"post","link":"https:\/\/www.africa-press.net\/cotedivoire\/toutes-les-actualites\/securite-routiere-le-pays-accueille-le-lancement-de-la-campagne-mondiale-des-nations-unies","title":{"rendered":"S\u00e9curit\u00e9 routi\u00e8re,  le pays  accueille le lancement de la Campagne mondiale des Nations Unies"},"content":{"rendered":"<p><span style=\"color: #ff6600\"><strong>Africa-Press &#8211; C\u00f4te d&rsquo;Ivoire. <\/strong><\/span>Apre\u0300s Bruxelles (Belgique) pour la zone Europe en septembre 2023, c\u2019est au tour de la Co\u0302te d\u2019Ivoire d\u2019accueillir le lancement pour la zone Afrique de la campagne mondiale des nations unies pour la se\u0301curite\u0301 routie\u0300re les 2 et 3 mars 2024 a\u0300 Bouake\u0301.<\/p>\n<p>Co-organise\u0301e par l\u2019Envoye\u0301 Spe\u0301cial du secre\u0301taire Ge\u0301ne\u0301ral des Nations Unies pour la se\u0301curite\u0301 routie\u0300re, Jean Todt avec la collaboration de JCDECAUX et le Ministe\u0300re des Transports, l&rsquo;initiative vise a\u0300 acce\u0301le\u0301rer la lutte contre les accidents de la route, premie\u0300res causes de mortalite\u0301 dans le monde pour les jeunes de 5 a\u0300 29 ans.<\/p>\n<p>Pour l&rsquo;occasion, outre la confe\u0301rence de lancement suivie d\u2019un point de presse et la de\u0301couverte du site d\u2019affichage des messages de sensibilisation, l\u2019e\u0301ve\u0301nement sera marque\u0301 des actions terrain avec la socie\u0301te\u0301 civile et les transporteurs mais aussi et surtout la tenue d\u2019un atelier sur la collecte des donne\u0301es des accidents de la circulation en Co\u0302te d\u2019Ivoire.<\/p>\n<p>\u00abActions mondiales face aux de\u0301fis des donne\u0301es et indicateurs cle\u0301s sur la se\u0301curite\u0301 routie\u0300re: Ro\u0302les et contributions des moyens humains et des ressources technologiques \u00bb, est le the\u0300me de l\u2019atelier couple\u0301 au lancement de cette campagne mondiale. Pour les autorite\u0301s ivoiriennes, l&rsquo;organisation de cet atelier vise notamment a\u0300 cre\u0301er une base de donne\u0301es des accidents de la circulation en Co\u0302te d\u2019Ivoire mais e\u0301galement a\u0300 fournir des re\u0301ponses claires au projet de campagne de sensibilisation sur la se\u0301curite\u0301 routie\u0300re.<\/p>\n<p>Premier e\u0301ve\u0301nement de lancement de la campagne en Afrique, cette initiative conjointe de l\u2019ONU et du gouvernement ivoirien a surtout pour objectif de sensibiliser les usagers sur les principales causes d\u2019accidents de la circulation, notamment: la conduite en e\u0301tat d\u2019ivresse, la somnolence, la ne\u0301gligence, le non-port de la ceinture de se\u0301curite\u0301 et du casque, le non-respect du code de la route. D\u2019inciter au rajeunissement du parc automobile ; de sensibiliser les automobilistes au respect des usagers vulne\u0301rables (pie\u0301tons) ; de sensibiliser les automobilistes, motocyclistes sur la de\u0301tention de vrais permis de conduire.<\/p>\n<p>Donatien Kautcha, Abidjan<\/p>\n<p><strong>Pour plus d&rsquo;informations et d&rsquo;analyses sur la <a href=\"https:\/\/www.africa-press.net\/cotedivoire\">C\u00f4te d&rsquo;Ivoire<\/a>, suivez <a href=\"https:\/\/www.africa-press.net\/\">Africa-Press<\/a><\/strong><\/p>\n","protected":false},"excerpt":{"rendered":"<p>Africa-Press &#8211; C\u00f4te d&rsquo;Ivoire. Apre\u0300s Bruxelles (Belgique) pour la zone Europe en septembre 2023, c\u2019est au tour de la Co\u0302te d\u2019Ivoire d\u2019accueillir le lancement pour la zone Afrique de la campagne mondiale des nations unies pour la se\u0301curite\u0301 routie\u0300re les 2 et 3 mars 2024 a\u0300 Bouake\u0301. Co-organise\u0301e par l\u2019Envoye\u0301 Spe\u0301cial du secre\u0301taire Ge\u0301ne\u0301ral des [&hellip;]<\/p>\n","protected":false},"author":82,"featured_media":75479,"comment_status":"open","ping_status":"closed","sticky":false,"template":"","format":"standard","meta":{"footnotes":""},"categories":[21,10],"tags":[56,63,390,29,12674,9935,12673,4211,303,2218,12675],"class_list":["post-75480","post","type-post","status-publish","format-standard","has-post-thumbnail","hentry","category-communaute","category-toutes-les-actualites","tag-africa-press","tag-africa-press-cote-divoire","tag-amadou-kone","tag-cote-divoire","tag-jcdecaux","tag-jean-todt","tag-nations","tag-routiere","tag-securite","tag-transport","tag-unies"],"yoast_head":"<!-- This site is optimized with the Yoast SEO Premium plugin v26.1 (Yoast SEO v27.0) - https:\/\/yoast.com\/product\/yoast-seo-premium-wordpress\/ -->\n<title>S\u00e9curit\u00e9 routi\u00e8re, le pays accueille le lancement de la Campagne mondiale des Nations Unies - C\u00f4te d&#039;Ivoire<\/title>\n<meta name=\"description\" content=\"Apre\u0300s Bruxelles (Belgique) pour la zone Europe en septembre 2023, c\u2019est au tour de la Co\u0302te d\u2019Ivoire d\u2019accueillir le la ...\" \/>\n<meta name=\"robots\" content=\"index, follow, max-snippet:-1, max-image-preview:large, max-video-preview:-1\" \/>\n<link rel=\"canonical\" href=\"https:\/\/www.africa-press.net\/cotedivoire\/toutes-les-actualites\/securite-routiere-le-pays-accueille-le-lancement-de-la-campagne-mondiale-des-nations-unies\" \/>\n<meta property=\"og:locale\" content=\"fr_FR\" \/>\n<meta property=\"og:type\" content=\"article\" \/>\n<meta property=\"og:title\" content=\"S\u00e9curit\u00e9 routi\u00e8re, le pays accueille le lancement de la Campagne mondiale des Nations Unies\" \/>\n<meta property=\"og:description\" content=\"Apre\u0300s Bruxelles (Belgique) pour la zone Europe en septembre 2023, c\u2019est au tour de la Co\u0302te d\u2019Ivoire d\u2019accueillir le la ...\" \/>\n<meta property=\"og:url\" content=\"https:\/\/www.africa-press.net\/cotedivoire\/toutes-les-actualites\/securite-routiere-le-pays-accueille-le-lancement-de-la-campagne-mondiale-des-nations-unies\" \/>\n<meta property=\"og:site_name\" content=\"C\u00f4te d&#039;Ivoire\" \/>\n<meta property=\"article:published_time\" content=\"2024-02-27T17:45:04+00:00\" \/>\n<meta property=\"article:modified_time\" content=\"2024-02-27T18:28:19+00:00\" \/>\n<meta property=\"og:image\" content=\"https:\/\/static.africa-press.net\/cote\/sites\/43\/2024\/02\/sm_1709045191.735044.jpg\" \/>\n\t<meta property=\"og:image:width\" content=\"720\" \/>\n\t<meta property=\"og:image:height\" content=\"438\" \/>\n\t<meta property=\"og:image:type\" content=\"image\/jpeg\" \/>\n<meta name=\"author\" content=\"cfeditorfr\" \/>\n<meta name=\"twitter:card\" content=\"summary_large_image\" \/>\n<meta name=\"twitter:label1\" content=\"\u00c9crit par\" \/>\n\t<meta name=\"twitter:data1\" content=\"cfeditorfr\" \/>\n\t<meta name=\"twitter:label2\" content=\"Dur\u00e9e de lecture estim\u00e9e\" \/>\n\t<meta name=\"twitter:data2\" content=\"2 minutes\" \/>\n<script type=\"application\/ld+json\" class=\"yoast-schema-graph\">{\"@context\":\"https:\/\/schema.org\",\"@graph\":[{\"@type\":\"Article\",\"@id\":\"https:\/\/www.africa-press.net\/cotedivoire\/toutes-les-actualites\/securite-routiere-le-pays-accueille-le-lancement-de-la-campagne-mondiale-des-nations-unies#article\",\"isPartOf\":{\"@id\":\"https:\/\/www.africa-press.net\/cotedivoire\/toutes-les-actualites\/securite-routiere-le-pays-accueille-le-lancement-de-la-campagne-mondiale-des-nations-unies\"},\"author\":{\"name\":\"cfeditorfr\",\"@id\":\"https:\/\/www.africa-press.net\/cotedivoire\/#\/schema\/person\/2b1cf3cd81a31e3cd26889ca66d677f1\"},\"headline\":\"S\u00e9curit\u00e9 routi\u00e8re, le pays accueille le lancement de la Campagne mondiale des Nations Unies\",\"datePublished\":\"2024-02-27T17:45:04+00:00\",\"dateModified\":\"2024-02-27T18:28:19+00:00\",\"mainEntityOfPage\":{\"@id\":\"https:\/\/www.africa-press.net\/cotedivoire\/toutes-les-actualites\/securite-routiere-le-pays-accueille-le-lancement-de-la-campagne-mondiale-des-nations-unies\"},\"wordCount\":416,\"commentCount\":0,\"image\":{\"@id\":\"https:\/\/www.africa-press.net\/cotedivoire\/toutes-les-actualites\/securite-routiere-le-pays-accueille-le-lancement-de-la-campagne-mondiale-des-nations-unies#primaryimage\"},\"thumbnailUrl\":\"https:\/\/static.africa-press.net\/cote\/sites\/43\/2024\/02\/sm_1709045191.735044.jpg\",\"keywords\":[\"Africa Press\",\"Africa Press-C\u00f4te d'Ivoire\",\"Amadou Kon\u00e9\",\"C\u00d4TE D'IVOIRE\",\"JCDECAUX\",\"Jean Todt\",\"Nations\",\"routi\u00e8re\",\"SECURITE\",\"transport\",\"Unies\"],\"articleSection\":[\"Communaut\u00e9\",\"Toutes les actualit\u00e9s\"],\"inLanguage\":\"fr-FR\",\"potentialAction\":[{\"@type\":\"CommentAction\",\"name\":\"Comment\",\"target\":[\"https:\/\/www.africa-press.net\/cotedivoire\/toutes-les-actualites\/securite-routiere-le-pays-accueille-le-lancement-de-la-campagne-mondiale-des-nations-unies#respond\"]}]},{\"@type\":\"WebPage\",\"@id\":\"https:\/\/www.africa-press.net\/cotedivoire\/toutes-les-actualites\/securite-routiere-le-pays-accueille-le-lancement-de-la-campagne-mondiale-des-nations-unies\",\"url\":\"https:\/\/www.africa-press.net\/cotedivoire\/toutes-les-actualites\/securite-routiere-le-pays-accueille-le-lancement-de-la-campagne-mondiale-des-nations-unies\",\"name\":\"S\u00e9curit\u00e9 routi\u00e8re, le pays accueille le lancement de la Campagne mondiale des Nations Unies - C\u00f4te d&#039;Ivoire\",\"isPartOf\":{\"@id\":\"https:\/\/www.africa-press.net\/cotedivoire\/#website\"},\"primaryImageOfPage\":{\"@id\":\"https:\/\/www.africa-press.net\/cotedivoire\/toutes-les-actualites\/securite-routiere-le-pays-accueille-le-lancement-de-la-campagne-mondiale-des-nations-unies#primaryimage\"},\"image\":{\"@id\":\"https:\/\/www.africa-press.net\/cotedivoire\/toutes-les-actualites\/securite-routiere-le-pays-accueille-le-lancement-de-la-campagne-mondiale-des-nations-unies#primaryimage\"},\"thumbnailUrl\":\"https:\/\/static.africa-press.net\/cote\/sites\/43\/2024\/02\/sm_1709045191.735044.jpg\",\"datePublished\":\"2024-02-27T17:45:04+00:00\",\"dateModified\":\"2024-02-27T18:28:19+00:00\",\"author\":{\"@id\":\"https:\/\/www.africa-press.net\/cotedivoire\/#\/schema\/person\/2b1cf3cd81a31e3cd26889ca66d677f1\"},\"description\":\"Apre\u0300s Bruxelles (Belgique) pour la zone Europe en septembre 2023, c\u2019est au tour de la Co\u0302te d\u2019Ivoire d\u2019accueillir le la ...\",\"breadcrumb\":{\"@id\":\"https:\/\/www.africa-press.net\/cotedivoire\/toutes-les-actualites\/securite-routiere-le-pays-accueille-le-lancement-de-la-campagne-mondiale-des-nations-unies#breadcrumb\"},\"inLanguage\":\"fr-FR\",\"potentialAction\":[{\"@type\":\"ReadAction\",\"target\":[\"https:\/\/www.africa-press.net\/cotedivoire\/toutes-les-actualites\/securite-routiere-le-pays-accueille-le-lancement-de-la-campagne-mondiale-des-nations-unies\"]}]},{\"@type\":\"ImageObject\",\"inLanguage\":\"fr-FR\",\"@id\":\"https:\/\/www.africa-press.net\/cotedivoire\/toutes-les-actualites\/securite-routiere-le-pays-accueille-le-lancement-de-la-campagne-mondiale-des-nations-unies#primaryimage\",\"url\":\"https:\/\/static.africa-press.net\/cote\/sites\/43\/2024\/02\/sm_1709045191.735044.jpg\",\"contentUrl\":\"https:\/\/static.africa-press.net\/cote\/sites\/43\/2024\/02\/sm_1709045191.735044.jpg\",\"width\":720,\"height\":438,\"caption\":\"S\u00e9curit\u00e9 routi\u00e8re, le pays accueille le lancement de la Campagne mondiale des Nations Unies\"},{\"@type\":\"BreadcrumbList\",\"@id\":\"https:\/\/www.africa-press.net\/cotedivoire\/toutes-les-actualites\/securite-routiere-le-pays-accueille-le-lancement-de-la-campagne-mondiale-des-nations-unies#breadcrumb\",\"itemListElement\":[{\"@type\":\"ListItem\",\"position\":1,\"name\":\"Accueil\",\"item\":\"https:\/\/www.africa-press.net\/cotedivoire\/\"},{\"@type\":\"ListItem\",\"position\":2,\"name\":\"S\u00e9curit\u00e9 routi\u00e8re, le pays accueille le lancement de la Campagne mondiale des Nations Unies\"}]},{\"@type\":\"WebSite\",\"@id\":\"https:\/\/www.africa-press.net\/cotedivoire\/#website\",\"url\":\"https:\/\/www.africa-press.net\/cotedivoire\/\",\"name\":\"C\u00f4te d&#039;Ivoire\",\"description\":\"Just another Africa News Agency Sites site\",\"potentialAction\":[{\"@type\":\"SearchAction\",\"target\":{\"@type\":\"EntryPoint\",\"urlTemplate\":\"https:\/\/www.africa-press.net\/cotedivoire\/?s={search_term_string}\"},\"query-input\":{\"@type\":\"PropertyValueSpecification\",\"valueRequired\":true,\"valueName\":\"search_term_string\"}}],\"inLanguage\":\"fr-FR\"},{\"@type\":\"Person\",\"@id\":\"https:\/\/www.africa-press.net\/cotedivoire\/#\/schema\/person\/2b1cf3cd81a31e3cd26889ca66d677f1\",\"name\":\"cfeditorfr\"}]}<\/script>\n<!-- \/ Yoast SEO Premium plugin. -->","yoast_head_json":{"title":"S\u00e9curit\u00e9 routi\u00e8re, le pays accueille le lancement de la Campagne mondiale des Nations Unies - C\u00f4te d&#039;Ivoire","description":"Apre\u0300s Bruxelles (Belgique) pour la zone Europe en septembre 2023, c\u2019est au tour de la Co\u0302te d\u2019Ivoire d\u2019accueillir le la ...","robots":{"index":"index","follow":"follow","max-snippet":"max-snippet:-1","max-image-preview":"max-image-preview:large","max-video-preview":"max-video-preview:-1"},"canonical":"https:\/\/www.africa-press.net\/cotedivoire\/toutes-les-actualites\/securite-routiere-le-pays-accueille-le-lancement-de-la-campagne-mondiale-des-nations-unies","og_locale":"fr_FR","og_type":"article","og_title":"S\u00e9curit\u00e9 routi\u00e8re, le pays accueille le lancement de la Campagne mondiale des Nations Unies","og_description":"Apre\u0300s Bruxelles (Belgique) pour la zone Europe en septembre 2023, c\u2019est au tour de la Co\u0302te d\u2019Ivoire d\u2019accueillir le la ...","og_url":"https:\/\/www.africa-press.net\/cotedivoire\/toutes-les-actualites\/securite-routiere-le-pays-accueille-le-lancement-de-la-campagne-mondiale-des-nations-unies","og_site_name":"C\u00f4te d&#039;Ivoire","article_published_time":"2024-02-27T17:45:04+00:00","article_modified_time":"2024-02-27T18:28:19+00:00","og_image":[{"width":720,"height":438,"url":"https:\/\/static.africa-press.net\/cote\/sites\/43\/2024\/02\/sm_1709045191.735044.jpg","type":"image\/jpeg"}],"author":"cfeditorfr","twitter_card":"summary_large_image","twitter_misc":{"\u00c9crit par":"cfeditorfr","Dur\u00e9e de lecture estim\u00e9e":"2 minutes"},"schema":{"@context":"https:\/\/schema.org","@graph":[{"@type":"Article","@id":"https:\/\/www.africa-press.net\/cotedivoire\/toutes-les-actualites\/securite-routiere-le-pays-accueille-le-lancement-de-la-campagne-mondiale-des-nations-unies#article","isPartOf":{"@id":"https:\/\/www.africa-press.net\/cotedivoire\/toutes-les-actualites\/securite-routiere-le-pays-accueille-le-lancement-de-la-campagne-mondiale-des-nations-unies"},"author":{"name":"cfeditorfr","@id":"https:\/\/www.africa-press.net\/cotedivoire\/#\/schema\/person\/2b1cf3cd81a31e3cd26889ca66d677f1"},"headline":"S\u00e9curit\u00e9 routi\u00e8re, le pays accueille le lancement de la Campagne mondiale des Nations Unies","datePublished":"2024-02-27T17:45:04+00:00","dateModified":"2024-02-27T18:28:19+00:00","mainEntityOfPage":{"@id":"https:\/\/www.africa-press.net\/cotedivoire\/toutes-les-actualites\/securite-routiere-le-pays-accueille-le-lancement-de-la-campagne-mondiale-des-nations-unies"},"wordCount":416,"commentCount":0,"image":{"@id":"https:\/\/www.africa-press.net\/cotedivoire\/toutes-les-actualites\/securite-routiere-le-pays-accueille-le-lancement-de-la-campagne-mondiale-des-nations-unies#primaryimage"},"thumbnailUrl":"https:\/\/static.africa-press.net\/cote\/sites\/43\/2024\/02\/sm_1709045191.735044.jpg","keywords":["Africa Press","Africa Press-C\u00f4te d'Ivoire","Amadou Kon\u00e9","C\u00d4TE D'IVOIRE","JCDECAUX","Jean Todt","Nations","routi\u00e8re","SECURITE","transport","Unies"],"articleSection":["Communaut\u00e9","Toutes les actualit\u00e9s"],"inLanguage":"fr-FR","potentialAction":[{"@type":"CommentAction","name":"Comment","target":["https:\/\/www.africa-press.net\/cotedivoire\/toutes-les-actualites\/securite-routiere-le-pays-accueille-le-lancement-de-la-campagne-mondiale-des-nations-unies#respond"]}]},{"@type":"WebPage","@id":"https:\/\/www.africa-press.net\/cotedivoire\/toutes-les-actualites\/securite-routiere-le-pays-accueille-le-lancement-de-la-campagne-mondiale-des-nations-unies","url":"https:\/\/www.africa-press.net\/cotedivoire\/toutes-les-actualites\/securite-routiere-le-pays-accueille-le-lancement-de-la-campagne-mondiale-des-nations-unies","name":"S\u00e9curit\u00e9 routi\u00e8re, le pays accueille le lancement de la Campagne mondiale des Nations Unies - C\u00f4te d&#039;Ivoire","isPartOf":{"@id":"https:\/\/www.africa-press.net\/cotedivoire\/#website"},"primaryImageOfPage":{"@id":"https:\/\/www.africa-press.net\/cotedivoire\/toutes-les-actualites\/securite-routiere-le-pays-accueille-le-lancement-de-la-campagne-mondiale-des-nations-unies#primaryimage"},"image":{"@id":"https:\/\/www.africa-press.net\/cotedivoire\/toutes-les-actualites\/securite-routiere-le-pays-accueille-le-lancement-de-la-campagne-mondiale-des-nations-unies#primaryimage"},"thumbnailUrl":"https:\/\/static.africa-press.net\/cote\/sites\/43\/2024\/02\/sm_1709045191.735044.jpg","datePublished":"2024-02-27T17:45:04+00:00","dateModified":"2024-02-27T18:28:19+00:00","author":{"@id":"https:\/\/www.africa-press.net\/cotedivoire\/#\/schema\/person\/2b1cf3cd81a31e3cd26889ca66d677f1"},"description":"Apre\u0300s Bruxelles (Belgique) pour la zone Europe en septembre 2023, c\u2019est au tour de la Co\u0302te d\u2019Ivoire d\u2019accueillir le la ...","breadcrumb":{"@id":"https:\/\/www.africa-press.net\/cotedivoire\/toutes-les-actualites\/securite-routiere-le-pays-accueille-le-lancement-de-la-campagne-mondiale-des-nations-unies#breadcrumb"},"inLanguage":"fr-FR","potentialAction":[{"@type":"ReadAction","target":["https:\/\/www.africa-press.net\/cotedivoire\/toutes-les-actualites\/securite-routiere-le-pays-accueille-le-lancement-de-la-campagne-mondiale-des-nations-unies"]}]},{"@type":"ImageObject","inLanguage":"fr-FR","@id":"https:\/\/www.africa-press.net\/cotedivoire\/toutes-les-actualites\/securite-routiere-le-pays-accueille-le-lancement-de-la-campagne-mondiale-des-nations-unies#primaryimage","url":"https:\/\/static.africa-press.net\/cote\/sites\/43\/2024\/02\/sm_1709045191.735044.jpg","contentUrl":"https:\/\/static.africa-press.net\/cote\/sites\/43\/2024\/02\/sm_1709045191.735044.jpg","width":720,"height":438,"caption":"S\u00e9curit\u00e9 routi\u00e8re, le pays accueille le lancement de la Campagne mondiale des Nations Unies"},{"@type":"BreadcrumbList","@id":"https:\/\/www.africa-press.net\/cotedivoire\/toutes-les-actualites\/securite-routiere-le-pays-accueille-le-lancement-de-la-campagne-mondiale-des-nations-unies#breadcrumb","itemListElement":[{"@type":"ListItem","position":1,"name":"Accueil","item":"https:\/\/www.africa-press.net\/cotedivoire\/"},{"@type":"ListItem","position":2,"name":"S\u00e9curit\u00e9 routi\u00e8re, le pays accueille le lancement de la Campagne mondiale des Nations Unies"}]},{"@type":"WebSite","@id":"https:\/\/www.africa-press.net\/cotedivoire\/#website","url":"https:\/\/www.africa-press.net\/cotedivoire\/","name":"C\u00f4te d&#039;Ivoire","description":"Just another Africa News Agency Sites site","potentialAction":[{"@type":"SearchAction","target":{"@type":"EntryPoint","urlTemplate":"https:\/\/www.africa-press.net\/cotedivoire\/?s={search_term_string}"},"query-input":{"@type":"PropertyValueSpecification","valueRequired":true,"valueName":"search_term_string"}}],"inLanguage":"fr-FR"},{"@type":"Person","@id":"https:\/\/www.africa-press.net\/cotedivoire\/#\/schema\/person\/2b1cf3cd81a31e3cd26889ca66d677f1","name":"cfeditorfr"}]}},"_links":{"self":[{"href":"https:\/\/www.africa-press.net\/cotedivoire\/wp-json\/wp\/v2\/posts\/75480","targetHints":{"allow":["GET"]}}],"collection":[{"href":"https:\/\/www.africa-press.net\/cotedivoire\/wp-json\/wp\/v2\/posts"}],"about":[{"href":"https:\/\/www.africa-press.net\/cotedivoire\/wp-json\/wp\/v2\/types\/post"}],"author":[{"embeddable":true,"href":"https:\/\/www.africa-press.net\/cotedivoire\/wp-json\/wp\/v2\/users\/82"}],"replies":[{"embeddable":true,"href":"https:\/\/www.africa-press.net\/cotedivoire\/wp-json\/wp\/v2\/comments?post=75480"}],"version-history":[{"count":0,"href":"https:\/\/www.africa-press.net\/cotedivoire\/wp-json\/wp\/v2\/posts\/75480\/revisions"}],"wp:featuredmedia":[{"embeddable":true,"href":"https:\/\/www.africa-press.net\/cotedivoire\/wp-json\/wp\/v2\/media\/75479"}],"wp:attachment":[{"href":"https:\/\/www.africa-press.net\/cotedivoire\/wp-json\/wp\/v2\/media?parent=75480"}],"wp:term":[{"taxonomy":"category","embeddable":true,"href":"https:\/\/www.africa-press.net\/cotedivoire\/wp-json\/wp\/v2\/categories?post=75480"},{"taxonomy":"post_tag","embeddable":true,"href":"https:\/\/www.africa-press.net\/cotedivoire\/wp-json\/wp\/v2\/tags?post=75480"}],"curies":[{"name":"wp","href":"https:\/\/api.w.org\/{rel}","templated":true}]}}