{"id":75588,"date":"2024-02-29T17:10:55","date_gmt":"2024-02-29T17:10:55","guid":{"rendered":"https:\/\/www.africa-press.net\/cotedivoire\/politique\/oublies-par-le-rhdp-des-responsables-de-lex-upci-demandent-a-etre-pris-en-compte-dans-la-gestion-du-pouvoir"},"modified":"2024-02-29T18:45:10","modified_gmt":"2024-02-29T18:45:10","slug":"oublies-par-le-rhdp-des-responsables-de-lex-upci-demandent-a-etre-pris-en-compte-dans-la-gestion-du-pouvoir","status":"publish","type":"post","link":"https:\/\/www.africa-press.net\/cotedivoire\/politique\/oublies-par-le-rhdp-des-responsables-de-lex-upci-demandent-a-etre-pris-en-compte-dans-la-gestion-du-pouvoir","title":{"rendered":"Oubli\u00e9s par le RHDP, des responsables de l&rsquo;ex-UPCI demandent \u00e0 \u00eatre pris en compte dans la gestion du pouvoir"},"content":{"rendered":"<p><span style=\"color: #ff6600\"><strong>Africa-Press &#8211; C\u00f4te d&rsquo;Ivoire. <\/strong><\/span>Membres fondateurs du Rassemblement des Houphoue\u0308tistes pour la De\u0301mocratie et la Paix (RHDP), parti au pouvoir, les responsables de l&rsquo;Union pour la Co\u0302te d&rsquo;Ivoire (UPCI) depuis l&rsquo;accession au pouvoir d&rsquo;E\u0301tat du pre\u0301sident Alassane Ouattara, sont royalement ignore\u0301s par les hauts responsables des instances dirigeantes du Rhdp. Une situation qu&rsquo;ils n&rsquo;appre\u0301cient gue\u0300re.<\/p>\n<p>Mardi 20 fe\u0301vrier dernier a\u0300 Cocody-Danga, le pre\u0301sident de l&rsquo;ex-Union pour la Co\u0302te d&rsquo;Ivoire (Upci), Sidibe\u0301 Yacouba, inspecteur de l&rsquo;Enseignement pre\u0301scolaire et primaire de son e\u0301tat, et son secre\u0301taire ge\u0301ne\u0301ral, Fadiga Mamadou, Directeur re\u0301gional du Commerce et de l&rsquo;industrie du Gbe\u0302ke\u0302 ont sans langue de bois, de\u0301nonce\u0301 cette situation, avant de lancer un cri de c\u0153ur en l&rsquo;endroit des tenants du pouvoir.<\/p>\n<p>Le Secre\u0301taire ge\u0301ne\u0301ral de l&rsquo;ex-UPCI a dans un premier temps proce\u0301de\u0301 a\u0300 un rappel historique de la lutte ayant conduit a\u0300 la cre\u0301ation du Rhdp en tant que parti politique. \u00ab Le 7 juillet 2018, au Palais de la culture, a\u0300 Treichville, nous avons organise\u0301 le congre\u0300s de recadrage ou de re\u0301inte\u0301gration de l&rsquo;UPCI au Rhdp apre\u0300s le de\u0301part de notre formation sur de\u0301cision de l&rsquo;ancienne direction. Nous e\u0301tions plus 5 mille militants rassemble\u0301s a\u0300 ce congre\u0300s. Nos camarades sont venus de Bouafle\u0301, Yamoussoukro, Ferkesse\u0301dougou \u00bb, raconte-t-il.<\/p>\n<p>Il poursuit: \u00ab Nous tenons a\u0300 traduire notre gratitude au pre\u0301sident du Rhdp, le Pre\u0301sident Alassane Ouattara, pour avoir accepte\u0301 notre retour au Rhdp. Nous remercions e\u0301galement la pre\u0301sidente du Se\u0301nat, Kandia Camara, ainsi que le ministre d&rsquo;Etat, ministre de la De\u0301fense, Te\u0301ne\u0301 Birahima Ouattara, pour avoir be\u0301ne\u0301ficie\u0301 de leur encadrement politique bienveillant dans le cadre de l&rsquo;organisation de ce congre\u0300s de recadrage ou de re\u0301inte\u0301gration de l&rsquo;UPCI au Rhdp\u00bb, renche\u0301rit-il.<\/p>\n<p>Sidibe\u0301 Yacouba et Fatiga Mamadou indiquent leur parti a pris une part active lors de la tenue de l&rsquo;Assemble\u0301e ge\u0301ne\u0301rale et du congre\u0300s constitutif du Rhdp. \u00ab Nous faisons partie des 66 membres fondateurs du Rhdp en tant que parti politique. Nous avons pris une part active dans la tenue de lAssemble\u0301e ge\u0301ne\u0301rale constitutive du Rhdp, le 16 juillet 2018 au Palais des congre\u0300s de l&rsquo;Ho\u0302tel Ivoire. Ensuite, a suivi le congre\u0300s constitutif du Rhdp, le 19 janvier 2019. Congre\u0300s auquel nous avons e\u0301galement participe\u0301 en tant que membres fondateurs issus de l&rsquo;ex-UPCI. Bien plus, sous les Premiers ministres Amadou Gon Coulibaly, Hamed Bakayoko et Patrick Achi, ces responsables de l&rsquo;UPCI ont participe\u0301 activement au dialogue politique. Nous n&rsquo;avons perc\u0327u aucune subvention exceptionnelle due a\u0300 notre participation a\u0300 ces diffe\u0301rents dialogues politiques contrairement a\u0300 tous les autres participants qui en ont perc\u0327u \u00bb regrettent-ils.<\/p>\n<p>Et d&rsquo;ajouter: \u00ab Nous sommes les deux responsables d&rsquo;ex-partis politiques au sein du Rhdp dont les noms sont sur le re\u0301ce\u0301pisse\u0301 loge\u0301 au ministe\u0300re de l&rsquo;inte\u0301rieur. Tout ceci te\u0301moigne de notre total et entier engagement dans le combat ayant abouti a\u0300 la constitution du parti politique qu&rsquo;est le RHDP \u00bb, souligne Fadiga Mamadou.<\/p>\n<p>Celui-ci ne comprend donc pas qu&rsquo;avec un tel combat acharne\u0301, aucun cadre de l&rsquo;ex-Upci ne soit nomme\u0301 a\u0300 un quelconque poste de responsabilite\u0301 politique comme administrative jusqu&rsquo;a\u0300 ce jour.<\/p>\n<p>\u00ab Les choses se sont bien passe\u0301es jusqu&rsquo;au moment ou\u0300 nous avions trois de\u0301pute\u0301s UPCI a\u0300 l&rsquo;Assemble\u0301e nationale. Belmonde Dogo avait de\u0301missionne\u0301 de l&rsquo;Upci. Lorsqu\u2019elle a e\u0301te\u0301 nomme\u0301e, elle a de\u0301clare\u0301 officiellement l&rsquo;avoir e\u0301te\u0301 en tant que Rhdp et non ex-UPCI. Nous sommes donc les deux seuls responsables d&rsquo;ex-partis du Rhdp a\u0300 n&rsquo;avoir be\u0301ne\u0301ficie\u0301 d&rsquo;aucune nomination ou faveur \u00bb, de\u0301plore Fadiga Mamadou.<\/p>\n<p>\u00ab Apre\u0300s la mise en place du Conseil politique, sous Adama Bictogo, nous n&rsquo;avons plus e\u0301te\u0301 associe\u0301s aux activite\u0301s du parti. Que ce soit avec le Secre\u0301tariat exe\u0301cutif ou la Direction exe\u0301cutive. L&rsquo;un de nos farouches adversaires lors de la bataille pour l&rsquo;adhe\u0301sion de l&rsquo;UPCI au Rhdp serait nomme\u0301. Cette me\u0302me personne nous a combattus a\u0300 Koumassi quand nous e\u0301tions sur le terrain en vue de l&rsquo;e\u0301lection du ministre Cisse\u0301 Bacongo a\u0300 la te\u0302te de cette commune. Nos militants ne comprennent pas la situation que nous vivons. Ils nous interpellent re\u0301gulie\u0300rement pour e\u0302tre situe\u0301s. Ils sont a\u0300 bout puisque nous n&rsquo;avons pas d&rsquo;interlocuteurs pour e\u0302tre situe\u0301s, afin de leur remonter les informations \u00bb, a confie\u0301 pour sa part le pre\u0301sident de l&rsquo;ex-Upci, Sidibe\u0301 Yacouba.<\/p>\n<p>\u00ab Nous sommes reste\u0301s constants et loyaux dans la lutte contrairement a\u0300 certains qui sont partis. D&rsquo;autres ont me\u0302me pris part a\u0300 la regrettable de\u0301sobe\u0301issance civile. Revenus au Rhdp, ce sont eux qui sont nomme\u0301s comparativement a\u0300 nous autres qui n&rsquo;avons pas trahi. Ils sont au Se\u0301nat, au Conseil e\u0301conomique, social, environnemental et culturel ainsi qu&rsquo;a\u0300 divers hauts postes dans l&rsquo;administration \u00bb, poursuit-il avec amertume.<\/p>\n<p>Les responsables de l&rsquo;ex-Union pour la Re\u0301publique \u00ab conside\u0300rent le Pre\u0301sident Alassane Ouattara comme le pe\u0300re de toute la famille Rhdp ; un homme juste, un visionnaire dont les grands chantiers de de\u0301veloppement re\u0301alise\u0301s font la fierte\u0301 de toute la Co\u0302te dIvoire\u00bb.<\/p>\n<p>Aussi, au moment ou\u0300 les batailles de 2025 pointent a\u0300 l&rsquo;horizon avec leurs enjeux cruciaux, ils lancent un cri de c\u0153ur a\u0300 l&rsquo;endroit du chef de l&rsquo;E\u0301tat Alassane Ouattara. Ils souhaitent e\u0302tre pris en compte dans les nominations et surtout avoir des interlocuteurs au niveau des instances dirigeantes du Rhdp pour la remonte\u0301e des informations vers \u00ab les vaillants militants avec lesquels ils ont commence\u0301 le combat \u00bb. Vivement que leur cri du c\u0153ur soit entendu !<\/p>\n<p><strong>Pour plus d&rsquo;informations et d&rsquo;analyses sur la <a href=\"https:\/\/www.africa-press.net\/cotedivoire\">C\u00f4te d&rsquo;Ivoire<\/a>, suivez <a href=\"https:\/\/www.africa-press.net\/\">Africa-Press<\/a><\/strong><\/p>\n","protected":false},"excerpt":{"rendered":"<p>Africa-Press &#8211; C\u00f4te d&rsquo;Ivoire. Membres fondateurs du Rassemblement des Houphoue\u0308tistes pour la De\u0301mocratie et la Paix (RHDP), parti au pouvoir, les responsables de l&rsquo;Union pour la Co\u0302te d&rsquo;Ivoire (UPCI) depuis l&rsquo;accession au pouvoir d&rsquo;E\u0301tat du pre\u0301sident Alassane Ouattara, sont royalement ignore\u0301s par les hauts responsables des instances dirigeantes du Rhdp. Une situation qu&rsquo;ils n&rsquo;appre\u0301cient gue\u0300re. [&hellip;]<\/p>\n","protected":false},"author":82,"featured_media":75586,"comment_status":"open","ping_status":"closed","sticky":false,"template":"","format":"standard","meta":{"footnotes":""},"categories":[2,10],"tags":[56,63,29,371,670,668],"class_list":["post-75588","post","type-post","status-publish","format-standard","has-post-thumbnail","hentry","category-politique","category-toutes-les-actualites","tag-africa-press","tag-africa-press-cote-divoire","tag-cote-divoire","tag-rhdp","tag-sidibe-yacouba","tag-upci"],"yoast_head":"<!-- This site is optimized with the Yoast SEO Premium plugin v26.1 (Yoast SEO v27.0) - https:\/\/yoast.com\/product\/yoast-seo-premium-wordpress\/ -->\n<title>Oubli\u00e9s par le RHDP, des responsables de l&#039;ex-UPCI demandent \u00e0 \u00eatre pris en compte dans la gestion du pouvoir - C\u00f4te d&#039;Ivoire<\/title>\n<meta name=\"description\" content=\"Membres fondateurs du Rassemblement des Houphoue\u0308tistes pour la De\u0301mocratie et la Paix (RHDP), parti au pouvoir, les res ...\" \/>\n<meta name=\"robots\" content=\"index, follow, max-snippet:-1, max-image-preview:large, max-video-preview:-1\" \/>\n<link rel=\"canonical\" href=\"https:\/\/www.africa-press.net\/cotedivoire\/politique\/oublies-par-le-rhdp-des-responsables-de-lex-upci-demandent-a-etre-pris-en-compte-dans-la-gestion-du-pouvoir\" \/>\n<meta property=\"og:locale\" content=\"fr_FR\" \/>\n<meta property=\"og:type\" content=\"article\" \/>\n<meta property=\"og:title\" content=\"Oubli\u00e9s par le RHDP, des responsables de l&#039;ex-UPCI demandent \u00e0 \u00eatre pris en compte dans la gestion du pouvoir\" \/>\n<meta property=\"og:description\" content=\"Membres fondateurs du Rassemblement des Houphoue\u0308tistes pour la De\u0301mocratie et la Paix (RHDP), parti au pouvoir, les res ...\" \/>\n<meta property=\"og:url\" content=\"https:\/\/www.africa-press.net\/cotedivoire\/politique\/oublies-par-le-rhdp-des-responsables-de-lex-upci-demandent-a-etre-pris-en-compte-dans-la-gestion-du-pouvoir\" \/>\n<meta property=\"og:site_name\" content=\"C\u00f4te d&#039;Ivoire\" \/>\n<meta property=\"article:published_time\" content=\"2024-02-29T17:10:55+00:00\" \/>\n<meta property=\"article:modified_time\" content=\"2024-02-29T18:45:10+00:00\" \/>\n<meta property=\"og:image\" content=\"https:\/\/static.africa-press.net\/cote\/sites\/43\/2024\/02\/sm_1709219120.174806.jpg\" \/>\n\t<meta property=\"og:image:width\" content=\"720\" \/>\n\t<meta property=\"og:image:height\" content=\"525\" \/>\n\t<meta property=\"og:image:type\" content=\"image\/jpeg\" \/>\n<meta name=\"author\" content=\"cfeditorfr\" \/>\n<meta name=\"twitter:card\" content=\"summary_large_image\" \/>\n<meta name=\"twitter:label1\" content=\"\u00c9crit par\" \/>\n\t<meta name=\"twitter:data1\" content=\"cfeditorfr\" \/>\n\t<meta name=\"twitter:label2\" content=\"Dur\u00e9e de lecture estim\u00e9e\" \/>\n\t<meta name=\"twitter:data2\" content=\"5 minutes\" \/>\n<script type=\"application\/ld+json\" class=\"yoast-schema-graph\">{\"@context\":\"https:\/\/schema.org\",\"@graph\":[{\"@type\":\"Article\",\"@id\":\"https:\/\/www.africa-press.net\/cotedivoire\/politique\/oublies-par-le-rhdp-des-responsables-de-lex-upci-demandent-a-etre-pris-en-compte-dans-la-gestion-du-pouvoir#article\",\"isPartOf\":{\"@id\":\"https:\/\/www.africa-press.net\/cotedivoire\/politique\/oublies-par-le-rhdp-des-responsables-de-lex-upci-demandent-a-etre-pris-en-compte-dans-la-gestion-du-pouvoir\"},\"author\":{\"name\":\"cfeditorfr\",\"@id\":\"https:\/\/www.africa-press.net\/cotedivoire\/#\/schema\/person\/2b1cf3cd81a31e3cd26889ca66d677f1\"},\"headline\":\"Oubli\u00e9s par le RHDP, des responsables de l&rsquo;ex-UPCI demandent \u00e0 \u00eatre pris en compte dans la gestion du pouvoir\",\"datePublished\":\"2024-02-29T17:10:55+00:00\",\"dateModified\":\"2024-02-29T18:45:10+00:00\",\"mainEntityOfPage\":{\"@id\":\"https:\/\/www.africa-press.net\/cotedivoire\/politique\/oublies-par-le-rhdp-des-responsables-de-lex-upci-demandent-a-etre-pris-en-compte-dans-la-gestion-du-pouvoir\"},\"wordCount\":1052,\"commentCount\":0,\"image\":{\"@id\":\"https:\/\/www.africa-press.net\/cotedivoire\/politique\/oublies-par-le-rhdp-des-responsables-de-lex-upci-demandent-a-etre-pris-en-compte-dans-la-gestion-du-pouvoir#primaryimage\"},\"thumbnailUrl\":\"https:\/\/static.africa-press.net\/cote\/sites\/43\/2024\/02\/sm_1709219120.174806.jpg\",\"keywords\":[\"Africa Press\",\"Africa Press-C\u00f4te d'Ivoire\",\"C\u00d4TE D'IVOIRE\",\"RHDP\",\"Sidib\u00e9 Yacouba\",\"UPCI\"],\"articleSection\":[\"Politique\",\"Toutes les actualit\u00e9s\"],\"inLanguage\":\"fr-FR\",\"potentialAction\":[{\"@type\":\"CommentAction\",\"name\":\"Comment\",\"target\":[\"https:\/\/www.africa-press.net\/cotedivoire\/politique\/oublies-par-le-rhdp-des-responsables-de-lex-upci-demandent-a-etre-pris-en-compte-dans-la-gestion-du-pouvoir#respond\"]}]},{\"@type\":\"WebPage\",\"@id\":\"https:\/\/www.africa-press.net\/cotedivoire\/politique\/oublies-par-le-rhdp-des-responsables-de-lex-upci-demandent-a-etre-pris-en-compte-dans-la-gestion-du-pouvoir\",\"url\":\"https:\/\/www.africa-press.net\/cotedivoire\/politique\/oublies-par-le-rhdp-des-responsables-de-lex-upci-demandent-a-etre-pris-en-compte-dans-la-gestion-du-pouvoir\",\"name\":\"Oubli\u00e9s par le RHDP, des responsables de l'ex-UPCI demandent \u00e0 \u00eatre pris en compte dans la gestion du pouvoir - C\u00f4te d&#039;Ivoire\",\"isPartOf\":{\"@id\":\"https:\/\/www.africa-press.net\/cotedivoire\/#website\"},\"primaryImageOfPage\":{\"@id\":\"https:\/\/www.africa-press.net\/cotedivoire\/politique\/oublies-par-le-rhdp-des-responsables-de-lex-upci-demandent-a-etre-pris-en-compte-dans-la-gestion-du-pouvoir#primaryimage\"},\"image\":{\"@id\":\"https:\/\/www.africa-press.net\/cotedivoire\/politique\/oublies-par-le-rhdp-des-responsables-de-lex-upci-demandent-a-etre-pris-en-compte-dans-la-gestion-du-pouvoir#primaryimage\"},\"thumbnailUrl\":\"https:\/\/static.africa-press.net\/cote\/sites\/43\/2024\/02\/sm_1709219120.174806.jpg\",\"datePublished\":\"2024-02-29T17:10:55+00:00\",\"dateModified\":\"2024-02-29T18:45:10+00:00\",\"author\":{\"@id\":\"https:\/\/www.africa-press.net\/cotedivoire\/#\/schema\/person\/2b1cf3cd81a31e3cd26889ca66d677f1\"},\"description\":\"Membres fondateurs du Rassemblement des Houphoue\u0308tistes pour la De\u0301mocratie et la Paix (RHDP), parti au pouvoir, les res ...\",\"breadcrumb\":{\"@id\":\"https:\/\/www.africa-press.net\/cotedivoire\/politique\/oublies-par-le-rhdp-des-responsables-de-lex-upci-demandent-a-etre-pris-en-compte-dans-la-gestion-du-pouvoir#breadcrumb\"},\"inLanguage\":\"fr-FR\",\"potentialAction\":[{\"@type\":\"ReadAction\",\"target\":[\"https:\/\/www.africa-press.net\/cotedivoire\/politique\/oublies-par-le-rhdp-des-responsables-de-lex-upci-demandent-a-etre-pris-en-compte-dans-la-gestion-du-pouvoir\"]}]},{\"@type\":\"ImageObject\",\"inLanguage\":\"fr-FR\",\"@id\":\"https:\/\/www.africa-press.net\/cotedivoire\/politique\/oublies-par-le-rhdp-des-responsables-de-lex-upci-demandent-a-etre-pris-en-compte-dans-la-gestion-du-pouvoir#primaryimage\",\"url\":\"https:\/\/static.africa-press.net\/cote\/sites\/43\/2024\/02\/sm_1709219120.174806.jpg\",\"contentUrl\":\"https:\/\/static.africa-press.net\/cote\/sites\/43\/2024\/02\/sm_1709219120.174806.jpg\",\"width\":720,\"height\":525,\"caption\":\"Oubli\u00e9s par le RHDP, des responsables de l'ex-UPCI demandent \u00e0 \u00eatre pris en compte dans la gestion du pouvoir\"},{\"@type\":\"BreadcrumbList\",\"@id\":\"https:\/\/www.africa-press.net\/cotedivoire\/politique\/oublies-par-le-rhdp-des-responsables-de-lex-upci-demandent-a-etre-pris-en-compte-dans-la-gestion-du-pouvoir#breadcrumb\",\"itemListElement\":[{\"@type\":\"ListItem\",\"position\":1,\"name\":\"Accueil\",\"item\":\"https:\/\/www.africa-press.net\/cotedivoire\/\"},{\"@type\":\"ListItem\",\"position\":2,\"name\":\"Oubli\u00e9s par le RHDP, des responsables de l&#8217;ex-UPCI demandent \u00e0 \u00eatre pris en compte dans la gestion du pouvoir\"}]},{\"@type\":\"WebSite\",\"@id\":\"https:\/\/www.africa-press.net\/cotedivoire\/#website\",\"url\":\"https:\/\/www.africa-press.net\/cotedivoire\/\",\"name\":\"C\u00f4te d&#039;Ivoire\",\"description\":\"Just another Africa News Agency Sites site\",\"potentialAction\":[{\"@type\":\"SearchAction\",\"target\":{\"@type\":\"EntryPoint\",\"urlTemplate\":\"https:\/\/www.africa-press.net\/cotedivoire\/?s={search_term_string}\"},\"query-input\":{\"@type\":\"PropertyValueSpecification\",\"valueRequired\":true,\"valueName\":\"search_term_string\"}}],\"inLanguage\":\"fr-FR\"},{\"@type\":\"Person\",\"@id\":\"https:\/\/www.africa-press.net\/cotedivoire\/#\/schema\/person\/2b1cf3cd81a31e3cd26889ca66d677f1\",\"name\":\"cfeditorfr\"}]}<\/script>\n<!-- \/ Yoast SEO Premium plugin. -->","yoast_head_json":{"title":"Oubli\u00e9s par le RHDP, des responsables de l'ex-UPCI demandent \u00e0 \u00eatre pris en compte dans la gestion du pouvoir - C\u00f4te d&#039;Ivoire","description":"Membres fondateurs du Rassemblement des Houphoue\u0308tistes pour la De\u0301mocratie et la Paix (RHDP), parti au pouvoir, les res ...","robots":{"index":"index","follow":"follow","max-snippet":"max-snippet:-1","max-image-preview":"max-image-preview:large","max-video-preview":"max-video-preview:-1"},"canonical":"https:\/\/www.africa-press.net\/cotedivoire\/politique\/oublies-par-le-rhdp-des-responsables-de-lex-upci-demandent-a-etre-pris-en-compte-dans-la-gestion-du-pouvoir","og_locale":"fr_FR","og_type":"article","og_title":"Oubli\u00e9s par le RHDP, des responsables de l'ex-UPCI demandent \u00e0 \u00eatre pris en compte dans la gestion du pouvoir","og_description":"Membres fondateurs du Rassemblement des Houphoue\u0308tistes pour la De\u0301mocratie et la Paix (RHDP), parti au pouvoir, les res ...","og_url":"https:\/\/www.africa-press.net\/cotedivoire\/politique\/oublies-par-le-rhdp-des-responsables-de-lex-upci-demandent-a-etre-pris-en-compte-dans-la-gestion-du-pouvoir","og_site_name":"C\u00f4te d&#039;Ivoire","article_published_time":"2024-02-29T17:10:55+00:00","article_modified_time":"2024-02-29T18:45:10+00:00","og_image":[{"width":720,"height":525,"url":"https:\/\/static.africa-press.net\/cote\/sites\/43\/2024\/02\/sm_1709219120.174806.jpg","type":"image\/jpeg"}],"author":"cfeditorfr","twitter_card":"summary_large_image","twitter_misc":{"\u00c9crit par":"cfeditorfr","Dur\u00e9e de lecture estim\u00e9e":"5 minutes"},"schema":{"@context":"https:\/\/schema.org","@graph":[{"@type":"Article","@id":"https:\/\/www.africa-press.net\/cotedivoire\/politique\/oublies-par-le-rhdp-des-responsables-de-lex-upci-demandent-a-etre-pris-en-compte-dans-la-gestion-du-pouvoir#article","isPartOf":{"@id":"https:\/\/www.africa-press.net\/cotedivoire\/politique\/oublies-par-le-rhdp-des-responsables-de-lex-upci-demandent-a-etre-pris-en-compte-dans-la-gestion-du-pouvoir"},"author":{"name":"cfeditorfr","@id":"https:\/\/www.africa-press.net\/cotedivoire\/#\/schema\/person\/2b1cf3cd81a31e3cd26889ca66d677f1"},"headline":"Oubli\u00e9s par le RHDP, des responsables de l&rsquo;ex-UPCI demandent \u00e0 \u00eatre pris en compte dans la gestion du pouvoir","datePublished":"2024-02-29T17:10:55+00:00","dateModified":"2024-02-29T18:45:10+00:00","mainEntityOfPage":{"@id":"https:\/\/www.africa-press.net\/cotedivoire\/politique\/oublies-par-le-rhdp-des-responsables-de-lex-upci-demandent-a-etre-pris-en-compte-dans-la-gestion-du-pouvoir"},"wordCount":1052,"commentCount":0,"image":{"@id":"https:\/\/www.africa-press.net\/cotedivoire\/politique\/oublies-par-le-rhdp-des-responsables-de-lex-upci-demandent-a-etre-pris-en-compte-dans-la-gestion-du-pouvoir#primaryimage"},"thumbnailUrl":"https:\/\/static.africa-press.net\/cote\/sites\/43\/2024\/02\/sm_1709219120.174806.jpg","keywords":["Africa Press","Africa Press-C\u00f4te d'Ivoire","C\u00d4TE D'IVOIRE","RHDP","Sidib\u00e9 Yacouba","UPCI"],"articleSection":["Politique","Toutes les actualit\u00e9s"],"inLanguage":"fr-FR","potentialAction":[{"@type":"CommentAction","name":"Comment","target":["https:\/\/www.africa-press.net\/cotedivoire\/politique\/oublies-par-le-rhdp-des-responsables-de-lex-upci-demandent-a-etre-pris-en-compte-dans-la-gestion-du-pouvoir#respond"]}]},{"@type":"WebPage","@id":"https:\/\/www.africa-press.net\/cotedivoire\/politique\/oublies-par-le-rhdp-des-responsables-de-lex-upci-demandent-a-etre-pris-en-compte-dans-la-gestion-du-pouvoir","url":"https:\/\/www.africa-press.net\/cotedivoire\/politique\/oublies-par-le-rhdp-des-responsables-de-lex-upci-demandent-a-etre-pris-en-compte-dans-la-gestion-du-pouvoir","name":"Oubli\u00e9s par le RHDP, des responsables de l'ex-UPCI demandent \u00e0 \u00eatre pris en compte dans la gestion du pouvoir - C\u00f4te d&#039;Ivoire","isPartOf":{"@id":"https:\/\/www.africa-press.net\/cotedivoire\/#website"},"primaryImageOfPage":{"@id":"https:\/\/www.africa-press.net\/cotedivoire\/politique\/oublies-par-le-rhdp-des-responsables-de-lex-upci-demandent-a-etre-pris-en-compte-dans-la-gestion-du-pouvoir#primaryimage"},"image":{"@id":"https:\/\/www.africa-press.net\/cotedivoire\/politique\/oublies-par-le-rhdp-des-responsables-de-lex-upci-demandent-a-etre-pris-en-compte-dans-la-gestion-du-pouvoir#primaryimage"},"thumbnailUrl":"https:\/\/static.africa-press.net\/cote\/sites\/43\/2024\/02\/sm_1709219120.174806.jpg","datePublished":"2024-02-29T17:10:55+00:00","dateModified":"2024-02-29T18:45:10+00:00","author":{"@id":"https:\/\/www.africa-press.net\/cotedivoire\/#\/schema\/person\/2b1cf3cd81a31e3cd26889ca66d677f1"},"description":"Membres fondateurs du Rassemblement des Houphoue\u0308tistes pour la De\u0301mocratie et la Paix (RHDP), parti au pouvoir, les res ...","breadcrumb":{"@id":"https:\/\/www.africa-press.net\/cotedivoire\/politique\/oublies-par-le-rhdp-des-responsables-de-lex-upci-demandent-a-etre-pris-en-compte-dans-la-gestion-du-pouvoir#breadcrumb"},"inLanguage":"fr-FR","potentialAction":[{"@type":"ReadAction","target":["https:\/\/www.africa-press.net\/cotedivoire\/politique\/oublies-par-le-rhdp-des-responsables-de-lex-upci-demandent-a-etre-pris-en-compte-dans-la-gestion-du-pouvoir"]}]},{"@type":"ImageObject","inLanguage":"fr-FR","@id":"https:\/\/www.africa-press.net\/cotedivoire\/politique\/oublies-par-le-rhdp-des-responsables-de-lex-upci-demandent-a-etre-pris-en-compte-dans-la-gestion-du-pouvoir#primaryimage","url":"https:\/\/static.africa-press.net\/cote\/sites\/43\/2024\/02\/sm_1709219120.174806.jpg","contentUrl":"https:\/\/static.africa-press.net\/cote\/sites\/43\/2024\/02\/sm_1709219120.174806.jpg","width":720,"height":525,"caption":"Oubli\u00e9s par le RHDP, des responsables de l'ex-UPCI demandent \u00e0 \u00eatre pris en compte dans la gestion du pouvoir"},{"@type":"BreadcrumbList","@id":"https:\/\/www.africa-press.net\/cotedivoire\/politique\/oublies-par-le-rhdp-des-responsables-de-lex-upci-demandent-a-etre-pris-en-compte-dans-la-gestion-du-pouvoir#breadcrumb","itemListElement":[{"@type":"ListItem","position":1,"name":"Accueil","item":"https:\/\/www.africa-press.net\/cotedivoire\/"},{"@type":"ListItem","position":2,"name":"Oubli\u00e9s par le RHDP, des responsables de l&#8217;ex-UPCI demandent \u00e0 \u00eatre pris en compte dans la gestion du pouvoir"}]},{"@type":"WebSite","@id":"https:\/\/www.africa-press.net\/cotedivoire\/#website","url":"https:\/\/www.africa-press.net\/cotedivoire\/","name":"C\u00f4te d&#039;Ivoire","description":"Just another Africa News Agency Sites site","potentialAction":[{"@type":"SearchAction","target":{"@type":"EntryPoint","urlTemplate":"https:\/\/www.africa-press.net\/cotedivoire\/?s={search_term_string}"},"query-input":{"@type":"PropertyValueSpecification","valueRequired":true,"valueName":"search_term_string"}}],"inLanguage":"fr-FR"},{"@type":"Person","@id":"https:\/\/www.africa-press.net\/cotedivoire\/#\/schema\/person\/2b1cf3cd81a31e3cd26889ca66d677f1","name":"cfeditorfr"}]}},"_links":{"self":[{"href":"https:\/\/www.africa-press.net\/cotedivoire\/wp-json\/wp\/v2\/posts\/75588","targetHints":{"allow":["GET"]}}],"collection":[{"href":"https:\/\/www.africa-press.net\/cotedivoire\/wp-json\/wp\/v2\/posts"}],"about":[{"href":"https:\/\/www.africa-press.net\/cotedivoire\/wp-json\/wp\/v2\/types\/post"}],"author":[{"embeddable":true,"href":"https:\/\/www.africa-press.net\/cotedivoire\/wp-json\/wp\/v2\/users\/82"}],"replies":[{"embeddable":true,"href":"https:\/\/www.africa-press.net\/cotedivoire\/wp-json\/wp\/v2\/comments?post=75588"}],"version-history":[{"count":0,"href":"https:\/\/www.africa-press.net\/cotedivoire\/wp-json\/wp\/v2\/posts\/75588\/revisions"}],"wp:featuredmedia":[{"embeddable":true,"href":"https:\/\/www.africa-press.net\/cotedivoire\/wp-json\/wp\/v2\/media\/75586"}],"wp:attachment":[{"href":"https:\/\/www.africa-press.net\/cotedivoire\/wp-json\/wp\/v2\/media?parent=75588"}],"wp:term":[{"taxonomy":"category","embeddable":true,"href":"https:\/\/www.africa-press.net\/cotedivoire\/wp-json\/wp\/v2\/categories?post=75588"},{"taxonomy":"post_tag","embeddable":true,"href":"https:\/\/www.africa-press.net\/cotedivoire\/wp-json\/wp\/v2\/tags?post=75588"}],"curies":[{"name":"wp","href":"https:\/\/api.w.org\/{rel}","templated":true}]}}