{"id":75809,"date":"2024-03-04T16:00:19","date_gmt":"2024-03-04T16:00:19","guid":{"rendered":"https:\/\/www.africa-press.net\/cotedivoire\/politique\/rencontre-des-parlements-de-loci-a-abidjan-adama-bictogo-accueille-ses-pairs-pour-debattre-des-defis-climatiques-mondiaux"},"modified":"2024-03-04T17:22:30","modified_gmt":"2024-03-04T17:22:30","slug":"rencontre-des-parlements-de-loci-a-abidjan-adama-bictogo-accueille-ses-pairs-pour-debattre-des-defis-climatiques-mondiaux","status":"publish","type":"post","link":"https:\/\/www.africa-press.net\/cotedivoire\/politique\/rencontre-des-parlements-de-loci-a-abidjan-adama-bictogo-accueille-ses-pairs-pour-debattre-des-defis-climatiques-mondiaux","title":{"rendered":"Rencontre des Parlements de l&rsquo;OCI \u00e0 Abidjan, Adama Bictogo accueille ses pairs pour d\u00e9battre des d\u00e9fis climatiques mondiaux"},"content":{"rendered":"<p><span style=\"color: #ff6600\"><strong>Africa-Press &#8211; C\u00f4te d&rsquo;Ivoire. <\/strong><\/span>Dans le cadre dynamique de la 18e\u0300me Confe\u0301rence de l&rsquo;Union parlementaire des E\u0301tats membres de l&rsquo;Organisation de la Coope\u0301ration Islamique (UPCI), l&rsquo;Assemble\u0301e nationale ivoirienne, dirige\u0301e par Adama Bictogo, devient le the\u0301a\u0302tre de de\u0301libe\u0301rations cruciales jusqu&rsquo;au 5 mars 2024. Cette re\u0301union d&rsquo;envergure rassemble les repre\u0301sentants des 54 E\u0301tats membres, re\u0301unis pour e\u0301changer sur des enjeux d&rsquo;importance capitale et examiner les sujets d&rsquo;inte\u0301re\u0302t mutuel.<\/p>\n<p>L&rsquo;objectif principal de cette confe\u0301rence est de catalyser une action concerte\u0301e face aux changements climatiques mondiaux, qui menacent de\u0301sormais notre plane\u0300te de manie\u0300re alarmante.<\/p>\n<p>Sous le the\u0300me de \u00ab\u00a0Changements climatiques dans le monde: quelle riposte des pays membres de l\u2019UPCI ?\u00a0\u00bb, les participants vont s&rsquo;engager a\u0300 explorer des solutions innovantes pour faire face a\u0300 une crise aux re\u0301percussions humanitaires de\u0301vastatrices.<\/p>\n<p>Au cours de cette re\u0301union, pre\u0300s de 36 de\u0301le\u0301gations, totalisant environ 600 officiels, convergeront vers Abidjan, marquant ainsi une mobilisation sans pre\u0301ce\u0301dent des parlementaires de l&rsquo;OCI. Des personnalite\u0301s e\u0301minentes telles que Kurtulus\u0327 Numan, pre\u0301sident de la Grande Assemble\u0301e nationale de Turquie, se joignent a\u0300 Adama Bictogo pour e\u0301changer des ide\u0301es et explorer des pistes de collaboration fructueuse.<\/p>\n<p>La crise climatique offre une fene\u0302tre d&rsquo;opportunite\u0301 pour re\u0301inventer l&rsquo;avenir collectif, axe\u0301 sur un de\u0301veloppement inclusif et une action climatique soutenue. Les parlementaires, de\u0301cideurs politiques et acteurs du de\u0301veloppement se re\u0301unissent pour forger une vision commune, visant a\u0300 atte\u0301nuer les risques et a\u0300 sauver des vies.<\/p>\n<p>En amont de cette confe\u0301rence, des re\u0301unions pre\u0301paratoires ont permis d&rsquo;aborder des questions cruciales et d&rsquo;e\u0301lire les membres des commissions spe\u0301cialise\u0301es. Cependant, c&rsquo;est lors de la session officielle que les de\u0301bats approfondis auront lieu, permettant ainsi d&rsquo;aboutir a\u0300 des recommandations solides et a\u0300 des actions concre\u0300tes.<\/p>\n<p>L&rsquo;UPCI, institution fonde\u0301e en juin 1999 lors de la Confe\u0301rence Islamique a\u0300 Te\u0301he\u0301ran, incarne l&rsquo;engagement des E\u0301tats membres a\u0300 promouvoir le principe islamique de concertation (Choura). En favorisant le dialogue et les e\u0301changes entre les Parlements des E\u0301tats membres de l&rsquo;OCI, elle contribue a\u0300 renforcer la coope\u0301ration e\u0301conomique, culturelle, sociale et politique au sein de la communaute\u0301 internationale.<\/p>\n<p>En conclusion, la 18e\u0300me Confe\u0301rence de l&rsquo;UPCI s&rsquo;annonce comme un moment charnie\u0300re dans la lutte contre les de\u0301fis climatiques mondiaux, offrant aux parlementaires de l&rsquo;OCI une plateforme unique pour fac\u0327onner un avenir plus re\u0301silient et durable pour tous.<\/p>\n<p><strong>Pour plus d&rsquo;informations et d&rsquo;analyses sur la <a href=\"https:\/\/www.africa-press.net\/cotedivoire\">C\u00f4te d&rsquo;Ivoire<\/a>, suivez <a href=\"https:\/\/www.africa-press.net\/\">Africa-Press<\/a><\/strong><\/p>\n","protected":false},"excerpt":{"rendered":"<p>Africa-Press &#8211; C\u00f4te d&rsquo;Ivoire. Dans le cadre dynamique de la 18e\u0300me Confe\u0301rence de l&rsquo;Union parlementaire des E\u0301tats membres de l&rsquo;Organisation de la Coope\u0301ration Islamique (UPCI), l&rsquo;Assemble\u0301e nationale ivoirienne, dirige\u0301e par Adama Bictogo, devient le the\u0301a\u0302tre de de\u0301libe\u0301rations cruciales jusqu&rsquo;au 5 mars 2024. Cette re\u0301union d&rsquo;envergure rassemble les repre\u0301sentants des 54 E\u0301tats membres, re\u0301unis pour e\u0301changer [&hellip;]<\/p>\n","protected":false},"author":82,"featured_media":75808,"comment_status":"open","ping_status":"closed","sticky":false,"template":"","format":"standard","meta":{"footnotes":""},"categories":[2,20,10],"tags":[56,63,1741,1930,29,12738,5115,668],"class_list":["post-75809","post","type-post","status-publish","format-standard","has-post-thumbnail","hentry","category-politique","category-top-nouvelles","category-toutes-les-actualites","tag-africa-press","tag-africa-press-cote-divoire","tag-assemblee-nationale","tag-bictogo","tag-cote-divoire","tag-numan","tag-oci","tag-upci"],"yoast_head":"<!-- This site is optimized with the Yoast SEO Premium plugin v26.1 (Yoast SEO v27.0) - https:\/\/yoast.com\/product\/yoast-seo-premium-wordpress\/ -->\n<title>Rencontre des Parlements de l&#039;OCI \u00e0 Abidjan, Adama Bictogo accueille ses pairs pour d\u00e9battre des d\u00e9fis climatiques mondiaux - C\u00f4te d&#039;Ivoire<\/title>\n<meta name=\"description\" content=\"Dans le cadre dynamique de la 18e\u0300me Confe\u0301rence de l&#039;Union parlementaire des E\u0301tats membres de l&#039;Organisation de la Coo ...\" \/>\n<meta name=\"robots\" content=\"index, follow, max-snippet:-1, max-image-preview:large, max-video-preview:-1\" \/>\n<link rel=\"canonical\" href=\"https:\/\/www.africa-press.net\/cotedivoire\/politique\/rencontre-des-parlements-de-loci-a-abidjan-adama-bictogo-accueille-ses-pairs-pour-debattre-des-defis-climatiques-mondiaux\" \/>\n<meta property=\"og:locale\" content=\"fr_FR\" \/>\n<meta property=\"og:type\" content=\"article\" \/>\n<meta property=\"og:title\" content=\"Rencontre des Parlements de l&#039;OCI \u00e0 Abidjan, Adama Bictogo accueille ses pairs pour d\u00e9battre des d\u00e9fis climatiques mondiaux\" \/>\n<meta property=\"og:description\" content=\"Dans le cadre dynamique de la 18e\u0300me Confe\u0301rence de l&#039;Union parlementaire des E\u0301tats membres de l&#039;Organisation de la Coo ...\" \/>\n<meta property=\"og:url\" content=\"https:\/\/www.africa-press.net\/cotedivoire\/politique\/rencontre-des-parlements-de-loci-a-abidjan-adama-bictogo-accueille-ses-pairs-pour-debattre-des-defis-climatiques-mondiaux\" \/>\n<meta property=\"og:site_name\" content=\"C\u00f4te d&#039;Ivoire\" \/>\n<meta property=\"article:published_time\" content=\"2024-03-04T16:00:19+00:00\" \/>\n<meta property=\"article:modified_time\" content=\"2024-03-04T17:22:30+00:00\" \/>\n<meta property=\"og:image\" content=\"https:\/\/static.africa-press.net\/cote\/sites\/43\/2024\/03\/sm_1709560066.250369.jpg\" \/>\n\t<meta property=\"og:image:width\" content=\"720\" \/>\n\t<meta property=\"og:image:height\" content=\"480\" \/>\n\t<meta property=\"og:image:type\" content=\"image\/jpeg\" \/>\n<meta name=\"author\" content=\"cfeditorfr\" \/>\n<meta name=\"twitter:card\" content=\"summary_large_image\" \/>\n<meta name=\"twitter:label1\" content=\"\u00c9crit par\" \/>\n\t<meta name=\"twitter:data1\" content=\"cfeditorfr\" \/>\n\t<meta name=\"twitter:label2\" content=\"Dur\u00e9e de lecture estim\u00e9e\" \/>\n\t<meta name=\"twitter:data2\" content=\"3 minutes\" \/>\n<script type=\"application\/ld+json\" class=\"yoast-schema-graph\">{\"@context\":\"https:\/\/schema.org\",\"@graph\":[{\"@type\":\"Article\",\"@id\":\"https:\/\/www.africa-press.net\/cotedivoire\/politique\/rencontre-des-parlements-de-loci-a-abidjan-adama-bictogo-accueille-ses-pairs-pour-debattre-des-defis-climatiques-mondiaux#article\",\"isPartOf\":{\"@id\":\"https:\/\/www.africa-press.net\/cotedivoire\/politique\/rencontre-des-parlements-de-loci-a-abidjan-adama-bictogo-accueille-ses-pairs-pour-debattre-des-defis-climatiques-mondiaux\"},\"author\":{\"name\":\"cfeditorfr\",\"@id\":\"https:\/\/www.africa-press.net\/cotedivoire\/#\/schema\/person\/2b1cf3cd81a31e3cd26889ca66d677f1\"},\"headline\":\"Rencontre des Parlements de l&rsquo;OCI \u00e0 Abidjan, Adama Bictogo accueille ses pairs pour d\u00e9battre des d\u00e9fis climatiques mondiaux\",\"datePublished\":\"2024-03-04T16:00:19+00:00\",\"dateModified\":\"2024-03-04T17:22:30+00:00\",\"mainEntityOfPage\":{\"@id\":\"https:\/\/www.africa-press.net\/cotedivoire\/politique\/rencontre-des-parlements-de-loci-a-abidjan-adama-bictogo-accueille-ses-pairs-pour-debattre-des-defis-climatiques-mondiaux\"},\"wordCount\":491,\"commentCount\":0,\"image\":{\"@id\":\"https:\/\/www.africa-press.net\/cotedivoire\/politique\/rencontre-des-parlements-de-loci-a-abidjan-adama-bictogo-accueille-ses-pairs-pour-debattre-des-defis-climatiques-mondiaux#primaryimage\"},\"thumbnailUrl\":\"https:\/\/static.africa-press.net\/cote\/sites\/43\/2024\/03\/sm_1709560066.250369.jpg\",\"keywords\":[\"Africa Press\",\"Africa Press-C\u00f4te d'Ivoire\",\"Assembl\u00e9e nationale\",\"Bictogo\",\"C\u00d4TE D'IVOIRE\",\"Numan\",\"OCI\",\"UPCI\"],\"articleSection\":[\"Politique\",\"Top Nouvelles\",\"Toutes les actualit\u00e9s\"],\"inLanguage\":\"fr-FR\",\"potentialAction\":[{\"@type\":\"CommentAction\",\"name\":\"Comment\",\"target\":[\"https:\/\/www.africa-press.net\/cotedivoire\/politique\/rencontre-des-parlements-de-loci-a-abidjan-adama-bictogo-accueille-ses-pairs-pour-debattre-des-defis-climatiques-mondiaux#respond\"]}]},{\"@type\":\"WebPage\",\"@id\":\"https:\/\/www.africa-press.net\/cotedivoire\/politique\/rencontre-des-parlements-de-loci-a-abidjan-adama-bictogo-accueille-ses-pairs-pour-debattre-des-defis-climatiques-mondiaux\",\"url\":\"https:\/\/www.africa-press.net\/cotedivoire\/politique\/rencontre-des-parlements-de-loci-a-abidjan-adama-bictogo-accueille-ses-pairs-pour-debattre-des-defis-climatiques-mondiaux\",\"name\":\"Rencontre des Parlements de l'OCI \u00e0 Abidjan, Adama Bictogo accueille ses pairs pour d\u00e9battre des d\u00e9fis climatiques mondiaux - C\u00f4te d&#039;Ivoire\",\"isPartOf\":{\"@id\":\"https:\/\/www.africa-press.net\/cotedivoire\/#website\"},\"primaryImageOfPage\":{\"@id\":\"https:\/\/www.africa-press.net\/cotedivoire\/politique\/rencontre-des-parlements-de-loci-a-abidjan-adama-bictogo-accueille-ses-pairs-pour-debattre-des-defis-climatiques-mondiaux#primaryimage\"},\"image\":{\"@id\":\"https:\/\/www.africa-press.net\/cotedivoire\/politique\/rencontre-des-parlements-de-loci-a-abidjan-adama-bictogo-accueille-ses-pairs-pour-debattre-des-defis-climatiques-mondiaux#primaryimage\"},\"thumbnailUrl\":\"https:\/\/static.africa-press.net\/cote\/sites\/43\/2024\/03\/sm_1709560066.250369.jpg\",\"datePublished\":\"2024-03-04T16:00:19+00:00\",\"dateModified\":\"2024-03-04T17:22:30+00:00\",\"author\":{\"@id\":\"https:\/\/www.africa-press.net\/cotedivoire\/#\/schema\/person\/2b1cf3cd81a31e3cd26889ca66d677f1\"},\"description\":\"Dans le cadre dynamique de la 18e\u0300me Confe\u0301rence de l'Union parlementaire des E\u0301tats membres de l'Organisation de la Coo ...\",\"breadcrumb\":{\"@id\":\"https:\/\/www.africa-press.net\/cotedivoire\/politique\/rencontre-des-parlements-de-loci-a-abidjan-adama-bictogo-accueille-ses-pairs-pour-debattre-des-defis-climatiques-mondiaux#breadcrumb\"},\"inLanguage\":\"fr-FR\",\"potentialAction\":[{\"@type\":\"ReadAction\",\"target\":[\"https:\/\/www.africa-press.net\/cotedivoire\/politique\/rencontre-des-parlements-de-loci-a-abidjan-adama-bictogo-accueille-ses-pairs-pour-debattre-des-defis-climatiques-mondiaux\"]}]},{\"@type\":\"ImageObject\",\"inLanguage\":\"fr-FR\",\"@id\":\"https:\/\/www.africa-press.net\/cotedivoire\/politique\/rencontre-des-parlements-de-loci-a-abidjan-adama-bictogo-accueille-ses-pairs-pour-debattre-des-defis-climatiques-mondiaux#primaryimage\",\"url\":\"https:\/\/static.africa-press.net\/cote\/sites\/43\/2024\/03\/sm_1709560066.250369.jpg\",\"contentUrl\":\"https:\/\/static.africa-press.net\/cote\/sites\/43\/2024\/03\/sm_1709560066.250369.jpg\",\"width\":720,\"height\":480,\"caption\":\"Rencontre des Parlements de l'OCI \u00e0 Abidjan, Adama Bictogo accueille ses pairs pour d\u00e9battre des d\u00e9fis climatiques mondiaux\"},{\"@type\":\"BreadcrumbList\",\"@id\":\"https:\/\/www.africa-press.net\/cotedivoire\/politique\/rencontre-des-parlements-de-loci-a-abidjan-adama-bictogo-accueille-ses-pairs-pour-debattre-des-defis-climatiques-mondiaux#breadcrumb\",\"itemListElement\":[{\"@type\":\"ListItem\",\"position\":1,\"name\":\"Accueil\",\"item\":\"https:\/\/www.africa-press.net\/cotedivoire\/\"},{\"@type\":\"ListItem\",\"position\":2,\"name\":\"Rencontre des Parlements de l&#8217;OCI \u00e0 Abidjan, Adama Bictogo accueille ses pairs pour d\u00e9battre des d\u00e9fis climatiques mondiaux\"}]},{\"@type\":\"WebSite\",\"@id\":\"https:\/\/www.africa-press.net\/cotedivoire\/#website\",\"url\":\"https:\/\/www.africa-press.net\/cotedivoire\/\",\"name\":\"C\u00f4te d&#039;Ivoire\",\"description\":\"Just another Africa News Agency Sites site\",\"potentialAction\":[{\"@type\":\"SearchAction\",\"target\":{\"@type\":\"EntryPoint\",\"urlTemplate\":\"https:\/\/www.africa-press.net\/cotedivoire\/?s={search_term_string}\"},\"query-input\":{\"@type\":\"PropertyValueSpecification\",\"valueRequired\":true,\"valueName\":\"search_term_string\"}}],\"inLanguage\":\"fr-FR\"},{\"@type\":\"Person\",\"@id\":\"https:\/\/www.africa-press.net\/cotedivoire\/#\/schema\/person\/2b1cf3cd81a31e3cd26889ca66d677f1\",\"name\":\"cfeditorfr\"}]}<\/script>\n<!-- \/ Yoast SEO Premium plugin. -->","yoast_head_json":{"title":"Rencontre des Parlements de l'OCI \u00e0 Abidjan, Adama Bictogo accueille ses pairs pour d\u00e9battre des d\u00e9fis climatiques mondiaux - C\u00f4te d&#039;Ivoire","description":"Dans le cadre dynamique de la 18e\u0300me Confe\u0301rence de l'Union parlementaire des E\u0301tats membres de l'Organisation de la Coo ...","robots":{"index":"index","follow":"follow","max-snippet":"max-snippet:-1","max-image-preview":"max-image-preview:large","max-video-preview":"max-video-preview:-1"},"canonical":"https:\/\/www.africa-press.net\/cotedivoire\/politique\/rencontre-des-parlements-de-loci-a-abidjan-adama-bictogo-accueille-ses-pairs-pour-debattre-des-defis-climatiques-mondiaux","og_locale":"fr_FR","og_type":"article","og_title":"Rencontre des Parlements de l'OCI \u00e0 Abidjan, Adama Bictogo accueille ses pairs pour d\u00e9battre des d\u00e9fis climatiques mondiaux","og_description":"Dans le cadre dynamique de la 18e\u0300me Confe\u0301rence de l'Union parlementaire des E\u0301tats membres de l'Organisation de la Coo ...","og_url":"https:\/\/www.africa-press.net\/cotedivoire\/politique\/rencontre-des-parlements-de-loci-a-abidjan-adama-bictogo-accueille-ses-pairs-pour-debattre-des-defis-climatiques-mondiaux","og_site_name":"C\u00f4te d&#039;Ivoire","article_published_time":"2024-03-04T16:00:19+00:00","article_modified_time":"2024-03-04T17:22:30+00:00","og_image":[{"width":720,"height":480,"url":"https:\/\/static.africa-press.net\/cote\/sites\/43\/2024\/03\/sm_1709560066.250369.jpg","type":"image\/jpeg"}],"author":"cfeditorfr","twitter_card":"summary_large_image","twitter_misc":{"\u00c9crit par":"cfeditorfr","Dur\u00e9e de lecture estim\u00e9e":"3 minutes"},"schema":{"@context":"https:\/\/schema.org","@graph":[{"@type":"Article","@id":"https:\/\/www.africa-press.net\/cotedivoire\/politique\/rencontre-des-parlements-de-loci-a-abidjan-adama-bictogo-accueille-ses-pairs-pour-debattre-des-defis-climatiques-mondiaux#article","isPartOf":{"@id":"https:\/\/www.africa-press.net\/cotedivoire\/politique\/rencontre-des-parlements-de-loci-a-abidjan-adama-bictogo-accueille-ses-pairs-pour-debattre-des-defis-climatiques-mondiaux"},"author":{"name":"cfeditorfr","@id":"https:\/\/www.africa-press.net\/cotedivoire\/#\/schema\/person\/2b1cf3cd81a31e3cd26889ca66d677f1"},"headline":"Rencontre des Parlements de l&rsquo;OCI \u00e0 Abidjan, Adama Bictogo accueille ses pairs pour d\u00e9battre des d\u00e9fis climatiques mondiaux","datePublished":"2024-03-04T16:00:19+00:00","dateModified":"2024-03-04T17:22:30+00:00","mainEntityOfPage":{"@id":"https:\/\/www.africa-press.net\/cotedivoire\/politique\/rencontre-des-parlements-de-loci-a-abidjan-adama-bictogo-accueille-ses-pairs-pour-debattre-des-defis-climatiques-mondiaux"},"wordCount":491,"commentCount":0,"image":{"@id":"https:\/\/www.africa-press.net\/cotedivoire\/politique\/rencontre-des-parlements-de-loci-a-abidjan-adama-bictogo-accueille-ses-pairs-pour-debattre-des-defis-climatiques-mondiaux#primaryimage"},"thumbnailUrl":"https:\/\/static.africa-press.net\/cote\/sites\/43\/2024\/03\/sm_1709560066.250369.jpg","keywords":["Africa Press","Africa Press-C\u00f4te d'Ivoire","Assembl\u00e9e nationale","Bictogo","C\u00d4TE D'IVOIRE","Numan","OCI","UPCI"],"articleSection":["Politique","Top Nouvelles","Toutes les actualit\u00e9s"],"inLanguage":"fr-FR","potentialAction":[{"@type":"CommentAction","name":"Comment","target":["https:\/\/www.africa-press.net\/cotedivoire\/politique\/rencontre-des-parlements-de-loci-a-abidjan-adama-bictogo-accueille-ses-pairs-pour-debattre-des-defis-climatiques-mondiaux#respond"]}]},{"@type":"WebPage","@id":"https:\/\/www.africa-press.net\/cotedivoire\/politique\/rencontre-des-parlements-de-loci-a-abidjan-adama-bictogo-accueille-ses-pairs-pour-debattre-des-defis-climatiques-mondiaux","url":"https:\/\/www.africa-press.net\/cotedivoire\/politique\/rencontre-des-parlements-de-loci-a-abidjan-adama-bictogo-accueille-ses-pairs-pour-debattre-des-defis-climatiques-mondiaux","name":"Rencontre des Parlements de l'OCI \u00e0 Abidjan, Adama Bictogo accueille ses pairs pour d\u00e9battre des d\u00e9fis climatiques mondiaux - C\u00f4te d&#039;Ivoire","isPartOf":{"@id":"https:\/\/www.africa-press.net\/cotedivoire\/#website"},"primaryImageOfPage":{"@id":"https:\/\/www.africa-press.net\/cotedivoire\/politique\/rencontre-des-parlements-de-loci-a-abidjan-adama-bictogo-accueille-ses-pairs-pour-debattre-des-defis-climatiques-mondiaux#primaryimage"},"image":{"@id":"https:\/\/www.africa-press.net\/cotedivoire\/politique\/rencontre-des-parlements-de-loci-a-abidjan-adama-bictogo-accueille-ses-pairs-pour-debattre-des-defis-climatiques-mondiaux#primaryimage"},"thumbnailUrl":"https:\/\/static.africa-press.net\/cote\/sites\/43\/2024\/03\/sm_1709560066.250369.jpg","datePublished":"2024-03-04T16:00:19+00:00","dateModified":"2024-03-04T17:22:30+00:00","author":{"@id":"https:\/\/www.africa-press.net\/cotedivoire\/#\/schema\/person\/2b1cf3cd81a31e3cd26889ca66d677f1"},"description":"Dans le cadre dynamique de la 18e\u0300me Confe\u0301rence de l'Union parlementaire des E\u0301tats membres de l'Organisation de la Coo ...","breadcrumb":{"@id":"https:\/\/www.africa-press.net\/cotedivoire\/politique\/rencontre-des-parlements-de-loci-a-abidjan-adama-bictogo-accueille-ses-pairs-pour-debattre-des-defis-climatiques-mondiaux#breadcrumb"},"inLanguage":"fr-FR","potentialAction":[{"@type":"ReadAction","target":["https:\/\/www.africa-press.net\/cotedivoire\/politique\/rencontre-des-parlements-de-loci-a-abidjan-adama-bictogo-accueille-ses-pairs-pour-debattre-des-defis-climatiques-mondiaux"]}]},{"@type":"ImageObject","inLanguage":"fr-FR","@id":"https:\/\/www.africa-press.net\/cotedivoire\/politique\/rencontre-des-parlements-de-loci-a-abidjan-adama-bictogo-accueille-ses-pairs-pour-debattre-des-defis-climatiques-mondiaux#primaryimage","url":"https:\/\/static.africa-press.net\/cote\/sites\/43\/2024\/03\/sm_1709560066.250369.jpg","contentUrl":"https:\/\/static.africa-press.net\/cote\/sites\/43\/2024\/03\/sm_1709560066.250369.jpg","width":720,"height":480,"caption":"Rencontre des Parlements de l'OCI \u00e0 Abidjan, Adama Bictogo accueille ses pairs pour d\u00e9battre des d\u00e9fis climatiques mondiaux"},{"@type":"BreadcrumbList","@id":"https:\/\/www.africa-press.net\/cotedivoire\/politique\/rencontre-des-parlements-de-loci-a-abidjan-adama-bictogo-accueille-ses-pairs-pour-debattre-des-defis-climatiques-mondiaux#breadcrumb","itemListElement":[{"@type":"ListItem","position":1,"name":"Accueil","item":"https:\/\/www.africa-press.net\/cotedivoire\/"},{"@type":"ListItem","position":2,"name":"Rencontre des Parlements de l&#8217;OCI \u00e0 Abidjan, Adama Bictogo accueille ses pairs pour d\u00e9battre des d\u00e9fis climatiques mondiaux"}]},{"@type":"WebSite","@id":"https:\/\/www.africa-press.net\/cotedivoire\/#website","url":"https:\/\/www.africa-press.net\/cotedivoire\/","name":"C\u00f4te d&#039;Ivoire","description":"Just another Africa News Agency Sites site","potentialAction":[{"@type":"SearchAction","target":{"@type":"EntryPoint","urlTemplate":"https:\/\/www.africa-press.net\/cotedivoire\/?s={search_term_string}"},"query-input":{"@type":"PropertyValueSpecification","valueRequired":true,"valueName":"search_term_string"}}],"inLanguage":"fr-FR"},{"@type":"Person","@id":"https:\/\/www.africa-press.net\/cotedivoire\/#\/schema\/person\/2b1cf3cd81a31e3cd26889ca66d677f1","name":"cfeditorfr"}]}},"_links":{"self":[{"href":"https:\/\/www.africa-press.net\/cotedivoire\/wp-json\/wp\/v2\/posts\/75809","targetHints":{"allow":["GET"]}}],"collection":[{"href":"https:\/\/www.africa-press.net\/cotedivoire\/wp-json\/wp\/v2\/posts"}],"about":[{"href":"https:\/\/www.africa-press.net\/cotedivoire\/wp-json\/wp\/v2\/types\/post"}],"author":[{"embeddable":true,"href":"https:\/\/www.africa-press.net\/cotedivoire\/wp-json\/wp\/v2\/users\/82"}],"replies":[{"embeddable":true,"href":"https:\/\/www.africa-press.net\/cotedivoire\/wp-json\/wp\/v2\/comments?post=75809"}],"version-history":[{"count":0,"href":"https:\/\/www.africa-press.net\/cotedivoire\/wp-json\/wp\/v2\/posts\/75809\/revisions"}],"wp:featuredmedia":[{"embeddable":true,"href":"https:\/\/www.africa-press.net\/cotedivoire\/wp-json\/wp\/v2\/media\/75808"}],"wp:attachment":[{"href":"https:\/\/www.africa-press.net\/cotedivoire\/wp-json\/wp\/v2\/media?parent=75809"}],"wp:term":[{"taxonomy":"category","embeddable":true,"href":"https:\/\/www.africa-press.net\/cotedivoire\/wp-json\/wp\/v2\/categories?post=75809"},{"taxonomy":"post_tag","embeddable":true,"href":"https:\/\/www.africa-press.net\/cotedivoire\/wp-json\/wp\/v2\/tags?post=75809"}],"curies":[{"name":"wp","href":"https:\/\/api.w.org\/{rel}","templated":true}]}}