{"id":75871,"date":"2024-03-05T15:48:03","date_gmt":"2024-03-05T15:48:03","guid":{"rendered":"https:\/\/www.africa-press.net\/cotedivoire\/politique\/upci-changement-climatique-bictogo-appelle-lonu-a-se-redefinir-un-nouvel-ordre-politique"},"modified":"2024-03-05T16:36:41","modified_gmt":"2024-03-05T16:36:41","slug":"upci-changement-climatique-bictogo-appelle-lonu-a-se-redefinir-un-nouvel-ordre-politique","status":"publish","type":"post","link":"https:\/\/www.africa-press.net\/cotedivoire\/politique\/upci-changement-climatique-bictogo-appelle-lonu-a-se-redefinir-un-nouvel-ordre-politique","title":{"rendered":"UPCI, changement climatique, Bictogo appelle l&rsquo;ONU \u00e0 se red\u00e9finir un nouvel ordre politique"},"content":{"rendered":"<p><span style=\"color: #ff6600\"><strong>Africa-Press &#8211; C\u00f4te d&rsquo;Ivoire. <\/strong><\/span>La 18e session de la Confe\u0301rence de l\u2019Union parlementaire des E\u0301tats membres de l&rsquo;organisation de la coope\u0301ration islamique (UPCI) a de\u0301marre\u0301 lundi a\u0300 Abidjan. Plusieurs Pre\u0301sidents de Parlements fre\u0300res ont effectue\u0301 le de\u0301placement d&rsquo;Abidjan, en de\u0301pit de leurs agendas charge\u0301s pour re\u0301pondre a\u0300 l&rsquo;appel d&rsquo;Adama Bictogo, Pre\u0301sident du Parlement de Co\u0302te d&rsquo;Ivoire.<\/p>\n<p>Le monde en ge\u0301ne\u0301ral et l\u2019Union plus particulie\u0300rement, font face aujourd\u2019hui a\u0300 des de\u0301fis globaux et non moins urgents, au rang desquels, les questions lie\u0301es au changement climatique occupent une place de choix.<\/p>\n<p>Selon le Pre\u0301sident de l&rsquo;Assemble\u0301e nationale, cette proble\u0301matique cristallise aujourd\u2019hui l\u2019attention de toute la communaute\u0301 internationale. Il suffit d&rsquo;explorer le the\u0300me retenu pour cette 18e\u0300me session, pour se convaincre de la pertinence de celui-ci a\u0300 savoir: \u00ab changements climatiques dans le monde: quelle riposte des pays membres de l\u2019UPCI ? \u00bb.<\/p>\n<p>Les tremblements de terre, les inondations meurtrie\u0300res cause\u0301es par les changements climatiques e\u0301prouvent durement les Etats et invitent, en conse\u0301quence, les parlementaires a\u0300 ne pas rester indiffe\u0301rents.<\/p>\n<p>C\u2019est pourquoi, Adama Bictogo a salue\u0301, la tenue re\u0301gulie\u0300re, ces dernie\u0300res anne\u0301es, de la Confe\u0301rence annuelle de l\u2019ONU sur le climat, dans plusieurs pays de notre Union, a\u0300 savoir le Maroc, le Qatar, l\u2019Egypte et les Emirats-Arabes-Unis.<\/p>\n<p>\u00abNous avons le devoir moral d\u2019agir en vue de contenir ce fle\u0301au qui met a\u0300 rude e\u0301preuve aussi bien l\u2019e\u0301conomie de nos Etats que la se\u0301curite\u0301 de nos populations. La re\u0301ponse qui devra e\u0302tre la no\u0302tre ne pourra se faire individuellement mais pluto\u0302t dans un cadre d\u2019efforts concerte\u0301s en se fondant sur nos valeurs de solidarite\u0301 ainsi que notre responsabilite\u0301 collective devant l\u2019histoire \u00bb a explique\u0301, le maire de Yopougon.<\/p>\n<p>Il a ajoute\u0301 que l&rsquo;UPCI peut agir en amont par la pre\u0301vention de ce fle\u0301au en adoptant des pratiques protectrices de l\u2019environnement.<\/p>\n<p>\u00abIl nous faut mutualiser nos efforts par un partage de meilleures pratiques, par le transfert de technologies et le soutien financier aux pays les plus vulne\u0301rables aux impacts du changement climatique\u00a0\u00bb, a insiste\u0301, M. Bictogo.<\/p>\n<p>Les de\u0301fis pose\u0301s par les changements climatiques sont immenses, mais selon le Pre\u0301sident de l&rsquo;Assemble\u0301e nationale, ils sont loin d&rsquo;e\u0302tre insurmontables.<\/p>\n<p>\u00abEn travaillant ensemble, en faisant preuve de courage politique, en proposant des sche\u0301mas de riposte qui s\u2019inte\u0300grent dans une strate\u0301gie concerte\u0301e d\u2019entraide et de solidarite\u0301 et en plac\u0327ant la pre\u0301servation de notre plane\u0300te et de ses habitants au c\u0153ur de nos pre\u0301occupations, nous pouvons construire un avenir meilleur pour notre communaute\u0301 et pour l\u2019humanite\u0301 \u00bb, a-t-il conseille\u0301.<\/p>\n<p>Prenant l&rsquo;exemple de son pays, il a mentionne\u0301 que pour re\u0301pondre a\u0300 l\u2019appel du rele\u0300vement de l\u2019ambition climatique, la Co\u0302te d\u2019Ivoire a entrepris de rehausser ses objectifs d&rsquo;atte\u0301nuation, de renforcer sa re\u0301silience d&rsquo;adaptation et d\u2019acce\u0301le\u0301rer les re\u0301formes forestie\u0300res, foncie\u0300res, e\u0301nerge\u0301tiques pour contribuer de manie\u0300re efficace a\u0300 la lutte contre la pauvrete\u0301.<\/p>\n<p>\u00abSon ambition actuelle est de re\u0301duire de 30,41% ses e\u0301missions de Gaz a\u0300 effet de Serre au lieu de 28% comme objectif initial. La politique du Gouvernement met l\u2019accent sur le mix e\u0301nerge\u0301tique qui comprend une forte proportion d\u2019e\u0301nergies renouvelables (45%) et des centrales a\u0300 gaz naturel. A ces efforts, viennent s\u2019ajouter la pre\u0301sence re\u0301gulie\u0300re et la participation active de la Co\u0302te d\u2019Ivoire, a\u0300 travers son Parlement, aux co\u0302te\u0301s de la communaute\u0301 internationale lors des grandes rencontres internationales relatives aux questions de changement climatique \u00bb, a-t-il rappele\u0301.<\/p>\n<p>\u00ab Je voudrais en appeler a\u0300 la force de la voix commune, celle de l\u2019union des voix des E\u0301tats membres de notre organisation pour tout sujet qui inte\u0301resse notre communaute\u0301. C\u2019est pourquoi, nous, Etats membres de l\u2019UPCI, devons surmonter nos proble\u0300mes internes et faire pre\u0301valoir l\u2019union de nos voix et la cohe\u0301rence de nos actions pour faire davantage entendre notre voix. C\u2019est a\u0300 ce prix que nous pourrons faire partie de la nouvelle force motrice d\u2019un ordre mondial de paix, un ordre ba\u0302ti sur la justice et le respect des droits de l\u2019homme \u00bb, a poursuivi le maire.<\/p>\n<p>Au regard des crises dans le monde, selon lui, plus que jamais, l\u2019ONU a besoin de se rede\u0301finir, un nouvel ordre politique. \u00a0\u00bb Et notre Union doit demeurer forte et unie\u00a0\u00bb a-t-il pre\u0301conise\u0301.<\/p>\n<p><strong>Pour plus d&rsquo;informations et d&rsquo;analyses sur la <a href=\"https:\/\/www.africa-press.net\/cotedivoire\">C\u00f4te d&rsquo;Ivoire<\/a>, suivez <a href=\"https:\/\/www.africa-press.net\/\">Africa-Press<\/a><\/strong><\/p>\n","protected":false},"excerpt":{"rendered":"<p>Africa-Press &#8211; C\u00f4te d&rsquo;Ivoire. La 18e session de la Confe\u0301rence de l\u2019Union parlementaire des E\u0301tats membres de l&rsquo;organisation de la coope\u0301ration islamique (UPCI) a de\u0301marre\u0301 lundi a\u0300 Abidjan. Plusieurs Pre\u0301sidents de Parlements fre\u0300res ont effectue\u0301 le de\u0301placement d&rsquo;Abidjan, en de\u0301pit de leurs agendas charge\u0301s pour re\u0301pondre a\u0300 l&rsquo;appel d&rsquo;Adama Bictogo, Pre\u0301sident du Parlement de Co\u0302te [&hellip;]<\/p>\n","protected":false},"author":82,"featured_media":75870,"comment_status":"open","ping_status":"closed","sticky":false,"template":"","format":"standard","meta":{"footnotes":""},"categories":[2,10],"tags":[1265,56,63,29,4085,668],"class_list":["post-75871","post","type-post","status-publish","format-standard","has-post-thumbnail","hentry","category-politique","category-toutes-les-actualites","tag-adama-bictogo","tag-africa-press","tag-africa-press-cote-divoire","tag-cote-divoire","tag-onu","tag-upci"],"yoast_head":"<!-- This site is optimized with the Yoast SEO Premium plugin v26.1 (Yoast SEO v27.0) - https:\/\/yoast.com\/product\/yoast-seo-premium-wordpress\/ -->\n<title>UPCI, changement climatique, Bictogo appelle l&#039;ONU \u00e0 se red\u00e9finir un nouvel ordre politique - C\u00f4te d&#039;Ivoire<\/title>\n<meta name=\"description\" content=\"La 18e session de la Confe\u0301rence de l\u2019Union parlementaire des E\u0301tats membres de l&#039;organisation de la coope\u0301ration islami ...\" \/>\n<meta name=\"robots\" content=\"index, follow, max-snippet:-1, max-image-preview:large, max-video-preview:-1\" \/>\n<link rel=\"canonical\" href=\"https:\/\/www.africa-press.net\/cotedivoire\/politique\/upci-changement-climatique-bictogo-appelle-lonu-a-se-redefinir-un-nouvel-ordre-politique\" \/>\n<meta property=\"og:locale\" content=\"fr_FR\" \/>\n<meta property=\"og:type\" content=\"article\" \/>\n<meta property=\"og:title\" content=\"UPCI, changement climatique, Bictogo appelle l&#039;ONU \u00e0 se red\u00e9finir un nouvel ordre politique\" \/>\n<meta property=\"og:description\" content=\"La 18e session de la Confe\u0301rence de l\u2019Union parlementaire des E\u0301tats membres de l&#039;organisation de la coope\u0301ration islami ...\" \/>\n<meta property=\"og:url\" content=\"https:\/\/www.africa-press.net\/cotedivoire\/politique\/upci-changement-climatique-bictogo-appelle-lonu-a-se-redefinir-un-nouvel-ordre-politique\" \/>\n<meta property=\"og:site_name\" content=\"C\u00f4te d&#039;Ivoire\" \/>\n<meta property=\"article:published_time\" content=\"2024-03-05T15:48:03+00:00\" \/>\n<meta property=\"article:modified_time\" content=\"2024-03-05T16:36:41+00:00\" \/>\n<meta property=\"og:image\" content=\"https:\/\/static.africa-press.net\/cote\/sites\/43\/2024\/03\/sm_1709643794.080892.jpg\" \/>\n\t<meta property=\"og:image:width\" content=\"720\" \/>\n\t<meta property=\"og:image:height\" content=\"480\" \/>\n\t<meta property=\"og:image:type\" content=\"image\/jpeg\" \/>\n<meta name=\"author\" content=\"cfeditorfr\" \/>\n<meta name=\"twitter:card\" content=\"summary_large_image\" \/>\n<meta name=\"twitter:label1\" content=\"\u00c9crit par\" \/>\n\t<meta name=\"twitter:data1\" content=\"cfeditorfr\" \/>\n\t<meta name=\"twitter:label2\" content=\"Dur\u00e9e de lecture estim\u00e9e\" \/>\n\t<meta name=\"twitter:data2\" content=\"4 minutes\" \/>\n<script type=\"application\/ld+json\" class=\"yoast-schema-graph\">{\"@context\":\"https:\/\/schema.org\",\"@graph\":[{\"@type\":\"Article\",\"@id\":\"https:\/\/www.africa-press.net\/cotedivoire\/politique\/upci-changement-climatique-bictogo-appelle-lonu-a-se-redefinir-un-nouvel-ordre-politique#article\",\"isPartOf\":{\"@id\":\"https:\/\/www.africa-press.net\/cotedivoire\/politique\/upci-changement-climatique-bictogo-appelle-lonu-a-se-redefinir-un-nouvel-ordre-politique\"},\"author\":{\"name\":\"cfeditorfr\",\"@id\":\"https:\/\/www.africa-press.net\/cotedivoire\/#\/schema\/person\/2b1cf3cd81a31e3cd26889ca66d677f1\"},\"headline\":\"UPCI, changement climatique, Bictogo appelle l&rsquo;ONU \u00e0 se red\u00e9finir un nouvel ordre politique\",\"datePublished\":\"2024-03-05T15:48:03+00:00\",\"dateModified\":\"2024-03-05T16:36:41+00:00\",\"mainEntityOfPage\":{\"@id\":\"https:\/\/www.africa-press.net\/cotedivoire\/politique\/upci-changement-climatique-bictogo-appelle-lonu-a-se-redefinir-un-nouvel-ordre-politique\"},\"wordCount\":833,\"commentCount\":0,\"image\":{\"@id\":\"https:\/\/www.africa-press.net\/cotedivoire\/politique\/upci-changement-climatique-bictogo-appelle-lonu-a-se-redefinir-un-nouvel-ordre-politique#primaryimage\"},\"thumbnailUrl\":\"https:\/\/static.africa-press.net\/cote\/sites\/43\/2024\/03\/sm_1709643794.080892.jpg\",\"keywords\":[\"Adama Bictogo\",\"Africa Press\",\"Africa Press-C\u00f4te d'Ivoire\",\"C\u00d4TE D'IVOIRE\",\"ONU\",\"UPCI\"],\"articleSection\":[\"Politique\",\"Toutes les actualit\u00e9s\"],\"inLanguage\":\"fr-FR\",\"potentialAction\":[{\"@type\":\"CommentAction\",\"name\":\"Comment\",\"target\":[\"https:\/\/www.africa-press.net\/cotedivoire\/politique\/upci-changement-climatique-bictogo-appelle-lonu-a-se-redefinir-un-nouvel-ordre-politique#respond\"]}]},{\"@type\":\"WebPage\",\"@id\":\"https:\/\/www.africa-press.net\/cotedivoire\/politique\/upci-changement-climatique-bictogo-appelle-lonu-a-se-redefinir-un-nouvel-ordre-politique\",\"url\":\"https:\/\/www.africa-press.net\/cotedivoire\/politique\/upci-changement-climatique-bictogo-appelle-lonu-a-se-redefinir-un-nouvel-ordre-politique\",\"name\":\"UPCI, changement climatique, Bictogo appelle l'ONU \u00e0 se red\u00e9finir un nouvel ordre politique - C\u00f4te d&#039;Ivoire\",\"isPartOf\":{\"@id\":\"https:\/\/www.africa-press.net\/cotedivoire\/#website\"},\"primaryImageOfPage\":{\"@id\":\"https:\/\/www.africa-press.net\/cotedivoire\/politique\/upci-changement-climatique-bictogo-appelle-lonu-a-se-redefinir-un-nouvel-ordre-politique#primaryimage\"},\"image\":{\"@id\":\"https:\/\/www.africa-press.net\/cotedivoire\/politique\/upci-changement-climatique-bictogo-appelle-lonu-a-se-redefinir-un-nouvel-ordre-politique#primaryimage\"},\"thumbnailUrl\":\"https:\/\/static.africa-press.net\/cote\/sites\/43\/2024\/03\/sm_1709643794.080892.jpg\",\"datePublished\":\"2024-03-05T15:48:03+00:00\",\"dateModified\":\"2024-03-05T16:36:41+00:00\",\"author\":{\"@id\":\"https:\/\/www.africa-press.net\/cotedivoire\/#\/schema\/person\/2b1cf3cd81a31e3cd26889ca66d677f1\"},\"description\":\"La 18e session de la Confe\u0301rence de l\u2019Union parlementaire des E\u0301tats membres de l'organisation de la coope\u0301ration islami ...\",\"breadcrumb\":{\"@id\":\"https:\/\/www.africa-press.net\/cotedivoire\/politique\/upci-changement-climatique-bictogo-appelle-lonu-a-se-redefinir-un-nouvel-ordre-politique#breadcrumb\"},\"inLanguage\":\"fr-FR\",\"potentialAction\":[{\"@type\":\"ReadAction\",\"target\":[\"https:\/\/www.africa-press.net\/cotedivoire\/politique\/upci-changement-climatique-bictogo-appelle-lonu-a-se-redefinir-un-nouvel-ordre-politique\"]}]},{\"@type\":\"ImageObject\",\"inLanguage\":\"fr-FR\",\"@id\":\"https:\/\/www.africa-press.net\/cotedivoire\/politique\/upci-changement-climatique-bictogo-appelle-lonu-a-se-redefinir-un-nouvel-ordre-politique#primaryimage\",\"url\":\"https:\/\/static.africa-press.net\/cote\/sites\/43\/2024\/03\/sm_1709643794.080892.jpg\",\"contentUrl\":\"https:\/\/static.africa-press.net\/cote\/sites\/43\/2024\/03\/sm_1709643794.080892.jpg\",\"width\":720,\"height\":480,\"caption\":\"UPCI, changement climatique, Bictogo appelle l'ONU \u00e0 se red\u00e9finir un nouvel ordre politique\"},{\"@type\":\"BreadcrumbList\",\"@id\":\"https:\/\/www.africa-press.net\/cotedivoire\/politique\/upci-changement-climatique-bictogo-appelle-lonu-a-se-redefinir-un-nouvel-ordre-politique#breadcrumb\",\"itemListElement\":[{\"@type\":\"ListItem\",\"position\":1,\"name\":\"Accueil\",\"item\":\"https:\/\/www.africa-press.net\/cotedivoire\/\"},{\"@type\":\"ListItem\",\"position\":2,\"name\":\"UPCI, changement climatique, Bictogo appelle l&#8217;ONU \u00e0 se red\u00e9finir un nouvel ordre politique\"}]},{\"@type\":\"WebSite\",\"@id\":\"https:\/\/www.africa-press.net\/cotedivoire\/#website\",\"url\":\"https:\/\/www.africa-press.net\/cotedivoire\/\",\"name\":\"C\u00f4te d&#039;Ivoire\",\"description\":\"Just another Africa News Agency Sites site\",\"potentialAction\":[{\"@type\":\"SearchAction\",\"target\":{\"@type\":\"EntryPoint\",\"urlTemplate\":\"https:\/\/www.africa-press.net\/cotedivoire\/?s={search_term_string}\"},\"query-input\":{\"@type\":\"PropertyValueSpecification\",\"valueRequired\":true,\"valueName\":\"search_term_string\"}}],\"inLanguage\":\"fr-FR\"},{\"@type\":\"Person\",\"@id\":\"https:\/\/www.africa-press.net\/cotedivoire\/#\/schema\/person\/2b1cf3cd81a31e3cd26889ca66d677f1\",\"name\":\"cfeditorfr\"}]}<\/script>\n<!-- \/ Yoast SEO Premium plugin. -->","yoast_head_json":{"title":"UPCI, changement climatique, Bictogo appelle l'ONU \u00e0 se red\u00e9finir un nouvel ordre politique - C\u00f4te d&#039;Ivoire","description":"La 18e session de la Confe\u0301rence de l\u2019Union parlementaire des E\u0301tats membres de l'organisation de la coope\u0301ration islami ...","robots":{"index":"index","follow":"follow","max-snippet":"max-snippet:-1","max-image-preview":"max-image-preview:large","max-video-preview":"max-video-preview:-1"},"canonical":"https:\/\/www.africa-press.net\/cotedivoire\/politique\/upci-changement-climatique-bictogo-appelle-lonu-a-se-redefinir-un-nouvel-ordre-politique","og_locale":"fr_FR","og_type":"article","og_title":"UPCI, changement climatique, Bictogo appelle l'ONU \u00e0 se red\u00e9finir un nouvel ordre politique","og_description":"La 18e session de la Confe\u0301rence de l\u2019Union parlementaire des E\u0301tats membres de l'organisation de la coope\u0301ration islami ...","og_url":"https:\/\/www.africa-press.net\/cotedivoire\/politique\/upci-changement-climatique-bictogo-appelle-lonu-a-se-redefinir-un-nouvel-ordre-politique","og_site_name":"C\u00f4te d&#039;Ivoire","article_published_time":"2024-03-05T15:48:03+00:00","article_modified_time":"2024-03-05T16:36:41+00:00","og_image":[{"width":720,"height":480,"url":"https:\/\/static.africa-press.net\/cote\/sites\/43\/2024\/03\/sm_1709643794.080892.jpg","type":"image\/jpeg"}],"author":"cfeditorfr","twitter_card":"summary_large_image","twitter_misc":{"\u00c9crit par":"cfeditorfr","Dur\u00e9e de lecture estim\u00e9e":"4 minutes"},"schema":{"@context":"https:\/\/schema.org","@graph":[{"@type":"Article","@id":"https:\/\/www.africa-press.net\/cotedivoire\/politique\/upci-changement-climatique-bictogo-appelle-lonu-a-se-redefinir-un-nouvel-ordre-politique#article","isPartOf":{"@id":"https:\/\/www.africa-press.net\/cotedivoire\/politique\/upci-changement-climatique-bictogo-appelle-lonu-a-se-redefinir-un-nouvel-ordre-politique"},"author":{"name":"cfeditorfr","@id":"https:\/\/www.africa-press.net\/cotedivoire\/#\/schema\/person\/2b1cf3cd81a31e3cd26889ca66d677f1"},"headline":"UPCI, changement climatique, Bictogo appelle l&rsquo;ONU \u00e0 se red\u00e9finir un nouvel ordre politique","datePublished":"2024-03-05T15:48:03+00:00","dateModified":"2024-03-05T16:36:41+00:00","mainEntityOfPage":{"@id":"https:\/\/www.africa-press.net\/cotedivoire\/politique\/upci-changement-climatique-bictogo-appelle-lonu-a-se-redefinir-un-nouvel-ordre-politique"},"wordCount":833,"commentCount":0,"image":{"@id":"https:\/\/www.africa-press.net\/cotedivoire\/politique\/upci-changement-climatique-bictogo-appelle-lonu-a-se-redefinir-un-nouvel-ordre-politique#primaryimage"},"thumbnailUrl":"https:\/\/static.africa-press.net\/cote\/sites\/43\/2024\/03\/sm_1709643794.080892.jpg","keywords":["Adama Bictogo","Africa Press","Africa Press-C\u00f4te d'Ivoire","C\u00d4TE D'IVOIRE","ONU","UPCI"],"articleSection":["Politique","Toutes les actualit\u00e9s"],"inLanguage":"fr-FR","potentialAction":[{"@type":"CommentAction","name":"Comment","target":["https:\/\/www.africa-press.net\/cotedivoire\/politique\/upci-changement-climatique-bictogo-appelle-lonu-a-se-redefinir-un-nouvel-ordre-politique#respond"]}]},{"@type":"WebPage","@id":"https:\/\/www.africa-press.net\/cotedivoire\/politique\/upci-changement-climatique-bictogo-appelle-lonu-a-se-redefinir-un-nouvel-ordre-politique","url":"https:\/\/www.africa-press.net\/cotedivoire\/politique\/upci-changement-climatique-bictogo-appelle-lonu-a-se-redefinir-un-nouvel-ordre-politique","name":"UPCI, changement climatique, Bictogo appelle l'ONU \u00e0 se red\u00e9finir un nouvel ordre politique - C\u00f4te d&#039;Ivoire","isPartOf":{"@id":"https:\/\/www.africa-press.net\/cotedivoire\/#website"},"primaryImageOfPage":{"@id":"https:\/\/www.africa-press.net\/cotedivoire\/politique\/upci-changement-climatique-bictogo-appelle-lonu-a-se-redefinir-un-nouvel-ordre-politique#primaryimage"},"image":{"@id":"https:\/\/www.africa-press.net\/cotedivoire\/politique\/upci-changement-climatique-bictogo-appelle-lonu-a-se-redefinir-un-nouvel-ordre-politique#primaryimage"},"thumbnailUrl":"https:\/\/static.africa-press.net\/cote\/sites\/43\/2024\/03\/sm_1709643794.080892.jpg","datePublished":"2024-03-05T15:48:03+00:00","dateModified":"2024-03-05T16:36:41+00:00","author":{"@id":"https:\/\/www.africa-press.net\/cotedivoire\/#\/schema\/person\/2b1cf3cd81a31e3cd26889ca66d677f1"},"description":"La 18e session de la Confe\u0301rence de l\u2019Union parlementaire des E\u0301tats membres de l'organisation de la coope\u0301ration islami ...","breadcrumb":{"@id":"https:\/\/www.africa-press.net\/cotedivoire\/politique\/upci-changement-climatique-bictogo-appelle-lonu-a-se-redefinir-un-nouvel-ordre-politique#breadcrumb"},"inLanguage":"fr-FR","potentialAction":[{"@type":"ReadAction","target":["https:\/\/www.africa-press.net\/cotedivoire\/politique\/upci-changement-climatique-bictogo-appelle-lonu-a-se-redefinir-un-nouvel-ordre-politique"]}]},{"@type":"ImageObject","inLanguage":"fr-FR","@id":"https:\/\/www.africa-press.net\/cotedivoire\/politique\/upci-changement-climatique-bictogo-appelle-lonu-a-se-redefinir-un-nouvel-ordre-politique#primaryimage","url":"https:\/\/static.africa-press.net\/cote\/sites\/43\/2024\/03\/sm_1709643794.080892.jpg","contentUrl":"https:\/\/static.africa-press.net\/cote\/sites\/43\/2024\/03\/sm_1709643794.080892.jpg","width":720,"height":480,"caption":"UPCI, changement climatique, Bictogo appelle l'ONU \u00e0 se red\u00e9finir un nouvel ordre politique"},{"@type":"BreadcrumbList","@id":"https:\/\/www.africa-press.net\/cotedivoire\/politique\/upci-changement-climatique-bictogo-appelle-lonu-a-se-redefinir-un-nouvel-ordre-politique#breadcrumb","itemListElement":[{"@type":"ListItem","position":1,"name":"Accueil","item":"https:\/\/www.africa-press.net\/cotedivoire\/"},{"@type":"ListItem","position":2,"name":"UPCI, changement climatique, Bictogo appelle l&#8217;ONU \u00e0 se red\u00e9finir un nouvel ordre politique"}]},{"@type":"WebSite","@id":"https:\/\/www.africa-press.net\/cotedivoire\/#website","url":"https:\/\/www.africa-press.net\/cotedivoire\/","name":"C\u00f4te d&#039;Ivoire","description":"Just another Africa News Agency Sites site","potentialAction":[{"@type":"SearchAction","target":{"@type":"EntryPoint","urlTemplate":"https:\/\/www.africa-press.net\/cotedivoire\/?s={search_term_string}"},"query-input":{"@type":"PropertyValueSpecification","valueRequired":true,"valueName":"search_term_string"}}],"inLanguage":"fr-FR"},{"@type":"Person","@id":"https:\/\/www.africa-press.net\/cotedivoire\/#\/schema\/person\/2b1cf3cd81a31e3cd26889ca66d677f1","name":"cfeditorfr"}]}},"_links":{"self":[{"href":"https:\/\/www.africa-press.net\/cotedivoire\/wp-json\/wp\/v2\/posts\/75871","targetHints":{"allow":["GET"]}}],"collection":[{"href":"https:\/\/www.africa-press.net\/cotedivoire\/wp-json\/wp\/v2\/posts"}],"about":[{"href":"https:\/\/www.africa-press.net\/cotedivoire\/wp-json\/wp\/v2\/types\/post"}],"author":[{"embeddable":true,"href":"https:\/\/www.africa-press.net\/cotedivoire\/wp-json\/wp\/v2\/users\/82"}],"replies":[{"embeddable":true,"href":"https:\/\/www.africa-press.net\/cotedivoire\/wp-json\/wp\/v2\/comments?post=75871"}],"version-history":[{"count":0,"href":"https:\/\/www.africa-press.net\/cotedivoire\/wp-json\/wp\/v2\/posts\/75871\/revisions"}],"wp:featuredmedia":[{"embeddable":true,"href":"https:\/\/www.africa-press.net\/cotedivoire\/wp-json\/wp\/v2\/media\/75870"}],"wp:attachment":[{"href":"https:\/\/www.africa-press.net\/cotedivoire\/wp-json\/wp\/v2\/media?parent=75871"}],"wp:term":[{"taxonomy":"category","embeddable":true,"href":"https:\/\/www.africa-press.net\/cotedivoire\/wp-json\/wp\/v2\/categories?post=75871"},{"taxonomy":"post_tag","embeddable":true,"href":"https:\/\/www.africa-press.net\/cotedivoire\/wp-json\/wp\/v2\/tags?post=75871"}],"curies":[{"name":"wp","href":"https:\/\/api.w.org\/{rel}","templated":true}]}}