{"id":75893,"date":"2024-03-05T15:51:54","date_gmt":"2024-03-05T15:51:54","guid":{"rendered":"https:\/\/www.africa-press.net\/cotedivoire\/politique\/appel-a-la-paix-adama-bictogo-implore-un-arret-immediat-des-hostilites-a-gaza"},"modified":"2024-03-05T16:41:42","modified_gmt":"2024-03-05T16:41:42","slug":"appel-a-la-paix-adama-bictogo-implore-un-arret-immediat-des-hostilites-a-gaza","status":"publish","type":"post","link":"https:\/\/www.africa-press.net\/cotedivoire\/politique\/appel-a-la-paix-adama-bictogo-implore-un-arret-immediat-des-hostilites-a-gaza","title":{"rendered":"Appel \u00e0 la paix, Adama Bictogo implore un arr\u00eat imm\u00e9diat des hostilit\u00e9s \u00e0 Gaza"},"content":{"rendered":"<p><span style=\"color: #ff6600\"><strong>Africa-Press &#8211; C\u00f4te d&rsquo;Ivoire. <\/strong><\/span>Au cours de la 18e\u0300me Confe\u0301rence de l&rsquo;Union parlementaire des E\u0301tats membres de l&rsquo;Organisation de la Coope\u0301ration Islamique (UPCI), tenue a\u0300 Abidjan le lundi 4 mars 2024, Adama Bictogo, pre\u0301sident de l&rsquo;Assemble\u0301e nationale de Co\u0302te d&rsquo;Ivoire et nouveau pre\u0301sident en exercice de l&rsquo;UPCI, a lance\u0301 un vibrant appel pour un \u00ab\u00a0cessez-le-feu imme\u0301diat\u00a0\u00bb dans la bande de Gaza.<\/p>\n<p>Plaidant pour l&rsquo;ouverture d&rsquo;un couloir humanitaire afin de soulager les populations affecte\u0301es, il a souligne\u0301 l&rsquo;urgence de la situation humanitaire dans la re\u0301gion. En mettant en avant la gravite\u0301 de la situation et l&rsquo;enlisement des efforts de re\u0300glement depuis des de\u0301cennies, Adama Bictogo a re\u0301ite\u0301re\u0301 l&rsquo;appel des parlementaires du monde islamique a\u0300 mettre fin aux hostilite\u0301s dans la re\u0301gion.<\/p>\n<p>Il a exprime\u0301 le soutien du pre\u0301sident ivoirien, Alassane Ouattara, en faveur d&rsquo;une solution durable au conflit israe\u0301lo-palestinien, pro\u0302nant la cre\u0301ation de deux E\u0301tats vivant en paix co\u0302te a\u0300 co\u0302te.<\/p>\n<p>Dans un discours empreint de diplomatie et de fermete\u0301, le pre\u0301sident de l&rsquo;Assemble\u0301e nationale de Co\u0302te d&rsquo;Ivoire a affirme\u0301 que le dialogue et la coexistence pacifique e\u0301taient la seule voie possible pour re\u0301soudre de\u0301finitivement le conflit. Il a souligne\u0301 l&rsquo;importance de la solidarite\u0301 des E\u0301tats membres de l&rsquo;UPCI envers la cause palestinienne et a appele\u0301 a\u0300 des actions concre\u0300tes pour traduire cet engagement en re\u0301sultats tangibles.<\/p>\n<p>Adama Bictogo a salue\u0301 les efforts de\u0301ploye\u0301s par les E\u0301tats membres de l&rsquo;UPCI et les bonnes volonte\u0301s qui ont \u0153uvre\u0301 pour trouver une issue conforme au droit international. Il a conclu en appelant a\u0300 des discussions franches et fraternelles lors de la Confe\u0301rence, afin de favoriser l&rsquo;e\u0301mergence d&rsquo;actions positives pour la re\u0301solution du conflit.<\/p>\n<p>La 18e\u0300me Confe\u0301rence de l&rsquo;UPCI a e\u0301te\u0301 pre\u0301ce\u0301de\u0301e par des re\u0301unions pre\u0301paratoires visant a\u0300 traiter les questions urgentes et a\u0300 proce\u0301der a\u0300 l&rsquo;e\u0301lection des E\u0301tats membres des commissions spe\u0301cialise\u0301es de l&rsquo;organisation. Fonde\u0301e en juin 1999 par l&rsquo;Organisation de la Confe\u0301rence Islamique (OCI), l&rsquo;UPCI vise a\u0300 promouvoir le principe islamique de concertation et a\u0300 favoriser le dialogue entre les parlements des E\u0301tats membres de l&rsquo;OCI.<\/p>\n<p><strong>Pour plus d&rsquo;informations et d&rsquo;analyses sur la <a href=\"https:\/\/www.africa-press.net\/cotedivoire\">C\u00f4te d&rsquo;Ivoire<\/a>, suivez <a href=\"https:\/\/www.africa-press.net\/\">Africa-Press<\/a><\/strong><\/p>\n","protected":false},"excerpt":{"rendered":"<p>Africa-Press &#8211; C\u00f4te d&rsquo;Ivoire. Au cours de la 18e\u0300me Confe\u0301rence de l&rsquo;Union parlementaire des E\u0301tats membres de l&rsquo;Organisation de la Coope\u0301ration Islamique (UPCI), tenue a\u0300 Abidjan le lundi 4 mars 2024, Adama Bictogo, pre\u0301sident de l&rsquo;Assemble\u0301e nationale de Co\u0302te d&rsquo;Ivoire et nouveau pre\u0301sident en exercice de l&rsquo;UPCI, a lance\u0301 un vibrant appel pour un \u00ab\u00a0cessez-le-feu [&hellip;]<\/p>\n","protected":false},"author":82,"featured_media":75892,"comment_status":"open","ping_status":"closed","sticky":false,"template":"","format":"standard","meta":{"footnotes":""},"categories":[2,10],"tags":[1265,56,63,29,11611,12762,5115,668],"class_list":["post-75893","post","type-post","status-publish","format-standard","has-post-thumbnail","hentry","category-politique","category-toutes-les-actualites","tag-adama-bictogo","tag-africa-press","tag-africa-press-cote-divoire","tag-cote-divoire","tag-gaza","tag-hostilites","tag-oci","tag-upci"],"yoast_head":"<!-- This site is optimized with the Yoast SEO Premium plugin v26.1 (Yoast SEO v27.0) - https:\/\/yoast.com\/product\/yoast-seo-premium-wordpress\/ -->\n<title>Appel \u00e0 la paix, Adama Bictogo implore un arr\u00eat imm\u00e9diat des hostilit\u00e9s \u00e0 Gaza - C\u00f4te d&#039;Ivoire<\/title>\n<meta name=\"description\" content=\"Au cours de la 18e\u0300me Confe\u0301rence de l&#039;Union parlementaire des E\u0301tats membres de l&#039;Organisation de la Coope\u0301ration Islam ...\" \/>\n<meta name=\"robots\" content=\"index, follow, max-snippet:-1, max-image-preview:large, max-video-preview:-1\" \/>\n<link rel=\"canonical\" href=\"https:\/\/www.africa-press.net\/cotedivoire\/politique\/appel-a-la-paix-adama-bictogo-implore-un-arret-immediat-des-hostilites-a-gaza\" \/>\n<meta property=\"og:locale\" content=\"fr_FR\" \/>\n<meta property=\"og:type\" content=\"article\" \/>\n<meta property=\"og:title\" content=\"Appel \u00e0 la paix, Adama Bictogo implore un arr\u00eat imm\u00e9diat des hostilit\u00e9s \u00e0 Gaza\" \/>\n<meta property=\"og:description\" content=\"Au cours de la 18e\u0300me Confe\u0301rence de l&#039;Union parlementaire des E\u0301tats membres de l&#039;Organisation de la Coope\u0301ration Islam ...\" \/>\n<meta property=\"og:url\" content=\"https:\/\/www.africa-press.net\/cotedivoire\/politique\/appel-a-la-paix-adama-bictogo-implore-un-arret-immediat-des-hostilites-a-gaza\" \/>\n<meta property=\"og:site_name\" content=\"C\u00f4te d&#039;Ivoire\" \/>\n<meta property=\"article:published_time\" content=\"2024-03-05T15:51:54+00:00\" \/>\n<meta property=\"article:modified_time\" content=\"2024-03-05T16:41:42+00:00\" \/>\n<meta property=\"og:image\" content=\"https:\/\/static.africa-press.net\/cote\/sites\/43\/2024\/03\/sm_1709644011.076082.jpg\" \/>\n\t<meta property=\"og:image:width\" content=\"720\" \/>\n\t<meta property=\"og:image:height\" content=\"481\" \/>\n\t<meta property=\"og:image:type\" content=\"image\/jpeg\" \/>\n<meta name=\"author\" content=\"cfeditorfr\" \/>\n<meta name=\"twitter:card\" content=\"summary_large_image\" \/>\n<meta name=\"twitter:label1\" content=\"\u00c9crit par\" \/>\n\t<meta name=\"twitter:data1\" content=\"cfeditorfr\" \/>\n\t<meta name=\"twitter:label2\" content=\"Dur\u00e9e de lecture estim\u00e9e\" \/>\n\t<meta name=\"twitter:data2\" content=\"2 minutes\" \/>\n<script type=\"application\/ld+json\" class=\"yoast-schema-graph\">{\"@context\":\"https:\/\/schema.org\",\"@graph\":[{\"@type\":\"Article\",\"@id\":\"https:\/\/www.africa-press.net\/cotedivoire\/politique\/appel-a-la-paix-adama-bictogo-implore-un-arret-immediat-des-hostilites-a-gaza#article\",\"isPartOf\":{\"@id\":\"https:\/\/www.africa-press.net\/cotedivoire\/politique\/appel-a-la-paix-adama-bictogo-implore-un-arret-immediat-des-hostilites-a-gaza\"},\"author\":{\"name\":\"cfeditorfr\",\"@id\":\"https:\/\/www.africa-press.net\/cotedivoire\/#\/schema\/person\/2b1cf3cd81a31e3cd26889ca66d677f1\"},\"headline\":\"Appel \u00e0 la paix, Adama Bictogo implore un arr\u00eat imm\u00e9diat des hostilit\u00e9s \u00e0 Gaza\",\"datePublished\":\"2024-03-05T15:51:54+00:00\",\"dateModified\":\"2024-03-05T16:41:42+00:00\",\"mainEntityOfPage\":{\"@id\":\"https:\/\/www.africa-press.net\/cotedivoire\/politique\/appel-a-la-paix-adama-bictogo-implore-un-arret-immediat-des-hostilites-a-gaza\"},\"wordCount\":443,\"commentCount\":0,\"image\":{\"@id\":\"https:\/\/www.africa-press.net\/cotedivoire\/politique\/appel-a-la-paix-adama-bictogo-implore-un-arret-immediat-des-hostilites-a-gaza#primaryimage\"},\"thumbnailUrl\":\"https:\/\/static.africa-press.net\/cote\/sites\/43\/2024\/03\/sm_1709644011.076082.jpg\",\"keywords\":[\"Adama Bictogo\",\"Africa Press\",\"Africa Press-C\u00f4te d'Ivoire\",\"C\u00d4TE D'IVOIRE\",\"Gaza\",\"hostilit\u00e9s\",\"OCI\",\"UPCI\"],\"articleSection\":[\"Politique\",\"Toutes les actualit\u00e9s\"],\"inLanguage\":\"fr-FR\",\"potentialAction\":[{\"@type\":\"CommentAction\",\"name\":\"Comment\",\"target\":[\"https:\/\/www.africa-press.net\/cotedivoire\/politique\/appel-a-la-paix-adama-bictogo-implore-un-arret-immediat-des-hostilites-a-gaza#respond\"]}]},{\"@type\":\"WebPage\",\"@id\":\"https:\/\/www.africa-press.net\/cotedivoire\/politique\/appel-a-la-paix-adama-bictogo-implore-un-arret-immediat-des-hostilites-a-gaza\",\"url\":\"https:\/\/www.africa-press.net\/cotedivoire\/politique\/appel-a-la-paix-adama-bictogo-implore-un-arret-immediat-des-hostilites-a-gaza\",\"name\":\"Appel \u00e0 la paix, Adama Bictogo implore un arr\u00eat imm\u00e9diat des hostilit\u00e9s \u00e0 Gaza - C\u00f4te d&#039;Ivoire\",\"isPartOf\":{\"@id\":\"https:\/\/www.africa-press.net\/cotedivoire\/#website\"},\"primaryImageOfPage\":{\"@id\":\"https:\/\/www.africa-press.net\/cotedivoire\/politique\/appel-a-la-paix-adama-bictogo-implore-un-arret-immediat-des-hostilites-a-gaza#primaryimage\"},\"image\":{\"@id\":\"https:\/\/www.africa-press.net\/cotedivoire\/politique\/appel-a-la-paix-adama-bictogo-implore-un-arret-immediat-des-hostilites-a-gaza#primaryimage\"},\"thumbnailUrl\":\"https:\/\/static.africa-press.net\/cote\/sites\/43\/2024\/03\/sm_1709644011.076082.jpg\",\"datePublished\":\"2024-03-05T15:51:54+00:00\",\"dateModified\":\"2024-03-05T16:41:42+00:00\",\"author\":{\"@id\":\"https:\/\/www.africa-press.net\/cotedivoire\/#\/schema\/person\/2b1cf3cd81a31e3cd26889ca66d677f1\"},\"description\":\"Au cours de la 18e\u0300me Confe\u0301rence de l'Union parlementaire des E\u0301tats membres de l'Organisation de la Coope\u0301ration Islam ...\",\"breadcrumb\":{\"@id\":\"https:\/\/www.africa-press.net\/cotedivoire\/politique\/appel-a-la-paix-adama-bictogo-implore-un-arret-immediat-des-hostilites-a-gaza#breadcrumb\"},\"inLanguage\":\"fr-FR\",\"potentialAction\":[{\"@type\":\"ReadAction\",\"target\":[\"https:\/\/www.africa-press.net\/cotedivoire\/politique\/appel-a-la-paix-adama-bictogo-implore-un-arret-immediat-des-hostilites-a-gaza\"]}]},{\"@type\":\"ImageObject\",\"inLanguage\":\"fr-FR\",\"@id\":\"https:\/\/www.africa-press.net\/cotedivoire\/politique\/appel-a-la-paix-adama-bictogo-implore-un-arret-immediat-des-hostilites-a-gaza#primaryimage\",\"url\":\"https:\/\/static.africa-press.net\/cote\/sites\/43\/2024\/03\/sm_1709644011.076082.jpg\",\"contentUrl\":\"https:\/\/static.africa-press.net\/cote\/sites\/43\/2024\/03\/sm_1709644011.076082.jpg\",\"width\":720,\"height\":481,\"caption\":\"Appel \u00e0 la paix, Adama Bictogo implore un arr\u00eat imm\u00e9diat des hostilit\u00e9s \u00e0 Gaza\"},{\"@type\":\"BreadcrumbList\",\"@id\":\"https:\/\/www.africa-press.net\/cotedivoire\/politique\/appel-a-la-paix-adama-bictogo-implore-un-arret-immediat-des-hostilites-a-gaza#breadcrumb\",\"itemListElement\":[{\"@type\":\"ListItem\",\"position\":1,\"name\":\"Accueil\",\"item\":\"https:\/\/www.africa-press.net\/cotedivoire\/\"},{\"@type\":\"ListItem\",\"position\":2,\"name\":\"Appel \u00e0 la paix, Adama Bictogo implore un arr\u00eat imm\u00e9diat des hostilit\u00e9s \u00e0 Gaza\"}]},{\"@type\":\"WebSite\",\"@id\":\"https:\/\/www.africa-press.net\/cotedivoire\/#website\",\"url\":\"https:\/\/www.africa-press.net\/cotedivoire\/\",\"name\":\"C\u00f4te d&#039;Ivoire\",\"description\":\"Just another Africa News Agency Sites site\",\"potentialAction\":[{\"@type\":\"SearchAction\",\"target\":{\"@type\":\"EntryPoint\",\"urlTemplate\":\"https:\/\/www.africa-press.net\/cotedivoire\/?s={search_term_string}\"},\"query-input\":{\"@type\":\"PropertyValueSpecification\",\"valueRequired\":true,\"valueName\":\"search_term_string\"}}],\"inLanguage\":\"fr-FR\"},{\"@type\":\"Person\",\"@id\":\"https:\/\/www.africa-press.net\/cotedivoire\/#\/schema\/person\/2b1cf3cd81a31e3cd26889ca66d677f1\",\"name\":\"cfeditorfr\"}]}<\/script>\n<!-- \/ Yoast SEO Premium plugin. -->","yoast_head_json":{"title":"Appel \u00e0 la paix, Adama Bictogo implore un arr\u00eat imm\u00e9diat des hostilit\u00e9s \u00e0 Gaza - C\u00f4te d&#039;Ivoire","description":"Au cours de la 18e\u0300me Confe\u0301rence de l'Union parlementaire des E\u0301tats membres de l'Organisation de la Coope\u0301ration Islam ...","robots":{"index":"index","follow":"follow","max-snippet":"max-snippet:-1","max-image-preview":"max-image-preview:large","max-video-preview":"max-video-preview:-1"},"canonical":"https:\/\/www.africa-press.net\/cotedivoire\/politique\/appel-a-la-paix-adama-bictogo-implore-un-arret-immediat-des-hostilites-a-gaza","og_locale":"fr_FR","og_type":"article","og_title":"Appel \u00e0 la paix, Adama Bictogo implore un arr\u00eat imm\u00e9diat des hostilit\u00e9s \u00e0 Gaza","og_description":"Au cours de la 18e\u0300me Confe\u0301rence de l'Union parlementaire des E\u0301tats membres de l'Organisation de la Coope\u0301ration Islam ...","og_url":"https:\/\/www.africa-press.net\/cotedivoire\/politique\/appel-a-la-paix-adama-bictogo-implore-un-arret-immediat-des-hostilites-a-gaza","og_site_name":"C\u00f4te d&#039;Ivoire","article_published_time":"2024-03-05T15:51:54+00:00","article_modified_time":"2024-03-05T16:41:42+00:00","og_image":[{"width":720,"height":481,"url":"https:\/\/static.africa-press.net\/cote\/sites\/43\/2024\/03\/sm_1709644011.076082.jpg","type":"image\/jpeg"}],"author":"cfeditorfr","twitter_card":"summary_large_image","twitter_misc":{"\u00c9crit par":"cfeditorfr","Dur\u00e9e de lecture estim\u00e9e":"2 minutes"},"schema":{"@context":"https:\/\/schema.org","@graph":[{"@type":"Article","@id":"https:\/\/www.africa-press.net\/cotedivoire\/politique\/appel-a-la-paix-adama-bictogo-implore-un-arret-immediat-des-hostilites-a-gaza#article","isPartOf":{"@id":"https:\/\/www.africa-press.net\/cotedivoire\/politique\/appel-a-la-paix-adama-bictogo-implore-un-arret-immediat-des-hostilites-a-gaza"},"author":{"name":"cfeditorfr","@id":"https:\/\/www.africa-press.net\/cotedivoire\/#\/schema\/person\/2b1cf3cd81a31e3cd26889ca66d677f1"},"headline":"Appel \u00e0 la paix, Adama Bictogo implore un arr\u00eat imm\u00e9diat des hostilit\u00e9s \u00e0 Gaza","datePublished":"2024-03-05T15:51:54+00:00","dateModified":"2024-03-05T16:41:42+00:00","mainEntityOfPage":{"@id":"https:\/\/www.africa-press.net\/cotedivoire\/politique\/appel-a-la-paix-adama-bictogo-implore-un-arret-immediat-des-hostilites-a-gaza"},"wordCount":443,"commentCount":0,"image":{"@id":"https:\/\/www.africa-press.net\/cotedivoire\/politique\/appel-a-la-paix-adama-bictogo-implore-un-arret-immediat-des-hostilites-a-gaza#primaryimage"},"thumbnailUrl":"https:\/\/static.africa-press.net\/cote\/sites\/43\/2024\/03\/sm_1709644011.076082.jpg","keywords":["Adama Bictogo","Africa Press","Africa Press-C\u00f4te d'Ivoire","C\u00d4TE D'IVOIRE","Gaza","hostilit\u00e9s","OCI","UPCI"],"articleSection":["Politique","Toutes les actualit\u00e9s"],"inLanguage":"fr-FR","potentialAction":[{"@type":"CommentAction","name":"Comment","target":["https:\/\/www.africa-press.net\/cotedivoire\/politique\/appel-a-la-paix-adama-bictogo-implore-un-arret-immediat-des-hostilites-a-gaza#respond"]}]},{"@type":"WebPage","@id":"https:\/\/www.africa-press.net\/cotedivoire\/politique\/appel-a-la-paix-adama-bictogo-implore-un-arret-immediat-des-hostilites-a-gaza","url":"https:\/\/www.africa-press.net\/cotedivoire\/politique\/appel-a-la-paix-adama-bictogo-implore-un-arret-immediat-des-hostilites-a-gaza","name":"Appel \u00e0 la paix, Adama Bictogo implore un arr\u00eat imm\u00e9diat des hostilit\u00e9s \u00e0 Gaza - C\u00f4te d&#039;Ivoire","isPartOf":{"@id":"https:\/\/www.africa-press.net\/cotedivoire\/#website"},"primaryImageOfPage":{"@id":"https:\/\/www.africa-press.net\/cotedivoire\/politique\/appel-a-la-paix-adama-bictogo-implore-un-arret-immediat-des-hostilites-a-gaza#primaryimage"},"image":{"@id":"https:\/\/www.africa-press.net\/cotedivoire\/politique\/appel-a-la-paix-adama-bictogo-implore-un-arret-immediat-des-hostilites-a-gaza#primaryimage"},"thumbnailUrl":"https:\/\/static.africa-press.net\/cote\/sites\/43\/2024\/03\/sm_1709644011.076082.jpg","datePublished":"2024-03-05T15:51:54+00:00","dateModified":"2024-03-05T16:41:42+00:00","author":{"@id":"https:\/\/www.africa-press.net\/cotedivoire\/#\/schema\/person\/2b1cf3cd81a31e3cd26889ca66d677f1"},"description":"Au cours de la 18e\u0300me Confe\u0301rence de l'Union parlementaire des E\u0301tats membres de l'Organisation de la Coope\u0301ration Islam ...","breadcrumb":{"@id":"https:\/\/www.africa-press.net\/cotedivoire\/politique\/appel-a-la-paix-adama-bictogo-implore-un-arret-immediat-des-hostilites-a-gaza#breadcrumb"},"inLanguage":"fr-FR","potentialAction":[{"@type":"ReadAction","target":["https:\/\/www.africa-press.net\/cotedivoire\/politique\/appel-a-la-paix-adama-bictogo-implore-un-arret-immediat-des-hostilites-a-gaza"]}]},{"@type":"ImageObject","inLanguage":"fr-FR","@id":"https:\/\/www.africa-press.net\/cotedivoire\/politique\/appel-a-la-paix-adama-bictogo-implore-un-arret-immediat-des-hostilites-a-gaza#primaryimage","url":"https:\/\/static.africa-press.net\/cote\/sites\/43\/2024\/03\/sm_1709644011.076082.jpg","contentUrl":"https:\/\/static.africa-press.net\/cote\/sites\/43\/2024\/03\/sm_1709644011.076082.jpg","width":720,"height":481,"caption":"Appel \u00e0 la paix, Adama Bictogo implore un arr\u00eat imm\u00e9diat des hostilit\u00e9s \u00e0 Gaza"},{"@type":"BreadcrumbList","@id":"https:\/\/www.africa-press.net\/cotedivoire\/politique\/appel-a-la-paix-adama-bictogo-implore-un-arret-immediat-des-hostilites-a-gaza#breadcrumb","itemListElement":[{"@type":"ListItem","position":1,"name":"Accueil","item":"https:\/\/www.africa-press.net\/cotedivoire\/"},{"@type":"ListItem","position":2,"name":"Appel \u00e0 la paix, Adama Bictogo implore un arr\u00eat imm\u00e9diat des hostilit\u00e9s \u00e0 Gaza"}]},{"@type":"WebSite","@id":"https:\/\/www.africa-press.net\/cotedivoire\/#website","url":"https:\/\/www.africa-press.net\/cotedivoire\/","name":"C\u00f4te d&#039;Ivoire","description":"Just another Africa News Agency Sites site","potentialAction":[{"@type":"SearchAction","target":{"@type":"EntryPoint","urlTemplate":"https:\/\/www.africa-press.net\/cotedivoire\/?s={search_term_string}"},"query-input":{"@type":"PropertyValueSpecification","valueRequired":true,"valueName":"search_term_string"}}],"inLanguage":"fr-FR"},{"@type":"Person","@id":"https:\/\/www.africa-press.net\/cotedivoire\/#\/schema\/person\/2b1cf3cd81a31e3cd26889ca66d677f1","name":"cfeditorfr"}]}},"_links":{"self":[{"href":"https:\/\/www.africa-press.net\/cotedivoire\/wp-json\/wp\/v2\/posts\/75893","targetHints":{"allow":["GET"]}}],"collection":[{"href":"https:\/\/www.africa-press.net\/cotedivoire\/wp-json\/wp\/v2\/posts"}],"about":[{"href":"https:\/\/www.africa-press.net\/cotedivoire\/wp-json\/wp\/v2\/types\/post"}],"author":[{"embeddable":true,"href":"https:\/\/www.africa-press.net\/cotedivoire\/wp-json\/wp\/v2\/users\/82"}],"replies":[{"embeddable":true,"href":"https:\/\/www.africa-press.net\/cotedivoire\/wp-json\/wp\/v2\/comments?post=75893"}],"version-history":[{"count":0,"href":"https:\/\/www.africa-press.net\/cotedivoire\/wp-json\/wp\/v2\/posts\/75893\/revisions"}],"wp:featuredmedia":[{"embeddable":true,"href":"https:\/\/www.africa-press.net\/cotedivoire\/wp-json\/wp\/v2\/media\/75892"}],"wp:attachment":[{"href":"https:\/\/www.africa-press.net\/cotedivoire\/wp-json\/wp\/v2\/media?parent=75893"}],"wp:term":[{"taxonomy":"category","embeddable":true,"href":"https:\/\/www.africa-press.net\/cotedivoire\/wp-json\/wp\/v2\/categories?post=75893"},{"taxonomy":"post_tag","embeddable":true,"href":"https:\/\/www.africa-press.net\/cotedivoire\/wp-json\/wp\/v2\/tags?post=75893"}],"curies":[{"name":"wp","href":"https:\/\/api.w.org\/{rel}","templated":true}]}}