{"id":75933,"date":"2024-03-06T18:22:21","date_gmt":"2024-03-06T18:22:21","guid":{"rendered":"https:\/\/www.africa-press.net\/cotedivoire\/politique\/rideau-sur-la-18e-conference-de-lupci-avec-une-declaration-dabidjan-voici-les-recommandations-des-etats-membres"},"modified":"2024-03-06T19:06:59","modified_gmt":"2024-03-06T19:06:59","slug":"rideau-sur-la-18e-conference-de-lupci-avec-une-declaration-dabidjan-voici-les-recommandations-des-etats-membres","status":"publish","type":"post","link":"https:\/\/www.africa-press.net\/cotedivoire\/politique\/rideau-sur-la-18e-conference-de-lupci-avec-une-declaration-dabidjan-voici-les-recommandations-des-etats-membres","title":{"rendered":"Rideau sur la 18e conf\u00e9rence de l&rsquo;UPCI avec une d\u00e9claration d&rsquo;Abidjan, voici les recommandations des \u00c9tats membres"},"content":{"rendered":"<p><span style=\"color: #ff6600\"><strong>Africa-Press &#8211; C\u00f4te d&rsquo;Ivoire. <\/strong><\/span>La 18e\u0300me Confe\u0301rence de l&rsquo;Union Parlementaire des E\u0301tats membres de l&rsquo;Organisation de la Coope\u0301ration Islamique (UPCI) a conclu ses de\u0301libe\u0301rations ce mardi 5 mars 2024, a\u0300 Abidjan, sous la pre\u0301sidence de Monsieur Adama Bictogo, Pre\u0301sident de l&rsquo;Assemble\u0301e nationale de Co\u0302te d&rsquo;Ivoire et actuel dirigeant de l&rsquo;Union.<\/p>\n<p>Cette rencontre historique a abouti a\u0300 une se\u0301rie de recommandations, regroupe\u0301es dans la De\u0301claration d&rsquo;Abidjan, trac\u0327ant la feuille de route pour les douze prochains mois et te\u0301moignant de l&rsquo;engagement ferme des parlementaires en faveur de la paix, de la justice et de la pre\u0301servation de l&rsquo;environnement.<\/p>\n<p>Durant deux jours de discussions intenses, les repre\u0301sentants des pays membres de l&rsquo;OCI ont unanimement exprime\u0301 leur pre\u0301occupation face a\u0300 la situation humanitaire alarmante a\u0300 Gaza, condamnant fermement les actes de violence et appelant a\u0300 un cessez-le-feu imme\u0301diat.<\/p>\n<p>La De\u0301claration d&rsquo;Abidjan insiste sur la ne\u0301cessite\u0301 d&rsquo;e\u0301tablir un couloir humanitaire a\u0300 Gaza pour prote\u0301ger les populations vulne\u0301rables, conforme\u0301ment aux principes fondamentaux du droit international humanitaire et des droits de l&rsquo;homme.<\/p>\n<p>L&rsquo;UPCI a e\u0301galement affirme\u0301 son engagement sans faille dans la lutte contre les changements climatiques, reconnaissant les menaces que ces derniers font peser sur l&rsquo;ensemble de la plane\u0300te.<\/p>\n<p>Parmi les douze recommandations de la De\u0301claration, figurent des mesures concre\u0300tes telles que l&rsquo;instauration d&rsquo;un couloir humanitaire a\u0300 Gaza, la condamnation de l&rsquo;islamophobie, et la mobilisation des pays membres pour faire face aux de\u0301fis environnementaux urgents.<\/p>\n<p>En outre, les parlementaires de l&rsquo;UPCI ont salue\u0301 l&rsquo;initiative courageuse de l&rsquo;E\u0301tat sud-africain, qui a qualifie\u0301 les tueries en Palestine d&rsquo;actes de ge\u0301nocide, et ont appele\u0301 a\u0300 la mobilisation de la communaute\u0301 internationale pour traduire les responsables en justice.<\/p>\n<p>La De\u0301claration d&rsquo;Abidjan re\u0301affirme ainsi l&rsquo;engagement des membres de l&rsquo;UPCI a\u0300 promouvoir la justice et a\u0300 de\u0301fendre les droits de l&rsquo;homme, conforme\u0301ment aux principes de l&rsquo;Islam et aux valeurs universelles de paix et de tole\u0301rance.<\/p>\n<p>Enfin, l&rsquo;UPCI a de\u0301signe\u0301 unanimement Monsieur Adama Bictogo comme le nouveau pre\u0301sident en exercice, charge\u0301 de mener la lutte contre la de\u0301sertification, la se\u0301cheresse et les inondations au cours de son mandat. Cette de\u0301cision refle\u0300te la volonte\u0301 collective des parlementaires de faire de la protection de l&rsquo;environnement une priorite\u0301 absolue, en vue d&rsquo;assurer un avenir durable aux ge\u0301ne\u0301rations futures.<\/p>\n<p>En conclusion, la 18e\u0300me Confe\u0301rence de l&rsquo;UPCI marque un tournant de\u0301cisif dans l&rsquo;histoire de l&rsquo;organisation, avec un appel unanime a\u0300 l&rsquo;action pour la paix, la justice et la pre\u0301servation de l&rsquo;environnement.<\/p>\n<p>Sous la direction e\u0301claire\u0301e de ses dirigeants, l&rsquo;UPCI s&rsquo;engage a\u0300 poursuivre ses efforts pour faire face aux de\u0301fis mondiaux avec de\u0301termination et solidarite\u0301, dans le respect des valeurs fondamentales de l&rsquo;Islam et de l&rsquo;humanite\u0301.<\/p>\n<p><strong>Pour plus d&rsquo;informations et d&rsquo;analyses sur la <a href=\"https:\/\/www.africa-press.net\/cotedivoire\">C\u00f4te d&rsquo;Ivoire<\/a>, suivez <a href=\"https:\/\/www.africa-press.net\/\">Africa-Press<\/a><\/strong><\/p>\n","protected":false},"excerpt":{"rendered":"<p>Africa-Press &#8211; C\u00f4te d&rsquo;Ivoire. La 18e\u0300me Confe\u0301rence de l&rsquo;Union Parlementaire des E\u0301tats membres de l&rsquo;Organisation de la Coope\u0301ration Islamique (UPCI) a conclu ses de\u0301libe\u0301rations ce mardi 5 mars 2024, a\u0300 Abidjan, sous la pre\u0301sidence de Monsieur Adama Bictogo, Pre\u0301sident de l&rsquo;Assemble\u0301e nationale de Co\u0302te d&rsquo;Ivoire et actuel dirigeant de l&rsquo;Union. Cette rencontre historique a abouti [&hellip;]<\/p>\n","protected":false},"author":82,"featured_media":75932,"comment_status":"open","ping_status":"closed","sticky":false,"template":"","format":"standard","meta":{"footnotes":""},"categories":[2,10],"tags":[30,56,63,1930,1562,29,585,11611,5115,668],"class_list":["post-75933","post","type-post","status-publish","format-standard","has-post-thumbnail","hentry","category-politique","category-toutes-les-actualites","tag-abidjan","tag-africa-press","tag-africa-press-cote-divoire","tag-bictogo","tag-conference","tag-cote-divoire","tag-etat","tag-gaza","tag-oci","tag-upci"],"yoast_head":"<!-- This site is optimized with the Yoast SEO Premium plugin v26.1 (Yoast SEO v27.0) - https:\/\/yoast.com\/product\/yoast-seo-premium-wordpress\/ -->\n<title>Rideau sur la 18e conf\u00e9rence de l&#039;UPCI avec une d\u00e9claration d&#039;Abidjan, voici les recommandations des \u00c9tats membres - C\u00f4te d&#039;Ivoire<\/title>\n<meta name=\"description\" content=\"La 18e\u0300me Confe\u0301rence de l&#039;Union Parlementaire des E\u0301tats membres de l&#039;Organisation de la Coope\u0301ration Islamique (UPCI) ...\" \/>\n<meta name=\"robots\" content=\"index, follow, max-snippet:-1, max-image-preview:large, max-video-preview:-1\" \/>\n<link rel=\"canonical\" href=\"https:\/\/www.africa-press.net\/cotedivoire\/politique\/rideau-sur-la-18e-conference-de-lupci-avec-une-declaration-dabidjan-voici-les-recommandations-des-etats-membres\" \/>\n<meta property=\"og:locale\" content=\"fr_FR\" \/>\n<meta property=\"og:type\" content=\"article\" \/>\n<meta property=\"og:title\" content=\"Rideau sur la 18e conf\u00e9rence de l&#039;UPCI avec une d\u00e9claration d&#039;Abidjan, voici les recommandations des \u00c9tats membres\" \/>\n<meta property=\"og:description\" content=\"La 18e\u0300me Confe\u0301rence de l&#039;Union Parlementaire des E\u0301tats membres de l&#039;Organisation de la Coope\u0301ration Islamique (UPCI) ...\" \/>\n<meta property=\"og:url\" content=\"https:\/\/www.africa-press.net\/cotedivoire\/politique\/rideau-sur-la-18e-conference-de-lupci-avec-une-declaration-dabidjan-voici-les-recommandations-des-etats-membres\" \/>\n<meta property=\"og:site_name\" content=\"C\u00f4te d&#039;Ivoire\" \/>\n<meta property=\"article:published_time\" content=\"2024-03-06T18:22:21+00:00\" \/>\n<meta property=\"article:modified_time\" content=\"2024-03-06T19:06:59+00:00\" \/>\n<meta property=\"og:image\" content=\"https:\/\/static.africa-press.net\/cote\/sites\/43\/2024\/03\/sm_1709738445.128783.jpg\" \/>\n\t<meta property=\"og:image:width\" content=\"720\" \/>\n\t<meta property=\"og:image:height\" content=\"459\" \/>\n\t<meta property=\"og:image:type\" content=\"image\/jpeg\" \/>\n<meta name=\"author\" content=\"cfeditorfr\" \/>\n<meta name=\"twitter:card\" content=\"summary_large_image\" \/>\n<meta name=\"twitter:label1\" content=\"\u00c9crit par\" \/>\n\t<meta name=\"twitter:data1\" content=\"cfeditorfr\" \/>\n\t<meta name=\"twitter:label2\" content=\"Dur\u00e9e de lecture estim\u00e9e\" \/>\n\t<meta name=\"twitter:data2\" content=\"3 minutes\" \/>\n<script type=\"application\/ld+json\" class=\"yoast-schema-graph\">{\"@context\":\"https:\/\/schema.org\",\"@graph\":[{\"@type\":\"Article\",\"@id\":\"https:\/\/www.africa-press.net\/cotedivoire\/politique\/rideau-sur-la-18e-conference-de-lupci-avec-une-declaration-dabidjan-voici-les-recommandations-des-etats-membres#article\",\"isPartOf\":{\"@id\":\"https:\/\/www.africa-press.net\/cotedivoire\/politique\/rideau-sur-la-18e-conference-de-lupci-avec-une-declaration-dabidjan-voici-les-recommandations-des-etats-membres\"},\"author\":{\"name\":\"cfeditorfr\",\"@id\":\"https:\/\/www.africa-press.net\/cotedivoire\/#\/schema\/person\/2b1cf3cd81a31e3cd26889ca66d677f1\"},\"headline\":\"Rideau sur la 18e conf\u00e9rence de l&rsquo;UPCI avec une d\u00e9claration d&rsquo;Abidjan, voici les recommandations des \u00c9tats membres\",\"datePublished\":\"2024-03-06T18:22:21+00:00\",\"dateModified\":\"2024-03-06T19:06:59+00:00\",\"mainEntityOfPage\":{\"@id\":\"https:\/\/www.africa-press.net\/cotedivoire\/politique\/rideau-sur-la-18e-conference-de-lupci-avec-une-declaration-dabidjan-voici-les-recommandations-des-etats-membres\"},\"wordCount\":554,\"commentCount\":0,\"image\":{\"@id\":\"https:\/\/www.africa-press.net\/cotedivoire\/politique\/rideau-sur-la-18e-conference-de-lupci-avec-une-declaration-dabidjan-voici-les-recommandations-des-etats-membres#primaryimage\"},\"thumbnailUrl\":\"https:\/\/static.africa-press.net\/cote\/sites\/43\/2024\/03\/sm_1709738445.128783.jpg\",\"keywords\":[\"Abidjan\",\"Africa Press\",\"Africa Press-C\u00f4te d'Ivoire\",\"Bictogo\",\"Conf\u00e9rence\",\"C\u00d4TE D'IVOIRE\",\"Etat\",\"Gaza\",\"OCI\",\"UPCI\"],\"articleSection\":[\"Politique\",\"Toutes les actualit\u00e9s\"],\"inLanguage\":\"fr-FR\",\"potentialAction\":[{\"@type\":\"CommentAction\",\"name\":\"Comment\",\"target\":[\"https:\/\/www.africa-press.net\/cotedivoire\/politique\/rideau-sur-la-18e-conference-de-lupci-avec-une-declaration-dabidjan-voici-les-recommandations-des-etats-membres#respond\"]}]},{\"@type\":\"WebPage\",\"@id\":\"https:\/\/www.africa-press.net\/cotedivoire\/politique\/rideau-sur-la-18e-conference-de-lupci-avec-une-declaration-dabidjan-voici-les-recommandations-des-etats-membres\",\"url\":\"https:\/\/www.africa-press.net\/cotedivoire\/politique\/rideau-sur-la-18e-conference-de-lupci-avec-une-declaration-dabidjan-voici-les-recommandations-des-etats-membres\",\"name\":\"Rideau sur la 18e conf\u00e9rence de l'UPCI avec une d\u00e9claration d'Abidjan, voici les recommandations des \u00c9tats membres - C\u00f4te d&#039;Ivoire\",\"isPartOf\":{\"@id\":\"https:\/\/www.africa-press.net\/cotedivoire\/#website\"},\"primaryImageOfPage\":{\"@id\":\"https:\/\/www.africa-press.net\/cotedivoire\/politique\/rideau-sur-la-18e-conference-de-lupci-avec-une-declaration-dabidjan-voici-les-recommandations-des-etats-membres#primaryimage\"},\"image\":{\"@id\":\"https:\/\/www.africa-press.net\/cotedivoire\/politique\/rideau-sur-la-18e-conference-de-lupci-avec-une-declaration-dabidjan-voici-les-recommandations-des-etats-membres#primaryimage\"},\"thumbnailUrl\":\"https:\/\/static.africa-press.net\/cote\/sites\/43\/2024\/03\/sm_1709738445.128783.jpg\",\"datePublished\":\"2024-03-06T18:22:21+00:00\",\"dateModified\":\"2024-03-06T19:06:59+00:00\",\"author\":{\"@id\":\"https:\/\/www.africa-press.net\/cotedivoire\/#\/schema\/person\/2b1cf3cd81a31e3cd26889ca66d677f1\"},\"description\":\"La 18e\u0300me Confe\u0301rence de l'Union Parlementaire des E\u0301tats membres de l'Organisation de la Coope\u0301ration Islamique (UPCI) ...\",\"breadcrumb\":{\"@id\":\"https:\/\/www.africa-press.net\/cotedivoire\/politique\/rideau-sur-la-18e-conference-de-lupci-avec-une-declaration-dabidjan-voici-les-recommandations-des-etats-membres#breadcrumb\"},\"inLanguage\":\"fr-FR\",\"potentialAction\":[{\"@type\":\"ReadAction\",\"target\":[\"https:\/\/www.africa-press.net\/cotedivoire\/politique\/rideau-sur-la-18e-conference-de-lupci-avec-une-declaration-dabidjan-voici-les-recommandations-des-etats-membres\"]}]},{\"@type\":\"ImageObject\",\"inLanguage\":\"fr-FR\",\"@id\":\"https:\/\/www.africa-press.net\/cotedivoire\/politique\/rideau-sur-la-18e-conference-de-lupci-avec-une-declaration-dabidjan-voici-les-recommandations-des-etats-membres#primaryimage\",\"url\":\"https:\/\/static.africa-press.net\/cote\/sites\/43\/2024\/03\/sm_1709738445.128783.jpg\",\"contentUrl\":\"https:\/\/static.africa-press.net\/cote\/sites\/43\/2024\/03\/sm_1709738445.128783.jpg\",\"width\":720,\"height\":459,\"caption\":\"Rideau sur la 18e conf\u00e9rence de l'UPCI avec une d\u00e9claration d'Abidjan, voici les recommandations des \u00c9tats membres\"},{\"@type\":\"BreadcrumbList\",\"@id\":\"https:\/\/www.africa-press.net\/cotedivoire\/politique\/rideau-sur-la-18e-conference-de-lupci-avec-une-declaration-dabidjan-voici-les-recommandations-des-etats-membres#breadcrumb\",\"itemListElement\":[{\"@type\":\"ListItem\",\"position\":1,\"name\":\"Accueil\",\"item\":\"https:\/\/www.africa-press.net\/cotedivoire\/\"},{\"@type\":\"ListItem\",\"position\":2,\"name\":\"Rideau sur la 18e conf\u00e9rence de l&#8217;UPCI avec une d\u00e9claration d&#8217;Abidjan, voici les recommandations des \u00c9tats membres\"}]},{\"@type\":\"WebSite\",\"@id\":\"https:\/\/www.africa-press.net\/cotedivoire\/#website\",\"url\":\"https:\/\/www.africa-press.net\/cotedivoire\/\",\"name\":\"C\u00f4te d&#039;Ivoire\",\"description\":\"Just another Africa News Agency Sites site\",\"potentialAction\":[{\"@type\":\"SearchAction\",\"target\":{\"@type\":\"EntryPoint\",\"urlTemplate\":\"https:\/\/www.africa-press.net\/cotedivoire\/?s={search_term_string}\"},\"query-input\":{\"@type\":\"PropertyValueSpecification\",\"valueRequired\":true,\"valueName\":\"search_term_string\"}}],\"inLanguage\":\"fr-FR\"},{\"@type\":\"Person\",\"@id\":\"https:\/\/www.africa-press.net\/cotedivoire\/#\/schema\/person\/2b1cf3cd81a31e3cd26889ca66d677f1\",\"name\":\"cfeditorfr\"}]}<\/script>\n<!-- \/ Yoast SEO Premium plugin. -->","yoast_head_json":{"title":"Rideau sur la 18e conf\u00e9rence de l'UPCI avec une d\u00e9claration d'Abidjan, voici les recommandations des \u00c9tats membres - C\u00f4te d&#039;Ivoire","description":"La 18e\u0300me Confe\u0301rence de l'Union Parlementaire des E\u0301tats membres de l'Organisation de la Coope\u0301ration Islamique (UPCI) ...","robots":{"index":"index","follow":"follow","max-snippet":"max-snippet:-1","max-image-preview":"max-image-preview:large","max-video-preview":"max-video-preview:-1"},"canonical":"https:\/\/www.africa-press.net\/cotedivoire\/politique\/rideau-sur-la-18e-conference-de-lupci-avec-une-declaration-dabidjan-voici-les-recommandations-des-etats-membres","og_locale":"fr_FR","og_type":"article","og_title":"Rideau sur la 18e conf\u00e9rence de l'UPCI avec une d\u00e9claration d'Abidjan, voici les recommandations des \u00c9tats membres","og_description":"La 18e\u0300me Confe\u0301rence de l'Union Parlementaire des E\u0301tats membres de l'Organisation de la Coope\u0301ration Islamique (UPCI) ...","og_url":"https:\/\/www.africa-press.net\/cotedivoire\/politique\/rideau-sur-la-18e-conference-de-lupci-avec-une-declaration-dabidjan-voici-les-recommandations-des-etats-membres","og_site_name":"C\u00f4te d&#039;Ivoire","article_published_time":"2024-03-06T18:22:21+00:00","article_modified_time":"2024-03-06T19:06:59+00:00","og_image":[{"width":720,"height":459,"url":"https:\/\/static.africa-press.net\/cote\/sites\/43\/2024\/03\/sm_1709738445.128783.jpg","type":"image\/jpeg"}],"author":"cfeditorfr","twitter_card":"summary_large_image","twitter_misc":{"\u00c9crit par":"cfeditorfr","Dur\u00e9e de lecture estim\u00e9e":"3 minutes"},"schema":{"@context":"https:\/\/schema.org","@graph":[{"@type":"Article","@id":"https:\/\/www.africa-press.net\/cotedivoire\/politique\/rideau-sur-la-18e-conference-de-lupci-avec-une-declaration-dabidjan-voici-les-recommandations-des-etats-membres#article","isPartOf":{"@id":"https:\/\/www.africa-press.net\/cotedivoire\/politique\/rideau-sur-la-18e-conference-de-lupci-avec-une-declaration-dabidjan-voici-les-recommandations-des-etats-membres"},"author":{"name":"cfeditorfr","@id":"https:\/\/www.africa-press.net\/cotedivoire\/#\/schema\/person\/2b1cf3cd81a31e3cd26889ca66d677f1"},"headline":"Rideau sur la 18e conf\u00e9rence de l&rsquo;UPCI avec une d\u00e9claration d&rsquo;Abidjan, voici les recommandations des \u00c9tats membres","datePublished":"2024-03-06T18:22:21+00:00","dateModified":"2024-03-06T19:06:59+00:00","mainEntityOfPage":{"@id":"https:\/\/www.africa-press.net\/cotedivoire\/politique\/rideau-sur-la-18e-conference-de-lupci-avec-une-declaration-dabidjan-voici-les-recommandations-des-etats-membres"},"wordCount":554,"commentCount":0,"image":{"@id":"https:\/\/www.africa-press.net\/cotedivoire\/politique\/rideau-sur-la-18e-conference-de-lupci-avec-une-declaration-dabidjan-voici-les-recommandations-des-etats-membres#primaryimage"},"thumbnailUrl":"https:\/\/static.africa-press.net\/cote\/sites\/43\/2024\/03\/sm_1709738445.128783.jpg","keywords":["Abidjan","Africa Press","Africa Press-C\u00f4te d'Ivoire","Bictogo","Conf\u00e9rence","C\u00d4TE D'IVOIRE","Etat","Gaza","OCI","UPCI"],"articleSection":["Politique","Toutes les actualit\u00e9s"],"inLanguage":"fr-FR","potentialAction":[{"@type":"CommentAction","name":"Comment","target":["https:\/\/www.africa-press.net\/cotedivoire\/politique\/rideau-sur-la-18e-conference-de-lupci-avec-une-declaration-dabidjan-voici-les-recommandations-des-etats-membres#respond"]}]},{"@type":"WebPage","@id":"https:\/\/www.africa-press.net\/cotedivoire\/politique\/rideau-sur-la-18e-conference-de-lupci-avec-une-declaration-dabidjan-voici-les-recommandations-des-etats-membres","url":"https:\/\/www.africa-press.net\/cotedivoire\/politique\/rideau-sur-la-18e-conference-de-lupci-avec-une-declaration-dabidjan-voici-les-recommandations-des-etats-membres","name":"Rideau sur la 18e conf\u00e9rence de l'UPCI avec une d\u00e9claration d'Abidjan, voici les recommandations des \u00c9tats membres - C\u00f4te d&#039;Ivoire","isPartOf":{"@id":"https:\/\/www.africa-press.net\/cotedivoire\/#website"},"primaryImageOfPage":{"@id":"https:\/\/www.africa-press.net\/cotedivoire\/politique\/rideau-sur-la-18e-conference-de-lupci-avec-une-declaration-dabidjan-voici-les-recommandations-des-etats-membres#primaryimage"},"image":{"@id":"https:\/\/www.africa-press.net\/cotedivoire\/politique\/rideau-sur-la-18e-conference-de-lupci-avec-une-declaration-dabidjan-voici-les-recommandations-des-etats-membres#primaryimage"},"thumbnailUrl":"https:\/\/static.africa-press.net\/cote\/sites\/43\/2024\/03\/sm_1709738445.128783.jpg","datePublished":"2024-03-06T18:22:21+00:00","dateModified":"2024-03-06T19:06:59+00:00","author":{"@id":"https:\/\/www.africa-press.net\/cotedivoire\/#\/schema\/person\/2b1cf3cd81a31e3cd26889ca66d677f1"},"description":"La 18e\u0300me Confe\u0301rence de l'Union Parlementaire des E\u0301tats membres de l'Organisation de la Coope\u0301ration Islamique (UPCI) ...","breadcrumb":{"@id":"https:\/\/www.africa-press.net\/cotedivoire\/politique\/rideau-sur-la-18e-conference-de-lupci-avec-une-declaration-dabidjan-voici-les-recommandations-des-etats-membres#breadcrumb"},"inLanguage":"fr-FR","potentialAction":[{"@type":"ReadAction","target":["https:\/\/www.africa-press.net\/cotedivoire\/politique\/rideau-sur-la-18e-conference-de-lupci-avec-une-declaration-dabidjan-voici-les-recommandations-des-etats-membres"]}]},{"@type":"ImageObject","inLanguage":"fr-FR","@id":"https:\/\/www.africa-press.net\/cotedivoire\/politique\/rideau-sur-la-18e-conference-de-lupci-avec-une-declaration-dabidjan-voici-les-recommandations-des-etats-membres#primaryimage","url":"https:\/\/static.africa-press.net\/cote\/sites\/43\/2024\/03\/sm_1709738445.128783.jpg","contentUrl":"https:\/\/static.africa-press.net\/cote\/sites\/43\/2024\/03\/sm_1709738445.128783.jpg","width":720,"height":459,"caption":"Rideau sur la 18e conf\u00e9rence de l'UPCI avec une d\u00e9claration d'Abidjan, voici les recommandations des \u00c9tats membres"},{"@type":"BreadcrumbList","@id":"https:\/\/www.africa-press.net\/cotedivoire\/politique\/rideau-sur-la-18e-conference-de-lupci-avec-une-declaration-dabidjan-voici-les-recommandations-des-etats-membres#breadcrumb","itemListElement":[{"@type":"ListItem","position":1,"name":"Accueil","item":"https:\/\/www.africa-press.net\/cotedivoire\/"},{"@type":"ListItem","position":2,"name":"Rideau sur la 18e conf\u00e9rence de l&#8217;UPCI avec une d\u00e9claration d&#8217;Abidjan, voici les recommandations des \u00c9tats membres"}]},{"@type":"WebSite","@id":"https:\/\/www.africa-press.net\/cotedivoire\/#website","url":"https:\/\/www.africa-press.net\/cotedivoire\/","name":"C\u00f4te d&#039;Ivoire","description":"Just another Africa News Agency Sites site","potentialAction":[{"@type":"SearchAction","target":{"@type":"EntryPoint","urlTemplate":"https:\/\/www.africa-press.net\/cotedivoire\/?s={search_term_string}"},"query-input":{"@type":"PropertyValueSpecification","valueRequired":true,"valueName":"search_term_string"}}],"inLanguage":"fr-FR"},{"@type":"Person","@id":"https:\/\/www.africa-press.net\/cotedivoire\/#\/schema\/person\/2b1cf3cd81a31e3cd26889ca66d677f1","name":"cfeditorfr"}]}},"_links":{"self":[{"href":"https:\/\/www.africa-press.net\/cotedivoire\/wp-json\/wp\/v2\/posts\/75933","targetHints":{"allow":["GET"]}}],"collection":[{"href":"https:\/\/www.africa-press.net\/cotedivoire\/wp-json\/wp\/v2\/posts"}],"about":[{"href":"https:\/\/www.africa-press.net\/cotedivoire\/wp-json\/wp\/v2\/types\/post"}],"author":[{"embeddable":true,"href":"https:\/\/www.africa-press.net\/cotedivoire\/wp-json\/wp\/v2\/users\/82"}],"replies":[{"embeddable":true,"href":"https:\/\/www.africa-press.net\/cotedivoire\/wp-json\/wp\/v2\/comments?post=75933"}],"version-history":[{"count":0,"href":"https:\/\/www.africa-press.net\/cotedivoire\/wp-json\/wp\/v2\/posts\/75933\/revisions"}],"wp:featuredmedia":[{"embeddable":true,"href":"https:\/\/www.africa-press.net\/cotedivoire\/wp-json\/wp\/v2\/media\/75932"}],"wp:attachment":[{"href":"https:\/\/www.africa-press.net\/cotedivoire\/wp-json\/wp\/v2\/media?parent=75933"}],"wp:term":[{"taxonomy":"category","embeddable":true,"href":"https:\/\/www.africa-press.net\/cotedivoire\/wp-json\/wp\/v2\/categories?post=75933"},{"taxonomy":"post_tag","embeddable":true,"href":"https:\/\/www.africa-press.net\/cotedivoire\/wp-json\/wp\/v2\/tags?post=75933"}],"curies":[{"name":"wp","href":"https:\/\/api.w.org\/{rel}","templated":true}]}}