{"id":76174,"date":"2024-03-11T17:14:13","date_gmt":"2024-03-11T17:14:13","guid":{"rendered":"https:\/\/www.africa-press.net\/cotedivoire\/politique\/apres-la-can-2023-le-cocan-interpelle-sur-les-droits-dauteurs-des-artistes-qui-ont-sorti-des-oeuvres-pendant-levenement"},"modified":"2024-03-11T17:31:05","modified_gmt":"2024-03-11T17:31:05","slug":"apres-la-can-2023-le-cocan-interpelle-sur-les-droits-dauteurs-des-artistes-qui-ont-sorti-des-oeuvres-pendant-levenement","status":"publish","type":"post","link":"https:\/\/www.africa-press.net\/cotedivoire\/toutes-les-actualites\/apres-la-can-2023-le-cocan-interpelle-sur-les-droits-dauteurs-des-artistes-qui-ont-sorti-des-oeuvres-pendant-levenement","title":{"rendered":"Apr\u00e8s la CAN 2023, le COCAN interpell\u00e9 sur les droits d&rsquo;auteurs des artistes qui ont sorti des \u0153uvres pendant l&rsquo;\u00e9v\u00e8nement"},"content":{"rendered":"<p><span style=\"color: #ff6600\"><strong>Africa-Press &#8211; C\u00f4te d&rsquo;Ivoire. <\/strong><\/span>Le Comite\u0301 d\u2019Organisation de la Coupe d\u2019Afrique des Nations (COCAN) 2023 est interpelle\u0301 sur les droits d\u2019auteurs des artistes qui ont sorti des \u0153uvres pendant l\u2019e\u0301ve\u0300nement.<\/p>\n<p>Plusieurs artistes dont Tam Sir avec la chanson a\u0300 succe\u0300s \u00ab Le Coup du marteau \u00bb, ont e\u0301gaye\u0301 les populations pendant la compe\u0301tition qui s\u2019est de\u0301roule\u0301e du 13 janvier au 11 Fe\u0301vrier 2024. Ils re\u0301clameraient aujourd\u2019hui le paiement de leurs droits.<\/p>\n<p>Et c\u2019est l\u2019artiste-reggae Fadal Dey membre du Conseil d\u2019Administration du Bureau Ivoirien des Droits d\u2019Auteurs (BURIDA) qui alerte l\u2019opinion.<\/p>\n<p>\u00ab Ne soyez pas surpris demain si on vous dit que Alpha Blondy, Fadal Dey, Magic System, Yode\u0301 et Siro, Tam Sir enfin tous ces artistes qui ont fait des chansons sur la CAN 2023 n\u2019aient pas de droit au Burida. Jusqu\u2019a\u0300 ce jour le Cocan n\u2019a pas encore paye\u0301 l\u2019argent qui repre\u0301sente les droits d\u2019auteur des artistes de Co\u0302te d\u2019Ivoire qui fait environ 280.000 000 FCFA \u00bb, a-t-il poste\u0301.<\/p>\n<p>Pour l\u2019heure, aucune re\u0301action officielle du COCAN sur cette affaire.<\/p>\n<p><strong>Pour plus d&rsquo;informations et d&rsquo;analyses sur la <a href=\"https:\/\/www.africa-press.net\/cotedivoire\">C\u00f4te d&rsquo;Ivoire<\/a>, suivez <a href=\"https:\/\/www.africa-press.net\/\">Africa-Press<\/a><\/strong><\/p>\n","protected":false},"excerpt":{"rendered":"<p>Africa-Press &#8211; C\u00f4te d&rsquo;Ivoire. Le Comite\u0301 d\u2019Organisation de la Coupe d\u2019Afrique des Nations (COCAN) 2023 est interpelle\u0301 sur les droits d\u2019auteurs des artistes qui ont sorti des \u0153uvres pendant l\u2019e\u0301ve\u0300nement. Plusieurs artistes dont Tam Sir avec la chanson a\u0300 succe\u0300s \u00ab Le Coup du marteau \u00bb, ont e\u0301gaye\u0301 les populations pendant la compe\u0301tition qui s\u2019est [&hellip;]<\/p>\n","protected":false},"author":82,"featured_media":76173,"comment_status":"open","ping_status":"closed","sticky":false,"template":"","format":"standard","meta":{"footnotes":""},"categories":[21,10],"tags":[56,63,1401,1791,29],"class_list":["post-76174","post","type-post","status-publish","format-standard","has-post-thumbnail","hentry","category-communaute","category-toutes-les-actualites","tag-africa-press","tag-africa-press-cote-divoire","tag-burida","tag-cocan","tag-cote-divoire"],"yoast_head":"<!-- This site is optimized with the Yoast SEO Premium plugin v26.1 (Yoast SEO v27.0) - https:\/\/yoast.com\/product\/yoast-seo-premium-wordpress\/ -->\n<title>Apr\u00e8s la CAN 2023, le COCAN interpell\u00e9 sur les droits d&#039;auteurs des artistes qui ont sorti des \u0153uvres pendant l&#039;\u00e9v\u00e8nement - C\u00f4te d&#039;Ivoire<\/title>\n<meta name=\"description\" content=\"Le Comite\u0301 d\u2019Organisation de la Coupe d\u2019Afrique des Nations (COCAN) 2023 est interpelle\u0301 sur les droits d\u2019auteurs des ar ...\" \/>\n<meta name=\"robots\" content=\"index, follow, max-snippet:-1, max-image-preview:large, max-video-preview:-1\" \/>\n<link rel=\"canonical\" href=\"https:\/\/www.africa-press.net\/cotedivoire\/toutes-les-actualites\/apres-la-can-2023-le-cocan-interpelle-sur-les-droits-dauteurs-des-artistes-qui-ont-sorti-des-oeuvres-pendant-levenement\" \/>\n<meta property=\"og:locale\" content=\"fr_FR\" \/>\n<meta property=\"og:type\" content=\"article\" \/>\n<meta property=\"og:title\" content=\"Apr\u00e8s la CAN 2023, le COCAN interpell\u00e9 sur les droits d&#039;auteurs des artistes qui ont sorti des \u0153uvres pendant l&#039;\u00e9v\u00e8nement\" \/>\n<meta property=\"og:description\" content=\"Le Comite\u0301 d\u2019Organisation de la Coupe d\u2019Afrique des Nations (COCAN) 2023 est interpelle\u0301 sur les droits d\u2019auteurs des ar ...\" \/>\n<meta property=\"og:url\" content=\"https:\/\/www.africa-press.net\/cotedivoire\/toutes-les-actualites\/apres-la-can-2023-le-cocan-interpelle-sur-les-droits-dauteurs-des-artistes-qui-ont-sorti-des-oeuvres-pendant-levenement\" \/>\n<meta property=\"og:site_name\" content=\"C\u00f4te d&#039;Ivoire\" \/>\n<meta property=\"article:published_time\" content=\"2024-03-11T17:14:13+00:00\" \/>\n<meta property=\"article:modified_time\" content=\"2024-03-11T17:31:05+00:00\" \/>\n<meta property=\"og:image\" content=\"https:\/\/static.africa-press.net\/cote\/sites\/43\/2024\/03\/sm_1710165101.077485.jpg\" \/>\n\t<meta property=\"og:image:width\" content=\"720\" \/>\n\t<meta property=\"og:image:height\" content=\"397\" \/>\n\t<meta property=\"og:image:type\" content=\"image\/jpeg\" \/>\n<meta name=\"author\" content=\"cfeditorfr\" \/>\n<meta name=\"twitter:card\" content=\"summary_large_image\" \/>\n<meta name=\"twitter:label1\" content=\"\u00c9crit par\" \/>\n\t<meta name=\"twitter:data1\" content=\"cfeditorfr\" \/>\n\t<meta name=\"twitter:label2\" content=\"Dur\u00e9e de lecture estim\u00e9e\" \/>\n\t<meta name=\"twitter:data2\" content=\"2 minutes\" \/>\n<script type=\"application\/ld+json\" class=\"yoast-schema-graph\">{\"@context\":\"https:\/\/schema.org\",\"@graph\":[{\"@type\":\"Article\",\"@id\":\"https:\/\/www.africa-press.net\/cotedivoire\/toutes-les-actualites\/apres-la-can-2023-le-cocan-interpelle-sur-les-droits-dauteurs-des-artistes-qui-ont-sorti-des-oeuvres-pendant-levenement#article\",\"isPartOf\":{\"@id\":\"https:\/\/www.africa-press.net\/cotedivoire\/toutes-les-actualites\/apres-la-can-2023-le-cocan-interpelle-sur-les-droits-dauteurs-des-artistes-qui-ont-sorti-des-oeuvres-pendant-levenement\"},\"author\":{\"name\":\"cfeditorfr\",\"@id\":\"https:\/\/www.africa-press.net\/cotedivoire\/#\/schema\/person\/2b1cf3cd81a31e3cd26889ca66d677f1\"},\"headline\":\"Apr\u00e8s la CAN 2023, le COCAN interpell\u00e9 sur les droits d&rsquo;auteurs des artistes qui ont sorti des \u0153uvres pendant l&rsquo;\u00e9v\u00e8nement\",\"datePublished\":\"2024-03-11T17:14:13+00:00\",\"dateModified\":\"2024-03-11T17:31:05+00:00\",\"mainEntityOfPage\":{\"@id\":\"https:\/\/www.africa-press.net\/cotedivoire\/toutes-les-actualites\/apres-la-can-2023-le-cocan-interpelle-sur-les-droits-dauteurs-des-artistes-qui-ont-sorti-des-oeuvres-pendant-levenement\"},\"wordCount\":229,\"commentCount\":0,\"image\":{\"@id\":\"https:\/\/www.africa-press.net\/cotedivoire\/toutes-les-actualites\/apres-la-can-2023-le-cocan-interpelle-sur-les-droits-dauteurs-des-artistes-qui-ont-sorti-des-oeuvres-pendant-levenement#primaryimage\"},\"thumbnailUrl\":\"https:\/\/static.africa-press.net\/cote\/sites\/43\/2024\/03\/sm_1710165101.077485.jpg\",\"keywords\":[\"Africa Press\",\"Africa Press-C\u00f4te d'Ivoire\",\"Burida\",\"COCAN\",\"C\u00d4TE D'IVOIRE\"],\"articleSection\":[\"Communaut\u00e9\",\"Toutes les actualit\u00e9s\"],\"inLanguage\":\"fr-FR\",\"potentialAction\":[{\"@type\":\"CommentAction\",\"name\":\"Comment\",\"target\":[\"https:\/\/www.africa-press.net\/cotedivoire\/toutes-les-actualites\/apres-la-can-2023-le-cocan-interpelle-sur-les-droits-dauteurs-des-artistes-qui-ont-sorti-des-oeuvres-pendant-levenement#respond\"]}]},{\"@type\":\"WebPage\",\"@id\":\"https:\/\/www.africa-press.net\/cotedivoire\/toutes-les-actualites\/apres-la-can-2023-le-cocan-interpelle-sur-les-droits-dauteurs-des-artistes-qui-ont-sorti-des-oeuvres-pendant-levenement\",\"url\":\"https:\/\/www.africa-press.net\/cotedivoire\/toutes-les-actualites\/apres-la-can-2023-le-cocan-interpelle-sur-les-droits-dauteurs-des-artistes-qui-ont-sorti-des-oeuvres-pendant-levenement\",\"name\":\"Apr\u00e8s la CAN 2023, le COCAN interpell\u00e9 sur les droits d'auteurs des artistes qui ont sorti des \u0153uvres pendant l'\u00e9v\u00e8nement - C\u00f4te d&#039;Ivoire\",\"isPartOf\":{\"@id\":\"https:\/\/www.africa-press.net\/cotedivoire\/#website\"},\"primaryImageOfPage\":{\"@id\":\"https:\/\/www.africa-press.net\/cotedivoire\/toutes-les-actualites\/apres-la-can-2023-le-cocan-interpelle-sur-les-droits-dauteurs-des-artistes-qui-ont-sorti-des-oeuvres-pendant-levenement#primaryimage\"},\"image\":{\"@id\":\"https:\/\/www.africa-press.net\/cotedivoire\/toutes-les-actualites\/apres-la-can-2023-le-cocan-interpelle-sur-les-droits-dauteurs-des-artistes-qui-ont-sorti-des-oeuvres-pendant-levenement#primaryimage\"},\"thumbnailUrl\":\"https:\/\/static.africa-press.net\/cote\/sites\/43\/2024\/03\/sm_1710165101.077485.jpg\",\"datePublished\":\"2024-03-11T17:14:13+00:00\",\"dateModified\":\"2024-03-11T17:31:05+00:00\",\"author\":{\"@id\":\"https:\/\/www.africa-press.net\/cotedivoire\/#\/schema\/person\/2b1cf3cd81a31e3cd26889ca66d677f1\"},\"description\":\"Le Comite\u0301 d\u2019Organisation de la Coupe d\u2019Afrique des Nations (COCAN) 2023 est interpelle\u0301 sur les droits d\u2019auteurs des ar ...\",\"breadcrumb\":{\"@id\":\"https:\/\/www.africa-press.net\/cotedivoire\/toutes-les-actualites\/apres-la-can-2023-le-cocan-interpelle-sur-les-droits-dauteurs-des-artistes-qui-ont-sorti-des-oeuvres-pendant-levenement#breadcrumb\"},\"inLanguage\":\"fr-FR\",\"potentialAction\":[{\"@type\":\"ReadAction\",\"target\":[\"https:\/\/www.africa-press.net\/cotedivoire\/toutes-les-actualites\/apres-la-can-2023-le-cocan-interpelle-sur-les-droits-dauteurs-des-artistes-qui-ont-sorti-des-oeuvres-pendant-levenement\"]}]},{\"@type\":\"ImageObject\",\"inLanguage\":\"fr-FR\",\"@id\":\"https:\/\/www.africa-press.net\/cotedivoire\/toutes-les-actualites\/apres-la-can-2023-le-cocan-interpelle-sur-les-droits-dauteurs-des-artistes-qui-ont-sorti-des-oeuvres-pendant-levenement#primaryimage\",\"url\":\"https:\/\/static.africa-press.net\/cote\/sites\/43\/2024\/03\/sm_1710165101.077485.jpg\",\"contentUrl\":\"https:\/\/static.africa-press.net\/cote\/sites\/43\/2024\/03\/sm_1710165101.077485.jpg\",\"width\":720,\"height\":397,\"caption\":\"Apr\u00e8s la CAN 2023, le COCAN interpell\u00e9 sur les droits d'auteurs des artistes qui ont sorti des \u0153uvres pendant l'\u00e9v\u00e8nement\"},{\"@type\":\"BreadcrumbList\",\"@id\":\"https:\/\/www.africa-press.net\/cotedivoire\/toutes-les-actualites\/apres-la-can-2023-le-cocan-interpelle-sur-les-droits-dauteurs-des-artistes-qui-ont-sorti-des-oeuvres-pendant-levenement#breadcrumb\",\"itemListElement\":[{\"@type\":\"ListItem\",\"position\":1,\"name\":\"Accueil\",\"item\":\"https:\/\/www.africa-press.net\/cotedivoire\/\"},{\"@type\":\"ListItem\",\"position\":2,\"name\":\"Apr\u00e8s la CAN 2023, le COCAN interpell\u00e9 sur les droits d&#8217;auteurs des artistes qui ont sorti des \u0153uvres pendant l&#8217;\u00e9v\u00e8nement\"}]},{\"@type\":\"WebSite\",\"@id\":\"https:\/\/www.africa-press.net\/cotedivoire\/#website\",\"url\":\"https:\/\/www.africa-press.net\/cotedivoire\/\",\"name\":\"C\u00f4te d&#039;Ivoire\",\"description\":\"Just another Africa News Agency Sites site\",\"potentialAction\":[{\"@type\":\"SearchAction\",\"target\":{\"@type\":\"EntryPoint\",\"urlTemplate\":\"https:\/\/www.africa-press.net\/cotedivoire\/?s={search_term_string}\"},\"query-input\":{\"@type\":\"PropertyValueSpecification\",\"valueRequired\":true,\"valueName\":\"search_term_string\"}}],\"inLanguage\":\"fr-FR\"},{\"@type\":\"Person\",\"@id\":\"https:\/\/www.africa-press.net\/cotedivoire\/#\/schema\/person\/2b1cf3cd81a31e3cd26889ca66d677f1\",\"name\":\"cfeditorfr\"}]}<\/script>\n<!-- \/ Yoast SEO Premium plugin. -->","yoast_head_json":{"title":"Apr\u00e8s la CAN 2023, le COCAN interpell\u00e9 sur les droits d'auteurs des artistes qui ont sorti des \u0153uvres pendant l'\u00e9v\u00e8nement - C\u00f4te d&#039;Ivoire","description":"Le Comite\u0301 d\u2019Organisation de la Coupe d\u2019Afrique des Nations (COCAN) 2023 est interpelle\u0301 sur les droits d\u2019auteurs des ar ...","robots":{"index":"index","follow":"follow","max-snippet":"max-snippet:-1","max-image-preview":"max-image-preview:large","max-video-preview":"max-video-preview:-1"},"canonical":"https:\/\/www.africa-press.net\/cotedivoire\/toutes-les-actualites\/apres-la-can-2023-le-cocan-interpelle-sur-les-droits-dauteurs-des-artistes-qui-ont-sorti-des-oeuvres-pendant-levenement","og_locale":"fr_FR","og_type":"article","og_title":"Apr\u00e8s la CAN 2023, le COCAN interpell\u00e9 sur les droits d'auteurs des artistes qui ont sorti des \u0153uvres pendant l'\u00e9v\u00e8nement","og_description":"Le Comite\u0301 d\u2019Organisation de la Coupe d\u2019Afrique des Nations (COCAN) 2023 est interpelle\u0301 sur les droits d\u2019auteurs des ar ...","og_url":"https:\/\/www.africa-press.net\/cotedivoire\/toutes-les-actualites\/apres-la-can-2023-le-cocan-interpelle-sur-les-droits-dauteurs-des-artistes-qui-ont-sorti-des-oeuvres-pendant-levenement","og_site_name":"C\u00f4te d&#039;Ivoire","article_published_time":"2024-03-11T17:14:13+00:00","article_modified_time":"2024-03-11T17:31:05+00:00","og_image":[{"width":720,"height":397,"url":"https:\/\/static.africa-press.net\/cote\/sites\/43\/2024\/03\/sm_1710165101.077485.jpg","type":"image\/jpeg"}],"author":"cfeditorfr","twitter_card":"summary_large_image","twitter_misc":{"\u00c9crit par":"cfeditorfr","Dur\u00e9e de lecture estim\u00e9e":"2 minutes"},"schema":{"@context":"https:\/\/schema.org","@graph":[{"@type":"Article","@id":"https:\/\/www.africa-press.net\/cotedivoire\/toutes-les-actualites\/apres-la-can-2023-le-cocan-interpelle-sur-les-droits-dauteurs-des-artistes-qui-ont-sorti-des-oeuvres-pendant-levenement#article","isPartOf":{"@id":"https:\/\/www.africa-press.net\/cotedivoire\/toutes-les-actualites\/apres-la-can-2023-le-cocan-interpelle-sur-les-droits-dauteurs-des-artistes-qui-ont-sorti-des-oeuvres-pendant-levenement"},"author":{"name":"cfeditorfr","@id":"https:\/\/www.africa-press.net\/cotedivoire\/#\/schema\/person\/2b1cf3cd81a31e3cd26889ca66d677f1"},"headline":"Apr\u00e8s la CAN 2023, le COCAN interpell\u00e9 sur les droits d&rsquo;auteurs des artistes qui ont sorti des \u0153uvres pendant l&rsquo;\u00e9v\u00e8nement","datePublished":"2024-03-11T17:14:13+00:00","dateModified":"2024-03-11T17:31:05+00:00","mainEntityOfPage":{"@id":"https:\/\/www.africa-press.net\/cotedivoire\/toutes-les-actualites\/apres-la-can-2023-le-cocan-interpelle-sur-les-droits-dauteurs-des-artistes-qui-ont-sorti-des-oeuvres-pendant-levenement"},"wordCount":229,"commentCount":0,"image":{"@id":"https:\/\/www.africa-press.net\/cotedivoire\/toutes-les-actualites\/apres-la-can-2023-le-cocan-interpelle-sur-les-droits-dauteurs-des-artistes-qui-ont-sorti-des-oeuvres-pendant-levenement#primaryimage"},"thumbnailUrl":"https:\/\/static.africa-press.net\/cote\/sites\/43\/2024\/03\/sm_1710165101.077485.jpg","keywords":["Africa Press","Africa Press-C\u00f4te d'Ivoire","Burida","COCAN","C\u00d4TE D'IVOIRE"],"articleSection":["Communaut\u00e9","Toutes les actualit\u00e9s"],"inLanguage":"fr-FR","potentialAction":[{"@type":"CommentAction","name":"Comment","target":["https:\/\/www.africa-press.net\/cotedivoire\/toutes-les-actualites\/apres-la-can-2023-le-cocan-interpelle-sur-les-droits-dauteurs-des-artistes-qui-ont-sorti-des-oeuvres-pendant-levenement#respond"]}]},{"@type":"WebPage","@id":"https:\/\/www.africa-press.net\/cotedivoire\/toutes-les-actualites\/apres-la-can-2023-le-cocan-interpelle-sur-les-droits-dauteurs-des-artistes-qui-ont-sorti-des-oeuvres-pendant-levenement","url":"https:\/\/www.africa-press.net\/cotedivoire\/toutes-les-actualites\/apres-la-can-2023-le-cocan-interpelle-sur-les-droits-dauteurs-des-artistes-qui-ont-sorti-des-oeuvres-pendant-levenement","name":"Apr\u00e8s la CAN 2023, le COCAN interpell\u00e9 sur les droits d'auteurs des artistes qui ont sorti des \u0153uvres pendant l'\u00e9v\u00e8nement - C\u00f4te d&#039;Ivoire","isPartOf":{"@id":"https:\/\/www.africa-press.net\/cotedivoire\/#website"},"primaryImageOfPage":{"@id":"https:\/\/www.africa-press.net\/cotedivoire\/toutes-les-actualites\/apres-la-can-2023-le-cocan-interpelle-sur-les-droits-dauteurs-des-artistes-qui-ont-sorti-des-oeuvres-pendant-levenement#primaryimage"},"image":{"@id":"https:\/\/www.africa-press.net\/cotedivoire\/toutes-les-actualites\/apres-la-can-2023-le-cocan-interpelle-sur-les-droits-dauteurs-des-artistes-qui-ont-sorti-des-oeuvres-pendant-levenement#primaryimage"},"thumbnailUrl":"https:\/\/static.africa-press.net\/cote\/sites\/43\/2024\/03\/sm_1710165101.077485.jpg","datePublished":"2024-03-11T17:14:13+00:00","dateModified":"2024-03-11T17:31:05+00:00","author":{"@id":"https:\/\/www.africa-press.net\/cotedivoire\/#\/schema\/person\/2b1cf3cd81a31e3cd26889ca66d677f1"},"description":"Le Comite\u0301 d\u2019Organisation de la Coupe d\u2019Afrique des Nations (COCAN) 2023 est interpelle\u0301 sur les droits d\u2019auteurs des ar ...","breadcrumb":{"@id":"https:\/\/www.africa-press.net\/cotedivoire\/toutes-les-actualites\/apres-la-can-2023-le-cocan-interpelle-sur-les-droits-dauteurs-des-artistes-qui-ont-sorti-des-oeuvres-pendant-levenement#breadcrumb"},"inLanguage":"fr-FR","potentialAction":[{"@type":"ReadAction","target":["https:\/\/www.africa-press.net\/cotedivoire\/toutes-les-actualites\/apres-la-can-2023-le-cocan-interpelle-sur-les-droits-dauteurs-des-artistes-qui-ont-sorti-des-oeuvres-pendant-levenement"]}]},{"@type":"ImageObject","inLanguage":"fr-FR","@id":"https:\/\/www.africa-press.net\/cotedivoire\/toutes-les-actualites\/apres-la-can-2023-le-cocan-interpelle-sur-les-droits-dauteurs-des-artistes-qui-ont-sorti-des-oeuvres-pendant-levenement#primaryimage","url":"https:\/\/static.africa-press.net\/cote\/sites\/43\/2024\/03\/sm_1710165101.077485.jpg","contentUrl":"https:\/\/static.africa-press.net\/cote\/sites\/43\/2024\/03\/sm_1710165101.077485.jpg","width":720,"height":397,"caption":"Apr\u00e8s la CAN 2023, le COCAN interpell\u00e9 sur les droits d'auteurs des artistes qui ont sorti des \u0153uvres pendant l'\u00e9v\u00e8nement"},{"@type":"BreadcrumbList","@id":"https:\/\/www.africa-press.net\/cotedivoire\/toutes-les-actualites\/apres-la-can-2023-le-cocan-interpelle-sur-les-droits-dauteurs-des-artistes-qui-ont-sorti-des-oeuvres-pendant-levenement#breadcrumb","itemListElement":[{"@type":"ListItem","position":1,"name":"Accueil","item":"https:\/\/www.africa-press.net\/cotedivoire\/"},{"@type":"ListItem","position":2,"name":"Apr\u00e8s la CAN 2023, le COCAN interpell\u00e9 sur les droits d&#8217;auteurs des artistes qui ont sorti des \u0153uvres pendant l&#8217;\u00e9v\u00e8nement"}]},{"@type":"WebSite","@id":"https:\/\/www.africa-press.net\/cotedivoire\/#website","url":"https:\/\/www.africa-press.net\/cotedivoire\/","name":"C\u00f4te d&#039;Ivoire","description":"Just another Africa News Agency Sites site","potentialAction":[{"@type":"SearchAction","target":{"@type":"EntryPoint","urlTemplate":"https:\/\/www.africa-press.net\/cotedivoire\/?s={search_term_string}"},"query-input":{"@type":"PropertyValueSpecification","valueRequired":true,"valueName":"search_term_string"}}],"inLanguage":"fr-FR"},{"@type":"Person","@id":"https:\/\/www.africa-press.net\/cotedivoire\/#\/schema\/person\/2b1cf3cd81a31e3cd26889ca66d677f1","name":"cfeditorfr"}]}},"_links":{"self":[{"href":"https:\/\/www.africa-press.net\/cotedivoire\/wp-json\/wp\/v2\/posts\/76174","targetHints":{"allow":["GET"]}}],"collection":[{"href":"https:\/\/www.africa-press.net\/cotedivoire\/wp-json\/wp\/v2\/posts"}],"about":[{"href":"https:\/\/www.africa-press.net\/cotedivoire\/wp-json\/wp\/v2\/types\/post"}],"author":[{"embeddable":true,"href":"https:\/\/www.africa-press.net\/cotedivoire\/wp-json\/wp\/v2\/users\/82"}],"replies":[{"embeddable":true,"href":"https:\/\/www.africa-press.net\/cotedivoire\/wp-json\/wp\/v2\/comments?post=76174"}],"version-history":[{"count":0,"href":"https:\/\/www.africa-press.net\/cotedivoire\/wp-json\/wp\/v2\/posts\/76174\/revisions"}],"wp:featuredmedia":[{"embeddable":true,"href":"https:\/\/www.africa-press.net\/cotedivoire\/wp-json\/wp\/v2\/media\/76173"}],"wp:attachment":[{"href":"https:\/\/www.africa-press.net\/cotedivoire\/wp-json\/wp\/v2\/media?parent=76174"}],"wp:term":[{"taxonomy":"category","embeddable":true,"href":"https:\/\/www.africa-press.net\/cotedivoire\/wp-json\/wp\/v2\/categories?post=76174"},{"taxonomy":"post_tag","embeddable":true,"href":"https:\/\/www.africa-press.net\/cotedivoire\/wp-json\/wp\/v2\/tags?post=76174"}],"curies":[{"name":"wp","href":"https:\/\/api.w.org\/{rel}","templated":true}]}}