{"id":76177,"date":"2024-03-11T17:14:12","date_gmt":"2024-03-11T17:14:12","guid":{"rendered":"https:\/\/www.africa-press.net\/cotedivoire\/politique\/nomme-haut-representant-du-goh-djiboua-zehouri-paul-prend-un-engagement"},"modified":"2024-03-11T17:31:38","modified_gmt":"2024-03-11T17:31:38","slug":"nomme-haut-representant-du-goh-djiboua-zehouri-paul-prend-un-engagement","status":"publish","type":"post","link":"https:\/\/www.africa-press.net\/cotedivoire\/politique\/nomme-haut-representant-du-goh-djiboua-zehouri-paul-prend-un-engagement","title":{"rendered":"Nomm\u00e9 haut repr\u00e9sentant du G\u00f4h-Djiboua, Z\u00e9houri Paul prend un engagement"},"content":{"rendered":"<p><span style=\"color: #ff6600\"><strong>Africa-Press &#8211; C\u00f4te d&rsquo;Ivoire. <\/strong><\/span>Le Pre\u0301sident du Pdci-Rda , Tidjane Thiam a de\u0301voile\u0301 ce mardi 05 mars 2024, un nouvel organigramme du parti, ainsi que le nom des animateurs qui l&rsquo;accompagneront dans la conque\u0302te du pouvoir en 2025.<\/p>\n<p>Pour e\u0301tendre le spectre du parti, le nume\u0301ro un du parti cre\u0301e\u0301 par Fe\u0301lix Houphoue\u0308t-Boigny a\u0300 cre\u0301er des hautes repre\u0301sentations du pre\u0301sident dans les districts.<\/p>\n<p>Ces personnalite\u0301s seront charge\u0301es d&rsquo;\u0153uvrer a\u0300 l&rsquo;implantation et au rayonnement du parti.<\/p>\n<p>Dans le district du Go\u0302h-Djiboua, le choix de Tidjane Thiam s&rsquo;est porte\u0301 sur Maitre Ze\u0301houri Paul-Arnaud Bertin, de\u0301le\u0301gue\u0301 Pdci-Rda de Divo Commune.<\/p>\n<p>En re\u0301ponse a\u0300 cette nomination, Me Ze\u0301houri a traduit sa gratitude au pre\u0301sident du PDCI-RDA.<\/p>\n<p>\u00ab Je tiens a\u0300 exprimer ma profonde gratitude envers le Pre\u0301sident Tidjane Thiam pour cette nomination exceptionnelle en tant que Haut repre\u0301sentant du Pre\u0301sident dans le district du Go\u0302h-Djiboua. C&rsquo;est un privile\u0300ge et un honneur auquel je m&rsquo;engage a\u0300 re\u0301pondre avec de\u0301vouement et engagement. C\u2019est un leader visionnaire, de\u0301voue\u0301 au bien-e\u0302tre de notre nation, et je suis honore\u0301 par la confiance qu\u2019il a place\u0301e en moi. Sa sagesse et son engagement envers les valeurs du Pdci-Rda sont une source d\u2019inspiration constante \u00bb, s\u2019est-il exprime\u0301, associant a\u0300 ses remerciements, la Ministre Le\u0301opoldine Tie\u0301zan Coffie pour son leadership e\u0301claire\u0301e et son amour sans pre\u0301ce\u0301dent a\u0300 sa modeste personne.<\/p>\n<p>Affirmant sa de\u0301termination a\u0300 e\u0302tre a\u0300 la hauteur des attentes place\u0301es, il s\u2019est engage\u0301 a\u0300 travailler sans rela\u0302che pour me\u0301riter cette confiance et contribuer au renforcement de son parti.<\/p>\n<p>\u00ab Je suis conscient de la responsabilite\u0301 significative qui accompagne cette fonction, et je veux rassurer le Pre\u0301sident Thiam que je ferai tout en mon pouvoir pour servir notre parti et notre communaute\u0301 avec inte\u0301grite\u0301 et de\u0301termination. Ma mission en tant que haut repre\u0301sentant sera guide\u0301e par le de\u0301sir de servir notre district (Gagnoa- Divo ) avec inte\u0301grite\u0301, transparence et de\u0301termination \u00bb, a-t-il ajoute\u0301.<\/p>\n<p>Le nouveau Haut repre\u0301sentant a e\u0301galement invite\u0301 tous les responsables politiques du district du Go\u0302h-Djiboua a\u0300 la solidarite\u0301 et a\u0300 l\u2019union.<\/p>\n<p>\u00ab Nos diffe\u0301rences devraient e\u0302tre une source de richesse et de comple\u0301mentarite\u0301. En restant solidaire, unis, nous pouvons re\u0301aliser le re\u0302ve de<\/p>\n<p>la majorite\u0301 des Ivoiriens qui est de donner le pouvoir d\u2019Etat au PDCI-RDA en 2025. C&rsquo;est pourquoi, je compte sur votre soutien, sur la force de notre union, pour faire de cette pe\u0301riode une e\u0301tape fructueuse dans l\u2019histoire de notre communaute\u0301 \u00bb, a-t-il lance\u0301.<\/p>\n<p>Cette nomination, qui intervient dans un contexte ou\u0300 le Pdci-Rda cherche a\u0300 renforcer ses positions dans le district du Go\u0302h-Djiboua, a e\u0301te\u0301 salue\u0301e par l&rsquo;ensemble des militants du Pdci-Rda du district qui selon eux va apporter une nouvelle dynamique.<\/p>\n<p><strong>Pour plus d&rsquo;informations et d&rsquo;analyses sur la <a href=\"https:\/\/www.africa-press.net\/cotedivoire\">C\u00f4te d&rsquo;Ivoire<\/a>, suivez <a href=\"https:\/\/www.africa-press.net\/\">Africa-Press<\/a><\/strong><\/p>\n","protected":false},"excerpt":{"rendered":"<p>Africa-Press &#8211; C\u00f4te d&rsquo;Ivoire. Le Pre\u0301sident du Pdci-Rda , Tidjane Thiam a de\u0301voile\u0301 ce mardi 05 mars 2024, un nouvel organigramme du parti, ainsi que le nom des animateurs qui l&rsquo;accompagneront dans la conque\u0302te du pouvoir en 2025. Pour e\u0301tendre le spectre du parti, le nume\u0301ro un du parti cre\u0301e\u0301 par Fe\u0301lix Houphoue\u0308t-Boigny a\u0300 cre\u0301er [&hellip;]<\/p>\n","protected":false},"author":82,"featured_media":76175,"comment_status":"open","ping_status":"closed","sticky":false,"template":"","format":"standard","meta":{"footnotes":""},"categories":[2,10],"tags":[56,63,29,7712,739,2442,12802],"class_list":["post-76177","post","type-post","status-publish","format-standard","has-post-thumbnail","hentry","category-politique","category-toutes-les-actualites","tag-africa-press","tag-africa-press-cote-divoire","tag-cote-divoire","tag-goh-djiboua","tag-pdci-rda","tag-tidjane-thiam","tag-zehouri-paul"],"yoast_head":"<!-- This site is optimized with the Yoast SEO Premium plugin v26.1 (Yoast SEO v27.0) - https:\/\/yoast.com\/product\/yoast-seo-premium-wordpress\/ -->\n<title>Nomm\u00e9 haut repr\u00e9sentant du G\u00f4h-Djiboua, Z\u00e9houri Paul prend un engagement - C\u00f4te d&#039;Ivoire<\/title>\n<meta name=\"description\" content=\"Le Pre\u0301sident du Pdci-Rda , Tidjane Thiam a de\u0301voile\u0301 ce mardi 05 mars 2024, un nouvel organigramme du parti, ainsi que ...\" \/>\n<meta name=\"robots\" content=\"index, follow, max-snippet:-1, max-image-preview:large, max-video-preview:-1\" \/>\n<link rel=\"canonical\" href=\"https:\/\/www.africa-press.net\/cotedivoire\/politique\/nomme-haut-representant-du-goh-djiboua-zehouri-paul-prend-un-engagement\" \/>\n<meta property=\"og:locale\" content=\"fr_FR\" \/>\n<meta property=\"og:type\" content=\"article\" \/>\n<meta property=\"og:title\" content=\"Nomm\u00e9 haut repr\u00e9sentant du G\u00f4h-Djiboua, Z\u00e9houri Paul prend un engagement\" \/>\n<meta property=\"og:description\" content=\"Le Pre\u0301sident du Pdci-Rda , Tidjane Thiam a de\u0301voile\u0301 ce mardi 05 mars 2024, un nouvel organigramme du parti, ainsi que ...\" \/>\n<meta property=\"og:url\" content=\"https:\/\/www.africa-press.net\/cotedivoire\/politique\/nomme-haut-representant-du-goh-djiboua-zehouri-paul-prend-un-engagement\" \/>\n<meta property=\"og:site_name\" content=\"C\u00f4te d&#039;Ivoire\" \/>\n<meta property=\"article:published_time\" content=\"2024-03-11T17:14:12+00:00\" \/>\n<meta property=\"article:modified_time\" content=\"2024-03-11T17:31:38+00:00\" \/>\n<meta property=\"og:image\" content=\"https:\/\/static.africa-press.net\/cote\/sites\/43\/2024\/03\/sm_1710165133.509811.jpg\" \/>\n\t<meta property=\"og:image:width\" content=\"720\" \/>\n\t<meta property=\"og:image:height\" content=\"428\" \/>\n\t<meta property=\"og:image:type\" content=\"image\/jpeg\" \/>\n<meta name=\"author\" content=\"cfeditorfr\" \/>\n<meta name=\"twitter:card\" content=\"summary_large_image\" \/>\n<meta name=\"twitter:label1\" content=\"\u00c9crit par\" \/>\n\t<meta name=\"twitter:data1\" content=\"cfeditorfr\" \/>\n\t<meta name=\"twitter:label2\" content=\"Dur\u00e9e de lecture estim\u00e9e\" \/>\n\t<meta name=\"twitter:data2\" content=\"3 minutes\" \/>\n<script type=\"application\/ld+json\" class=\"yoast-schema-graph\">{\"@context\":\"https:\/\/schema.org\",\"@graph\":[{\"@type\":\"Article\",\"@id\":\"https:\/\/www.africa-press.net\/cotedivoire\/politique\/nomme-haut-representant-du-goh-djiboua-zehouri-paul-prend-un-engagement#article\",\"isPartOf\":{\"@id\":\"https:\/\/www.africa-press.net\/cotedivoire\/politique\/nomme-haut-representant-du-goh-djiboua-zehouri-paul-prend-un-engagement\"},\"author\":{\"name\":\"cfeditorfr\",\"@id\":\"https:\/\/www.africa-press.net\/cotedivoire\/#\/schema\/person\/2b1cf3cd81a31e3cd26889ca66d677f1\"},\"headline\":\"Nomm\u00e9 haut repr\u00e9sentant du G\u00f4h-Djiboua, Z\u00e9houri Paul prend un engagement\",\"datePublished\":\"2024-03-11T17:14:12+00:00\",\"dateModified\":\"2024-03-11T17:31:38+00:00\",\"mainEntityOfPage\":{\"@id\":\"https:\/\/www.africa-press.net\/cotedivoire\/politique\/nomme-haut-representant-du-goh-djiboua-zehouri-paul-prend-un-engagement\"},\"wordCount\":533,\"commentCount\":0,\"image\":{\"@id\":\"https:\/\/www.africa-press.net\/cotedivoire\/politique\/nomme-haut-representant-du-goh-djiboua-zehouri-paul-prend-un-engagement#primaryimage\"},\"thumbnailUrl\":\"https:\/\/static.africa-press.net\/cote\/sites\/43\/2024\/03\/sm_1710165133.509811.jpg\",\"keywords\":[\"Africa Press\",\"Africa Press-C\u00f4te d'Ivoire\",\"C\u00d4TE D'IVOIRE\",\"G\u00f4h-Djiboua\",\"PDCI-RDA\",\"Tidjane Thiam\",\"Z\u00e9houri Paul\"],\"articleSection\":[\"Politique\",\"Toutes les actualit\u00e9s\"],\"inLanguage\":\"fr-FR\",\"potentialAction\":[{\"@type\":\"CommentAction\",\"name\":\"Comment\",\"target\":[\"https:\/\/www.africa-press.net\/cotedivoire\/politique\/nomme-haut-representant-du-goh-djiboua-zehouri-paul-prend-un-engagement#respond\"]}]},{\"@type\":\"WebPage\",\"@id\":\"https:\/\/www.africa-press.net\/cotedivoire\/politique\/nomme-haut-representant-du-goh-djiboua-zehouri-paul-prend-un-engagement\",\"url\":\"https:\/\/www.africa-press.net\/cotedivoire\/politique\/nomme-haut-representant-du-goh-djiboua-zehouri-paul-prend-un-engagement\",\"name\":\"Nomm\u00e9 haut repr\u00e9sentant du G\u00f4h-Djiboua, Z\u00e9houri Paul prend un engagement - C\u00f4te d&#039;Ivoire\",\"isPartOf\":{\"@id\":\"https:\/\/www.africa-press.net\/cotedivoire\/#website\"},\"primaryImageOfPage\":{\"@id\":\"https:\/\/www.africa-press.net\/cotedivoire\/politique\/nomme-haut-representant-du-goh-djiboua-zehouri-paul-prend-un-engagement#primaryimage\"},\"image\":{\"@id\":\"https:\/\/www.africa-press.net\/cotedivoire\/politique\/nomme-haut-representant-du-goh-djiboua-zehouri-paul-prend-un-engagement#primaryimage\"},\"thumbnailUrl\":\"https:\/\/static.africa-press.net\/cote\/sites\/43\/2024\/03\/sm_1710165133.509811.jpg\",\"datePublished\":\"2024-03-11T17:14:12+00:00\",\"dateModified\":\"2024-03-11T17:31:38+00:00\",\"author\":{\"@id\":\"https:\/\/www.africa-press.net\/cotedivoire\/#\/schema\/person\/2b1cf3cd81a31e3cd26889ca66d677f1\"},\"description\":\"Le Pre\u0301sident du Pdci-Rda , Tidjane Thiam a de\u0301voile\u0301 ce mardi 05 mars 2024, un nouvel organigramme du parti, ainsi que ...\",\"breadcrumb\":{\"@id\":\"https:\/\/www.africa-press.net\/cotedivoire\/politique\/nomme-haut-representant-du-goh-djiboua-zehouri-paul-prend-un-engagement#breadcrumb\"},\"inLanguage\":\"fr-FR\",\"potentialAction\":[{\"@type\":\"ReadAction\",\"target\":[\"https:\/\/www.africa-press.net\/cotedivoire\/politique\/nomme-haut-representant-du-goh-djiboua-zehouri-paul-prend-un-engagement\"]}]},{\"@type\":\"ImageObject\",\"inLanguage\":\"fr-FR\",\"@id\":\"https:\/\/www.africa-press.net\/cotedivoire\/politique\/nomme-haut-representant-du-goh-djiboua-zehouri-paul-prend-un-engagement#primaryimage\",\"url\":\"https:\/\/static.africa-press.net\/cote\/sites\/43\/2024\/03\/sm_1710165133.509811.jpg\",\"contentUrl\":\"https:\/\/static.africa-press.net\/cote\/sites\/43\/2024\/03\/sm_1710165133.509811.jpg\",\"width\":720,\"height\":428,\"caption\":\"Nomm\u00e9 haut repr\u00e9sentant du G\u00f4h-Djiboua, Z\u00e9houri Paul prend un engagement\"},{\"@type\":\"BreadcrumbList\",\"@id\":\"https:\/\/www.africa-press.net\/cotedivoire\/politique\/nomme-haut-representant-du-goh-djiboua-zehouri-paul-prend-un-engagement#breadcrumb\",\"itemListElement\":[{\"@type\":\"ListItem\",\"position\":1,\"name\":\"Accueil\",\"item\":\"https:\/\/www.africa-press.net\/cotedivoire\/\"},{\"@type\":\"ListItem\",\"position\":2,\"name\":\"Nomm\u00e9 haut repr\u00e9sentant du G\u00f4h-Djiboua, Z\u00e9houri Paul prend un engagement\"}]},{\"@type\":\"WebSite\",\"@id\":\"https:\/\/www.africa-press.net\/cotedivoire\/#website\",\"url\":\"https:\/\/www.africa-press.net\/cotedivoire\/\",\"name\":\"C\u00f4te d&#039;Ivoire\",\"description\":\"Just another Africa News Agency Sites site\",\"potentialAction\":[{\"@type\":\"SearchAction\",\"target\":{\"@type\":\"EntryPoint\",\"urlTemplate\":\"https:\/\/www.africa-press.net\/cotedivoire\/?s={search_term_string}\"},\"query-input\":{\"@type\":\"PropertyValueSpecification\",\"valueRequired\":true,\"valueName\":\"search_term_string\"}}],\"inLanguage\":\"fr-FR\"},{\"@type\":\"Person\",\"@id\":\"https:\/\/www.africa-press.net\/cotedivoire\/#\/schema\/person\/2b1cf3cd81a31e3cd26889ca66d677f1\",\"name\":\"cfeditorfr\"}]}<\/script>\n<!-- \/ Yoast SEO Premium plugin. -->","yoast_head_json":{"title":"Nomm\u00e9 haut repr\u00e9sentant du G\u00f4h-Djiboua, Z\u00e9houri Paul prend un engagement - C\u00f4te d&#039;Ivoire","description":"Le Pre\u0301sident du Pdci-Rda , Tidjane Thiam a de\u0301voile\u0301 ce mardi 05 mars 2024, un nouvel organigramme du parti, ainsi que ...","robots":{"index":"index","follow":"follow","max-snippet":"max-snippet:-1","max-image-preview":"max-image-preview:large","max-video-preview":"max-video-preview:-1"},"canonical":"https:\/\/www.africa-press.net\/cotedivoire\/politique\/nomme-haut-representant-du-goh-djiboua-zehouri-paul-prend-un-engagement","og_locale":"fr_FR","og_type":"article","og_title":"Nomm\u00e9 haut repr\u00e9sentant du G\u00f4h-Djiboua, Z\u00e9houri Paul prend un engagement","og_description":"Le Pre\u0301sident du Pdci-Rda , Tidjane Thiam a de\u0301voile\u0301 ce mardi 05 mars 2024, un nouvel organigramme du parti, ainsi que ...","og_url":"https:\/\/www.africa-press.net\/cotedivoire\/politique\/nomme-haut-representant-du-goh-djiboua-zehouri-paul-prend-un-engagement","og_site_name":"C\u00f4te d&#039;Ivoire","article_published_time":"2024-03-11T17:14:12+00:00","article_modified_time":"2024-03-11T17:31:38+00:00","og_image":[{"width":720,"height":428,"url":"https:\/\/static.africa-press.net\/cote\/sites\/43\/2024\/03\/sm_1710165133.509811.jpg","type":"image\/jpeg"}],"author":"cfeditorfr","twitter_card":"summary_large_image","twitter_misc":{"\u00c9crit par":"cfeditorfr","Dur\u00e9e de lecture estim\u00e9e":"3 minutes"},"schema":{"@context":"https:\/\/schema.org","@graph":[{"@type":"Article","@id":"https:\/\/www.africa-press.net\/cotedivoire\/politique\/nomme-haut-representant-du-goh-djiboua-zehouri-paul-prend-un-engagement#article","isPartOf":{"@id":"https:\/\/www.africa-press.net\/cotedivoire\/politique\/nomme-haut-representant-du-goh-djiboua-zehouri-paul-prend-un-engagement"},"author":{"name":"cfeditorfr","@id":"https:\/\/www.africa-press.net\/cotedivoire\/#\/schema\/person\/2b1cf3cd81a31e3cd26889ca66d677f1"},"headline":"Nomm\u00e9 haut repr\u00e9sentant du G\u00f4h-Djiboua, Z\u00e9houri Paul prend un engagement","datePublished":"2024-03-11T17:14:12+00:00","dateModified":"2024-03-11T17:31:38+00:00","mainEntityOfPage":{"@id":"https:\/\/www.africa-press.net\/cotedivoire\/politique\/nomme-haut-representant-du-goh-djiboua-zehouri-paul-prend-un-engagement"},"wordCount":533,"commentCount":0,"image":{"@id":"https:\/\/www.africa-press.net\/cotedivoire\/politique\/nomme-haut-representant-du-goh-djiboua-zehouri-paul-prend-un-engagement#primaryimage"},"thumbnailUrl":"https:\/\/static.africa-press.net\/cote\/sites\/43\/2024\/03\/sm_1710165133.509811.jpg","keywords":["Africa Press","Africa Press-C\u00f4te d'Ivoire","C\u00d4TE D'IVOIRE","G\u00f4h-Djiboua","PDCI-RDA","Tidjane Thiam","Z\u00e9houri Paul"],"articleSection":["Politique","Toutes les actualit\u00e9s"],"inLanguage":"fr-FR","potentialAction":[{"@type":"CommentAction","name":"Comment","target":["https:\/\/www.africa-press.net\/cotedivoire\/politique\/nomme-haut-representant-du-goh-djiboua-zehouri-paul-prend-un-engagement#respond"]}]},{"@type":"WebPage","@id":"https:\/\/www.africa-press.net\/cotedivoire\/politique\/nomme-haut-representant-du-goh-djiboua-zehouri-paul-prend-un-engagement","url":"https:\/\/www.africa-press.net\/cotedivoire\/politique\/nomme-haut-representant-du-goh-djiboua-zehouri-paul-prend-un-engagement","name":"Nomm\u00e9 haut repr\u00e9sentant du G\u00f4h-Djiboua, Z\u00e9houri Paul prend un engagement - C\u00f4te d&#039;Ivoire","isPartOf":{"@id":"https:\/\/www.africa-press.net\/cotedivoire\/#website"},"primaryImageOfPage":{"@id":"https:\/\/www.africa-press.net\/cotedivoire\/politique\/nomme-haut-representant-du-goh-djiboua-zehouri-paul-prend-un-engagement#primaryimage"},"image":{"@id":"https:\/\/www.africa-press.net\/cotedivoire\/politique\/nomme-haut-representant-du-goh-djiboua-zehouri-paul-prend-un-engagement#primaryimage"},"thumbnailUrl":"https:\/\/static.africa-press.net\/cote\/sites\/43\/2024\/03\/sm_1710165133.509811.jpg","datePublished":"2024-03-11T17:14:12+00:00","dateModified":"2024-03-11T17:31:38+00:00","author":{"@id":"https:\/\/www.africa-press.net\/cotedivoire\/#\/schema\/person\/2b1cf3cd81a31e3cd26889ca66d677f1"},"description":"Le Pre\u0301sident du Pdci-Rda , Tidjane Thiam a de\u0301voile\u0301 ce mardi 05 mars 2024, un nouvel organigramme du parti, ainsi que ...","breadcrumb":{"@id":"https:\/\/www.africa-press.net\/cotedivoire\/politique\/nomme-haut-representant-du-goh-djiboua-zehouri-paul-prend-un-engagement#breadcrumb"},"inLanguage":"fr-FR","potentialAction":[{"@type":"ReadAction","target":["https:\/\/www.africa-press.net\/cotedivoire\/politique\/nomme-haut-representant-du-goh-djiboua-zehouri-paul-prend-un-engagement"]}]},{"@type":"ImageObject","inLanguage":"fr-FR","@id":"https:\/\/www.africa-press.net\/cotedivoire\/politique\/nomme-haut-representant-du-goh-djiboua-zehouri-paul-prend-un-engagement#primaryimage","url":"https:\/\/static.africa-press.net\/cote\/sites\/43\/2024\/03\/sm_1710165133.509811.jpg","contentUrl":"https:\/\/static.africa-press.net\/cote\/sites\/43\/2024\/03\/sm_1710165133.509811.jpg","width":720,"height":428,"caption":"Nomm\u00e9 haut repr\u00e9sentant du G\u00f4h-Djiboua, Z\u00e9houri Paul prend un engagement"},{"@type":"BreadcrumbList","@id":"https:\/\/www.africa-press.net\/cotedivoire\/politique\/nomme-haut-representant-du-goh-djiboua-zehouri-paul-prend-un-engagement#breadcrumb","itemListElement":[{"@type":"ListItem","position":1,"name":"Accueil","item":"https:\/\/www.africa-press.net\/cotedivoire\/"},{"@type":"ListItem","position":2,"name":"Nomm\u00e9 haut repr\u00e9sentant du G\u00f4h-Djiboua, Z\u00e9houri Paul prend un engagement"}]},{"@type":"WebSite","@id":"https:\/\/www.africa-press.net\/cotedivoire\/#website","url":"https:\/\/www.africa-press.net\/cotedivoire\/","name":"C\u00f4te d&#039;Ivoire","description":"Just another Africa News Agency Sites site","potentialAction":[{"@type":"SearchAction","target":{"@type":"EntryPoint","urlTemplate":"https:\/\/www.africa-press.net\/cotedivoire\/?s={search_term_string}"},"query-input":{"@type":"PropertyValueSpecification","valueRequired":true,"valueName":"search_term_string"}}],"inLanguage":"fr-FR"},{"@type":"Person","@id":"https:\/\/www.africa-press.net\/cotedivoire\/#\/schema\/person\/2b1cf3cd81a31e3cd26889ca66d677f1","name":"cfeditorfr"}]}},"_links":{"self":[{"href":"https:\/\/www.africa-press.net\/cotedivoire\/wp-json\/wp\/v2\/posts\/76177","targetHints":{"allow":["GET"]}}],"collection":[{"href":"https:\/\/www.africa-press.net\/cotedivoire\/wp-json\/wp\/v2\/posts"}],"about":[{"href":"https:\/\/www.africa-press.net\/cotedivoire\/wp-json\/wp\/v2\/types\/post"}],"author":[{"embeddable":true,"href":"https:\/\/www.africa-press.net\/cotedivoire\/wp-json\/wp\/v2\/users\/82"}],"replies":[{"embeddable":true,"href":"https:\/\/www.africa-press.net\/cotedivoire\/wp-json\/wp\/v2\/comments?post=76177"}],"version-history":[{"count":0,"href":"https:\/\/www.africa-press.net\/cotedivoire\/wp-json\/wp\/v2\/posts\/76177\/revisions"}],"wp:featuredmedia":[{"embeddable":true,"href":"https:\/\/www.africa-press.net\/cotedivoire\/wp-json\/wp\/v2\/media\/76175"}],"wp:attachment":[{"href":"https:\/\/www.africa-press.net\/cotedivoire\/wp-json\/wp\/v2\/media?parent=76177"}],"wp:term":[{"taxonomy":"category","embeddable":true,"href":"https:\/\/www.africa-press.net\/cotedivoire\/wp-json\/wp\/v2\/categories?post=76177"},{"taxonomy":"post_tag","embeddable":true,"href":"https:\/\/www.africa-press.net\/cotedivoire\/wp-json\/wp\/v2\/tags?post=76177"}],"curies":[{"name":"wp","href":"https:\/\/api.w.org\/{rel}","templated":true}]}}