{"id":76660,"date":"2024-03-20T13:40:20","date_gmt":"2024-03-20T13:40:20","guid":{"rendered":"https:\/\/www.africa-press.net\/cotedivoire\/politique\/6eme-edition-du-sada-a-abidjan-lamelioration-du-taux-de-couverture-en-assurance-des-entreprises-du-secteur-informel-au-centre-des-debats"},"modified":"2024-03-20T14:45:35","modified_gmt":"2024-03-20T14:45:35","slug":"6eme-edition-du-sada-a-abidjan-lamelioration-du-taux-de-couverture-en-assurance-des-entreprises-du-secteur-informel-au-centre-des-debats","status":"publish","type":"post","link":"https:\/\/www.africa-press.net\/cotedivoire\/economie\/6eme-edition-du-sada-a-abidjan-lamelioration-du-taux-de-couverture-en-assurance-des-entreprises-du-secteur-informel-au-centre-des-debats","title":{"rendered":"6\u00e8me \u00e9dition du SADA \u00e0 Abidjan, l&rsquo;am\u00e9lioration du taux de couverture en assurance des entreprises du secteur informel au centre des d\u00e9bats"},"content":{"rendered":"<p><span style=\"color: #ff6600\"><strong>Africa-Press &#8211; C\u00f4te d&rsquo;Ivoire. <\/strong><\/span>La 6e e\u0301dition du Salon Africain des Assurances (SADA) se de\u0301roulera en juin 2024 a\u0300 l\u2019immeuble CAISTAB a\u0300 Abidjan-Plateau. Le lancement officiel de cet e\u0301ve\u0301nement a eu lieu, jeudi 14 mars 2024, a\u0300 la salle de conference de la Chambre de commerce et d&rsquo;industrie de Co\u0302te d&rsquo;Ivoire.<\/p>\n<p>Plusieurs autorite\u0301s ont rehausse\u0301 de leur pre\u0301sence l&rsquo;e\u0301ve\u0301nement. Le ministre du Commerce et de l\u2019Industrie y e\u0301tait repre\u0301sente\u0301 par son conseiller technique E\u0301ric Ouattara. Lucie Ggakayoro epouse Kouhon, Pre\u0301sidente en charge de la filie\u0300re agriculture, transformation et commercialisation de la CPU-PME. CI, repre\u0301sentait le Dr Diomande\u0301 Moussa E\u0301lias Farakhan, Pre\u0301sident de la CPU-PME.CI.<\/p>\n<p>Elle s\u2019est re\u0301jouie de cette initiative venant d\u2019un membre de la premie\u0300re puissance patronale de Co\u0302te d\u2019Ivoire. Elle a rappele\u0301, entre autres, que le secteur informel, repre\u0301sente 90 % de l&rsquo;e\u0301conomie africaine et singulie\u0300rement ivoirienne. Ce secteur est celui qui est le plus confronte\u0301 aux nombreux sinistres au cours de la vie des entreprises, conduisant beaucoup de PME et entrepreneurs inde\u0301pendants a\u0300 abandonner leurs activite\u0301s e\u0301conomiques, faute de couverture d\u2019assurance.<\/p>\n<p>A\u0300 travers ce Salon, la premie\u0300re organisation patronale apportera donc sa contribution et son expertise dans le sens de l&rsquo;ame\u0301lioration du taux de couverture en assurance des entreprises exerc\u0327ant dans l&rsquo;informel, de sorte a\u0300 mieux les prote\u0301ger des sinistres.<\/p>\n<p>Le taux de pe\u0301ne\u0301tration des assurances en Co\u0302te d\u2019Ivoire n\u2019est, que de 2%. Un taux qu&rsquo;il faut absolument ame\u0301liorer au regard de l&rsquo;apport du secteur prive\u0301 dans l&rsquo;economie ivoirienne.<\/p>\n<p>Le Secre\u0301taire Ge\u0301ne\u0301ral de l\u2019ASACI, M. Ballo Ge\u0301rard a annonce\u0301 la mise en \u0153uvre prochaine d\u2019un financement des PME par les assurances en Co\u0302te d\u2019Ivoire a\u0300 travers un fonds de\u0301ja\u0300 cre\u0301e\u0301 a\u0300 cet effet. Etaient aussi pre\u0301sents a\u0300 ce lancement le Directeur Administratif et des Ressources Humaines de la Chambre de commerce et d&rsquo;industrie de Co\u0302te d\u2019Ivoire, M. Adou Julien Kouabenan.<\/p>\n<p>Tous les intervenants ont abonde\u0301 dans le me\u0302me sens. En substance, l\u2019on retient que, selon eux, un travail de communication et de vulgarisation doit se faire sur les nouveaux produits adapte\u0301s aux acteurs du secteur informel et aux populations a\u0300 faible revenu, afin de donner aux assurances leurs places de pilier de croissance par le soutien en cas de sinistre.<\/p>\n<p>Notons que le SADA est organise\u0301 par Mme Vale\u0301rie Kouame\u0301, DG du groupe ORASSU et Commissaire Ge\u0301ne\u0301rale dudit salon, en partenariat avec la Confe\u0301de\u0301ration Patronale des Petites et Moyennes Entreprises de Co\u0302te d\u2019Ivoire.<\/p>\n<p><strong>Pour plus d&rsquo;informations et d&rsquo;analyses sur la <a href=\"https:\/\/www.africa-press.net\/cotedivoire\">C\u00f4te d&rsquo;Ivoire<\/a>, suivez <a href=\"https:\/\/www.africa-press.net\/\">Africa-Press<\/a><\/strong><\/p>\n","protected":false},"excerpt":{"rendered":"<p>Africa-Press &#8211; C\u00f4te d&rsquo;Ivoire. La 6e e\u0301dition du Salon Africain des Assurances (SADA) se de\u0301roulera en juin 2024 a\u0300 l\u2019immeuble CAISTAB a\u0300 Abidjan-Plateau. Le lancement officiel de cet e\u0301ve\u0301nement a eu lieu, jeudi 14 mars 2024, a\u0300 la salle de conference de la Chambre de commerce et d&rsquo;industrie de Co\u0302te d&rsquo;Ivoire. Plusieurs autorite\u0301s ont rehausse\u0301 [&hellip;]<\/p>\n","protected":false},"author":82,"featured_media":76659,"comment_status":"open","ping_status":"closed","sticky":false,"template":"","format":"standard","meta":{"footnotes":""},"categories":[3,10],"tags":[56,63,11043,29,7734,7733,12887],"class_list":["post-76660","post","type-post","status-publish","format-standard","has-post-thumbnail","hentry","category-economie","category-toutes-les-actualites","tag-africa-press","tag-africa-press-cote-divoire","tag-cci-ci","tag-cote-divoire","tag-cpu-pme-ci","tag-diomande-moussa-elias-farakhan","tag-sada"],"yoast_head":"<!-- This site is optimized with the Yoast SEO Premium plugin v26.1 (Yoast SEO v27.0) - https:\/\/yoast.com\/product\/yoast-seo-premium-wordpress\/ -->\n<title>6\u00e8me \u00e9dition du SADA \u00e0 Abidjan, l&#039;am\u00e9lioration du taux de couverture en assurance des entreprises du secteur informel au centre des d\u00e9bats - C\u00f4te d&#039;Ivoire<\/title>\n<meta name=\"description\" content=\"La 6e e\u0301dition du Salon Africain des Assurances (SADA) se de\u0301roulera en juin 2024 a\u0300 l\u2019immeuble CAISTAB a\u0300 Abidjan-Plate ...\" \/>\n<meta name=\"robots\" content=\"index, follow, max-snippet:-1, max-image-preview:large, max-video-preview:-1\" \/>\n<link rel=\"canonical\" href=\"https:\/\/www.africa-press.net\/cotedivoire\/economie\/6eme-edition-du-sada-a-abidjan-lamelioration-du-taux-de-couverture-en-assurance-des-entreprises-du-secteur-informel-au-centre-des-debats\" \/>\n<meta property=\"og:locale\" content=\"fr_FR\" \/>\n<meta property=\"og:type\" content=\"article\" \/>\n<meta property=\"og:title\" content=\"6\u00e8me \u00e9dition du SADA \u00e0 Abidjan, l&#039;am\u00e9lioration du taux de couverture en assurance des entreprises du secteur informel au centre des d\u00e9bats\" \/>\n<meta property=\"og:description\" content=\"La 6e e\u0301dition du Salon Africain des Assurances (SADA) se de\u0301roulera en juin 2024 a\u0300 l\u2019immeuble CAISTAB a\u0300 Abidjan-Plate ...\" \/>\n<meta property=\"og:url\" content=\"https:\/\/www.africa-press.net\/cotedivoire\/economie\/6eme-edition-du-sada-a-abidjan-lamelioration-du-taux-de-couverture-en-assurance-des-entreprises-du-secteur-informel-au-centre-des-debats\" \/>\n<meta property=\"og:site_name\" content=\"C\u00f4te d&#039;Ivoire\" \/>\n<meta property=\"article:published_time\" content=\"2024-03-20T13:40:20+00:00\" \/>\n<meta property=\"article:modified_time\" content=\"2024-03-20T14:45:35+00:00\" \/>\n<meta property=\"og:image\" content=\"https:\/\/static.africa-press.net\/cote\/sites\/43\/2024\/03\/sm_1710933261.461498.jpg\" \/>\n\t<meta property=\"og:image:width\" content=\"720\" \/>\n\t<meta property=\"og:image:height\" content=\"339\" \/>\n\t<meta property=\"og:image:type\" content=\"image\/jpeg\" \/>\n<meta name=\"author\" content=\"cfeditorfr\" \/>\n<meta name=\"twitter:card\" content=\"summary_large_image\" \/>\n<meta name=\"twitter:label1\" content=\"\u00c9crit par\" \/>\n\t<meta name=\"twitter:data1\" content=\"cfeditorfr\" \/>\n\t<meta name=\"twitter:label2\" content=\"Dur\u00e9e de lecture estim\u00e9e\" \/>\n\t<meta name=\"twitter:data2\" content=\"2 minutes\" \/>\n<script type=\"application\/ld+json\" class=\"yoast-schema-graph\">{\"@context\":\"https:\/\/schema.org\",\"@graph\":[{\"@type\":\"Article\",\"@id\":\"https:\/\/www.africa-press.net\/cotedivoire\/economie\/6eme-edition-du-sada-a-abidjan-lamelioration-du-taux-de-couverture-en-assurance-des-entreprises-du-secteur-informel-au-centre-des-debats#article\",\"isPartOf\":{\"@id\":\"https:\/\/www.africa-press.net\/cotedivoire\/economie\/6eme-edition-du-sada-a-abidjan-lamelioration-du-taux-de-couverture-en-assurance-des-entreprises-du-secteur-informel-au-centre-des-debats\"},\"author\":{\"name\":\"cfeditorfr\",\"@id\":\"https:\/\/www.africa-press.net\/cotedivoire\/#\/schema\/person\/2b1cf3cd81a31e3cd26889ca66d677f1\"},\"headline\":\"6\u00e8me \u00e9dition du SADA \u00e0 Abidjan, l&rsquo;am\u00e9lioration du taux de couverture en assurance des entreprises du secteur informel au centre des d\u00e9bats\",\"datePublished\":\"2024-03-20T13:40:20+00:00\",\"dateModified\":\"2024-03-20T14:45:35+00:00\",\"mainEntityOfPage\":{\"@id\":\"https:\/\/www.africa-press.net\/cotedivoire\/economie\/6eme-edition-du-sada-a-abidjan-lamelioration-du-taux-de-couverture-en-assurance-des-entreprises-du-secteur-informel-au-centre-des-debats\"},\"wordCount\":507,\"commentCount\":0,\"image\":{\"@id\":\"https:\/\/www.africa-press.net\/cotedivoire\/economie\/6eme-edition-du-sada-a-abidjan-lamelioration-du-taux-de-couverture-en-assurance-des-entreprises-du-secteur-informel-au-centre-des-debats#primaryimage\"},\"thumbnailUrl\":\"https:\/\/static.africa-press.net\/cote\/sites\/43\/2024\/03\/sm_1710933261.461498.jpg\",\"keywords\":[\"Africa Press\",\"Africa Press-C\u00f4te d'Ivoire\",\"CCI-CI\",\"C\u00d4TE D'IVOIRE\",\"CPU-PME.CI\",\"Diomand\u00e9 Moussa Elias Farakhan\",\"SADA\"],\"articleSection\":[\"\u00c9conomie\",\"Toutes les actualit\u00e9s\"],\"inLanguage\":\"fr-FR\",\"potentialAction\":[{\"@type\":\"CommentAction\",\"name\":\"Comment\",\"target\":[\"https:\/\/www.africa-press.net\/cotedivoire\/economie\/6eme-edition-du-sada-a-abidjan-lamelioration-du-taux-de-couverture-en-assurance-des-entreprises-du-secteur-informel-au-centre-des-debats#respond\"]}]},{\"@type\":\"WebPage\",\"@id\":\"https:\/\/www.africa-press.net\/cotedivoire\/economie\/6eme-edition-du-sada-a-abidjan-lamelioration-du-taux-de-couverture-en-assurance-des-entreprises-du-secteur-informel-au-centre-des-debats\",\"url\":\"https:\/\/www.africa-press.net\/cotedivoire\/economie\/6eme-edition-du-sada-a-abidjan-lamelioration-du-taux-de-couverture-en-assurance-des-entreprises-du-secteur-informel-au-centre-des-debats\",\"name\":\"6\u00e8me \u00e9dition du SADA \u00e0 Abidjan, l'am\u00e9lioration du taux de couverture en assurance des entreprises du secteur informel au centre des d\u00e9bats - C\u00f4te d&#039;Ivoire\",\"isPartOf\":{\"@id\":\"https:\/\/www.africa-press.net\/cotedivoire\/#website\"},\"primaryImageOfPage\":{\"@id\":\"https:\/\/www.africa-press.net\/cotedivoire\/economie\/6eme-edition-du-sada-a-abidjan-lamelioration-du-taux-de-couverture-en-assurance-des-entreprises-du-secteur-informel-au-centre-des-debats#primaryimage\"},\"image\":{\"@id\":\"https:\/\/www.africa-press.net\/cotedivoire\/economie\/6eme-edition-du-sada-a-abidjan-lamelioration-du-taux-de-couverture-en-assurance-des-entreprises-du-secteur-informel-au-centre-des-debats#primaryimage\"},\"thumbnailUrl\":\"https:\/\/static.africa-press.net\/cote\/sites\/43\/2024\/03\/sm_1710933261.461498.jpg\",\"datePublished\":\"2024-03-20T13:40:20+00:00\",\"dateModified\":\"2024-03-20T14:45:35+00:00\",\"author\":{\"@id\":\"https:\/\/www.africa-press.net\/cotedivoire\/#\/schema\/person\/2b1cf3cd81a31e3cd26889ca66d677f1\"},\"description\":\"La 6e e\u0301dition du Salon Africain des Assurances (SADA) se de\u0301roulera en juin 2024 a\u0300 l\u2019immeuble CAISTAB a\u0300 Abidjan-Plate ...\",\"breadcrumb\":{\"@id\":\"https:\/\/www.africa-press.net\/cotedivoire\/economie\/6eme-edition-du-sada-a-abidjan-lamelioration-du-taux-de-couverture-en-assurance-des-entreprises-du-secteur-informel-au-centre-des-debats#breadcrumb\"},\"inLanguage\":\"fr-FR\",\"potentialAction\":[{\"@type\":\"ReadAction\",\"target\":[\"https:\/\/www.africa-press.net\/cotedivoire\/economie\/6eme-edition-du-sada-a-abidjan-lamelioration-du-taux-de-couverture-en-assurance-des-entreprises-du-secteur-informel-au-centre-des-debats\"]}]},{\"@type\":\"ImageObject\",\"inLanguage\":\"fr-FR\",\"@id\":\"https:\/\/www.africa-press.net\/cotedivoire\/economie\/6eme-edition-du-sada-a-abidjan-lamelioration-du-taux-de-couverture-en-assurance-des-entreprises-du-secteur-informel-au-centre-des-debats#primaryimage\",\"url\":\"https:\/\/static.africa-press.net\/cote\/sites\/43\/2024\/03\/sm_1710933261.461498.jpg\",\"contentUrl\":\"https:\/\/static.africa-press.net\/cote\/sites\/43\/2024\/03\/sm_1710933261.461498.jpg\",\"width\":720,\"height\":339,\"caption\":\"6\u00e8me \u00e9dition du SADA \u00e0 Abidjan, l'am\u00e9lioration du taux de couverture en assurance des entreprises du secteur informel au centre des d\u00e9bats\"},{\"@type\":\"BreadcrumbList\",\"@id\":\"https:\/\/www.africa-press.net\/cotedivoire\/economie\/6eme-edition-du-sada-a-abidjan-lamelioration-du-taux-de-couverture-en-assurance-des-entreprises-du-secteur-informel-au-centre-des-debats#breadcrumb\",\"itemListElement\":[{\"@type\":\"ListItem\",\"position\":1,\"name\":\"Accueil\",\"item\":\"https:\/\/www.africa-press.net\/cotedivoire\/\"},{\"@type\":\"ListItem\",\"position\":2,\"name\":\"6\u00e8me \u00e9dition du SADA \u00e0 Abidjan, l&#8217;am\u00e9lioration du taux de couverture en assurance des entreprises du secteur informel au centre des d\u00e9bats\"}]},{\"@type\":\"WebSite\",\"@id\":\"https:\/\/www.africa-press.net\/cotedivoire\/#website\",\"url\":\"https:\/\/www.africa-press.net\/cotedivoire\/\",\"name\":\"C\u00f4te d&#039;Ivoire\",\"description\":\"Just another Africa News Agency Sites site\",\"potentialAction\":[{\"@type\":\"SearchAction\",\"target\":{\"@type\":\"EntryPoint\",\"urlTemplate\":\"https:\/\/www.africa-press.net\/cotedivoire\/?s={search_term_string}\"},\"query-input\":{\"@type\":\"PropertyValueSpecification\",\"valueRequired\":true,\"valueName\":\"search_term_string\"}}],\"inLanguage\":\"fr-FR\"},{\"@type\":\"Person\",\"@id\":\"https:\/\/www.africa-press.net\/cotedivoire\/#\/schema\/person\/2b1cf3cd81a31e3cd26889ca66d677f1\",\"name\":\"cfeditorfr\"}]}<\/script>\n<!-- \/ Yoast SEO Premium plugin. -->","yoast_head_json":{"title":"6\u00e8me \u00e9dition du SADA \u00e0 Abidjan, l'am\u00e9lioration du taux de couverture en assurance des entreprises du secteur informel au centre des d\u00e9bats - C\u00f4te d&#039;Ivoire","description":"La 6e e\u0301dition du Salon Africain des Assurances (SADA) se de\u0301roulera en juin 2024 a\u0300 l\u2019immeuble CAISTAB a\u0300 Abidjan-Plate ...","robots":{"index":"index","follow":"follow","max-snippet":"max-snippet:-1","max-image-preview":"max-image-preview:large","max-video-preview":"max-video-preview:-1"},"canonical":"https:\/\/www.africa-press.net\/cotedivoire\/economie\/6eme-edition-du-sada-a-abidjan-lamelioration-du-taux-de-couverture-en-assurance-des-entreprises-du-secteur-informel-au-centre-des-debats","og_locale":"fr_FR","og_type":"article","og_title":"6\u00e8me \u00e9dition du SADA \u00e0 Abidjan, l'am\u00e9lioration du taux de couverture en assurance des entreprises du secteur informel au centre des d\u00e9bats","og_description":"La 6e e\u0301dition du Salon Africain des Assurances (SADA) se de\u0301roulera en juin 2024 a\u0300 l\u2019immeuble CAISTAB a\u0300 Abidjan-Plate ...","og_url":"https:\/\/www.africa-press.net\/cotedivoire\/economie\/6eme-edition-du-sada-a-abidjan-lamelioration-du-taux-de-couverture-en-assurance-des-entreprises-du-secteur-informel-au-centre-des-debats","og_site_name":"C\u00f4te d&#039;Ivoire","article_published_time":"2024-03-20T13:40:20+00:00","article_modified_time":"2024-03-20T14:45:35+00:00","og_image":[{"width":720,"height":339,"url":"https:\/\/static.africa-press.net\/cote\/sites\/43\/2024\/03\/sm_1710933261.461498.jpg","type":"image\/jpeg"}],"author":"cfeditorfr","twitter_card":"summary_large_image","twitter_misc":{"\u00c9crit par":"cfeditorfr","Dur\u00e9e de lecture estim\u00e9e":"2 minutes"},"schema":{"@context":"https:\/\/schema.org","@graph":[{"@type":"Article","@id":"https:\/\/www.africa-press.net\/cotedivoire\/economie\/6eme-edition-du-sada-a-abidjan-lamelioration-du-taux-de-couverture-en-assurance-des-entreprises-du-secteur-informel-au-centre-des-debats#article","isPartOf":{"@id":"https:\/\/www.africa-press.net\/cotedivoire\/economie\/6eme-edition-du-sada-a-abidjan-lamelioration-du-taux-de-couverture-en-assurance-des-entreprises-du-secteur-informel-au-centre-des-debats"},"author":{"name":"cfeditorfr","@id":"https:\/\/www.africa-press.net\/cotedivoire\/#\/schema\/person\/2b1cf3cd81a31e3cd26889ca66d677f1"},"headline":"6\u00e8me \u00e9dition du SADA \u00e0 Abidjan, l&rsquo;am\u00e9lioration du taux de couverture en assurance des entreprises du secteur informel au centre des d\u00e9bats","datePublished":"2024-03-20T13:40:20+00:00","dateModified":"2024-03-20T14:45:35+00:00","mainEntityOfPage":{"@id":"https:\/\/www.africa-press.net\/cotedivoire\/economie\/6eme-edition-du-sada-a-abidjan-lamelioration-du-taux-de-couverture-en-assurance-des-entreprises-du-secteur-informel-au-centre-des-debats"},"wordCount":507,"commentCount":0,"image":{"@id":"https:\/\/www.africa-press.net\/cotedivoire\/economie\/6eme-edition-du-sada-a-abidjan-lamelioration-du-taux-de-couverture-en-assurance-des-entreprises-du-secteur-informel-au-centre-des-debats#primaryimage"},"thumbnailUrl":"https:\/\/static.africa-press.net\/cote\/sites\/43\/2024\/03\/sm_1710933261.461498.jpg","keywords":["Africa Press","Africa Press-C\u00f4te d'Ivoire","CCI-CI","C\u00d4TE D'IVOIRE","CPU-PME.CI","Diomand\u00e9 Moussa Elias Farakhan","SADA"],"articleSection":["\u00c9conomie","Toutes les actualit\u00e9s"],"inLanguage":"fr-FR","potentialAction":[{"@type":"CommentAction","name":"Comment","target":["https:\/\/www.africa-press.net\/cotedivoire\/economie\/6eme-edition-du-sada-a-abidjan-lamelioration-du-taux-de-couverture-en-assurance-des-entreprises-du-secteur-informel-au-centre-des-debats#respond"]}]},{"@type":"WebPage","@id":"https:\/\/www.africa-press.net\/cotedivoire\/economie\/6eme-edition-du-sada-a-abidjan-lamelioration-du-taux-de-couverture-en-assurance-des-entreprises-du-secteur-informel-au-centre-des-debats","url":"https:\/\/www.africa-press.net\/cotedivoire\/economie\/6eme-edition-du-sada-a-abidjan-lamelioration-du-taux-de-couverture-en-assurance-des-entreprises-du-secteur-informel-au-centre-des-debats","name":"6\u00e8me \u00e9dition du SADA \u00e0 Abidjan, l'am\u00e9lioration du taux de couverture en assurance des entreprises du secteur informel au centre des d\u00e9bats - C\u00f4te d&#039;Ivoire","isPartOf":{"@id":"https:\/\/www.africa-press.net\/cotedivoire\/#website"},"primaryImageOfPage":{"@id":"https:\/\/www.africa-press.net\/cotedivoire\/economie\/6eme-edition-du-sada-a-abidjan-lamelioration-du-taux-de-couverture-en-assurance-des-entreprises-du-secteur-informel-au-centre-des-debats#primaryimage"},"image":{"@id":"https:\/\/www.africa-press.net\/cotedivoire\/economie\/6eme-edition-du-sada-a-abidjan-lamelioration-du-taux-de-couverture-en-assurance-des-entreprises-du-secteur-informel-au-centre-des-debats#primaryimage"},"thumbnailUrl":"https:\/\/static.africa-press.net\/cote\/sites\/43\/2024\/03\/sm_1710933261.461498.jpg","datePublished":"2024-03-20T13:40:20+00:00","dateModified":"2024-03-20T14:45:35+00:00","author":{"@id":"https:\/\/www.africa-press.net\/cotedivoire\/#\/schema\/person\/2b1cf3cd81a31e3cd26889ca66d677f1"},"description":"La 6e e\u0301dition du Salon Africain des Assurances (SADA) se de\u0301roulera en juin 2024 a\u0300 l\u2019immeuble CAISTAB a\u0300 Abidjan-Plate ...","breadcrumb":{"@id":"https:\/\/www.africa-press.net\/cotedivoire\/economie\/6eme-edition-du-sada-a-abidjan-lamelioration-du-taux-de-couverture-en-assurance-des-entreprises-du-secteur-informel-au-centre-des-debats#breadcrumb"},"inLanguage":"fr-FR","potentialAction":[{"@type":"ReadAction","target":["https:\/\/www.africa-press.net\/cotedivoire\/economie\/6eme-edition-du-sada-a-abidjan-lamelioration-du-taux-de-couverture-en-assurance-des-entreprises-du-secteur-informel-au-centre-des-debats"]}]},{"@type":"ImageObject","inLanguage":"fr-FR","@id":"https:\/\/www.africa-press.net\/cotedivoire\/economie\/6eme-edition-du-sada-a-abidjan-lamelioration-du-taux-de-couverture-en-assurance-des-entreprises-du-secteur-informel-au-centre-des-debats#primaryimage","url":"https:\/\/static.africa-press.net\/cote\/sites\/43\/2024\/03\/sm_1710933261.461498.jpg","contentUrl":"https:\/\/static.africa-press.net\/cote\/sites\/43\/2024\/03\/sm_1710933261.461498.jpg","width":720,"height":339,"caption":"6\u00e8me \u00e9dition du SADA \u00e0 Abidjan, l'am\u00e9lioration du taux de couverture en assurance des entreprises du secteur informel au centre des d\u00e9bats"},{"@type":"BreadcrumbList","@id":"https:\/\/www.africa-press.net\/cotedivoire\/economie\/6eme-edition-du-sada-a-abidjan-lamelioration-du-taux-de-couverture-en-assurance-des-entreprises-du-secteur-informel-au-centre-des-debats#breadcrumb","itemListElement":[{"@type":"ListItem","position":1,"name":"Accueil","item":"https:\/\/www.africa-press.net\/cotedivoire\/"},{"@type":"ListItem","position":2,"name":"6\u00e8me \u00e9dition du SADA \u00e0 Abidjan, l&#8217;am\u00e9lioration du taux de couverture en assurance des entreprises du secteur informel au centre des d\u00e9bats"}]},{"@type":"WebSite","@id":"https:\/\/www.africa-press.net\/cotedivoire\/#website","url":"https:\/\/www.africa-press.net\/cotedivoire\/","name":"C\u00f4te d&#039;Ivoire","description":"Just another Africa News Agency Sites site","potentialAction":[{"@type":"SearchAction","target":{"@type":"EntryPoint","urlTemplate":"https:\/\/www.africa-press.net\/cotedivoire\/?s={search_term_string}"},"query-input":{"@type":"PropertyValueSpecification","valueRequired":true,"valueName":"search_term_string"}}],"inLanguage":"fr-FR"},{"@type":"Person","@id":"https:\/\/www.africa-press.net\/cotedivoire\/#\/schema\/person\/2b1cf3cd81a31e3cd26889ca66d677f1","name":"cfeditorfr"}]}},"_links":{"self":[{"href":"https:\/\/www.africa-press.net\/cotedivoire\/wp-json\/wp\/v2\/posts\/76660","targetHints":{"allow":["GET"]}}],"collection":[{"href":"https:\/\/www.africa-press.net\/cotedivoire\/wp-json\/wp\/v2\/posts"}],"about":[{"href":"https:\/\/www.africa-press.net\/cotedivoire\/wp-json\/wp\/v2\/types\/post"}],"author":[{"embeddable":true,"href":"https:\/\/www.africa-press.net\/cotedivoire\/wp-json\/wp\/v2\/users\/82"}],"replies":[{"embeddable":true,"href":"https:\/\/www.africa-press.net\/cotedivoire\/wp-json\/wp\/v2\/comments?post=76660"}],"version-history":[{"count":0,"href":"https:\/\/www.africa-press.net\/cotedivoire\/wp-json\/wp\/v2\/posts\/76660\/revisions"}],"wp:featuredmedia":[{"embeddable":true,"href":"https:\/\/www.africa-press.net\/cotedivoire\/wp-json\/wp\/v2\/media\/76659"}],"wp:attachment":[{"href":"https:\/\/www.africa-press.net\/cotedivoire\/wp-json\/wp\/v2\/media?parent=76660"}],"wp:term":[{"taxonomy":"category","embeddable":true,"href":"https:\/\/www.africa-press.net\/cotedivoire\/wp-json\/wp\/v2\/categories?post=76660"},{"taxonomy":"post_tag","embeddable":true,"href":"https:\/\/www.africa-press.net\/cotedivoire\/wp-json\/wp\/v2\/tags?post=76660"}],"curies":[{"name":"wp","href":"https:\/\/api.w.org\/{rel}","templated":true}]}}