{"id":76751,"date":"2024-03-22T14:12:35","date_gmt":"2024-03-22T14:12:35","guid":{"rendered":"https:\/\/www.africa-press.net\/cotedivoire\/politique\/tensions-au-sein-de-luna-fesci-tenue-dune-seance-de-reflexion-pour-surmonter-les-obstacles"},"modified":"2024-03-22T15:23:14","modified_gmt":"2024-03-22T15:23:14","slug":"tensions-au-sein-de-luna-fesci-tenue-dune-seance-de-reflexion-pour-surmonter-les-obstacles","status":"publish","type":"post","link":"https:\/\/www.africa-press.net\/cotedivoire\/politique\/tensions-au-sein-de-luna-fesci-tenue-dune-seance-de-reflexion-pour-surmonter-les-obstacles","title":{"rendered":"Tensions au sein de l&rsquo;UNA-FESCI, tenue d&rsquo;une s\u00e9ance de r\u00e9flexion pour surmonter les obstacles"},"content":{"rendered":"<p><span style=\"color: #ff6600\"><strong>Africa-Press &#8211; C\u00f4te d&rsquo;Ivoire. <\/strong><\/span>Dans un effort concerte\u0301 pour surmonter les tensions internes et renouveler son engagement envers ses membres, l&rsquo;Union des Anciens de la Fe\u0301de\u0301ration Estudiantine et Scolaire de Co\u0302te d&rsquo;Ivoire (UNA-FESCI) a tenu hier mercredi 20 mars 2024 une se\u0301ance ple\u0301nie\u0300re de restitution de travaux.<\/p>\n<p>Depuis quelque temps, l&rsquo;UNA-FESCI e\u0301tait traverse\u0301e par une crise interne, avec certains de ses membres re\u0301clamant une convention pour renouveler ses instances. Cette se\u0301ance ple\u0301nie\u0300re a e\u0301te\u0301 l&rsquo;occasion de re\u0301pondre a\u0300 ces appels pressants et de re\u0301affirmer l&rsquo;engagement de l&rsquo;UNA-FESCI envers ses principes fondateurs.<\/p>\n<p>Les membres des commissions de re\u0301flexion et du bureau national de l&rsquo;UNA-FESCI ont re\u0301pondu pre\u0301sents a\u0300 cet appel, de\u0301montrant ainsi leur attachement a\u0300 l&rsquo;avenir de cette organisation qui a fac\u0327onne\u0301 tant de destins en Co\u0302te d&rsquo;Ivoire.<\/p>\n<p>La mise en place des commissions le 28 fe\u0301vrier dernier a marque\u0301 le de\u0301but d&rsquo;un processus de re\u0301flexion approfondie, visant a\u0300 identifier les de\u0301fis actuels et a\u0300 proposer des solutions tangibles.<\/p>\n<p>La se\u0301ance ple\u0301nie\u0300re a e\u0301te\u0301 structure\u0301e autour de pre\u0301sentations de contenus suivies d&rsquo;e\u0301changes et de propositions constructives. Les re\u0301flexions des commissions, fruit de semaines de travail acharne\u0301 et de consultations, ont e\u0301te\u0301 pre\u0301sente\u0301es avec rigueur et clarte\u0301, permettant ainsi aux participants de saisir toute la complexite\u0301 des enjeux auxquels l&rsquo;UNA-FESCI est confronte\u0301e.<\/p>\n<p>L&rsquo;atmosphe\u0300re de la se\u0301ance ple\u0301nie\u0300re e\u0301tait empreinte d&rsquo;un sentiment de responsabilite\u0301 collective et de de\u0301termination a\u0300 surmonter les obstacles. Les participants, conscients de l&rsquo;importance de cette e\u0301tape cruciale, ont apporte\u0301 leur contribution de manie\u0300re constructive, mettant en avant les inte\u0301re\u0302ts supe\u0301rieurs de l&rsquo;UNA-FESCI et de ses membres.<\/p>\n<p>Au total, des de\u0301cisions importantes ont e\u0301te\u0301 prises lors de cette se\u0301ance ple\u0301nie\u0300re. En matie\u0300re de fonctionnement structurel, des re\u0301formes significatives ont e\u0301te\u0301 envisage\u0301es afin de garantir une gouvernance transparente et efficace. Le renouvellement de toutes les instances de l&rsquo;UNA-FESCI a e\u0301te\u0301 unanimement approuve\u0301, marquant ainsi le de\u0301but d&rsquo;une nouvelle e\u0300re pour cette organisation.<\/p>\n<p>De plus, une re\u0301flexion approfondie sur l&rsquo;orientation strate\u0301gique de l&rsquo;UNA-FESCI a e\u0301te\u0301 engage\u0301e, visant a\u0300 adapter ses actions aux re\u0301alite\u0301s actuelles et aux aspirations de ses membres.<\/p>\n<p><strong>Pour plus d&rsquo;informations et d&rsquo;analyses sur la <a href=\"https:\/\/www.africa-press.net\/cotedivoire\">C\u00f4te d&rsquo;Ivoire<\/a>, suivez <a href=\"https:\/\/www.africa-press.net\/\">Africa-Press<\/a><\/strong><\/p>\n","protected":false},"excerpt":{"rendered":"<p>Africa-Press &#8211; C\u00f4te d&rsquo;Ivoire. Dans un effort concerte\u0301 pour surmonter les tensions internes et renouveler son engagement envers ses membres, l&rsquo;Union des Anciens de la Fe\u0301de\u0301ration Estudiantine et Scolaire de Co\u0302te d&rsquo;Ivoire (UNA-FESCI) a tenu hier mercredi 20 mars 2024 une se\u0301ance ple\u0301nie\u0300re de restitution de travaux. Depuis quelque temps, l&rsquo;UNA-FESCI e\u0301tait traverse\u0301e par une [&hellip;]<\/p>\n","protected":false},"author":82,"featured_media":76750,"comment_status":"open","ping_status":"closed","sticky":false,"template":"","format":"standard","meta":{"footnotes":""},"categories":[2,10],"tags":[56,63,2539,29,1015,4794,7644],"class_list":["post-76751","post","type-post","status-publish","format-standard","has-post-thumbnail","hentry","category-politique","category-toutes-les-actualites","tag-africa-press","tag-africa-press-cote-divoire","tag-commission","tag-cote-divoire","tag-fesci","tag-membre","tag-tension"],"yoast_head":"<!-- This site is optimized with the Yoast SEO Premium plugin v26.1 (Yoast SEO v27.0) - https:\/\/yoast.com\/product\/yoast-seo-premium-wordpress\/ -->\n<title>Tensions au sein de l&#039;UNA-FESCI, tenue d&#039;une s\u00e9ance de r\u00e9flexion pour surmonter les obstacles - C\u00f4te d&#039;Ivoire<\/title>\n<meta name=\"description\" content=\"Dans un effort concerte\u0301 pour surmonter les tensions internes et renouveler son engagement envers ses membres, l&#039;Union d ...\" \/>\n<meta name=\"robots\" content=\"index, follow, max-snippet:-1, max-image-preview:large, max-video-preview:-1\" \/>\n<link rel=\"canonical\" href=\"https:\/\/www.africa-press.net\/cotedivoire\/politique\/tensions-au-sein-de-luna-fesci-tenue-dune-seance-de-reflexion-pour-surmonter-les-obstacles\" \/>\n<meta property=\"og:locale\" content=\"fr_FR\" \/>\n<meta property=\"og:type\" content=\"article\" \/>\n<meta property=\"og:title\" content=\"Tensions au sein de l&#039;UNA-FESCI, tenue d&#039;une s\u00e9ance de r\u00e9flexion pour surmonter les obstacles\" \/>\n<meta property=\"og:description\" content=\"Dans un effort concerte\u0301 pour surmonter les tensions internes et renouveler son engagement envers ses membres, l&#039;Union d ...\" \/>\n<meta property=\"og:url\" content=\"https:\/\/www.africa-press.net\/cotedivoire\/politique\/tensions-au-sein-de-luna-fesci-tenue-dune-seance-de-reflexion-pour-surmonter-les-obstacles\" \/>\n<meta property=\"og:site_name\" content=\"C\u00f4te d&#039;Ivoire\" \/>\n<meta property=\"article:published_time\" content=\"2024-03-22T14:12:35+00:00\" \/>\n<meta property=\"article:modified_time\" content=\"2024-03-22T15:23:14+00:00\" \/>\n<meta property=\"og:image\" content=\"https:\/\/static.africa-press.net\/cote\/sites\/43\/2024\/03\/sm_1711108332.23264.jpg\" \/>\n\t<meta property=\"og:image:width\" content=\"720\" \/>\n\t<meta property=\"og:image:height\" content=\"324\" \/>\n\t<meta property=\"og:image:type\" content=\"image\/jpeg\" \/>\n<meta name=\"author\" content=\"cfeditorfr\" \/>\n<meta name=\"twitter:card\" content=\"summary_large_image\" \/>\n<meta name=\"twitter:label1\" content=\"\u00c9crit par\" \/>\n\t<meta name=\"twitter:data1\" content=\"cfeditorfr\" \/>\n\t<meta name=\"twitter:label2\" content=\"Dur\u00e9e de lecture estim\u00e9e\" \/>\n\t<meta name=\"twitter:data2\" content=\"2 minutes\" \/>\n<script type=\"application\/ld+json\" class=\"yoast-schema-graph\">{\"@context\":\"https:\/\/schema.org\",\"@graph\":[{\"@type\":\"Article\",\"@id\":\"https:\/\/www.africa-press.net\/cotedivoire\/politique\/tensions-au-sein-de-luna-fesci-tenue-dune-seance-de-reflexion-pour-surmonter-les-obstacles#article\",\"isPartOf\":{\"@id\":\"https:\/\/www.africa-press.net\/cotedivoire\/politique\/tensions-au-sein-de-luna-fesci-tenue-dune-seance-de-reflexion-pour-surmonter-les-obstacles\"},\"author\":{\"name\":\"cfeditorfr\",\"@id\":\"https:\/\/www.africa-press.net\/cotedivoire\/#\/schema\/person\/2b1cf3cd81a31e3cd26889ca66d677f1\"},\"headline\":\"Tensions au sein de l&rsquo;UNA-FESCI, tenue d&rsquo;une s\u00e9ance de r\u00e9flexion pour surmonter les obstacles\",\"datePublished\":\"2024-03-22T14:12:35+00:00\",\"dateModified\":\"2024-03-22T15:23:14+00:00\",\"mainEntityOfPage\":{\"@id\":\"https:\/\/www.africa-press.net\/cotedivoire\/politique\/tensions-au-sein-de-luna-fesci-tenue-dune-seance-de-reflexion-pour-surmonter-les-obstacles\"},\"wordCount\":456,\"commentCount\":0,\"image\":{\"@id\":\"https:\/\/www.africa-press.net\/cotedivoire\/politique\/tensions-au-sein-de-luna-fesci-tenue-dune-seance-de-reflexion-pour-surmonter-les-obstacles#primaryimage\"},\"thumbnailUrl\":\"https:\/\/static.africa-press.net\/cote\/sites\/43\/2024\/03\/sm_1711108332.23264.jpg\",\"keywords\":[\"Africa Press\",\"Africa Press-C\u00f4te d'Ivoire\",\"commission\",\"C\u00d4TE D'IVOIRE\",\"Fesci\",\"membre\",\"tension\"],\"articleSection\":[\"Politique\",\"Toutes les actualit\u00e9s\"],\"inLanguage\":\"fr-FR\",\"potentialAction\":[{\"@type\":\"CommentAction\",\"name\":\"Comment\",\"target\":[\"https:\/\/www.africa-press.net\/cotedivoire\/politique\/tensions-au-sein-de-luna-fesci-tenue-dune-seance-de-reflexion-pour-surmonter-les-obstacles#respond\"]}]},{\"@type\":\"WebPage\",\"@id\":\"https:\/\/www.africa-press.net\/cotedivoire\/politique\/tensions-au-sein-de-luna-fesci-tenue-dune-seance-de-reflexion-pour-surmonter-les-obstacles\",\"url\":\"https:\/\/www.africa-press.net\/cotedivoire\/politique\/tensions-au-sein-de-luna-fesci-tenue-dune-seance-de-reflexion-pour-surmonter-les-obstacles\",\"name\":\"Tensions au sein de l'UNA-FESCI, tenue d'une s\u00e9ance de r\u00e9flexion pour surmonter les obstacles - C\u00f4te d&#039;Ivoire\",\"isPartOf\":{\"@id\":\"https:\/\/www.africa-press.net\/cotedivoire\/#website\"},\"primaryImageOfPage\":{\"@id\":\"https:\/\/www.africa-press.net\/cotedivoire\/politique\/tensions-au-sein-de-luna-fesci-tenue-dune-seance-de-reflexion-pour-surmonter-les-obstacles#primaryimage\"},\"image\":{\"@id\":\"https:\/\/www.africa-press.net\/cotedivoire\/politique\/tensions-au-sein-de-luna-fesci-tenue-dune-seance-de-reflexion-pour-surmonter-les-obstacles#primaryimage\"},\"thumbnailUrl\":\"https:\/\/static.africa-press.net\/cote\/sites\/43\/2024\/03\/sm_1711108332.23264.jpg\",\"datePublished\":\"2024-03-22T14:12:35+00:00\",\"dateModified\":\"2024-03-22T15:23:14+00:00\",\"author\":{\"@id\":\"https:\/\/www.africa-press.net\/cotedivoire\/#\/schema\/person\/2b1cf3cd81a31e3cd26889ca66d677f1\"},\"description\":\"Dans un effort concerte\u0301 pour surmonter les tensions internes et renouveler son engagement envers ses membres, l'Union d ...\",\"breadcrumb\":{\"@id\":\"https:\/\/www.africa-press.net\/cotedivoire\/politique\/tensions-au-sein-de-luna-fesci-tenue-dune-seance-de-reflexion-pour-surmonter-les-obstacles#breadcrumb\"},\"inLanguage\":\"fr-FR\",\"potentialAction\":[{\"@type\":\"ReadAction\",\"target\":[\"https:\/\/www.africa-press.net\/cotedivoire\/politique\/tensions-au-sein-de-luna-fesci-tenue-dune-seance-de-reflexion-pour-surmonter-les-obstacles\"]}]},{\"@type\":\"ImageObject\",\"inLanguage\":\"fr-FR\",\"@id\":\"https:\/\/www.africa-press.net\/cotedivoire\/politique\/tensions-au-sein-de-luna-fesci-tenue-dune-seance-de-reflexion-pour-surmonter-les-obstacles#primaryimage\",\"url\":\"https:\/\/static.africa-press.net\/cote\/sites\/43\/2024\/03\/sm_1711108332.23264.jpg\",\"contentUrl\":\"https:\/\/static.africa-press.net\/cote\/sites\/43\/2024\/03\/sm_1711108332.23264.jpg\",\"width\":720,\"height\":324,\"caption\":\"Tensions au sein de l'UNA-FESCI, tenue d'une s\u00e9ance de r\u00e9flexion pour surmonter les obstacles\"},{\"@type\":\"BreadcrumbList\",\"@id\":\"https:\/\/www.africa-press.net\/cotedivoire\/politique\/tensions-au-sein-de-luna-fesci-tenue-dune-seance-de-reflexion-pour-surmonter-les-obstacles#breadcrumb\",\"itemListElement\":[{\"@type\":\"ListItem\",\"position\":1,\"name\":\"Accueil\",\"item\":\"https:\/\/www.africa-press.net\/cotedivoire\/\"},{\"@type\":\"ListItem\",\"position\":2,\"name\":\"Tensions au sein de l&#8217;UNA-FESCI, tenue d&#8217;une s\u00e9ance de r\u00e9flexion pour surmonter les obstacles\"}]},{\"@type\":\"WebSite\",\"@id\":\"https:\/\/www.africa-press.net\/cotedivoire\/#website\",\"url\":\"https:\/\/www.africa-press.net\/cotedivoire\/\",\"name\":\"C\u00f4te d&#039;Ivoire\",\"description\":\"Just another Africa News Agency Sites site\",\"potentialAction\":[{\"@type\":\"SearchAction\",\"target\":{\"@type\":\"EntryPoint\",\"urlTemplate\":\"https:\/\/www.africa-press.net\/cotedivoire\/?s={search_term_string}\"},\"query-input\":{\"@type\":\"PropertyValueSpecification\",\"valueRequired\":true,\"valueName\":\"search_term_string\"}}],\"inLanguage\":\"fr-FR\"},{\"@type\":\"Person\",\"@id\":\"https:\/\/www.africa-press.net\/cotedivoire\/#\/schema\/person\/2b1cf3cd81a31e3cd26889ca66d677f1\",\"name\":\"cfeditorfr\"}]}<\/script>\n<!-- \/ Yoast SEO Premium plugin. -->","yoast_head_json":{"title":"Tensions au sein de l'UNA-FESCI, tenue d'une s\u00e9ance de r\u00e9flexion pour surmonter les obstacles - C\u00f4te d&#039;Ivoire","description":"Dans un effort concerte\u0301 pour surmonter les tensions internes et renouveler son engagement envers ses membres, l'Union d ...","robots":{"index":"index","follow":"follow","max-snippet":"max-snippet:-1","max-image-preview":"max-image-preview:large","max-video-preview":"max-video-preview:-1"},"canonical":"https:\/\/www.africa-press.net\/cotedivoire\/politique\/tensions-au-sein-de-luna-fesci-tenue-dune-seance-de-reflexion-pour-surmonter-les-obstacles","og_locale":"fr_FR","og_type":"article","og_title":"Tensions au sein de l'UNA-FESCI, tenue d'une s\u00e9ance de r\u00e9flexion pour surmonter les obstacles","og_description":"Dans un effort concerte\u0301 pour surmonter les tensions internes et renouveler son engagement envers ses membres, l'Union d ...","og_url":"https:\/\/www.africa-press.net\/cotedivoire\/politique\/tensions-au-sein-de-luna-fesci-tenue-dune-seance-de-reflexion-pour-surmonter-les-obstacles","og_site_name":"C\u00f4te d&#039;Ivoire","article_published_time":"2024-03-22T14:12:35+00:00","article_modified_time":"2024-03-22T15:23:14+00:00","og_image":[{"width":720,"height":324,"url":"https:\/\/static.africa-press.net\/cote\/sites\/43\/2024\/03\/sm_1711108332.23264.jpg","type":"image\/jpeg"}],"author":"cfeditorfr","twitter_card":"summary_large_image","twitter_misc":{"\u00c9crit par":"cfeditorfr","Dur\u00e9e de lecture estim\u00e9e":"2 minutes"},"schema":{"@context":"https:\/\/schema.org","@graph":[{"@type":"Article","@id":"https:\/\/www.africa-press.net\/cotedivoire\/politique\/tensions-au-sein-de-luna-fesci-tenue-dune-seance-de-reflexion-pour-surmonter-les-obstacles#article","isPartOf":{"@id":"https:\/\/www.africa-press.net\/cotedivoire\/politique\/tensions-au-sein-de-luna-fesci-tenue-dune-seance-de-reflexion-pour-surmonter-les-obstacles"},"author":{"name":"cfeditorfr","@id":"https:\/\/www.africa-press.net\/cotedivoire\/#\/schema\/person\/2b1cf3cd81a31e3cd26889ca66d677f1"},"headline":"Tensions au sein de l&rsquo;UNA-FESCI, tenue d&rsquo;une s\u00e9ance de r\u00e9flexion pour surmonter les obstacles","datePublished":"2024-03-22T14:12:35+00:00","dateModified":"2024-03-22T15:23:14+00:00","mainEntityOfPage":{"@id":"https:\/\/www.africa-press.net\/cotedivoire\/politique\/tensions-au-sein-de-luna-fesci-tenue-dune-seance-de-reflexion-pour-surmonter-les-obstacles"},"wordCount":456,"commentCount":0,"image":{"@id":"https:\/\/www.africa-press.net\/cotedivoire\/politique\/tensions-au-sein-de-luna-fesci-tenue-dune-seance-de-reflexion-pour-surmonter-les-obstacles#primaryimage"},"thumbnailUrl":"https:\/\/static.africa-press.net\/cote\/sites\/43\/2024\/03\/sm_1711108332.23264.jpg","keywords":["Africa Press","Africa Press-C\u00f4te d'Ivoire","commission","C\u00d4TE D'IVOIRE","Fesci","membre","tension"],"articleSection":["Politique","Toutes les actualit\u00e9s"],"inLanguage":"fr-FR","potentialAction":[{"@type":"CommentAction","name":"Comment","target":["https:\/\/www.africa-press.net\/cotedivoire\/politique\/tensions-au-sein-de-luna-fesci-tenue-dune-seance-de-reflexion-pour-surmonter-les-obstacles#respond"]}]},{"@type":"WebPage","@id":"https:\/\/www.africa-press.net\/cotedivoire\/politique\/tensions-au-sein-de-luna-fesci-tenue-dune-seance-de-reflexion-pour-surmonter-les-obstacles","url":"https:\/\/www.africa-press.net\/cotedivoire\/politique\/tensions-au-sein-de-luna-fesci-tenue-dune-seance-de-reflexion-pour-surmonter-les-obstacles","name":"Tensions au sein de l'UNA-FESCI, tenue d'une s\u00e9ance de r\u00e9flexion pour surmonter les obstacles - C\u00f4te d&#039;Ivoire","isPartOf":{"@id":"https:\/\/www.africa-press.net\/cotedivoire\/#website"},"primaryImageOfPage":{"@id":"https:\/\/www.africa-press.net\/cotedivoire\/politique\/tensions-au-sein-de-luna-fesci-tenue-dune-seance-de-reflexion-pour-surmonter-les-obstacles#primaryimage"},"image":{"@id":"https:\/\/www.africa-press.net\/cotedivoire\/politique\/tensions-au-sein-de-luna-fesci-tenue-dune-seance-de-reflexion-pour-surmonter-les-obstacles#primaryimage"},"thumbnailUrl":"https:\/\/static.africa-press.net\/cote\/sites\/43\/2024\/03\/sm_1711108332.23264.jpg","datePublished":"2024-03-22T14:12:35+00:00","dateModified":"2024-03-22T15:23:14+00:00","author":{"@id":"https:\/\/www.africa-press.net\/cotedivoire\/#\/schema\/person\/2b1cf3cd81a31e3cd26889ca66d677f1"},"description":"Dans un effort concerte\u0301 pour surmonter les tensions internes et renouveler son engagement envers ses membres, l'Union d ...","breadcrumb":{"@id":"https:\/\/www.africa-press.net\/cotedivoire\/politique\/tensions-au-sein-de-luna-fesci-tenue-dune-seance-de-reflexion-pour-surmonter-les-obstacles#breadcrumb"},"inLanguage":"fr-FR","potentialAction":[{"@type":"ReadAction","target":["https:\/\/www.africa-press.net\/cotedivoire\/politique\/tensions-au-sein-de-luna-fesci-tenue-dune-seance-de-reflexion-pour-surmonter-les-obstacles"]}]},{"@type":"ImageObject","inLanguage":"fr-FR","@id":"https:\/\/www.africa-press.net\/cotedivoire\/politique\/tensions-au-sein-de-luna-fesci-tenue-dune-seance-de-reflexion-pour-surmonter-les-obstacles#primaryimage","url":"https:\/\/static.africa-press.net\/cote\/sites\/43\/2024\/03\/sm_1711108332.23264.jpg","contentUrl":"https:\/\/static.africa-press.net\/cote\/sites\/43\/2024\/03\/sm_1711108332.23264.jpg","width":720,"height":324,"caption":"Tensions au sein de l'UNA-FESCI, tenue d'une s\u00e9ance de r\u00e9flexion pour surmonter les obstacles"},{"@type":"BreadcrumbList","@id":"https:\/\/www.africa-press.net\/cotedivoire\/politique\/tensions-au-sein-de-luna-fesci-tenue-dune-seance-de-reflexion-pour-surmonter-les-obstacles#breadcrumb","itemListElement":[{"@type":"ListItem","position":1,"name":"Accueil","item":"https:\/\/www.africa-press.net\/cotedivoire\/"},{"@type":"ListItem","position":2,"name":"Tensions au sein de l&#8217;UNA-FESCI, tenue d&#8217;une s\u00e9ance de r\u00e9flexion pour surmonter les obstacles"}]},{"@type":"WebSite","@id":"https:\/\/www.africa-press.net\/cotedivoire\/#website","url":"https:\/\/www.africa-press.net\/cotedivoire\/","name":"C\u00f4te d&#039;Ivoire","description":"Just another Africa News Agency Sites site","potentialAction":[{"@type":"SearchAction","target":{"@type":"EntryPoint","urlTemplate":"https:\/\/www.africa-press.net\/cotedivoire\/?s={search_term_string}"},"query-input":{"@type":"PropertyValueSpecification","valueRequired":true,"valueName":"search_term_string"}}],"inLanguage":"fr-FR"},{"@type":"Person","@id":"https:\/\/www.africa-press.net\/cotedivoire\/#\/schema\/person\/2b1cf3cd81a31e3cd26889ca66d677f1","name":"cfeditorfr"}]}},"_links":{"self":[{"href":"https:\/\/www.africa-press.net\/cotedivoire\/wp-json\/wp\/v2\/posts\/76751","targetHints":{"allow":["GET"]}}],"collection":[{"href":"https:\/\/www.africa-press.net\/cotedivoire\/wp-json\/wp\/v2\/posts"}],"about":[{"href":"https:\/\/www.africa-press.net\/cotedivoire\/wp-json\/wp\/v2\/types\/post"}],"author":[{"embeddable":true,"href":"https:\/\/www.africa-press.net\/cotedivoire\/wp-json\/wp\/v2\/users\/82"}],"replies":[{"embeddable":true,"href":"https:\/\/www.africa-press.net\/cotedivoire\/wp-json\/wp\/v2\/comments?post=76751"}],"version-history":[{"count":0,"href":"https:\/\/www.africa-press.net\/cotedivoire\/wp-json\/wp\/v2\/posts\/76751\/revisions"}],"wp:featuredmedia":[{"embeddable":true,"href":"https:\/\/www.africa-press.net\/cotedivoire\/wp-json\/wp\/v2\/media\/76750"}],"wp:attachment":[{"href":"https:\/\/www.africa-press.net\/cotedivoire\/wp-json\/wp\/v2\/media?parent=76751"}],"wp:term":[{"taxonomy":"category","embeddable":true,"href":"https:\/\/www.africa-press.net\/cotedivoire\/wp-json\/wp\/v2\/categories?post=76751"},{"taxonomy":"post_tag","embeddable":true,"href":"https:\/\/www.africa-press.net\/cotedivoire\/wp-json\/wp\/v2\/tags?post=76751"}],"curies":[{"name":"wp","href":"https:\/\/api.w.org\/{rel}","templated":true}]}}