{"id":76904,"date":"2024-03-25T14:01:25","date_gmt":"2024-03-25T14:01:25","guid":{"rendered":"https:\/\/www.africa-press.net\/cotedivoire\/politique\/adama-bictogo-invite-les-parlements-du-monde-a-exiger-un-cessez-le-feu-immediat-dans-le-conflit-israelo-palestinienne"},"modified":"2024-03-25T15:15:40","modified_gmt":"2024-03-25T15:15:40","slug":"adama-bictogo-invite-les-parlements-du-monde-a-exiger-un-cessez-le-feu-immediat-dans-le-conflit-israelo-palestinienne","status":"publish","type":"post","link":"https:\/\/www.africa-press.net\/cotedivoire\/politique\/adama-bictogo-invite-les-parlements-du-monde-a-exiger-un-cessez-le-feu-immediat-dans-le-conflit-israelo-palestinienne","title":{"rendered":"Adama Bictogo invite les parlements du monde \u00e0 exiger un cessez-le-feu imm\u00e9diat dans le conflit Isra\u00e9lo-palestinienne"},"content":{"rendered":"<p><span style=\"color: #ff6600\"><strong>Africa-Press &#8211; C\u00f4te d&rsquo;Ivoire. <\/strong><\/span>Pre\u0301sent a\u0300 Gene\u0300ve en Suisse ou\u0300 il prend part a\u0300 la 148e\u0300me Assemble\u0301e de l\u2019Union Interparlementaire (UIP), le Pre\u0301sident de l\u2019Assemble\u0301e Nationale Adama BICTOGO a pris la parole, ce dimanche 24 mars 2024 marquant le troisie\u0300me jour de ce grand rassemblement devant un parterre de repre\u0301sentants de parlements venus du monde entier.<\/p>\n<p>Dans son discours, le Pre\u0301sident Adama BICTOGO a souligne\u0301 que la diplomatie parlementaire constitue de\u0301sormais un pilier essentiel pour la pre\u0301vention des conflits et la promotion de la paix. Il a appele\u0301 a\u0300 une coope\u0301ration renforce\u0301e entre les institutions parlementaires pour faire face aux de\u0301fis mondiaux tels que le terrorisme et les ine\u0301galite\u0301s. \u00ab Nous, repre\u0301sentants du peuple, oints de la le\u0301gitimite\u0301 populaire, pouvons significativement contribuer par nos actions a\u0300 pre\u0301venir les guerres et les crises, a\u0300 favoriser un climat de paix a\u0300 travers l\u2019instauration de la culture de la tole\u0301rance politique et religieuse ainsi que la re\u0301duction de la pauvrete\u0301 par la coope\u0301ration e\u0301conomique et le partage d\u2019expe\u0301riences \u00bb, a-t -il de\u0301clare\u0301.<\/p>\n<p>Le Pre\u0301sident Adama BICTOGO a e\u0301galement mis en avant l&rsquo;engagement de la Co\u0302te d&rsquo;Ivoire, en faveur de la diplomatie parlementaire, rappelant notamment l&rsquo;organisation re\u0301cente de plusieurs confe\u0301rences internationales visant a\u0300 renforcer les liens de coope\u0301ration parlementaire a\u0300 Abidjan. \u00ab Au plan multilate\u0301ral, le Parlement ivoirien est membre de plusieurs Organisations Interparlementaires dont l\u2019Union Interparlementaire. Nous avons re\u0301gulie\u0300rement pris part aux travaux de celle-ci pour partager notre expe\u0301rience et encourager le raffermissement des liens de coope\u0301ration parlementaire qui sont des gages d\u2019entente mutuelle \u00bb a-t-il confie\u0301.<\/p>\n<p>Dans un appel a\u0300 l&rsquo;action, il a propose\u0301 la mise en place d&rsquo;un groupe de haut niveau au sein de l&rsquo;Union Interparlementaire, compose\u0301 de Pre\u0301sidents de Parlements, charge\u0301s de mener des actions diplomatiques dans les pays ou\u0300 la paix est menace\u0301e. Il a e\u0301galement plaide\u0301 en faveur d&rsquo;une recommandation de l&rsquo;Union pour un cessez-le-feu imme\u0301diat dans le conflit Israe\u0301lo-palestinien, et a appele\u0301 a\u0300 des mesures courageuses pour de\u0301noncer les violations des valeurs de\u0301mocratiques au sein des E\u0301tats membres: \u00ab Il nous faut notamment mettre en place au sein de notre Union, un groupe de haut niveau compose\u0301 de Pre\u0301sidents de Parlements qui aura pour mission de mener des actions diplomatiques dans les pays ou\u0300 la paix est menace\u0301e. C\u2019est le lieu pour nous d\u2019appeler notre Union a\u0300 prendre une Recommandation en vue d\u2019exiger un cessez le feu imme\u0301diat de la guerre Israe\u0301lo-palestinienne \u00bb, a t il plaide\u0301.<\/p>\n<p>En marge de la 148e Assemble\u0301e de l\u2019UIP, le Pre\u0301sident de l\u2019Assemble\u0301e nationale Adama BICTOGO a eu plusieurs audiences avec des Pre\u0301sidents d\u2019assemble\u0301e nationale notamment du Ghana, de l\u2019Azerbai\u0308djan, la pre\u0301sidente de l\u2019UIP Mme Tulia ACKSON, SEM Jamal Mohamed Fakhro premier vice-pre\u0301sident du Conseil de la Choura du Barhei\u0308n et M. MARTIN Chungong secre\u0301taire ge\u0301ne\u0301ral de l\u2019UIP.<\/p>\n<p><strong>Pour plus d&rsquo;informations et d&rsquo;analyses sur la <a href=\"https:\/\/www.africa-press.net\/cotedivoire\">C\u00f4te d&rsquo;Ivoire<\/a>, suivez <a href=\"https:\/\/www.africa-press.net\/\">Africa-Press<\/a><\/strong><\/p>\n","protected":false},"excerpt":{"rendered":"<p>Africa-Press &#8211; C\u00f4te d&rsquo;Ivoire. Pre\u0301sent a\u0300 Gene\u0300ve en Suisse ou\u0300 il prend part a\u0300 la 148e\u0300me Assemble\u0301e de l\u2019Union Interparlementaire (UIP), le Pre\u0301sident de l\u2019Assemble\u0301e Nationale Adama BICTOGO a pris la parole, ce dimanche 24 mars 2024 marquant le troisie\u0300me jour de ce grand rassemblement devant un parterre de repre\u0301sentants de parlements venus du monde [&hellip;]<\/p>\n","protected":false},"author":82,"featured_media":76903,"comment_status":"open","ping_status":"closed","sticky":false,"template":"","format":"standard","meta":{"footnotes":""},"categories":[2,20,10],"tags":[56,63,1930,944,29,6090,11612,1348],"class_list":["post-76904","post","type-post","status-publish","format-standard","has-post-thumbnail","hentry","category-politique","category-top-nouvelles","category-toutes-les-actualites","tag-africa-press","tag-africa-press-cote-divoire","tag-bictogo","tag-conflit","tag-cote-divoire","tag-israel","tag-palestine","tag-parlementaire"],"yoast_head":"<!-- This site is optimized with the Yoast SEO Premium plugin v26.1 (Yoast SEO v27.0) - https:\/\/yoast.com\/product\/yoast-seo-premium-wordpress\/ -->\n<title>Adama Bictogo invite les parlements du monde \u00e0 exiger un cessez-le-feu imm\u00e9diat dans le conflit Isra\u00e9lo-palestinienne - C\u00f4te d&#039;Ivoire<\/title>\n<meta name=\"description\" content=\"Pre\u0301sent a\u0300 Gene\u0300ve en Suisse ou\u0300 il prend part a\u0300 la 148e\u0300me Assemble\u0301e de l\u2019Union Interparlementaire (UIP), le Pre\u0301sid ...\" \/>\n<meta name=\"robots\" content=\"index, follow, max-snippet:-1, max-image-preview:large, max-video-preview:-1\" \/>\n<link rel=\"canonical\" href=\"https:\/\/www.africa-press.net\/cotedivoire\/politique\/adama-bictogo-invite-les-parlements-du-monde-a-exiger-un-cessez-le-feu-immediat-dans-le-conflit-israelo-palestinienne\" \/>\n<meta property=\"og:locale\" content=\"fr_FR\" \/>\n<meta property=\"og:type\" content=\"article\" \/>\n<meta property=\"og:title\" content=\"Adama Bictogo invite les parlements du monde \u00e0 exiger un cessez-le-feu imm\u00e9diat dans le conflit Isra\u00e9lo-palestinienne\" \/>\n<meta property=\"og:description\" content=\"Pre\u0301sent a\u0300 Gene\u0300ve en Suisse ou\u0300 il prend part a\u0300 la 148e\u0300me Assemble\u0301e de l\u2019Union Interparlementaire (UIP), le Pre\u0301sid ...\" \/>\n<meta property=\"og:url\" content=\"https:\/\/www.africa-press.net\/cotedivoire\/politique\/adama-bictogo-invite-les-parlements-du-monde-a-exiger-un-cessez-le-feu-immediat-dans-le-conflit-israelo-palestinienne\" \/>\n<meta property=\"og:site_name\" content=\"C\u00f4te d&#039;Ivoire\" \/>\n<meta property=\"article:published_time\" content=\"2024-03-25T14:01:25+00:00\" \/>\n<meta property=\"article:modified_time\" content=\"2024-03-25T15:15:40+00:00\" \/>\n<meta property=\"og:image\" content=\"https:\/\/static.africa-press.net\/cote\/sites\/43\/2024\/03\/sm_1711366847.682379.jpg\" \/>\n\t<meta property=\"og:image:width\" content=\"720\" \/>\n\t<meta property=\"og:image:height\" content=\"405\" \/>\n\t<meta property=\"og:image:type\" content=\"image\/jpeg\" \/>\n<meta name=\"author\" content=\"cfeditorfr\" \/>\n<meta name=\"twitter:card\" content=\"summary_large_image\" \/>\n<meta name=\"twitter:label1\" content=\"\u00c9crit par\" \/>\n\t<meta name=\"twitter:data1\" content=\"cfeditorfr\" \/>\n\t<meta name=\"twitter:label2\" content=\"Dur\u00e9e de lecture estim\u00e9e\" \/>\n\t<meta name=\"twitter:data2\" content=\"3 minutes\" \/>\n<script type=\"application\/ld+json\" class=\"yoast-schema-graph\">{\"@context\":\"https:\/\/schema.org\",\"@graph\":[{\"@type\":\"Article\",\"@id\":\"https:\/\/www.africa-press.net\/cotedivoire\/politique\/adama-bictogo-invite-les-parlements-du-monde-a-exiger-un-cessez-le-feu-immediat-dans-le-conflit-israelo-palestinienne#article\",\"isPartOf\":{\"@id\":\"https:\/\/www.africa-press.net\/cotedivoire\/politique\/adama-bictogo-invite-les-parlements-du-monde-a-exiger-un-cessez-le-feu-immediat-dans-le-conflit-israelo-palestinienne\"},\"author\":{\"name\":\"cfeditorfr\",\"@id\":\"https:\/\/www.africa-press.net\/cotedivoire\/#\/schema\/person\/2b1cf3cd81a31e3cd26889ca66d677f1\"},\"headline\":\"Adama Bictogo invite les parlements du monde \u00e0 exiger un cessez-le-feu imm\u00e9diat dans le conflit Isra\u00e9lo-palestinienne\",\"datePublished\":\"2024-03-25T14:01:25+00:00\",\"dateModified\":\"2024-03-25T15:15:40+00:00\",\"mainEntityOfPage\":{\"@id\":\"https:\/\/www.africa-press.net\/cotedivoire\/politique\/adama-bictogo-invite-les-parlements-du-monde-a-exiger-un-cessez-le-feu-immediat-dans-le-conflit-israelo-palestinienne\"},\"wordCount\":568,\"commentCount\":0,\"image\":{\"@id\":\"https:\/\/www.africa-press.net\/cotedivoire\/politique\/adama-bictogo-invite-les-parlements-du-monde-a-exiger-un-cessez-le-feu-immediat-dans-le-conflit-israelo-palestinienne#primaryimage\"},\"thumbnailUrl\":\"https:\/\/static.africa-press.net\/cote\/sites\/43\/2024\/03\/sm_1711366847.682379.jpg\",\"keywords\":[\"Africa Press\",\"Africa Press-C\u00f4te d'Ivoire\",\"Bictogo\",\"conflit\",\"C\u00d4TE D'IVOIRE\",\"Isra\u00ebl\",\"Palestine\",\"parlementaire\"],\"articleSection\":[\"Politique\",\"Top Nouvelles\",\"Toutes les actualit\u00e9s\"],\"inLanguage\":\"fr-FR\",\"potentialAction\":[{\"@type\":\"CommentAction\",\"name\":\"Comment\",\"target\":[\"https:\/\/www.africa-press.net\/cotedivoire\/politique\/adama-bictogo-invite-les-parlements-du-monde-a-exiger-un-cessez-le-feu-immediat-dans-le-conflit-israelo-palestinienne#respond\"]}]},{\"@type\":\"WebPage\",\"@id\":\"https:\/\/www.africa-press.net\/cotedivoire\/politique\/adama-bictogo-invite-les-parlements-du-monde-a-exiger-un-cessez-le-feu-immediat-dans-le-conflit-israelo-palestinienne\",\"url\":\"https:\/\/www.africa-press.net\/cotedivoire\/politique\/adama-bictogo-invite-les-parlements-du-monde-a-exiger-un-cessez-le-feu-immediat-dans-le-conflit-israelo-palestinienne\",\"name\":\"Adama Bictogo invite les parlements du monde \u00e0 exiger un cessez-le-feu imm\u00e9diat dans le conflit Isra\u00e9lo-palestinienne - C\u00f4te d&#039;Ivoire\",\"isPartOf\":{\"@id\":\"https:\/\/www.africa-press.net\/cotedivoire\/#website\"},\"primaryImageOfPage\":{\"@id\":\"https:\/\/www.africa-press.net\/cotedivoire\/politique\/adama-bictogo-invite-les-parlements-du-monde-a-exiger-un-cessez-le-feu-immediat-dans-le-conflit-israelo-palestinienne#primaryimage\"},\"image\":{\"@id\":\"https:\/\/www.africa-press.net\/cotedivoire\/politique\/adama-bictogo-invite-les-parlements-du-monde-a-exiger-un-cessez-le-feu-immediat-dans-le-conflit-israelo-palestinienne#primaryimage\"},\"thumbnailUrl\":\"https:\/\/static.africa-press.net\/cote\/sites\/43\/2024\/03\/sm_1711366847.682379.jpg\",\"datePublished\":\"2024-03-25T14:01:25+00:00\",\"dateModified\":\"2024-03-25T15:15:40+00:00\",\"author\":{\"@id\":\"https:\/\/www.africa-press.net\/cotedivoire\/#\/schema\/person\/2b1cf3cd81a31e3cd26889ca66d677f1\"},\"description\":\"Pre\u0301sent a\u0300 Gene\u0300ve en Suisse ou\u0300 il prend part a\u0300 la 148e\u0300me Assemble\u0301e de l\u2019Union Interparlementaire (UIP), le Pre\u0301sid ...\",\"breadcrumb\":{\"@id\":\"https:\/\/www.africa-press.net\/cotedivoire\/politique\/adama-bictogo-invite-les-parlements-du-monde-a-exiger-un-cessez-le-feu-immediat-dans-le-conflit-israelo-palestinienne#breadcrumb\"},\"inLanguage\":\"fr-FR\",\"potentialAction\":[{\"@type\":\"ReadAction\",\"target\":[\"https:\/\/www.africa-press.net\/cotedivoire\/politique\/adama-bictogo-invite-les-parlements-du-monde-a-exiger-un-cessez-le-feu-immediat-dans-le-conflit-israelo-palestinienne\"]}]},{\"@type\":\"ImageObject\",\"inLanguage\":\"fr-FR\",\"@id\":\"https:\/\/www.africa-press.net\/cotedivoire\/politique\/adama-bictogo-invite-les-parlements-du-monde-a-exiger-un-cessez-le-feu-immediat-dans-le-conflit-israelo-palestinienne#primaryimage\",\"url\":\"https:\/\/static.africa-press.net\/cote\/sites\/43\/2024\/03\/sm_1711366847.682379.jpg\",\"contentUrl\":\"https:\/\/static.africa-press.net\/cote\/sites\/43\/2024\/03\/sm_1711366847.682379.jpg\",\"width\":720,\"height\":405,\"caption\":\"Adama Bictogo invite les parlements du monde \u00e0 exiger un cessez-le-feu imm\u00e9diat dans le conflit Isra\u00e9lo-palestinienne\"},{\"@type\":\"BreadcrumbList\",\"@id\":\"https:\/\/www.africa-press.net\/cotedivoire\/politique\/adama-bictogo-invite-les-parlements-du-monde-a-exiger-un-cessez-le-feu-immediat-dans-le-conflit-israelo-palestinienne#breadcrumb\",\"itemListElement\":[{\"@type\":\"ListItem\",\"position\":1,\"name\":\"Accueil\",\"item\":\"https:\/\/www.africa-press.net\/cotedivoire\/\"},{\"@type\":\"ListItem\",\"position\":2,\"name\":\"Adama Bictogo invite les parlements du monde \u00e0 exiger un cessez-le-feu imm\u00e9diat dans le conflit Isra\u00e9lo-palestinienne\"}]},{\"@type\":\"WebSite\",\"@id\":\"https:\/\/www.africa-press.net\/cotedivoire\/#website\",\"url\":\"https:\/\/www.africa-press.net\/cotedivoire\/\",\"name\":\"C\u00f4te d&#039;Ivoire\",\"description\":\"Just another Africa News Agency Sites site\",\"potentialAction\":[{\"@type\":\"SearchAction\",\"target\":{\"@type\":\"EntryPoint\",\"urlTemplate\":\"https:\/\/www.africa-press.net\/cotedivoire\/?s={search_term_string}\"},\"query-input\":{\"@type\":\"PropertyValueSpecification\",\"valueRequired\":true,\"valueName\":\"search_term_string\"}}],\"inLanguage\":\"fr-FR\"},{\"@type\":\"Person\",\"@id\":\"https:\/\/www.africa-press.net\/cotedivoire\/#\/schema\/person\/2b1cf3cd81a31e3cd26889ca66d677f1\",\"name\":\"cfeditorfr\"}]}<\/script>\n<!-- \/ Yoast SEO Premium plugin. -->","yoast_head_json":{"title":"Adama Bictogo invite les parlements du monde \u00e0 exiger un cessez-le-feu imm\u00e9diat dans le conflit Isra\u00e9lo-palestinienne - C\u00f4te d&#039;Ivoire","description":"Pre\u0301sent a\u0300 Gene\u0300ve en Suisse ou\u0300 il prend part a\u0300 la 148e\u0300me Assemble\u0301e de l\u2019Union Interparlementaire (UIP), le Pre\u0301sid ...","robots":{"index":"index","follow":"follow","max-snippet":"max-snippet:-1","max-image-preview":"max-image-preview:large","max-video-preview":"max-video-preview:-1"},"canonical":"https:\/\/www.africa-press.net\/cotedivoire\/politique\/adama-bictogo-invite-les-parlements-du-monde-a-exiger-un-cessez-le-feu-immediat-dans-le-conflit-israelo-palestinienne","og_locale":"fr_FR","og_type":"article","og_title":"Adama Bictogo invite les parlements du monde \u00e0 exiger un cessez-le-feu imm\u00e9diat dans le conflit Isra\u00e9lo-palestinienne","og_description":"Pre\u0301sent a\u0300 Gene\u0300ve en Suisse ou\u0300 il prend part a\u0300 la 148e\u0300me Assemble\u0301e de l\u2019Union Interparlementaire (UIP), le Pre\u0301sid ...","og_url":"https:\/\/www.africa-press.net\/cotedivoire\/politique\/adama-bictogo-invite-les-parlements-du-monde-a-exiger-un-cessez-le-feu-immediat-dans-le-conflit-israelo-palestinienne","og_site_name":"C\u00f4te d&#039;Ivoire","article_published_time":"2024-03-25T14:01:25+00:00","article_modified_time":"2024-03-25T15:15:40+00:00","og_image":[{"width":720,"height":405,"url":"https:\/\/static.africa-press.net\/cote\/sites\/43\/2024\/03\/sm_1711366847.682379.jpg","type":"image\/jpeg"}],"author":"cfeditorfr","twitter_card":"summary_large_image","twitter_misc":{"\u00c9crit par":"cfeditorfr","Dur\u00e9e de lecture estim\u00e9e":"3 minutes"},"schema":{"@context":"https:\/\/schema.org","@graph":[{"@type":"Article","@id":"https:\/\/www.africa-press.net\/cotedivoire\/politique\/adama-bictogo-invite-les-parlements-du-monde-a-exiger-un-cessez-le-feu-immediat-dans-le-conflit-israelo-palestinienne#article","isPartOf":{"@id":"https:\/\/www.africa-press.net\/cotedivoire\/politique\/adama-bictogo-invite-les-parlements-du-monde-a-exiger-un-cessez-le-feu-immediat-dans-le-conflit-israelo-palestinienne"},"author":{"name":"cfeditorfr","@id":"https:\/\/www.africa-press.net\/cotedivoire\/#\/schema\/person\/2b1cf3cd81a31e3cd26889ca66d677f1"},"headline":"Adama Bictogo invite les parlements du monde \u00e0 exiger un cessez-le-feu imm\u00e9diat dans le conflit Isra\u00e9lo-palestinienne","datePublished":"2024-03-25T14:01:25+00:00","dateModified":"2024-03-25T15:15:40+00:00","mainEntityOfPage":{"@id":"https:\/\/www.africa-press.net\/cotedivoire\/politique\/adama-bictogo-invite-les-parlements-du-monde-a-exiger-un-cessez-le-feu-immediat-dans-le-conflit-israelo-palestinienne"},"wordCount":568,"commentCount":0,"image":{"@id":"https:\/\/www.africa-press.net\/cotedivoire\/politique\/adama-bictogo-invite-les-parlements-du-monde-a-exiger-un-cessez-le-feu-immediat-dans-le-conflit-israelo-palestinienne#primaryimage"},"thumbnailUrl":"https:\/\/static.africa-press.net\/cote\/sites\/43\/2024\/03\/sm_1711366847.682379.jpg","keywords":["Africa Press","Africa Press-C\u00f4te d'Ivoire","Bictogo","conflit","C\u00d4TE D'IVOIRE","Isra\u00ebl","Palestine","parlementaire"],"articleSection":["Politique","Top Nouvelles","Toutes les actualit\u00e9s"],"inLanguage":"fr-FR","potentialAction":[{"@type":"CommentAction","name":"Comment","target":["https:\/\/www.africa-press.net\/cotedivoire\/politique\/adama-bictogo-invite-les-parlements-du-monde-a-exiger-un-cessez-le-feu-immediat-dans-le-conflit-israelo-palestinienne#respond"]}]},{"@type":"WebPage","@id":"https:\/\/www.africa-press.net\/cotedivoire\/politique\/adama-bictogo-invite-les-parlements-du-monde-a-exiger-un-cessez-le-feu-immediat-dans-le-conflit-israelo-palestinienne","url":"https:\/\/www.africa-press.net\/cotedivoire\/politique\/adama-bictogo-invite-les-parlements-du-monde-a-exiger-un-cessez-le-feu-immediat-dans-le-conflit-israelo-palestinienne","name":"Adama Bictogo invite les parlements du monde \u00e0 exiger un cessez-le-feu imm\u00e9diat dans le conflit Isra\u00e9lo-palestinienne - C\u00f4te d&#039;Ivoire","isPartOf":{"@id":"https:\/\/www.africa-press.net\/cotedivoire\/#website"},"primaryImageOfPage":{"@id":"https:\/\/www.africa-press.net\/cotedivoire\/politique\/adama-bictogo-invite-les-parlements-du-monde-a-exiger-un-cessez-le-feu-immediat-dans-le-conflit-israelo-palestinienne#primaryimage"},"image":{"@id":"https:\/\/www.africa-press.net\/cotedivoire\/politique\/adama-bictogo-invite-les-parlements-du-monde-a-exiger-un-cessez-le-feu-immediat-dans-le-conflit-israelo-palestinienne#primaryimage"},"thumbnailUrl":"https:\/\/static.africa-press.net\/cote\/sites\/43\/2024\/03\/sm_1711366847.682379.jpg","datePublished":"2024-03-25T14:01:25+00:00","dateModified":"2024-03-25T15:15:40+00:00","author":{"@id":"https:\/\/www.africa-press.net\/cotedivoire\/#\/schema\/person\/2b1cf3cd81a31e3cd26889ca66d677f1"},"description":"Pre\u0301sent a\u0300 Gene\u0300ve en Suisse ou\u0300 il prend part a\u0300 la 148e\u0300me Assemble\u0301e de l\u2019Union Interparlementaire (UIP), le Pre\u0301sid ...","breadcrumb":{"@id":"https:\/\/www.africa-press.net\/cotedivoire\/politique\/adama-bictogo-invite-les-parlements-du-monde-a-exiger-un-cessez-le-feu-immediat-dans-le-conflit-israelo-palestinienne#breadcrumb"},"inLanguage":"fr-FR","potentialAction":[{"@type":"ReadAction","target":["https:\/\/www.africa-press.net\/cotedivoire\/politique\/adama-bictogo-invite-les-parlements-du-monde-a-exiger-un-cessez-le-feu-immediat-dans-le-conflit-israelo-palestinienne"]}]},{"@type":"ImageObject","inLanguage":"fr-FR","@id":"https:\/\/www.africa-press.net\/cotedivoire\/politique\/adama-bictogo-invite-les-parlements-du-monde-a-exiger-un-cessez-le-feu-immediat-dans-le-conflit-israelo-palestinienne#primaryimage","url":"https:\/\/static.africa-press.net\/cote\/sites\/43\/2024\/03\/sm_1711366847.682379.jpg","contentUrl":"https:\/\/static.africa-press.net\/cote\/sites\/43\/2024\/03\/sm_1711366847.682379.jpg","width":720,"height":405,"caption":"Adama Bictogo invite les parlements du monde \u00e0 exiger un cessez-le-feu imm\u00e9diat dans le conflit Isra\u00e9lo-palestinienne"},{"@type":"BreadcrumbList","@id":"https:\/\/www.africa-press.net\/cotedivoire\/politique\/adama-bictogo-invite-les-parlements-du-monde-a-exiger-un-cessez-le-feu-immediat-dans-le-conflit-israelo-palestinienne#breadcrumb","itemListElement":[{"@type":"ListItem","position":1,"name":"Accueil","item":"https:\/\/www.africa-press.net\/cotedivoire\/"},{"@type":"ListItem","position":2,"name":"Adama Bictogo invite les parlements du monde \u00e0 exiger un cessez-le-feu imm\u00e9diat dans le conflit Isra\u00e9lo-palestinienne"}]},{"@type":"WebSite","@id":"https:\/\/www.africa-press.net\/cotedivoire\/#website","url":"https:\/\/www.africa-press.net\/cotedivoire\/","name":"C\u00f4te d&#039;Ivoire","description":"Just another Africa News Agency Sites site","potentialAction":[{"@type":"SearchAction","target":{"@type":"EntryPoint","urlTemplate":"https:\/\/www.africa-press.net\/cotedivoire\/?s={search_term_string}"},"query-input":{"@type":"PropertyValueSpecification","valueRequired":true,"valueName":"search_term_string"}}],"inLanguage":"fr-FR"},{"@type":"Person","@id":"https:\/\/www.africa-press.net\/cotedivoire\/#\/schema\/person\/2b1cf3cd81a31e3cd26889ca66d677f1","name":"cfeditorfr"}]}},"_links":{"self":[{"href":"https:\/\/www.africa-press.net\/cotedivoire\/wp-json\/wp\/v2\/posts\/76904","targetHints":{"allow":["GET"]}}],"collection":[{"href":"https:\/\/www.africa-press.net\/cotedivoire\/wp-json\/wp\/v2\/posts"}],"about":[{"href":"https:\/\/www.africa-press.net\/cotedivoire\/wp-json\/wp\/v2\/types\/post"}],"author":[{"embeddable":true,"href":"https:\/\/www.africa-press.net\/cotedivoire\/wp-json\/wp\/v2\/users\/82"}],"replies":[{"embeddable":true,"href":"https:\/\/www.africa-press.net\/cotedivoire\/wp-json\/wp\/v2\/comments?post=76904"}],"version-history":[{"count":0,"href":"https:\/\/www.africa-press.net\/cotedivoire\/wp-json\/wp\/v2\/posts\/76904\/revisions"}],"wp:featuredmedia":[{"embeddable":true,"href":"https:\/\/www.africa-press.net\/cotedivoire\/wp-json\/wp\/v2\/media\/76903"}],"wp:attachment":[{"href":"https:\/\/www.africa-press.net\/cotedivoire\/wp-json\/wp\/v2\/media?parent=76904"}],"wp:term":[{"taxonomy":"category","embeddable":true,"href":"https:\/\/www.africa-press.net\/cotedivoire\/wp-json\/wp\/v2\/categories?post=76904"},{"taxonomy":"post_tag","embeddable":true,"href":"https:\/\/www.africa-press.net\/cotedivoire\/wp-json\/wp\/v2\/tags?post=76904"}],"curies":[{"name":"wp","href":"https:\/\/api.w.org\/{rel}","templated":true}]}}