{"id":76922,"date":"2024-03-25T14:04:13","date_gmt":"2024-03-25T14:04:13","guid":{"rendered":"https:\/\/www.africa-press.net\/cotedivoire\/politique\/depuis-bondoukou-danon-djedje-gbagbo-est-candidat-en-2025-pour-redonner-le-bonheur-aux-ivoiriens"},"modified":"2024-03-25T15:19:38","modified_gmt":"2024-03-25T15:19:38","slug":"depuis-bondoukou-danon-djedje-gbagbo-est-candidat-en-2025-pour-redonner-le-bonheur-aux-ivoiriens","status":"publish","type":"post","link":"https:\/\/www.africa-press.net\/cotedivoire\/politique\/depuis-bondoukou-danon-djedje-gbagbo-est-candidat-en-2025-pour-redonner-le-bonheur-aux-ivoiriens","title":{"rendered":"Depuis Bondoukou, Danon Dj\u00e9dj\u00e9 \u00ab Gbagbo est candidat en 2025 pour redonner le bonheur aux Ivoiriens \u00bb"},"content":{"rendered":"<p><span style=\"color: #ff6600\"><strong>Africa-Press &#8211; C\u00f4te d&rsquo;Ivoire. <\/strong><\/span>Dans le cadre des pre\u0301paratifs de la fe\u0302te de la renaissance de\u0301but avril a\u0300 Agboville, le parti des peuples Africains-Co\u0302te d&rsquo;Ivoire (PPA-CI) est en tourne\u0301e de mobilisation.<\/p>\n<p>Le samedi 23 mars 2024, des cadres du Parti pour la Paix en Afrique &#8211; Co\u0302te d&rsquo;Ivoire e\u0301taient a\u0300 Bondoukou pour un meeting.<\/p>\n<p>Une de\u0301le\u0301gation de la formation politique de Gbagbo conduite par le Secre\u0301taire Ge\u0301ne\u0301ral du Parti, Tche\u0301ide\u0301 Jean-Gervais, et du Pre\u0301sident Exe\u0301cutif, Se\u0301bastien Dano Dje\u0301dje\u0301, a anime\u0301 un meeting a\u0300 Bondoukou.<\/p>\n<p>Tche\u0301ide\u0301 Jean-Gervais, dans son discours, a retrace\u0301 le parcours du parti, mettant en lumie\u0300re son engagement envers les valeurs de paix, de re\u0301conciliation et de progre\u0300s pour la Co\u0302te d&rsquo;Ivoire. Il a e\u0301galement exhorte\u0301 les habitants de Bondoukou a\u0300 se mobiliser massivement pour la Fe\u0302te de la Renaissance, symbole de renouveau et d&rsquo;espoir pour tout un peuple.<\/p>\n<p>Quant a\u0300 Se\u0301bastien Dano Dje\u0301dje\u0301, il a e\u0301te\u0301 le porte-parole de Laurent Gbagbo, transmettant son message de reconnaissance et d&rsquo;engagement envers les citoyens de Bondoukou. Il a officiellement annonce\u0301 la candidature de Gbagbo a\u0300 l&rsquo;e\u0301lection pre\u0301sidentielle de 2025, suscitant ainsi un e\u0301lan d&rsquo;enthousiasme et de soutien parmi les participants.<\/p>\n<p>Dans son allocution, Se\u0301bastien Dano Dje\u0301dje\u0301 a rappele\u0301 les e\u0301preuves traverse\u0301es par Gbagbo, depuis son arrestation en 2011 jusqu&rsquo;a\u0300 son acquittement et son retour triomphal en Co\u0302te d&rsquo;Ivoire en 2021. Il a souligne\u0301 l&rsquo;engagement continu du natif de Mama en faveur de la re\u0301conciliation nationale et du bien-e\u0302tre de tous les Ivoiriens.<\/p>\n<p>Le Pre\u0301sident Exe\u0301cutif du PPA-CI a e\u0301galement mis en avant les de\u0301fis actuels auxquels fait face la Co\u0302te d&rsquo;Ivoire, notamment la pauvrete\u0301, la de\u0301sunion et les injustices sociales. Il a pre\u0301sente\u0301 la vision de Gbagbo pour un avenir meilleur, caracte\u0301rise\u0301 par la prospe\u0301rite\u0301, la solidarite\u0301 et le respect des droits de chaque citoyen.<\/p>\n<p>Par ailleurs, Se\u0301bastien Dano Dje\u0301dje\u0301 a souligne\u0301 l&rsquo;importance de l&rsquo;unite\u0301 nationale et de la justice pour e\u0301viter les divisions et les conflits qui ont marque\u0301 l&rsquo;histoire re\u0301cente du pays. Il a appele\u0301 a\u0300 une gouvernance responsable, respectueuse des aspirations du peuple ivoirien et guide\u0301e par les principes de de\u0301mocratie et de transparence.<\/p>\n<p>Enfin, le meeting du PPA-CI a\u0300 Bondoukou a e\u0301te\u0301 un moment fort de mobilisation politique et de partage.<\/p>\n<p><strong>Pour plus d&rsquo;informations et d&rsquo;analyses sur la <a href=\"https:\/\/www.africa-press.net\/cotedivoire\">C\u00f4te d&rsquo;Ivoire<\/a>, suivez <a href=\"https:\/\/www.africa-press.net\/\">Africa-Press<\/a><\/strong><\/p>\n","protected":false},"excerpt":{"rendered":"<p>Africa-Press &#8211; C\u00f4te d&rsquo;Ivoire. Dans le cadre des pre\u0301paratifs de la fe\u0302te de la renaissance de\u0301but avril a\u0300 Agboville, le parti des peuples Africains-Co\u0302te d&rsquo;Ivoire (PPA-CI) est en tourne\u0301e de mobilisation. Le samedi 23 mars 2024, des cadres du Parti pour la Paix en Afrique &#8211; Co\u0302te d&rsquo;Ivoire e\u0301taient a\u0300 Bondoukou pour un meeting. Une [&hellip;]<\/p>\n","protected":false},"author":82,"featured_media":76920,"comment_status":"open","ping_status":"closed","sticky":false,"template":"","format":"standard","meta":{"footnotes":""},"categories":[2,10],"tags":[56,63,839,5252,29,2098,320,4804,1952],"class_list":["post-76922","post","type-post","status-publish","format-standard","has-post-thumbnail","hentry","category-politique","category-toutes-les-actualites","tag-africa-press","tag-africa-press-cote-divoire","tag-bondoukou","tag-candidat","tag-cote-divoire","tag-danon-djedje","tag-gbagbo","tag-meeting","tag-ppa-ci"],"yoast_head":"<!-- This site is optimized with the Yoast SEO Premium plugin v26.1 (Yoast SEO v27.0) - https:\/\/yoast.com\/product\/yoast-seo-premium-wordpress\/ -->\n<title>Depuis Bondoukou, Danon Dj\u00e9dj\u00e9 \u00ab Gbagbo est candidat en 2025 pour redonner le bonheur aux Ivoiriens \u00bb - C\u00f4te d&#039;Ivoire<\/title>\n<meta name=\"description\" content=\"Dans le cadre des pre\u0301paratifs de la fe\u0302te de la renaissance de\u0301but avril a\u0300 Agboville, le parti des peuples Africains-C ...\" \/>\n<meta name=\"robots\" content=\"index, follow, max-snippet:-1, max-image-preview:large, max-video-preview:-1\" \/>\n<link rel=\"canonical\" href=\"https:\/\/www.africa-press.net\/cotedivoire\/politique\/depuis-bondoukou-danon-djedje-gbagbo-est-candidat-en-2025-pour-redonner-le-bonheur-aux-ivoiriens\" \/>\n<meta property=\"og:locale\" content=\"fr_FR\" \/>\n<meta property=\"og:type\" content=\"article\" \/>\n<meta property=\"og:title\" content=\"Depuis Bondoukou, Danon Dj\u00e9dj\u00e9 \u00ab Gbagbo est candidat en 2025 pour redonner le bonheur aux Ivoiriens \u00bb\" \/>\n<meta property=\"og:description\" content=\"Dans le cadre des pre\u0301paratifs de la fe\u0302te de la renaissance de\u0301but avril a\u0300 Agboville, le parti des peuples Africains-C ...\" \/>\n<meta property=\"og:url\" content=\"https:\/\/www.africa-press.net\/cotedivoire\/politique\/depuis-bondoukou-danon-djedje-gbagbo-est-candidat-en-2025-pour-redonner-le-bonheur-aux-ivoiriens\" \/>\n<meta property=\"og:site_name\" content=\"C\u00f4te d&#039;Ivoire\" \/>\n<meta property=\"article:published_time\" content=\"2024-03-25T14:04:13+00:00\" \/>\n<meta property=\"article:modified_time\" content=\"2024-03-25T15:19:38+00:00\" \/>\n<meta property=\"og:image\" content=\"https:\/\/static.africa-press.net\/cote\/sites\/43\/2024\/03\/sm_1711367181.528686.jpg\" \/>\n\t<meta property=\"og:image:width\" content=\"720\" \/>\n\t<meta property=\"og:image:height\" content=\"480\" \/>\n\t<meta property=\"og:image:type\" content=\"image\/jpeg\" \/>\n<meta name=\"author\" content=\"cfeditorfr\" \/>\n<meta name=\"twitter:card\" content=\"summary_large_image\" \/>\n<meta name=\"twitter:label1\" content=\"\u00c9crit par\" \/>\n\t<meta name=\"twitter:data1\" content=\"cfeditorfr\" \/>\n\t<meta name=\"twitter:label2\" content=\"Dur\u00e9e de lecture estim\u00e9e\" \/>\n\t<meta name=\"twitter:data2\" content=\"2 minutes\" \/>\n<script type=\"application\/ld+json\" class=\"yoast-schema-graph\">{\"@context\":\"https:\/\/schema.org\",\"@graph\":[{\"@type\":\"Article\",\"@id\":\"https:\/\/www.africa-press.net\/cotedivoire\/politique\/depuis-bondoukou-danon-djedje-gbagbo-est-candidat-en-2025-pour-redonner-le-bonheur-aux-ivoiriens#article\",\"isPartOf\":{\"@id\":\"https:\/\/www.africa-press.net\/cotedivoire\/politique\/depuis-bondoukou-danon-djedje-gbagbo-est-candidat-en-2025-pour-redonner-le-bonheur-aux-ivoiriens\"},\"author\":{\"name\":\"cfeditorfr\",\"@id\":\"https:\/\/www.africa-press.net\/cotedivoire\/#\/schema\/person\/2b1cf3cd81a31e3cd26889ca66d677f1\"},\"headline\":\"Depuis Bondoukou, Danon Dj\u00e9dj\u00e9 \u00ab Gbagbo est candidat en 2025 pour redonner le bonheur aux Ivoiriens \u00bb\",\"datePublished\":\"2024-03-25T14:04:13+00:00\",\"dateModified\":\"2024-03-25T15:19:38+00:00\",\"mainEntityOfPage\":{\"@id\":\"https:\/\/www.africa-press.net\/cotedivoire\/politique\/depuis-bondoukou-danon-djedje-gbagbo-est-candidat-en-2025-pour-redonner-le-bonheur-aux-ivoiriens\"},\"wordCount\":459,\"commentCount\":0,\"image\":{\"@id\":\"https:\/\/www.africa-press.net\/cotedivoire\/politique\/depuis-bondoukou-danon-djedje-gbagbo-est-candidat-en-2025-pour-redonner-le-bonheur-aux-ivoiriens#primaryimage\"},\"thumbnailUrl\":\"https:\/\/static.africa-press.net\/cote\/sites\/43\/2024\/03\/sm_1711367181.528686.jpg\",\"keywords\":[\"Africa Press\",\"Africa Press-C\u00f4te d'Ivoire\",\"Bondoukou\",\"candidat\",\"C\u00d4TE D'IVOIRE\",\"Danon Dj\u00e9dj\u00e9\",\"Gbagbo\",\"meeting\",\"PPA-CI\"],\"articleSection\":[\"Politique\",\"Toutes les actualit\u00e9s\"],\"inLanguage\":\"fr-FR\",\"potentialAction\":[{\"@type\":\"CommentAction\",\"name\":\"Comment\",\"target\":[\"https:\/\/www.africa-press.net\/cotedivoire\/politique\/depuis-bondoukou-danon-djedje-gbagbo-est-candidat-en-2025-pour-redonner-le-bonheur-aux-ivoiriens#respond\"]}]},{\"@type\":\"WebPage\",\"@id\":\"https:\/\/www.africa-press.net\/cotedivoire\/politique\/depuis-bondoukou-danon-djedje-gbagbo-est-candidat-en-2025-pour-redonner-le-bonheur-aux-ivoiriens\",\"url\":\"https:\/\/www.africa-press.net\/cotedivoire\/politique\/depuis-bondoukou-danon-djedje-gbagbo-est-candidat-en-2025-pour-redonner-le-bonheur-aux-ivoiriens\",\"name\":\"Depuis Bondoukou, Danon Dj\u00e9dj\u00e9 \u00ab Gbagbo est candidat en 2025 pour redonner le bonheur aux Ivoiriens \u00bb - C\u00f4te d&#039;Ivoire\",\"isPartOf\":{\"@id\":\"https:\/\/www.africa-press.net\/cotedivoire\/#website\"},\"primaryImageOfPage\":{\"@id\":\"https:\/\/www.africa-press.net\/cotedivoire\/politique\/depuis-bondoukou-danon-djedje-gbagbo-est-candidat-en-2025-pour-redonner-le-bonheur-aux-ivoiriens#primaryimage\"},\"image\":{\"@id\":\"https:\/\/www.africa-press.net\/cotedivoire\/politique\/depuis-bondoukou-danon-djedje-gbagbo-est-candidat-en-2025-pour-redonner-le-bonheur-aux-ivoiriens#primaryimage\"},\"thumbnailUrl\":\"https:\/\/static.africa-press.net\/cote\/sites\/43\/2024\/03\/sm_1711367181.528686.jpg\",\"datePublished\":\"2024-03-25T14:04:13+00:00\",\"dateModified\":\"2024-03-25T15:19:38+00:00\",\"author\":{\"@id\":\"https:\/\/www.africa-press.net\/cotedivoire\/#\/schema\/person\/2b1cf3cd81a31e3cd26889ca66d677f1\"},\"description\":\"Dans le cadre des pre\u0301paratifs de la fe\u0302te de la renaissance de\u0301but avril a\u0300 Agboville, le parti des peuples Africains-C ...\",\"breadcrumb\":{\"@id\":\"https:\/\/www.africa-press.net\/cotedivoire\/politique\/depuis-bondoukou-danon-djedje-gbagbo-est-candidat-en-2025-pour-redonner-le-bonheur-aux-ivoiriens#breadcrumb\"},\"inLanguage\":\"fr-FR\",\"potentialAction\":[{\"@type\":\"ReadAction\",\"target\":[\"https:\/\/www.africa-press.net\/cotedivoire\/politique\/depuis-bondoukou-danon-djedje-gbagbo-est-candidat-en-2025-pour-redonner-le-bonheur-aux-ivoiriens\"]}]},{\"@type\":\"ImageObject\",\"inLanguage\":\"fr-FR\",\"@id\":\"https:\/\/www.africa-press.net\/cotedivoire\/politique\/depuis-bondoukou-danon-djedje-gbagbo-est-candidat-en-2025-pour-redonner-le-bonheur-aux-ivoiriens#primaryimage\",\"url\":\"https:\/\/static.africa-press.net\/cote\/sites\/43\/2024\/03\/sm_1711367181.528686.jpg\",\"contentUrl\":\"https:\/\/static.africa-press.net\/cote\/sites\/43\/2024\/03\/sm_1711367181.528686.jpg\",\"width\":720,\"height\":480,\"caption\":\"Depuis Bondoukou, Danon Dj\u00e9dj\u00e9 \u00ab Gbagbo est candidat en 2025 pour redonner le bonheur aux Ivoiriens \u00bb\"},{\"@type\":\"BreadcrumbList\",\"@id\":\"https:\/\/www.africa-press.net\/cotedivoire\/politique\/depuis-bondoukou-danon-djedje-gbagbo-est-candidat-en-2025-pour-redonner-le-bonheur-aux-ivoiriens#breadcrumb\",\"itemListElement\":[{\"@type\":\"ListItem\",\"position\":1,\"name\":\"Accueil\",\"item\":\"https:\/\/www.africa-press.net\/cotedivoire\/\"},{\"@type\":\"ListItem\",\"position\":2,\"name\":\"Depuis Bondoukou, Danon Dj\u00e9dj\u00e9 \u00ab Gbagbo est candidat en 2025 pour redonner le bonheur aux Ivoiriens \u00bb\"}]},{\"@type\":\"WebSite\",\"@id\":\"https:\/\/www.africa-press.net\/cotedivoire\/#website\",\"url\":\"https:\/\/www.africa-press.net\/cotedivoire\/\",\"name\":\"C\u00f4te d&#039;Ivoire\",\"description\":\"Just another Africa News Agency Sites site\",\"potentialAction\":[{\"@type\":\"SearchAction\",\"target\":{\"@type\":\"EntryPoint\",\"urlTemplate\":\"https:\/\/www.africa-press.net\/cotedivoire\/?s={search_term_string}\"},\"query-input\":{\"@type\":\"PropertyValueSpecification\",\"valueRequired\":true,\"valueName\":\"search_term_string\"}}],\"inLanguage\":\"fr-FR\"},{\"@type\":\"Person\",\"@id\":\"https:\/\/www.africa-press.net\/cotedivoire\/#\/schema\/person\/2b1cf3cd81a31e3cd26889ca66d677f1\",\"name\":\"cfeditorfr\"}]}<\/script>\n<!-- \/ Yoast SEO Premium plugin. -->","yoast_head_json":{"title":"Depuis Bondoukou, Danon Dj\u00e9dj\u00e9 \u00ab Gbagbo est candidat en 2025 pour redonner le bonheur aux Ivoiriens \u00bb - C\u00f4te d&#039;Ivoire","description":"Dans le cadre des pre\u0301paratifs de la fe\u0302te de la renaissance de\u0301but avril a\u0300 Agboville, le parti des peuples Africains-C ...","robots":{"index":"index","follow":"follow","max-snippet":"max-snippet:-1","max-image-preview":"max-image-preview:large","max-video-preview":"max-video-preview:-1"},"canonical":"https:\/\/www.africa-press.net\/cotedivoire\/politique\/depuis-bondoukou-danon-djedje-gbagbo-est-candidat-en-2025-pour-redonner-le-bonheur-aux-ivoiriens","og_locale":"fr_FR","og_type":"article","og_title":"Depuis Bondoukou, Danon Dj\u00e9dj\u00e9 \u00ab Gbagbo est candidat en 2025 pour redonner le bonheur aux Ivoiriens \u00bb","og_description":"Dans le cadre des pre\u0301paratifs de la fe\u0302te de la renaissance de\u0301but avril a\u0300 Agboville, le parti des peuples Africains-C ...","og_url":"https:\/\/www.africa-press.net\/cotedivoire\/politique\/depuis-bondoukou-danon-djedje-gbagbo-est-candidat-en-2025-pour-redonner-le-bonheur-aux-ivoiriens","og_site_name":"C\u00f4te d&#039;Ivoire","article_published_time":"2024-03-25T14:04:13+00:00","article_modified_time":"2024-03-25T15:19:38+00:00","og_image":[{"width":720,"height":480,"url":"https:\/\/static.africa-press.net\/cote\/sites\/43\/2024\/03\/sm_1711367181.528686.jpg","type":"image\/jpeg"}],"author":"cfeditorfr","twitter_card":"summary_large_image","twitter_misc":{"\u00c9crit par":"cfeditorfr","Dur\u00e9e de lecture estim\u00e9e":"2 minutes"},"schema":{"@context":"https:\/\/schema.org","@graph":[{"@type":"Article","@id":"https:\/\/www.africa-press.net\/cotedivoire\/politique\/depuis-bondoukou-danon-djedje-gbagbo-est-candidat-en-2025-pour-redonner-le-bonheur-aux-ivoiriens#article","isPartOf":{"@id":"https:\/\/www.africa-press.net\/cotedivoire\/politique\/depuis-bondoukou-danon-djedje-gbagbo-est-candidat-en-2025-pour-redonner-le-bonheur-aux-ivoiriens"},"author":{"name":"cfeditorfr","@id":"https:\/\/www.africa-press.net\/cotedivoire\/#\/schema\/person\/2b1cf3cd81a31e3cd26889ca66d677f1"},"headline":"Depuis Bondoukou, Danon Dj\u00e9dj\u00e9 \u00ab Gbagbo est candidat en 2025 pour redonner le bonheur aux Ivoiriens \u00bb","datePublished":"2024-03-25T14:04:13+00:00","dateModified":"2024-03-25T15:19:38+00:00","mainEntityOfPage":{"@id":"https:\/\/www.africa-press.net\/cotedivoire\/politique\/depuis-bondoukou-danon-djedje-gbagbo-est-candidat-en-2025-pour-redonner-le-bonheur-aux-ivoiriens"},"wordCount":459,"commentCount":0,"image":{"@id":"https:\/\/www.africa-press.net\/cotedivoire\/politique\/depuis-bondoukou-danon-djedje-gbagbo-est-candidat-en-2025-pour-redonner-le-bonheur-aux-ivoiriens#primaryimage"},"thumbnailUrl":"https:\/\/static.africa-press.net\/cote\/sites\/43\/2024\/03\/sm_1711367181.528686.jpg","keywords":["Africa Press","Africa Press-C\u00f4te d'Ivoire","Bondoukou","candidat","C\u00d4TE D'IVOIRE","Danon Dj\u00e9dj\u00e9","Gbagbo","meeting","PPA-CI"],"articleSection":["Politique","Toutes les actualit\u00e9s"],"inLanguage":"fr-FR","potentialAction":[{"@type":"CommentAction","name":"Comment","target":["https:\/\/www.africa-press.net\/cotedivoire\/politique\/depuis-bondoukou-danon-djedje-gbagbo-est-candidat-en-2025-pour-redonner-le-bonheur-aux-ivoiriens#respond"]}]},{"@type":"WebPage","@id":"https:\/\/www.africa-press.net\/cotedivoire\/politique\/depuis-bondoukou-danon-djedje-gbagbo-est-candidat-en-2025-pour-redonner-le-bonheur-aux-ivoiriens","url":"https:\/\/www.africa-press.net\/cotedivoire\/politique\/depuis-bondoukou-danon-djedje-gbagbo-est-candidat-en-2025-pour-redonner-le-bonheur-aux-ivoiriens","name":"Depuis Bondoukou, Danon Dj\u00e9dj\u00e9 \u00ab Gbagbo est candidat en 2025 pour redonner le bonheur aux Ivoiriens \u00bb - C\u00f4te d&#039;Ivoire","isPartOf":{"@id":"https:\/\/www.africa-press.net\/cotedivoire\/#website"},"primaryImageOfPage":{"@id":"https:\/\/www.africa-press.net\/cotedivoire\/politique\/depuis-bondoukou-danon-djedje-gbagbo-est-candidat-en-2025-pour-redonner-le-bonheur-aux-ivoiriens#primaryimage"},"image":{"@id":"https:\/\/www.africa-press.net\/cotedivoire\/politique\/depuis-bondoukou-danon-djedje-gbagbo-est-candidat-en-2025-pour-redonner-le-bonheur-aux-ivoiriens#primaryimage"},"thumbnailUrl":"https:\/\/static.africa-press.net\/cote\/sites\/43\/2024\/03\/sm_1711367181.528686.jpg","datePublished":"2024-03-25T14:04:13+00:00","dateModified":"2024-03-25T15:19:38+00:00","author":{"@id":"https:\/\/www.africa-press.net\/cotedivoire\/#\/schema\/person\/2b1cf3cd81a31e3cd26889ca66d677f1"},"description":"Dans le cadre des pre\u0301paratifs de la fe\u0302te de la renaissance de\u0301but avril a\u0300 Agboville, le parti des peuples Africains-C ...","breadcrumb":{"@id":"https:\/\/www.africa-press.net\/cotedivoire\/politique\/depuis-bondoukou-danon-djedje-gbagbo-est-candidat-en-2025-pour-redonner-le-bonheur-aux-ivoiriens#breadcrumb"},"inLanguage":"fr-FR","potentialAction":[{"@type":"ReadAction","target":["https:\/\/www.africa-press.net\/cotedivoire\/politique\/depuis-bondoukou-danon-djedje-gbagbo-est-candidat-en-2025-pour-redonner-le-bonheur-aux-ivoiriens"]}]},{"@type":"ImageObject","inLanguage":"fr-FR","@id":"https:\/\/www.africa-press.net\/cotedivoire\/politique\/depuis-bondoukou-danon-djedje-gbagbo-est-candidat-en-2025-pour-redonner-le-bonheur-aux-ivoiriens#primaryimage","url":"https:\/\/static.africa-press.net\/cote\/sites\/43\/2024\/03\/sm_1711367181.528686.jpg","contentUrl":"https:\/\/static.africa-press.net\/cote\/sites\/43\/2024\/03\/sm_1711367181.528686.jpg","width":720,"height":480,"caption":"Depuis Bondoukou, Danon Dj\u00e9dj\u00e9 \u00ab Gbagbo est candidat en 2025 pour redonner le bonheur aux Ivoiriens \u00bb"},{"@type":"BreadcrumbList","@id":"https:\/\/www.africa-press.net\/cotedivoire\/politique\/depuis-bondoukou-danon-djedje-gbagbo-est-candidat-en-2025-pour-redonner-le-bonheur-aux-ivoiriens#breadcrumb","itemListElement":[{"@type":"ListItem","position":1,"name":"Accueil","item":"https:\/\/www.africa-press.net\/cotedivoire\/"},{"@type":"ListItem","position":2,"name":"Depuis Bondoukou, Danon Dj\u00e9dj\u00e9 \u00ab Gbagbo est candidat en 2025 pour redonner le bonheur aux Ivoiriens \u00bb"}]},{"@type":"WebSite","@id":"https:\/\/www.africa-press.net\/cotedivoire\/#website","url":"https:\/\/www.africa-press.net\/cotedivoire\/","name":"C\u00f4te d&#039;Ivoire","description":"Just another Africa News Agency Sites site","potentialAction":[{"@type":"SearchAction","target":{"@type":"EntryPoint","urlTemplate":"https:\/\/www.africa-press.net\/cotedivoire\/?s={search_term_string}"},"query-input":{"@type":"PropertyValueSpecification","valueRequired":true,"valueName":"search_term_string"}}],"inLanguage":"fr-FR"},{"@type":"Person","@id":"https:\/\/www.africa-press.net\/cotedivoire\/#\/schema\/person\/2b1cf3cd81a31e3cd26889ca66d677f1","name":"cfeditorfr"}]}},"_links":{"self":[{"href":"https:\/\/www.africa-press.net\/cotedivoire\/wp-json\/wp\/v2\/posts\/76922","targetHints":{"allow":["GET"]}}],"collection":[{"href":"https:\/\/www.africa-press.net\/cotedivoire\/wp-json\/wp\/v2\/posts"}],"about":[{"href":"https:\/\/www.africa-press.net\/cotedivoire\/wp-json\/wp\/v2\/types\/post"}],"author":[{"embeddable":true,"href":"https:\/\/www.africa-press.net\/cotedivoire\/wp-json\/wp\/v2\/users\/82"}],"replies":[{"embeddable":true,"href":"https:\/\/www.africa-press.net\/cotedivoire\/wp-json\/wp\/v2\/comments?post=76922"}],"version-history":[{"count":0,"href":"https:\/\/www.africa-press.net\/cotedivoire\/wp-json\/wp\/v2\/posts\/76922\/revisions"}],"wp:featuredmedia":[{"embeddable":true,"href":"https:\/\/www.africa-press.net\/cotedivoire\/wp-json\/wp\/v2\/media\/76920"}],"wp:attachment":[{"href":"https:\/\/www.africa-press.net\/cotedivoire\/wp-json\/wp\/v2\/media?parent=76922"}],"wp:term":[{"taxonomy":"category","embeddable":true,"href":"https:\/\/www.africa-press.net\/cotedivoire\/wp-json\/wp\/v2\/categories?post=76922"},{"taxonomy":"post_tag","embeddable":true,"href":"https:\/\/www.africa-press.net\/cotedivoire\/wp-json\/wp\/v2\/tags?post=76922"}],"curies":[{"name":"wp","href":"https:\/\/api.w.org\/{rel}","templated":true}]}}