{"id":76988,"date":"2024-03-26T19:54:12","date_gmt":"2024-03-26T19:54:12","guid":{"rendered":"https:\/\/www.africa-press.net\/cotedivoire\/politique\/koumassi-les-habitants-du-quartier-aklomiabla-preoccupes-par-un-eventuel-deguerpissement"},"modified":"2024-03-26T20:24:48","modified_gmt":"2024-03-26T20:24:48","slug":"koumassi-les-habitants-du-quartier-aklomiabla-preoccupes-par-un-eventuel-deguerpissement","status":"publish","type":"post","link":"https:\/\/www.africa-press.net\/cotedivoire\/toutes-les-actualites\/koumassi-les-habitants-du-quartier-aklomiabla-preoccupes-par-un-eventuel-deguerpissement","title":{"rendered":"Koumassi, les habitants du quartier Aklomiabla pr\u00e9occup\u00e9s par un \u00e9ventuel d\u00e9guerpissement"},"content":{"rendered":"<p><span style=\"color: #ff6600\"><strong>Africa-Press &#8211; C\u00f4te d&rsquo;Ivoire. <\/strong><\/span>L\u2019ope\u0301ration de de\u0301guerpissement initie\u0301e par le District Autonome d\u2019Abidjan dans la cadre de l\u2019assainissement et de l\u2019ame\u0301lioration des conditions de vie de populations se poursuit.<\/p>\n<p>C\u2019est de\u0301sormais le quartier Aklomiabla a\u0300 Koumassi qui serait dans le viseur des bulldozers comme le rapporte des habitants. Ils en veulent pour preuve le marquage de leurs maisons effectue\u0301 ces derniers jours par l\u2019antenne du ministe\u0300re de la Construction, du Logement et de l\u2019Urbanisme (MCLU).<\/p>\n<p>\u00ab Ces maisons nume\u0301rote\u0301es se situent dans un i\u0302lot proche d\u2019un chenal qui se\u0301pare le quartier Divo 2, d\u2019Aklomiabla \u00bb, explique un riverain, avant d\u2019ajouter.<\/p>\n<p>\u00ab En re\u0301alite\u0301, le quartier est e\u0301tabli depuis plus d\u2019une de\u0301cennie. Tous les terrains ont e\u0301te\u0301 acquis aupre\u0300s de la mairie de Koumassi. Il ne s\u2019agit pas d\u2019une installation anarchique ni d\u2019un bidonville. Les re\u0301sidents attendaient des travaux d\u2019ame\u0301nagement du chenal de la part de la mairie pour ame\u0301liorer l\u2019environnement. \u00bb<\/p>\n<p>Mais selon un confre\u0300re qui a joint, le chef de l\u2019antenne du MCLU de Koumassi, Cisse\u0301 Moussa a de\u0301clare\u0301 que le \u00ab recensement e\u0301tait une proce\u0301dure standard du ministe\u0300re de la Construction. Il a ajoute\u0301 que tout de\u0301guerpissement e\u0301ventuel ne rele\u0300verait pas du ressort du ministe\u0300re et ne\u0301cessiterait un avis judiciaire. \u00bb<\/p>\n<p><strong>Pour plus d&rsquo;informations et d&rsquo;analyses sur la <a href=\"https:\/\/www.africa-press.net\/cotedivoire\">C\u00f4te d&rsquo;Ivoire<\/a>, suivez <a href=\"https:\/\/www.africa-press.net\/\">Africa-Press<\/a><\/strong><\/p>\n","protected":false},"excerpt":{"rendered":"<p>Africa-Press &#8211; C\u00f4te d&rsquo;Ivoire. L\u2019ope\u0301ration de de\u0301guerpissement initie\u0301e par le District Autonome d\u2019Abidjan dans la cadre de l\u2019assainissement et de l\u2019ame\u0301lioration des conditions de vie de populations se poursuit. C\u2019est de\u0301sormais le quartier Aklomiabla a\u0300 Koumassi qui serait dans le viseur des bulldozers comme le rapporte des habitants. Ils en veulent pour preuve le marquage [&hellip;]<\/p>\n","protected":false},"author":82,"featured_media":76987,"comment_status":"open","ping_status":"closed","sticky":false,"template":"","format":"standard","meta":{"footnotes":""},"categories":[21,10],"tags":[56,63,12936,29,1792,2175,316,954],"class_list":["post-76988","post","type-post","status-publish","format-standard","has-post-thumbnail","hentry","category-communaute","category-toutes-les-actualites","tag-africa-press","tag-africa-press-cote-divoire","tag-aklomiabla","tag-cote-divoire","tag-deguerpissement","tag-divo","tag-habitants","tag-koumassi"],"yoast_head":"<!-- This site is optimized with the Yoast SEO Premium plugin v26.1 (Yoast SEO v27.0) - https:\/\/yoast.com\/product\/yoast-seo-premium-wordpress\/ -->\n<title>Koumassi, les habitants du quartier Aklomiabla pr\u00e9occup\u00e9s par un \u00e9ventuel d\u00e9guerpissement - C\u00f4te d&#039;Ivoire<\/title>\n<meta name=\"description\" content=\"L\u2019ope\u0301ration de de\u0301guerpissement initie\u0301e par le District Autonome d\u2019Abidjan dans la cadre de l\u2019assainissement et de l\u2019a ...\" \/>\n<meta name=\"robots\" content=\"index, follow, max-snippet:-1, max-image-preview:large, max-video-preview:-1\" \/>\n<link rel=\"canonical\" href=\"https:\/\/www.africa-press.net\/cotedivoire\/toutes-les-actualites\/koumassi-les-habitants-du-quartier-aklomiabla-preoccupes-par-un-eventuel-deguerpissement\" \/>\n<meta property=\"og:locale\" content=\"fr_FR\" \/>\n<meta property=\"og:type\" content=\"article\" \/>\n<meta property=\"og:title\" content=\"Koumassi, les habitants du quartier Aklomiabla pr\u00e9occup\u00e9s par un \u00e9ventuel d\u00e9guerpissement\" \/>\n<meta property=\"og:description\" content=\"L\u2019ope\u0301ration de de\u0301guerpissement initie\u0301e par le District Autonome d\u2019Abidjan dans la cadre de l\u2019assainissement et de l\u2019a ...\" \/>\n<meta property=\"og:url\" content=\"https:\/\/www.africa-press.net\/cotedivoire\/toutes-les-actualites\/koumassi-les-habitants-du-quartier-aklomiabla-preoccupes-par-un-eventuel-deguerpissement\" \/>\n<meta property=\"og:site_name\" content=\"C\u00f4te d&#039;Ivoire\" \/>\n<meta property=\"article:published_time\" content=\"2024-03-26T19:54:12+00:00\" \/>\n<meta property=\"article:modified_time\" content=\"2024-03-26T20:24:48+00:00\" \/>\n<meta property=\"og:image\" content=\"https:\/\/static.africa-press.net\/cote\/sites\/43\/2024\/03\/sm_1711471805.373891.jpg\" \/>\n\t<meta property=\"og:image:width\" content=\"720\" \/>\n\t<meta property=\"og:image:height\" content=\"351\" \/>\n\t<meta property=\"og:image:type\" content=\"image\/jpeg\" \/>\n<meta name=\"author\" content=\"cfeditorfr\" \/>\n<meta name=\"twitter:card\" content=\"summary_large_image\" \/>\n<meta name=\"twitter:label1\" content=\"\u00c9crit par\" \/>\n\t<meta name=\"twitter:data1\" content=\"cfeditorfr\" \/>\n\t<meta name=\"twitter:label2\" content=\"Dur\u00e9e de lecture estim\u00e9e\" \/>\n\t<meta name=\"twitter:data2\" content=\"1 minute\" \/>\n<script type=\"application\/ld+json\" class=\"yoast-schema-graph\">{\"@context\":\"https:\/\/schema.org\",\"@graph\":[{\"@type\":\"Article\",\"@id\":\"https:\/\/www.africa-press.net\/cotedivoire\/toutes-les-actualites\/koumassi-les-habitants-du-quartier-aklomiabla-preoccupes-par-un-eventuel-deguerpissement#article\",\"isPartOf\":{\"@id\":\"https:\/\/www.africa-press.net\/cotedivoire\/toutes-les-actualites\/koumassi-les-habitants-du-quartier-aklomiabla-preoccupes-par-un-eventuel-deguerpissement\"},\"author\":{\"name\":\"cfeditorfr\",\"@id\":\"https:\/\/www.africa-press.net\/cotedivoire\/#\/schema\/person\/2b1cf3cd81a31e3cd26889ca66d677f1\"},\"headline\":\"Koumassi, les habitants du quartier Aklomiabla pr\u00e9occup\u00e9s par un \u00e9ventuel d\u00e9guerpissement\",\"datePublished\":\"2024-03-26T19:54:12+00:00\",\"dateModified\":\"2024-03-26T20:24:48+00:00\",\"mainEntityOfPage\":{\"@id\":\"https:\/\/www.africa-press.net\/cotedivoire\/toutes-les-actualites\/koumassi-les-habitants-du-quartier-aklomiabla-preoccupes-par-un-eventuel-deguerpissement\"},\"wordCount\":272,\"commentCount\":0,\"image\":{\"@id\":\"https:\/\/www.africa-press.net\/cotedivoire\/toutes-les-actualites\/koumassi-les-habitants-du-quartier-aklomiabla-preoccupes-par-un-eventuel-deguerpissement#primaryimage\"},\"thumbnailUrl\":\"https:\/\/static.africa-press.net\/cote\/sites\/43\/2024\/03\/sm_1711471805.373891.jpg\",\"keywords\":[\"Africa Press\",\"Africa Press-C\u00f4te d'Ivoire\",\"Aklomiabla\",\"C\u00d4TE D'IVOIRE\",\"d\u00e9guerpissement\",\"Divo\",\"habitants\",\"Koumassi\"],\"articleSection\":[\"Communaut\u00e9\",\"Toutes les actualit\u00e9s\"],\"inLanguage\":\"fr-FR\",\"potentialAction\":[{\"@type\":\"CommentAction\",\"name\":\"Comment\",\"target\":[\"https:\/\/www.africa-press.net\/cotedivoire\/toutes-les-actualites\/koumassi-les-habitants-du-quartier-aklomiabla-preoccupes-par-un-eventuel-deguerpissement#respond\"]}]},{\"@type\":\"WebPage\",\"@id\":\"https:\/\/www.africa-press.net\/cotedivoire\/toutes-les-actualites\/koumassi-les-habitants-du-quartier-aklomiabla-preoccupes-par-un-eventuel-deguerpissement\",\"url\":\"https:\/\/www.africa-press.net\/cotedivoire\/toutes-les-actualites\/koumassi-les-habitants-du-quartier-aklomiabla-preoccupes-par-un-eventuel-deguerpissement\",\"name\":\"Koumassi, les habitants du quartier Aklomiabla pr\u00e9occup\u00e9s par un \u00e9ventuel d\u00e9guerpissement - C\u00f4te d&#039;Ivoire\",\"isPartOf\":{\"@id\":\"https:\/\/www.africa-press.net\/cotedivoire\/#website\"},\"primaryImageOfPage\":{\"@id\":\"https:\/\/www.africa-press.net\/cotedivoire\/toutes-les-actualites\/koumassi-les-habitants-du-quartier-aklomiabla-preoccupes-par-un-eventuel-deguerpissement#primaryimage\"},\"image\":{\"@id\":\"https:\/\/www.africa-press.net\/cotedivoire\/toutes-les-actualites\/koumassi-les-habitants-du-quartier-aklomiabla-preoccupes-par-un-eventuel-deguerpissement#primaryimage\"},\"thumbnailUrl\":\"https:\/\/static.africa-press.net\/cote\/sites\/43\/2024\/03\/sm_1711471805.373891.jpg\",\"datePublished\":\"2024-03-26T19:54:12+00:00\",\"dateModified\":\"2024-03-26T20:24:48+00:00\",\"author\":{\"@id\":\"https:\/\/www.africa-press.net\/cotedivoire\/#\/schema\/person\/2b1cf3cd81a31e3cd26889ca66d677f1\"},\"description\":\"L\u2019ope\u0301ration de de\u0301guerpissement initie\u0301e par le District Autonome d\u2019Abidjan dans la cadre de l\u2019assainissement et de l\u2019a ...\",\"breadcrumb\":{\"@id\":\"https:\/\/www.africa-press.net\/cotedivoire\/toutes-les-actualites\/koumassi-les-habitants-du-quartier-aklomiabla-preoccupes-par-un-eventuel-deguerpissement#breadcrumb\"},\"inLanguage\":\"fr-FR\",\"potentialAction\":[{\"@type\":\"ReadAction\",\"target\":[\"https:\/\/www.africa-press.net\/cotedivoire\/toutes-les-actualites\/koumassi-les-habitants-du-quartier-aklomiabla-preoccupes-par-un-eventuel-deguerpissement\"]}]},{\"@type\":\"ImageObject\",\"inLanguage\":\"fr-FR\",\"@id\":\"https:\/\/www.africa-press.net\/cotedivoire\/toutes-les-actualites\/koumassi-les-habitants-du-quartier-aklomiabla-preoccupes-par-un-eventuel-deguerpissement#primaryimage\",\"url\":\"https:\/\/static.africa-press.net\/cote\/sites\/43\/2024\/03\/sm_1711471805.373891.jpg\",\"contentUrl\":\"https:\/\/static.africa-press.net\/cote\/sites\/43\/2024\/03\/sm_1711471805.373891.jpg\",\"width\":720,\"height\":351,\"caption\":\"Koumassi, les habitants du quartier Aklomiabla pr\u00e9occup\u00e9s par un \u00e9ventuel d\u00e9guerpissement\"},{\"@type\":\"BreadcrumbList\",\"@id\":\"https:\/\/www.africa-press.net\/cotedivoire\/toutes-les-actualites\/koumassi-les-habitants-du-quartier-aklomiabla-preoccupes-par-un-eventuel-deguerpissement#breadcrumb\",\"itemListElement\":[{\"@type\":\"ListItem\",\"position\":1,\"name\":\"Accueil\",\"item\":\"https:\/\/www.africa-press.net\/cotedivoire\/\"},{\"@type\":\"ListItem\",\"position\":2,\"name\":\"Koumassi, les habitants du quartier Aklomiabla pr\u00e9occup\u00e9s par un \u00e9ventuel d\u00e9guerpissement\"}]},{\"@type\":\"WebSite\",\"@id\":\"https:\/\/www.africa-press.net\/cotedivoire\/#website\",\"url\":\"https:\/\/www.africa-press.net\/cotedivoire\/\",\"name\":\"C\u00f4te d&#039;Ivoire\",\"description\":\"Just another Africa News Agency Sites site\",\"potentialAction\":[{\"@type\":\"SearchAction\",\"target\":{\"@type\":\"EntryPoint\",\"urlTemplate\":\"https:\/\/www.africa-press.net\/cotedivoire\/?s={search_term_string}\"},\"query-input\":{\"@type\":\"PropertyValueSpecification\",\"valueRequired\":true,\"valueName\":\"search_term_string\"}}],\"inLanguage\":\"fr-FR\"},{\"@type\":\"Person\",\"@id\":\"https:\/\/www.africa-press.net\/cotedivoire\/#\/schema\/person\/2b1cf3cd81a31e3cd26889ca66d677f1\",\"name\":\"cfeditorfr\"}]}<\/script>\n<!-- \/ Yoast SEO Premium plugin. -->","yoast_head_json":{"title":"Koumassi, les habitants du quartier Aklomiabla pr\u00e9occup\u00e9s par un \u00e9ventuel d\u00e9guerpissement - C\u00f4te d&#039;Ivoire","description":"L\u2019ope\u0301ration de de\u0301guerpissement initie\u0301e par le District Autonome d\u2019Abidjan dans la cadre de l\u2019assainissement et de l\u2019a ...","robots":{"index":"index","follow":"follow","max-snippet":"max-snippet:-1","max-image-preview":"max-image-preview:large","max-video-preview":"max-video-preview:-1"},"canonical":"https:\/\/www.africa-press.net\/cotedivoire\/toutes-les-actualites\/koumassi-les-habitants-du-quartier-aklomiabla-preoccupes-par-un-eventuel-deguerpissement","og_locale":"fr_FR","og_type":"article","og_title":"Koumassi, les habitants du quartier Aklomiabla pr\u00e9occup\u00e9s par un \u00e9ventuel d\u00e9guerpissement","og_description":"L\u2019ope\u0301ration de de\u0301guerpissement initie\u0301e par le District Autonome d\u2019Abidjan dans la cadre de l\u2019assainissement et de l\u2019a ...","og_url":"https:\/\/www.africa-press.net\/cotedivoire\/toutes-les-actualites\/koumassi-les-habitants-du-quartier-aklomiabla-preoccupes-par-un-eventuel-deguerpissement","og_site_name":"C\u00f4te d&#039;Ivoire","article_published_time":"2024-03-26T19:54:12+00:00","article_modified_time":"2024-03-26T20:24:48+00:00","og_image":[{"width":720,"height":351,"url":"https:\/\/static.africa-press.net\/cote\/sites\/43\/2024\/03\/sm_1711471805.373891.jpg","type":"image\/jpeg"}],"author":"cfeditorfr","twitter_card":"summary_large_image","twitter_misc":{"\u00c9crit par":"cfeditorfr","Dur\u00e9e de lecture estim\u00e9e":"1 minute"},"schema":{"@context":"https:\/\/schema.org","@graph":[{"@type":"Article","@id":"https:\/\/www.africa-press.net\/cotedivoire\/toutes-les-actualites\/koumassi-les-habitants-du-quartier-aklomiabla-preoccupes-par-un-eventuel-deguerpissement#article","isPartOf":{"@id":"https:\/\/www.africa-press.net\/cotedivoire\/toutes-les-actualites\/koumassi-les-habitants-du-quartier-aklomiabla-preoccupes-par-un-eventuel-deguerpissement"},"author":{"name":"cfeditorfr","@id":"https:\/\/www.africa-press.net\/cotedivoire\/#\/schema\/person\/2b1cf3cd81a31e3cd26889ca66d677f1"},"headline":"Koumassi, les habitants du quartier Aklomiabla pr\u00e9occup\u00e9s par un \u00e9ventuel d\u00e9guerpissement","datePublished":"2024-03-26T19:54:12+00:00","dateModified":"2024-03-26T20:24:48+00:00","mainEntityOfPage":{"@id":"https:\/\/www.africa-press.net\/cotedivoire\/toutes-les-actualites\/koumassi-les-habitants-du-quartier-aklomiabla-preoccupes-par-un-eventuel-deguerpissement"},"wordCount":272,"commentCount":0,"image":{"@id":"https:\/\/www.africa-press.net\/cotedivoire\/toutes-les-actualites\/koumassi-les-habitants-du-quartier-aklomiabla-preoccupes-par-un-eventuel-deguerpissement#primaryimage"},"thumbnailUrl":"https:\/\/static.africa-press.net\/cote\/sites\/43\/2024\/03\/sm_1711471805.373891.jpg","keywords":["Africa Press","Africa Press-C\u00f4te d'Ivoire","Aklomiabla","C\u00d4TE D'IVOIRE","d\u00e9guerpissement","Divo","habitants","Koumassi"],"articleSection":["Communaut\u00e9","Toutes les actualit\u00e9s"],"inLanguage":"fr-FR","potentialAction":[{"@type":"CommentAction","name":"Comment","target":["https:\/\/www.africa-press.net\/cotedivoire\/toutes-les-actualites\/koumassi-les-habitants-du-quartier-aklomiabla-preoccupes-par-un-eventuel-deguerpissement#respond"]}]},{"@type":"WebPage","@id":"https:\/\/www.africa-press.net\/cotedivoire\/toutes-les-actualites\/koumassi-les-habitants-du-quartier-aklomiabla-preoccupes-par-un-eventuel-deguerpissement","url":"https:\/\/www.africa-press.net\/cotedivoire\/toutes-les-actualites\/koumassi-les-habitants-du-quartier-aklomiabla-preoccupes-par-un-eventuel-deguerpissement","name":"Koumassi, les habitants du quartier Aklomiabla pr\u00e9occup\u00e9s par un \u00e9ventuel d\u00e9guerpissement - C\u00f4te d&#039;Ivoire","isPartOf":{"@id":"https:\/\/www.africa-press.net\/cotedivoire\/#website"},"primaryImageOfPage":{"@id":"https:\/\/www.africa-press.net\/cotedivoire\/toutes-les-actualites\/koumassi-les-habitants-du-quartier-aklomiabla-preoccupes-par-un-eventuel-deguerpissement#primaryimage"},"image":{"@id":"https:\/\/www.africa-press.net\/cotedivoire\/toutes-les-actualites\/koumassi-les-habitants-du-quartier-aklomiabla-preoccupes-par-un-eventuel-deguerpissement#primaryimage"},"thumbnailUrl":"https:\/\/static.africa-press.net\/cote\/sites\/43\/2024\/03\/sm_1711471805.373891.jpg","datePublished":"2024-03-26T19:54:12+00:00","dateModified":"2024-03-26T20:24:48+00:00","author":{"@id":"https:\/\/www.africa-press.net\/cotedivoire\/#\/schema\/person\/2b1cf3cd81a31e3cd26889ca66d677f1"},"description":"L\u2019ope\u0301ration de de\u0301guerpissement initie\u0301e par le District Autonome d\u2019Abidjan dans la cadre de l\u2019assainissement et de l\u2019a ...","breadcrumb":{"@id":"https:\/\/www.africa-press.net\/cotedivoire\/toutes-les-actualites\/koumassi-les-habitants-du-quartier-aklomiabla-preoccupes-par-un-eventuel-deguerpissement#breadcrumb"},"inLanguage":"fr-FR","potentialAction":[{"@type":"ReadAction","target":["https:\/\/www.africa-press.net\/cotedivoire\/toutes-les-actualites\/koumassi-les-habitants-du-quartier-aklomiabla-preoccupes-par-un-eventuel-deguerpissement"]}]},{"@type":"ImageObject","inLanguage":"fr-FR","@id":"https:\/\/www.africa-press.net\/cotedivoire\/toutes-les-actualites\/koumassi-les-habitants-du-quartier-aklomiabla-preoccupes-par-un-eventuel-deguerpissement#primaryimage","url":"https:\/\/static.africa-press.net\/cote\/sites\/43\/2024\/03\/sm_1711471805.373891.jpg","contentUrl":"https:\/\/static.africa-press.net\/cote\/sites\/43\/2024\/03\/sm_1711471805.373891.jpg","width":720,"height":351,"caption":"Koumassi, les habitants du quartier Aklomiabla pr\u00e9occup\u00e9s par un \u00e9ventuel d\u00e9guerpissement"},{"@type":"BreadcrumbList","@id":"https:\/\/www.africa-press.net\/cotedivoire\/toutes-les-actualites\/koumassi-les-habitants-du-quartier-aklomiabla-preoccupes-par-un-eventuel-deguerpissement#breadcrumb","itemListElement":[{"@type":"ListItem","position":1,"name":"Accueil","item":"https:\/\/www.africa-press.net\/cotedivoire\/"},{"@type":"ListItem","position":2,"name":"Koumassi, les habitants du quartier Aklomiabla pr\u00e9occup\u00e9s par un \u00e9ventuel d\u00e9guerpissement"}]},{"@type":"WebSite","@id":"https:\/\/www.africa-press.net\/cotedivoire\/#website","url":"https:\/\/www.africa-press.net\/cotedivoire\/","name":"C\u00f4te d&#039;Ivoire","description":"Just another Africa News Agency Sites site","potentialAction":[{"@type":"SearchAction","target":{"@type":"EntryPoint","urlTemplate":"https:\/\/www.africa-press.net\/cotedivoire\/?s={search_term_string}"},"query-input":{"@type":"PropertyValueSpecification","valueRequired":true,"valueName":"search_term_string"}}],"inLanguage":"fr-FR"},{"@type":"Person","@id":"https:\/\/www.africa-press.net\/cotedivoire\/#\/schema\/person\/2b1cf3cd81a31e3cd26889ca66d677f1","name":"cfeditorfr"}]}},"_links":{"self":[{"href":"https:\/\/www.africa-press.net\/cotedivoire\/wp-json\/wp\/v2\/posts\/76988","targetHints":{"allow":["GET"]}}],"collection":[{"href":"https:\/\/www.africa-press.net\/cotedivoire\/wp-json\/wp\/v2\/posts"}],"about":[{"href":"https:\/\/www.africa-press.net\/cotedivoire\/wp-json\/wp\/v2\/types\/post"}],"author":[{"embeddable":true,"href":"https:\/\/www.africa-press.net\/cotedivoire\/wp-json\/wp\/v2\/users\/82"}],"replies":[{"embeddable":true,"href":"https:\/\/www.africa-press.net\/cotedivoire\/wp-json\/wp\/v2\/comments?post=76988"}],"version-history":[{"count":0,"href":"https:\/\/www.africa-press.net\/cotedivoire\/wp-json\/wp\/v2\/posts\/76988\/revisions"}],"wp:featuredmedia":[{"embeddable":true,"href":"https:\/\/www.africa-press.net\/cotedivoire\/wp-json\/wp\/v2\/media\/76987"}],"wp:attachment":[{"href":"https:\/\/www.africa-press.net\/cotedivoire\/wp-json\/wp\/v2\/media?parent=76988"}],"wp:term":[{"taxonomy":"category","embeddable":true,"href":"https:\/\/www.africa-press.net\/cotedivoire\/wp-json\/wp\/v2\/categories?post=76988"},{"taxonomy":"post_tag","embeddable":true,"href":"https:\/\/www.africa-press.net\/cotedivoire\/wp-json\/wp\/v2\/tags?post=76988"}],"curies":[{"name":"wp","href":"https:\/\/api.w.org\/{rel}","templated":true}]}}