{"id":77076,"date":"2024-03-27T17:13:26","date_gmt":"2024-03-27T17:13:26","guid":{"rendered":"https:\/\/www.africa-press.net\/cotedivoire\/politique\/en-prelude-a-la-revision-de-la-liste-electorale-la-cei-annonce-lactualisation-de-la-cartographie-electorale-du-1er-au-30-avril-sur-lensemble-du-territoire-2"},"modified":"2024-03-27T18:19:46","modified_gmt":"2024-03-27T18:19:46","slug":"en-prelude-a-la-revision-de-la-liste-electorale-la-cei-annonce-lactualisation-de-la-cartographie-electorale-du-1er-au-30-avril-sur-lensemble-du-territoire-2","status":"publish","type":"post","link":"https:\/\/www.africa-press.net\/cotedivoire\/politique\/en-prelude-a-la-revision-de-la-liste-electorale-la-cei-annonce-lactualisation-de-la-cartographie-electorale-du-1er-au-30-avril-sur-lensemble-du-territoire-2","title":{"rendered":"En pr\u00e9lude \u00e0 la r\u00e9vision de la liste \u00e9lectorale, la CEI annonce l&rsquo;actualisation de la cartographie \u00e9lectorale du 1er au 30 avril sur l&rsquo;ensemble du territoire"},"content":{"rendered":"<p><span style=\"color: #ff6600\"><strong>Africa-Press &#8211; C\u00f4te d&rsquo;Ivoire. <\/strong><\/span>La re\u0301vision de la liste e\u0301lectorale en vue des futures e\u0301lections de 2025, c&rsquo;est pour tre\u0300s biento\u0302t. En pre\u0301lude a\u0300 cette ope\u0301ration, la Commission E\u0301lectorale Inde\u0301pendante (CEI) annonce dans un communique\u0301 qu&rsquo;elle proce\u0301dera du 1er au 30 avril 2024 sur l&rsquo;ensemble du territoire national, a\u0300 la mise a\u0300 jour de la cartographie e\u0301lectorale.<\/p>\n<p>Cette ope\u0301ration se fera au cours des missions que vont re\u0301aliser les e\u0301quipes de la CEI. A\u0300 ce sujet, l&rsquo;Institution en charge des e\u0301lections en Co\u0302te d&rsquo;Ivoire, invite les autorite\u0301s administratives (pre\u0301fets et sous-pre\u0301fets), les repre\u0301sentants de partis et groupements politiques, les e\u0301lus locaux et les chefs de communaute\u0301s a\u0300 prendre toutes les dispositions utiles pour participer a\u0300 la se\u0301ance de travail lors du passage des cartographes dans leur re\u0301gion.<\/p>\n<p><strong>Pour plus d&rsquo;informations et d&rsquo;analyses sur la <a href=\"https:\/\/www.africa-press.net\/cotedivoire\">C\u00f4te d&rsquo;Ivoire<\/a>, suivez <a href=\"https:\/\/www.africa-press.net\/\">Africa-Press<\/a><\/strong><\/p>\n","protected":false},"excerpt":{"rendered":"<p>Africa-Press &#8211; C\u00f4te d&rsquo;Ivoire. La re\u0301vision de la liste e\u0301lectorale en vue des futures e\u0301lections de 2025, c&rsquo;est pour tre\u0300s biento\u0302t. En pre\u0301lude a\u0300 cette ope\u0301ration, la Commission E\u0301lectorale Inde\u0301pendante (CEI) annonce dans un communique\u0301 qu&rsquo;elle proce\u0301dera du 1er au 30 avril 2024 sur l&rsquo;ensemble du territoire national, a\u0300 la mise a\u0300 jour de la [&hellip;]<\/p>\n","protected":false},"author":82,"featured_media":77075,"comment_status":"open","ping_status":"closed","sticky":false,"template":"","format":"standard","meta":{"footnotes":""},"categories":[2,20,10],"tags":[11910,56,63,12955,1316,29,12954],"class_list":["post-77076","post","type-post","status-publish","format-standard","has-post-thumbnail","hentry","category-politique","category-top-nouvelles","category-toutes-les-actualites","tag-actualisation","tag-africa-press","tag-africa-press-cote-divoire","tag-cartographie","tag-cei","tag-cote-divoire","tag-prelude"],"yoast_head":"<!-- This site is optimized with the Yoast SEO Premium plugin v26.1 (Yoast SEO v27.0) - https:\/\/yoast.com\/product\/yoast-seo-premium-wordpress\/ -->\n<title>En pr\u00e9lude \u00e0 la r\u00e9vision de la liste \u00e9lectorale, la CEI annonce l&#039;actualisation de la cartographie \u00e9lectorale du 1er au 30 avril sur l&#039;ensemble du territoire - C\u00f4te d&#039;Ivoire<\/title>\n<meta name=\"description\" content=\"La re\u0301vision de la liste e\u0301lectorale en vue des futures e\u0301lections de 2025, c&#039;est pour tre\u0300s biento\u0302t. En pre\u0301lude a\u0300 ce ...\" \/>\n<meta name=\"robots\" content=\"index, follow, max-snippet:-1, max-image-preview:large, max-video-preview:-1\" \/>\n<link rel=\"canonical\" href=\"https:\/\/www.africa-press.net\/cotedivoire\/politique\/en-prelude-a-la-revision-de-la-liste-electorale-la-cei-annonce-lactualisation-de-la-cartographie-electorale-du-1er-au-30-avril-sur-lensemble-du-territoire-2\" \/>\n<meta property=\"og:locale\" content=\"fr_FR\" \/>\n<meta property=\"og:type\" content=\"article\" \/>\n<meta property=\"og:title\" content=\"En pr\u00e9lude \u00e0 la r\u00e9vision de la liste \u00e9lectorale, la CEI annonce l&#039;actualisation de la cartographie \u00e9lectorale du 1er au 30 avril sur l&#039;ensemble du territoire\" \/>\n<meta property=\"og:description\" content=\"La re\u0301vision de la liste e\u0301lectorale en vue des futures e\u0301lections de 2025, c&#039;est pour tre\u0300s biento\u0302t. En pre\u0301lude a\u0300 ce ...\" \/>\n<meta property=\"og:url\" content=\"https:\/\/www.africa-press.net\/cotedivoire\/politique\/en-prelude-a-la-revision-de-la-liste-electorale-la-cei-annonce-lactualisation-de-la-cartographie-electorale-du-1er-au-30-avril-sur-lensemble-du-territoire-2\" \/>\n<meta property=\"og:site_name\" content=\"C\u00f4te d&#039;Ivoire\" \/>\n<meta property=\"article:published_time\" content=\"2024-03-27T17:13:26+00:00\" \/>\n<meta property=\"article:modified_time\" content=\"2024-03-27T18:19:46+00:00\" \/>\n<meta property=\"og:image\" content=\"https:\/\/static.africa-press.net\/cote\/sites\/43\/2024\/03\/sm_1711550929.876804.jpg\" \/>\n\t<meta property=\"og:image:width\" content=\"720\" \/>\n\t<meta property=\"og:image:height\" content=\"366\" \/>\n\t<meta property=\"og:image:type\" content=\"image\/jpeg\" \/>\n<meta name=\"author\" content=\"cfeditorfr\" \/>\n<meta name=\"twitter:card\" content=\"summary_large_image\" \/>\n<meta name=\"twitter:label1\" content=\"\u00c9crit par\" \/>\n\t<meta name=\"twitter:data1\" content=\"cfeditorfr\" \/>\n\t<meta name=\"twitter:label2\" content=\"Dur\u00e9e de lecture estim\u00e9e\" \/>\n\t<meta name=\"twitter:data2\" content=\"1 minute\" \/>\n<script type=\"application\/ld+json\" class=\"yoast-schema-graph\">{\"@context\":\"https:\/\/schema.org\",\"@graph\":[{\"@type\":\"Article\",\"@id\":\"https:\/\/www.africa-press.net\/cotedivoire\/politique\/en-prelude-a-la-revision-de-la-liste-electorale-la-cei-annonce-lactualisation-de-la-cartographie-electorale-du-1er-au-30-avril-sur-lensemble-du-territoire-2#article\",\"isPartOf\":{\"@id\":\"https:\/\/www.africa-press.net\/cotedivoire\/politique\/en-prelude-a-la-revision-de-la-liste-electorale-la-cei-annonce-lactualisation-de-la-cartographie-electorale-du-1er-au-30-avril-sur-lensemble-du-territoire-2\"},\"author\":{\"name\":\"cfeditorfr\",\"@id\":\"https:\/\/www.africa-press.net\/cotedivoire\/#\/schema\/person\/2b1cf3cd81a31e3cd26889ca66d677f1\"},\"headline\":\"En pr\u00e9lude \u00e0 la r\u00e9vision de la liste \u00e9lectorale, la CEI annonce l&rsquo;actualisation de la cartographie \u00e9lectorale du 1er au 30 avril sur l&rsquo;ensemble du territoire\",\"datePublished\":\"2024-03-27T17:13:26+00:00\",\"dateModified\":\"2024-03-27T18:19:46+00:00\",\"mainEntityOfPage\":{\"@id\":\"https:\/\/www.africa-press.net\/cotedivoire\/politique\/en-prelude-a-la-revision-de-la-liste-electorale-la-cei-annonce-lactualisation-de-la-cartographie-electorale-du-1er-au-30-avril-sur-lensemble-du-territoire-2\"},\"wordCount\":198,\"commentCount\":0,\"image\":{\"@id\":\"https:\/\/www.africa-press.net\/cotedivoire\/politique\/en-prelude-a-la-revision-de-la-liste-electorale-la-cei-annonce-lactualisation-de-la-cartographie-electorale-du-1er-au-30-avril-sur-lensemble-du-territoire-2#primaryimage\"},\"thumbnailUrl\":\"https:\/\/static.africa-press.net\/cote\/sites\/43\/2024\/03\/sm_1711550929.876804.jpg\",\"keywords\":[\"actualisation\",\"Africa Press\",\"Africa Press-C\u00f4te d'Ivoire\",\"cartographie\",\"Cei\",\"C\u00d4TE D'IVOIRE\",\"pr\u00e9lude\"],\"articleSection\":[\"Politique\",\"Top Nouvelles\",\"Toutes les actualit\u00e9s\"],\"inLanguage\":\"fr-FR\",\"potentialAction\":[{\"@type\":\"CommentAction\",\"name\":\"Comment\",\"target\":[\"https:\/\/www.africa-press.net\/cotedivoire\/politique\/en-prelude-a-la-revision-de-la-liste-electorale-la-cei-annonce-lactualisation-de-la-cartographie-electorale-du-1er-au-30-avril-sur-lensemble-du-territoire-2#respond\"]}]},{\"@type\":\"WebPage\",\"@id\":\"https:\/\/www.africa-press.net\/cotedivoire\/politique\/en-prelude-a-la-revision-de-la-liste-electorale-la-cei-annonce-lactualisation-de-la-cartographie-electorale-du-1er-au-30-avril-sur-lensemble-du-territoire-2\",\"url\":\"https:\/\/www.africa-press.net\/cotedivoire\/politique\/en-prelude-a-la-revision-de-la-liste-electorale-la-cei-annonce-lactualisation-de-la-cartographie-electorale-du-1er-au-30-avril-sur-lensemble-du-territoire-2\",\"name\":\"En pr\u00e9lude \u00e0 la r\u00e9vision de la liste \u00e9lectorale, la CEI annonce l'actualisation de la cartographie \u00e9lectorale du 1er au 30 avril sur l'ensemble du territoire - C\u00f4te d&#039;Ivoire\",\"isPartOf\":{\"@id\":\"https:\/\/www.africa-press.net\/cotedivoire\/#website\"},\"primaryImageOfPage\":{\"@id\":\"https:\/\/www.africa-press.net\/cotedivoire\/politique\/en-prelude-a-la-revision-de-la-liste-electorale-la-cei-annonce-lactualisation-de-la-cartographie-electorale-du-1er-au-30-avril-sur-lensemble-du-territoire-2#primaryimage\"},\"image\":{\"@id\":\"https:\/\/www.africa-press.net\/cotedivoire\/politique\/en-prelude-a-la-revision-de-la-liste-electorale-la-cei-annonce-lactualisation-de-la-cartographie-electorale-du-1er-au-30-avril-sur-lensemble-du-territoire-2#primaryimage\"},\"thumbnailUrl\":\"https:\/\/static.africa-press.net\/cote\/sites\/43\/2024\/03\/sm_1711550929.876804.jpg\",\"datePublished\":\"2024-03-27T17:13:26+00:00\",\"dateModified\":\"2024-03-27T18:19:46+00:00\",\"author\":{\"@id\":\"https:\/\/www.africa-press.net\/cotedivoire\/#\/schema\/person\/2b1cf3cd81a31e3cd26889ca66d677f1\"},\"description\":\"La re\u0301vision de la liste e\u0301lectorale en vue des futures e\u0301lections de 2025, c'est pour tre\u0300s biento\u0302t. En pre\u0301lude a\u0300 ce ...\",\"breadcrumb\":{\"@id\":\"https:\/\/www.africa-press.net\/cotedivoire\/politique\/en-prelude-a-la-revision-de-la-liste-electorale-la-cei-annonce-lactualisation-de-la-cartographie-electorale-du-1er-au-30-avril-sur-lensemble-du-territoire-2#breadcrumb\"},\"inLanguage\":\"fr-FR\",\"potentialAction\":[{\"@type\":\"ReadAction\",\"target\":[\"https:\/\/www.africa-press.net\/cotedivoire\/politique\/en-prelude-a-la-revision-de-la-liste-electorale-la-cei-annonce-lactualisation-de-la-cartographie-electorale-du-1er-au-30-avril-sur-lensemble-du-territoire-2\"]}]},{\"@type\":\"ImageObject\",\"inLanguage\":\"fr-FR\",\"@id\":\"https:\/\/www.africa-press.net\/cotedivoire\/politique\/en-prelude-a-la-revision-de-la-liste-electorale-la-cei-annonce-lactualisation-de-la-cartographie-electorale-du-1er-au-30-avril-sur-lensemble-du-territoire-2#primaryimage\",\"url\":\"https:\/\/static.africa-press.net\/cote\/sites\/43\/2024\/03\/sm_1711550929.876804.jpg\",\"contentUrl\":\"https:\/\/static.africa-press.net\/cote\/sites\/43\/2024\/03\/sm_1711550929.876804.jpg\",\"width\":720,\"height\":366,\"caption\":\"En pr\u00e9lude \u00e0 la r\u00e9vision de la liste \u00e9lectorale, la CEI annonce l'actualisation de la cartographie \u00e9lectorale du 1er au 30 avril sur l'ensemble du territoire\"},{\"@type\":\"BreadcrumbList\",\"@id\":\"https:\/\/www.africa-press.net\/cotedivoire\/politique\/en-prelude-a-la-revision-de-la-liste-electorale-la-cei-annonce-lactualisation-de-la-cartographie-electorale-du-1er-au-30-avril-sur-lensemble-du-territoire-2#breadcrumb\",\"itemListElement\":[{\"@type\":\"ListItem\",\"position\":1,\"name\":\"Accueil\",\"item\":\"https:\/\/www.africa-press.net\/cotedivoire\/\"},{\"@type\":\"ListItem\",\"position\":2,\"name\":\"En pr\u00e9lude \u00e0 la r\u00e9vision de la liste \u00e9lectorale, la CEI annonce l&#8217;actualisation de la cartographie \u00e9lectorale du 1er au 30 avril sur l&#8217;ensemble du territoire\"}]},{\"@type\":\"WebSite\",\"@id\":\"https:\/\/www.africa-press.net\/cotedivoire\/#website\",\"url\":\"https:\/\/www.africa-press.net\/cotedivoire\/\",\"name\":\"C\u00f4te d&#039;Ivoire\",\"description\":\"Just another Africa News Agency Sites site\",\"potentialAction\":[{\"@type\":\"SearchAction\",\"target\":{\"@type\":\"EntryPoint\",\"urlTemplate\":\"https:\/\/www.africa-press.net\/cotedivoire\/?s={search_term_string}\"},\"query-input\":{\"@type\":\"PropertyValueSpecification\",\"valueRequired\":true,\"valueName\":\"search_term_string\"}}],\"inLanguage\":\"fr-FR\"},{\"@type\":\"Person\",\"@id\":\"https:\/\/www.africa-press.net\/cotedivoire\/#\/schema\/person\/2b1cf3cd81a31e3cd26889ca66d677f1\",\"name\":\"cfeditorfr\"}]}<\/script>\n<!-- \/ Yoast SEO Premium plugin. -->","yoast_head_json":{"title":"En pr\u00e9lude \u00e0 la r\u00e9vision de la liste \u00e9lectorale, la CEI annonce l'actualisation de la cartographie \u00e9lectorale du 1er au 30 avril sur l'ensemble du territoire - C\u00f4te d&#039;Ivoire","description":"La re\u0301vision de la liste e\u0301lectorale en vue des futures e\u0301lections de 2025, c'est pour tre\u0300s biento\u0302t. En pre\u0301lude a\u0300 ce ...","robots":{"index":"index","follow":"follow","max-snippet":"max-snippet:-1","max-image-preview":"max-image-preview:large","max-video-preview":"max-video-preview:-1"},"canonical":"https:\/\/www.africa-press.net\/cotedivoire\/politique\/en-prelude-a-la-revision-de-la-liste-electorale-la-cei-annonce-lactualisation-de-la-cartographie-electorale-du-1er-au-30-avril-sur-lensemble-du-territoire-2","og_locale":"fr_FR","og_type":"article","og_title":"En pr\u00e9lude \u00e0 la r\u00e9vision de la liste \u00e9lectorale, la CEI annonce l'actualisation de la cartographie \u00e9lectorale du 1er au 30 avril sur l'ensemble du territoire","og_description":"La re\u0301vision de la liste e\u0301lectorale en vue des futures e\u0301lections de 2025, c'est pour tre\u0300s biento\u0302t. En pre\u0301lude a\u0300 ce ...","og_url":"https:\/\/www.africa-press.net\/cotedivoire\/politique\/en-prelude-a-la-revision-de-la-liste-electorale-la-cei-annonce-lactualisation-de-la-cartographie-electorale-du-1er-au-30-avril-sur-lensemble-du-territoire-2","og_site_name":"C\u00f4te d&#039;Ivoire","article_published_time":"2024-03-27T17:13:26+00:00","article_modified_time":"2024-03-27T18:19:46+00:00","og_image":[{"width":720,"height":366,"url":"https:\/\/static.africa-press.net\/cote\/sites\/43\/2024\/03\/sm_1711550929.876804.jpg","type":"image\/jpeg"}],"author":"cfeditorfr","twitter_card":"summary_large_image","twitter_misc":{"\u00c9crit par":"cfeditorfr","Dur\u00e9e de lecture estim\u00e9e":"1 minute"},"schema":{"@context":"https:\/\/schema.org","@graph":[{"@type":"Article","@id":"https:\/\/www.africa-press.net\/cotedivoire\/politique\/en-prelude-a-la-revision-de-la-liste-electorale-la-cei-annonce-lactualisation-de-la-cartographie-electorale-du-1er-au-30-avril-sur-lensemble-du-territoire-2#article","isPartOf":{"@id":"https:\/\/www.africa-press.net\/cotedivoire\/politique\/en-prelude-a-la-revision-de-la-liste-electorale-la-cei-annonce-lactualisation-de-la-cartographie-electorale-du-1er-au-30-avril-sur-lensemble-du-territoire-2"},"author":{"name":"cfeditorfr","@id":"https:\/\/www.africa-press.net\/cotedivoire\/#\/schema\/person\/2b1cf3cd81a31e3cd26889ca66d677f1"},"headline":"En pr\u00e9lude \u00e0 la r\u00e9vision de la liste \u00e9lectorale, la CEI annonce l&rsquo;actualisation de la cartographie \u00e9lectorale du 1er au 30 avril sur l&rsquo;ensemble du territoire","datePublished":"2024-03-27T17:13:26+00:00","dateModified":"2024-03-27T18:19:46+00:00","mainEntityOfPage":{"@id":"https:\/\/www.africa-press.net\/cotedivoire\/politique\/en-prelude-a-la-revision-de-la-liste-electorale-la-cei-annonce-lactualisation-de-la-cartographie-electorale-du-1er-au-30-avril-sur-lensemble-du-territoire-2"},"wordCount":198,"commentCount":0,"image":{"@id":"https:\/\/www.africa-press.net\/cotedivoire\/politique\/en-prelude-a-la-revision-de-la-liste-electorale-la-cei-annonce-lactualisation-de-la-cartographie-electorale-du-1er-au-30-avril-sur-lensemble-du-territoire-2#primaryimage"},"thumbnailUrl":"https:\/\/static.africa-press.net\/cote\/sites\/43\/2024\/03\/sm_1711550929.876804.jpg","keywords":["actualisation","Africa Press","Africa Press-C\u00f4te d'Ivoire","cartographie","Cei","C\u00d4TE D'IVOIRE","pr\u00e9lude"],"articleSection":["Politique","Top Nouvelles","Toutes les actualit\u00e9s"],"inLanguage":"fr-FR","potentialAction":[{"@type":"CommentAction","name":"Comment","target":["https:\/\/www.africa-press.net\/cotedivoire\/politique\/en-prelude-a-la-revision-de-la-liste-electorale-la-cei-annonce-lactualisation-de-la-cartographie-electorale-du-1er-au-30-avril-sur-lensemble-du-territoire-2#respond"]}]},{"@type":"WebPage","@id":"https:\/\/www.africa-press.net\/cotedivoire\/politique\/en-prelude-a-la-revision-de-la-liste-electorale-la-cei-annonce-lactualisation-de-la-cartographie-electorale-du-1er-au-30-avril-sur-lensemble-du-territoire-2","url":"https:\/\/www.africa-press.net\/cotedivoire\/politique\/en-prelude-a-la-revision-de-la-liste-electorale-la-cei-annonce-lactualisation-de-la-cartographie-electorale-du-1er-au-30-avril-sur-lensemble-du-territoire-2","name":"En pr\u00e9lude \u00e0 la r\u00e9vision de la liste \u00e9lectorale, la CEI annonce l'actualisation de la cartographie \u00e9lectorale du 1er au 30 avril sur l'ensemble du territoire - C\u00f4te d&#039;Ivoire","isPartOf":{"@id":"https:\/\/www.africa-press.net\/cotedivoire\/#website"},"primaryImageOfPage":{"@id":"https:\/\/www.africa-press.net\/cotedivoire\/politique\/en-prelude-a-la-revision-de-la-liste-electorale-la-cei-annonce-lactualisation-de-la-cartographie-electorale-du-1er-au-30-avril-sur-lensemble-du-territoire-2#primaryimage"},"image":{"@id":"https:\/\/www.africa-press.net\/cotedivoire\/politique\/en-prelude-a-la-revision-de-la-liste-electorale-la-cei-annonce-lactualisation-de-la-cartographie-electorale-du-1er-au-30-avril-sur-lensemble-du-territoire-2#primaryimage"},"thumbnailUrl":"https:\/\/static.africa-press.net\/cote\/sites\/43\/2024\/03\/sm_1711550929.876804.jpg","datePublished":"2024-03-27T17:13:26+00:00","dateModified":"2024-03-27T18:19:46+00:00","author":{"@id":"https:\/\/www.africa-press.net\/cotedivoire\/#\/schema\/person\/2b1cf3cd81a31e3cd26889ca66d677f1"},"description":"La re\u0301vision de la liste e\u0301lectorale en vue des futures e\u0301lections de 2025, c'est pour tre\u0300s biento\u0302t. En pre\u0301lude a\u0300 ce ...","breadcrumb":{"@id":"https:\/\/www.africa-press.net\/cotedivoire\/politique\/en-prelude-a-la-revision-de-la-liste-electorale-la-cei-annonce-lactualisation-de-la-cartographie-electorale-du-1er-au-30-avril-sur-lensemble-du-territoire-2#breadcrumb"},"inLanguage":"fr-FR","potentialAction":[{"@type":"ReadAction","target":["https:\/\/www.africa-press.net\/cotedivoire\/politique\/en-prelude-a-la-revision-de-la-liste-electorale-la-cei-annonce-lactualisation-de-la-cartographie-electorale-du-1er-au-30-avril-sur-lensemble-du-territoire-2"]}]},{"@type":"ImageObject","inLanguage":"fr-FR","@id":"https:\/\/www.africa-press.net\/cotedivoire\/politique\/en-prelude-a-la-revision-de-la-liste-electorale-la-cei-annonce-lactualisation-de-la-cartographie-electorale-du-1er-au-30-avril-sur-lensemble-du-territoire-2#primaryimage","url":"https:\/\/static.africa-press.net\/cote\/sites\/43\/2024\/03\/sm_1711550929.876804.jpg","contentUrl":"https:\/\/static.africa-press.net\/cote\/sites\/43\/2024\/03\/sm_1711550929.876804.jpg","width":720,"height":366,"caption":"En pr\u00e9lude \u00e0 la r\u00e9vision de la liste \u00e9lectorale, la CEI annonce l'actualisation de la cartographie \u00e9lectorale du 1er au 30 avril sur l'ensemble du territoire"},{"@type":"BreadcrumbList","@id":"https:\/\/www.africa-press.net\/cotedivoire\/politique\/en-prelude-a-la-revision-de-la-liste-electorale-la-cei-annonce-lactualisation-de-la-cartographie-electorale-du-1er-au-30-avril-sur-lensemble-du-territoire-2#breadcrumb","itemListElement":[{"@type":"ListItem","position":1,"name":"Accueil","item":"https:\/\/www.africa-press.net\/cotedivoire\/"},{"@type":"ListItem","position":2,"name":"En pr\u00e9lude \u00e0 la r\u00e9vision de la liste \u00e9lectorale, la CEI annonce l&#8217;actualisation de la cartographie \u00e9lectorale du 1er au 30 avril sur l&#8217;ensemble du territoire"}]},{"@type":"WebSite","@id":"https:\/\/www.africa-press.net\/cotedivoire\/#website","url":"https:\/\/www.africa-press.net\/cotedivoire\/","name":"C\u00f4te d&#039;Ivoire","description":"Just another Africa News Agency Sites site","potentialAction":[{"@type":"SearchAction","target":{"@type":"EntryPoint","urlTemplate":"https:\/\/www.africa-press.net\/cotedivoire\/?s={search_term_string}"},"query-input":{"@type":"PropertyValueSpecification","valueRequired":true,"valueName":"search_term_string"}}],"inLanguage":"fr-FR"},{"@type":"Person","@id":"https:\/\/www.africa-press.net\/cotedivoire\/#\/schema\/person\/2b1cf3cd81a31e3cd26889ca66d677f1","name":"cfeditorfr"}]}},"_links":{"self":[{"href":"https:\/\/www.africa-press.net\/cotedivoire\/wp-json\/wp\/v2\/posts\/77076","targetHints":{"allow":["GET"]}}],"collection":[{"href":"https:\/\/www.africa-press.net\/cotedivoire\/wp-json\/wp\/v2\/posts"}],"about":[{"href":"https:\/\/www.africa-press.net\/cotedivoire\/wp-json\/wp\/v2\/types\/post"}],"author":[{"embeddable":true,"href":"https:\/\/www.africa-press.net\/cotedivoire\/wp-json\/wp\/v2\/users\/82"}],"replies":[{"embeddable":true,"href":"https:\/\/www.africa-press.net\/cotedivoire\/wp-json\/wp\/v2\/comments?post=77076"}],"version-history":[{"count":0,"href":"https:\/\/www.africa-press.net\/cotedivoire\/wp-json\/wp\/v2\/posts\/77076\/revisions"}],"wp:featuredmedia":[{"embeddable":true,"href":"https:\/\/www.africa-press.net\/cotedivoire\/wp-json\/wp\/v2\/media\/77075"}],"wp:attachment":[{"href":"https:\/\/www.africa-press.net\/cotedivoire\/wp-json\/wp\/v2\/media?parent=77076"}],"wp:term":[{"taxonomy":"category","embeddable":true,"href":"https:\/\/www.africa-press.net\/cotedivoire\/wp-json\/wp\/v2\/categories?post=77076"},{"taxonomy":"post_tag","embeddable":true,"href":"https:\/\/www.africa-press.net\/cotedivoire\/wp-json\/wp\/v2\/tags?post=77076"}],"curies":[{"name":"wp","href":"https:\/\/api.w.org\/{rel}","templated":true}]}}