{"id":77159,"date":"2024-03-28T17:59:09","date_gmt":"2024-03-28T17:59:09","guid":{"rendered":"https:\/\/www.africa-press.net\/cotedivoire\/politique\/le-secretaire-detat-americain-felicite-le-cocan-et-annonce-que-son-pays-veut-poursuivre-le-partenariat-avec-gouvernement-a-lappui-devenements"},"modified":"2024-03-28T19:13:05","modified_gmt":"2024-03-28T19:13:05","slug":"le-secretaire-detat-americain-felicite-le-cocan-et-annonce-que-son-pays-veut-poursuivre-le-partenariat-avec-gouvernement-a-lappui-devenements","status":"publish","type":"post","link":"https:\/\/www.africa-press.net\/cotedivoire\/politique\/le-secretaire-detat-americain-felicite-le-cocan-et-annonce-que-son-pays-veut-poursuivre-le-partenariat-avec-gouvernement-a-lappui-devenements","title":{"rendered":"Le Secr\u00e9taire d&rsquo;\u00c9tat Am\u00e9ricain  f\u00e9licite le  COCAN et annonce que son pays veut poursuivre le partenariat avec gouvernement \u00e0 l&rsquo;appui d&rsquo;\u00e9v\u00e9nements"},"content":{"rendered":"<p><span style=\"color: #ff6600\"><strong>Africa-Press &#8211; C\u00f4te d&rsquo;Ivoire. <\/strong><\/span>Le Pre\u0301sident du COCAN (Comite\u0301 d\u2019Organisation de la Coupe d\u2019Afrique des Nations) 2023, Albert Franc\u0327ois Amichia, a rec\u0327u la visite de l\u2019Ambassadrice des E\u0301tats Unis d\u2019Ame\u0301rique en Co\u0302te d\u2019Ivoire, SEM Jessica Davis Ba.<\/p>\n<p>La Diplomate e\u0301tait porteuse d\u2019un message du Secre\u0301taire Ame\u0301ricain, M. Anthony Blinken au COCAN.<\/p>\n<p>Dans ce courriel M. Blinken fe\u0301licite le pre\u0301sident du COCAN pour l\u2019organisation re\u0301ussie de cette Coupe d\u2019Afrique des Nations 2023 ainsi que pour l\u2019accueil qui lui a e\u0301te\u0301 re\u0301serve\u0301 lors de sa visite en terre ivoirienne.<\/p>\n<p>Donatien Kautcha, Abidjan<\/p>\n<p>Ci-dessous le message du Secre\u0301taire Ame\u0301ricain, M. Anthony Blinken au COCAN.<\/p>\n<p>\u00ab Son Excellence Franc\u0327ois Albert Amichia, Pre\u0301sident du Comite\u0301 d&rsquo;organisation de la Co\u0302te d&rsquo;Ivoire (COCAN)<\/p>\n<p>De la Re\u0301publique de Co\u0302te d&rsquo;Ivoire Abidjan<\/p>\n<p>Cher Pre\u0301sident Amichia:<\/p>\n<p>Ce fut un plaisir de vous rencontrer lors de ma re\u0301cente visite a\u0300 Abidjan.<\/p>\n<p>Merci d&rsquo;avoir pris le temps de m&rsquo;accueillir en Co\u0302te d&rsquo;Ivoire pendant la Coupe d&rsquo;Afrique des Nations.<\/p>\n<p>Je suis extraordinairement reconnaissant d&rsquo;avoir eu l&rsquo;occasion de regarder les e\u0301le\u0301phants jouer et je suis heureux d&rsquo;apprendre qu&rsquo;ils sont arrive\u0301s aux quarts de finale.<\/p>\n<p>Nous sommes impatients de poursuivre le partenariat avec vous et votre gouvernement a\u0300 l&rsquo;appui d&rsquo;e\u0301ve\u0301nements comme la Coupe d&rsquo;Afrique des Nations qui rassemblent des personnes et des communaute\u0301s a\u0300 travers le pays et le continent. \u00bb<\/p>\n<p><strong>Pour plus d&rsquo;informations et d&rsquo;analyses sur la <a href=\"https:\/\/www.africa-press.net\/cotedivoire\">C\u00f4te d&rsquo;Ivoire<\/a>, suivez <a href=\"https:\/\/www.africa-press.net\/\">Africa-Press<\/a><\/strong><\/p>\n","protected":false},"excerpt":{"rendered":"<p>Africa-Press &#8211; C\u00f4te d&rsquo;Ivoire. Le Pre\u0301sident du COCAN (Comite\u0301 d\u2019Organisation de la Coupe d\u2019Afrique des Nations) 2023, Albert Franc\u0327ois Amichia, a rec\u0327u la visite de l\u2019Ambassadrice des E\u0301tats Unis d\u2019Ame\u0301rique en Co\u0302te d\u2019Ivoire, SEM Jessica Davis Ba. La Diplomate e\u0301tait porteuse d\u2019un message du Secre\u0301taire Ame\u0301ricain, M. Anthony Blinken au COCAN. Dans ce courriel M. [&hellip;]<\/p>\n","protected":false},"author":82,"featured_media":77158,"comment_status":"open","ping_status":"closed","sticky":false,"template":"","format":"standard","meta":{"footnotes":""},"categories":[2,10],"tags":[56,63,4988,1791,29,1830,762,8470],"class_list":["post-77159","post","type-post","status-publish","format-standard","has-post-thumbnail","hentry","category-politique","category-toutes-les-actualites","tag-africa-press","tag-africa-press-cote-divoire","tag-anthony-blinken","tag-cocan","tag-cote-divoire","tag-francois-amichia","tag-gouvernement","tag-jessica-davis-ba"],"yoast_head":"<!-- This site is optimized with the Yoast SEO Premium plugin v26.1 (Yoast SEO v27.0) - https:\/\/yoast.com\/product\/yoast-seo-premium-wordpress\/ -->\n<title>Le Secr\u00e9taire d&#039;\u00c9tat Am\u00e9ricain f\u00e9licite le COCAN et annonce que son pays veut poursuivre le partenariat avec gouvernement \u00e0 l&#039;appui d&#039;\u00e9v\u00e9nements - C\u00f4te d&#039;Ivoire<\/title>\n<meta name=\"description\" content=\"Le Pre\u0301sident du COCAN (Comite\u0301 d\u2019Organisation de la Coupe d\u2019Afrique des Nations) 2023, Albert Franc\u0327ois Amichia, a rec\u0327 ...\" \/>\n<meta name=\"robots\" content=\"index, follow, max-snippet:-1, max-image-preview:large, max-video-preview:-1\" \/>\n<link rel=\"canonical\" href=\"https:\/\/www.africa-press.net\/cotedivoire\/politique\/le-secretaire-detat-americain-felicite-le-cocan-et-annonce-que-son-pays-veut-poursuivre-le-partenariat-avec-gouvernement-a-lappui-devenements\" \/>\n<meta property=\"og:locale\" content=\"fr_FR\" \/>\n<meta property=\"og:type\" content=\"article\" \/>\n<meta property=\"og:title\" content=\"Le Secr\u00e9taire d&#039;\u00c9tat Am\u00e9ricain f\u00e9licite le COCAN et annonce que son pays veut poursuivre le partenariat avec gouvernement \u00e0 l&#039;appui d&#039;\u00e9v\u00e9nements\" \/>\n<meta property=\"og:description\" content=\"Le Pre\u0301sident du COCAN (Comite\u0301 d\u2019Organisation de la Coupe d\u2019Afrique des Nations) 2023, Albert Franc\u0327ois Amichia, a rec\u0327 ...\" \/>\n<meta property=\"og:url\" content=\"https:\/\/www.africa-press.net\/cotedivoire\/politique\/le-secretaire-detat-americain-felicite-le-cocan-et-annonce-que-son-pays-veut-poursuivre-le-partenariat-avec-gouvernement-a-lappui-devenements\" \/>\n<meta property=\"og:site_name\" content=\"C\u00f4te d&#039;Ivoire\" \/>\n<meta property=\"article:published_time\" content=\"2024-03-28T17:59:09+00:00\" \/>\n<meta property=\"article:modified_time\" content=\"2024-03-28T19:13:05+00:00\" \/>\n<meta property=\"og:image\" content=\"https:\/\/static.africa-press.net\/cote\/sites\/43\/2024\/03\/sm_1711640331.583698.jpg\" \/>\n\t<meta property=\"og:image:width\" content=\"720\" \/>\n\t<meta property=\"og:image:height\" content=\"531\" \/>\n\t<meta property=\"og:image:type\" content=\"image\/jpeg\" \/>\n<meta name=\"author\" content=\"cfeditorfr\" \/>\n<meta name=\"twitter:card\" content=\"summary_large_image\" \/>\n<meta name=\"twitter:label1\" content=\"\u00c9crit par\" \/>\n\t<meta name=\"twitter:data1\" content=\"cfeditorfr\" \/>\n\t<meta name=\"twitter:label2\" content=\"Dur\u00e9e de lecture estim\u00e9e\" \/>\n\t<meta name=\"twitter:data2\" content=\"2 minutes\" \/>\n<script type=\"application\/ld+json\" class=\"yoast-schema-graph\">{\"@context\":\"https:\/\/schema.org\",\"@graph\":[{\"@type\":\"Article\",\"@id\":\"https:\/\/www.africa-press.net\/cotedivoire\/politique\/le-secretaire-detat-americain-felicite-le-cocan-et-annonce-que-son-pays-veut-poursuivre-le-partenariat-avec-gouvernement-a-lappui-devenements#article\",\"isPartOf\":{\"@id\":\"https:\/\/www.africa-press.net\/cotedivoire\/politique\/le-secretaire-detat-americain-felicite-le-cocan-et-annonce-que-son-pays-veut-poursuivre-le-partenariat-avec-gouvernement-a-lappui-devenements\"},\"author\":{\"name\":\"cfeditorfr\",\"@id\":\"https:\/\/www.africa-press.net\/cotedivoire\/#\/schema\/person\/2b1cf3cd81a31e3cd26889ca66d677f1\"},\"headline\":\"Le Secr\u00e9taire d&rsquo;\u00c9tat Am\u00e9ricain f\u00e9licite le COCAN et annonce que son pays veut poursuivre le partenariat avec gouvernement \u00e0 l&rsquo;appui d&rsquo;\u00e9v\u00e9nements\",\"datePublished\":\"2024-03-28T17:59:09+00:00\",\"dateModified\":\"2024-03-28T19:13:05+00:00\",\"mainEntityOfPage\":{\"@id\":\"https:\/\/www.africa-press.net\/cotedivoire\/politique\/le-secretaire-detat-americain-felicite-le-cocan-et-annonce-que-son-pays-veut-poursuivre-le-partenariat-avec-gouvernement-a-lappui-devenements\"},\"wordCount\":309,\"commentCount\":0,\"image\":{\"@id\":\"https:\/\/www.africa-press.net\/cotedivoire\/politique\/le-secretaire-detat-americain-felicite-le-cocan-et-annonce-que-son-pays-veut-poursuivre-le-partenariat-avec-gouvernement-a-lappui-devenements#primaryimage\"},\"thumbnailUrl\":\"https:\/\/static.africa-press.net\/cote\/sites\/43\/2024\/03\/sm_1711640331.583698.jpg\",\"keywords\":[\"Africa Press\",\"Africa Press-C\u00f4te d'Ivoire\",\"Anthony Blinken\",\"COCAN\",\"C\u00d4TE D'IVOIRE\",\"Fran\u00e7ois Amichia\",\"Gouvernement\",\"Jessica Davis Ba\"],\"articleSection\":[\"Politique\",\"Toutes les actualit\u00e9s\"],\"inLanguage\":\"fr-FR\",\"potentialAction\":[{\"@type\":\"CommentAction\",\"name\":\"Comment\",\"target\":[\"https:\/\/www.africa-press.net\/cotedivoire\/politique\/le-secretaire-detat-americain-felicite-le-cocan-et-annonce-que-son-pays-veut-poursuivre-le-partenariat-avec-gouvernement-a-lappui-devenements#respond\"]}]},{\"@type\":\"WebPage\",\"@id\":\"https:\/\/www.africa-press.net\/cotedivoire\/politique\/le-secretaire-detat-americain-felicite-le-cocan-et-annonce-que-son-pays-veut-poursuivre-le-partenariat-avec-gouvernement-a-lappui-devenements\",\"url\":\"https:\/\/www.africa-press.net\/cotedivoire\/politique\/le-secretaire-detat-americain-felicite-le-cocan-et-annonce-que-son-pays-veut-poursuivre-le-partenariat-avec-gouvernement-a-lappui-devenements\",\"name\":\"Le Secr\u00e9taire d'\u00c9tat Am\u00e9ricain f\u00e9licite le COCAN et annonce que son pays veut poursuivre le partenariat avec gouvernement \u00e0 l'appui d'\u00e9v\u00e9nements - C\u00f4te d&#039;Ivoire\",\"isPartOf\":{\"@id\":\"https:\/\/www.africa-press.net\/cotedivoire\/#website\"},\"primaryImageOfPage\":{\"@id\":\"https:\/\/www.africa-press.net\/cotedivoire\/politique\/le-secretaire-detat-americain-felicite-le-cocan-et-annonce-que-son-pays-veut-poursuivre-le-partenariat-avec-gouvernement-a-lappui-devenements#primaryimage\"},\"image\":{\"@id\":\"https:\/\/www.africa-press.net\/cotedivoire\/politique\/le-secretaire-detat-americain-felicite-le-cocan-et-annonce-que-son-pays-veut-poursuivre-le-partenariat-avec-gouvernement-a-lappui-devenements#primaryimage\"},\"thumbnailUrl\":\"https:\/\/static.africa-press.net\/cote\/sites\/43\/2024\/03\/sm_1711640331.583698.jpg\",\"datePublished\":\"2024-03-28T17:59:09+00:00\",\"dateModified\":\"2024-03-28T19:13:05+00:00\",\"author\":{\"@id\":\"https:\/\/www.africa-press.net\/cotedivoire\/#\/schema\/person\/2b1cf3cd81a31e3cd26889ca66d677f1\"},\"description\":\"Le Pre\u0301sident du COCAN (Comite\u0301 d\u2019Organisation de la Coupe d\u2019Afrique des Nations) 2023, Albert Franc\u0327ois Amichia, a rec\u0327 ...\",\"breadcrumb\":{\"@id\":\"https:\/\/www.africa-press.net\/cotedivoire\/politique\/le-secretaire-detat-americain-felicite-le-cocan-et-annonce-que-son-pays-veut-poursuivre-le-partenariat-avec-gouvernement-a-lappui-devenements#breadcrumb\"},\"inLanguage\":\"fr-FR\",\"potentialAction\":[{\"@type\":\"ReadAction\",\"target\":[\"https:\/\/www.africa-press.net\/cotedivoire\/politique\/le-secretaire-detat-americain-felicite-le-cocan-et-annonce-que-son-pays-veut-poursuivre-le-partenariat-avec-gouvernement-a-lappui-devenements\"]}]},{\"@type\":\"ImageObject\",\"inLanguage\":\"fr-FR\",\"@id\":\"https:\/\/www.africa-press.net\/cotedivoire\/politique\/le-secretaire-detat-americain-felicite-le-cocan-et-annonce-que-son-pays-veut-poursuivre-le-partenariat-avec-gouvernement-a-lappui-devenements#primaryimage\",\"url\":\"https:\/\/static.africa-press.net\/cote\/sites\/43\/2024\/03\/sm_1711640331.583698.jpg\",\"contentUrl\":\"https:\/\/static.africa-press.net\/cote\/sites\/43\/2024\/03\/sm_1711640331.583698.jpg\",\"width\":720,\"height\":531,\"caption\":\"Le Secr\u00e9taire d'\u00c9tat Am\u00e9ricain f\u00e9licite le COCAN et annonce que son pays veut poursuivre le partenariat avec gouvernement \u00e0 l'appui d'\u00e9v\u00e9nements\"},{\"@type\":\"BreadcrumbList\",\"@id\":\"https:\/\/www.africa-press.net\/cotedivoire\/politique\/le-secretaire-detat-americain-felicite-le-cocan-et-annonce-que-son-pays-veut-poursuivre-le-partenariat-avec-gouvernement-a-lappui-devenements#breadcrumb\",\"itemListElement\":[{\"@type\":\"ListItem\",\"position\":1,\"name\":\"Accueil\",\"item\":\"https:\/\/www.africa-press.net\/cotedivoire\/\"},{\"@type\":\"ListItem\",\"position\":2,\"name\":\"Le Secr\u00e9taire d&#8217;\u00c9tat Am\u00e9ricain f\u00e9licite le COCAN et annonce que son pays veut poursuivre le partenariat avec gouvernement \u00e0 l&#8217;appui d&#8217;\u00e9v\u00e9nements\"}]},{\"@type\":\"WebSite\",\"@id\":\"https:\/\/www.africa-press.net\/cotedivoire\/#website\",\"url\":\"https:\/\/www.africa-press.net\/cotedivoire\/\",\"name\":\"C\u00f4te d&#039;Ivoire\",\"description\":\"Just another Africa News Agency Sites site\",\"potentialAction\":[{\"@type\":\"SearchAction\",\"target\":{\"@type\":\"EntryPoint\",\"urlTemplate\":\"https:\/\/www.africa-press.net\/cotedivoire\/?s={search_term_string}\"},\"query-input\":{\"@type\":\"PropertyValueSpecification\",\"valueRequired\":true,\"valueName\":\"search_term_string\"}}],\"inLanguage\":\"fr-FR\"},{\"@type\":\"Person\",\"@id\":\"https:\/\/www.africa-press.net\/cotedivoire\/#\/schema\/person\/2b1cf3cd81a31e3cd26889ca66d677f1\",\"name\":\"cfeditorfr\"}]}<\/script>\n<!-- \/ Yoast SEO Premium plugin. -->","yoast_head_json":{"title":"Le Secr\u00e9taire d'\u00c9tat Am\u00e9ricain f\u00e9licite le COCAN et annonce que son pays veut poursuivre le partenariat avec gouvernement \u00e0 l'appui d'\u00e9v\u00e9nements - C\u00f4te d&#039;Ivoire","description":"Le Pre\u0301sident du COCAN (Comite\u0301 d\u2019Organisation de la Coupe d\u2019Afrique des Nations) 2023, Albert Franc\u0327ois Amichia, a rec\u0327 ...","robots":{"index":"index","follow":"follow","max-snippet":"max-snippet:-1","max-image-preview":"max-image-preview:large","max-video-preview":"max-video-preview:-1"},"canonical":"https:\/\/www.africa-press.net\/cotedivoire\/politique\/le-secretaire-detat-americain-felicite-le-cocan-et-annonce-que-son-pays-veut-poursuivre-le-partenariat-avec-gouvernement-a-lappui-devenements","og_locale":"fr_FR","og_type":"article","og_title":"Le Secr\u00e9taire d'\u00c9tat Am\u00e9ricain f\u00e9licite le COCAN et annonce que son pays veut poursuivre le partenariat avec gouvernement \u00e0 l'appui d'\u00e9v\u00e9nements","og_description":"Le Pre\u0301sident du COCAN (Comite\u0301 d\u2019Organisation de la Coupe d\u2019Afrique des Nations) 2023, Albert Franc\u0327ois Amichia, a rec\u0327 ...","og_url":"https:\/\/www.africa-press.net\/cotedivoire\/politique\/le-secretaire-detat-americain-felicite-le-cocan-et-annonce-que-son-pays-veut-poursuivre-le-partenariat-avec-gouvernement-a-lappui-devenements","og_site_name":"C\u00f4te d&#039;Ivoire","article_published_time":"2024-03-28T17:59:09+00:00","article_modified_time":"2024-03-28T19:13:05+00:00","og_image":[{"width":720,"height":531,"url":"https:\/\/static.africa-press.net\/cote\/sites\/43\/2024\/03\/sm_1711640331.583698.jpg","type":"image\/jpeg"}],"author":"cfeditorfr","twitter_card":"summary_large_image","twitter_misc":{"\u00c9crit par":"cfeditorfr","Dur\u00e9e de lecture estim\u00e9e":"2 minutes"},"schema":{"@context":"https:\/\/schema.org","@graph":[{"@type":"Article","@id":"https:\/\/www.africa-press.net\/cotedivoire\/politique\/le-secretaire-detat-americain-felicite-le-cocan-et-annonce-que-son-pays-veut-poursuivre-le-partenariat-avec-gouvernement-a-lappui-devenements#article","isPartOf":{"@id":"https:\/\/www.africa-press.net\/cotedivoire\/politique\/le-secretaire-detat-americain-felicite-le-cocan-et-annonce-que-son-pays-veut-poursuivre-le-partenariat-avec-gouvernement-a-lappui-devenements"},"author":{"name":"cfeditorfr","@id":"https:\/\/www.africa-press.net\/cotedivoire\/#\/schema\/person\/2b1cf3cd81a31e3cd26889ca66d677f1"},"headline":"Le Secr\u00e9taire d&rsquo;\u00c9tat Am\u00e9ricain f\u00e9licite le COCAN et annonce que son pays veut poursuivre le partenariat avec gouvernement \u00e0 l&rsquo;appui d&rsquo;\u00e9v\u00e9nements","datePublished":"2024-03-28T17:59:09+00:00","dateModified":"2024-03-28T19:13:05+00:00","mainEntityOfPage":{"@id":"https:\/\/www.africa-press.net\/cotedivoire\/politique\/le-secretaire-detat-americain-felicite-le-cocan-et-annonce-que-son-pays-veut-poursuivre-le-partenariat-avec-gouvernement-a-lappui-devenements"},"wordCount":309,"commentCount":0,"image":{"@id":"https:\/\/www.africa-press.net\/cotedivoire\/politique\/le-secretaire-detat-americain-felicite-le-cocan-et-annonce-que-son-pays-veut-poursuivre-le-partenariat-avec-gouvernement-a-lappui-devenements#primaryimage"},"thumbnailUrl":"https:\/\/static.africa-press.net\/cote\/sites\/43\/2024\/03\/sm_1711640331.583698.jpg","keywords":["Africa Press","Africa Press-C\u00f4te d'Ivoire","Anthony Blinken","COCAN","C\u00d4TE D'IVOIRE","Fran\u00e7ois Amichia","Gouvernement","Jessica Davis Ba"],"articleSection":["Politique","Toutes les actualit\u00e9s"],"inLanguage":"fr-FR","potentialAction":[{"@type":"CommentAction","name":"Comment","target":["https:\/\/www.africa-press.net\/cotedivoire\/politique\/le-secretaire-detat-americain-felicite-le-cocan-et-annonce-que-son-pays-veut-poursuivre-le-partenariat-avec-gouvernement-a-lappui-devenements#respond"]}]},{"@type":"WebPage","@id":"https:\/\/www.africa-press.net\/cotedivoire\/politique\/le-secretaire-detat-americain-felicite-le-cocan-et-annonce-que-son-pays-veut-poursuivre-le-partenariat-avec-gouvernement-a-lappui-devenements","url":"https:\/\/www.africa-press.net\/cotedivoire\/politique\/le-secretaire-detat-americain-felicite-le-cocan-et-annonce-que-son-pays-veut-poursuivre-le-partenariat-avec-gouvernement-a-lappui-devenements","name":"Le Secr\u00e9taire d'\u00c9tat Am\u00e9ricain f\u00e9licite le COCAN et annonce que son pays veut poursuivre le partenariat avec gouvernement \u00e0 l'appui d'\u00e9v\u00e9nements - C\u00f4te d&#039;Ivoire","isPartOf":{"@id":"https:\/\/www.africa-press.net\/cotedivoire\/#website"},"primaryImageOfPage":{"@id":"https:\/\/www.africa-press.net\/cotedivoire\/politique\/le-secretaire-detat-americain-felicite-le-cocan-et-annonce-que-son-pays-veut-poursuivre-le-partenariat-avec-gouvernement-a-lappui-devenements#primaryimage"},"image":{"@id":"https:\/\/www.africa-press.net\/cotedivoire\/politique\/le-secretaire-detat-americain-felicite-le-cocan-et-annonce-que-son-pays-veut-poursuivre-le-partenariat-avec-gouvernement-a-lappui-devenements#primaryimage"},"thumbnailUrl":"https:\/\/static.africa-press.net\/cote\/sites\/43\/2024\/03\/sm_1711640331.583698.jpg","datePublished":"2024-03-28T17:59:09+00:00","dateModified":"2024-03-28T19:13:05+00:00","author":{"@id":"https:\/\/www.africa-press.net\/cotedivoire\/#\/schema\/person\/2b1cf3cd81a31e3cd26889ca66d677f1"},"description":"Le Pre\u0301sident du COCAN (Comite\u0301 d\u2019Organisation de la Coupe d\u2019Afrique des Nations) 2023, Albert Franc\u0327ois Amichia, a rec\u0327 ...","breadcrumb":{"@id":"https:\/\/www.africa-press.net\/cotedivoire\/politique\/le-secretaire-detat-americain-felicite-le-cocan-et-annonce-que-son-pays-veut-poursuivre-le-partenariat-avec-gouvernement-a-lappui-devenements#breadcrumb"},"inLanguage":"fr-FR","potentialAction":[{"@type":"ReadAction","target":["https:\/\/www.africa-press.net\/cotedivoire\/politique\/le-secretaire-detat-americain-felicite-le-cocan-et-annonce-que-son-pays-veut-poursuivre-le-partenariat-avec-gouvernement-a-lappui-devenements"]}]},{"@type":"ImageObject","inLanguage":"fr-FR","@id":"https:\/\/www.africa-press.net\/cotedivoire\/politique\/le-secretaire-detat-americain-felicite-le-cocan-et-annonce-que-son-pays-veut-poursuivre-le-partenariat-avec-gouvernement-a-lappui-devenements#primaryimage","url":"https:\/\/static.africa-press.net\/cote\/sites\/43\/2024\/03\/sm_1711640331.583698.jpg","contentUrl":"https:\/\/static.africa-press.net\/cote\/sites\/43\/2024\/03\/sm_1711640331.583698.jpg","width":720,"height":531,"caption":"Le Secr\u00e9taire d'\u00c9tat Am\u00e9ricain f\u00e9licite le COCAN et annonce que son pays veut poursuivre le partenariat avec gouvernement \u00e0 l'appui d'\u00e9v\u00e9nements"},{"@type":"BreadcrumbList","@id":"https:\/\/www.africa-press.net\/cotedivoire\/politique\/le-secretaire-detat-americain-felicite-le-cocan-et-annonce-que-son-pays-veut-poursuivre-le-partenariat-avec-gouvernement-a-lappui-devenements#breadcrumb","itemListElement":[{"@type":"ListItem","position":1,"name":"Accueil","item":"https:\/\/www.africa-press.net\/cotedivoire\/"},{"@type":"ListItem","position":2,"name":"Le Secr\u00e9taire d&#8217;\u00c9tat Am\u00e9ricain f\u00e9licite le COCAN et annonce que son pays veut poursuivre le partenariat avec gouvernement \u00e0 l&#8217;appui d&#8217;\u00e9v\u00e9nements"}]},{"@type":"WebSite","@id":"https:\/\/www.africa-press.net\/cotedivoire\/#website","url":"https:\/\/www.africa-press.net\/cotedivoire\/","name":"C\u00f4te d&#039;Ivoire","description":"Just another Africa News Agency Sites site","potentialAction":[{"@type":"SearchAction","target":{"@type":"EntryPoint","urlTemplate":"https:\/\/www.africa-press.net\/cotedivoire\/?s={search_term_string}"},"query-input":{"@type":"PropertyValueSpecification","valueRequired":true,"valueName":"search_term_string"}}],"inLanguage":"fr-FR"},{"@type":"Person","@id":"https:\/\/www.africa-press.net\/cotedivoire\/#\/schema\/person\/2b1cf3cd81a31e3cd26889ca66d677f1","name":"cfeditorfr"}]}},"_links":{"self":[{"href":"https:\/\/www.africa-press.net\/cotedivoire\/wp-json\/wp\/v2\/posts\/77159","targetHints":{"allow":["GET"]}}],"collection":[{"href":"https:\/\/www.africa-press.net\/cotedivoire\/wp-json\/wp\/v2\/posts"}],"about":[{"href":"https:\/\/www.africa-press.net\/cotedivoire\/wp-json\/wp\/v2\/types\/post"}],"author":[{"embeddable":true,"href":"https:\/\/www.africa-press.net\/cotedivoire\/wp-json\/wp\/v2\/users\/82"}],"replies":[{"embeddable":true,"href":"https:\/\/www.africa-press.net\/cotedivoire\/wp-json\/wp\/v2\/comments?post=77159"}],"version-history":[{"count":0,"href":"https:\/\/www.africa-press.net\/cotedivoire\/wp-json\/wp\/v2\/posts\/77159\/revisions"}],"wp:featuredmedia":[{"embeddable":true,"href":"https:\/\/www.africa-press.net\/cotedivoire\/wp-json\/wp\/v2\/media\/77158"}],"wp:attachment":[{"href":"https:\/\/www.africa-press.net\/cotedivoire\/wp-json\/wp\/v2\/media?parent=77159"}],"wp:term":[{"taxonomy":"category","embeddable":true,"href":"https:\/\/www.africa-press.net\/cotedivoire\/wp-json\/wp\/v2\/categories?post=77159"},{"taxonomy":"post_tag","embeddable":true,"href":"https:\/\/www.africa-press.net\/cotedivoire\/wp-json\/wp\/v2\/tags?post=77159"}],"curies":[{"name":"wp","href":"https:\/\/api.w.org\/{rel}","templated":true}]}}