{"id":77224,"date":"2024-03-29T18:04:32","date_gmt":"2024-03-29T18:04:32","guid":{"rendered":"https:\/\/www.africa-press.net\/cotedivoire\/politique\/un-terrain-dune-superficie-de-36-ha-a-anyama-pour-reloger-les-deguerpis-de-la-gesco-et-boribana"},"modified":"2024-03-29T18:09:23","modified_gmt":"2024-03-29T18:09:23","slug":"un-terrain-dune-superficie-de-36-ha-a-anyama-pour-reloger-les-deguerpis-de-la-gesco-et-boribana","status":"publish","type":"post","link":"https:\/\/www.africa-press.net\/cotedivoire\/toutes-les-actualites\/un-terrain-dune-superficie-de-36-ha-a-anyama-pour-reloger-les-deguerpis-de-la-gesco-et-boribana","title":{"rendered":"Un terrain d&rsquo;une superficie de 36 Ha \u00e0 Anyama pour reloger les d\u00e9guerpis  de la Gesco et Boribana"},"content":{"rendered":"<p><span style=\"color: #ff6600\"><strong>Africa-Press &#8211; C\u00f4te d&rsquo;Ivoire. <\/strong><\/span>Comme annonce\u0301 par le Gouvernement, les populations de\u0301guerpies de Boribana a\u0300 Atte\u0301coube\u0301, et Gesco a\u0300 Yopougon vont e\u0302tre reloge\u0301es.<\/p>\n<p>A\u0300 cet effet, un terrain d&rsquo;une superficie de 36 Ha, situe\u0301 dans le village Adonkoi 1, a\u0300 Anyama, abritera les futurs logements des personnes de\u0301guerpies des communes d&rsquo;Atte\u0301coube\u0301 et Yopougon, suite a\u0300 l&rsquo;ope\u0301ration d&rsquo;assainissement.<\/p>\n<p>Par la voix de son chef, Nanan Yapi Gbesso Isaac, le village a marque\u0301 son approbation pour l&rsquo;octroi de ce terrain, le jeudi 28 mars 2024, en pre\u0301sence du Chef du Gouvernement, Robert Beugre\u0301 Mambe\u0301.<\/p>\n<p>\u00ab Vous avez accepte\u0301 que vos fre\u0300res qui ont des difficulte\u0301s pour se loger a\u0300 Abidjan puissent trouver un peu d&rsquo;espace ici [&#8230;] Le pre\u0301sident de la Re\u0301publique m&rsquo;a charge\u0301 de vous dire merci [&#8230;] Le fait que vous ouvriez votre c\u0153ur, va ouvrir d&rsquo;autres choses pour vous.\u00a0\u00bb, a de\u0301clare\u0301 le Premier Ministre, qui a par ailleurs rassure\u0301 le village que ses dole\u0301ances seront satisfaites. \u00bb<\/p>\n<p>Soulignons que, le relogement des de\u0301guerpis sur ledit terrain fait suite aux dispositions prises pour ces populations, lors du Conseil des Ministres tenu le 13 mars 2024.<\/p>\n<p><strong>Pour plus d&rsquo;informations et d&rsquo;analyses sur la <a href=\"https:\/\/www.africa-press.net\/cotedivoire\">C\u00f4te d&rsquo;Ivoire<\/a>, suivez <a href=\"https:\/\/www.africa-press.net\/\">Africa-Press<\/a><\/strong><\/p>\n","protected":false},"excerpt":{"rendered":"<p>Africa-Press &#8211; C\u00f4te d&rsquo;Ivoire. Comme annonce\u0301 par le Gouvernement, les populations de\u0301guerpies de Boribana a\u0300 Atte\u0301coube\u0301, et Gesco a\u0300 Yopougon vont e\u0302tre reloge\u0301es. A\u0300 cet effet, un terrain d&rsquo;une superficie de 36 Ha, situe\u0301 dans le village Adonkoi 1, a\u0300 Anyama, abritera les futurs logements des personnes de\u0301guerpies des communes d&rsquo;Atte\u0301coube\u0301 et Yopougon, suite a\u0300 [&hellip;]<\/p>\n","protected":false},"author":82,"featured_media":77222,"comment_status":"open","ping_status":"closed","sticky":false,"template":"","format":"standard","meta":{"footnotes":""},"categories":[21,10],"tags":[56,63,3075,504,2399,1216,29,12987,3078,2564],"class_list":["post-77224","post","type-post","status-publish","format-standard","has-post-thumbnail","hentry","category-communaute","category-toutes-les-actualites","tag-africa-press","tag-africa-press-cote-divoire","tag-andokoi","tag-anyama","tag-beugre-mambe","tag-boribana","tag-cote-divoire","tag-deguerpies","tag-gesco","tag-populations"],"yoast_head":"<!-- This site is optimized with the Yoast SEO Premium plugin v26.1 (Yoast SEO v27.0) - https:\/\/yoast.com\/product\/yoast-seo-premium-wordpress\/ -->\n<title>Un terrain d&#039;une superficie de 36 Ha \u00e0 Anyama pour reloger les d\u00e9guerpis de la Gesco et Boribana - C\u00f4te d&#039;Ivoire<\/title>\n<meta name=\"description\" content=\"Comme annonce\u0301 par le Gouvernement, les populations de\u0301guerpies de Boribana a\u0300 Atte\u0301coube\u0301, et Gesco a\u0300 Yopougon vont e\u0302 ...\" \/>\n<meta name=\"robots\" content=\"index, follow, max-snippet:-1, max-image-preview:large, max-video-preview:-1\" \/>\n<link rel=\"canonical\" href=\"https:\/\/www.africa-press.net\/cotedivoire\/toutes-les-actualites\/un-terrain-dune-superficie-de-36-ha-a-anyama-pour-reloger-les-deguerpis-de-la-gesco-et-boribana\" \/>\n<meta property=\"og:locale\" content=\"fr_FR\" \/>\n<meta property=\"og:type\" content=\"article\" \/>\n<meta property=\"og:title\" content=\"Un terrain d&#039;une superficie de 36 Ha \u00e0 Anyama pour reloger les d\u00e9guerpis de la Gesco et Boribana\" \/>\n<meta property=\"og:description\" content=\"Comme annonce\u0301 par le Gouvernement, les populations de\u0301guerpies de Boribana a\u0300 Atte\u0301coube\u0301, et Gesco a\u0300 Yopougon vont e\u0302 ...\" \/>\n<meta property=\"og:url\" content=\"https:\/\/www.africa-press.net\/cotedivoire\/toutes-les-actualites\/un-terrain-dune-superficie-de-36-ha-a-anyama-pour-reloger-les-deguerpis-de-la-gesco-et-boribana\" \/>\n<meta property=\"og:site_name\" content=\"C\u00f4te d&#039;Ivoire\" \/>\n<meta property=\"article:published_time\" content=\"2024-03-29T18:04:32+00:00\" \/>\n<meta property=\"article:modified_time\" content=\"2024-03-29T18:09:23+00:00\" \/>\n<meta property=\"og:image\" content=\"https:\/\/static.africa-press.net\/cote\/sites\/43\/2024\/03\/sm_1711723053.589184.jpg\" \/>\n\t<meta property=\"og:image:width\" content=\"720\" \/>\n\t<meta property=\"og:image:height\" content=\"406\" \/>\n\t<meta property=\"og:image:type\" content=\"image\/jpeg\" \/>\n<meta name=\"author\" content=\"cfeditorfr\" \/>\n<meta name=\"twitter:card\" content=\"summary_large_image\" \/>\n<meta name=\"twitter:label1\" content=\"\u00c9crit par\" \/>\n\t<meta name=\"twitter:data1\" content=\"cfeditorfr\" \/>\n\t<meta name=\"twitter:label2\" content=\"Dur\u00e9e de lecture estim\u00e9e\" \/>\n\t<meta name=\"twitter:data2\" content=\"2 minutes\" \/>\n<script type=\"application\/ld+json\" class=\"yoast-schema-graph\">{\"@context\":\"https:\/\/schema.org\",\"@graph\":[{\"@type\":\"Article\",\"@id\":\"https:\/\/www.africa-press.net\/cotedivoire\/toutes-les-actualites\/un-terrain-dune-superficie-de-36-ha-a-anyama-pour-reloger-les-deguerpis-de-la-gesco-et-boribana#article\",\"isPartOf\":{\"@id\":\"https:\/\/www.africa-press.net\/cotedivoire\/toutes-les-actualites\/un-terrain-dune-superficie-de-36-ha-a-anyama-pour-reloger-les-deguerpis-de-la-gesco-et-boribana\"},\"author\":{\"name\":\"cfeditorfr\",\"@id\":\"https:\/\/www.africa-press.net\/cotedivoire\/#\/schema\/person\/2b1cf3cd81a31e3cd26889ca66d677f1\"},\"headline\":\"Un terrain d&rsquo;une superficie de 36 Ha \u00e0 Anyama pour reloger les d\u00e9guerpis de la Gesco et Boribana\",\"datePublished\":\"2024-03-29T18:04:32+00:00\",\"dateModified\":\"2024-03-29T18:09:23+00:00\",\"mainEntityOfPage\":{\"@id\":\"https:\/\/www.africa-press.net\/cotedivoire\/toutes-les-actualites\/un-terrain-dune-superficie-de-36-ha-a-anyama-pour-reloger-les-deguerpis-de-la-gesco-et-boribana\"},\"wordCount\":234,\"commentCount\":0,\"image\":{\"@id\":\"https:\/\/www.africa-press.net\/cotedivoire\/toutes-les-actualites\/un-terrain-dune-superficie-de-36-ha-a-anyama-pour-reloger-les-deguerpis-de-la-gesco-et-boribana#primaryimage\"},\"thumbnailUrl\":\"https:\/\/static.africa-press.net\/cote\/sites\/43\/2024\/03\/sm_1711723053.589184.jpg\",\"keywords\":[\"Africa Press\",\"Africa Press-C\u00f4te d'Ivoire\",\"Andokoi\",\"Anyama\",\"Beugr\u00e9 Mamb\u00e9\",\"Boribana\",\"C\u00d4TE D'IVOIRE\",\"d\u00e9guerpies\",\"Gesco\",\"populations\"],\"articleSection\":[\"Communaut\u00e9\",\"Toutes les actualit\u00e9s\"],\"inLanguage\":\"fr-FR\",\"potentialAction\":[{\"@type\":\"CommentAction\",\"name\":\"Comment\",\"target\":[\"https:\/\/www.africa-press.net\/cotedivoire\/toutes-les-actualites\/un-terrain-dune-superficie-de-36-ha-a-anyama-pour-reloger-les-deguerpis-de-la-gesco-et-boribana#respond\"]}]},{\"@type\":\"WebPage\",\"@id\":\"https:\/\/www.africa-press.net\/cotedivoire\/toutes-les-actualites\/un-terrain-dune-superficie-de-36-ha-a-anyama-pour-reloger-les-deguerpis-de-la-gesco-et-boribana\",\"url\":\"https:\/\/www.africa-press.net\/cotedivoire\/toutes-les-actualites\/un-terrain-dune-superficie-de-36-ha-a-anyama-pour-reloger-les-deguerpis-de-la-gesco-et-boribana\",\"name\":\"Un terrain d'une superficie de 36 Ha \u00e0 Anyama pour reloger les d\u00e9guerpis de la Gesco et Boribana - C\u00f4te d&#039;Ivoire\",\"isPartOf\":{\"@id\":\"https:\/\/www.africa-press.net\/cotedivoire\/#website\"},\"primaryImageOfPage\":{\"@id\":\"https:\/\/www.africa-press.net\/cotedivoire\/toutes-les-actualites\/un-terrain-dune-superficie-de-36-ha-a-anyama-pour-reloger-les-deguerpis-de-la-gesco-et-boribana#primaryimage\"},\"image\":{\"@id\":\"https:\/\/www.africa-press.net\/cotedivoire\/toutes-les-actualites\/un-terrain-dune-superficie-de-36-ha-a-anyama-pour-reloger-les-deguerpis-de-la-gesco-et-boribana#primaryimage\"},\"thumbnailUrl\":\"https:\/\/static.africa-press.net\/cote\/sites\/43\/2024\/03\/sm_1711723053.589184.jpg\",\"datePublished\":\"2024-03-29T18:04:32+00:00\",\"dateModified\":\"2024-03-29T18:09:23+00:00\",\"author\":{\"@id\":\"https:\/\/www.africa-press.net\/cotedivoire\/#\/schema\/person\/2b1cf3cd81a31e3cd26889ca66d677f1\"},\"description\":\"Comme annonce\u0301 par le Gouvernement, les populations de\u0301guerpies de Boribana a\u0300 Atte\u0301coube\u0301, et Gesco a\u0300 Yopougon vont e\u0302 ...\",\"breadcrumb\":{\"@id\":\"https:\/\/www.africa-press.net\/cotedivoire\/toutes-les-actualites\/un-terrain-dune-superficie-de-36-ha-a-anyama-pour-reloger-les-deguerpis-de-la-gesco-et-boribana#breadcrumb\"},\"inLanguage\":\"fr-FR\",\"potentialAction\":[{\"@type\":\"ReadAction\",\"target\":[\"https:\/\/www.africa-press.net\/cotedivoire\/toutes-les-actualites\/un-terrain-dune-superficie-de-36-ha-a-anyama-pour-reloger-les-deguerpis-de-la-gesco-et-boribana\"]}]},{\"@type\":\"ImageObject\",\"inLanguage\":\"fr-FR\",\"@id\":\"https:\/\/www.africa-press.net\/cotedivoire\/toutes-les-actualites\/un-terrain-dune-superficie-de-36-ha-a-anyama-pour-reloger-les-deguerpis-de-la-gesco-et-boribana#primaryimage\",\"url\":\"https:\/\/static.africa-press.net\/cote\/sites\/43\/2024\/03\/sm_1711723053.589184.jpg\",\"contentUrl\":\"https:\/\/static.africa-press.net\/cote\/sites\/43\/2024\/03\/sm_1711723053.589184.jpg\",\"width\":720,\"height\":406,\"caption\":\"Un terrain d'une superficie de 36 Ha \u00e0 Anyama pour reloger les d\u00e9guerpis de la Gesco et Boribana\"},{\"@type\":\"BreadcrumbList\",\"@id\":\"https:\/\/www.africa-press.net\/cotedivoire\/toutes-les-actualites\/un-terrain-dune-superficie-de-36-ha-a-anyama-pour-reloger-les-deguerpis-de-la-gesco-et-boribana#breadcrumb\",\"itemListElement\":[{\"@type\":\"ListItem\",\"position\":1,\"name\":\"Accueil\",\"item\":\"https:\/\/www.africa-press.net\/cotedivoire\/\"},{\"@type\":\"ListItem\",\"position\":2,\"name\":\"Un terrain d&#8217;une superficie de 36 Ha \u00e0 Anyama pour reloger les d\u00e9guerpis de la Gesco et Boribana\"}]},{\"@type\":\"WebSite\",\"@id\":\"https:\/\/www.africa-press.net\/cotedivoire\/#website\",\"url\":\"https:\/\/www.africa-press.net\/cotedivoire\/\",\"name\":\"C\u00f4te d&#039;Ivoire\",\"description\":\"Just another Africa News Agency Sites site\",\"potentialAction\":[{\"@type\":\"SearchAction\",\"target\":{\"@type\":\"EntryPoint\",\"urlTemplate\":\"https:\/\/www.africa-press.net\/cotedivoire\/?s={search_term_string}\"},\"query-input\":{\"@type\":\"PropertyValueSpecification\",\"valueRequired\":true,\"valueName\":\"search_term_string\"}}],\"inLanguage\":\"fr-FR\"},{\"@type\":\"Person\",\"@id\":\"https:\/\/www.africa-press.net\/cotedivoire\/#\/schema\/person\/2b1cf3cd81a31e3cd26889ca66d677f1\",\"name\":\"cfeditorfr\"}]}<\/script>\n<!-- \/ Yoast SEO Premium plugin. -->","yoast_head_json":{"title":"Un terrain d'une superficie de 36 Ha \u00e0 Anyama pour reloger les d\u00e9guerpis de la Gesco et Boribana - C\u00f4te d&#039;Ivoire","description":"Comme annonce\u0301 par le Gouvernement, les populations de\u0301guerpies de Boribana a\u0300 Atte\u0301coube\u0301, et Gesco a\u0300 Yopougon vont e\u0302 ...","robots":{"index":"index","follow":"follow","max-snippet":"max-snippet:-1","max-image-preview":"max-image-preview:large","max-video-preview":"max-video-preview:-1"},"canonical":"https:\/\/www.africa-press.net\/cotedivoire\/toutes-les-actualites\/un-terrain-dune-superficie-de-36-ha-a-anyama-pour-reloger-les-deguerpis-de-la-gesco-et-boribana","og_locale":"fr_FR","og_type":"article","og_title":"Un terrain d'une superficie de 36 Ha \u00e0 Anyama pour reloger les d\u00e9guerpis de la Gesco et Boribana","og_description":"Comme annonce\u0301 par le Gouvernement, les populations de\u0301guerpies de Boribana a\u0300 Atte\u0301coube\u0301, et Gesco a\u0300 Yopougon vont e\u0302 ...","og_url":"https:\/\/www.africa-press.net\/cotedivoire\/toutes-les-actualites\/un-terrain-dune-superficie-de-36-ha-a-anyama-pour-reloger-les-deguerpis-de-la-gesco-et-boribana","og_site_name":"C\u00f4te d&#039;Ivoire","article_published_time":"2024-03-29T18:04:32+00:00","article_modified_time":"2024-03-29T18:09:23+00:00","og_image":[{"width":720,"height":406,"url":"https:\/\/static.africa-press.net\/cote\/sites\/43\/2024\/03\/sm_1711723053.589184.jpg","type":"image\/jpeg"}],"author":"cfeditorfr","twitter_card":"summary_large_image","twitter_misc":{"\u00c9crit par":"cfeditorfr","Dur\u00e9e de lecture estim\u00e9e":"2 minutes"},"schema":{"@context":"https:\/\/schema.org","@graph":[{"@type":"Article","@id":"https:\/\/www.africa-press.net\/cotedivoire\/toutes-les-actualites\/un-terrain-dune-superficie-de-36-ha-a-anyama-pour-reloger-les-deguerpis-de-la-gesco-et-boribana#article","isPartOf":{"@id":"https:\/\/www.africa-press.net\/cotedivoire\/toutes-les-actualites\/un-terrain-dune-superficie-de-36-ha-a-anyama-pour-reloger-les-deguerpis-de-la-gesco-et-boribana"},"author":{"name":"cfeditorfr","@id":"https:\/\/www.africa-press.net\/cotedivoire\/#\/schema\/person\/2b1cf3cd81a31e3cd26889ca66d677f1"},"headline":"Un terrain d&rsquo;une superficie de 36 Ha \u00e0 Anyama pour reloger les d\u00e9guerpis de la Gesco et Boribana","datePublished":"2024-03-29T18:04:32+00:00","dateModified":"2024-03-29T18:09:23+00:00","mainEntityOfPage":{"@id":"https:\/\/www.africa-press.net\/cotedivoire\/toutes-les-actualites\/un-terrain-dune-superficie-de-36-ha-a-anyama-pour-reloger-les-deguerpis-de-la-gesco-et-boribana"},"wordCount":234,"commentCount":0,"image":{"@id":"https:\/\/www.africa-press.net\/cotedivoire\/toutes-les-actualites\/un-terrain-dune-superficie-de-36-ha-a-anyama-pour-reloger-les-deguerpis-de-la-gesco-et-boribana#primaryimage"},"thumbnailUrl":"https:\/\/static.africa-press.net\/cote\/sites\/43\/2024\/03\/sm_1711723053.589184.jpg","keywords":["Africa Press","Africa Press-C\u00f4te d'Ivoire","Andokoi","Anyama","Beugr\u00e9 Mamb\u00e9","Boribana","C\u00d4TE D'IVOIRE","d\u00e9guerpies","Gesco","populations"],"articleSection":["Communaut\u00e9","Toutes les actualit\u00e9s"],"inLanguage":"fr-FR","potentialAction":[{"@type":"CommentAction","name":"Comment","target":["https:\/\/www.africa-press.net\/cotedivoire\/toutes-les-actualites\/un-terrain-dune-superficie-de-36-ha-a-anyama-pour-reloger-les-deguerpis-de-la-gesco-et-boribana#respond"]}]},{"@type":"WebPage","@id":"https:\/\/www.africa-press.net\/cotedivoire\/toutes-les-actualites\/un-terrain-dune-superficie-de-36-ha-a-anyama-pour-reloger-les-deguerpis-de-la-gesco-et-boribana","url":"https:\/\/www.africa-press.net\/cotedivoire\/toutes-les-actualites\/un-terrain-dune-superficie-de-36-ha-a-anyama-pour-reloger-les-deguerpis-de-la-gesco-et-boribana","name":"Un terrain d'une superficie de 36 Ha \u00e0 Anyama pour reloger les d\u00e9guerpis de la Gesco et Boribana - C\u00f4te d&#039;Ivoire","isPartOf":{"@id":"https:\/\/www.africa-press.net\/cotedivoire\/#website"},"primaryImageOfPage":{"@id":"https:\/\/www.africa-press.net\/cotedivoire\/toutes-les-actualites\/un-terrain-dune-superficie-de-36-ha-a-anyama-pour-reloger-les-deguerpis-de-la-gesco-et-boribana#primaryimage"},"image":{"@id":"https:\/\/www.africa-press.net\/cotedivoire\/toutes-les-actualites\/un-terrain-dune-superficie-de-36-ha-a-anyama-pour-reloger-les-deguerpis-de-la-gesco-et-boribana#primaryimage"},"thumbnailUrl":"https:\/\/static.africa-press.net\/cote\/sites\/43\/2024\/03\/sm_1711723053.589184.jpg","datePublished":"2024-03-29T18:04:32+00:00","dateModified":"2024-03-29T18:09:23+00:00","author":{"@id":"https:\/\/www.africa-press.net\/cotedivoire\/#\/schema\/person\/2b1cf3cd81a31e3cd26889ca66d677f1"},"description":"Comme annonce\u0301 par le Gouvernement, les populations de\u0301guerpies de Boribana a\u0300 Atte\u0301coube\u0301, et Gesco a\u0300 Yopougon vont e\u0302 ...","breadcrumb":{"@id":"https:\/\/www.africa-press.net\/cotedivoire\/toutes-les-actualites\/un-terrain-dune-superficie-de-36-ha-a-anyama-pour-reloger-les-deguerpis-de-la-gesco-et-boribana#breadcrumb"},"inLanguage":"fr-FR","potentialAction":[{"@type":"ReadAction","target":["https:\/\/www.africa-press.net\/cotedivoire\/toutes-les-actualites\/un-terrain-dune-superficie-de-36-ha-a-anyama-pour-reloger-les-deguerpis-de-la-gesco-et-boribana"]}]},{"@type":"ImageObject","inLanguage":"fr-FR","@id":"https:\/\/www.africa-press.net\/cotedivoire\/toutes-les-actualites\/un-terrain-dune-superficie-de-36-ha-a-anyama-pour-reloger-les-deguerpis-de-la-gesco-et-boribana#primaryimage","url":"https:\/\/static.africa-press.net\/cote\/sites\/43\/2024\/03\/sm_1711723053.589184.jpg","contentUrl":"https:\/\/static.africa-press.net\/cote\/sites\/43\/2024\/03\/sm_1711723053.589184.jpg","width":720,"height":406,"caption":"Un terrain d'une superficie de 36 Ha \u00e0 Anyama pour reloger les d\u00e9guerpis de la Gesco et Boribana"},{"@type":"BreadcrumbList","@id":"https:\/\/www.africa-press.net\/cotedivoire\/toutes-les-actualites\/un-terrain-dune-superficie-de-36-ha-a-anyama-pour-reloger-les-deguerpis-de-la-gesco-et-boribana#breadcrumb","itemListElement":[{"@type":"ListItem","position":1,"name":"Accueil","item":"https:\/\/www.africa-press.net\/cotedivoire\/"},{"@type":"ListItem","position":2,"name":"Un terrain d&#8217;une superficie de 36 Ha \u00e0 Anyama pour reloger les d\u00e9guerpis de la Gesco et Boribana"}]},{"@type":"WebSite","@id":"https:\/\/www.africa-press.net\/cotedivoire\/#website","url":"https:\/\/www.africa-press.net\/cotedivoire\/","name":"C\u00f4te d&#039;Ivoire","description":"Just another Africa News Agency Sites site","potentialAction":[{"@type":"SearchAction","target":{"@type":"EntryPoint","urlTemplate":"https:\/\/www.africa-press.net\/cotedivoire\/?s={search_term_string}"},"query-input":{"@type":"PropertyValueSpecification","valueRequired":true,"valueName":"search_term_string"}}],"inLanguage":"fr-FR"},{"@type":"Person","@id":"https:\/\/www.africa-press.net\/cotedivoire\/#\/schema\/person\/2b1cf3cd81a31e3cd26889ca66d677f1","name":"cfeditorfr"}]}},"_links":{"self":[{"href":"https:\/\/www.africa-press.net\/cotedivoire\/wp-json\/wp\/v2\/posts\/77224","targetHints":{"allow":["GET"]}}],"collection":[{"href":"https:\/\/www.africa-press.net\/cotedivoire\/wp-json\/wp\/v2\/posts"}],"about":[{"href":"https:\/\/www.africa-press.net\/cotedivoire\/wp-json\/wp\/v2\/types\/post"}],"author":[{"embeddable":true,"href":"https:\/\/www.africa-press.net\/cotedivoire\/wp-json\/wp\/v2\/users\/82"}],"replies":[{"embeddable":true,"href":"https:\/\/www.africa-press.net\/cotedivoire\/wp-json\/wp\/v2\/comments?post=77224"}],"version-history":[{"count":0,"href":"https:\/\/www.africa-press.net\/cotedivoire\/wp-json\/wp\/v2\/posts\/77224\/revisions"}],"wp:featuredmedia":[{"embeddable":true,"href":"https:\/\/www.africa-press.net\/cotedivoire\/wp-json\/wp\/v2\/media\/77222"}],"wp:attachment":[{"href":"https:\/\/www.africa-press.net\/cotedivoire\/wp-json\/wp\/v2\/media?parent=77224"}],"wp:term":[{"taxonomy":"category","embeddable":true,"href":"https:\/\/www.africa-press.net\/cotedivoire\/wp-json\/wp\/v2\/categories?post=77224"},{"taxonomy":"post_tag","embeddable":true,"href":"https:\/\/www.africa-press.net\/cotedivoire\/wp-json\/wp\/v2\/tags?post=77224"}],"curies":[{"name":"wp","href":"https:\/\/api.w.org\/{rel}","templated":true}]}}