{"id":77374,"date":"2024-03-31T17:08:28","date_gmt":"2024-03-31T17:08:28","guid":{"rendered":"https:\/\/www.africa-press.net\/cotedivoire\/politique\/depuis-bocanda-adjoumani-se-prononce-sur-la-question-de-lendettement-quand-lopposition-parle-ils-ne-voient-pas-les-routes-les-ponts"},"modified":"2024-03-31T17:23:56","modified_gmt":"2024-03-31T17:23:56","slug":"depuis-bocanda-adjoumani-se-prononce-sur-la-question-de-lendettement-quand-lopposition-parle-ils-ne-voient-pas-les-routes-les-ponts","status":"publish","type":"post","link":"https:\/\/www.africa-press.net\/cotedivoire\/politique\/depuis-bocanda-adjoumani-se-prononce-sur-la-question-de-lendettement-quand-lopposition-parle-ils-ne-voient-pas-les-routes-les-ponts","title":{"rendered":"Depuis Bocanda, Adjoumani se prononce sur la question de l&rsquo;endettement : \u00ab Quand l&rsquo;opposition parle, ils ne voient pas les routes, les ponts&#8230; \u00bb"},"content":{"rendered":"<p><span style=\"color: #ff6600\"><strong>Africa-Press &#8211; C\u00f4te d&rsquo;Ivoire. <\/strong><\/span>Depuis Bocanda dans le centre du pays, Kobenan Kouassi Adjoumani a re\u0301pondu a\u0300 l\u2019opposition cette semaine sur la question de l\u2019endettement qui fait de\u0301bat dans le milieu politique.<\/p>\n<p>Pour le Ministre d\u2019Etat, les pre\u0302ts pris par l\u2019Etat avec les bailleurs de Fonds ont permis de de\u0301velopper les infrastructures dans le pays.<\/p>\n<p>\u00ab Ils disent que le Pre\u0301sident Alassane Ouattara endette la Co\u0302te d&rsquo;Ivoire a\u0300 hauteur de 20 mille milliards de FCFA. Quand l&rsquo;opposition parle, ils ne voient pas les routes, les ponts. Il y a les e\u0301coles et les ho\u0302pitaux construits partout dans le pays. C&rsquo;est ce travail que Alassane Ouattara fait \u00bb, a-t-il martele\u0301.<\/p>\n<p>Pour le cadre du RHDP, l\u2019opposition n\u2019a pas d\u2019arguments face aux actions mene\u0301es par son mentor.<\/p>\n<p>\u00ab Les gens se prome\u0300nent, ils n&rsquo;ont rien a\u0300 dire. Ils disent que nous avons endette\u0301 le pays. Oui, nous avons endette\u0301 la Co\u0302te d\u2019Ivoire. L&rsquo;argent passe par la BCEAO. Mais entre celui qui a fait venir l&rsquo;argent de l&rsquo;exte\u0301rieur qu&rsquo;on a mis a\u0300 la BCEAO pour faire le de\u0301veloppement et celui qui casse la BCEAO pour VOLER cet argent, qui est le meilleur ?\u00bb, a interroge\u0301 Kobenan Kouassi Adjoumani.<\/p>\n<p><strong>Pour plus d&rsquo;informations et d&rsquo;analyses sur la <a href=\"https:\/\/www.africa-press.net\/cotedivoire\">C\u00f4te d&rsquo;Ivoire<\/a>, suivez <a href=\"https:\/\/www.africa-press.net\/\">Africa-Press<\/a><\/strong><\/p>\n","protected":false},"excerpt":{"rendered":"<p>Africa-Press &#8211; C\u00f4te d&rsquo;Ivoire. Depuis Bocanda dans le centre du pays, Kobenan Kouassi Adjoumani a re\u0301pondu a\u0300 l\u2019opposition cette semaine sur la question de l\u2019endettement qui fait de\u0301bat dans le milieu politique. Pour le Ministre d\u2019Etat, les pre\u0302ts pris par l\u2019Etat avec les bailleurs de Fonds ont permis de de\u0301velopper les infrastructures dans le pays. [&hellip;]<\/p>\n","protected":false},"author":82,"featured_media":77372,"comment_status":"open","ping_status":"closed","sticky":false,"template":"","format":"standard","meta":{"footnotes":""},"categories":[2,10],"tags":[1475,56,63,29,12998],"class_list":["post-77374","post","type-post","status-publish","format-standard","has-post-thumbnail","hentry","category-politique","category-toutes-les-actualites","tag-adjoumani","tag-africa-press","tag-africa-press-cote-divoire","tag-cote-divoire","tag-lopposition"],"yoast_head":"<!-- This site is optimized with the Yoast SEO Premium plugin v26.1 (Yoast SEO v27.0) - https:\/\/yoast.com\/product\/yoast-seo-premium-wordpress\/ -->\n<title>Depuis Bocanda, Adjoumani se prononce sur la question de l&#039;endettement : \u00ab Quand l&#039;opposition parle, ils ne voient pas les routes, les ponts... \u00bb - C\u00f4te d&#039;Ivoire<\/title>\n<meta name=\"description\" content=\"Depuis Bocanda dans le centre du pays, Kobenan Kouassi Adjoumani a re\u0301pondu a\u0300 l\u2019opposition cette semaine sur la questio ...\" \/>\n<meta name=\"robots\" content=\"index, follow, max-snippet:-1, max-image-preview:large, max-video-preview:-1\" \/>\n<link rel=\"canonical\" href=\"https:\/\/www.africa-press.net\/cotedivoire\/politique\/depuis-bocanda-adjoumani-se-prononce-sur-la-question-de-lendettement-quand-lopposition-parle-ils-ne-voient-pas-les-routes-les-ponts\" \/>\n<meta property=\"og:locale\" content=\"fr_FR\" \/>\n<meta property=\"og:type\" content=\"article\" \/>\n<meta property=\"og:title\" content=\"Depuis Bocanda, Adjoumani se prononce sur la question de l&#039;endettement : \u00ab Quand l&#039;opposition parle, ils ne voient pas les routes, les ponts... \u00bb\" \/>\n<meta property=\"og:description\" content=\"Depuis Bocanda dans le centre du pays, Kobenan Kouassi Adjoumani a re\u0301pondu a\u0300 l\u2019opposition cette semaine sur la questio ...\" \/>\n<meta property=\"og:url\" content=\"https:\/\/www.africa-press.net\/cotedivoire\/politique\/depuis-bocanda-adjoumani-se-prononce-sur-la-question-de-lendettement-quand-lopposition-parle-ils-ne-voient-pas-les-routes-les-ponts\" \/>\n<meta property=\"og:site_name\" content=\"C\u00f4te d&#039;Ivoire\" \/>\n<meta property=\"article:published_time\" content=\"2024-03-31T17:08:28+00:00\" \/>\n<meta property=\"article:modified_time\" content=\"2024-03-31T17:23:56+00:00\" \/>\n<meta property=\"og:image\" content=\"https:\/\/static.africa-press.net\/cote\/sites\/43\/2024\/03\/sm_1711893139.396882.jpg\" \/>\n\t<meta property=\"og:image:width\" content=\"720\" \/>\n\t<meta property=\"og:image:height\" content=\"348\" \/>\n\t<meta property=\"og:image:type\" content=\"image\/jpeg\" \/>\n<meta name=\"author\" content=\"cfeditorfr\" \/>\n<meta name=\"twitter:card\" content=\"summary_large_image\" \/>\n<meta name=\"twitter:label1\" content=\"\u00c9crit par\" \/>\n\t<meta name=\"twitter:data1\" content=\"cfeditorfr\" \/>\n\t<meta name=\"twitter:label2\" content=\"Dur\u00e9e de lecture estim\u00e9e\" \/>\n\t<meta name=\"twitter:data2\" content=\"1 minute\" \/>\n<script type=\"application\/ld+json\" class=\"yoast-schema-graph\">{\"@context\":\"https:\/\/schema.org\",\"@graph\":[{\"@type\":\"Article\",\"@id\":\"https:\/\/www.africa-press.net\/cotedivoire\/politique\/depuis-bocanda-adjoumani-se-prononce-sur-la-question-de-lendettement-quand-lopposition-parle-ils-ne-voient-pas-les-routes-les-ponts#article\",\"isPartOf\":{\"@id\":\"https:\/\/www.africa-press.net\/cotedivoire\/politique\/depuis-bocanda-adjoumani-se-prononce-sur-la-question-de-lendettement-quand-lopposition-parle-ils-ne-voient-pas-les-routes-les-ponts\"},\"author\":{\"name\":\"cfeditorfr\",\"@id\":\"https:\/\/www.africa-press.net\/cotedivoire\/#\/schema\/person\/2b1cf3cd81a31e3cd26889ca66d677f1\"},\"headline\":\"Depuis Bocanda, Adjoumani se prononce sur la question de l&rsquo;endettement : \u00ab Quand l&rsquo;opposition parle, ils ne voient pas les routes, les ponts&#8230; \u00bb\",\"datePublished\":\"2024-03-31T17:08:28+00:00\",\"dateModified\":\"2024-03-31T17:23:56+00:00\",\"mainEntityOfPage\":{\"@id\":\"https:\/\/www.africa-press.net\/cotedivoire\/politique\/depuis-bocanda-adjoumani-se-prononce-sur-la-question-de-lendettement-quand-lopposition-parle-ils-ne-voient-pas-les-routes-les-ponts\"},\"wordCount\":259,\"commentCount\":0,\"image\":{\"@id\":\"https:\/\/www.africa-press.net\/cotedivoire\/politique\/depuis-bocanda-adjoumani-se-prononce-sur-la-question-de-lendettement-quand-lopposition-parle-ils-ne-voient-pas-les-routes-les-ponts#primaryimage\"},\"thumbnailUrl\":\"https:\/\/static.africa-press.net\/cote\/sites\/43\/2024\/03\/sm_1711893139.396882.jpg\",\"keywords\":[\"Adjoumani\",\"Africa Press\",\"Africa Press-C\u00f4te d'Ivoire\",\"C\u00d4TE D'IVOIRE\",\"l\u2019opposition\"],\"articleSection\":[\"Politique\",\"Toutes les actualit\u00e9s\"],\"inLanguage\":\"fr-FR\",\"potentialAction\":[{\"@type\":\"CommentAction\",\"name\":\"Comment\",\"target\":[\"https:\/\/www.africa-press.net\/cotedivoire\/politique\/depuis-bocanda-adjoumani-se-prononce-sur-la-question-de-lendettement-quand-lopposition-parle-ils-ne-voient-pas-les-routes-les-ponts#respond\"]}]},{\"@type\":\"WebPage\",\"@id\":\"https:\/\/www.africa-press.net\/cotedivoire\/politique\/depuis-bocanda-adjoumani-se-prononce-sur-la-question-de-lendettement-quand-lopposition-parle-ils-ne-voient-pas-les-routes-les-ponts\",\"url\":\"https:\/\/www.africa-press.net\/cotedivoire\/politique\/depuis-bocanda-adjoumani-se-prononce-sur-la-question-de-lendettement-quand-lopposition-parle-ils-ne-voient-pas-les-routes-les-ponts\",\"name\":\"Depuis Bocanda, Adjoumani se prononce sur la question de l'endettement : \u00ab Quand l'opposition parle, ils ne voient pas les routes, les ponts... \u00bb - C\u00f4te d&#039;Ivoire\",\"isPartOf\":{\"@id\":\"https:\/\/www.africa-press.net\/cotedivoire\/#website\"},\"primaryImageOfPage\":{\"@id\":\"https:\/\/www.africa-press.net\/cotedivoire\/politique\/depuis-bocanda-adjoumani-se-prononce-sur-la-question-de-lendettement-quand-lopposition-parle-ils-ne-voient-pas-les-routes-les-ponts#primaryimage\"},\"image\":{\"@id\":\"https:\/\/www.africa-press.net\/cotedivoire\/politique\/depuis-bocanda-adjoumani-se-prononce-sur-la-question-de-lendettement-quand-lopposition-parle-ils-ne-voient-pas-les-routes-les-ponts#primaryimage\"},\"thumbnailUrl\":\"https:\/\/static.africa-press.net\/cote\/sites\/43\/2024\/03\/sm_1711893139.396882.jpg\",\"datePublished\":\"2024-03-31T17:08:28+00:00\",\"dateModified\":\"2024-03-31T17:23:56+00:00\",\"author\":{\"@id\":\"https:\/\/www.africa-press.net\/cotedivoire\/#\/schema\/person\/2b1cf3cd81a31e3cd26889ca66d677f1\"},\"description\":\"Depuis Bocanda dans le centre du pays, Kobenan Kouassi Adjoumani a re\u0301pondu a\u0300 l\u2019opposition cette semaine sur la questio ...\",\"breadcrumb\":{\"@id\":\"https:\/\/www.africa-press.net\/cotedivoire\/politique\/depuis-bocanda-adjoumani-se-prononce-sur-la-question-de-lendettement-quand-lopposition-parle-ils-ne-voient-pas-les-routes-les-ponts#breadcrumb\"},\"inLanguage\":\"fr-FR\",\"potentialAction\":[{\"@type\":\"ReadAction\",\"target\":[\"https:\/\/www.africa-press.net\/cotedivoire\/politique\/depuis-bocanda-adjoumani-se-prononce-sur-la-question-de-lendettement-quand-lopposition-parle-ils-ne-voient-pas-les-routes-les-ponts\"]}]},{\"@type\":\"ImageObject\",\"inLanguage\":\"fr-FR\",\"@id\":\"https:\/\/www.africa-press.net\/cotedivoire\/politique\/depuis-bocanda-adjoumani-se-prononce-sur-la-question-de-lendettement-quand-lopposition-parle-ils-ne-voient-pas-les-routes-les-ponts#primaryimage\",\"url\":\"https:\/\/static.africa-press.net\/cote\/sites\/43\/2024\/03\/sm_1711893139.396882.jpg\",\"contentUrl\":\"https:\/\/static.africa-press.net\/cote\/sites\/43\/2024\/03\/sm_1711893139.396882.jpg\",\"width\":720,\"height\":348,\"caption\":\"Depuis Bocanda, Adjoumani se prononce sur la question de l'endettement : \u00ab Quand l'opposition parle, ils ne voient pas les routes, les ponts... \u00bb\"},{\"@type\":\"BreadcrumbList\",\"@id\":\"https:\/\/www.africa-press.net\/cotedivoire\/politique\/depuis-bocanda-adjoumani-se-prononce-sur-la-question-de-lendettement-quand-lopposition-parle-ils-ne-voient-pas-les-routes-les-ponts#breadcrumb\",\"itemListElement\":[{\"@type\":\"ListItem\",\"position\":1,\"name\":\"Accueil\",\"item\":\"https:\/\/www.africa-press.net\/cotedivoire\/\"},{\"@type\":\"ListItem\",\"position\":2,\"name\":\"Depuis Bocanda, Adjoumani se prononce sur la question de l&#8217;endettement : \u00ab Quand l&#8217;opposition parle, ils ne voient pas les routes, les ponts&#8230; \u00bb\"}]},{\"@type\":\"WebSite\",\"@id\":\"https:\/\/www.africa-press.net\/cotedivoire\/#website\",\"url\":\"https:\/\/www.africa-press.net\/cotedivoire\/\",\"name\":\"C\u00f4te d&#039;Ivoire\",\"description\":\"Just another Africa News Agency Sites site\",\"potentialAction\":[{\"@type\":\"SearchAction\",\"target\":{\"@type\":\"EntryPoint\",\"urlTemplate\":\"https:\/\/www.africa-press.net\/cotedivoire\/?s={search_term_string}\"},\"query-input\":{\"@type\":\"PropertyValueSpecification\",\"valueRequired\":true,\"valueName\":\"search_term_string\"}}],\"inLanguage\":\"fr-FR\"},{\"@type\":\"Person\",\"@id\":\"https:\/\/www.africa-press.net\/cotedivoire\/#\/schema\/person\/2b1cf3cd81a31e3cd26889ca66d677f1\",\"name\":\"cfeditorfr\"}]}<\/script>\n<!-- \/ Yoast SEO Premium plugin. -->","yoast_head_json":{"title":"Depuis Bocanda, Adjoumani se prononce sur la question de l'endettement : \u00ab Quand l'opposition parle, ils ne voient pas les routes, les ponts... \u00bb - C\u00f4te d&#039;Ivoire","description":"Depuis Bocanda dans le centre du pays, Kobenan Kouassi Adjoumani a re\u0301pondu a\u0300 l\u2019opposition cette semaine sur la questio ...","robots":{"index":"index","follow":"follow","max-snippet":"max-snippet:-1","max-image-preview":"max-image-preview:large","max-video-preview":"max-video-preview:-1"},"canonical":"https:\/\/www.africa-press.net\/cotedivoire\/politique\/depuis-bocanda-adjoumani-se-prononce-sur-la-question-de-lendettement-quand-lopposition-parle-ils-ne-voient-pas-les-routes-les-ponts","og_locale":"fr_FR","og_type":"article","og_title":"Depuis Bocanda, Adjoumani se prononce sur la question de l'endettement : \u00ab Quand l'opposition parle, ils ne voient pas les routes, les ponts... \u00bb","og_description":"Depuis Bocanda dans le centre du pays, Kobenan Kouassi Adjoumani a re\u0301pondu a\u0300 l\u2019opposition cette semaine sur la questio ...","og_url":"https:\/\/www.africa-press.net\/cotedivoire\/politique\/depuis-bocanda-adjoumani-se-prononce-sur-la-question-de-lendettement-quand-lopposition-parle-ils-ne-voient-pas-les-routes-les-ponts","og_site_name":"C\u00f4te d&#039;Ivoire","article_published_time":"2024-03-31T17:08:28+00:00","article_modified_time":"2024-03-31T17:23:56+00:00","og_image":[{"width":720,"height":348,"url":"https:\/\/static.africa-press.net\/cote\/sites\/43\/2024\/03\/sm_1711893139.396882.jpg","type":"image\/jpeg"}],"author":"cfeditorfr","twitter_card":"summary_large_image","twitter_misc":{"\u00c9crit par":"cfeditorfr","Dur\u00e9e de lecture estim\u00e9e":"1 minute"},"schema":{"@context":"https:\/\/schema.org","@graph":[{"@type":"Article","@id":"https:\/\/www.africa-press.net\/cotedivoire\/politique\/depuis-bocanda-adjoumani-se-prononce-sur-la-question-de-lendettement-quand-lopposition-parle-ils-ne-voient-pas-les-routes-les-ponts#article","isPartOf":{"@id":"https:\/\/www.africa-press.net\/cotedivoire\/politique\/depuis-bocanda-adjoumani-se-prononce-sur-la-question-de-lendettement-quand-lopposition-parle-ils-ne-voient-pas-les-routes-les-ponts"},"author":{"name":"cfeditorfr","@id":"https:\/\/www.africa-press.net\/cotedivoire\/#\/schema\/person\/2b1cf3cd81a31e3cd26889ca66d677f1"},"headline":"Depuis Bocanda, Adjoumani se prononce sur la question de l&rsquo;endettement : \u00ab Quand l&rsquo;opposition parle, ils ne voient pas les routes, les ponts&#8230; \u00bb","datePublished":"2024-03-31T17:08:28+00:00","dateModified":"2024-03-31T17:23:56+00:00","mainEntityOfPage":{"@id":"https:\/\/www.africa-press.net\/cotedivoire\/politique\/depuis-bocanda-adjoumani-se-prononce-sur-la-question-de-lendettement-quand-lopposition-parle-ils-ne-voient-pas-les-routes-les-ponts"},"wordCount":259,"commentCount":0,"image":{"@id":"https:\/\/www.africa-press.net\/cotedivoire\/politique\/depuis-bocanda-adjoumani-se-prononce-sur-la-question-de-lendettement-quand-lopposition-parle-ils-ne-voient-pas-les-routes-les-ponts#primaryimage"},"thumbnailUrl":"https:\/\/static.africa-press.net\/cote\/sites\/43\/2024\/03\/sm_1711893139.396882.jpg","keywords":["Adjoumani","Africa Press","Africa Press-C\u00f4te d'Ivoire","C\u00d4TE D'IVOIRE","l\u2019opposition"],"articleSection":["Politique","Toutes les actualit\u00e9s"],"inLanguage":"fr-FR","potentialAction":[{"@type":"CommentAction","name":"Comment","target":["https:\/\/www.africa-press.net\/cotedivoire\/politique\/depuis-bocanda-adjoumani-se-prononce-sur-la-question-de-lendettement-quand-lopposition-parle-ils-ne-voient-pas-les-routes-les-ponts#respond"]}]},{"@type":"WebPage","@id":"https:\/\/www.africa-press.net\/cotedivoire\/politique\/depuis-bocanda-adjoumani-se-prononce-sur-la-question-de-lendettement-quand-lopposition-parle-ils-ne-voient-pas-les-routes-les-ponts","url":"https:\/\/www.africa-press.net\/cotedivoire\/politique\/depuis-bocanda-adjoumani-se-prononce-sur-la-question-de-lendettement-quand-lopposition-parle-ils-ne-voient-pas-les-routes-les-ponts","name":"Depuis Bocanda, Adjoumani se prononce sur la question de l'endettement : \u00ab Quand l'opposition parle, ils ne voient pas les routes, les ponts... \u00bb - C\u00f4te d&#039;Ivoire","isPartOf":{"@id":"https:\/\/www.africa-press.net\/cotedivoire\/#website"},"primaryImageOfPage":{"@id":"https:\/\/www.africa-press.net\/cotedivoire\/politique\/depuis-bocanda-adjoumani-se-prononce-sur-la-question-de-lendettement-quand-lopposition-parle-ils-ne-voient-pas-les-routes-les-ponts#primaryimage"},"image":{"@id":"https:\/\/www.africa-press.net\/cotedivoire\/politique\/depuis-bocanda-adjoumani-se-prononce-sur-la-question-de-lendettement-quand-lopposition-parle-ils-ne-voient-pas-les-routes-les-ponts#primaryimage"},"thumbnailUrl":"https:\/\/static.africa-press.net\/cote\/sites\/43\/2024\/03\/sm_1711893139.396882.jpg","datePublished":"2024-03-31T17:08:28+00:00","dateModified":"2024-03-31T17:23:56+00:00","author":{"@id":"https:\/\/www.africa-press.net\/cotedivoire\/#\/schema\/person\/2b1cf3cd81a31e3cd26889ca66d677f1"},"description":"Depuis Bocanda dans le centre du pays, Kobenan Kouassi Adjoumani a re\u0301pondu a\u0300 l\u2019opposition cette semaine sur la questio ...","breadcrumb":{"@id":"https:\/\/www.africa-press.net\/cotedivoire\/politique\/depuis-bocanda-adjoumani-se-prononce-sur-la-question-de-lendettement-quand-lopposition-parle-ils-ne-voient-pas-les-routes-les-ponts#breadcrumb"},"inLanguage":"fr-FR","potentialAction":[{"@type":"ReadAction","target":["https:\/\/www.africa-press.net\/cotedivoire\/politique\/depuis-bocanda-adjoumani-se-prononce-sur-la-question-de-lendettement-quand-lopposition-parle-ils-ne-voient-pas-les-routes-les-ponts"]}]},{"@type":"ImageObject","inLanguage":"fr-FR","@id":"https:\/\/www.africa-press.net\/cotedivoire\/politique\/depuis-bocanda-adjoumani-se-prononce-sur-la-question-de-lendettement-quand-lopposition-parle-ils-ne-voient-pas-les-routes-les-ponts#primaryimage","url":"https:\/\/static.africa-press.net\/cote\/sites\/43\/2024\/03\/sm_1711893139.396882.jpg","contentUrl":"https:\/\/static.africa-press.net\/cote\/sites\/43\/2024\/03\/sm_1711893139.396882.jpg","width":720,"height":348,"caption":"Depuis Bocanda, Adjoumani se prononce sur la question de l'endettement : \u00ab Quand l'opposition parle, ils ne voient pas les routes, les ponts... \u00bb"},{"@type":"BreadcrumbList","@id":"https:\/\/www.africa-press.net\/cotedivoire\/politique\/depuis-bocanda-adjoumani-se-prononce-sur-la-question-de-lendettement-quand-lopposition-parle-ils-ne-voient-pas-les-routes-les-ponts#breadcrumb","itemListElement":[{"@type":"ListItem","position":1,"name":"Accueil","item":"https:\/\/www.africa-press.net\/cotedivoire\/"},{"@type":"ListItem","position":2,"name":"Depuis Bocanda, Adjoumani se prononce sur la question de l&#8217;endettement : \u00ab Quand l&#8217;opposition parle, ils ne voient pas les routes, les ponts&#8230; \u00bb"}]},{"@type":"WebSite","@id":"https:\/\/www.africa-press.net\/cotedivoire\/#website","url":"https:\/\/www.africa-press.net\/cotedivoire\/","name":"C\u00f4te d&#039;Ivoire","description":"Just another Africa News Agency Sites site","potentialAction":[{"@type":"SearchAction","target":{"@type":"EntryPoint","urlTemplate":"https:\/\/www.africa-press.net\/cotedivoire\/?s={search_term_string}"},"query-input":{"@type":"PropertyValueSpecification","valueRequired":true,"valueName":"search_term_string"}}],"inLanguage":"fr-FR"},{"@type":"Person","@id":"https:\/\/www.africa-press.net\/cotedivoire\/#\/schema\/person\/2b1cf3cd81a31e3cd26889ca66d677f1","name":"cfeditorfr"}]}},"_links":{"self":[{"href":"https:\/\/www.africa-press.net\/cotedivoire\/wp-json\/wp\/v2\/posts\/77374","targetHints":{"allow":["GET"]}}],"collection":[{"href":"https:\/\/www.africa-press.net\/cotedivoire\/wp-json\/wp\/v2\/posts"}],"about":[{"href":"https:\/\/www.africa-press.net\/cotedivoire\/wp-json\/wp\/v2\/types\/post"}],"author":[{"embeddable":true,"href":"https:\/\/www.africa-press.net\/cotedivoire\/wp-json\/wp\/v2\/users\/82"}],"replies":[{"embeddable":true,"href":"https:\/\/www.africa-press.net\/cotedivoire\/wp-json\/wp\/v2\/comments?post=77374"}],"version-history":[{"count":0,"href":"https:\/\/www.africa-press.net\/cotedivoire\/wp-json\/wp\/v2\/posts\/77374\/revisions"}],"wp:featuredmedia":[{"embeddable":true,"href":"https:\/\/www.africa-press.net\/cotedivoire\/wp-json\/wp\/v2\/media\/77372"}],"wp:attachment":[{"href":"https:\/\/www.africa-press.net\/cotedivoire\/wp-json\/wp\/v2\/media?parent=77374"}],"wp:term":[{"taxonomy":"category","embeddable":true,"href":"https:\/\/www.africa-press.net\/cotedivoire\/wp-json\/wp\/v2\/categories?post=77374"},{"taxonomy":"post_tag","embeddable":true,"href":"https:\/\/www.africa-press.net\/cotedivoire\/wp-json\/wp\/v2\/tags?post=77374"}],"curies":[{"name":"wp","href":"https:\/\/api.w.org\/{rel}","templated":true}]}}