{"id":77651,"date":"2024-04-05T13:56:48","date_gmt":"2024-04-05T13:56:48","guid":{"rendered":"https:\/\/www.africa-press.net\/cotedivoire\/politique\/fonds-de-solidarite-africain-les-administrateurs-invites-a-capitaliser-les-succes-indeniables-enregistres-ces-dernieres-annees"},"modified":"2024-04-05T14:50:40","modified_gmt":"2024-04-05T14:50:40","slug":"fonds-de-solidarite-africain-les-administrateurs-invites-a-capitaliser-les-succes-indeniables-enregistres-ces-dernieres-annees","status":"publish","type":"post","link":"https:\/\/www.africa-press.net\/cotedivoire\/economie\/fonds-de-solidarite-africain-les-administrateurs-invites-a-capitaliser-les-succes-indeniables-enregistres-ces-dernieres-annees","title":{"rendered":"Fonds de Solidarit\u00e9 Africain, les Administrateurs invit\u00e9s \u00e0 capitaliser les succ\u00e8s ind\u00e9niables enregistr\u00e9s ces derni\u00e8res ann\u00e9es"},"content":{"rendered":"<p><span style=\"color: #ff6600\"><strong>Africa-Press &#8211; C\u00f4te d&rsquo;Ivoire. <\/strong><\/span>La 30e\u0300me session ordinaire du Fonds de solidarite\u0301 africaine (FSA) se tient au Sofitel Ho\u0302tel Ivoire a\u0300 Abidjan depuis ce jeudi 4 avril 2024. La ce\u0301re\u0301monie d&rsquo;ouverture de cette importante rencontre e\u0301tait pre\u0301side\u0301e par la ministre de l&rsquo;Economie, du Plan et du De\u0301veloppement qui e\u0301tait repre\u0301sente\u0301e par son Directeur de cabinet adjoint.<\/p>\n<p>En cre\u0301ant le Fonds de Solidarite\u0301 Africaine (FSA), les Pe\u0300res fondateurs ont pose\u0301 un acte de foi, celui d&rsquo;unir les efforts de leurs pays respectifs, lie\u0301s par une solidarite\u0301 se\u0301culaire. Selon le Directeur de cabinet, plusieurs anne\u0301es apre\u0300s, le bilan du chemin parcouru est louable a\u0300 tous e\u0301gards.<\/p>\n<p>\u00ab Sur le plan institutionnel, tous les outils d&rsquo;intervention pre\u0301vus par l\u2019accord cadre demeurent et fonctionnent re\u0301gulie\u0300rement. De me\u0302me, les diffe\u0301rents organes de gouvernance jouent pleinement leurs ro\u0302les. L&rsquo;e\u0301volution qualitative du FSA au cours des dernie\u0300res anne\u0301es, nous la devons surtout, a\u0300 la forte impulsion donne\u0301e a\u0300 la vie du Fonds par ses Etats membres qui ne cessent d&rsquo;\u0153uvrer au renforcement de son envergure panafricaine a\u0300 l&rsquo;effet de l&rsquo;e\u0301riger en une institution de re\u0301fe\u0301rence dans ses diffe\u0301rents me\u0301tiers \u00bb, a de\u0301clare\u0301, Cle\u0301ment Kouakou, Directeur de cabinet adjoint.<\/p>\n<p>Il a appele\u0301 les Administrateurs a\u0300 capitaliser les succe\u0300s inde\u0301niables du FSA sur ces dernie\u0300res anne\u0301es tout en s\u2019inscrivant re\u0301solument dans une dynamique d&rsquo;ame\u0301lioration continue.<\/p>\n<p>\u00abC&rsquo;est en cela qu&rsquo;il parait impe\u0301ratif d&rsquo;\u0153uvrer sans rela\u0302che pour que les engagements pris par les Etats membres vis-a\u0300-vis de notre Institution commune aussi bien pour la libe\u0301ration du capital que pour l&rsquo;abondement du Fonds Spe\u0301cial de Bonification soient respecte\u0301s \u00bb, s&rsquo;est justifie\u0301, le repre\u0301sentant de Niale\u0307 Kaba..<\/p>\n<p>L&rsquo;Afrique est mobilise\u0301e pour la re\u0301alisation de l&rsquo;Agenda 2063. Dans le but d&rsquo;acce\u0301le\u0301rer l&rsquo;inte\u0301gration e\u0301conomique du continent, les Etats membres de l&rsquo;Union Africaine ont officiellement lance\u0301, au cours du Sommet de Niamey le 7 juillet 2019, la Zone de Libre-Echange Continentale (ZLECAF), e\u0301tape de\u0301cisive dans la marche du continent vers la mise en \u0153uvre de la Communaute\u0301 Economique Africaine, stipule\u0301e dans le Traite\u0301 d&rsquo;Abuja de 1991. Ce vaste marche\u0301 continental en devenir, offrira de re\u0301els de\u0301bouche\u0301s de croissance pour les entreprises locales et e\u0301trange\u0300res investissant en Afrique.<\/p>\n<p>Face a\u0300 des marche\u0301s de plus en plus difficiles et moins liquides, les institutions de financement du de\u0301veloppement ainsi que les acteurs du secteur prive\u0301 qui cherchent a\u0300 contribuer a\u0300 la croissance et au de\u0301veloppement durable ont besoin d&rsquo;e\u0302tre rassure\u0301s des outils et me\u0301thodes pour mobiliser des capitaux tout en atte\u0301nuant leurs risques.<\/p>\n<p>Pour Cle\u0301ment Kouakou, les Etats doivent appuyer davantage le Fonds qui offre e\u0301galement, du fait de son expe\u0301rience ave\u0301re\u0301e dans le financement du de\u0301veloppement, des services de conseil visant a\u0300 ame\u0301liorer les conditions d&rsquo;exercice de l&rsquo;entrepreneuriat prive\u0301 afin d&rsquo;acce\u0301le\u0301rer la croissance et stimuler une prospe\u0301rite\u0301 partage\u0301e<\/p>\n<p>S&rsquo;adressant au Directeur Ge\u0301ne\u0301ral du FSA, il s&rsquo;est re\u0301jouis des initiatives au cours de l&rsquo;exercice 2023, pour la promotion d&rsquo;activite\u0301s au profit des Etats membres.<\/p>\n<p>En de\u0301pit des difficulte\u0301s rencontre\u0301es en 2023, le Fonds a tenu. Les performances exceptionnelles re\u0301alise\u0301es attestent de la robustesse des plans de continuite\u0301 d&rsquo;activite\u0301s mis en \u0153uvre sur cette pe\u0301riode, mais surtout, de la qualite\u0301 de la gouvernance et du Management en place.<\/p>\n<p>Le repre\u0301sentant de Niale\u0301 Kaba a fe\u0301licite\u0301 les dirigeants du fonds et les assure de l&rsquo;appui inde\u0301fectible des plus Hautes Autorite\u0301s de la Co\u0302te d&rsquo;Ivoire dans le cadre du plaidoyer pour l&rsquo;e\u0301largissement de la base actionnariale du Fonds, le renforcement de sa capacite\u0301 d&rsquo;intervention et son arrimage a\u0300 l&rsquo;Union Africaine<\/p>\n<p>Concernant la situation des contributions des Etats Membres, il a rappele\u0301 a\u0300 l&rsquo;attention des administrateurs que le Conseil des Gouverneurs, lors de sa Session Extraordinaire tenue le 23 mars 2023 par visioconfe\u0301rence, dans une dynamique de recherche de solutions pratiques pour faciliter le paiement par les Etats des montants dus au titre du capital et du Fonds Spe\u0301cial de Bonification avait invite\u0301 les actionnaires a\u0300 opter pour l&rsquo;un des me\u0301canismes. Notamment, le recours a\u0300 la facilite\u0301 financie\u0300re en cours de ne\u0301gociation avec la BADEA le recours a\u0300 une facilite\u0301 financie\u0300re d&rsquo;une autre Institution financie\u0300re a\u0300 la discre\u0301tion de l&rsquo;Etat membre; et la signature d&rsquo;un e\u0301che\u0301ancier de remboursement limite\u0301 a\u0300 une dure\u0301e maximale de trois ans a\u0300 compter du 22 mars 2023.<\/p>\n<p>Abdourahmane Diallo, Directeur Ge\u0301ne\u0301ral du Fonds de Solidarite\u0301 Africain, a affirme\u0301 que l\u2019envergure panafricaine du FSA s\u2019est consolide\u0301e avec l&rsquo;adhe\u0301sion de la Sierra-Leone approuve\u0301e par le conseil d&rsquo;Administration. \u00ab Au cours de celle-ci, vous aurez a\u0300 re\u0301examiner celle du Maroc. Par ailleurs des e\u0301changes e\u0301pistolaires et documentaires sont en cours avec l&rsquo;Angola, le Botswana, l&rsquo;Ethiopie, le Ghana, le Kenya, le Mozambique, le Nigeria, l&rsquo;Ouganda, la Tanzanie et le Soudan. Il est de me\u0302me avec des institutions de financement du de\u0301veloppement importantes sur le continent, notamment la Banque africaine de de\u0301veloppement (BAD), Afreximbank, la Banque Arabe pour le de\u0301veloppement e\u0301conomique en Afrique (BADEA) \u00bb, a annonce\u0301 le DG.<\/p>\n<p>Il reste confiant que la famille FSA continuera de s&rsquo;agrandir pour devenir la grande famille Africaine unie et solidaire vise\u0301e par tous.<\/p>\n<p>L&rsquo;exercice 2023 de la FSA n\u2019a pas e\u0301te\u0301 un long fleuve tranquille pour l&rsquo;institution. Selon le DG, le Fonds a fait preuve de re\u0301silience avec notamment un plan de continuite\u0301 d\u2019activite\u0301 pertinent et une mobilisation exceptionnelle de l&rsquo;ensemble du personnel.<\/p>\n<p>\u00ab Le soutien inde\u0301fectible des organes de de\u0301cision durant cette pe\u0301riode a davantage galvanise\u0301 mes collaborateurs et moi-me\u0302me qui avons sereinement poursuivi la mise en \u0153uvre des pre\u0301conisations du Plan New frontier 2025 au titre de l&rsquo;anne\u0301e 2023 \u00bb, s&rsquo;est re\u0301joui le Directeur ge\u0301ne\u0301ral du FSA.<\/p>\n<p>Selon lui, les performances ope\u0301rationnelles ont induit des revenus ope\u0301rationnels substantiels qui ont couvert inte\u0301gralement les de\u0301penses de fonctionnement et d&rsquo;investissement tout en de\u0301gageant un surplus qui a renforce\u0301 la tre\u0301sorerie de l&rsquo;institution.<\/p>\n<p>A titre d&rsquo;illustration, il a de\u0301clare\u0301 qu&rsquo;en 2023, l&rsquo;exploitation du Fonds a de\u0301gage\u0301 un produit net bancaire de 10, 52 milliards de FCFA contre 7,54 au 31\/12\/-2022, soit un accroissement de 39,5%, un re\u0301sultat net de 2,2 milliards de FCFA contre 1,7 milliard de FCFA l\u2019anne\u0301e pre\u0301ce\u0301dente indiquant ainsi une augmentation de 28,7% d&rsquo;une anne\u0301e a\u0300 une autre. En outre comme indique\u0301 par Abdouramane Djamo, le coefficient d&rsquo;exploitation s&rsquo;est ame\u0301liore\u0301 en atterrissant a\u0300 0,49 contre 0,57 en 2022, pareil pour les fonds propres effectifs qui se sont accrus de 15,67% en affichant a\u0300 63,302 milliards de FCFA.<\/p>\n<p>Le Fonds de Solidarite\u0301 Africain poursuit son ide\u0301al de solidarite\u0301 e\u0301conomique et financie\u0300re a\u0300 travers la mutualisation des ressources de ses actionnaires. Re\u0301unis a\u0300 Abidjan, ce jour, le conseil d&rsquo;Administration discutera des enjeux et des de\u0301fis auxquels l&rsquo;institution commune doit faire face et prendront des de\u0301cisions importantes pour son avenir.<\/p>\n<p>Selon Kobenan Tanoh, PCA du FSA, les sujets inscrits a\u0300 l&rsquo;ordre du jour des travaux qui dureront 48 heures traduisent la volonte\u0301 commune des organes de de\u0301cision de faire du FSA a\u0300 l&rsquo;horizon 2025, une institution panafricaine forte innovante au service de la transformation structurelle des e\u0301conomies de ses E\u0301tats membres.<\/p>\n<p>Il a enfin annonce\u0301 qu&rsquo;en de\u0301pit du contexte particulier en 2023, l&rsquo;institution a enregistre\u0301 des progre\u0300s significatifs. Le PCA a cite\u0301 entre autres, l\u2019obtention de la notation financie\u0300re internationale \u00ab investment Grade \u00bb, (BAA1 avec perspective stable), attribue\u0301 par l&rsquo;agence de notation MOODY&rsquo;S pour sa premie\u0300re notation, une notation financie\u0300re en monnaie re\u0301gionale AA+ avec perspective positive attribue\u0301e par la GCR West Africa rating,etc.<\/p>\n<p>Au 31 de\u0301cembre 2023, les interventions du Fonds de solidarite\u0301 africain en Co\u0302te d&rsquo;Ivoire s&rsquo;e\u0301le\u0300vent a\u0300 209 milliards de FCFA pour 379 milliards de FCFA de financements mobilise\u0301s en faveur des secteurs de l\u2019agro industrie, des Petites et moyennes entreprises, des transports etc.<\/p>\n<p>Dans le but de rehausser ces interventions dans le pays et de toucher les secteurs prioriser par les autorite\u0301s de Co\u0302te d&rsquo;Ivoire, il a e\u0301te\u0301 formalise\u0301 ce jour la de\u0301cision commune du Fonds de solidarite\u0301 africain avec le Centre de promotion des investissements de Co\u0302te d&rsquo;Ivoire (CEPICI) et de l&rsquo;Autorite\u0301 de re\u0301gularisation du syste\u0300me des re\u0301ce\u0301pisse\u0301s d\u2019entreposage (ARRE) de mettre en synergie leurs actions pour rehausser la part de financement des entreprises ivoiriennes.<\/p>\n<p>Des signatures d\u2019accords ont eu lieu respectivement entre Solange Amichia, DG du CEPICI et le DG du Fonds de solidarite\u0301 africain et le DG de l&rsquo;ARRE, Professeur Koffi N&rsquo;goran Justin.<\/p>\n<p><strong>Pour plus d&rsquo;informations et d&rsquo;analyses sur la <a href=\"https:\/\/www.africa-press.net\/cotedivoire\">C\u00f4te d&rsquo;Ivoire<\/a>, suivez <a href=\"https:\/\/www.africa-press.net\/\">Africa-Press<\/a><\/strong><\/p>\n","protected":false},"excerpt":{"rendered":"<p>Africa-Press &#8211; C\u00f4te d&rsquo;Ivoire. La 30e\u0300me session ordinaire du Fonds de solidarite\u0301 africaine (FSA) se tient au Sofitel Ho\u0302tel Ivoire a\u0300 Abidjan depuis ce jeudi 4 avril 2024. La ce\u0301re\u0301monie d&rsquo;ouverture de cette importante rencontre e\u0301tait pre\u0301side\u0301e par la ministre de l&rsquo;Economie, du Plan et du De\u0301veloppement qui e\u0301tait repre\u0301sente\u0301e par son Directeur de cabinet [&hellip;]<\/p>\n","protected":false},"author":82,"featured_media":77650,"comment_status":"open","ping_status":"closed","sticky":false,"template":"","format":"standard","meta":{"footnotes":""},"categories":[3,10],"tags":[30,56,63,13049,29,3995,13048],"class_list":["post-77651","post","type-post","status-publish","format-standard","has-post-thumbnail","hentry","category-economie","category-toutes-les-actualites","tag-abidjan","tag-africa-press","tag-africa-press-cote-divoire","tag-clement-kouakou","tag-cote-divoire","tag-fsa","tag-session-ordinaire"],"yoast_head":"<!-- This site is optimized with the Yoast SEO Premium plugin v26.1 (Yoast SEO v27.0) - https:\/\/yoast.com\/product\/yoast-seo-premium-wordpress\/ -->\n<title>Fonds de Solidarit\u00e9 Africain, les Administrateurs invit\u00e9s \u00e0 capitaliser les succ\u00e8s ind\u00e9niables enregistr\u00e9s ces derni\u00e8res ann\u00e9es - C\u00f4te d&#039;Ivoire<\/title>\n<meta name=\"description\" content=\"La 30e\u0300me session ordinaire du Fonds de solidarite\u0301 africaine (FSA) se tient au Sofitel Ho\u0302tel Ivoire a\u0300 Abidjan depuis ...\" \/>\n<meta name=\"robots\" content=\"index, follow, max-snippet:-1, max-image-preview:large, max-video-preview:-1\" \/>\n<link rel=\"canonical\" href=\"https:\/\/www.africa-press.net\/cotedivoire\/economie\/fonds-de-solidarite-africain-les-administrateurs-invites-a-capitaliser-les-succes-indeniables-enregistres-ces-dernieres-annees\" \/>\n<meta property=\"og:locale\" content=\"fr_FR\" \/>\n<meta property=\"og:type\" content=\"article\" \/>\n<meta property=\"og:title\" content=\"Fonds de Solidarit\u00e9 Africain, les Administrateurs invit\u00e9s \u00e0 capitaliser les succ\u00e8s ind\u00e9niables enregistr\u00e9s ces derni\u00e8res ann\u00e9es\" \/>\n<meta property=\"og:description\" content=\"La 30e\u0300me session ordinaire du Fonds de solidarite\u0301 africaine (FSA) se tient au Sofitel Ho\u0302tel Ivoire a\u0300 Abidjan depuis ...\" \/>\n<meta property=\"og:url\" content=\"https:\/\/www.africa-press.net\/cotedivoire\/economie\/fonds-de-solidarite-africain-les-administrateurs-invites-a-capitaliser-les-succes-indeniables-enregistres-ces-dernieres-annees\" \/>\n<meta property=\"og:site_name\" content=\"C\u00f4te d&#039;Ivoire\" \/>\n<meta property=\"article:published_time\" content=\"2024-04-05T13:56:48+00:00\" \/>\n<meta property=\"article:modified_time\" content=\"2024-04-05T14:50:40+00:00\" \/>\n<meta property=\"og:image\" content=\"https:\/\/static.africa-press.net\/cote\/sites\/43\/2024\/04\/sm_1712315752.23497.jpg\" \/>\n\t<meta property=\"og:image:width\" content=\"720\" \/>\n\t<meta property=\"og:image:height\" content=\"480\" \/>\n\t<meta property=\"og:image:type\" content=\"image\/jpeg\" \/>\n<meta name=\"author\" content=\"cfeditorfr\" \/>\n<meta name=\"twitter:card\" content=\"summary_large_image\" \/>\n<meta name=\"twitter:label1\" content=\"\u00c9crit par\" \/>\n\t<meta name=\"twitter:data1\" content=\"cfeditorfr\" \/>\n\t<meta name=\"twitter:label2\" content=\"Dur\u00e9e de lecture estim\u00e9e\" \/>\n\t<meta name=\"twitter:data2\" content=\"8 minutes\" \/>\n<script type=\"application\/ld+json\" class=\"yoast-schema-graph\">{\"@context\":\"https:\/\/schema.org\",\"@graph\":[{\"@type\":\"Article\",\"@id\":\"https:\/\/www.africa-press.net\/cotedivoire\/economie\/fonds-de-solidarite-africain-les-administrateurs-invites-a-capitaliser-les-succes-indeniables-enregistres-ces-dernieres-annees#article\",\"isPartOf\":{\"@id\":\"https:\/\/www.africa-press.net\/cotedivoire\/economie\/fonds-de-solidarite-africain-les-administrateurs-invites-a-capitaliser-les-succes-indeniables-enregistres-ces-dernieres-annees\"},\"author\":{\"name\":\"cfeditorfr\",\"@id\":\"https:\/\/www.africa-press.net\/cotedivoire\/#\/schema\/person\/2b1cf3cd81a31e3cd26889ca66d677f1\"},\"headline\":\"Fonds de Solidarit\u00e9 Africain, les Administrateurs invit\u00e9s \u00e0 capitaliser les succ\u00e8s ind\u00e9niables enregistr\u00e9s ces derni\u00e8res ann\u00e9es\",\"datePublished\":\"2024-04-05T13:56:48+00:00\",\"dateModified\":\"2024-04-05T14:50:40+00:00\",\"mainEntityOfPage\":{\"@id\":\"https:\/\/www.africa-press.net\/cotedivoire\/economie\/fonds-de-solidarite-africain-les-administrateurs-invites-a-capitaliser-les-succes-indeniables-enregistres-ces-dernieres-annees\"},\"wordCount\":1602,\"commentCount\":0,\"image\":{\"@id\":\"https:\/\/www.africa-press.net\/cotedivoire\/economie\/fonds-de-solidarite-africain-les-administrateurs-invites-a-capitaliser-les-succes-indeniables-enregistres-ces-dernieres-annees#primaryimage\"},\"thumbnailUrl\":\"https:\/\/static.africa-press.net\/cote\/sites\/43\/2024\/04\/sm_1712315752.23497.jpg\",\"keywords\":[\"Abidjan\",\"Africa Press\",\"Africa Press-C\u00f4te d'Ivoire\",\"Cl\u00e9ment Kouakou\",\"C\u00d4TE D'IVOIRE\",\"FSA\",\"Session ordinaire\"],\"articleSection\":[\"\u00c9conomie\",\"Toutes les actualit\u00e9s\"],\"inLanguage\":\"fr-FR\",\"potentialAction\":[{\"@type\":\"CommentAction\",\"name\":\"Comment\",\"target\":[\"https:\/\/www.africa-press.net\/cotedivoire\/economie\/fonds-de-solidarite-africain-les-administrateurs-invites-a-capitaliser-les-succes-indeniables-enregistres-ces-dernieres-annees#respond\"]}]},{\"@type\":\"WebPage\",\"@id\":\"https:\/\/www.africa-press.net\/cotedivoire\/economie\/fonds-de-solidarite-africain-les-administrateurs-invites-a-capitaliser-les-succes-indeniables-enregistres-ces-dernieres-annees\",\"url\":\"https:\/\/www.africa-press.net\/cotedivoire\/economie\/fonds-de-solidarite-africain-les-administrateurs-invites-a-capitaliser-les-succes-indeniables-enregistres-ces-dernieres-annees\",\"name\":\"Fonds de Solidarit\u00e9 Africain, les Administrateurs invit\u00e9s \u00e0 capitaliser les succ\u00e8s ind\u00e9niables enregistr\u00e9s ces derni\u00e8res ann\u00e9es - C\u00f4te d&#039;Ivoire\",\"isPartOf\":{\"@id\":\"https:\/\/www.africa-press.net\/cotedivoire\/#website\"},\"primaryImageOfPage\":{\"@id\":\"https:\/\/www.africa-press.net\/cotedivoire\/economie\/fonds-de-solidarite-africain-les-administrateurs-invites-a-capitaliser-les-succes-indeniables-enregistres-ces-dernieres-annees#primaryimage\"},\"image\":{\"@id\":\"https:\/\/www.africa-press.net\/cotedivoire\/economie\/fonds-de-solidarite-africain-les-administrateurs-invites-a-capitaliser-les-succes-indeniables-enregistres-ces-dernieres-annees#primaryimage\"},\"thumbnailUrl\":\"https:\/\/static.africa-press.net\/cote\/sites\/43\/2024\/04\/sm_1712315752.23497.jpg\",\"datePublished\":\"2024-04-05T13:56:48+00:00\",\"dateModified\":\"2024-04-05T14:50:40+00:00\",\"author\":{\"@id\":\"https:\/\/www.africa-press.net\/cotedivoire\/#\/schema\/person\/2b1cf3cd81a31e3cd26889ca66d677f1\"},\"description\":\"La 30e\u0300me session ordinaire du Fonds de solidarite\u0301 africaine (FSA) se tient au Sofitel Ho\u0302tel Ivoire a\u0300 Abidjan depuis ...\",\"breadcrumb\":{\"@id\":\"https:\/\/www.africa-press.net\/cotedivoire\/economie\/fonds-de-solidarite-africain-les-administrateurs-invites-a-capitaliser-les-succes-indeniables-enregistres-ces-dernieres-annees#breadcrumb\"},\"inLanguage\":\"fr-FR\",\"potentialAction\":[{\"@type\":\"ReadAction\",\"target\":[\"https:\/\/www.africa-press.net\/cotedivoire\/economie\/fonds-de-solidarite-africain-les-administrateurs-invites-a-capitaliser-les-succes-indeniables-enregistres-ces-dernieres-annees\"]}]},{\"@type\":\"ImageObject\",\"inLanguage\":\"fr-FR\",\"@id\":\"https:\/\/www.africa-press.net\/cotedivoire\/economie\/fonds-de-solidarite-africain-les-administrateurs-invites-a-capitaliser-les-succes-indeniables-enregistres-ces-dernieres-annees#primaryimage\",\"url\":\"https:\/\/static.africa-press.net\/cote\/sites\/43\/2024\/04\/sm_1712315752.23497.jpg\",\"contentUrl\":\"https:\/\/static.africa-press.net\/cote\/sites\/43\/2024\/04\/sm_1712315752.23497.jpg\",\"width\":720,\"height\":480,\"caption\":\"Fonds de Solidarit\u00e9 Africain, les Administrateurs invit\u00e9s \u00e0 capitaliser les succ\u00e8s ind\u00e9niables enregistr\u00e9s ces derni\u00e8res ann\u00e9es\"},{\"@type\":\"BreadcrumbList\",\"@id\":\"https:\/\/www.africa-press.net\/cotedivoire\/economie\/fonds-de-solidarite-africain-les-administrateurs-invites-a-capitaliser-les-succes-indeniables-enregistres-ces-dernieres-annees#breadcrumb\",\"itemListElement\":[{\"@type\":\"ListItem\",\"position\":1,\"name\":\"Accueil\",\"item\":\"https:\/\/www.africa-press.net\/cotedivoire\/\"},{\"@type\":\"ListItem\",\"position\":2,\"name\":\"Fonds de Solidarit\u00e9 Africain, les Administrateurs invit\u00e9s \u00e0 capitaliser les succ\u00e8s ind\u00e9niables enregistr\u00e9s ces derni\u00e8res ann\u00e9es\"}]},{\"@type\":\"WebSite\",\"@id\":\"https:\/\/www.africa-press.net\/cotedivoire\/#website\",\"url\":\"https:\/\/www.africa-press.net\/cotedivoire\/\",\"name\":\"C\u00f4te d&#039;Ivoire\",\"description\":\"Just another Africa News Agency Sites site\",\"potentialAction\":[{\"@type\":\"SearchAction\",\"target\":{\"@type\":\"EntryPoint\",\"urlTemplate\":\"https:\/\/www.africa-press.net\/cotedivoire\/?s={search_term_string}\"},\"query-input\":{\"@type\":\"PropertyValueSpecification\",\"valueRequired\":true,\"valueName\":\"search_term_string\"}}],\"inLanguage\":\"fr-FR\"},{\"@type\":\"Person\",\"@id\":\"https:\/\/www.africa-press.net\/cotedivoire\/#\/schema\/person\/2b1cf3cd81a31e3cd26889ca66d677f1\",\"name\":\"cfeditorfr\"}]}<\/script>\n<!-- \/ Yoast SEO Premium plugin. -->","yoast_head_json":{"title":"Fonds de Solidarit\u00e9 Africain, les Administrateurs invit\u00e9s \u00e0 capitaliser les succ\u00e8s ind\u00e9niables enregistr\u00e9s ces derni\u00e8res ann\u00e9es - C\u00f4te d&#039;Ivoire","description":"La 30e\u0300me session ordinaire du Fonds de solidarite\u0301 africaine (FSA) se tient au Sofitel Ho\u0302tel Ivoire a\u0300 Abidjan depuis ...","robots":{"index":"index","follow":"follow","max-snippet":"max-snippet:-1","max-image-preview":"max-image-preview:large","max-video-preview":"max-video-preview:-1"},"canonical":"https:\/\/www.africa-press.net\/cotedivoire\/economie\/fonds-de-solidarite-africain-les-administrateurs-invites-a-capitaliser-les-succes-indeniables-enregistres-ces-dernieres-annees","og_locale":"fr_FR","og_type":"article","og_title":"Fonds de Solidarit\u00e9 Africain, les Administrateurs invit\u00e9s \u00e0 capitaliser les succ\u00e8s ind\u00e9niables enregistr\u00e9s ces derni\u00e8res ann\u00e9es","og_description":"La 30e\u0300me session ordinaire du Fonds de solidarite\u0301 africaine (FSA) se tient au Sofitel Ho\u0302tel Ivoire a\u0300 Abidjan depuis ...","og_url":"https:\/\/www.africa-press.net\/cotedivoire\/economie\/fonds-de-solidarite-africain-les-administrateurs-invites-a-capitaliser-les-succes-indeniables-enregistres-ces-dernieres-annees","og_site_name":"C\u00f4te d&#039;Ivoire","article_published_time":"2024-04-05T13:56:48+00:00","article_modified_time":"2024-04-05T14:50:40+00:00","og_image":[{"width":720,"height":480,"url":"https:\/\/static.africa-press.net\/cote\/sites\/43\/2024\/04\/sm_1712315752.23497.jpg","type":"image\/jpeg"}],"author":"cfeditorfr","twitter_card":"summary_large_image","twitter_misc":{"\u00c9crit par":"cfeditorfr","Dur\u00e9e de lecture estim\u00e9e":"8 minutes"},"schema":{"@context":"https:\/\/schema.org","@graph":[{"@type":"Article","@id":"https:\/\/www.africa-press.net\/cotedivoire\/economie\/fonds-de-solidarite-africain-les-administrateurs-invites-a-capitaliser-les-succes-indeniables-enregistres-ces-dernieres-annees#article","isPartOf":{"@id":"https:\/\/www.africa-press.net\/cotedivoire\/economie\/fonds-de-solidarite-africain-les-administrateurs-invites-a-capitaliser-les-succes-indeniables-enregistres-ces-dernieres-annees"},"author":{"name":"cfeditorfr","@id":"https:\/\/www.africa-press.net\/cotedivoire\/#\/schema\/person\/2b1cf3cd81a31e3cd26889ca66d677f1"},"headline":"Fonds de Solidarit\u00e9 Africain, les Administrateurs invit\u00e9s \u00e0 capitaliser les succ\u00e8s ind\u00e9niables enregistr\u00e9s ces derni\u00e8res ann\u00e9es","datePublished":"2024-04-05T13:56:48+00:00","dateModified":"2024-04-05T14:50:40+00:00","mainEntityOfPage":{"@id":"https:\/\/www.africa-press.net\/cotedivoire\/economie\/fonds-de-solidarite-africain-les-administrateurs-invites-a-capitaliser-les-succes-indeniables-enregistres-ces-dernieres-annees"},"wordCount":1602,"commentCount":0,"image":{"@id":"https:\/\/www.africa-press.net\/cotedivoire\/economie\/fonds-de-solidarite-africain-les-administrateurs-invites-a-capitaliser-les-succes-indeniables-enregistres-ces-dernieres-annees#primaryimage"},"thumbnailUrl":"https:\/\/static.africa-press.net\/cote\/sites\/43\/2024\/04\/sm_1712315752.23497.jpg","keywords":["Abidjan","Africa Press","Africa Press-C\u00f4te d'Ivoire","Cl\u00e9ment Kouakou","C\u00d4TE D'IVOIRE","FSA","Session ordinaire"],"articleSection":["\u00c9conomie","Toutes les actualit\u00e9s"],"inLanguage":"fr-FR","potentialAction":[{"@type":"CommentAction","name":"Comment","target":["https:\/\/www.africa-press.net\/cotedivoire\/economie\/fonds-de-solidarite-africain-les-administrateurs-invites-a-capitaliser-les-succes-indeniables-enregistres-ces-dernieres-annees#respond"]}]},{"@type":"WebPage","@id":"https:\/\/www.africa-press.net\/cotedivoire\/economie\/fonds-de-solidarite-africain-les-administrateurs-invites-a-capitaliser-les-succes-indeniables-enregistres-ces-dernieres-annees","url":"https:\/\/www.africa-press.net\/cotedivoire\/economie\/fonds-de-solidarite-africain-les-administrateurs-invites-a-capitaliser-les-succes-indeniables-enregistres-ces-dernieres-annees","name":"Fonds de Solidarit\u00e9 Africain, les Administrateurs invit\u00e9s \u00e0 capitaliser les succ\u00e8s ind\u00e9niables enregistr\u00e9s ces derni\u00e8res ann\u00e9es - C\u00f4te d&#039;Ivoire","isPartOf":{"@id":"https:\/\/www.africa-press.net\/cotedivoire\/#website"},"primaryImageOfPage":{"@id":"https:\/\/www.africa-press.net\/cotedivoire\/economie\/fonds-de-solidarite-africain-les-administrateurs-invites-a-capitaliser-les-succes-indeniables-enregistres-ces-dernieres-annees#primaryimage"},"image":{"@id":"https:\/\/www.africa-press.net\/cotedivoire\/economie\/fonds-de-solidarite-africain-les-administrateurs-invites-a-capitaliser-les-succes-indeniables-enregistres-ces-dernieres-annees#primaryimage"},"thumbnailUrl":"https:\/\/static.africa-press.net\/cote\/sites\/43\/2024\/04\/sm_1712315752.23497.jpg","datePublished":"2024-04-05T13:56:48+00:00","dateModified":"2024-04-05T14:50:40+00:00","author":{"@id":"https:\/\/www.africa-press.net\/cotedivoire\/#\/schema\/person\/2b1cf3cd81a31e3cd26889ca66d677f1"},"description":"La 30e\u0300me session ordinaire du Fonds de solidarite\u0301 africaine (FSA) se tient au Sofitel Ho\u0302tel Ivoire a\u0300 Abidjan depuis ...","breadcrumb":{"@id":"https:\/\/www.africa-press.net\/cotedivoire\/economie\/fonds-de-solidarite-africain-les-administrateurs-invites-a-capitaliser-les-succes-indeniables-enregistres-ces-dernieres-annees#breadcrumb"},"inLanguage":"fr-FR","potentialAction":[{"@type":"ReadAction","target":["https:\/\/www.africa-press.net\/cotedivoire\/economie\/fonds-de-solidarite-africain-les-administrateurs-invites-a-capitaliser-les-succes-indeniables-enregistres-ces-dernieres-annees"]}]},{"@type":"ImageObject","inLanguage":"fr-FR","@id":"https:\/\/www.africa-press.net\/cotedivoire\/economie\/fonds-de-solidarite-africain-les-administrateurs-invites-a-capitaliser-les-succes-indeniables-enregistres-ces-dernieres-annees#primaryimage","url":"https:\/\/static.africa-press.net\/cote\/sites\/43\/2024\/04\/sm_1712315752.23497.jpg","contentUrl":"https:\/\/static.africa-press.net\/cote\/sites\/43\/2024\/04\/sm_1712315752.23497.jpg","width":720,"height":480,"caption":"Fonds de Solidarit\u00e9 Africain, les Administrateurs invit\u00e9s \u00e0 capitaliser les succ\u00e8s ind\u00e9niables enregistr\u00e9s ces derni\u00e8res ann\u00e9es"},{"@type":"BreadcrumbList","@id":"https:\/\/www.africa-press.net\/cotedivoire\/economie\/fonds-de-solidarite-africain-les-administrateurs-invites-a-capitaliser-les-succes-indeniables-enregistres-ces-dernieres-annees#breadcrumb","itemListElement":[{"@type":"ListItem","position":1,"name":"Accueil","item":"https:\/\/www.africa-press.net\/cotedivoire\/"},{"@type":"ListItem","position":2,"name":"Fonds de Solidarit\u00e9 Africain, les Administrateurs invit\u00e9s \u00e0 capitaliser les succ\u00e8s ind\u00e9niables enregistr\u00e9s ces derni\u00e8res ann\u00e9es"}]},{"@type":"WebSite","@id":"https:\/\/www.africa-press.net\/cotedivoire\/#website","url":"https:\/\/www.africa-press.net\/cotedivoire\/","name":"C\u00f4te d&#039;Ivoire","description":"Just another Africa News Agency Sites site","potentialAction":[{"@type":"SearchAction","target":{"@type":"EntryPoint","urlTemplate":"https:\/\/www.africa-press.net\/cotedivoire\/?s={search_term_string}"},"query-input":{"@type":"PropertyValueSpecification","valueRequired":true,"valueName":"search_term_string"}}],"inLanguage":"fr-FR"},{"@type":"Person","@id":"https:\/\/www.africa-press.net\/cotedivoire\/#\/schema\/person\/2b1cf3cd81a31e3cd26889ca66d677f1","name":"cfeditorfr"}]}},"_links":{"self":[{"href":"https:\/\/www.africa-press.net\/cotedivoire\/wp-json\/wp\/v2\/posts\/77651","targetHints":{"allow":["GET"]}}],"collection":[{"href":"https:\/\/www.africa-press.net\/cotedivoire\/wp-json\/wp\/v2\/posts"}],"about":[{"href":"https:\/\/www.africa-press.net\/cotedivoire\/wp-json\/wp\/v2\/types\/post"}],"author":[{"embeddable":true,"href":"https:\/\/www.africa-press.net\/cotedivoire\/wp-json\/wp\/v2\/users\/82"}],"replies":[{"embeddable":true,"href":"https:\/\/www.africa-press.net\/cotedivoire\/wp-json\/wp\/v2\/comments?post=77651"}],"version-history":[{"count":0,"href":"https:\/\/www.africa-press.net\/cotedivoire\/wp-json\/wp\/v2\/posts\/77651\/revisions"}],"wp:featuredmedia":[{"embeddable":true,"href":"https:\/\/www.africa-press.net\/cotedivoire\/wp-json\/wp\/v2\/media\/77650"}],"wp:attachment":[{"href":"https:\/\/www.africa-press.net\/cotedivoire\/wp-json\/wp\/v2\/media?parent=77651"}],"wp:term":[{"taxonomy":"category","embeddable":true,"href":"https:\/\/www.africa-press.net\/cotedivoire\/wp-json\/wp\/v2\/categories?post=77651"},{"taxonomy":"post_tag","embeddable":true,"href":"https:\/\/www.africa-press.net\/cotedivoire\/wp-json\/wp\/v2\/tags?post=77651"}],"curies":[{"name":"wp","href":"https:\/\/api.w.org\/{rel}","templated":true}]}}