{"id":77666,"date":"2024-04-05T14:03:19","date_gmt":"2024-04-05T14:03:19","guid":{"rendered":"https:\/\/www.africa-press.net\/cotedivoire\/politique\/confederation-syndicale-plateforme-nationale-des-travailleurs-zadi-gnagna-rempile-pour-un-nouveau-mandat-de-cinq-ans"},"modified":"2024-04-05T14:53:47","modified_gmt":"2024-04-05T14:53:47","slug":"confederation-syndicale-plateforme-nationale-des-travailleurs-zadi-gnagna-rempile-pour-un-nouveau-mandat-de-cinq-ans","status":"publish","type":"post","link":"https:\/\/www.africa-press.net\/cotedivoire\/politique\/confederation-syndicale-plateforme-nationale-des-travailleurs-zadi-gnagna-rempile-pour-un-nouveau-mandat-de-cinq-ans","title":{"rendered":"Conf\u00e9d\u00e9ration syndicale Plateforme nationale des travailleurs, Zadi Gnagna rempile pour un nouveau mandat de cinq ans"},"content":{"rendered":"<p><span style=\"color: #ff6600\"><strong>Africa-Press &#8211; C\u00f4te d&rsquo;Ivoire. <\/strong><\/span>The\u0301odore Zadi Gnagna a rempile\u0301 pour un mandat de cinq (05) ans a\u0300 te\u0302te de la Confe\u0301de\u0301ration syndicale Plateforme nationale des travailleurs de Co\u0302te d\u2019Ivoire.<\/p>\n<p>C\u2019e\u0301tait a\u0300 l\u2019issue du premier congre\u0300s ordinaire tenu les mercredi 3 et jeudi 4 avril 2024, a\u0300 Yopougon.<\/p>\n<p>Ledit congre\u0300s s\u2019est de\u0301roule\u0301 autour du the\u0300me: \u00ab Quelle Plateforme Nationale face aux de\u0301fis du monde du travail, dans un contexte de tre\u0302ve sociale ?\u00bb<\/p>\n<p>\u00ab E\u0301lu a\u0300 l&rsquo;unanimite\u0301 par mes camarades venus de toutes les contre\u0301es du pays, je rempile pour un mandat de cinq ans. Merci de me renouveler votre confiance \u00bb, a-t-il indique\u0301.<\/p>\n<p>Le premier Congre\u0300s ordinaire de la Confe\u0301de\u0301ration syndicale Plateforme nationale des travailleurs de Co\u0302te d&rsquo;Ivoire, a pris fin le jeudi 04 avril 2024.<\/p>\n<p><strong>Pour plus d&rsquo;informations et d&rsquo;analyses sur la <a href=\"https:\/\/www.africa-press.net\/cotedivoire\">C\u00f4te d&rsquo;Ivoire<\/a>, suivez <a href=\"https:\/\/www.africa-press.net\/\">Africa-Press<\/a><\/strong><\/p>\n","protected":false},"excerpt":{"rendered":"<p>Africa-Press &#8211; C\u00f4te d&rsquo;Ivoire. The\u0301odore Zadi Gnagna a rempile\u0301 pour un mandat de cinq (05) ans a\u0300 te\u0302te de la Confe\u0301de\u0301ration syndicale Plateforme nationale des travailleurs de Co\u0302te d\u2019Ivoire. C\u2019e\u0301tait a\u0300 l\u2019issue du premier congre\u0300s ordinaire tenu les mercredi 3 et jeudi 4 avril 2024, a\u0300 Yopougon. Ledit congre\u0300s s\u2019est de\u0301roule\u0301 autour du the\u0300me: \u00ab [&hellip;]<\/p>\n","protected":false},"author":82,"featured_media":77665,"comment_status":"open","ping_status":"closed","sticky":false,"template":"","format":"standard","meta":{"footnotes":""},"categories":[2,10],"tags":[56,63,7853,663,29,3634,13057],"class_list":["post-77666","post","type-post","status-publish","format-standard","has-post-thumbnail","hentry","category-politique","category-toutes-les-actualites","tag-africa-press","tag-africa-press-cote-divoire","tag-confederation","tag-congres","tag-cote-divoire","tag-mandat","tag-theodore-zadi-gnagna"],"yoast_head":"<!-- This site is optimized with the Yoast SEO Premium plugin v26.1 (Yoast SEO v27.0) - https:\/\/yoast.com\/product\/yoast-seo-premium-wordpress\/ -->\n<title>Conf\u00e9d\u00e9ration syndicale Plateforme nationale des travailleurs, Zadi Gnagna rempile pour un nouveau mandat de cinq ans - C\u00f4te d&#039;Ivoire<\/title>\n<meta name=\"description\" content=\"The\u0301odore Zadi Gnagna a rempile\u0301 pour un mandat de cinq (05) ans a\u0300 te\u0302te de la Confe\u0301de\u0301ration syndicale Plateforme nat ...\" \/>\n<meta name=\"robots\" content=\"index, follow, max-snippet:-1, max-image-preview:large, max-video-preview:-1\" \/>\n<link rel=\"canonical\" href=\"https:\/\/www.africa-press.net\/cotedivoire\/politique\/confederation-syndicale-plateforme-nationale-des-travailleurs-zadi-gnagna-rempile-pour-un-nouveau-mandat-de-cinq-ans\" \/>\n<meta property=\"og:locale\" content=\"fr_FR\" \/>\n<meta property=\"og:type\" content=\"article\" \/>\n<meta property=\"og:title\" content=\"Conf\u00e9d\u00e9ration syndicale Plateforme nationale des travailleurs, Zadi Gnagna rempile pour un nouveau mandat de cinq ans\" \/>\n<meta property=\"og:description\" content=\"The\u0301odore Zadi Gnagna a rempile\u0301 pour un mandat de cinq (05) ans a\u0300 te\u0302te de la Confe\u0301de\u0301ration syndicale Plateforme nat ...\" \/>\n<meta property=\"og:url\" content=\"https:\/\/www.africa-press.net\/cotedivoire\/politique\/confederation-syndicale-plateforme-nationale-des-travailleurs-zadi-gnagna-rempile-pour-un-nouveau-mandat-de-cinq-ans\" \/>\n<meta property=\"og:site_name\" content=\"C\u00f4te d&#039;Ivoire\" \/>\n<meta property=\"article:published_time\" content=\"2024-04-05T14:03:19+00:00\" \/>\n<meta property=\"article:modified_time\" content=\"2024-04-05T14:53:47+00:00\" \/>\n<meta property=\"og:image\" content=\"https:\/\/static.africa-press.net\/cote\/sites\/43\/2024\/04\/sm_1712316005.392395.jpg\" \/>\n\t<meta property=\"og:image:width\" content=\"1000\" \/>\n\t<meta property=\"og:image:height\" content=\"556\" \/>\n\t<meta property=\"og:image:type\" content=\"image\/jpeg\" \/>\n<meta name=\"author\" content=\"cfeditorfr\" \/>\n<meta name=\"twitter:card\" content=\"summary_large_image\" \/>\n<meta name=\"twitter:label1\" content=\"\u00c9crit par\" \/>\n\t<meta name=\"twitter:data1\" content=\"cfeditorfr\" \/>\n\t<meta name=\"twitter:label2\" content=\"Dur\u00e9e de lecture estim\u00e9e\" \/>\n\t<meta name=\"twitter:data2\" content=\"1 minute\" \/>\n<script type=\"application\/ld+json\" class=\"yoast-schema-graph\">{\"@context\":\"https:\/\/schema.org\",\"@graph\":[{\"@type\":\"Article\",\"@id\":\"https:\/\/www.africa-press.net\/cotedivoire\/politique\/confederation-syndicale-plateforme-nationale-des-travailleurs-zadi-gnagna-rempile-pour-un-nouveau-mandat-de-cinq-ans#article\",\"isPartOf\":{\"@id\":\"https:\/\/www.africa-press.net\/cotedivoire\/politique\/confederation-syndicale-plateforme-nationale-des-travailleurs-zadi-gnagna-rempile-pour-un-nouveau-mandat-de-cinq-ans\"},\"author\":{\"name\":\"cfeditorfr\",\"@id\":\"https:\/\/www.africa-press.net\/cotedivoire\/#\/schema\/person\/2b1cf3cd81a31e3cd26889ca66d677f1\"},\"headline\":\"Conf\u00e9d\u00e9ration syndicale Plateforme nationale des travailleurs, Zadi Gnagna rempile pour un nouveau mandat de cinq ans\",\"datePublished\":\"2024-04-05T14:03:19+00:00\",\"dateModified\":\"2024-04-05T14:53:47+00:00\",\"mainEntityOfPage\":{\"@id\":\"https:\/\/www.africa-press.net\/cotedivoire\/politique\/confederation-syndicale-plateforme-nationale-des-travailleurs-zadi-gnagna-rempile-pour-un-nouveau-mandat-de-cinq-ans\"},\"wordCount\":175,\"commentCount\":0,\"image\":{\"@id\":\"https:\/\/www.africa-press.net\/cotedivoire\/politique\/confederation-syndicale-plateforme-nationale-des-travailleurs-zadi-gnagna-rempile-pour-un-nouveau-mandat-de-cinq-ans#primaryimage\"},\"thumbnailUrl\":\"https:\/\/static.africa-press.net\/cote\/sites\/43\/2024\/04\/sm_1712316005.392395.jpg\",\"keywords\":[\"Africa Press\",\"Africa Press-C\u00f4te d'Ivoire\",\"conf\u00e9d\u00e9ration\",\"congr\u00e8s\",\"C\u00d4TE D'IVOIRE\",\"mandat\",\"Th\u00e9odore Zadi Gnagna\"],\"articleSection\":[\"Politique\",\"Toutes les actualit\u00e9s\"],\"inLanguage\":\"fr-FR\",\"potentialAction\":[{\"@type\":\"CommentAction\",\"name\":\"Comment\",\"target\":[\"https:\/\/www.africa-press.net\/cotedivoire\/politique\/confederation-syndicale-plateforme-nationale-des-travailleurs-zadi-gnagna-rempile-pour-un-nouveau-mandat-de-cinq-ans#respond\"]}]},{\"@type\":\"WebPage\",\"@id\":\"https:\/\/www.africa-press.net\/cotedivoire\/politique\/confederation-syndicale-plateforme-nationale-des-travailleurs-zadi-gnagna-rempile-pour-un-nouveau-mandat-de-cinq-ans\",\"url\":\"https:\/\/www.africa-press.net\/cotedivoire\/politique\/confederation-syndicale-plateforme-nationale-des-travailleurs-zadi-gnagna-rempile-pour-un-nouveau-mandat-de-cinq-ans\",\"name\":\"Conf\u00e9d\u00e9ration syndicale Plateforme nationale des travailleurs, Zadi Gnagna rempile pour un nouveau mandat de cinq ans - C\u00f4te d&#039;Ivoire\",\"isPartOf\":{\"@id\":\"https:\/\/www.africa-press.net\/cotedivoire\/#website\"},\"primaryImageOfPage\":{\"@id\":\"https:\/\/www.africa-press.net\/cotedivoire\/politique\/confederation-syndicale-plateforme-nationale-des-travailleurs-zadi-gnagna-rempile-pour-un-nouveau-mandat-de-cinq-ans#primaryimage\"},\"image\":{\"@id\":\"https:\/\/www.africa-press.net\/cotedivoire\/politique\/confederation-syndicale-plateforme-nationale-des-travailleurs-zadi-gnagna-rempile-pour-un-nouveau-mandat-de-cinq-ans#primaryimage\"},\"thumbnailUrl\":\"https:\/\/static.africa-press.net\/cote\/sites\/43\/2024\/04\/sm_1712316005.392395.jpg\",\"datePublished\":\"2024-04-05T14:03:19+00:00\",\"dateModified\":\"2024-04-05T14:53:47+00:00\",\"author\":{\"@id\":\"https:\/\/www.africa-press.net\/cotedivoire\/#\/schema\/person\/2b1cf3cd81a31e3cd26889ca66d677f1\"},\"description\":\"The\u0301odore Zadi Gnagna a rempile\u0301 pour un mandat de cinq (05) ans a\u0300 te\u0302te de la Confe\u0301de\u0301ration syndicale Plateforme nat ...\",\"breadcrumb\":{\"@id\":\"https:\/\/www.africa-press.net\/cotedivoire\/politique\/confederation-syndicale-plateforme-nationale-des-travailleurs-zadi-gnagna-rempile-pour-un-nouveau-mandat-de-cinq-ans#breadcrumb\"},\"inLanguage\":\"fr-FR\",\"potentialAction\":[{\"@type\":\"ReadAction\",\"target\":[\"https:\/\/www.africa-press.net\/cotedivoire\/politique\/confederation-syndicale-plateforme-nationale-des-travailleurs-zadi-gnagna-rempile-pour-un-nouveau-mandat-de-cinq-ans\"]}]},{\"@type\":\"ImageObject\",\"inLanguage\":\"fr-FR\",\"@id\":\"https:\/\/www.africa-press.net\/cotedivoire\/politique\/confederation-syndicale-plateforme-nationale-des-travailleurs-zadi-gnagna-rempile-pour-un-nouveau-mandat-de-cinq-ans#primaryimage\",\"url\":\"https:\/\/static.africa-press.net\/cote\/sites\/43\/2024\/04\/sm_1712316005.392395.jpg\",\"contentUrl\":\"https:\/\/static.africa-press.net\/cote\/sites\/43\/2024\/04\/sm_1712316005.392395.jpg\",\"width\":1000,\"height\":556,\"caption\":\"Conf\u00e9d\u00e9ration syndicale Plateforme nationale des travailleurs, Zadi Gnagna rempile pour un nouveau mandat de cinq ans\"},{\"@type\":\"BreadcrumbList\",\"@id\":\"https:\/\/www.africa-press.net\/cotedivoire\/politique\/confederation-syndicale-plateforme-nationale-des-travailleurs-zadi-gnagna-rempile-pour-un-nouveau-mandat-de-cinq-ans#breadcrumb\",\"itemListElement\":[{\"@type\":\"ListItem\",\"position\":1,\"name\":\"Accueil\",\"item\":\"https:\/\/www.africa-press.net\/cotedivoire\/\"},{\"@type\":\"ListItem\",\"position\":2,\"name\":\"Conf\u00e9d\u00e9ration syndicale Plateforme nationale des travailleurs, Zadi Gnagna rempile pour un nouveau mandat de cinq ans\"}]},{\"@type\":\"WebSite\",\"@id\":\"https:\/\/www.africa-press.net\/cotedivoire\/#website\",\"url\":\"https:\/\/www.africa-press.net\/cotedivoire\/\",\"name\":\"C\u00f4te d&#039;Ivoire\",\"description\":\"Just another Africa News Agency Sites site\",\"potentialAction\":[{\"@type\":\"SearchAction\",\"target\":{\"@type\":\"EntryPoint\",\"urlTemplate\":\"https:\/\/www.africa-press.net\/cotedivoire\/?s={search_term_string}\"},\"query-input\":{\"@type\":\"PropertyValueSpecification\",\"valueRequired\":true,\"valueName\":\"search_term_string\"}}],\"inLanguage\":\"fr-FR\"},{\"@type\":\"Person\",\"@id\":\"https:\/\/www.africa-press.net\/cotedivoire\/#\/schema\/person\/2b1cf3cd81a31e3cd26889ca66d677f1\",\"name\":\"cfeditorfr\"}]}<\/script>\n<!-- \/ Yoast SEO Premium plugin. -->","yoast_head_json":{"title":"Conf\u00e9d\u00e9ration syndicale Plateforme nationale des travailleurs, Zadi Gnagna rempile pour un nouveau mandat de cinq ans - C\u00f4te d&#039;Ivoire","description":"The\u0301odore Zadi Gnagna a rempile\u0301 pour un mandat de cinq (05) ans a\u0300 te\u0302te de la Confe\u0301de\u0301ration syndicale Plateforme nat ...","robots":{"index":"index","follow":"follow","max-snippet":"max-snippet:-1","max-image-preview":"max-image-preview:large","max-video-preview":"max-video-preview:-1"},"canonical":"https:\/\/www.africa-press.net\/cotedivoire\/politique\/confederation-syndicale-plateforme-nationale-des-travailleurs-zadi-gnagna-rempile-pour-un-nouveau-mandat-de-cinq-ans","og_locale":"fr_FR","og_type":"article","og_title":"Conf\u00e9d\u00e9ration syndicale Plateforme nationale des travailleurs, Zadi Gnagna rempile pour un nouveau mandat de cinq ans","og_description":"The\u0301odore Zadi Gnagna a rempile\u0301 pour un mandat de cinq (05) ans a\u0300 te\u0302te de la Confe\u0301de\u0301ration syndicale Plateforme nat ...","og_url":"https:\/\/www.africa-press.net\/cotedivoire\/politique\/confederation-syndicale-plateforme-nationale-des-travailleurs-zadi-gnagna-rempile-pour-un-nouveau-mandat-de-cinq-ans","og_site_name":"C\u00f4te d&#039;Ivoire","article_published_time":"2024-04-05T14:03:19+00:00","article_modified_time":"2024-04-05T14:53:47+00:00","og_image":[{"width":1000,"height":556,"url":"https:\/\/static.africa-press.net\/cote\/sites\/43\/2024\/04\/sm_1712316005.392395.jpg","type":"image\/jpeg"}],"author":"cfeditorfr","twitter_card":"summary_large_image","twitter_misc":{"\u00c9crit par":"cfeditorfr","Dur\u00e9e de lecture estim\u00e9e":"1 minute"},"schema":{"@context":"https:\/\/schema.org","@graph":[{"@type":"Article","@id":"https:\/\/www.africa-press.net\/cotedivoire\/politique\/confederation-syndicale-plateforme-nationale-des-travailleurs-zadi-gnagna-rempile-pour-un-nouveau-mandat-de-cinq-ans#article","isPartOf":{"@id":"https:\/\/www.africa-press.net\/cotedivoire\/politique\/confederation-syndicale-plateforme-nationale-des-travailleurs-zadi-gnagna-rempile-pour-un-nouveau-mandat-de-cinq-ans"},"author":{"name":"cfeditorfr","@id":"https:\/\/www.africa-press.net\/cotedivoire\/#\/schema\/person\/2b1cf3cd81a31e3cd26889ca66d677f1"},"headline":"Conf\u00e9d\u00e9ration syndicale Plateforme nationale des travailleurs, Zadi Gnagna rempile pour un nouveau mandat de cinq ans","datePublished":"2024-04-05T14:03:19+00:00","dateModified":"2024-04-05T14:53:47+00:00","mainEntityOfPage":{"@id":"https:\/\/www.africa-press.net\/cotedivoire\/politique\/confederation-syndicale-plateforme-nationale-des-travailleurs-zadi-gnagna-rempile-pour-un-nouveau-mandat-de-cinq-ans"},"wordCount":175,"commentCount":0,"image":{"@id":"https:\/\/www.africa-press.net\/cotedivoire\/politique\/confederation-syndicale-plateforme-nationale-des-travailleurs-zadi-gnagna-rempile-pour-un-nouveau-mandat-de-cinq-ans#primaryimage"},"thumbnailUrl":"https:\/\/static.africa-press.net\/cote\/sites\/43\/2024\/04\/sm_1712316005.392395.jpg","keywords":["Africa Press","Africa Press-C\u00f4te d'Ivoire","conf\u00e9d\u00e9ration","congr\u00e8s","C\u00d4TE D'IVOIRE","mandat","Th\u00e9odore Zadi Gnagna"],"articleSection":["Politique","Toutes les actualit\u00e9s"],"inLanguage":"fr-FR","potentialAction":[{"@type":"CommentAction","name":"Comment","target":["https:\/\/www.africa-press.net\/cotedivoire\/politique\/confederation-syndicale-plateforme-nationale-des-travailleurs-zadi-gnagna-rempile-pour-un-nouveau-mandat-de-cinq-ans#respond"]}]},{"@type":"WebPage","@id":"https:\/\/www.africa-press.net\/cotedivoire\/politique\/confederation-syndicale-plateforme-nationale-des-travailleurs-zadi-gnagna-rempile-pour-un-nouveau-mandat-de-cinq-ans","url":"https:\/\/www.africa-press.net\/cotedivoire\/politique\/confederation-syndicale-plateforme-nationale-des-travailleurs-zadi-gnagna-rempile-pour-un-nouveau-mandat-de-cinq-ans","name":"Conf\u00e9d\u00e9ration syndicale Plateforme nationale des travailleurs, Zadi Gnagna rempile pour un nouveau mandat de cinq ans - C\u00f4te d&#039;Ivoire","isPartOf":{"@id":"https:\/\/www.africa-press.net\/cotedivoire\/#website"},"primaryImageOfPage":{"@id":"https:\/\/www.africa-press.net\/cotedivoire\/politique\/confederation-syndicale-plateforme-nationale-des-travailleurs-zadi-gnagna-rempile-pour-un-nouveau-mandat-de-cinq-ans#primaryimage"},"image":{"@id":"https:\/\/www.africa-press.net\/cotedivoire\/politique\/confederation-syndicale-plateforme-nationale-des-travailleurs-zadi-gnagna-rempile-pour-un-nouveau-mandat-de-cinq-ans#primaryimage"},"thumbnailUrl":"https:\/\/static.africa-press.net\/cote\/sites\/43\/2024\/04\/sm_1712316005.392395.jpg","datePublished":"2024-04-05T14:03:19+00:00","dateModified":"2024-04-05T14:53:47+00:00","author":{"@id":"https:\/\/www.africa-press.net\/cotedivoire\/#\/schema\/person\/2b1cf3cd81a31e3cd26889ca66d677f1"},"description":"The\u0301odore Zadi Gnagna a rempile\u0301 pour un mandat de cinq (05) ans a\u0300 te\u0302te de la Confe\u0301de\u0301ration syndicale Plateforme nat ...","breadcrumb":{"@id":"https:\/\/www.africa-press.net\/cotedivoire\/politique\/confederation-syndicale-plateforme-nationale-des-travailleurs-zadi-gnagna-rempile-pour-un-nouveau-mandat-de-cinq-ans#breadcrumb"},"inLanguage":"fr-FR","potentialAction":[{"@type":"ReadAction","target":["https:\/\/www.africa-press.net\/cotedivoire\/politique\/confederation-syndicale-plateforme-nationale-des-travailleurs-zadi-gnagna-rempile-pour-un-nouveau-mandat-de-cinq-ans"]}]},{"@type":"ImageObject","inLanguage":"fr-FR","@id":"https:\/\/www.africa-press.net\/cotedivoire\/politique\/confederation-syndicale-plateforme-nationale-des-travailleurs-zadi-gnagna-rempile-pour-un-nouveau-mandat-de-cinq-ans#primaryimage","url":"https:\/\/static.africa-press.net\/cote\/sites\/43\/2024\/04\/sm_1712316005.392395.jpg","contentUrl":"https:\/\/static.africa-press.net\/cote\/sites\/43\/2024\/04\/sm_1712316005.392395.jpg","width":1000,"height":556,"caption":"Conf\u00e9d\u00e9ration syndicale Plateforme nationale des travailleurs, Zadi Gnagna rempile pour un nouveau mandat de cinq ans"},{"@type":"BreadcrumbList","@id":"https:\/\/www.africa-press.net\/cotedivoire\/politique\/confederation-syndicale-plateforme-nationale-des-travailleurs-zadi-gnagna-rempile-pour-un-nouveau-mandat-de-cinq-ans#breadcrumb","itemListElement":[{"@type":"ListItem","position":1,"name":"Accueil","item":"https:\/\/www.africa-press.net\/cotedivoire\/"},{"@type":"ListItem","position":2,"name":"Conf\u00e9d\u00e9ration syndicale Plateforme nationale des travailleurs, Zadi Gnagna rempile pour un nouveau mandat de cinq ans"}]},{"@type":"WebSite","@id":"https:\/\/www.africa-press.net\/cotedivoire\/#website","url":"https:\/\/www.africa-press.net\/cotedivoire\/","name":"C\u00f4te d&#039;Ivoire","description":"Just another Africa News Agency Sites site","potentialAction":[{"@type":"SearchAction","target":{"@type":"EntryPoint","urlTemplate":"https:\/\/www.africa-press.net\/cotedivoire\/?s={search_term_string}"},"query-input":{"@type":"PropertyValueSpecification","valueRequired":true,"valueName":"search_term_string"}}],"inLanguage":"fr-FR"},{"@type":"Person","@id":"https:\/\/www.africa-press.net\/cotedivoire\/#\/schema\/person\/2b1cf3cd81a31e3cd26889ca66d677f1","name":"cfeditorfr"}]}},"_links":{"self":[{"href":"https:\/\/www.africa-press.net\/cotedivoire\/wp-json\/wp\/v2\/posts\/77666","targetHints":{"allow":["GET"]}}],"collection":[{"href":"https:\/\/www.africa-press.net\/cotedivoire\/wp-json\/wp\/v2\/posts"}],"about":[{"href":"https:\/\/www.africa-press.net\/cotedivoire\/wp-json\/wp\/v2\/types\/post"}],"author":[{"embeddable":true,"href":"https:\/\/www.africa-press.net\/cotedivoire\/wp-json\/wp\/v2\/users\/82"}],"replies":[{"embeddable":true,"href":"https:\/\/www.africa-press.net\/cotedivoire\/wp-json\/wp\/v2\/comments?post=77666"}],"version-history":[{"count":0,"href":"https:\/\/www.africa-press.net\/cotedivoire\/wp-json\/wp\/v2\/posts\/77666\/revisions"}],"wp:featuredmedia":[{"embeddable":true,"href":"https:\/\/www.africa-press.net\/cotedivoire\/wp-json\/wp\/v2\/media\/77665"}],"wp:attachment":[{"href":"https:\/\/www.africa-press.net\/cotedivoire\/wp-json\/wp\/v2\/media?parent=77666"}],"wp:term":[{"taxonomy":"category","embeddable":true,"href":"https:\/\/www.africa-press.net\/cotedivoire\/wp-json\/wp\/v2\/categories?post=77666"},{"taxonomy":"post_tag","embeddable":true,"href":"https:\/\/www.africa-press.net\/cotedivoire\/wp-json\/wp\/v2\/tags?post=77666"}],"curies":[{"name":"wp","href":"https:\/\/api.w.org\/{rel}","templated":true}]}}