{"id":78063,"date":"2024-04-12T17:25:06","date_gmt":"2024-04-12T17:25:06","guid":{"rendered":"https:\/\/www.africa-press.net\/cotedivoire\/politique\/lancement-des-travaux-du-projet-dassainissement-micro-tunnelier-de-la-ligne-1-du-metro-dabidjan"},"modified":"2024-04-12T17:39:04","modified_gmt":"2024-04-12T17:39:04","slug":"lancement-des-travaux-du-projet-dassainissement-micro-tunnelier-de-la-ligne-1-du-metro-dabidjan","status":"publish","type":"post","link":"https:\/\/www.africa-press.net\/cotedivoire\/economie\/lancement-des-travaux-du-projet-dassainissement-micro-tunnelier-de-la-ligne-1-du-metro-dabidjan","title":{"rendered":"Lancement des travaux du projet d&rsquo;assainissement \u00ab micro-tunnelier \u00bb  de la ligne 1 du M\u00e9tro d&rsquo;Abidjan"},"content":{"rendered":"<p><span style=\"color: #ff6600\"><strong>Africa-Press &#8211; C\u00f4te d&rsquo;Ivoire. <\/strong><\/span>Le lancement des travaux du projet d&rsquo;assainissement de la ligne 1 du Me\u0301tro d\u2019Abidjan a eu lieu le jeudi 11 Avril 2024 a\u0300 la base vie du Groupement BESSAC SPAC Franzetti Egis, boulevard en Zone 4 C dans la commune de Marcory.<\/p>\n<p>Il s\u2019agissait de la ce\u0301re\u0301monie de bapte\u0302me du micro-tunnelier \u00ab Anne \u00bb du nom de la Ministre d&rsquo;Etat, Ministre de la Fonction Publique, Mme Anne De\u0301sire\u0301e Ouloto, avant son entre\u0301e en terre.<\/p>\n<p>A l\u2019occasion, le , Ministre de l&rsquo;Hydraulique, de l&rsquo;Assainissement et de la Salubrite\u0301, Monsieur Bouake\u0301 Fofana, en pre\u0301sence de nombreuses personnalite\u0301s dont l&rsquo;ambassadeur de France, SEM Jean-Christophe Belliard, a releve\u0301 l&rsquo;importance de la technique du micro tunnelier qui permet d&rsquo;e\u0301viter un certain nombre d&rsquo;ame\u0301nagements et l&rsquo;indemnisation de populations.<\/p>\n<p>Cette technique, a-t-il renche\u0301rit, vise a\u0300 re\u0301aliser des travaux souterrains et a\u0300 pre\u0301server les installations d&rsquo;eau, d&rsquo;e\u0301lectricite\u0301 et plusieurs re\u0301seaux d&rsquo;assainissement.<\/p>\n<p>Au nom de l&rsquo;Etat de Co\u0302te d&rsquo;Ivoire, Bouake\u0301 Fofana a exprime\u0301 sa gratitude a\u0300 l&rsquo;Agence Franc\u0327aise de De\u0301veloppement (AFD) pour son appui aux diffe\u0301rents projets re\u0301alise\u0301s ou en cours de re\u0301alisation. A Mme le Ministre d&rsquo;Etat, il a e\u0301galement dit ses remerciements pour avoir accepte\u0301 de donner son nom au micro-tunnelier et pour son soutien sans faille a\u0300 son de\u0301partement ministe\u0301riel.<\/p>\n<p><strong>Pour plus d&rsquo;informations et d&rsquo;analyses sur la <a href=\"https:\/\/www.africa-press.net\/cotedivoire\">C\u00f4te d&rsquo;Ivoire<\/a>, suivez <a href=\"https:\/\/www.africa-press.net\/\">Africa-Press<\/a><\/strong><\/p>\n","protected":false},"excerpt":{"rendered":"<p>Africa-Press &#8211; C\u00f4te d&rsquo;Ivoire. Le lancement des travaux du projet d&rsquo;assainissement de la ligne 1 du Me\u0301tro d\u2019Abidjan a eu lieu le jeudi 11 Avril 2024 a\u0300 la base vie du Groupement BESSAC SPAC Franzetti Egis, boulevard en Zone 4 C dans la commune de Marcory. Il s\u2019agissait de la ce\u0301re\u0301monie de bapte\u0302me du micro-tunnelier [&hellip;]<\/p>\n","protected":false},"author":82,"featured_media":78061,"comment_status":"open","ping_status":"closed","sticky":false,"template":"","format":"standard","meta":{"footnotes":""},"categories":[3,10],"tags":[56,63,1687,2974,677,29,655,13112],"class_list":["post-78063","post","type-post","status-publish","format-standard","has-post-thumbnail","hentry","category-economie","category-toutes-les-actualites","tag-africa-press","tag-africa-press-cote-divoire","tag-anne-ouloto","tag-assainissement","tag-bouake-fofana","tag-cote-divoire","tag-marcory","tag-micro-tunnelier"],"yoast_head":"<!-- This site is optimized with the Yoast SEO Premium plugin v26.1 (Yoast SEO v27.0) - https:\/\/yoast.com\/product\/yoast-seo-premium-wordpress\/ -->\n<title>Lancement des travaux du projet d&#039;assainissement \u00ab micro-tunnelier \u00bb de la ligne 1 du M\u00e9tro d&#039;Abidjan - C\u00f4te d&#039;Ivoire<\/title>\n<meta name=\"description\" content=\"Le lancement des travaux du projet d&#039;assainissement de la ligne 1 du Me\u0301tro d\u2019Abidjan a eu lieu le jeudi 11 Avril 2024 a ...\" \/>\n<meta name=\"robots\" content=\"index, follow, max-snippet:-1, max-image-preview:large, max-video-preview:-1\" \/>\n<link rel=\"canonical\" href=\"https:\/\/www.africa-press.net\/cotedivoire\/economie\/lancement-des-travaux-du-projet-dassainissement-micro-tunnelier-de-la-ligne-1-du-metro-dabidjan\" \/>\n<meta property=\"og:locale\" content=\"fr_FR\" \/>\n<meta property=\"og:type\" content=\"article\" \/>\n<meta property=\"og:title\" content=\"Lancement des travaux du projet d&#039;assainissement \u00ab micro-tunnelier \u00bb de la ligne 1 du M\u00e9tro d&#039;Abidjan\" \/>\n<meta property=\"og:description\" content=\"Le lancement des travaux du projet d&#039;assainissement de la ligne 1 du Me\u0301tro d\u2019Abidjan a eu lieu le jeudi 11 Avril 2024 a ...\" \/>\n<meta property=\"og:url\" content=\"https:\/\/www.africa-press.net\/cotedivoire\/economie\/lancement-des-travaux-du-projet-dassainissement-micro-tunnelier-de-la-ligne-1-du-metro-dabidjan\" \/>\n<meta property=\"og:site_name\" content=\"C\u00f4te d&#039;Ivoire\" \/>\n<meta property=\"article:published_time\" content=\"2024-04-12T17:25:06+00:00\" \/>\n<meta property=\"article:modified_time\" content=\"2024-04-12T17:39:04+00:00\" \/>\n<meta property=\"og:image\" content=\"https:\/\/static.africa-press.net\/cote\/sites\/43\/2024\/04\/sm_1712930847.111449.jpg\" \/>\n\t<meta property=\"og:image:width\" content=\"720\" \/>\n\t<meta property=\"og:image:height\" content=\"480\" \/>\n\t<meta property=\"og:image:type\" content=\"image\/jpeg\" \/>\n<meta name=\"author\" content=\"cfeditorfr\" \/>\n<meta name=\"twitter:card\" content=\"summary_large_image\" \/>\n<meta name=\"twitter:label1\" content=\"\u00c9crit par\" \/>\n\t<meta name=\"twitter:data1\" content=\"cfeditorfr\" \/>\n\t<meta name=\"twitter:label2\" content=\"Dur\u00e9e de lecture estim\u00e9e\" \/>\n\t<meta name=\"twitter:data2\" content=\"1 minute\" \/>\n<script type=\"application\/ld+json\" class=\"yoast-schema-graph\">{\"@context\":\"https:\/\/schema.org\",\"@graph\":[{\"@type\":\"Article\",\"@id\":\"https:\/\/www.africa-press.net\/cotedivoire\/economie\/lancement-des-travaux-du-projet-dassainissement-micro-tunnelier-de-la-ligne-1-du-metro-dabidjan#article\",\"isPartOf\":{\"@id\":\"https:\/\/www.africa-press.net\/cotedivoire\/economie\/lancement-des-travaux-du-projet-dassainissement-micro-tunnelier-de-la-ligne-1-du-metro-dabidjan\"},\"author\":{\"name\":\"cfeditorfr\",\"@id\":\"https:\/\/www.africa-press.net\/cotedivoire\/#\/schema\/person\/2b1cf3cd81a31e3cd26889ca66d677f1\"},\"headline\":\"Lancement des travaux du projet d&rsquo;assainissement \u00ab micro-tunnelier \u00bb de la ligne 1 du M\u00e9tro d&rsquo;Abidjan\",\"datePublished\":\"2024-04-12T17:25:06+00:00\",\"dateModified\":\"2024-04-12T17:39:04+00:00\",\"mainEntityOfPage\":{\"@id\":\"https:\/\/www.africa-press.net\/cotedivoire\/economie\/lancement-des-travaux-du-projet-dassainissement-micro-tunnelier-de-la-ligne-1-du-metro-dabidjan\"},\"wordCount\":279,\"commentCount\":0,\"image\":{\"@id\":\"https:\/\/www.africa-press.net\/cotedivoire\/economie\/lancement-des-travaux-du-projet-dassainissement-micro-tunnelier-de-la-ligne-1-du-metro-dabidjan#primaryimage\"},\"thumbnailUrl\":\"https:\/\/static.africa-press.net\/cote\/sites\/43\/2024\/04\/sm_1712930847.111449.jpg\",\"keywords\":[\"Africa Press\",\"Africa Press-C\u00f4te d'Ivoire\",\"Anne Ouloto\",\"assainissement\",\"Bouak\u00e9 Fofana\",\"C\u00d4TE D'IVOIRE\",\"Marcory\",\"micro-tunnelier\"],\"articleSection\":[\"\u00c9conomie\",\"Toutes les actualit\u00e9s\"],\"inLanguage\":\"fr-FR\",\"potentialAction\":[{\"@type\":\"CommentAction\",\"name\":\"Comment\",\"target\":[\"https:\/\/www.africa-press.net\/cotedivoire\/economie\/lancement-des-travaux-du-projet-dassainissement-micro-tunnelier-de-la-ligne-1-du-metro-dabidjan#respond\"]}]},{\"@type\":\"WebPage\",\"@id\":\"https:\/\/www.africa-press.net\/cotedivoire\/economie\/lancement-des-travaux-du-projet-dassainissement-micro-tunnelier-de-la-ligne-1-du-metro-dabidjan\",\"url\":\"https:\/\/www.africa-press.net\/cotedivoire\/economie\/lancement-des-travaux-du-projet-dassainissement-micro-tunnelier-de-la-ligne-1-du-metro-dabidjan\",\"name\":\"Lancement des travaux du projet d'assainissement \u00ab micro-tunnelier \u00bb de la ligne 1 du M\u00e9tro d'Abidjan - C\u00f4te d&#039;Ivoire\",\"isPartOf\":{\"@id\":\"https:\/\/www.africa-press.net\/cotedivoire\/#website\"},\"primaryImageOfPage\":{\"@id\":\"https:\/\/www.africa-press.net\/cotedivoire\/economie\/lancement-des-travaux-du-projet-dassainissement-micro-tunnelier-de-la-ligne-1-du-metro-dabidjan#primaryimage\"},\"image\":{\"@id\":\"https:\/\/www.africa-press.net\/cotedivoire\/economie\/lancement-des-travaux-du-projet-dassainissement-micro-tunnelier-de-la-ligne-1-du-metro-dabidjan#primaryimage\"},\"thumbnailUrl\":\"https:\/\/static.africa-press.net\/cote\/sites\/43\/2024\/04\/sm_1712930847.111449.jpg\",\"datePublished\":\"2024-04-12T17:25:06+00:00\",\"dateModified\":\"2024-04-12T17:39:04+00:00\",\"author\":{\"@id\":\"https:\/\/www.africa-press.net\/cotedivoire\/#\/schema\/person\/2b1cf3cd81a31e3cd26889ca66d677f1\"},\"description\":\"Le lancement des travaux du projet d'assainissement de la ligne 1 du Me\u0301tro d\u2019Abidjan a eu lieu le jeudi 11 Avril 2024 a ...\",\"breadcrumb\":{\"@id\":\"https:\/\/www.africa-press.net\/cotedivoire\/economie\/lancement-des-travaux-du-projet-dassainissement-micro-tunnelier-de-la-ligne-1-du-metro-dabidjan#breadcrumb\"},\"inLanguage\":\"fr-FR\",\"potentialAction\":[{\"@type\":\"ReadAction\",\"target\":[\"https:\/\/www.africa-press.net\/cotedivoire\/economie\/lancement-des-travaux-du-projet-dassainissement-micro-tunnelier-de-la-ligne-1-du-metro-dabidjan\"]}]},{\"@type\":\"ImageObject\",\"inLanguage\":\"fr-FR\",\"@id\":\"https:\/\/www.africa-press.net\/cotedivoire\/economie\/lancement-des-travaux-du-projet-dassainissement-micro-tunnelier-de-la-ligne-1-du-metro-dabidjan#primaryimage\",\"url\":\"https:\/\/static.africa-press.net\/cote\/sites\/43\/2024\/04\/sm_1712930847.111449.jpg\",\"contentUrl\":\"https:\/\/static.africa-press.net\/cote\/sites\/43\/2024\/04\/sm_1712930847.111449.jpg\",\"width\":720,\"height\":480,\"caption\":\"Lancement des travaux du projet d'assainissement \u00ab micro-tunnelier \u00bb de la ligne 1 du M\u00e9tro d'Abidjan\"},{\"@type\":\"BreadcrumbList\",\"@id\":\"https:\/\/www.africa-press.net\/cotedivoire\/economie\/lancement-des-travaux-du-projet-dassainissement-micro-tunnelier-de-la-ligne-1-du-metro-dabidjan#breadcrumb\",\"itemListElement\":[{\"@type\":\"ListItem\",\"position\":1,\"name\":\"Accueil\",\"item\":\"https:\/\/www.africa-press.net\/cotedivoire\/\"},{\"@type\":\"ListItem\",\"position\":2,\"name\":\"Lancement des travaux du projet d&#8217;assainissement \u00ab micro-tunnelier \u00bb de la ligne 1 du M\u00e9tro d&#8217;Abidjan\"}]},{\"@type\":\"WebSite\",\"@id\":\"https:\/\/www.africa-press.net\/cotedivoire\/#website\",\"url\":\"https:\/\/www.africa-press.net\/cotedivoire\/\",\"name\":\"C\u00f4te d&#039;Ivoire\",\"description\":\"Just another Africa News Agency Sites site\",\"potentialAction\":[{\"@type\":\"SearchAction\",\"target\":{\"@type\":\"EntryPoint\",\"urlTemplate\":\"https:\/\/www.africa-press.net\/cotedivoire\/?s={search_term_string}\"},\"query-input\":{\"@type\":\"PropertyValueSpecification\",\"valueRequired\":true,\"valueName\":\"search_term_string\"}}],\"inLanguage\":\"fr-FR\"},{\"@type\":\"Person\",\"@id\":\"https:\/\/www.africa-press.net\/cotedivoire\/#\/schema\/person\/2b1cf3cd81a31e3cd26889ca66d677f1\",\"name\":\"cfeditorfr\"}]}<\/script>\n<!-- \/ Yoast SEO Premium plugin. -->","yoast_head_json":{"title":"Lancement des travaux du projet d'assainissement \u00ab micro-tunnelier \u00bb de la ligne 1 du M\u00e9tro d'Abidjan - C\u00f4te d&#039;Ivoire","description":"Le lancement des travaux du projet d'assainissement de la ligne 1 du Me\u0301tro d\u2019Abidjan a eu lieu le jeudi 11 Avril 2024 a ...","robots":{"index":"index","follow":"follow","max-snippet":"max-snippet:-1","max-image-preview":"max-image-preview:large","max-video-preview":"max-video-preview:-1"},"canonical":"https:\/\/www.africa-press.net\/cotedivoire\/economie\/lancement-des-travaux-du-projet-dassainissement-micro-tunnelier-de-la-ligne-1-du-metro-dabidjan","og_locale":"fr_FR","og_type":"article","og_title":"Lancement des travaux du projet d'assainissement \u00ab micro-tunnelier \u00bb de la ligne 1 du M\u00e9tro d'Abidjan","og_description":"Le lancement des travaux du projet d'assainissement de la ligne 1 du Me\u0301tro d\u2019Abidjan a eu lieu le jeudi 11 Avril 2024 a ...","og_url":"https:\/\/www.africa-press.net\/cotedivoire\/economie\/lancement-des-travaux-du-projet-dassainissement-micro-tunnelier-de-la-ligne-1-du-metro-dabidjan","og_site_name":"C\u00f4te d&#039;Ivoire","article_published_time":"2024-04-12T17:25:06+00:00","article_modified_time":"2024-04-12T17:39:04+00:00","og_image":[{"width":720,"height":480,"url":"https:\/\/static.africa-press.net\/cote\/sites\/43\/2024\/04\/sm_1712930847.111449.jpg","type":"image\/jpeg"}],"author":"cfeditorfr","twitter_card":"summary_large_image","twitter_misc":{"\u00c9crit par":"cfeditorfr","Dur\u00e9e de lecture estim\u00e9e":"1 minute"},"schema":{"@context":"https:\/\/schema.org","@graph":[{"@type":"Article","@id":"https:\/\/www.africa-press.net\/cotedivoire\/economie\/lancement-des-travaux-du-projet-dassainissement-micro-tunnelier-de-la-ligne-1-du-metro-dabidjan#article","isPartOf":{"@id":"https:\/\/www.africa-press.net\/cotedivoire\/economie\/lancement-des-travaux-du-projet-dassainissement-micro-tunnelier-de-la-ligne-1-du-metro-dabidjan"},"author":{"name":"cfeditorfr","@id":"https:\/\/www.africa-press.net\/cotedivoire\/#\/schema\/person\/2b1cf3cd81a31e3cd26889ca66d677f1"},"headline":"Lancement des travaux du projet d&rsquo;assainissement \u00ab micro-tunnelier \u00bb de la ligne 1 du M\u00e9tro d&rsquo;Abidjan","datePublished":"2024-04-12T17:25:06+00:00","dateModified":"2024-04-12T17:39:04+00:00","mainEntityOfPage":{"@id":"https:\/\/www.africa-press.net\/cotedivoire\/economie\/lancement-des-travaux-du-projet-dassainissement-micro-tunnelier-de-la-ligne-1-du-metro-dabidjan"},"wordCount":279,"commentCount":0,"image":{"@id":"https:\/\/www.africa-press.net\/cotedivoire\/economie\/lancement-des-travaux-du-projet-dassainissement-micro-tunnelier-de-la-ligne-1-du-metro-dabidjan#primaryimage"},"thumbnailUrl":"https:\/\/static.africa-press.net\/cote\/sites\/43\/2024\/04\/sm_1712930847.111449.jpg","keywords":["Africa Press","Africa Press-C\u00f4te d'Ivoire","Anne Ouloto","assainissement","Bouak\u00e9 Fofana","C\u00d4TE D'IVOIRE","Marcory","micro-tunnelier"],"articleSection":["\u00c9conomie","Toutes les actualit\u00e9s"],"inLanguage":"fr-FR","potentialAction":[{"@type":"CommentAction","name":"Comment","target":["https:\/\/www.africa-press.net\/cotedivoire\/economie\/lancement-des-travaux-du-projet-dassainissement-micro-tunnelier-de-la-ligne-1-du-metro-dabidjan#respond"]}]},{"@type":"WebPage","@id":"https:\/\/www.africa-press.net\/cotedivoire\/economie\/lancement-des-travaux-du-projet-dassainissement-micro-tunnelier-de-la-ligne-1-du-metro-dabidjan","url":"https:\/\/www.africa-press.net\/cotedivoire\/economie\/lancement-des-travaux-du-projet-dassainissement-micro-tunnelier-de-la-ligne-1-du-metro-dabidjan","name":"Lancement des travaux du projet d'assainissement \u00ab micro-tunnelier \u00bb de la ligne 1 du M\u00e9tro d'Abidjan - C\u00f4te d&#039;Ivoire","isPartOf":{"@id":"https:\/\/www.africa-press.net\/cotedivoire\/#website"},"primaryImageOfPage":{"@id":"https:\/\/www.africa-press.net\/cotedivoire\/economie\/lancement-des-travaux-du-projet-dassainissement-micro-tunnelier-de-la-ligne-1-du-metro-dabidjan#primaryimage"},"image":{"@id":"https:\/\/www.africa-press.net\/cotedivoire\/economie\/lancement-des-travaux-du-projet-dassainissement-micro-tunnelier-de-la-ligne-1-du-metro-dabidjan#primaryimage"},"thumbnailUrl":"https:\/\/static.africa-press.net\/cote\/sites\/43\/2024\/04\/sm_1712930847.111449.jpg","datePublished":"2024-04-12T17:25:06+00:00","dateModified":"2024-04-12T17:39:04+00:00","author":{"@id":"https:\/\/www.africa-press.net\/cotedivoire\/#\/schema\/person\/2b1cf3cd81a31e3cd26889ca66d677f1"},"description":"Le lancement des travaux du projet d'assainissement de la ligne 1 du Me\u0301tro d\u2019Abidjan a eu lieu le jeudi 11 Avril 2024 a ...","breadcrumb":{"@id":"https:\/\/www.africa-press.net\/cotedivoire\/economie\/lancement-des-travaux-du-projet-dassainissement-micro-tunnelier-de-la-ligne-1-du-metro-dabidjan#breadcrumb"},"inLanguage":"fr-FR","potentialAction":[{"@type":"ReadAction","target":["https:\/\/www.africa-press.net\/cotedivoire\/economie\/lancement-des-travaux-du-projet-dassainissement-micro-tunnelier-de-la-ligne-1-du-metro-dabidjan"]}]},{"@type":"ImageObject","inLanguage":"fr-FR","@id":"https:\/\/www.africa-press.net\/cotedivoire\/economie\/lancement-des-travaux-du-projet-dassainissement-micro-tunnelier-de-la-ligne-1-du-metro-dabidjan#primaryimage","url":"https:\/\/static.africa-press.net\/cote\/sites\/43\/2024\/04\/sm_1712930847.111449.jpg","contentUrl":"https:\/\/static.africa-press.net\/cote\/sites\/43\/2024\/04\/sm_1712930847.111449.jpg","width":720,"height":480,"caption":"Lancement des travaux du projet d'assainissement \u00ab micro-tunnelier \u00bb de la ligne 1 du M\u00e9tro d'Abidjan"},{"@type":"BreadcrumbList","@id":"https:\/\/www.africa-press.net\/cotedivoire\/economie\/lancement-des-travaux-du-projet-dassainissement-micro-tunnelier-de-la-ligne-1-du-metro-dabidjan#breadcrumb","itemListElement":[{"@type":"ListItem","position":1,"name":"Accueil","item":"https:\/\/www.africa-press.net\/cotedivoire\/"},{"@type":"ListItem","position":2,"name":"Lancement des travaux du projet d&#8217;assainissement \u00ab micro-tunnelier \u00bb de la ligne 1 du M\u00e9tro d&#8217;Abidjan"}]},{"@type":"WebSite","@id":"https:\/\/www.africa-press.net\/cotedivoire\/#website","url":"https:\/\/www.africa-press.net\/cotedivoire\/","name":"C\u00f4te d&#039;Ivoire","description":"Just another Africa News Agency Sites site","potentialAction":[{"@type":"SearchAction","target":{"@type":"EntryPoint","urlTemplate":"https:\/\/www.africa-press.net\/cotedivoire\/?s={search_term_string}"},"query-input":{"@type":"PropertyValueSpecification","valueRequired":true,"valueName":"search_term_string"}}],"inLanguage":"fr-FR"},{"@type":"Person","@id":"https:\/\/www.africa-press.net\/cotedivoire\/#\/schema\/person\/2b1cf3cd81a31e3cd26889ca66d677f1","name":"cfeditorfr"}]}},"_links":{"self":[{"href":"https:\/\/www.africa-press.net\/cotedivoire\/wp-json\/wp\/v2\/posts\/78063","targetHints":{"allow":["GET"]}}],"collection":[{"href":"https:\/\/www.africa-press.net\/cotedivoire\/wp-json\/wp\/v2\/posts"}],"about":[{"href":"https:\/\/www.africa-press.net\/cotedivoire\/wp-json\/wp\/v2\/types\/post"}],"author":[{"embeddable":true,"href":"https:\/\/www.africa-press.net\/cotedivoire\/wp-json\/wp\/v2\/users\/82"}],"replies":[{"embeddable":true,"href":"https:\/\/www.africa-press.net\/cotedivoire\/wp-json\/wp\/v2\/comments?post=78063"}],"version-history":[{"count":0,"href":"https:\/\/www.africa-press.net\/cotedivoire\/wp-json\/wp\/v2\/posts\/78063\/revisions"}],"wp:featuredmedia":[{"embeddable":true,"href":"https:\/\/www.africa-press.net\/cotedivoire\/wp-json\/wp\/v2\/media\/78061"}],"wp:attachment":[{"href":"https:\/\/www.africa-press.net\/cotedivoire\/wp-json\/wp\/v2\/media?parent=78063"}],"wp:term":[{"taxonomy":"category","embeddable":true,"href":"https:\/\/www.africa-press.net\/cotedivoire\/wp-json\/wp\/v2\/categories?post=78063"},{"taxonomy":"post_tag","embeddable":true,"href":"https:\/\/www.africa-press.net\/cotedivoire\/wp-json\/wp\/v2\/tags?post=78063"}],"curies":[{"name":"wp","href":"https:\/\/api.w.org\/{rel}","templated":true}]}}